{"id":42920,"date":"2022-12-21T16:44:01","date_gmt":"2022-12-21T19:44:01","guid":{"rendered":"https:\/\/dev.explora.cl\/coquimbo\/?p=42920"},"modified":"2023-01-31T15:34:22","modified_gmt":"2023-01-31T18:34:22","slug":"psicologo-de-teleton-explico-diversos-detalles-de-la-discapacidad-y-la-salud-mental","status":"publish","type":"post","link":"https:\/\/dev.explora.cl\/coquimbo\/psicologo-de-teleton-explico-diversos-detalles-de-la-discapacidad-y-la-salud-mental\/","title":{"rendered":"Psic\u00f3logo de Telet\u00f3n explic\u00f3 diversos detalles de la discapacidad y la salud mental"},"content":{"rendered":"<p style=\"text-align: justify\"><em>El experto desarroll\u00f3 una ponencia que abord\u00f3, desde los comienzos de la historia hasta la actualidad, la forma c\u00f3mo la sociedad ha abordado e integrado a las personas en situaci\u00f3n de discapacidad, y como este y otros factores influyen en su salud mental. <\/em><\/p>\n<p style=\"text-align: justify\">A fin de colaborar en el acercamiento del nuevo conocimiento hacia la ciudadan\u00eda, la iniciativa <strong>\u201cCiencia Abierta\u201d<\/strong> del <a href=\"https:\/\/dev.explora.cl\/coquimbo\">Proyecto Explora Coquimbo del Ministerio de Ciencia<\/a> y ejecutado por la <a href=\"http:\/\/www.ucn.cl\/\">Universidad Cat\u00f3lica del Norte<\/a>, desarroll\u00f3 la charla <strong>\u201cDiscapacidad y salud mental\u201d<\/strong>, evento online que fue liderada por el psic\u00f3logo del <a href=\"https:\/\/www.teleton.cl\/\">Instituto Telet\u00f3n<\/a>, Rodrigo Torres.<\/p>\n<p style=\"text-align: justify\">El experto coment\u00f3 que, en la instituci\u00f3n, trabaja con un tipo de discapacidad, que es la neurom\u00fasculoesquel\u00e9tica, es decir, aquella ligada a los movimientos y el desarrollo del cuerpo en ni\u00f1os y ni\u00f1as. \u201cPero tambi\u00e9n he estado trabajando antes en hospitales de d\u00eda, donde atendemos a pacientes con patolog\u00edas psiqui\u00e1tricas graves en momentos agudos\u201d, sostuvo.<\/p>\n<p style=\"text-align: justify\"><strong>Infanticidios y buenos cuidados en los comienzos de la historia <\/strong><\/p>\n<p style=\"text-align: justify\">Asimismo, y haciendo historia, el psic\u00f3logo cont\u00f3 que, en Grecia, a los ni\u00f1os y ni\u00f1as que nac\u00edan con diversidad funcional, es decir, sin un brazo o una pierna, o con una evidente malformaci\u00f3n, eran arrojados a una quebrada o un r\u00edo. \u201cSe practicaba el infanticidio y todo mundo dec\u00eda ok. Mientras, en Europa se postulaba que exist\u00eda como un hombre perfecto, y a los ni\u00f1os y ni\u00f1as que nac\u00edan con discapacidad, y a algunos soldados que quedaban lesionados o en situaci\u00f3n de discapacidad, despu\u00e9s de alguna batalla, tambi\u00e9n los dejaban en desgracia. Dec\u00edan: bueno, ya no sirven, porque dejan de producir\u201d.<\/p>\n<p style=\"text-align: justify\">\u201cAqu\u00ed en Am\u00e9rica se han encontrado algunos f\u00f3siles, y en especial, en Sudam\u00e9rica, que muestran que hay personas con que seguramente portaban alg\u00fan tipo de discapacidad y que hab\u00edan sido cuidados por la comunidad\u201d, continu\u00f3, a\u00f1adiendo que \u201caqu\u00ed ya se practicaba una forma distinta de atender la diferencia, pero todav\u00eda es una historia que no se cuenta en los colegios. A este periodo, donde se pensaba que a las personas que son diferentes tenemos que excluirlas, la vamos a llamar el periodo de la presidencia, aunque a\u00fan nos queda un poquito de eso\u201d.<\/p>\n<p style=\"text-align: justify\"><strong>Un cambio de mirada: dignidad<\/strong><\/p>\n<p style=\"text-align: justify\">Con el paso del tiempo, y gracias a la participaci\u00f3n de las personas con discapacidad, pudimos sacar del centro a esta idea de hombre perfecto y entender que la diferencia tambi\u00e9n es perfecta, \u201cque las formas de atender a la discapacidad no tienen que ser desde una mirada compasiva, una mirada de pobrecito ellos o pobrecita ella, sino m\u00e1s bien, de un: aqu\u00ed tenemos una persona completa y digna\u201d, sostuvo tambi\u00e9n Rodrigo.<\/p>\n<p style=\"text-align: justify\">Sobre este punto, el psic\u00f3logo tambi\u00e9n se detuvo y reflexion\u00f3: \u201cdesde esa dignidad es que se va a establecer cu\u00e1les son las capacidades principales de esa persona, y nos vamos dando cuenta tambi\u00e9n que todos y todas vamos a ir perdiendo capacidades, y en alg\u00fan momento, todas y todos vamos a estar en situaci\u00f3n de discapacidad, o vamos a ser personas con discapacidad\u201d.<\/p>\n<p style=\"text-align: justify\"><strong>Salud mental como construcci\u00f3n colectiva <\/strong><\/p>\n<p style=\"text-align: justify\">Entonces, agreg\u00f3 el experto, \u201clas mismas personas con discapacidad son las que van se\u00f1alando, cu\u00e1les son sus formas de participar, cu\u00e1les son sus ganas de participar, donde lo har\u00e1n, y as\u00ed, sin que nadie m\u00e1s les pueda modificar su poder soberano de construirse y construir el pa\u00eds igual que todos y todas, as\u00ed que hoy d\u00eda entendemos a la discapacidad como un elemento m\u00e1s de las muchas diferencias que nos ocupan como seres humanos\u201d.<\/p>\n<p style=\"text-align: justify\">En este sentido, se\u00f1al\u00f3 el psic\u00f3logo, eliminar barreras de acceso permite mejorar la participaci\u00f3n, y tambi\u00e9n, facilitar la actividad de las personas con movilidad reducida. \u201cPero a\u00fan as\u00ed, puede ser que todo el mundo no nos pongamos de acuerdo en mejorar las condiciones ambientales, y puede ser que, cuando le toque activarse a una persona con discapacidad, teniendo la capacidad de funcionar ok, no lo haga, porque no quiere y eso ya tiene que ver con un factor personal, y eso s\u00ed o s\u00ed tiene que ver con la salud mental, una salud mental que ya no la vemos de una manera individual, sino la vemos como una construcci\u00f3n colectiva: como yo me voy haciendo m\u00e1s sano en la medida que tengo desaf\u00edos\u00a0 que supero, y crezco, y como, entonces, me voy haciendo m\u00e1s sano en una sociedad que me permite desarrollarme\u201d, a\u00f1adi\u00f3.<\/p>\n<p style=\"text-align: justify\">Si deseas revisar esta charla por completo, te dejamos aqu\u00ed el enlace:<\/p>\n<p><iframe loading=\"lazy\" title=\"Discapacidad y Salud mental.\" width=\"1180\" height=\"664\" src=\"https:\/\/www.youtube.com\/embed\/o0v0NI2_Bpk?feature=oembed\" frameborder=\"0\" allow=\"accelerometer; autoplay; clipboard-write; encrypted-media; gyroscope; picture-in-picture; web-share\" allowfullscreen><\/iframe><\/p>\n<p>&nbsp;<\/p>\n<p>&nbsp;<\/p>\n<p>&nbsp;<\/p>\n","protected":false},"excerpt":{"rendered":"<p>Psic\u00f3logo de Telet\u00f3n explic\u00f3 diversos detalles de la discapacidad y la salud mental<\/p>\n","protected":false},"author":21,"featured_media":42922,"comment_status":"open","ping_status":"open","sticky":false,"template":"","format":"standard","meta":{"_acf_changed":false,"_exactmetrics_skip_tracking":false,"_exactmetrics_sitenote_active":false,"_exactmetrics_sitenote_note":"","_exactmetrics_sitenote_category":0,"footnotes":"","_links_to":"","_links_to_target":""},"categories":[4],"tags":[],"class_list":["post-42920","post","type-post","status-publish","format-standard","has-post-thumbnail","hentry","category-noticias"],"acf":[],"yoast_head":"<!-- This site is optimized with the Yoast SEO plugin v26.7 - https:\/\/yoast.com\/wordpress\/plugins\/seo\/ -->\n<title>Psic\u00f3logo de Telet\u00f3n explic\u00f3 diversos detalles de la discapacidad y la salud mental - Coquimbo<\/title>\n<meta name=\"robots\" content=\"index, follow, max-snippet:-1, max-image-preview:large, max-video-preview:-1\" \/>\n<link rel=\"canonical\" href=\"https:\/\/dev.explora.cl\/coquimbo\/psicologo-de-teleton-explico-diversos-detalles-de-la-discapacidad-y-la-salud-mental\/\" class=\"yoast-seo-meta-tag\" \/>\n<meta property=\"og:locale\" content=\"es_ES\" class=\"yoast-seo-meta-tag\" \/>\n<meta property=\"og:type\" content=\"article\" class=\"yoast-seo-meta-tag\" \/>\n<meta property=\"og:title\" content=\"Psic\u00f3logo de Telet\u00f3n explic\u00f3 diversos detalles de la discapacidad y la salud mental - Coquimbo\" class=\"yoast-seo-meta-tag\" \/>\n<meta property=\"og:description\" content=\"Psic\u00f3logo de Telet\u00f3n explic\u00f3 diversos detalles de la discapacidad y la salud mental\" class=\"yoast-seo-meta-tag\" \/>\n<meta property=\"og:url\" content=\"https:\/\/dev.explora.cl\/coquimbo\/psicologo-de-teleton-explico-diversos-detalles-de-la-discapacidad-y-la-salud-mental\/\" class=\"yoast-seo-meta-tag\" \/>\n<meta property=\"og:site_name\" content=\"Coquimbo\" class=\"yoast-seo-meta-tag\" \/>\n<meta property=\"article:published_time\" content=\"2022-12-21T19:44:01+00:00\" class=\"yoast-seo-meta-tag\" \/>\n<meta property=\"article:modified_time\" content=\"2023-01-31T18:34:22+00:00\" class=\"yoast-seo-meta-tag\" \/>\n<meta property=\"og:image\" content=\"https:\/\/dev.explora.cl\/coquimbo\/wp-content\/uploads\/sites\/6\/2022\/12\/BeFunky-design-1-1.png\" class=\"yoast-seo-meta-tag\" \/>\n\t<meta property=\"og:image:width\" content=\"760\" class=\"yoast-seo-meta-tag\" \/>\n\t<meta property=\"og:image:height\" content=\"457\" class=\"yoast-seo-meta-tag\" \/>\n\t<meta property=\"og:image:type\" content=\"image\/png\" class=\"yoast-seo-meta-tag\" \/>\n<meta name=\"author\" content=\"jimartin\" class=\"yoast-seo-meta-tag\" \/>\n<meta name=\"twitter:card\" content=\"summary_large_image\" class=\"yoast-seo-meta-tag\" \/>\n<meta name=\"twitter:label1\" content=\"Escrito por\" class=\"yoast-seo-meta-tag\" \/>\n\t<meta name=\"twitter:data1\" content=\"jimartin\" class=\"yoast-seo-meta-tag\" \/>\n\t<meta name=\"twitter:label2\" content=\"Tiempo estimado de lectura\" class=\"yoast-seo-meta-tag\" \/>\n\t<meta name=\"twitter:data2\" content=\"4 minutos\" class=\"yoast-seo-meta-tag\" \/>\n<script type=\"application\/ld+json\" class=\"yoast-schema-graph\">{\"@context\":\"https:\/\/schema.org\",\"@graph\":[{\"@type\":\"Article\",\"@id\":\"https:\/\/dev.explora.cl\/coquimbo\/psicologo-de-teleton-explico-diversos-detalles-de-la-discapacidad-y-la-salud-mental\/#article\",\"isPartOf\":{\"@id\":\"https:\/\/dev.explora.cl\/coquimbo\/psicologo-de-teleton-explico-diversos-detalles-de-la-discapacidad-y-la-salud-mental\/\"},\"author\":{\"name\":\"jimartin\",\"@id\":\"https:\/\/dev.explora.cl\/coquimbo\/#\/schema\/person\/c171f405669e4e4f7e56a099200d2fe6\"},\"headline\":\"Psic\u00f3logo de Telet\u00f3n explic\u00f3 diversos detalles de la discapacidad y la salud mental\",\"datePublished\":\"2022-12-21T19:44:01+00:00\",\"dateModified\":\"2023-01-31T18:34:22+00:00\",\"mainEntityOfPage\":{\"@id\":\"https:\/\/dev.explora.cl\/coquimbo\/psicologo-de-teleton-explico-diversos-detalles-de-la-discapacidad-y-la-salud-mental\/\"},\"wordCount\":826,\"commentCount\":0,\"publisher\":{\"@id\":\"https:\/\/dev.explora.cl\/coquimbo\/#organization\"},\"image\":{\"@id\":\"https:\/\/dev.explora.cl\/coquimbo\/psicologo-de-teleton-explico-diversos-detalles-de-la-discapacidad-y-la-salud-mental\/#primaryimage\"},\"thumbnailUrl\":\"https:\/\/dev.explora.cl\/coquimbo\/wp-content\/uploads\/sites\/6\/2022\/12\/BeFunky-design-1-1.png\",\"articleSection\":[\"Noticias\"],\"inLanguage\":\"es-CL\",\"potentialAction\":[{\"@type\":\"CommentAction\",\"name\":\"Comment\",\"target\":[\"https:\/\/dev.explora.cl\/coquimbo\/psicologo-de-teleton-explico-diversos-detalles-de-la-discapacidad-y-la-salud-mental\/#respond\"]}]},{\"@type\":\"WebPage\",\"@id\":\"https:\/\/dev.explora.cl\/coquimbo\/psicologo-de-teleton-explico-diversos-detalles-de-la-discapacidad-y-la-salud-mental\/\",\"url\":\"https:\/\/dev.explora.cl\/coquimbo\/psicologo-de-teleton-explico-diversos-detalles-de-la-discapacidad-y-la-salud-mental\/\",\"name\":\"Psic\u00f3logo de Telet\u00f3n explic\u00f3 diversos detalles de la discapacidad y la salud mental - Coquimbo\",\"isPartOf\":{\"@id\":\"https:\/\/dev.explora.cl\/coquimbo\/#website\"},\"primaryImageOfPage\":{\"@id\":\"https:\/\/dev.explora.cl\/coquimbo\/psicologo-de-teleton-explico-diversos-detalles-de-la-discapacidad-y-la-salud-mental\/#primaryimage\"},\"image\":{\"@id\":\"https:\/\/dev.explora.cl\/coquimbo\/psicologo-de-teleton-explico-diversos-detalles-de-la-discapacidad-y-la-salud-mental\/#primaryimage\"},\"thumbnailUrl\":\"https:\/\/dev.explora.cl\/coquimbo\/wp-content\/uploads\/sites\/6\/2022\/12\/BeFunky-design-1-1.png\",\"datePublished\":\"2022-12-21T19:44:01+00:00\",\"dateModified\":\"2023-01-31T18:34:22+00:00\",\"breadcrumb\":{\"@id\":\"https:\/\/dev.explora.cl\/coquimbo\/psicologo-de-teleton-explico-diversos-detalles-de-la-discapacidad-y-la-salud-mental\/#breadcrumb\"},\"inLanguage\":\"es-CL\",\"potentialAction\":[{\"@type\":\"ReadAction\",\"target\":[\"https:\/\/dev.explora.cl\/coquimbo\/psicologo-de-teleton-explico-diversos-detalles-de-la-discapacidad-y-la-salud-mental\/\"]}]},{\"@type\":\"ImageObject\",\"inLanguage\":\"es-CL\",\"@id\":\"https:\/\/dev.explora.cl\/coquimbo\/psicologo-de-teleton-explico-diversos-detalles-de-la-discapacidad-y-la-salud-mental\/#primaryimage\",\"url\":\"https:\/\/dev.explora.cl\/coquimbo\/wp-content\/uploads\/sites\/6\/2022\/12\/BeFunky-design-1-1.png\",\"contentUrl\":\"https:\/\/dev.explora.cl\/coquimbo\/wp-content\/uploads\/sites\/6\/2022\/12\/BeFunky-design-1-1.png\",\"width\":760,\"height\":457},{\"@type\":\"BreadcrumbList\",\"@id\":\"https:\/\/dev.explora.cl\/coquimbo\/psicologo-de-teleton-explico-diversos-detalles-de-la-discapacidad-y-la-salud-mental\/#breadcrumb\",\"itemListElement\":[{\"@type\":\"ListItem\",\"position\":1,\"name\":\"Portada\",\"item\":\"https:\/\/dev.explora.cl\/coquimbo\/\"},{\"@type\":\"ListItem\",\"position\":2,\"name\":\"Psic\u00f3logo de Telet\u00f3n explic\u00f3 diversos detalles de la discapacidad y la salud mental\"}]},{\"@type\":\"WebSite\",\"@id\":\"https:\/\/dev.explora.cl\/coquimbo\/#website\",\"url\":\"https:\/\/dev.explora.cl\/coquimbo\/\",\"name\":\"Coquimbo\",\"description\":\"Otro sitio m\u00e1s de dev.explora.cl\",\"publisher\":{\"@id\":\"https:\/\/dev.explora.cl\/coquimbo\/#organization\"},\"potentialAction\":[{\"@type\":\"SearchAction\",\"target\":{\"@type\":\"EntryPoint\",\"urlTemplate\":\"https:\/\/dev.explora.cl\/coquimbo\/?s={search_term_string}\"},\"query-input\":{\"@type\":\"PropertyValueSpecification\",\"valueRequired\":true,\"valueName\":\"search_term_string\"}}],\"inLanguage\":\"es-CL\"},{\"@type\":\"Organization\",\"@id\":\"https:\/\/dev.explora.cl\/coquimbo\/#organization\",\"name\":\"Coquimbo\",\"url\":\"https:\/\/dev.explora.cl\/coquimbo\/\",\"logo\":{\"@type\":\"ImageObject\",\"inLanguage\":\"es-CL\",\"@id\":\"https:\/\/dev.explora.cl\/coquimbo\/#\/schema\/logo\/image\/\",\"url\":\"https:\/\/dev.explora.cl\/coquimbo\/wp-content\/uploads\/sites\/6\/2020\/08\/cropped-Mesa-de-trabajo-1-100.jpg\",\"contentUrl\":\"https:\/\/dev.explora.cl\/coquimbo\/wp-content\/uploads\/sites\/6\/2020\/08\/cropped-Mesa-de-trabajo-1-100.jpg\",\"width\":615,\"height\":576,\"caption\":\"Coquimbo\"},\"image\":{\"@id\":\"https:\/\/dev.explora.cl\/coquimbo\/#\/schema\/logo\/image\/\"}},{\"@type\":\"Person\",\"@id\":\"https:\/\/dev.explora.cl\/coquimbo\/#\/schema\/person\/c171f405669e4e4f7e56a099200d2fe6\",\"name\":\"jimartin\",\"image\":{\"@type\":\"ImageObject\",\"inLanguage\":\"es-CL\",\"@id\":\"https:\/\/dev.explora.cl\/coquimbo\/#\/schema\/person\/image\/\",\"url\":\"https:\/\/secure.gravatar.com\/avatar\/8dfd7d14443934731a5aea629f40c1aceb42cc8b566a9926567e833c9d22b643?s=96&d=mm&r=g\",\"contentUrl\":\"https:\/\/secure.gravatar.com\/avatar\/8dfd7d14443934731a5aea629f40c1aceb42cc8b566a9926567e833c9d22b643?s=96&d=mm&r=g\",\"caption\":\"jimartin\"},\"url\":\"https:\/\/dev.explora.cl\/coquimbo\/author\/jimartin\/\"}]}<\/script>\n<!-- \/ Yoast SEO plugin. -->","yoast_head_json":{"title":"Psic\u00f3logo de Telet\u00f3n explic\u00f3 diversos detalles de la discapacidad y la salud mental - Coquimbo","robots":{"index":"index","follow":"follow","max-snippet":"max-snippet:-1","max-image-preview":"max-image-preview:large","max-video-preview":"max-video-preview:-1"},"canonical":"https:\/\/dev.explora.cl\/coquimbo\/psicologo-de-teleton-explico-diversos-detalles-de-la-discapacidad-y-la-salud-mental\/","og_locale":"es_ES","og_type":"article","og_title":"Psic\u00f3logo de Telet\u00f3n explic\u00f3 diversos detalles de la discapacidad y la salud mental - Coquimbo","og_description":"Psic\u00f3logo de Telet\u00f3n explic\u00f3 diversos detalles de la discapacidad y la salud mental","og_url":"https:\/\/dev.explora.cl\/coquimbo\/psicologo-de-teleton-explico-diversos-detalles-de-la-discapacidad-y-la-salud-mental\/","og_site_name":"Coquimbo","article_published_time":"2022-12-21T19:44:01+00:00","article_modified_time":"2023-01-31T18:34:22+00:00","og_image":[{"width":760,"height":457,"url":"https:\/\/dev.explora.cl\/coquimbo\/wp-content\/uploads\/sites\/6\/2022\/12\/BeFunky-design-1-1.png","type":"image\/png"}],"author":"jimartin","twitter_card":"summary_large_image","twitter_misc":{"Escrito por":"jimartin","Tiempo estimado de lectura":"4 minutos"},"schema":{"@context":"https:\/\/schema.org","@graph":[{"@type":"Article","@id":"https:\/\/dev.explora.cl\/coquimbo\/psicologo-de-teleton-explico-diversos-detalles-de-la-discapacidad-y-la-salud-mental\/#article","isPartOf":{"@id":"https:\/\/dev.explora.cl\/coquimbo\/psicologo-de-teleton-explico-diversos-detalles-de-la-discapacidad-y-la-salud-mental\/"},"author":{"name":"jimartin","@id":"https:\/\/dev.explora.cl\/coquimbo\/#\/schema\/person\/c171f405669e4e4f7e56a099200d2fe6"},"headline":"Psic\u00f3logo de Telet\u00f3n explic\u00f3 diversos detalles de la discapacidad y la salud mental","datePublished":"2022-12-21T19:44:01+00:00","dateModified":"2023-01-31T18:34:22+00:00","mainEntityOfPage":{"@id":"https:\/\/dev.explora.cl\/coquimbo\/psicologo-de-teleton-explico-diversos-detalles-de-la-discapacidad-y-la-salud-mental\/"},"wordCount":826,"commentCount":0,"publisher":{"@id":"https:\/\/dev.explora.cl\/coquimbo\/#organization"},"image":{"@id":"https:\/\/dev.explora.cl\/coquimbo\/psicologo-de-teleton-explico-diversos-detalles-de-la-discapacidad-y-la-salud-mental\/#primaryimage"},"thumbnailUrl":"https:\/\/dev.explora.cl\/coquimbo\/wp-content\/uploads\/sites\/6\/2022\/12\/BeFunky-design-1-1.png","articleSection":["Noticias"],"inLanguage":"es-CL","potentialAction":[{"@type":"CommentAction","name":"Comment","target":["https:\/\/dev.explora.cl\/coquimbo\/psicologo-de-teleton-explico-diversos-detalles-de-la-discapacidad-y-la-salud-mental\/#respond"]}]},{"@type":"WebPage","@id":"https:\/\/dev.explora.cl\/coquimbo\/psicologo-de-teleton-explico-diversos-detalles-de-la-discapacidad-y-la-salud-mental\/","url":"https:\/\/dev.explora.cl\/coquimbo\/psicologo-de-teleton-explico-diversos-detalles-de-la-discapacidad-y-la-salud-mental\/","name":"Psic\u00f3logo de Telet\u00f3n explic\u00f3 diversos detalles de la discapacidad y la salud mental - Coquimbo","isPartOf":{"@id":"https:\/\/dev.explora.cl\/coquimbo\/#website"},"primaryImageOfPage":{"@id":"https:\/\/dev.explora.cl\/coquimbo\/psicologo-de-teleton-explico-diversos-detalles-de-la-discapacidad-y-la-salud-mental\/#primaryimage"},"image":{"@id":"https:\/\/dev.explora.cl\/coquimbo\/psicologo-de-teleton-explico-diversos-detalles-de-la-discapacidad-y-la-salud-mental\/#primaryimage"},"thumbnailUrl":"https:\/\/dev.explora.cl\/coquimbo\/wp-content\/uploads\/sites\/6\/2022\/12\/BeFunky-design-1-1.png","datePublished":"2022-12-21T19:44:01+00:00","dateModified":"2023-01-31T18:34:22+00:00","breadcrumb":{"@id":"https:\/\/dev.explora.cl\/coquimbo\/psicologo-de-teleton-explico-diversos-detalles-de-la-discapacidad-y-la-salud-mental\/#breadcrumb"},"inLanguage":"es-CL","potentialAction":[{"@type":"ReadAction","target":["https:\/\/dev.explora.cl\/coquimbo\/psicologo-de-teleton-explico-diversos-detalles-de-la-discapacidad-y-la-salud-mental\/"]}]},{"@type":"ImageObject","inLanguage":"es-CL","@id":"https:\/\/dev.explora.cl\/coquimbo\/psicologo-de-teleton-explico-diversos-detalles-de-la-discapacidad-y-la-salud-mental\/#primaryimage","url":"https:\/\/dev.explora.cl\/coquimbo\/wp-content\/uploads\/sites\/6\/2022\/12\/BeFunky-design-1-1.png","contentUrl":"https:\/\/dev.explora.cl\/coquimbo\/wp-content\/uploads\/sites\/6\/2022\/12\/BeFunky-design-1-1.png","width":760,"height":457},{"@type":"BreadcrumbList","@id":"https:\/\/dev.explora.cl\/coquimbo\/psicologo-de-teleton-explico-diversos-detalles-de-la-discapacidad-y-la-salud-mental\/#breadcrumb","itemListElement":[{"@type":"ListItem","position":1,"name":"Portada","item":"https:\/\/dev.explora.cl\/coquimbo\/"},{"@type":"ListItem","position":2,"name":"Psic\u00f3logo de Telet\u00f3n explic\u00f3 diversos detalles de la discapacidad y la salud mental"}]},{"@type":"WebSite","@id":"https:\/\/dev.explora.cl\/coquimbo\/#website","url":"https:\/\/dev.explora.cl\/coquimbo\/","name":"Coquimbo","description":"Otro sitio m\u00e1s de dev.explora.cl","publisher":{"@id":"https:\/\/dev.explora.cl\/coquimbo\/#organization"},"potentialAction":[{"@type":"SearchAction","target":{"@type":"EntryPoint","urlTemplate":"https:\/\/dev.explora.cl\/coquimbo\/?s={search_term_string}"},"query-input":{"@type":"PropertyValueSpecification","valueRequired":true,"valueName":"search_term_string"}}],"inLanguage":"es-CL"},{"@type":"Organization","@id":"https:\/\/dev.explora.cl\/coquimbo\/#organization","name":"Coquimbo","url":"https:\/\/dev.explora.cl\/coquimbo\/","logo":{"@type":"ImageObject","inLanguage":"es-CL","@id":"https:\/\/dev.explora.cl\/coquimbo\/#\/schema\/logo\/image\/","url":"https:\/\/dev.explora.cl\/coquimbo\/wp-content\/uploads\/sites\/6\/2020\/08\/cropped-Mesa-de-trabajo-1-100.jpg","contentUrl":"https:\/\/dev.explora.cl\/coquimbo\/wp-content\/uploads\/sites\/6\/2020\/08\/cropped-Mesa-de-trabajo-1-100.jpg","width":615,"height":576,"caption":"Coquimbo"},"image":{"@id":"https:\/\/dev.explora.cl\/coquimbo\/#\/schema\/logo\/image\/"}},{"@type":"Person","@id":"https:\/\/dev.explora.cl\/coquimbo\/#\/schema\/person\/c171f405669e4e4f7e56a099200d2fe6","name":"jimartin","image":{"@type":"ImageObject","inLanguage":"es-CL","@id":"https:\/\/dev.explora.cl\/coquimbo\/#\/schema\/person\/image\/","url":"https:\/\/secure.gravatar.com\/avatar\/8dfd7d14443934731a5aea629f40c1aceb42cc8b566a9926567e833c9d22b643?s=96&d=mm&r=g","contentUrl":"https:\/\/secure.gravatar.com\/avatar\/8dfd7d14443934731a5aea629f40c1aceb42cc8b566a9926567e833c9d22b643?s=96&d=mm&r=g","caption":"jimartin"},"url":"https:\/\/dev.explora.cl\/coquimbo\/author\/jimartin\/"}]}},"_links":{"self":[{"href":"https:\/\/dev.explora.cl\/coquimbo\/wp-json\/wp\/v2\/posts\/42920","targetHints":{"allow":["GET"]}}],"collection":[{"href":"https:\/\/dev.explora.cl\/coquimbo\/wp-json\/wp\/v2\/posts"}],"about":[{"href":"https:\/\/dev.explora.cl\/coquimbo\/wp-json\/wp\/v2\/types\/post"}],"author":[{"embeddable":true,"href":"https:\/\/dev.explora.cl\/coquimbo\/wp-json\/wp\/v2\/users\/21"}],"replies":[{"embeddable":true,"href":"https:\/\/dev.explora.cl\/coquimbo\/wp-json\/wp\/v2\/comments?post=42920"}],"version-history":[{"count":2,"href":"https:\/\/dev.explora.cl\/coquimbo\/wp-json\/wp\/v2\/posts\/42920\/revisions"}],"predecessor-version":[{"id":42961,"href":"https:\/\/dev.explora.cl\/coquimbo\/wp-json\/wp\/v2\/posts\/42920\/revisions\/42961"}],"wp:featuredmedia":[{"embeddable":true,"href":"https:\/\/dev.explora.cl\/coquimbo\/wp-json\/wp\/v2\/media\/42922"}],"wp:attachment":[{"href":"https:\/\/dev.explora.cl\/coquimbo\/wp-json\/wp\/v2\/media?parent=42920"}],"wp:term":[{"taxonomy":"category","embeddable":true,"href":"https:\/\/dev.explora.cl\/coquimbo\/wp-json\/wp\/v2\/categories?post=42920"},{"taxonomy":"post_tag","embeddable":true,"href":"https:\/\/dev.explora.cl\/coquimbo\/wp-json\/wp\/v2\/tags?post=42920"}],"curies":[{"name":"wp","href":"https:\/\/api.w.org\/{rel}","templated":true}]}}