{"id":42823,"date":"2022-11-14T09:17:34","date_gmt":"2022-11-14T12:17:34","guid":{"rendered":"https:\/\/dev.explora.cl\/coquimbo\/?p=42823"},"modified":"2022-12-07T16:27:15","modified_gmt":"2022-12-07T19:27:15","slug":"desde-la-microbiota-hasta-el-sistema-solar-proyectos-que-destacaron-en-congreso-regional-explora-de-investigacion-e-innovacion-escolar","status":"publish","type":"post","link":"https:\/\/dev.explora.cl\/coquimbo\/desde-la-microbiota-hasta-el-sistema-solar-proyectos-que-destacaron-en-congreso-regional-explora-de-investigacion-e-innovacion-escolar\/","title":{"rendered":"Desde la microbiota hasta el sistema solar: Proyectos que destacaron en Congreso Regional Explora de Investigaci\u00f3n e Innovaci\u00f3n Escolar"},"content":{"rendered":"<p>Por: Joaqu\u00edn Gorostiaga Cort\u00e9s<\/p>\n<p><em>Un total de 31 equipos, conformados por estudiantes y docentes provenientes de las provincias de Elqui, Limar\u00ed y Choapa, desarrollaron diversas iniciativas relativas a \u00e1reas como el reciclaje, la conservaci\u00f3n de la naturaleza y la astronom\u00eda.<\/em><\/p>\n<p>Soluciones reales a problemas locales y estudios ligados a las comunidades, fueron algunos de los trabajos participantes del Congreso Regional Explora de Investigaci\u00f3n e Innovaci\u00f3n Escolar 2022, desarrollado por el Proyecto Explora Coquimbo del Ministerio de Ciencia y ejecutado por la Universidad Cat\u00f3lica del Norte. Durante el evento se reflej\u00f3 el aprendizaje y el conocimiento compartido de los diversos equipos escolares provenientes de diversas localidades de la Regi\u00f3n de Coquimbo.<\/p>\n<p>El congreso, que retorn\u00f3 a la presencialidad tras dos a\u00f1os de realizaci\u00f3n telem\u00e1tica debido a las restricciones por la pandemia del Covid-19, cont\u00f3 con la presencia de un total de 31 equipos, compuestos por estudiantes y profesores provenientes de las 3 provincias de la Regi\u00f3n de Coquimbo.<\/p>\n<p>Los equipos pudieron socializar los resultados de sus proyectos de investigaci\u00f3n o innovaci\u00f3n escolar, y adem\u00e1s, compartieron conocimientos y experiencias junto a la comunidad cient\u00edfica que los visit\u00f3; espacio donde ni\u00f1os, ni\u00f1as y adolescentes pudieron compartir, conocer e interactuar con sus pares.<\/p>\n<p><strong>Ganadores<\/strong><\/p>\n<p>Tras una exhaustiva revisi\u00f3n por parte del Comit\u00e9 Cient\u00edfico Evaluador, se decidi\u00f3 premiar a los siguientes establecimientos como ganadores del Congreso, establecimientos que representar\u00e1n a la Regi\u00f3n de Coquimbo en el Congreso Nacional Explora de Investigaci\u00f3n e Innovaci\u00f3n Escolar.<\/p>\n<p>En la categor\u00eda Investigaci\u00f3n Educaci\u00f3n B\u00e1sica, se premi\u00f3 a la escuela Jos\u00e9 Agust\u00edn Alfaro de Tierras Blancas por el trabajo \u201cEfecto antibacterial del extracto etan\u00f3lico de <em>Mesembryanthemun crystallimun<\/em>, sobre la microbiota de las manos\u201d. Al respecto, la profesora Isela Maureira, docente gu\u00eda del grupo, coment\u00f3 que \u201cha sido muy significativo, tanto para los estudiantes, apoderados y toda la comunidad educativa en general, y nos llena de orgullo el poder representar a la escuela y a la regi\u00f3n de Coquimbo en el Congreso Nacional Explora y as\u00ed consolidar tambi\u00e9n nuestra investigaci\u00f3n, que es de relevancia y que posee grandes proyecciones\u201d.<\/p>\n<p>En la categor\u00eda Investigaci\u00f3n Educaci\u00f3n Media, se destac\u00f3 al Colegio Seminario Conciliar con el estudio titulado \u201cAtrapando ADN en los humedales de la regi\u00f3n\u201d. En palabras de Benjamin Kam, estudiante parte del equipo, resultan importantes instancias como estas para el desarrollo cient\u00edfico. \u201cSe realizaron muchas actividades recreativas, en donde fuimos capaces de conocer los proyectos de los dem\u00e1s. Y esto tambi\u00e9n es sumamente importante, ya que me di cuenta de todos los problemas a los que nos tenemos que enfrentar, y c\u00f3mo estas investigaciones aportan para generar soluciones pertinentes\u201d.<\/p>\n<p>En tanto, la categor\u00eda Innovaci\u00f3n Educaci\u00f3n B\u00e1sica vio como el Colegio Pedro Pablo Mu\u00f1oz, el \u00fanico establecimiento con ense\u00f1anza media de La Higuera, se llev\u00f3 el premio con el proyecto \u201cUn Paseo por el Sistema Solar\u201d. Los docentes y estudiantes del colegio valoraron este logro, como fue el caso de la profesora Dana Donoso, quien sostuvo que, a sus pupilos, \u201cse les abre un abanico de posibilidades. Ojal\u00e1 que cada vez sean m\u00e1s los estudiantes part\u00edcipes de este tipo de experiencias\u201d. Asimismo, la estudiante Mitzue Castillo, cont\u00f3 que gracias al congreso pudo intercambiar diversos tipos de conocimientos, \u201cque me ayudaron a socializar y tener un buen ambiente con m\u00e1s personas y conocer otras investigaciones, que me hicieron comprender que muchas de esas investigaciones servir\u00e1n para algo \u00fatil\u201d, asegur\u00f3.<\/p>\n<p>Igualmente, en la categor\u00eda Innovaci\u00f3n en Educaci\u00f3n Media, se premi\u00f3 al Liceo Bicentenario de Excelencia Mistraliano con su proyecto \u201cOrujo: Preparaci\u00f3n Eco-Saludable\u201d. Al respecto, una de las docentes del equipo, Karla Donoso, afirm\u00f3 que \u201ces muy importante que se reconozca un trabajo de meses que hicimos con las estudiantes, trabajo que se hizo con mucho cari\u00f1o, a pulso\u201d. Adem\u00e1s, coment\u00f3 que, a pesar del contexto del liceo (con altos \u00edndices de vulnerabilidad) tanto ella como su dupla docente, Karla Ser\u00edn, lograron un desarrollo vinculado con el contexto local de sus estudiantes.<\/p>\n<p><strong>Conclusiones positivas<\/strong><\/p>\n<p>Respecto al balance de la jornada, el Director del Proyecto Explora Coquimbo, Sergio Gonz\u00e1lez, destac\u00f3 el trabajo realizado, considerando el desaf\u00edo que represent\u00f3 devolverle la presencialidad al congreso, donde el saldo es positivo, \u00a0subrayando que \u201clo m\u00e1s destacado es, obviamente, la interacci\u00f3n; interacci\u00f3n entre los distintos equipos que participan del congreso, interacci\u00f3n entre los estudiantes que presentan sus trabajos de investigaci\u00f3n cient\u00edfica e innovaci\u00f3n, y la interacci\u00f3n con los evaluadores de esos trabajos. Tambi\u00e9n, hay interacci\u00f3n que se genera entre los estudiantes y cient\u00edficos y cient\u00edficas destacadas que les acompa\u00f1an\u201d, enfatiz\u00f3.<\/p>\n<p>Los equipos que representar\u00e1n a la Regi\u00f3n de Coquimbo en la 21\u00b0 edici\u00f3n del Congreso Nacional Explora de Investigaci\u00f3n e Innovaci\u00f3n Escolar, ser\u00e1n parte de un evento de formato h\u00edbrido (presencial y virtual) que se desarrollar\u00e1 entre los meses de diciembre de 2022 y enero de 2023.<\/p>\n","protected":false},"excerpt":{"rendered":"<p>Desde la microbiota hasta el sistema solar: Proyectos que destacaron en Congreso Regional Explora de Investigaci\u00f3n e Innovaci\u00f3n Escolar <\/p>\n","protected":false},"author":21,"featured_media":42824,"comment_status":"open","ping_status":"open","sticky":false,"template":"","format":"standard","meta":{"_acf_changed":false,"_exactmetrics_skip_tracking":false,"_exactmetrics_sitenote_active":false,"_exactmetrics_sitenote_note":"","_exactmetrics_sitenote_category":0,"footnotes":"","_links_to":"","_links_to_target":""},"categories":[143,4],"tags":[],"class_list":["post-42823","post","type-post","status-publish","format-standard","has-post-thumbnail","hentry","category-lugar-8","category-noticias"],"acf":[],"yoast_head":"<!-- This site is optimized with the Yoast SEO plugin v26.7 - https:\/\/yoast.com\/wordpress\/plugins\/seo\/ -->\n<title>Desde la microbiota hasta el sistema solar: Proyectos que destacaron en Congreso Regional Explora de Investigaci\u00f3n e Innovaci\u00f3n Escolar - Coquimbo<\/title>\n<meta name=\"robots\" content=\"index, follow, max-snippet:-1, max-image-preview:large, max-video-preview:-1\" \/>\n<link rel=\"canonical\" href=\"https:\/\/dev.explora.cl\/coquimbo\/desde-la-microbiota-hasta-el-sistema-solar-proyectos-que-destacaron-en-congreso-regional-explora-de-investigacion-e-innovacion-escolar\/\" class=\"yoast-seo-meta-tag\" \/>\n<meta property=\"og:locale\" content=\"es_ES\" class=\"yoast-seo-meta-tag\" \/>\n<meta property=\"og:type\" content=\"article\" class=\"yoast-seo-meta-tag\" \/>\n<meta property=\"og:title\" content=\"Desde la microbiota hasta el sistema solar: Proyectos que destacaron en Congreso Regional Explora de Investigaci\u00f3n e Innovaci\u00f3n Escolar - Coquimbo\" class=\"yoast-seo-meta-tag\" \/>\n<meta property=\"og:description\" content=\"Desde la microbiota hasta el sistema solar: Proyectos que destacaron en Congreso Regional Explora de Investigaci\u00f3n e Innovaci\u00f3n Escolar\" class=\"yoast-seo-meta-tag\" \/>\n<meta property=\"og:url\" content=\"https:\/\/dev.explora.cl\/coquimbo\/desde-la-microbiota-hasta-el-sistema-solar-proyectos-que-destacaron-en-congreso-regional-explora-de-investigacion-e-innovacion-escolar\/\" class=\"yoast-seo-meta-tag\" \/>\n<meta property=\"og:site_name\" content=\"Coquimbo\" class=\"yoast-seo-meta-tag\" \/>\n<meta property=\"article:published_time\" content=\"2022-11-14T12:17:34+00:00\" class=\"yoast-seo-meta-tag\" \/>\n<meta property=\"article:modified_time\" content=\"2022-12-07T19:27:15+00:00\" class=\"yoast-seo-meta-tag\" \/>\n<meta property=\"og:image\" content=\"https:\/\/dev.explora.cl\/coquimbo\/wp-content\/uploads\/sites\/6\/2022\/11\/IMG_4854.jpg\" class=\"yoast-seo-meta-tag\" \/>\n\t<meta property=\"og:image:width\" content=\"1000\" class=\"yoast-seo-meta-tag\" \/>\n\t<meta property=\"og:image:height\" content=\"667\" class=\"yoast-seo-meta-tag\" \/>\n\t<meta property=\"og:image:type\" content=\"image\/jpeg\" class=\"yoast-seo-meta-tag\" \/>\n<meta name=\"author\" content=\"jimartin\" class=\"yoast-seo-meta-tag\" \/>\n<meta name=\"twitter:card\" content=\"summary_large_image\" class=\"yoast-seo-meta-tag\" \/>\n<meta name=\"twitter:label1\" content=\"Escrito por\" class=\"yoast-seo-meta-tag\" \/>\n\t<meta name=\"twitter:data1\" content=\"jimartin\" class=\"yoast-seo-meta-tag\" \/>\n\t<meta name=\"twitter:label2\" content=\"Tiempo estimado de lectura\" class=\"yoast-seo-meta-tag\" \/>\n\t<meta name=\"twitter:data2\" content=\"4 minutos\" class=\"yoast-seo-meta-tag\" \/>\n<script type=\"application\/ld+json\" class=\"yoast-schema-graph\">{\"@context\":\"https:\/\/schema.org\",\"@graph\":[{\"@type\":\"Article\",\"@id\":\"https:\/\/dev.explora.cl\/coquimbo\/desde-la-microbiota-hasta-el-sistema-solar-proyectos-que-destacaron-en-congreso-regional-explora-de-investigacion-e-innovacion-escolar\/#article\",\"isPartOf\":{\"@id\":\"https:\/\/dev.explora.cl\/coquimbo\/desde-la-microbiota-hasta-el-sistema-solar-proyectos-que-destacaron-en-congreso-regional-explora-de-investigacion-e-innovacion-escolar\/\"},\"author\":{\"name\":\"jimartin\",\"@id\":\"https:\/\/dev.explora.cl\/coquimbo\/#\/schema\/person\/c171f405669e4e4f7e56a099200d2fe6\"},\"headline\":\"Desde la microbiota hasta el sistema solar: Proyectos que destacaron en Congreso Regional Explora de Investigaci\u00f3n e Innovaci\u00f3n Escolar\",\"datePublished\":\"2022-11-14T12:17:34+00:00\",\"dateModified\":\"2022-12-07T19:27:15+00:00\",\"mainEntityOfPage\":{\"@id\":\"https:\/\/dev.explora.cl\/coquimbo\/desde-la-microbiota-hasta-el-sistema-solar-proyectos-que-destacaron-en-congreso-regional-explora-de-investigacion-e-innovacion-escolar\/\"},\"wordCount\":881,\"commentCount\":0,\"publisher\":{\"@id\":\"https:\/\/dev.explora.cl\/coquimbo\/#organization\"},\"image\":{\"@id\":\"https:\/\/dev.explora.cl\/coquimbo\/desde-la-microbiota-hasta-el-sistema-solar-proyectos-que-destacaron-en-congreso-regional-explora-de-investigacion-e-innovacion-escolar\/#primaryimage\"},\"thumbnailUrl\":\"https:\/\/dev.explora.cl\/coquimbo\/wp-content\/uploads\/sites\/6\/2022\/11\/IMG_4854.jpg\",\"articleSection\":[\"Lugar 8\",\"Noticias\"],\"inLanguage\":\"es-CL\",\"potentialAction\":[{\"@type\":\"CommentAction\",\"name\":\"Comment\",\"target\":[\"https:\/\/dev.explora.cl\/coquimbo\/desde-la-microbiota-hasta-el-sistema-solar-proyectos-que-destacaron-en-congreso-regional-explora-de-investigacion-e-innovacion-escolar\/#respond\"]}]},{\"@type\":\"WebPage\",\"@id\":\"https:\/\/dev.explora.cl\/coquimbo\/desde-la-microbiota-hasta-el-sistema-solar-proyectos-que-destacaron-en-congreso-regional-explora-de-investigacion-e-innovacion-escolar\/\",\"url\":\"https:\/\/dev.explora.cl\/coquimbo\/desde-la-microbiota-hasta-el-sistema-solar-proyectos-que-destacaron-en-congreso-regional-explora-de-investigacion-e-innovacion-escolar\/\",\"name\":\"Desde la microbiota hasta el sistema solar: Proyectos que destacaron en Congreso Regional Explora de Investigaci\u00f3n e Innovaci\u00f3n Escolar - Coquimbo\",\"isPartOf\":{\"@id\":\"https:\/\/dev.explora.cl\/coquimbo\/#website\"},\"primaryImageOfPage\":{\"@id\":\"https:\/\/dev.explora.cl\/coquimbo\/desde-la-microbiota-hasta-el-sistema-solar-proyectos-que-destacaron-en-congreso-regional-explora-de-investigacion-e-innovacion-escolar\/#primaryimage\"},\"image\":{\"@id\":\"https:\/\/dev.explora.cl\/coquimbo\/desde-la-microbiota-hasta-el-sistema-solar-proyectos-que-destacaron-en-congreso-regional-explora-de-investigacion-e-innovacion-escolar\/#primaryimage\"},\"thumbnailUrl\":\"https:\/\/dev.explora.cl\/coquimbo\/wp-content\/uploads\/sites\/6\/2022\/11\/IMG_4854.jpg\",\"datePublished\":\"2022-11-14T12:17:34+00:00\",\"dateModified\":\"2022-12-07T19:27:15+00:00\",\"breadcrumb\":{\"@id\":\"https:\/\/dev.explora.cl\/coquimbo\/desde-la-microbiota-hasta-el-sistema-solar-proyectos-que-destacaron-en-congreso-regional-explora-de-investigacion-e-innovacion-escolar\/#breadcrumb\"},\"inLanguage\":\"es-CL\",\"potentialAction\":[{\"@type\":\"ReadAction\",\"target\":[\"https:\/\/dev.explora.cl\/coquimbo\/desde-la-microbiota-hasta-el-sistema-solar-proyectos-que-destacaron-en-congreso-regional-explora-de-investigacion-e-innovacion-escolar\/\"]}]},{\"@type\":\"ImageObject\",\"inLanguage\":\"es-CL\",\"@id\":\"https:\/\/dev.explora.cl\/coquimbo\/desde-la-microbiota-hasta-el-sistema-solar-proyectos-que-destacaron-en-congreso-regional-explora-de-investigacion-e-innovacion-escolar\/#primaryimage\",\"url\":\"https:\/\/dev.explora.cl\/coquimbo\/wp-content\/uploads\/sites\/6\/2022\/11\/IMG_4854.jpg\",\"contentUrl\":\"https:\/\/dev.explora.cl\/coquimbo\/wp-content\/uploads\/sites\/6\/2022\/11\/IMG_4854.jpg\",\"width\":1000,\"height\":667},{\"@type\":\"BreadcrumbList\",\"@id\":\"https:\/\/dev.explora.cl\/coquimbo\/desde-la-microbiota-hasta-el-sistema-solar-proyectos-que-destacaron-en-congreso-regional-explora-de-investigacion-e-innovacion-escolar\/#breadcrumb\",\"itemListElement\":[{\"@type\":\"ListItem\",\"position\":1,\"name\":\"Portada\",\"item\":\"https:\/\/dev.explora.cl\/coquimbo\/\"},{\"@type\":\"ListItem\",\"position\":2,\"name\":\"Desde la microbiota hasta el sistema solar: Proyectos que destacaron en Congreso Regional Explora de Investigaci\u00f3n e Innovaci\u00f3n Escolar\"}]},{\"@type\":\"WebSite\",\"@id\":\"https:\/\/dev.explora.cl\/coquimbo\/#website\",\"url\":\"https:\/\/dev.explora.cl\/coquimbo\/\",\"name\":\"Coquimbo\",\"description\":\"Otro sitio m\u00e1s de dev.explora.cl\",\"publisher\":{\"@id\":\"https:\/\/dev.explora.cl\/coquimbo\/#organization\"},\"potentialAction\":[{\"@type\":\"SearchAction\",\"target\":{\"@type\":\"EntryPoint\",\"urlTemplate\":\"https:\/\/dev.explora.cl\/coquimbo\/?s={search_term_string}\"},\"query-input\":{\"@type\":\"PropertyValueSpecification\",\"valueRequired\":true,\"valueName\":\"search_term_string\"}}],\"inLanguage\":\"es-CL\"},{\"@type\":\"Organization\",\"@id\":\"https:\/\/dev.explora.cl\/coquimbo\/#organization\",\"name\":\"Coquimbo\",\"url\":\"https:\/\/dev.explora.cl\/coquimbo\/\",\"logo\":{\"@type\":\"ImageObject\",\"inLanguage\":\"es-CL\",\"@id\":\"https:\/\/dev.explora.cl\/coquimbo\/#\/schema\/logo\/image\/\",\"url\":\"https:\/\/dev.explora.cl\/coquimbo\/wp-content\/uploads\/sites\/6\/2020\/08\/cropped-Mesa-de-trabajo-1-100.jpg\",\"contentUrl\":\"https:\/\/dev.explora.cl\/coquimbo\/wp-content\/uploads\/sites\/6\/2020\/08\/cropped-Mesa-de-trabajo-1-100.jpg\",\"width\":615,\"height\":576,\"caption\":\"Coquimbo\"},\"image\":{\"@id\":\"https:\/\/dev.explora.cl\/coquimbo\/#\/schema\/logo\/image\/\"}},{\"@type\":\"Person\",\"@id\":\"https:\/\/dev.explora.cl\/coquimbo\/#\/schema\/person\/c171f405669e4e4f7e56a099200d2fe6\",\"name\":\"jimartin\",\"image\":{\"@type\":\"ImageObject\",\"inLanguage\":\"es-CL\",\"@id\":\"https:\/\/dev.explora.cl\/coquimbo\/#\/schema\/person\/image\/\",\"url\":\"https:\/\/secure.gravatar.com\/avatar\/8dfd7d14443934731a5aea629f40c1aceb42cc8b566a9926567e833c9d22b643?s=96&d=mm&r=g\",\"contentUrl\":\"https:\/\/secure.gravatar.com\/avatar\/8dfd7d14443934731a5aea629f40c1aceb42cc8b566a9926567e833c9d22b643?s=96&d=mm&r=g\",\"caption\":\"jimartin\"},\"url\":\"https:\/\/dev.explora.cl\/coquimbo\/author\/jimartin\/\"}]}<\/script>\n<!-- \/ Yoast SEO plugin. -->","yoast_head_json":{"title":"Desde la microbiota hasta el sistema solar: Proyectos que destacaron en Congreso Regional Explora de Investigaci\u00f3n e Innovaci\u00f3n Escolar - Coquimbo","robots":{"index":"index","follow":"follow","max-snippet":"max-snippet:-1","max-image-preview":"max-image-preview:large","max-video-preview":"max-video-preview:-1"},"canonical":"https:\/\/dev.explora.cl\/coquimbo\/desde-la-microbiota-hasta-el-sistema-solar-proyectos-que-destacaron-en-congreso-regional-explora-de-investigacion-e-innovacion-escolar\/","og_locale":"es_ES","og_type":"article","og_title":"Desde la microbiota hasta el sistema solar: Proyectos que destacaron en Congreso Regional Explora de Investigaci\u00f3n e Innovaci\u00f3n Escolar - Coquimbo","og_description":"Desde la microbiota hasta el sistema solar: Proyectos que destacaron en Congreso Regional Explora de Investigaci\u00f3n e Innovaci\u00f3n Escolar","og_url":"https:\/\/dev.explora.cl\/coquimbo\/desde-la-microbiota-hasta-el-sistema-solar-proyectos-que-destacaron-en-congreso-regional-explora-de-investigacion-e-innovacion-escolar\/","og_site_name":"Coquimbo","article_published_time":"2022-11-14T12:17:34+00:00","article_modified_time":"2022-12-07T19:27:15+00:00","og_image":[{"width":1000,"height":667,"url":"https:\/\/dev.explora.cl\/coquimbo\/wp-content\/uploads\/sites\/6\/2022\/11\/IMG_4854.jpg","type":"image\/jpeg"}],"author":"jimartin","twitter_card":"summary_large_image","twitter_misc":{"Escrito por":"jimartin","Tiempo estimado de lectura":"4 minutos"},"schema":{"@context":"https:\/\/schema.org","@graph":[{"@type":"Article","@id":"https:\/\/dev.explora.cl\/coquimbo\/desde-la-microbiota-hasta-el-sistema-solar-proyectos-que-destacaron-en-congreso-regional-explora-de-investigacion-e-innovacion-escolar\/#article","isPartOf":{"@id":"https:\/\/dev.explora.cl\/coquimbo\/desde-la-microbiota-hasta-el-sistema-solar-proyectos-que-destacaron-en-congreso-regional-explora-de-investigacion-e-innovacion-escolar\/"},"author":{"name":"jimartin","@id":"https:\/\/dev.explora.cl\/coquimbo\/#\/schema\/person\/c171f405669e4e4f7e56a099200d2fe6"},"headline":"Desde la microbiota hasta el sistema solar: Proyectos que destacaron en Congreso Regional Explora de Investigaci\u00f3n e Innovaci\u00f3n Escolar","datePublished":"2022-11-14T12:17:34+00:00","dateModified":"2022-12-07T19:27:15+00:00","mainEntityOfPage":{"@id":"https:\/\/dev.explora.cl\/coquimbo\/desde-la-microbiota-hasta-el-sistema-solar-proyectos-que-destacaron-en-congreso-regional-explora-de-investigacion-e-innovacion-escolar\/"},"wordCount":881,"commentCount":0,"publisher":{"@id":"https:\/\/dev.explora.cl\/coquimbo\/#organization"},"image":{"@id":"https:\/\/dev.explora.cl\/coquimbo\/desde-la-microbiota-hasta-el-sistema-solar-proyectos-que-destacaron-en-congreso-regional-explora-de-investigacion-e-innovacion-escolar\/#primaryimage"},"thumbnailUrl":"https:\/\/dev.explora.cl\/coquimbo\/wp-content\/uploads\/sites\/6\/2022\/11\/IMG_4854.jpg","articleSection":["Lugar 8","Noticias"],"inLanguage":"es-CL","potentialAction":[{"@type":"CommentAction","name":"Comment","target":["https:\/\/dev.explora.cl\/coquimbo\/desde-la-microbiota-hasta-el-sistema-solar-proyectos-que-destacaron-en-congreso-regional-explora-de-investigacion-e-innovacion-escolar\/#respond"]}]},{"@type":"WebPage","@id":"https:\/\/dev.explora.cl\/coquimbo\/desde-la-microbiota-hasta-el-sistema-solar-proyectos-que-destacaron-en-congreso-regional-explora-de-investigacion-e-innovacion-escolar\/","url":"https:\/\/dev.explora.cl\/coquimbo\/desde-la-microbiota-hasta-el-sistema-solar-proyectos-que-destacaron-en-congreso-regional-explora-de-investigacion-e-innovacion-escolar\/","name":"Desde la microbiota hasta el sistema solar: Proyectos que destacaron en Congreso Regional Explora de Investigaci\u00f3n e Innovaci\u00f3n Escolar - Coquimbo","isPartOf":{"@id":"https:\/\/dev.explora.cl\/coquimbo\/#website"},"primaryImageOfPage":{"@id":"https:\/\/dev.explora.cl\/coquimbo\/desde-la-microbiota-hasta-el-sistema-solar-proyectos-que-destacaron-en-congreso-regional-explora-de-investigacion-e-innovacion-escolar\/#primaryimage"},"image":{"@id":"https:\/\/dev.explora.cl\/coquimbo\/desde-la-microbiota-hasta-el-sistema-solar-proyectos-que-destacaron-en-congreso-regional-explora-de-investigacion-e-innovacion-escolar\/#primaryimage"},"thumbnailUrl":"https:\/\/dev.explora.cl\/coquimbo\/wp-content\/uploads\/sites\/6\/2022\/11\/IMG_4854.jpg","datePublished":"2022-11-14T12:17:34+00:00","dateModified":"2022-12-07T19:27:15+00:00","breadcrumb":{"@id":"https:\/\/dev.explora.cl\/coquimbo\/desde-la-microbiota-hasta-el-sistema-solar-proyectos-que-destacaron-en-congreso-regional-explora-de-investigacion-e-innovacion-escolar\/#breadcrumb"},"inLanguage":"es-CL","potentialAction":[{"@type":"ReadAction","target":["https:\/\/dev.explora.cl\/coquimbo\/desde-la-microbiota-hasta-el-sistema-solar-proyectos-que-destacaron-en-congreso-regional-explora-de-investigacion-e-innovacion-escolar\/"]}]},{"@type":"ImageObject","inLanguage":"es-CL","@id":"https:\/\/dev.explora.cl\/coquimbo\/desde-la-microbiota-hasta-el-sistema-solar-proyectos-que-destacaron-en-congreso-regional-explora-de-investigacion-e-innovacion-escolar\/#primaryimage","url":"https:\/\/dev.explora.cl\/coquimbo\/wp-content\/uploads\/sites\/6\/2022\/11\/IMG_4854.jpg","contentUrl":"https:\/\/dev.explora.cl\/coquimbo\/wp-content\/uploads\/sites\/6\/2022\/11\/IMG_4854.jpg","width":1000,"height":667},{"@type":"BreadcrumbList","@id":"https:\/\/dev.explora.cl\/coquimbo\/desde-la-microbiota-hasta-el-sistema-solar-proyectos-que-destacaron-en-congreso-regional-explora-de-investigacion-e-innovacion-escolar\/#breadcrumb","itemListElement":[{"@type":"ListItem","position":1,"name":"Portada","item":"https:\/\/dev.explora.cl\/coquimbo\/"},{"@type":"ListItem","position":2,"name":"Desde la microbiota hasta el sistema solar: Proyectos que destacaron en Congreso Regional Explora de Investigaci\u00f3n e Innovaci\u00f3n Escolar"}]},{"@type":"WebSite","@id":"https:\/\/dev.explora.cl\/coquimbo\/#website","url":"https:\/\/dev.explora.cl\/coquimbo\/","name":"Coquimbo","description":"Otro sitio m\u00e1s de dev.explora.cl","publisher":{"@id":"https:\/\/dev.explora.cl\/coquimbo\/#organization"},"potentialAction":[{"@type":"SearchAction","target":{"@type":"EntryPoint","urlTemplate":"https:\/\/dev.explora.cl\/coquimbo\/?s={search_term_string}"},"query-input":{"@type":"PropertyValueSpecification","valueRequired":true,"valueName":"search_term_string"}}],"inLanguage":"es-CL"},{"@type":"Organization","@id":"https:\/\/dev.explora.cl\/coquimbo\/#organization","name":"Coquimbo","url":"https:\/\/dev.explora.cl\/coquimbo\/","logo":{"@type":"ImageObject","inLanguage":"es-CL","@id":"https:\/\/dev.explora.cl\/coquimbo\/#\/schema\/logo\/image\/","url":"https:\/\/dev.explora.cl\/coquimbo\/wp-content\/uploads\/sites\/6\/2020\/08\/cropped-Mesa-de-trabajo-1-100.jpg","contentUrl":"https:\/\/dev.explora.cl\/coquimbo\/wp-content\/uploads\/sites\/6\/2020\/08\/cropped-Mesa-de-trabajo-1-100.jpg","width":615,"height":576,"caption":"Coquimbo"},"image":{"@id":"https:\/\/dev.explora.cl\/coquimbo\/#\/schema\/logo\/image\/"}},{"@type":"Person","@id":"https:\/\/dev.explora.cl\/coquimbo\/#\/schema\/person\/c171f405669e4e4f7e56a099200d2fe6","name":"jimartin","image":{"@type":"ImageObject","inLanguage":"es-CL","@id":"https:\/\/dev.explora.cl\/coquimbo\/#\/schema\/person\/image\/","url":"https:\/\/secure.gravatar.com\/avatar\/8dfd7d14443934731a5aea629f40c1aceb42cc8b566a9926567e833c9d22b643?s=96&d=mm&r=g","contentUrl":"https:\/\/secure.gravatar.com\/avatar\/8dfd7d14443934731a5aea629f40c1aceb42cc8b566a9926567e833c9d22b643?s=96&d=mm&r=g","caption":"jimartin"},"url":"https:\/\/dev.explora.cl\/coquimbo\/author\/jimartin\/"}]}},"_links":{"self":[{"href":"https:\/\/dev.explora.cl\/coquimbo\/wp-json\/wp\/v2\/posts\/42823","targetHints":{"allow":["GET"]}}],"collection":[{"href":"https:\/\/dev.explora.cl\/coquimbo\/wp-json\/wp\/v2\/posts"}],"about":[{"href":"https:\/\/dev.explora.cl\/coquimbo\/wp-json\/wp\/v2\/types\/post"}],"author":[{"embeddable":true,"href":"https:\/\/dev.explora.cl\/coquimbo\/wp-json\/wp\/v2\/users\/21"}],"replies":[{"embeddable":true,"href":"https:\/\/dev.explora.cl\/coquimbo\/wp-json\/wp\/v2\/comments?post=42823"}],"version-history":[{"count":2,"href":"https:\/\/dev.explora.cl\/coquimbo\/wp-json\/wp\/v2\/posts\/42823\/revisions"}],"predecessor-version":[{"id":42827,"href":"https:\/\/dev.explora.cl\/coquimbo\/wp-json\/wp\/v2\/posts\/42823\/revisions\/42827"}],"wp:featuredmedia":[{"embeddable":true,"href":"https:\/\/dev.explora.cl\/coquimbo\/wp-json\/wp\/v2\/media\/42824"}],"wp:attachment":[{"href":"https:\/\/dev.explora.cl\/coquimbo\/wp-json\/wp\/v2\/media?parent=42823"}],"wp:term":[{"taxonomy":"category","embeddable":true,"href":"https:\/\/dev.explora.cl\/coquimbo\/wp-json\/wp\/v2\/categories?post=42823"},{"taxonomy":"post_tag","embeddable":true,"href":"https:\/\/dev.explora.cl\/coquimbo\/wp-json\/wp\/v2\/tags?post=42823"}],"curies":[{"name":"wp","href":"https:\/\/api.w.org\/{rel}","templated":true}]}}