{"id":42789,"date":"2022-10-26T17:04:28","date_gmt":"2022-10-26T20:04:28","guid":{"rendered":"https:\/\/dev.explora.cl\/coquimbo\/?p=42789"},"modified":"2022-11-30T19:06:33","modified_gmt":"2022-11-30T22:06:33","slug":"columna-arte-ciencia-dos-caminos-que-llevan-al-conocimiento-de-la-propia-existencia-y-del-mundo","status":"publish","type":"post","link":"https:\/\/dev.explora.cl\/coquimbo\/columna-arte-ciencia-dos-caminos-que-llevan-al-conocimiento-de-la-propia-existencia-y-del-mundo\/","title":{"rendered":"Columna: &#8220;Arte-Ciencia: dos caminos que llevan al conocimiento de la propia existencia y del mundo&#8221;"},"content":{"rendered":"<p><strong>Daniella Contreras Godoy<\/strong><br \/>\n<strong>Co-Fundadora de ArtCC<\/strong><br \/>\n<strong>Qu\u00edmica Laboratorista<\/strong><br \/>\n<strong>Diplomada en Gesti\u00f3n y Procesos de Innovaci\u00f3n <\/strong><\/p>\n<p style=\"text-align: justify\"><img loading=\"lazy\" decoding=\"async\" class=\"size-medium wp-image-42793 alignleft\" src=\"https:\/\/dev.explora.cl\/coquimbo\/wp-content\/uploads\/sites\/6\/2022\/10\/IMG_20220303_164824456-02-225x300.jpeg\" alt=\"\" width=\"225\" height=\"300\" srcset=\"https:\/\/dev.explora.cl\/coquimbo\/wp-content\/uploads\/sites\/6\/2022\/10\/IMG_20220303_164824456-02-225x300.jpeg 225w, https:\/\/dev.explora.cl\/coquimbo\/wp-content\/uploads\/sites\/6\/2022\/10\/IMG_20220303_164824456-02-768x1024.jpeg 768w, https:\/\/dev.explora.cl\/coquimbo\/wp-content\/uploads\/sites\/6\/2022\/10\/IMG_20220303_164824456-02.jpeg 1728w\" sizes=\"auto, (max-width: 225px) 100vw, 225px\" \/>Desde los or\u00edgenes de la humanidad, el arte y la ciencia se han desarrollado juntos como formas de conocimiento. Desde la invenci\u00f3n y caracterizaci\u00f3n de relatos mitol\u00f3gicos para dar explicaciones a los fen\u00f3menos naturales, hasta la arquitectura y orientaci\u00f3n en los templos precolombinos que estaban ubicados seg\u00fan los movimientos de rotaci\u00f3n y traslaci\u00f3n de la tierra. Luego, en la \u00e9poca industrial, se requiri\u00f3 la especializaci\u00f3n de las personas y esto provoc\u00f3 una separaci\u00f3n de las diferentes disciplinas y un gran avance en cada una de estas \u00e1reas. En la actualidad, donde se han automatizado procesos, las competencias han cambiado y se requiere nuevamente de un pensamiento integral, que ayude a la resoluci\u00f3n de problemas de forma creativa e innovadora, lo cual se consigue con el trabajo colaborativo e interdisciplinario.<\/p>\n<p style=\"text-align: justify\">Con esta mirada integradora, la <strong>artista visual y docente, Sandra Tacuma; la Psic\u00f3loga y artista textil, Natalia Mart\u00ednez; y mi experiencia desde al \u00e1rea de las ciencias qu\u00edmicas e innovaci\u00f3n<\/strong>; hemos formado <a href=\"https:\/\/artcc.cl\/\">ArtCC<\/a>, que es un acr\u00f3nimo de la ecuaci\u00f3n ARTE+CIENCIA=CONCIENCIA, buscando integrar las fronteras del arte y la ciencia, entendiendo a ambas disciplinas como dos caminos que llevan al conocimiento de la propia existencia y del mundo; es decir, a la Conciencia.<\/p>\n<p style=\"text-align: justify\">Mediante actividades de formaci\u00f3n creamos nuevos espacios, donde se permite a las y los participantes indagar, experimentar y promover su capacidad creativa y reflexiva, involucrando a las personas y d\u00e1ndoles las herramientas para que codise\u00f1en y generen preguntas que les lleven a la investigaci\u00f3n cient\u00edfica-art\u00edstica, con procesos y resultados evidenciados en intervenciones creativas ArtCC (intervenciones en espacios p\u00fablicos, biogaler\u00edas, exposiciones itinerantes, etc.).<\/p>\n<p style=\"text-align: justify\">La Regi\u00f3n de Coquimbo no es parte de la Red Nacional de Territorios Creativos de Chile, por ello, desde el proyecto <a href=\"https:\/\/artcc.cl\/\">ArtCC<\/a> buscamos contribuir al fortalecimiento y a la democratizaci\u00f3n de la ciencia y el arte, ofreciendo oportunidades y acceso a la poblaci\u00f3n en general, dejando atr\u00e1s los sesgos etarios. Estas actividades se han presentado en distintas localidades de la regi\u00f3n: Salamanca, Nueva Talcuna en Vicu\u00f1a, Guanaqueros en Coquimbo, Illapel, Monte Patria, Punta de Choros en La Higuera, Comunidad Agr\u00edcola Peral Ojo del Agua (Fray Jorge) y La Serena. Tambi\u00e9n, en Iquique, Pozo Almonte y Pisagua en la Regi\u00f3n de Tarapac\u00e1, con una alta participaci\u00f3n en las localidades rurales, ampliando la oferta cultural-cient\u00edfica y siendo un aporte en el desarrollo creativo.<img loading=\"lazy\" decoding=\"async\" class=\"size-medium wp-image-42794 alignright\" src=\"https:\/\/dev.explora.cl\/coquimbo\/wp-content\/uploads\/sites\/6\/2022\/10\/DJI_01455-300x285.jpg\" alt=\"\" width=\"300\" height=\"285\" srcset=\"https:\/\/dev.explora.cl\/coquimbo\/wp-content\/uploads\/sites\/6\/2022\/10\/DJI_01455-300x285.jpg 300w, https:\/\/dev.explora.cl\/coquimbo\/wp-content\/uploads\/sites\/6\/2022\/10\/DJI_01455-768x729.jpg 768w, https:\/\/dev.explora.cl\/coquimbo\/wp-content\/uploads\/sites\/6\/2022\/10\/DJI_01455-1024x971.jpg 1024w\" sizes=\"auto, (max-width: 300px) 100vw, 300px\" \/><\/p>\n<p style=\"text-align: justify\">Desde la vinculaci\u00f3n de arte-ciencia se puede hacer una diferencia y generar un espacio positivo para quienes sean parte, donde se estimula el trabajo colaborativo para conocer e internalizar perspectivas m\u00faltiples y aprender creando. Recuerdo mucho a las y los docentes participando en el Taller-Laboratorio \u201cOscilando arte-ciencia\u201d, donde experimentamos con el movimiento oscilatorio de p\u00e9ndulos, la mayor\u00eda coincid\u00eda en la opini\u00f3n: \u201cse puede aprender sobre y experimentar con movimiento, texturas, arte abstracto, colores\u2026 d\u00e1ndose cuenta de c\u00f3mo en una obra de arte influyen conocimientos cient\u00edficos, o bien, c\u00f3mo la ciencia se plasma en el arte\u201d.<\/p>\n<p style=\"text-align: justify\">La visi\u00f3n integradora entre el arte y la ciencia es una gran herramienta para la divulgaci\u00f3n cient\u00edfica, y tambi\u00e9n, para aumentar la necesaria participaci\u00f3n de las personas en investigaciones de ciencia ciudadana, donde todos nos involucramos de forma activa y nos hacemos conscientes de que <strong>la ciencia est\u00e1 en todas partes. <\/strong>Es enriquecedor y l\u00fadico generar nuevos conocimientos, estimular el pensamiento cr\u00edtico, llevarnos a la reflexi\u00f3n de problemas que nos afectan directamente y participar de manera responsable en la toma de decisiones colectivas e individuales, sobre todo si \u00e9stas \u00faltimas pueden afectar a la comunidad.<\/p>\n","protected":false},"excerpt":{"rendered":"<p>Columna: &#8220;Arte-Ciencia: dos caminos que llevan al conocimiento de la propia existencia y del mundo&#8221;<\/p>\n","protected":false},"author":21,"featured_media":42792,"comment_status":"open","ping_status":"open","sticky":false,"template":"","format":"standard","meta":{"_acf_changed":false,"_exactmetrics_skip_tracking":false,"_exactmetrics_sitenote_active":false,"_exactmetrics_sitenote_note":"","_exactmetrics_sitenote_category":0,"footnotes":"","_links_to":"","_links_to_target":""},"categories":[4],"tags":[],"class_list":["post-42789","post","type-post","status-publish","format-standard","has-post-thumbnail","hentry","category-noticias"],"acf":[],"yoast_head":"<!-- This site is optimized with the Yoast SEO plugin v26.7 - https:\/\/yoast.com\/wordpress\/plugins\/seo\/ -->\n<title>Columna: &quot;Arte-Ciencia: dos caminos que llevan al conocimiento de la propia existencia y del mundo&quot; - Coquimbo<\/title>\n<meta name=\"robots\" content=\"index, follow, max-snippet:-1, max-image-preview:large, max-video-preview:-1\" \/>\n<link rel=\"canonical\" href=\"https:\/\/dev.explora.cl\/coquimbo\/columna-arte-ciencia-dos-caminos-que-llevan-al-conocimiento-de-la-propia-existencia-y-del-mundo\/\" class=\"yoast-seo-meta-tag\" \/>\n<meta property=\"og:locale\" content=\"es_ES\" class=\"yoast-seo-meta-tag\" \/>\n<meta property=\"og:type\" content=\"article\" class=\"yoast-seo-meta-tag\" \/>\n<meta property=\"og:title\" content=\"Columna: &quot;Arte-Ciencia: dos caminos que llevan al conocimiento de la propia existencia y del mundo&quot; - Coquimbo\" class=\"yoast-seo-meta-tag\" \/>\n<meta property=\"og:description\" content=\"Columna: &quot;Arte-Ciencia: dos caminos que llevan al conocimiento de la propia existencia y del mundo&quot;\" class=\"yoast-seo-meta-tag\" \/>\n<meta property=\"og:url\" content=\"https:\/\/dev.explora.cl\/coquimbo\/columna-arte-ciencia-dos-caminos-que-llevan-al-conocimiento-de-la-propia-existencia-y-del-mundo\/\" class=\"yoast-seo-meta-tag\" \/>\n<meta property=\"og:site_name\" content=\"Coquimbo\" class=\"yoast-seo-meta-tag\" \/>\n<meta property=\"article:published_time\" content=\"2022-10-26T20:04:28+00:00\" class=\"yoast-seo-meta-tag\" \/>\n<meta property=\"article:modified_time\" content=\"2022-11-30T22:06:33+00:00\" class=\"yoast-seo-meta-tag\" \/>\n<meta property=\"og:image\" content=\"https:\/\/dev.explora.cl\/coquimbo\/wp-content\/uploads\/sites\/6\/2022\/10\/Columna.jpg\" class=\"yoast-seo-meta-tag\" \/>\n\t<meta property=\"og:image:width\" content=\"760\" class=\"yoast-seo-meta-tag\" \/>\n\t<meta property=\"og:image:height\" content=\"457\" class=\"yoast-seo-meta-tag\" \/>\n\t<meta property=\"og:image:type\" content=\"image\/jpeg\" class=\"yoast-seo-meta-tag\" \/>\n<meta name=\"author\" content=\"jimartin\" class=\"yoast-seo-meta-tag\" \/>\n<meta name=\"twitter:card\" content=\"summary_large_image\" class=\"yoast-seo-meta-tag\" \/>\n<meta name=\"twitter:label1\" content=\"Escrito por\" class=\"yoast-seo-meta-tag\" \/>\n\t<meta name=\"twitter:data1\" content=\"jimartin\" class=\"yoast-seo-meta-tag\" \/>\n\t<meta name=\"twitter:label2\" content=\"Tiempo estimado de lectura\" class=\"yoast-seo-meta-tag\" \/>\n\t<meta name=\"twitter:data2\" content=\"3 minutos\" class=\"yoast-seo-meta-tag\" \/>\n<script type=\"application\/ld+json\" class=\"yoast-schema-graph\">{\"@context\":\"https:\/\/schema.org\",\"@graph\":[{\"@type\":\"Article\",\"@id\":\"https:\/\/dev.explora.cl\/coquimbo\/columna-arte-ciencia-dos-caminos-que-llevan-al-conocimiento-de-la-propia-existencia-y-del-mundo\/#article\",\"isPartOf\":{\"@id\":\"https:\/\/dev.explora.cl\/coquimbo\/columna-arte-ciencia-dos-caminos-que-llevan-al-conocimiento-de-la-propia-existencia-y-del-mundo\/\"},\"author\":{\"name\":\"jimartin\",\"@id\":\"https:\/\/dev.explora.cl\/coquimbo\/#\/schema\/person\/c171f405669e4e4f7e56a099200d2fe6\"},\"headline\":\"Columna: &#8220;Arte-Ciencia: dos caminos que llevan al conocimiento de la propia existencia y del mundo&#8221;\",\"datePublished\":\"2022-10-26T20:04:28+00:00\",\"dateModified\":\"2022-11-30T22:06:33+00:00\",\"mainEntityOfPage\":{\"@id\":\"https:\/\/dev.explora.cl\/coquimbo\/columna-arte-ciencia-dos-caminos-que-llevan-al-conocimiento-de-la-propia-existencia-y-del-mundo\/\"},\"wordCount\":665,\"commentCount\":0,\"publisher\":{\"@id\":\"https:\/\/dev.explora.cl\/coquimbo\/#organization\"},\"image\":{\"@id\":\"https:\/\/dev.explora.cl\/coquimbo\/columna-arte-ciencia-dos-caminos-que-llevan-al-conocimiento-de-la-propia-existencia-y-del-mundo\/#primaryimage\"},\"thumbnailUrl\":\"https:\/\/dev.explora.cl\/coquimbo\/wp-content\/uploads\/sites\/6\/2022\/10\/Columna.jpg\",\"articleSection\":[\"Noticias\"],\"inLanguage\":\"es-CL\",\"potentialAction\":[{\"@type\":\"CommentAction\",\"name\":\"Comment\",\"target\":[\"https:\/\/dev.explora.cl\/coquimbo\/columna-arte-ciencia-dos-caminos-que-llevan-al-conocimiento-de-la-propia-existencia-y-del-mundo\/#respond\"]}]},{\"@type\":\"WebPage\",\"@id\":\"https:\/\/dev.explora.cl\/coquimbo\/columna-arte-ciencia-dos-caminos-que-llevan-al-conocimiento-de-la-propia-existencia-y-del-mundo\/\",\"url\":\"https:\/\/dev.explora.cl\/coquimbo\/columna-arte-ciencia-dos-caminos-que-llevan-al-conocimiento-de-la-propia-existencia-y-del-mundo\/\",\"name\":\"Columna: \\\"Arte-Ciencia: dos caminos que llevan al conocimiento de la propia existencia y del mundo\\\" - Coquimbo\",\"isPartOf\":{\"@id\":\"https:\/\/dev.explora.cl\/coquimbo\/#website\"},\"primaryImageOfPage\":{\"@id\":\"https:\/\/dev.explora.cl\/coquimbo\/columna-arte-ciencia-dos-caminos-que-llevan-al-conocimiento-de-la-propia-existencia-y-del-mundo\/#primaryimage\"},\"image\":{\"@id\":\"https:\/\/dev.explora.cl\/coquimbo\/columna-arte-ciencia-dos-caminos-que-llevan-al-conocimiento-de-la-propia-existencia-y-del-mundo\/#primaryimage\"},\"thumbnailUrl\":\"https:\/\/dev.explora.cl\/coquimbo\/wp-content\/uploads\/sites\/6\/2022\/10\/Columna.jpg\",\"datePublished\":\"2022-10-26T20:04:28+00:00\",\"dateModified\":\"2022-11-30T22:06:33+00:00\",\"breadcrumb\":{\"@id\":\"https:\/\/dev.explora.cl\/coquimbo\/columna-arte-ciencia-dos-caminos-que-llevan-al-conocimiento-de-la-propia-existencia-y-del-mundo\/#breadcrumb\"},\"inLanguage\":\"es-CL\",\"potentialAction\":[{\"@type\":\"ReadAction\",\"target\":[\"https:\/\/dev.explora.cl\/coquimbo\/columna-arte-ciencia-dos-caminos-que-llevan-al-conocimiento-de-la-propia-existencia-y-del-mundo\/\"]}]},{\"@type\":\"ImageObject\",\"inLanguage\":\"es-CL\",\"@id\":\"https:\/\/dev.explora.cl\/coquimbo\/columna-arte-ciencia-dos-caminos-que-llevan-al-conocimiento-de-la-propia-existencia-y-del-mundo\/#primaryimage\",\"url\":\"https:\/\/dev.explora.cl\/coquimbo\/wp-content\/uploads\/sites\/6\/2022\/10\/Columna.jpg\",\"contentUrl\":\"https:\/\/dev.explora.cl\/coquimbo\/wp-content\/uploads\/sites\/6\/2022\/10\/Columna.jpg\",\"width\":760,\"height\":457},{\"@type\":\"BreadcrumbList\",\"@id\":\"https:\/\/dev.explora.cl\/coquimbo\/columna-arte-ciencia-dos-caminos-que-llevan-al-conocimiento-de-la-propia-existencia-y-del-mundo\/#breadcrumb\",\"itemListElement\":[{\"@type\":\"ListItem\",\"position\":1,\"name\":\"Portada\",\"item\":\"https:\/\/dev.explora.cl\/coquimbo\/\"},{\"@type\":\"ListItem\",\"position\":2,\"name\":\"Columna: &#8220;Arte-Ciencia: dos caminos que llevan al conocimiento de la propia existencia y del mundo&#8221;\"}]},{\"@type\":\"WebSite\",\"@id\":\"https:\/\/dev.explora.cl\/coquimbo\/#website\",\"url\":\"https:\/\/dev.explora.cl\/coquimbo\/\",\"name\":\"Coquimbo\",\"description\":\"Otro sitio m\u00e1s de dev.explora.cl\",\"publisher\":{\"@id\":\"https:\/\/dev.explora.cl\/coquimbo\/#organization\"},\"potentialAction\":[{\"@type\":\"SearchAction\",\"target\":{\"@type\":\"EntryPoint\",\"urlTemplate\":\"https:\/\/dev.explora.cl\/coquimbo\/?s={search_term_string}\"},\"query-input\":{\"@type\":\"PropertyValueSpecification\",\"valueRequired\":true,\"valueName\":\"search_term_string\"}}],\"inLanguage\":\"es-CL\"},{\"@type\":\"Organization\",\"@id\":\"https:\/\/dev.explora.cl\/coquimbo\/#organization\",\"name\":\"Coquimbo\",\"url\":\"https:\/\/dev.explora.cl\/coquimbo\/\",\"logo\":{\"@type\":\"ImageObject\",\"inLanguage\":\"es-CL\",\"@id\":\"https:\/\/dev.explora.cl\/coquimbo\/#\/schema\/logo\/image\/\",\"url\":\"https:\/\/dev.explora.cl\/coquimbo\/wp-content\/uploads\/sites\/6\/2020\/08\/cropped-Mesa-de-trabajo-1-100.jpg\",\"contentUrl\":\"https:\/\/dev.explora.cl\/coquimbo\/wp-content\/uploads\/sites\/6\/2020\/08\/cropped-Mesa-de-trabajo-1-100.jpg\",\"width\":615,\"height\":576,\"caption\":\"Coquimbo\"},\"image\":{\"@id\":\"https:\/\/dev.explora.cl\/coquimbo\/#\/schema\/logo\/image\/\"}},{\"@type\":\"Person\",\"@id\":\"https:\/\/dev.explora.cl\/coquimbo\/#\/schema\/person\/c171f405669e4e4f7e56a099200d2fe6\",\"name\":\"jimartin\",\"image\":{\"@type\":\"ImageObject\",\"inLanguage\":\"es-CL\",\"@id\":\"https:\/\/dev.explora.cl\/coquimbo\/#\/schema\/person\/image\/\",\"url\":\"https:\/\/secure.gravatar.com\/avatar\/8dfd7d14443934731a5aea629f40c1aceb42cc8b566a9926567e833c9d22b643?s=96&d=mm&r=g\",\"contentUrl\":\"https:\/\/secure.gravatar.com\/avatar\/8dfd7d14443934731a5aea629f40c1aceb42cc8b566a9926567e833c9d22b643?s=96&d=mm&r=g\",\"caption\":\"jimartin\"},\"url\":\"https:\/\/dev.explora.cl\/coquimbo\/author\/jimartin\/\"}]}<\/script>\n<!-- \/ Yoast SEO plugin. -->","yoast_head_json":{"title":"Columna: \"Arte-Ciencia: dos caminos que llevan al conocimiento de la propia existencia y del mundo\" - Coquimbo","robots":{"index":"index","follow":"follow","max-snippet":"max-snippet:-1","max-image-preview":"max-image-preview:large","max-video-preview":"max-video-preview:-1"},"canonical":"https:\/\/dev.explora.cl\/coquimbo\/columna-arte-ciencia-dos-caminos-que-llevan-al-conocimiento-de-la-propia-existencia-y-del-mundo\/","og_locale":"es_ES","og_type":"article","og_title":"Columna: \"Arte-Ciencia: dos caminos que llevan al conocimiento de la propia existencia y del mundo\" - Coquimbo","og_description":"Columna: \"Arte-Ciencia: dos caminos que llevan al conocimiento de la propia existencia y del mundo\"","og_url":"https:\/\/dev.explora.cl\/coquimbo\/columna-arte-ciencia-dos-caminos-que-llevan-al-conocimiento-de-la-propia-existencia-y-del-mundo\/","og_site_name":"Coquimbo","article_published_time":"2022-10-26T20:04:28+00:00","article_modified_time":"2022-11-30T22:06:33+00:00","og_image":[{"width":760,"height":457,"url":"https:\/\/dev.explora.cl\/coquimbo\/wp-content\/uploads\/sites\/6\/2022\/10\/Columna.jpg","type":"image\/jpeg"}],"author":"jimartin","twitter_card":"summary_large_image","twitter_misc":{"Escrito por":"jimartin","Tiempo estimado de lectura":"3 minutos"},"schema":{"@context":"https:\/\/schema.org","@graph":[{"@type":"Article","@id":"https:\/\/dev.explora.cl\/coquimbo\/columna-arte-ciencia-dos-caminos-que-llevan-al-conocimiento-de-la-propia-existencia-y-del-mundo\/#article","isPartOf":{"@id":"https:\/\/dev.explora.cl\/coquimbo\/columna-arte-ciencia-dos-caminos-que-llevan-al-conocimiento-de-la-propia-existencia-y-del-mundo\/"},"author":{"name":"jimartin","@id":"https:\/\/dev.explora.cl\/coquimbo\/#\/schema\/person\/c171f405669e4e4f7e56a099200d2fe6"},"headline":"Columna: &#8220;Arte-Ciencia: dos caminos que llevan al conocimiento de la propia existencia y del mundo&#8221;","datePublished":"2022-10-26T20:04:28+00:00","dateModified":"2022-11-30T22:06:33+00:00","mainEntityOfPage":{"@id":"https:\/\/dev.explora.cl\/coquimbo\/columna-arte-ciencia-dos-caminos-que-llevan-al-conocimiento-de-la-propia-existencia-y-del-mundo\/"},"wordCount":665,"commentCount":0,"publisher":{"@id":"https:\/\/dev.explora.cl\/coquimbo\/#organization"},"image":{"@id":"https:\/\/dev.explora.cl\/coquimbo\/columna-arte-ciencia-dos-caminos-que-llevan-al-conocimiento-de-la-propia-existencia-y-del-mundo\/#primaryimage"},"thumbnailUrl":"https:\/\/dev.explora.cl\/coquimbo\/wp-content\/uploads\/sites\/6\/2022\/10\/Columna.jpg","articleSection":["Noticias"],"inLanguage":"es-CL","potentialAction":[{"@type":"CommentAction","name":"Comment","target":["https:\/\/dev.explora.cl\/coquimbo\/columna-arte-ciencia-dos-caminos-que-llevan-al-conocimiento-de-la-propia-existencia-y-del-mundo\/#respond"]}]},{"@type":"WebPage","@id":"https:\/\/dev.explora.cl\/coquimbo\/columna-arte-ciencia-dos-caminos-que-llevan-al-conocimiento-de-la-propia-existencia-y-del-mundo\/","url":"https:\/\/dev.explora.cl\/coquimbo\/columna-arte-ciencia-dos-caminos-que-llevan-al-conocimiento-de-la-propia-existencia-y-del-mundo\/","name":"Columna: \"Arte-Ciencia: dos caminos que llevan al conocimiento de la propia existencia y del mundo\" - Coquimbo","isPartOf":{"@id":"https:\/\/dev.explora.cl\/coquimbo\/#website"},"primaryImageOfPage":{"@id":"https:\/\/dev.explora.cl\/coquimbo\/columna-arte-ciencia-dos-caminos-que-llevan-al-conocimiento-de-la-propia-existencia-y-del-mundo\/#primaryimage"},"image":{"@id":"https:\/\/dev.explora.cl\/coquimbo\/columna-arte-ciencia-dos-caminos-que-llevan-al-conocimiento-de-la-propia-existencia-y-del-mundo\/#primaryimage"},"thumbnailUrl":"https:\/\/dev.explora.cl\/coquimbo\/wp-content\/uploads\/sites\/6\/2022\/10\/Columna.jpg","datePublished":"2022-10-26T20:04:28+00:00","dateModified":"2022-11-30T22:06:33+00:00","breadcrumb":{"@id":"https:\/\/dev.explora.cl\/coquimbo\/columna-arte-ciencia-dos-caminos-que-llevan-al-conocimiento-de-la-propia-existencia-y-del-mundo\/#breadcrumb"},"inLanguage":"es-CL","potentialAction":[{"@type":"ReadAction","target":["https:\/\/dev.explora.cl\/coquimbo\/columna-arte-ciencia-dos-caminos-que-llevan-al-conocimiento-de-la-propia-existencia-y-del-mundo\/"]}]},{"@type":"ImageObject","inLanguage":"es-CL","@id":"https:\/\/dev.explora.cl\/coquimbo\/columna-arte-ciencia-dos-caminos-que-llevan-al-conocimiento-de-la-propia-existencia-y-del-mundo\/#primaryimage","url":"https:\/\/dev.explora.cl\/coquimbo\/wp-content\/uploads\/sites\/6\/2022\/10\/Columna.jpg","contentUrl":"https:\/\/dev.explora.cl\/coquimbo\/wp-content\/uploads\/sites\/6\/2022\/10\/Columna.jpg","width":760,"height":457},{"@type":"BreadcrumbList","@id":"https:\/\/dev.explora.cl\/coquimbo\/columna-arte-ciencia-dos-caminos-que-llevan-al-conocimiento-de-la-propia-existencia-y-del-mundo\/#breadcrumb","itemListElement":[{"@type":"ListItem","position":1,"name":"Portada","item":"https:\/\/dev.explora.cl\/coquimbo\/"},{"@type":"ListItem","position":2,"name":"Columna: &#8220;Arte-Ciencia: dos caminos que llevan al conocimiento de la propia existencia y del mundo&#8221;"}]},{"@type":"WebSite","@id":"https:\/\/dev.explora.cl\/coquimbo\/#website","url":"https:\/\/dev.explora.cl\/coquimbo\/","name":"Coquimbo","description":"Otro sitio m\u00e1s de dev.explora.cl","publisher":{"@id":"https:\/\/dev.explora.cl\/coquimbo\/#organization"},"potentialAction":[{"@type":"SearchAction","target":{"@type":"EntryPoint","urlTemplate":"https:\/\/dev.explora.cl\/coquimbo\/?s={search_term_string}"},"query-input":{"@type":"PropertyValueSpecification","valueRequired":true,"valueName":"search_term_string"}}],"inLanguage":"es-CL"},{"@type":"Organization","@id":"https:\/\/dev.explora.cl\/coquimbo\/#organization","name":"Coquimbo","url":"https:\/\/dev.explora.cl\/coquimbo\/","logo":{"@type":"ImageObject","inLanguage":"es-CL","@id":"https:\/\/dev.explora.cl\/coquimbo\/#\/schema\/logo\/image\/","url":"https:\/\/dev.explora.cl\/coquimbo\/wp-content\/uploads\/sites\/6\/2020\/08\/cropped-Mesa-de-trabajo-1-100.jpg","contentUrl":"https:\/\/dev.explora.cl\/coquimbo\/wp-content\/uploads\/sites\/6\/2020\/08\/cropped-Mesa-de-trabajo-1-100.jpg","width":615,"height":576,"caption":"Coquimbo"},"image":{"@id":"https:\/\/dev.explora.cl\/coquimbo\/#\/schema\/logo\/image\/"}},{"@type":"Person","@id":"https:\/\/dev.explora.cl\/coquimbo\/#\/schema\/person\/c171f405669e4e4f7e56a099200d2fe6","name":"jimartin","image":{"@type":"ImageObject","inLanguage":"es-CL","@id":"https:\/\/dev.explora.cl\/coquimbo\/#\/schema\/person\/image\/","url":"https:\/\/secure.gravatar.com\/avatar\/8dfd7d14443934731a5aea629f40c1aceb42cc8b566a9926567e833c9d22b643?s=96&d=mm&r=g","contentUrl":"https:\/\/secure.gravatar.com\/avatar\/8dfd7d14443934731a5aea629f40c1aceb42cc8b566a9926567e833c9d22b643?s=96&d=mm&r=g","caption":"jimartin"},"url":"https:\/\/dev.explora.cl\/coquimbo\/author\/jimartin\/"}]}},"_links":{"self":[{"href":"https:\/\/dev.explora.cl\/coquimbo\/wp-json\/wp\/v2\/posts\/42789","targetHints":{"allow":["GET"]}}],"collection":[{"href":"https:\/\/dev.explora.cl\/coquimbo\/wp-json\/wp\/v2\/posts"}],"about":[{"href":"https:\/\/dev.explora.cl\/coquimbo\/wp-json\/wp\/v2\/types\/post"}],"author":[{"embeddable":true,"href":"https:\/\/dev.explora.cl\/coquimbo\/wp-json\/wp\/v2\/users\/21"}],"replies":[{"embeddable":true,"href":"https:\/\/dev.explora.cl\/coquimbo\/wp-json\/wp\/v2\/comments?post=42789"}],"version-history":[{"count":7,"href":"https:\/\/dev.explora.cl\/coquimbo\/wp-json\/wp\/v2\/posts\/42789\/revisions"}],"predecessor-version":[{"id":42825,"href":"https:\/\/dev.explora.cl\/coquimbo\/wp-json\/wp\/v2\/posts\/42789\/revisions\/42825"}],"wp:featuredmedia":[{"embeddable":true,"href":"https:\/\/dev.explora.cl\/coquimbo\/wp-json\/wp\/v2\/media\/42792"}],"wp:attachment":[{"href":"https:\/\/dev.explora.cl\/coquimbo\/wp-json\/wp\/v2\/media?parent=42789"}],"wp:term":[{"taxonomy":"category","embeddable":true,"href":"https:\/\/dev.explora.cl\/coquimbo\/wp-json\/wp\/v2\/categories?post=42789"},{"taxonomy":"post_tag","embeddable":true,"href":"https:\/\/dev.explora.cl\/coquimbo\/wp-json\/wp\/v2\/tags?post=42789"}],"curies":[{"name":"wp","href":"https:\/\/api.w.org\/{rel}","templated":true}]}}