{"id":42657,"date":"2022-09-26T11:30:38","date_gmt":"2022-09-26T14:30:38","guid":{"rendered":"https:\/\/dev.explora.cl\/coquimbo\/?p=42657"},"modified":"2024-07-14T02:44:58","modified_gmt":"2024-07-14T06:44:58","slug":"programacion-feci-2022","status":"publish","type":"post","link":"https:\/\/dev.explora.cl\/coquimbo\/programacion-feci-2022\/","title":{"rendered":"Programaci\u00f3n FECI 2022"},"content":{"rendered":"<p>Te presentamos todas las actividades de este Festival de las Ciencias 2022 #FECI2022 aqu\u00ed:<\/p>\n<h3><strong>Domingo 2 de octubre<\/strong><\/h3>\n<h2>Festival Cada gota cuenta<\/h2>\n<p>Estaremos en la <strong>Plaza de Armas de La Serena<\/strong> (Los Carreras #456) <strong>desde las 12:00 a 17:00 horas<\/strong>. La actividad familiar mezclar\u00e1 ciencia, m\u00fasica y arte, todo esto guiado por nuestra superhero\u00edna del agua y humedal. Podr\u00e1s disfrutar de la compa\u00f1\u00eda de t\u00edteres Ojos de agua con la obra &#8220;La fortuna de Valle seco&#8221;, adem\u00e1s del espect\u00e1culo circense de Serendipia Producciones con la obra &#8220;La dualidad del agua&#8221; y adem\u00e1s, la presentaci\u00f3n de la Orquesta Barroca de La Serena. Compartiremos igualmente en el taller &#8220;El agua, la fuerza motriz que impulsa la creaci\u00f3n&#8221;, entre otras muchas actividades \u00a1te esperamos!<\/p>\n<h2>Taller de escritura creativa \u201cEl agua, la fuerza motriz que impulsa la creaci\u00f3n\u201d<\/h2>\n<p>Participa de este taller de escritura creativa \u201cEl agua, la fuerza motriz que impulsa la creaci\u00f3n\u201d a cargo de La Colectiva Creaci\u00f3n,\u00a0a las 13:00 h., en la Plaza de Armas de La Serena\u00a0 \u00a1Cupos limitados!<\/p>\n<p>Inscr\u00edbete aqu\u00ed:\u00a0<a target=\"_blank\" rel=\"noopener noreferrer\">Inscripciones Taller<\/a><\/p>\n<p>\u00a1Te esperamos!<\/p>\n<h3><strong>Martes 4 de octubre<\/strong><\/h3>\n<h2>Laboratorio Abierto: Tecnolog\u00edas al servicio del agua<\/h2>\n<p>Acomp\u00e1\u00f1anos en la comuna de <strong>Ovalle, en la Universidad de La Serena, Campus Limar\u00ed. (Av. La Paz #1008) desde las 10:00 a 14:00 horas.<\/strong> Realizaremos un recorrido por las dependencias del Laboratorio PROMMRA y el Consorcio Centro Tecnol\u00f3gico del Agua Quitai Anko, donde investigadores dar\u00e1n a conocer su trabajo, mostrando algunos equipamientos tecnol\u00f3gicos utilizados. Adem\u00e1s se realizar\u00e1 una charla sobre la realidad h\u00eddrica de la Regi\u00f3n de Coquimbo y el trabajo desarrollado en esta l\u00ednea, con el fin de acercar el conocimiento cient\u00edfico y promover el cuidado del agua.<\/p>\n<p>Inscr\u00edbete aqu\u00ed: <a target=\"_blank\" rel=\"noopener noreferrer\">Inscripciones Laboratorio Abierto <\/a><\/p>\n<p>\u00a1Te esperamos!<\/p>\n<h2>Ruta de exposiciones &#8220;Cada gota cuenta&#8221;: Exposici\u00f3n &#8220;Colores de la Sequ\u00eda&#8221;<\/h2>\n<p>Estaremos en el <strong>Centro Cultural de la comuna de Montepatria<\/strong> (Diaguitas #31), d<strong>esde las 11:00 a 15:00 horas.<\/strong> Podr\u00e1s disfrutar de ciencia y arte, en espec\u00edfico, tem\u00e1ticas como la sequ\u00eda con sus causas y consecuencias, \u00a1representada por sus propias creadoras! Sandra Tacuma y Daniella Contreras. Todo lo anterior acompa\u00f1ado de nuestra Super Hero\u00edna del agua \u00a1Te esperamos!<\/p>\n<h2>Itinerando la huella h\u00eddrica: CEAZA M\u00f3vil<\/h2>\n<p>Estaremos en la comuna de <strong>Salamanca en la Escuela Gisela Gamboa Salinas (Algarrobo s\/n Salamanca), desde las 11:00 a 14:00 horas,<\/strong> acercando el conocimiento cient\u00edfico a la comunidad , mediante un laboratorio m\u00f3vil que recorrer\u00e1 las comunas presentando la cri\u00f3sfera (capa de agua congelada del planeta), y su importancia a las reservas hidrol\u00f3gica de las zonas \u00e1ridas, destacando la investigaci\u00f3n cient\u00edfica que se realiza en la Regi\u00f3n de Coquimbo respecto a la escasez h\u00eddrica. \u00a1Te esperamos!<\/p>\n<h3><strong>Mi\u00e9rcoles 5 de octubre<\/strong><\/h3>\n<h2>Laboratorio Abierto , Centro de estudios avanzados en zonas \u00e1ridas (CEAZA)<\/h2>\n<p>Estaremos en la comuna de <strong>La Serena (Ra\u00fal Bitr\u00e1n #1305) desde las 10:00 a 12:00 horas.<\/strong> Estaremos recorriendo las dependencias del CEAZA, donde investigadores e investigadoras dar\u00e1n a conocer sus iniciativas, mostrando algunos equipamientos tecnol\u00f3gicos utilizados.<\/p>\n<p>Inscr\u00edbete: <a target=\"_blank\" rel=\"noopener noreferrer\">Inscripciones Laboratorio Abierto <\/a><\/p>\n<p>\u00a1Te esperamos!<\/p>\n<h2>Ruta de exposiciones &#8220;Cada gota cuenta&#8221;: Exposici\u00f3n &#8220;Oc\u00e9ano y Sociedad&#8221;<\/h2>\n<p>Estaremos en el Centro Cultural de la comuna de <strong>Illapel (Constituci\u00f3n #24), desde las 11:00 a 15:00<\/strong> <strong>horas<\/strong>. Podr\u00e1s conocer sobre recuperaci\u00f3n de playas, contaminaci\u00f3n marina, vida en el oc\u00e9ano, vida en las playas, energ\u00edas renovables y exploraci\u00f3n submarina. \u00a1Te esperamos!<\/p>\n<h3><strong>Jueves 6 de octubre<\/strong><\/h3>\n<h2>Charla: &#8220;Situaci\u00f3n h\u00eddrica de la regi\u00f3n de Coquimbo, un cambio de paradigma hacia la aridez&#8221;<\/h2>\n<p>Acomp\u00e1\u00f1anos en la <strong>Corporaci\u00f3n Cultural de Vicu\u00f1a (Chacabuco #334) a las 11:30 horas,<\/strong> para presenciar la charla dictada por\u00a0 Claudio V\u00e1squez Pinto, Gerente Corporativo, Centro de Estudios Avanzados en Zonas \u00c1ridas, CEAZA.<\/p>\n<p>Inscr\u00edbete: <a target=\"_blank\" rel=\"noopener noreferrer\">Inscripciones charla <\/a><\/p>\n<p>\u00a1Te esperamos!<\/p>\n<h2>Itinerando la huella h\u00eddrica: CEAZA M\u00f3vil<\/h2>\n<p>Estaremos en la comuna de <strong>Paihuano en el Liceo Mistraliano (D-485 133, Paihuano, Coquimbo), desde las 11:00 a 14:00 horas,<\/strong> acercando el conocimiento cient\u00edfico a la comunidad , mediante un laboratorio m\u00f3vil que recorrer\u00e1 las comunas presentando la cri\u00f3sfera (capa de agua congelada del planeta), y su importancia a las reservas hidrol\u00f3gica de las zonas \u00e1ridas, destacando la investigaci\u00f3n cient\u00edfica que se realiza en la Regi\u00f3n de Coquimbo respecto a la escasez h\u00eddrica. \u00a1Te esperamos!<\/p>\n<h3><strong>Viernes 7 de octubre<\/strong><\/h3>\n<h2>Visita guiada y taller fotogr\u00e1fico en el Humedal El Culebr\u00f3n<\/h2>\n<p>Estaremos en el <strong>Humedal El Culebr\u00f3n en la comuna de Coquimbo, desde las 16:00 a 18:00 horas.<\/strong> La actividad mezclar\u00e1 ciencia y arte mediante un recorrido por el lugar a cargo de Paloma N\u00fa\u00f1ez, divulgadora cient\u00edfica de CEAZA, quien estar\u00e1 acompa\u00f1ada por un fot\u00f3grafo quien impartir\u00e1 en paralelo un taller b\u00e1sico de fotograf\u00eda con sus tel\u00e9fonos m\u00f3viles a los participantes. Adem\u00e1s realizaremos una lectura de cuentos sobre los humedales y regalaremos ejemplares a los participantes. Verde Casino: new-age casino launched in 2022 that aims to give responsible players a fun and secure environment in which to play their favorite games and check out new releases first-hand. Punters can enjoy over 2,000 casino games already available in the game lobby, including slots, instant games, immersive 3D games, and live dealer games developed by top-tier software brands like NetEnt, BetSoft, Pragmatic Play, and Play\u2019n Go, among many others. <a href=\"https:\/\/verdecasinos.com\">Verde Casino \u2618\ufe0f: Official Website [Bonus \u20ac1,200 + 220 Free Spins]!<\/a> Join in the fun and start receiving lucrative rewards from the extensive selection of valuable casino bonuses and promotional offers!<\/p>\n<p>Inscr\u00edbete\u00a0<a target=\"_blank\" rel=\"noopener noreferrer\">Inscripciones Visita guiada<\/a><\/p>\n<p>\u00a1Te esperamos!<\/p>\n<p><strong>Para m\u00e1s informaci\u00f3n sobre el FECI en otras regiones, visita\u00a0<a href=\"https:\/\/festivaldelasciencias.cl\/\" target=\"_blank\" rel=\"noopener noreferrer\">festivaldelasciencias.cl<\/a><\/strong><\/p>\n","protected":false},"excerpt":{"rendered":"<p>Programaci\u00f3n FECI 2022<\/p>\n","protected":false},"author":21,"featured_media":42662,"comment_status":"open","ping_status":"open","sticky":false,"template":"","format":"standard","meta":{"_acf_changed":false,"_exactmetrics_skip_tracking":false,"_exactmetrics_sitenote_active":false,"_exactmetrics_sitenote_note":"","_exactmetrics_sitenote_category":0,"footnotes":"","_links_to":"","_links_to_target":""},"categories":[141,4],"tags":[],"class_list":["post-42657","post","type-post","status-publish","format-standard","has-post-thumbnail","hentry","category-lugar-6","category-noticias"],"acf":[],"yoast_head":"<!-- This site is optimized with the Yoast SEO plugin v26.7 - https:\/\/yoast.com\/wordpress\/plugins\/seo\/ -->\n<title>Programaci\u00f3n FECI 2022 - Coquimbo<\/title>\n<meta name=\"robots\" content=\"index, follow, max-snippet:-1, max-image-preview:large, max-video-preview:-1\" \/>\n<link rel=\"canonical\" href=\"https:\/\/dev.explora.cl\/coquimbo\/programacion-feci-2022\/\" class=\"yoast-seo-meta-tag\" \/>\n<meta property=\"og:locale\" content=\"es_ES\" class=\"yoast-seo-meta-tag\" \/>\n<meta property=\"og:type\" content=\"article\" class=\"yoast-seo-meta-tag\" \/>\n<meta property=\"og:title\" content=\"Programaci\u00f3n FECI 2022 - Coquimbo\" class=\"yoast-seo-meta-tag\" \/>\n<meta property=\"og:description\" content=\"Programaci\u00f3n FECI 2022\" class=\"yoast-seo-meta-tag\" \/>\n<meta property=\"og:url\" content=\"https:\/\/dev.explora.cl\/coquimbo\/programacion-feci-2022\/\" class=\"yoast-seo-meta-tag\" \/>\n<meta property=\"og:site_name\" content=\"Coquimbo\" class=\"yoast-seo-meta-tag\" \/>\n<meta property=\"article:published_time\" content=\"2022-09-26T14:30:38+00:00\" class=\"yoast-seo-meta-tag\" \/>\n<meta property=\"article:modified_time\" content=\"2024-07-14T06:44:58+00:00\" class=\"yoast-seo-meta-tag\" \/>\n<meta property=\"og:image\" content=\"https:\/\/dev.explora.cl\/coquimbo\/wp-content\/uploads\/sites\/6\/2022\/09\/FECI_banner-web.jpg\" class=\"yoast-seo-meta-tag\" \/>\n\t<meta property=\"og:image:width\" content=\"3535\" class=\"yoast-seo-meta-tag\" \/>\n\t<meta property=\"og:image:height\" content=\"2250\" class=\"yoast-seo-meta-tag\" \/>\n\t<meta property=\"og:image:type\" content=\"image\/jpeg\" class=\"yoast-seo-meta-tag\" \/>\n<meta name=\"author\" content=\"jimartin\" class=\"yoast-seo-meta-tag\" \/>\n<meta name=\"twitter:card\" content=\"summary_large_image\" class=\"yoast-seo-meta-tag\" \/>\n<meta name=\"twitter:label1\" content=\"Escrito por\" class=\"yoast-seo-meta-tag\" \/>\n\t<meta name=\"twitter:data1\" content=\"jimartin\" class=\"yoast-seo-meta-tag\" \/>\n\t<meta name=\"twitter:label2\" content=\"Tiempo estimado de lectura\" class=\"yoast-seo-meta-tag\" \/>\n\t<meta name=\"twitter:data2\" content=\"5 minutos\" class=\"yoast-seo-meta-tag\" \/>\n<script type=\"application\/ld+json\" class=\"yoast-schema-graph\">{\"@context\":\"https:\/\/schema.org\",\"@graph\":[{\"@type\":\"Article\",\"@id\":\"https:\/\/dev.explora.cl\/coquimbo\/programacion-feci-2022\/#article\",\"isPartOf\":{\"@id\":\"https:\/\/dev.explora.cl\/coquimbo\/programacion-feci-2022\/\"},\"author\":{\"name\":\"jimartin\",\"@id\":\"https:\/\/dev.explora.cl\/coquimbo\/#\/schema\/person\/c171f405669e4e4f7e56a099200d2fe6\"},\"headline\":\"Programaci\u00f3n FECI 2022\",\"datePublished\":\"2022-09-26T14:30:38+00:00\",\"dateModified\":\"2024-07-14T06:44:58+00:00\",\"mainEntityOfPage\":{\"@id\":\"https:\/\/dev.explora.cl\/coquimbo\/programacion-feci-2022\/\"},\"wordCount\":943,\"commentCount\":0,\"publisher\":{\"@id\":\"https:\/\/dev.explora.cl\/coquimbo\/#organization\"},\"image\":{\"@id\":\"https:\/\/dev.explora.cl\/coquimbo\/programacion-feci-2022\/#primaryimage\"},\"thumbnailUrl\":\"https:\/\/dev.explora.cl\/coquimbo\/wp-content\/uploads\/sites\/6\/2022\/09\/FECI_banner-web.jpg\",\"articleSection\":[\"Lugar 6\",\"Noticias\"],\"inLanguage\":\"es-CL\",\"potentialAction\":[{\"@type\":\"CommentAction\",\"name\":\"Comment\",\"target\":[\"https:\/\/dev.explora.cl\/coquimbo\/programacion-feci-2022\/#respond\"]}]},{\"@type\":\"WebPage\",\"@id\":\"https:\/\/dev.explora.cl\/coquimbo\/programacion-feci-2022\/\",\"url\":\"https:\/\/dev.explora.cl\/coquimbo\/programacion-feci-2022\/\",\"name\":\"Programaci\u00f3n FECI 2022 - Coquimbo\",\"isPartOf\":{\"@id\":\"https:\/\/dev.explora.cl\/coquimbo\/#website\"},\"primaryImageOfPage\":{\"@id\":\"https:\/\/dev.explora.cl\/coquimbo\/programacion-feci-2022\/#primaryimage\"},\"image\":{\"@id\":\"https:\/\/dev.explora.cl\/coquimbo\/programacion-feci-2022\/#primaryimage\"},\"thumbnailUrl\":\"https:\/\/dev.explora.cl\/coquimbo\/wp-content\/uploads\/sites\/6\/2022\/09\/FECI_banner-web.jpg\",\"datePublished\":\"2022-09-26T14:30:38+00:00\",\"dateModified\":\"2024-07-14T06:44:58+00:00\",\"breadcrumb\":{\"@id\":\"https:\/\/dev.explora.cl\/coquimbo\/programacion-feci-2022\/#breadcrumb\"},\"inLanguage\":\"es-CL\",\"potentialAction\":[{\"@type\":\"ReadAction\",\"target\":[\"https:\/\/dev.explora.cl\/coquimbo\/programacion-feci-2022\/\"]}]},{\"@type\":\"ImageObject\",\"inLanguage\":\"es-CL\",\"@id\":\"https:\/\/dev.explora.cl\/coquimbo\/programacion-feci-2022\/#primaryimage\",\"url\":\"https:\/\/dev.explora.cl\/coquimbo\/wp-content\/uploads\/sites\/6\/2022\/09\/FECI_banner-web.jpg\",\"contentUrl\":\"https:\/\/dev.explora.cl\/coquimbo\/wp-content\/uploads\/sites\/6\/2022\/09\/FECI_banner-web.jpg\",\"width\":3535,\"height\":2250},{\"@type\":\"BreadcrumbList\",\"@id\":\"https:\/\/dev.explora.cl\/coquimbo\/programacion-feci-2022\/#breadcrumb\",\"itemListElement\":[{\"@type\":\"ListItem\",\"position\":1,\"name\":\"Portada\",\"item\":\"https:\/\/dev.explora.cl\/coquimbo\/\"},{\"@type\":\"ListItem\",\"position\":2,\"name\":\"Programaci\u00f3n FECI 2022\"}]},{\"@type\":\"WebSite\",\"@id\":\"https:\/\/dev.explora.cl\/coquimbo\/#website\",\"url\":\"https:\/\/dev.explora.cl\/coquimbo\/\",\"name\":\"Coquimbo\",\"description\":\"Otro sitio m\u00e1s de dev.explora.cl\",\"publisher\":{\"@id\":\"https:\/\/dev.explora.cl\/coquimbo\/#organization\"},\"potentialAction\":[{\"@type\":\"SearchAction\",\"target\":{\"@type\":\"EntryPoint\",\"urlTemplate\":\"https:\/\/dev.explora.cl\/coquimbo\/?s={search_term_string}\"},\"query-input\":{\"@type\":\"PropertyValueSpecification\",\"valueRequired\":true,\"valueName\":\"search_term_string\"}}],\"inLanguage\":\"es-CL\"},{\"@type\":\"Organization\",\"@id\":\"https:\/\/dev.explora.cl\/coquimbo\/#organization\",\"name\":\"Coquimbo\",\"url\":\"https:\/\/dev.explora.cl\/coquimbo\/\",\"logo\":{\"@type\":\"ImageObject\",\"inLanguage\":\"es-CL\",\"@id\":\"https:\/\/dev.explora.cl\/coquimbo\/#\/schema\/logo\/image\/\",\"url\":\"https:\/\/dev.explora.cl\/coquimbo\/wp-content\/uploads\/sites\/6\/2020\/08\/cropped-Mesa-de-trabajo-1-100.jpg\",\"contentUrl\":\"https:\/\/dev.explora.cl\/coquimbo\/wp-content\/uploads\/sites\/6\/2020\/08\/cropped-Mesa-de-trabajo-1-100.jpg\",\"width\":615,\"height\":576,\"caption\":\"Coquimbo\"},\"image\":{\"@id\":\"https:\/\/dev.explora.cl\/coquimbo\/#\/schema\/logo\/image\/\"}},{\"@type\":\"Person\",\"@id\":\"https:\/\/dev.explora.cl\/coquimbo\/#\/schema\/person\/c171f405669e4e4f7e56a099200d2fe6\",\"name\":\"jimartin\",\"image\":{\"@type\":\"ImageObject\",\"inLanguage\":\"es-CL\",\"@id\":\"https:\/\/dev.explora.cl\/coquimbo\/#\/schema\/person\/image\/\",\"url\":\"https:\/\/secure.gravatar.com\/avatar\/8dfd7d14443934731a5aea629f40c1aceb42cc8b566a9926567e833c9d22b643?s=96&d=mm&r=g\",\"contentUrl\":\"https:\/\/secure.gravatar.com\/avatar\/8dfd7d14443934731a5aea629f40c1aceb42cc8b566a9926567e833c9d22b643?s=96&d=mm&r=g\",\"caption\":\"jimartin\"},\"url\":\"https:\/\/dev.explora.cl\/coquimbo\/author\/jimartin\/\"}]}<\/script>\n<!-- \/ Yoast SEO plugin. -->","yoast_head_json":{"title":"Programaci\u00f3n FECI 2022 - Coquimbo","robots":{"index":"index","follow":"follow","max-snippet":"max-snippet:-1","max-image-preview":"max-image-preview:large","max-video-preview":"max-video-preview:-1"},"canonical":"https:\/\/dev.explora.cl\/coquimbo\/programacion-feci-2022\/","og_locale":"es_ES","og_type":"article","og_title":"Programaci\u00f3n FECI 2022 - Coquimbo","og_description":"Programaci\u00f3n FECI 2022","og_url":"https:\/\/dev.explora.cl\/coquimbo\/programacion-feci-2022\/","og_site_name":"Coquimbo","article_published_time":"2022-09-26T14:30:38+00:00","article_modified_time":"2024-07-14T06:44:58+00:00","og_image":[{"width":3535,"height":2250,"url":"https:\/\/dev.explora.cl\/coquimbo\/wp-content\/uploads\/sites\/6\/2022\/09\/FECI_banner-web.jpg","type":"image\/jpeg"}],"author":"jimartin","twitter_card":"summary_large_image","twitter_misc":{"Escrito por":"jimartin","Tiempo estimado de lectura":"5 minutos"},"schema":{"@context":"https:\/\/schema.org","@graph":[{"@type":"Article","@id":"https:\/\/dev.explora.cl\/coquimbo\/programacion-feci-2022\/#article","isPartOf":{"@id":"https:\/\/dev.explora.cl\/coquimbo\/programacion-feci-2022\/"},"author":{"name":"jimartin","@id":"https:\/\/dev.explora.cl\/coquimbo\/#\/schema\/person\/c171f405669e4e4f7e56a099200d2fe6"},"headline":"Programaci\u00f3n FECI 2022","datePublished":"2022-09-26T14:30:38+00:00","dateModified":"2024-07-14T06:44:58+00:00","mainEntityOfPage":{"@id":"https:\/\/dev.explora.cl\/coquimbo\/programacion-feci-2022\/"},"wordCount":943,"commentCount":0,"publisher":{"@id":"https:\/\/dev.explora.cl\/coquimbo\/#organization"},"image":{"@id":"https:\/\/dev.explora.cl\/coquimbo\/programacion-feci-2022\/#primaryimage"},"thumbnailUrl":"https:\/\/dev.explora.cl\/coquimbo\/wp-content\/uploads\/sites\/6\/2022\/09\/FECI_banner-web.jpg","articleSection":["Lugar 6","Noticias"],"inLanguage":"es-CL","potentialAction":[{"@type":"CommentAction","name":"Comment","target":["https:\/\/dev.explora.cl\/coquimbo\/programacion-feci-2022\/#respond"]}]},{"@type":"WebPage","@id":"https:\/\/dev.explora.cl\/coquimbo\/programacion-feci-2022\/","url":"https:\/\/dev.explora.cl\/coquimbo\/programacion-feci-2022\/","name":"Programaci\u00f3n FECI 2022 - Coquimbo","isPartOf":{"@id":"https:\/\/dev.explora.cl\/coquimbo\/#website"},"primaryImageOfPage":{"@id":"https:\/\/dev.explora.cl\/coquimbo\/programacion-feci-2022\/#primaryimage"},"image":{"@id":"https:\/\/dev.explora.cl\/coquimbo\/programacion-feci-2022\/#primaryimage"},"thumbnailUrl":"https:\/\/dev.explora.cl\/coquimbo\/wp-content\/uploads\/sites\/6\/2022\/09\/FECI_banner-web.jpg","datePublished":"2022-09-26T14:30:38+00:00","dateModified":"2024-07-14T06:44:58+00:00","breadcrumb":{"@id":"https:\/\/dev.explora.cl\/coquimbo\/programacion-feci-2022\/#breadcrumb"},"inLanguage":"es-CL","potentialAction":[{"@type":"ReadAction","target":["https:\/\/dev.explora.cl\/coquimbo\/programacion-feci-2022\/"]}]},{"@type":"ImageObject","inLanguage":"es-CL","@id":"https:\/\/dev.explora.cl\/coquimbo\/programacion-feci-2022\/#primaryimage","url":"https:\/\/dev.explora.cl\/coquimbo\/wp-content\/uploads\/sites\/6\/2022\/09\/FECI_banner-web.jpg","contentUrl":"https:\/\/dev.explora.cl\/coquimbo\/wp-content\/uploads\/sites\/6\/2022\/09\/FECI_banner-web.jpg","width":3535,"height":2250},{"@type":"BreadcrumbList","@id":"https:\/\/dev.explora.cl\/coquimbo\/programacion-feci-2022\/#breadcrumb","itemListElement":[{"@type":"ListItem","position":1,"name":"Portada","item":"https:\/\/dev.explora.cl\/coquimbo\/"},{"@type":"ListItem","position":2,"name":"Programaci\u00f3n FECI 2022"}]},{"@type":"WebSite","@id":"https:\/\/dev.explora.cl\/coquimbo\/#website","url":"https:\/\/dev.explora.cl\/coquimbo\/","name":"Coquimbo","description":"Otro sitio m\u00e1s de dev.explora.cl","publisher":{"@id":"https:\/\/dev.explora.cl\/coquimbo\/#organization"},"potentialAction":[{"@type":"SearchAction","target":{"@type":"EntryPoint","urlTemplate":"https:\/\/dev.explora.cl\/coquimbo\/?s={search_term_string}"},"query-input":{"@type":"PropertyValueSpecification","valueRequired":true,"valueName":"search_term_string"}}],"inLanguage":"es-CL"},{"@type":"Organization","@id":"https:\/\/dev.explora.cl\/coquimbo\/#organization","name":"Coquimbo","url":"https:\/\/dev.explora.cl\/coquimbo\/","logo":{"@type":"ImageObject","inLanguage":"es-CL","@id":"https:\/\/dev.explora.cl\/coquimbo\/#\/schema\/logo\/image\/","url":"https:\/\/dev.explora.cl\/coquimbo\/wp-content\/uploads\/sites\/6\/2020\/08\/cropped-Mesa-de-trabajo-1-100.jpg","contentUrl":"https:\/\/dev.explora.cl\/coquimbo\/wp-content\/uploads\/sites\/6\/2020\/08\/cropped-Mesa-de-trabajo-1-100.jpg","width":615,"height":576,"caption":"Coquimbo"},"image":{"@id":"https:\/\/dev.explora.cl\/coquimbo\/#\/schema\/logo\/image\/"}},{"@type":"Person","@id":"https:\/\/dev.explora.cl\/coquimbo\/#\/schema\/person\/c171f405669e4e4f7e56a099200d2fe6","name":"jimartin","image":{"@type":"ImageObject","inLanguage":"es-CL","@id":"https:\/\/dev.explora.cl\/coquimbo\/#\/schema\/person\/image\/","url":"https:\/\/secure.gravatar.com\/avatar\/8dfd7d14443934731a5aea629f40c1aceb42cc8b566a9926567e833c9d22b643?s=96&d=mm&r=g","contentUrl":"https:\/\/secure.gravatar.com\/avatar\/8dfd7d14443934731a5aea629f40c1aceb42cc8b566a9926567e833c9d22b643?s=96&d=mm&r=g","caption":"jimartin"},"url":"https:\/\/dev.explora.cl\/coquimbo\/author\/jimartin\/"}]}},"_links":{"self":[{"href":"https:\/\/dev.explora.cl\/coquimbo\/wp-json\/wp\/v2\/posts\/42657","targetHints":{"allow":["GET"]}}],"collection":[{"href":"https:\/\/dev.explora.cl\/coquimbo\/wp-json\/wp\/v2\/posts"}],"about":[{"href":"https:\/\/dev.explora.cl\/coquimbo\/wp-json\/wp\/v2\/types\/post"}],"author":[{"embeddable":true,"href":"https:\/\/dev.explora.cl\/coquimbo\/wp-json\/wp\/v2\/users\/21"}],"replies":[{"embeddable":true,"href":"https:\/\/dev.explora.cl\/coquimbo\/wp-json\/wp\/v2\/comments?post=42657"}],"version-history":[{"count":18,"href":"https:\/\/dev.explora.cl\/coquimbo\/wp-json\/wp\/v2\/posts\/42657\/revisions"}],"predecessor-version":[{"id":43595,"href":"https:\/\/dev.explora.cl\/coquimbo\/wp-json\/wp\/v2\/posts\/42657\/revisions\/43595"}],"wp:featuredmedia":[{"embeddable":true,"href":"https:\/\/dev.explora.cl\/coquimbo\/wp-json\/wp\/v2\/media\/42662"}],"wp:attachment":[{"href":"https:\/\/dev.explora.cl\/coquimbo\/wp-json\/wp\/v2\/media?parent=42657"}],"wp:term":[{"taxonomy":"category","embeddable":true,"href":"https:\/\/dev.explora.cl\/coquimbo\/wp-json\/wp\/v2\/categories?post=42657"},{"taxonomy":"post_tag","embeddable":true,"href":"https:\/\/dev.explora.cl\/coquimbo\/wp-json\/wp\/v2\/tags?post=42657"}],"curies":[{"name":"wp","href":"https:\/\/api.w.org\/{rel}","templated":true}]}}