{"id":42575,"date":"2022-08-11T09:00:34","date_gmt":"2022-08-11T13:00:34","guid":{"rendered":"https:\/\/dev.explora.cl\/coquimbo\/?p=42575"},"modified":"2022-09-20T18:23:53","modified_gmt":"2022-09-20T21:23:53","slug":"la-ciencia-la-tecnologia-y-la-innovacion-se-acercaron-a-la-comunidad-gracias-la-feria-explorando-la-ciencia","status":"publish","type":"post","link":"https:\/\/dev.explora.cl\/coquimbo\/la-ciencia-la-tecnologia-y-la-innovacion-se-acercaron-a-la-comunidad-gracias-la-feria-explorando-la-ciencia\/","title":{"rendered":"La ciencia, la tecnolog\u00eda y la innovaci\u00f3n se acercaron a la comunidad gracias la feria \u201cExplorando la ciencia\u201d"},"content":{"rendered":"<p style=\"text-align: justify\"><em>El evento del Proyecto Explora Coquimbo permiti\u00f3 dar a conocer el trabajo de la comunidad cient\u00edfica de forma l\u00fadica y participativa a las personas, y asimismo, permiti\u00f3 lanzar las actividades de la iniciativa Ciencia Abierta, que tambi\u00e9n difundir\u00e1 el conocimiento en la regi\u00f3n. \u00a0<\/em><\/p>\n<p style=\"text-align: justify\">A fin de demostrar que la ciencia, la tecnolog\u00eda y la innovaci\u00f3n est\u00e1n en cada detalle de nuestra vida diaria, recientemente el <a href=\"https:\/\/dev.explora.cl\/coquimbo\">Proyecto Explora Coquimbo<\/a> del <a href=\"https:\/\/www.minciencia.gob.cl\/\">Ministerio de Ciencia<\/a> y ejecutado por la <a href=\"http:\/\/www.ucn.cl\">Universidad Cat\u00f3lica del Norte<\/a>, llev\u00f3 a cabo la <strong>feria \u201cExplorando la ciencia 2022\u201d, <\/strong>evento que permiti\u00f3 tambi\u00e9n lanzar oficialmente una nueva versi\u00f3n de la iniciativa <strong>Ciencia Abierta<\/strong>. <img loading=\"lazy\" decoding=\"async\" class=\" wp-image-42577 alignleft\" src=\"https:\/\/dev.explora.cl\/coquimbo\/wp-content\/uploads\/sites\/6\/2022\/08\/DSC03786horiz-300x200.jpg\" alt=\"\" width=\"353\" height=\"235\" srcset=\"https:\/\/dev.explora.cl\/coquimbo\/wp-content\/uploads\/sites\/6\/2022\/08\/DSC03786horiz-300x200.jpg 300w, https:\/\/dev.explora.cl\/coquimbo\/wp-content\/uploads\/sites\/6\/2022\/08\/DSC03786horiz-768x512.jpg 768w, https:\/\/dev.explora.cl\/coquimbo\/wp-content\/uploads\/sites\/6\/2022\/08\/DSC03786horiz-1024x683.jpg 1024w\" sizes=\"auto, (max-width: 353px) 100vw, 353px\" \/><\/p>\n<p style=\"text-align: justify\">La sede Libertad de la Universidad Santo Tom\u00e1s de La Serena fue el lugar que acogi\u00f3 este evento y la visita de cientos de personas que disfrutaron de una jornada gratuita y abierta a toda la comunidad, donde diversos stand dieron a conocer proyectos e iniciativas de divulgaci\u00f3n de ciencia, tecnolog\u00eda e innovaci\u00f3n, a fin de compartir y acercar el conocimiento a la comunidad; y tambi\u00e9n, fortalecer el v\u00ednculo entre la comunidad cient\u00edfica y la sociedad, a trav\u00e9s actividades l\u00fadicas y participativas.<\/p>\n<p style=\"text-align: justify\">La se\u00f1ora <strong>Nedelka Toro Castillo<\/strong> fue una de las personas que recorri\u00f3 los stand de la feria, donde hall\u00f3 a la PDI de Santiago que cont\u00f3 la forma c\u00f3mo realizan sus investigaciones, el <a href=\"http:\/\/ceaza.cl\/vehiculodelaciencia\/\">CEAZA M\u00f3vil<\/a>, telescopios de <a href=\"https:\/\/noirlab.edu\/public\/es\/about\/about-aura\/\">AURA | NOIRLab<\/a>, los <a href=\"http:\/\/www.cientificosdelabasura.cl\/\">Cient\u00edficos de la basura<\/a>, el <a href=\"http:\/\/consorcioquitaianko.cl\/\">Centro Tecnol\u00f3gico del Agua Quitai-Anko<\/a>, y stand de reciclaje y arqueolog\u00eda, entre otros. Al respecto, la visitante coment\u00f3 que pudo \u201cver cosas que yo no sab\u00eda.\u00a0 Es algo nuevo para uno, que tengo 58 a\u00f1os; entonces es importante que se incluya a personas de todas las edades, como el a\u00f1o pasado, donde tuvieron unos cursos de adultos mayores que encontr\u00e9 que estaban muy bien\u201d.<\/p>\n<p style=\"text-align: justify\">Por su parte, el <strong>Seremi de las Culturas, Artes y Patrimonio; Cedric Steinlen<\/strong>, expres\u00f3 al respecto que \u201ccomo gobierno estamos muy contentas y contentos de estar participando en esta feria, con una tremenda organizaci\u00f3n que nos muestra el desarrollo cient\u00edfico que tenemos en las regiones, y principalmente, nos permite socializar a las comunidades y a la sociedad en su conjunto sobre los avances de la ciencia\u201d.<\/p>\n<p style=\"text-align: justify\">En tanto, el <strong>Seremi de Econom\u00eda, Fomento y Turismo, Nicol\u00e1s Ledezma<\/strong>, subray\u00f3 \u201cla relevancia de este espacio de difusi\u00f3n del conocimiento cient\u00edfico, sobre todo a ni\u00f1os, ni\u00f1as y adolescentes; y creo que es s\u00faper importante que esto se replique para que a futuro tengamos nuevos cient\u00edficos en la regi\u00f3n colaborando con el desarrollo productivo y el desarrollo econ\u00f3mico que necesitamos\u201d.<\/p>\n<p style=\"text-align: justify\">Igualmente, el <strong>Gerente de extensi\u00f3n y comunicaciones de <\/strong><a href=\"https:\/\/noirlab.edu\/public\/es\/about\/about-aura\/\">AURA | NOIRLab<\/a><strong>, Manuel Paredes<\/strong>, destac\u00f3 la maravillosa oportunidad de participar junto al Proyecto Explora Coquimbo, \u201cuno de nuestros partners clave desde hace mucho tiempo, y estamos muy felices de colaborar y con la oportunidad de compartir con el p\u00fablico, de forma entretenida, despu\u00e9s de una pandemia que nos afectado tanto a todo el mundo, y sobre todo a las personas que interactuamos con la gente para hacerle llegar las cosas maravillosas que hacemos en las altas cumbres de la regi\u00f3n con nuestros telescopios\u201d.<\/p>\n<p>Mira aqu\u00ed un video resumen de la jornada:<\/p>\n<p><iframe loading=\"lazy\" title=\"Inauguraci\u00f3n Ciencia Abierta 2022 - Feria Explorando la ciencia\" width=\"1180\" height=\"664\" src=\"https:\/\/www.youtube.com\/embed\/FFpwib3ZiHk?feature=oembed\" frameborder=\"0\" allow=\"accelerometer; autoplay; clipboard-write; encrypted-media; gyroscope; picture-in-picture\" allowfullscreen><\/iframe><\/p>\n","protected":false},"excerpt":{"rendered":"<p>La ciencia, la tecnolog\u00eda y la innovaci\u00f3n se acercaron a la comunidad gracias la feria \u201cExplorando la ciencia\u201d <\/p>\n","protected":false},"author":21,"featured_media":42576,"comment_status":"open","ping_status":"open","sticky":false,"template":"","format":"standard","meta":{"_acf_changed":false,"_exactmetrics_skip_tracking":false,"_exactmetrics_sitenote_active":false,"_exactmetrics_sitenote_note":"","_exactmetrics_sitenote_category":0,"footnotes":"","_links_to":"","_links_to_target":""},"categories":[143,4],"tags":[],"class_list":["post-42575","post","type-post","status-publish","format-standard","has-post-thumbnail","hentry","category-lugar-8","category-noticias"],"acf":[],"yoast_head":"<!-- This site is optimized with the Yoast SEO plugin v26.7 - https:\/\/yoast.com\/wordpress\/plugins\/seo\/ -->\n<title>La ciencia, la tecnolog\u00eda y la innovaci\u00f3n se acercaron a la comunidad gracias la feria \u201cExplorando la ciencia\u201d - Coquimbo<\/title>\n<meta name=\"robots\" content=\"index, follow, max-snippet:-1, max-image-preview:large, max-video-preview:-1\" \/>\n<link rel=\"canonical\" href=\"https:\/\/dev.explora.cl\/coquimbo\/la-ciencia-la-tecnologia-y-la-innovacion-se-acercaron-a-la-comunidad-gracias-la-feria-explorando-la-ciencia\/\" class=\"yoast-seo-meta-tag\" \/>\n<meta property=\"og:locale\" content=\"es_ES\" class=\"yoast-seo-meta-tag\" \/>\n<meta property=\"og:type\" content=\"article\" class=\"yoast-seo-meta-tag\" \/>\n<meta property=\"og:title\" content=\"La ciencia, la tecnolog\u00eda y la innovaci\u00f3n se acercaron a la comunidad gracias la feria \u201cExplorando la ciencia\u201d - Coquimbo\" class=\"yoast-seo-meta-tag\" \/>\n<meta property=\"og:description\" content=\"La ciencia, la tecnolog\u00eda y la innovaci\u00f3n se acercaron a la comunidad gracias la feria \u201cExplorando la ciencia\u201d\" class=\"yoast-seo-meta-tag\" \/>\n<meta property=\"og:url\" content=\"https:\/\/dev.explora.cl\/coquimbo\/la-ciencia-la-tecnologia-y-la-innovacion-se-acercaron-a-la-comunidad-gracias-la-feria-explorando-la-ciencia\/\" class=\"yoast-seo-meta-tag\" \/>\n<meta property=\"og:site_name\" content=\"Coquimbo\" class=\"yoast-seo-meta-tag\" \/>\n<meta property=\"article:published_time\" content=\"2022-08-11T13:00:34+00:00\" class=\"yoast-seo-meta-tag\" \/>\n<meta property=\"article:modified_time\" content=\"2022-09-20T21:23:53+00:00\" class=\"yoast-seo-meta-tag\" \/>\n<meta property=\"og:image\" content=\"https:\/\/dev.explora.cl\/coquimbo\/wp-content\/uploads\/sites\/6\/2022\/08\/Feria-explorando-la-ciencia.jpg\" class=\"yoast-seo-meta-tag\" \/>\n\t<meta property=\"og:image:width\" content=\"760\" class=\"yoast-seo-meta-tag\" \/>\n\t<meta property=\"og:image:height\" content=\"457\" class=\"yoast-seo-meta-tag\" \/>\n\t<meta property=\"og:image:type\" content=\"image\/jpeg\" class=\"yoast-seo-meta-tag\" \/>\n<meta name=\"author\" content=\"jimartin\" class=\"yoast-seo-meta-tag\" \/>\n<meta name=\"twitter:card\" content=\"summary_large_image\" class=\"yoast-seo-meta-tag\" \/>\n<meta name=\"twitter:label1\" content=\"Escrito por\" class=\"yoast-seo-meta-tag\" \/>\n\t<meta name=\"twitter:data1\" content=\"jimartin\" class=\"yoast-seo-meta-tag\" \/>\n\t<meta name=\"twitter:label2\" content=\"Tiempo estimado de lectura\" class=\"yoast-seo-meta-tag\" \/>\n\t<meta name=\"twitter:data2\" content=\"3 minutos\" class=\"yoast-seo-meta-tag\" \/>\n<script type=\"application\/ld+json\" class=\"yoast-schema-graph\">{\"@context\":\"https:\/\/schema.org\",\"@graph\":[{\"@type\":\"Article\",\"@id\":\"https:\/\/dev.explora.cl\/coquimbo\/la-ciencia-la-tecnologia-y-la-innovacion-se-acercaron-a-la-comunidad-gracias-la-feria-explorando-la-ciencia\/#article\",\"isPartOf\":{\"@id\":\"https:\/\/dev.explora.cl\/coquimbo\/la-ciencia-la-tecnologia-y-la-innovacion-se-acercaron-a-la-comunidad-gracias-la-feria-explorando-la-ciencia\/\"},\"author\":{\"name\":\"jimartin\",\"@id\":\"https:\/\/dev.explora.cl\/coquimbo\/#\/schema\/person\/c171f405669e4e4f7e56a099200d2fe6\"},\"headline\":\"La ciencia, la tecnolog\u00eda y la innovaci\u00f3n se acercaron a la comunidad gracias la feria \u201cExplorando la ciencia\u201d\",\"datePublished\":\"2022-08-11T13:00:34+00:00\",\"dateModified\":\"2022-09-20T21:23:53+00:00\",\"mainEntityOfPage\":{\"@id\":\"https:\/\/dev.explora.cl\/coquimbo\/la-ciencia-la-tecnologia-y-la-innovacion-se-acercaron-a-la-comunidad-gracias-la-feria-explorando-la-ciencia\/\"},\"wordCount\":588,\"commentCount\":0,\"publisher\":{\"@id\":\"https:\/\/dev.explora.cl\/coquimbo\/#organization\"},\"image\":{\"@id\":\"https:\/\/dev.explora.cl\/coquimbo\/la-ciencia-la-tecnologia-y-la-innovacion-se-acercaron-a-la-comunidad-gracias-la-feria-explorando-la-ciencia\/#primaryimage\"},\"thumbnailUrl\":\"https:\/\/dev.explora.cl\/coquimbo\/wp-content\/uploads\/sites\/6\/2022\/08\/Feria-explorando-la-ciencia.jpg\",\"articleSection\":[\"Lugar 8\",\"Noticias\"],\"inLanguage\":\"es-CL\",\"potentialAction\":[{\"@type\":\"CommentAction\",\"name\":\"Comment\",\"target\":[\"https:\/\/dev.explora.cl\/coquimbo\/la-ciencia-la-tecnologia-y-la-innovacion-se-acercaron-a-la-comunidad-gracias-la-feria-explorando-la-ciencia\/#respond\"]}]},{\"@type\":\"WebPage\",\"@id\":\"https:\/\/dev.explora.cl\/coquimbo\/la-ciencia-la-tecnologia-y-la-innovacion-se-acercaron-a-la-comunidad-gracias-la-feria-explorando-la-ciencia\/\",\"url\":\"https:\/\/dev.explora.cl\/coquimbo\/la-ciencia-la-tecnologia-y-la-innovacion-se-acercaron-a-la-comunidad-gracias-la-feria-explorando-la-ciencia\/\",\"name\":\"La ciencia, la tecnolog\u00eda y la innovaci\u00f3n se acercaron a la comunidad gracias la feria \u201cExplorando la ciencia\u201d - Coquimbo\",\"isPartOf\":{\"@id\":\"https:\/\/dev.explora.cl\/coquimbo\/#website\"},\"primaryImageOfPage\":{\"@id\":\"https:\/\/dev.explora.cl\/coquimbo\/la-ciencia-la-tecnologia-y-la-innovacion-se-acercaron-a-la-comunidad-gracias-la-feria-explorando-la-ciencia\/#primaryimage\"},\"image\":{\"@id\":\"https:\/\/dev.explora.cl\/coquimbo\/la-ciencia-la-tecnologia-y-la-innovacion-se-acercaron-a-la-comunidad-gracias-la-feria-explorando-la-ciencia\/#primaryimage\"},\"thumbnailUrl\":\"https:\/\/dev.explora.cl\/coquimbo\/wp-content\/uploads\/sites\/6\/2022\/08\/Feria-explorando-la-ciencia.jpg\",\"datePublished\":\"2022-08-11T13:00:34+00:00\",\"dateModified\":\"2022-09-20T21:23:53+00:00\",\"breadcrumb\":{\"@id\":\"https:\/\/dev.explora.cl\/coquimbo\/la-ciencia-la-tecnologia-y-la-innovacion-se-acercaron-a-la-comunidad-gracias-la-feria-explorando-la-ciencia\/#breadcrumb\"},\"inLanguage\":\"es-CL\",\"potentialAction\":[{\"@type\":\"ReadAction\",\"target\":[\"https:\/\/dev.explora.cl\/coquimbo\/la-ciencia-la-tecnologia-y-la-innovacion-se-acercaron-a-la-comunidad-gracias-la-feria-explorando-la-ciencia\/\"]}]},{\"@type\":\"ImageObject\",\"inLanguage\":\"es-CL\",\"@id\":\"https:\/\/dev.explora.cl\/coquimbo\/la-ciencia-la-tecnologia-y-la-innovacion-se-acercaron-a-la-comunidad-gracias-la-feria-explorando-la-ciencia\/#primaryimage\",\"url\":\"https:\/\/dev.explora.cl\/coquimbo\/wp-content\/uploads\/sites\/6\/2022\/08\/Feria-explorando-la-ciencia.jpg\",\"contentUrl\":\"https:\/\/dev.explora.cl\/coquimbo\/wp-content\/uploads\/sites\/6\/2022\/08\/Feria-explorando-la-ciencia.jpg\",\"width\":760,\"height\":457},{\"@type\":\"BreadcrumbList\",\"@id\":\"https:\/\/dev.explora.cl\/coquimbo\/la-ciencia-la-tecnologia-y-la-innovacion-se-acercaron-a-la-comunidad-gracias-la-feria-explorando-la-ciencia\/#breadcrumb\",\"itemListElement\":[{\"@type\":\"ListItem\",\"position\":1,\"name\":\"Portada\",\"item\":\"https:\/\/dev.explora.cl\/coquimbo\/\"},{\"@type\":\"ListItem\",\"position\":2,\"name\":\"La ciencia, la tecnolog\u00eda y la innovaci\u00f3n se acercaron a la comunidad gracias la feria \u201cExplorando la ciencia\u201d\"}]},{\"@type\":\"WebSite\",\"@id\":\"https:\/\/dev.explora.cl\/coquimbo\/#website\",\"url\":\"https:\/\/dev.explora.cl\/coquimbo\/\",\"name\":\"Coquimbo\",\"description\":\"Otro sitio m\u00e1s de dev.explora.cl\",\"publisher\":{\"@id\":\"https:\/\/dev.explora.cl\/coquimbo\/#organization\"},\"potentialAction\":[{\"@type\":\"SearchAction\",\"target\":{\"@type\":\"EntryPoint\",\"urlTemplate\":\"https:\/\/dev.explora.cl\/coquimbo\/?s={search_term_string}\"},\"query-input\":{\"@type\":\"PropertyValueSpecification\",\"valueRequired\":true,\"valueName\":\"search_term_string\"}}],\"inLanguage\":\"es-CL\"},{\"@type\":\"Organization\",\"@id\":\"https:\/\/dev.explora.cl\/coquimbo\/#organization\",\"name\":\"Coquimbo\",\"url\":\"https:\/\/dev.explora.cl\/coquimbo\/\",\"logo\":{\"@type\":\"ImageObject\",\"inLanguage\":\"es-CL\",\"@id\":\"https:\/\/dev.explora.cl\/coquimbo\/#\/schema\/logo\/image\/\",\"url\":\"https:\/\/dev.explora.cl\/coquimbo\/wp-content\/uploads\/sites\/6\/2020\/08\/cropped-Mesa-de-trabajo-1-100.jpg\",\"contentUrl\":\"https:\/\/dev.explora.cl\/coquimbo\/wp-content\/uploads\/sites\/6\/2020\/08\/cropped-Mesa-de-trabajo-1-100.jpg\",\"width\":615,\"height\":576,\"caption\":\"Coquimbo\"},\"image\":{\"@id\":\"https:\/\/dev.explora.cl\/coquimbo\/#\/schema\/logo\/image\/\"}},{\"@type\":\"Person\",\"@id\":\"https:\/\/dev.explora.cl\/coquimbo\/#\/schema\/person\/c171f405669e4e4f7e56a099200d2fe6\",\"name\":\"jimartin\",\"image\":{\"@type\":\"ImageObject\",\"inLanguage\":\"es-CL\",\"@id\":\"https:\/\/dev.explora.cl\/coquimbo\/#\/schema\/person\/image\/\",\"url\":\"https:\/\/secure.gravatar.com\/avatar\/8dfd7d14443934731a5aea629f40c1aceb42cc8b566a9926567e833c9d22b643?s=96&d=mm&r=g\",\"contentUrl\":\"https:\/\/secure.gravatar.com\/avatar\/8dfd7d14443934731a5aea629f40c1aceb42cc8b566a9926567e833c9d22b643?s=96&d=mm&r=g\",\"caption\":\"jimartin\"},\"url\":\"https:\/\/dev.explora.cl\/coquimbo\/author\/jimartin\/\"}]}<\/script>\n<!-- \/ Yoast SEO plugin. -->","yoast_head_json":{"title":"La ciencia, la tecnolog\u00eda y la innovaci\u00f3n se acercaron a la comunidad gracias la feria \u201cExplorando la ciencia\u201d - Coquimbo","robots":{"index":"index","follow":"follow","max-snippet":"max-snippet:-1","max-image-preview":"max-image-preview:large","max-video-preview":"max-video-preview:-1"},"canonical":"https:\/\/dev.explora.cl\/coquimbo\/la-ciencia-la-tecnologia-y-la-innovacion-se-acercaron-a-la-comunidad-gracias-la-feria-explorando-la-ciencia\/","og_locale":"es_ES","og_type":"article","og_title":"La ciencia, la tecnolog\u00eda y la innovaci\u00f3n se acercaron a la comunidad gracias la feria \u201cExplorando la ciencia\u201d - Coquimbo","og_description":"La ciencia, la tecnolog\u00eda y la innovaci\u00f3n se acercaron a la comunidad gracias la feria \u201cExplorando la ciencia\u201d","og_url":"https:\/\/dev.explora.cl\/coquimbo\/la-ciencia-la-tecnologia-y-la-innovacion-se-acercaron-a-la-comunidad-gracias-la-feria-explorando-la-ciencia\/","og_site_name":"Coquimbo","article_published_time":"2022-08-11T13:00:34+00:00","article_modified_time":"2022-09-20T21:23:53+00:00","og_image":[{"width":760,"height":457,"url":"https:\/\/dev.explora.cl\/coquimbo\/wp-content\/uploads\/sites\/6\/2022\/08\/Feria-explorando-la-ciencia.jpg","type":"image\/jpeg"}],"author":"jimartin","twitter_card":"summary_large_image","twitter_misc":{"Escrito por":"jimartin","Tiempo estimado de lectura":"3 minutos"},"schema":{"@context":"https:\/\/schema.org","@graph":[{"@type":"Article","@id":"https:\/\/dev.explora.cl\/coquimbo\/la-ciencia-la-tecnologia-y-la-innovacion-se-acercaron-a-la-comunidad-gracias-la-feria-explorando-la-ciencia\/#article","isPartOf":{"@id":"https:\/\/dev.explora.cl\/coquimbo\/la-ciencia-la-tecnologia-y-la-innovacion-se-acercaron-a-la-comunidad-gracias-la-feria-explorando-la-ciencia\/"},"author":{"name":"jimartin","@id":"https:\/\/dev.explora.cl\/coquimbo\/#\/schema\/person\/c171f405669e4e4f7e56a099200d2fe6"},"headline":"La ciencia, la tecnolog\u00eda y la innovaci\u00f3n se acercaron a la comunidad gracias la feria \u201cExplorando la ciencia\u201d","datePublished":"2022-08-11T13:00:34+00:00","dateModified":"2022-09-20T21:23:53+00:00","mainEntityOfPage":{"@id":"https:\/\/dev.explora.cl\/coquimbo\/la-ciencia-la-tecnologia-y-la-innovacion-se-acercaron-a-la-comunidad-gracias-la-feria-explorando-la-ciencia\/"},"wordCount":588,"commentCount":0,"publisher":{"@id":"https:\/\/dev.explora.cl\/coquimbo\/#organization"},"image":{"@id":"https:\/\/dev.explora.cl\/coquimbo\/la-ciencia-la-tecnologia-y-la-innovacion-se-acercaron-a-la-comunidad-gracias-la-feria-explorando-la-ciencia\/#primaryimage"},"thumbnailUrl":"https:\/\/dev.explora.cl\/coquimbo\/wp-content\/uploads\/sites\/6\/2022\/08\/Feria-explorando-la-ciencia.jpg","articleSection":["Lugar 8","Noticias"],"inLanguage":"es-CL","potentialAction":[{"@type":"CommentAction","name":"Comment","target":["https:\/\/dev.explora.cl\/coquimbo\/la-ciencia-la-tecnologia-y-la-innovacion-se-acercaron-a-la-comunidad-gracias-la-feria-explorando-la-ciencia\/#respond"]}]},{"@type":"WebPage","@id":"https:\/\/dev.explora.cl\/coquimbo\/la-ciencia-la-tecnologia-y-la-innovacion-se-acercaron-a-la-comunidad-gracias-la-feria-explorando-la-ciencia\/","url":"https:\/\/dev.explora.cl\/coquimbo\/la-ciencia-la-tecnologia-y-la-innovacion-se-acercaron-a-la-comunidad-gracias-la-feria-explorando-la-ciencia\/","name":"La ciencia, la tecnolog\u00eda y la innovaci\u00f3n se acercaron a la comunidad gracias la feria \u201cExplorando la ciencia\u201d - Coquimbo","isPartOf":{"@id":"https:\/\/dev.explora.cl\/coquimbo\/#website"},"primaryImageOfPage":{"@id":"https:\/\/dev.explora.cl\/coquimbo\/la-ciencia-la-tecnologia-y-la-innovacion-se-acercaron-a-la-comunidad-gracias-la-feria-explorando-la-ciencia\/#primaryimage"},"image":{"@id":"https:\/\/dev.explora.cl\/coquimbo\/la-ciencia-la-tecnologia-y-la-innovacion-se-acercaron-a-la-comunidad-gracias-la-feria-explorando-la-ciencia\/#primaryimage"},"thumbnailUrl":"https:\/\/dev.explora.cl\/coquimbo\/wp-content\/uploads\/sites\/6\/2022\/08\/Feria-explorando-la-ciencia.jpg","datePublished":"2022-08-11T13:00:34+00:00","dateModified":"2022-09-20T21:23:53+00:00","breadcrumb":{"@id":"https:\/\/dev.explora.cl\/coquimbo\/la-ciencia-la-tecnologia-y-la-innovacion-se-acercaron-a-la-comunidad-gracias-la-feria-explorando-la-ciencia\/#breadcrumb"},"inLanguage":"es-CL","potentialAction":[{"@type":"ReadAction","target":["https:\/\/dev.explora.cl\/coquimbo\/la-ciencia-la-tecnologia-y-la-innovacion-se-acercaron-a-la-comunidad-gracias-la-feria-explorando-la-ciencia\/"]}]},{"@type":"ImageObject","inLanguage":"es-CL","@id":"https:\/\/dev.explora.cl\/coquimbo\/la-ciencia-la-tecnologia-y-la-innovacion-se-acercaron-a-la-comunidad-gracias-la-feria-explorando-la-ciencia\/#primaryimage","url":"https:\/\/dev.explora.cl\/coquimbo\/wp-content\/uploads\/sites\/6\/2022\/08\/Feria-explorando-la-ciencia.jpg","contentUrl":"https:\/\/dev.explora.cl\/coquimbo\/wp-content\/uploads\/sites\/6\/2022\/08\/Feria-explorando-la-ciencia.jpg","width":760,"height":457},{"@type":"BreadcrumbList","@id":"https:\/\/dev.explora.cl\/coquimbo\/la-ciencia-la-tecnologia-y-la-innovacion-se-acercaron-a-la-comunidad-gracias-la-feria-explorando-la-ciencia\/#breadcrumb","itemListElement":[{"@type":"ListItem","position":1,"name":"Portada","item":"https:\/\/dev.explora.cl\/coquimbo\/"},{"@type":"ListItem","position":2,"name":"La ciencia, la tecnolog\u00eda y la innovaci\u00f3n se acercaron a la comunidad gracias la feria \u201cExplorando la ciencia\u201d"}]},{"@type":"WebSite","@id":"https:\/\/dev.explora.cl\/coquimbo\/#website","url":"https:\/\/dev.explora.cl\/coquimbo\/","name":"Coquimbo","description":"Otro sitio m\u00e1s de dev.explora.cl","publisher":{"@id":"https:\/\/dev.explora.cl\/coquimbo\/#organization"},"potentialAction":[{"@type":"SearchAction","target":{"@type":"EntryPoint","urlTemplate":"https:\/\/dev.explora.cl\/coquimbo\/?s={search_term_string}"},"query-input":{"@type":"PropertyValueSpecification","valueRequired":true,"valueName":"search_term_string"}}],"inLanguage":"es-CL"},{"@type":"Organization","@id":"https:\/\/dev.explora.cl\/coquimbo\/#organization","name":"Coquimbo","url":"https:\/\/dev.explora.cl\/coquimbo\/","logo":{"@type":"ImageObject","inLanguage":"es-CL","@id":"https:\/\/dev.explora.cl\/coquimbo\/#\/schema\/logo\/image\/","url":"https:\/\/dev.explora.cl\/coquimbo\/wp-content\/uploads\/sites\/6\/2020\/08\/cropped-Mesa-de-trabajo-1-100.jpg","contentUrl":"https:\/\/dev.explora.cl\/coquimbo\/wp-content\/uploads\/sites\/6\/2020\/08\/cropped-Mesa-de-trabajo-1-100.jpg","width":615,"height":576,"caption":"Coquimbo"},"image":{"@id":"https:\/\/dev.explora.cl\/coquimbo\/#\/schema\/logo\/image\/"}},{"@type":"Person","@id":"https:\/\/dev.explora.cl\/coquimbo\/#\/schema\/person\/c171f405669e4e4f7e56a099200d2fe6","name":"jimartin","image":{"@type":"ImageObject","inLanguage":"es-CL","@id":"https:\/\/dev.explora.cl\/coquimbo\/#\/schema\/person\/image\/","url":"https:\/\/secure.gravatar.com\/avatar\/8dfd7d14443934731a5aea629f40c1aceb42cc8b566a9926567e833c9d22b643?s=96&d=mm&r=g","contentUrl":"https:\/\/secure.gravatar.com\/avatar\/8dfd7d14443934731a5aea629f40c1aceb42cc8b566a9926567e833c9d22b643?s=96&d=mm&r=g","caption":"jimartin"},"url":"https:\/\/dev.explora.cl\/coquimbo\/author\/jimartin\/"}]}},"_links":{"self":[{"href":"https:\/\/dev.explora.cl\/coquimbo\/wp-json\/wp\/v2\/posts\/42575","targetHints":{"allow":["GET"]}}],"collection":[{"href":"https:\/\/dev.explora.cl\/coquimbo\/wp-json\/wp\/v2\/posts"}],"about":[{"href":"https:\/\/dev.explora.cl\/coquimbo\/wp-json\/wp\/v2\/types\/post"}],"author":[{"embeddable":true,"href":"https:\/\/dev.explora.cl\/coquimbo\/wp-json\/wp\/v2\/users\/21"}],"replies":[{"embeddable":true,"href":"https:\/\/dev.explora.cl\/coquimbo\/wp-json\/wp\/v2\/comments?post=42575"}],"version-history":[{"count":4,"href":"https:\/\/dev.explora.cl\/coquimbo\/wp-json\/wp\/v2\/posts\/42575\/revisions"}],"predecessor-version":[{"id":42582,"href":"https:\/\/dev.explora.cl\/coquimbo\/wp-json\/wp\/v2\/posts\/42575\/revisions\/42582"}],"wp:featuredmedia":[{"embeddable":true,"href":"https:\/\/dev.explora.cl\/coquimbo\/wp-json\/wp\/v2\/media\/42576"}],"wp:attachment":[{"href":"https:\/\/dev.explora.cl\/coquimbo\/wp-json\/wp\/v2\/media?parent=42575"}],"wp:term":[{"taxonomy":"category","embeddable":true,"href":"https:\/\/dev.explora.cl\/coquimbo\/wp-json\/wp\/v2\/categories?post=42575"},{"taxonomy":"post_tag","embeddable":true,"href":"https:\/\/dev.explora.cl\/coquimbo\/wp-json\/wp\/v2\/tags?post=42575"}],"curies":[{"name":"wp","href":"https:\/\/api.w.org\/{rel}","templated":true}]}}