{"id":42461,"date":"2022-06-29T15:41:23","date_gmt":"2022-06-29T19:41:23","guid":{"rendered":"https:\/\/dev.explora.cl\/coquimbo\/?p=42461"},"modified":"2022-07-26T15:53:21","modified_gmt":"2022-07-26T19:53:21","slug":"proyecto-explora-coquimbo-convoca-a-la-comunidad-cientifica-a-promover-la-socializacion-y-apropiacion-del-conocimiento","status":"publish","type":"post","link":"https:\/\/dev.explora.cl\/coquimbo\/proyecto-explora-coquimbo-convoca-a-la-comunidad-cientifica-a-promover-la-socializacion-y-apropiacion-del-conocimiento\/","title":{"rendered":"Proyecto Explora Coquimbo convoca a la comunidad cient\u00edfica a promover la socializaci\u00f3n y apropiaci\u00f3n del conocimiento"},"content":{"rendered":"<p style=\"text-align: justify\"><em>La iniciativa \u201cCiencia Abierta\u201d, busca fortalecer el v\u00ednculo entre cient\u00edficas, cient\u00edficos y la sociedad, a trav\u00e9s de encuentros l\u00fadicos y participativos.<\/em><\/p>\n<p style=\"text-align: justify\">Una oportunidad para construir nuevos puentes entre las personas y la comunidad cient\u00edfica es uno de los principales objetivos de la iniciativa <strong>Ciencia Abierta<\/strong> del <a href=\"https:\/\/dev.explora.cl\/\">Programa Explora<\/a>, que en un nuevo a\u00f1o de ejecuci\u00f3n, pretende entregar conocimiento, de la forma m\u00e1s comprensiva posible, a ni\u00f1as, ni\u00f1os, j\u00f3venes, adultas y adultos.<\/p>\n<p style=\"text-align: justify\">En la <strong>Regi\u00f3n de Coquimbo<\/strong>, <strong>Ciencia Abierta<\/strong> es desarrollada por el <a href=\"https:\/\/dev.explora.cl\/coquimbo\">Proyecto Explora Coquimbo<\/a> de la <a href=\"http:\/\/www.ucn.cl\/\">Universidad Cat\u00f3lica del Norte<\/a>, y para ello, se invita a <strong>cient\u00edficas, cient\u00edficos, divulgadoras y divulgadores de ciencia<\/strong> que deseen sumarse a la actividad, a fin de que aporten su experticia y saberes a trav\u00e9s de charlas y conversatorios, las cuales se desarrollar\u00e1n de forma presencial y digital.<\/p>\n<p style=\"text-align: justify\">De esta forma, la iniciativa permitir\u00e1 <strong>fortalecer el v\u00ednculo entre la comunidad cient\u00edfica y la sociedad, a trav\u00e9s de encuentros l\u00fadicos y participativos, donde se promueve la socializaci\u00f3n y apropiaci\u00f3n del conocimiento.<\/strong> Al respecto, la <strong>encargada de Ciencia Abierta<\/strong>, <strong>Carolina Guerrero<\/strong>, sostiene que \u201cresulta fundamental contar con el apoyo y participaci\u00f3n de los investigadores, investigadoras, divulgadores y divulgadoras, ya que son un puente entre la ciencia y la comunidad, generando nuevos conocimientos cient\u00edficos en diferentes \u00e1reas del desarrollo humano\u201d.<\/p>\n<p style=\"text-align: justify\"><strong>\u00bfC\u00f3mo postular?<\/strong> Las investigadoras e investigadores interesados en ser protagonistas de <strong>Ciencia Abierta<\/strong>, deben enviar un correo a <a href=\"mailto:cienciaabiertacqbo@gmail.com\">cienciaabiertacqbo@gmail.com<\/a>, indicando como asunto: <strong>\u201cPostulaci\u00f3n a Ciencia Abierta 2022\u201d<\/strong>, y en el cuerpo del correo, se debe informar el nombre, correo electr\u00f3nico, n\u00famero de tel\u00e9fono y \u00e1reas de trabajo.<\/p>\n<p style=\"text-align: justify\">\u201cInvitamos a todos los cient\u00edficos, cient\u00edficas, divulgadoras y divulgadores del conocimiento a ser parte de esta iniciativa, que busca fortalecer el v\u00ednculo entre el mundo cient\u00edfico y la sociedad, a trav\u00e9s de exposiciones, intervenciones urbanas, talleres, entre otras actividades, promoviendo la socializaci\u00f3n y apropiaci\u00f3n del conocimiento\u201d, destaca, finalmente, Carolina Guerrero.<\/p>\n","protected":false},"excerpt":{"rendered":"<p>Proyecto Explora Coquimbo convoca a la comunidad cient\u00edfica a promover la socializaci\u00f3n y apropiaci\u00f3n del conocimiento<\/p>\n","protected":false},"author":21,"featured_media":42462,"comment_status":"open","ping_status":"open","sticky":false,"template":"","format":"standard","meta":{"_acf_changed":false,"_exactmetrics_skip_tracking":false,"_exactmetrics_sitenote_active":false,"_exactmetrics_sitenote_note":"","_exactmetrics_sitenote_category":0,"footnotes":"","_links_to":"","_links_to_target":""},"categories":[143,4],"tags":[],"class_list":["post-42461","post","type-post","status-publish","format-standard","has-post-thumbnail","hentry","category-lugar-8","category-noticias"],"acf":[],"yoast_head":"<!-- This site is optimized with the Yoast SEO plugin v26.7 - https:\/\/yoast.com\/wordpress\/plugins\/seo\/ -->\n<title>Proyecto Explora Coquimbo convoca a la comunidad cient\u00edfica a promover la socializaci\u00f3n y apropiaci\u00f3n del conocimiento - Coquimbo<\/title>\n<meta name=\"robots\" content=\"index, follow, max-snippet:-1, max-image-preview:large, max-video-preview:-1\" \/>\n<link rel=\"canonical\" href=\"https:\/\/dev.explora.cl\/coquimbo\/proyecto-explora-coquimbo-convoca-a-la-comunidad-cientifica-a-promover-la-socializacion-y-apropiacion-del-conocimiento\/\" class=\"yoast-seo-meta-tag\" \/>\n<meta property=\"og:locale\" content=\"es_ES\" class=\"yoast-seo-meta-tag\" \/>\n<meta property=\"og:type\" content=\"article\" class=\"yoast-seo-meta-tag\" \/>\n<meta property=\"og:title\" content=\"Proyecto Explora Coquimbo convoca a la comunidad cient\u00edfica a promover la socializaci\u00f3n y apropiaci\u00f3n del conocimiento - Coquimbo\" class=\"yoast-seo-meta-tag\" \/>\n<meta property=\"og:description\" content=\"Proyecto Explora Coquimbo convoca a la comunidad cient\u00edfica a promover la socializaci\u00f3n y apropiaci\u00f3n del conocimiento\" class=\"yoast-seo-meta-tag\" \/>\n<meta property=\"og:url\" content=\"https:\/\/dev.explora.cl\/coquimbo\/proyecto-explora-coquimbo-convoca-a-la-comunidad-cientifica-a-promover-la-socializacion-y-apropiacion-del-conocimiento\/\" class=\"yoast-seo-meta-tag\" \/>\n<meta property=\"og:site_name\" content=\"Coquimbo\" class=\"yoast-seo-meta-tag\" \/>\n<meta property=\"article:published_time\" content=\"2022-06-29T19:41:23+00:00\" class=\"yoast-seo-meta-tag\" \/>\n<meta property=\"article:modified_time\" content=\"2022-07-26T19:53:21+00:00\" class=\"yoast-seo-meta-tag\" \/>\n<meta property=\"og:image\" content=\"https:\/\/dev.explora.cl\/coquimbo\/wp-content\/uploads\/sites\/6\/2022\/06\/02_CA_ConvoCientificos_Banner-WEB.jpg\" class=\"yoast-seo-meta-tag\" \/>\n\t<meta property=\"og:image:width\" content=\"1210\" class=\"yoast-seo-meta-tag\" \/>\n\t<meta property=\"og:image:height\" content=\"780\" class=\"yoast-seo-meta-tag\" \/>\n\t<meta property=\"og:image:type\" content=\"image\/jpeg\" class=\"yoast-seo-meta-tag\" \/>\n<meta name=\"author\" content=\"jimartin\" class=\"yoast-seo-meta-tag\" \/>\n<meta name=\"twitter:card\" content=\"summary_large_image\" class=\"yoast-seo-meta-tag\" \/>\n<meta name=\"twitter:label1\" content=\"Escrito por\" class=\"yoast-seo-meta-tag\" \/>\n\t<meta name=\"twitter:data1\" content=\"jimartin\" class=\"yoast-seo-meta-tag\" \/>\n\t<meta name=\"twitter:label2\" content=\"Tiempo estimado de lectura\" class=\"yoast-seo-meta-tag\" \/>\n\t<meta name=\"twitter:data2\" content=\"2 minutos\" class=\"yoast-seo-meta-tag\" \/>\n<script type=\"application\/ld+json\" class=\"yoast-schema-graph\">{\"@context\":\"https:\/\/schema.org\",\"@graph\":[{\"@type\":\"Article\",\"@id\":\"https:\/\/dev.explora.cl\/coquimbo\/proyecto-explora-coquimbo-convoca-a-la-comunidad-cientifica-a-promover-la-socializacion-y-apropiacion-del-conocimiento\/#article\",\"isPartOf\":{\"@id\":\"https:\/\/dev.explora.cl\/coquimbo\/proyecto-explora-coquimbo-convoca-a-la-comunidad-cientifica-a-promover-la-socializacion-y-apropiacion-del-conocimiento\/\"},\"author\":{\"name\":\"jimartin\",\"@id\":\"https:\/\/dev.explora.cl\/coquimbo\/#\/schema\/person\/c171f405669e4e4f7e56a099200d2fe6\"},\"headline\":\"Proyecto Explora Coquimbo convoca a la comunidad cient\u00edfica a promover la socializaci\u00f3n y apropiaci\u00f3n del conocimiento\",\"datePublished\":\"2022-06-29T19:41:23+00:00\",\"dateModified\":\"2022-07-26T19:53:21+00:00\",\"mainEntityOfPage\":{\"@id\":\"https:\/\/dev.explora.cl\/coquimbo\/proyecto-explora-coquimbo-convoca-a-la-comunidad-cientifica-a-promover-la-socializacion-y-apropiacion-del-conocimiento\/\"},\"wordCount\":368,\"commentCount\":0,\"publisher\":{\"@id\":\"https:\/\/dev.explora.cl\/coquimbo\/#organization\"},\"image\":{\"@id\":\"https:\/\/dev.explora.cl\/coquimbo\/proyecto-explora-coquimbo-convoca-a-la-comunidad-cientifica-a-promover-la-socializacion-y-apropiacion-del-conocimiento\/#primaryimage\"},\"thumbnailUrl\":\"https:\/\/dev.explora.cl\/coquimbo\/wp-content\/uploads\/sites\/6\/2022\/06\/02_CA_ConvoCientificos_Banner-WEB.jpg\",\"articleSection\":[\"Lugar 8\",\"Noticias\"],\"inLanguage\":\"es-CL\",\"potentialAction\":[{\"@type\":\"CommentAction\",\"name\":\"Comment\",\"target\":[\"https:\/\/dev.explora.cl\/coquimbo\/proyecto-explora-coquimbo-convoca-a-la-comunidad-cientifica-a-promover-la-socializacion-y-apropiacion-del-conocimiento\/#respond\"]}]},{\"@type\":\"WebPage\",\"@id\":\"https:\/\/dev.explora.cl\/coquimbo\/proyecto-explora-coquimbo-convoca-a-la-comunidad-cientifica-a-promover-la-socializacion-y-apropiacion-del-conocimiento\/\",\"url\":\"https:\/\/dev.explora.cl\/coquimbo\/proyecto-explora-coquimbo-convoca-a-la-comunidad-cientifica-a-promover-la-socializacion-y-apropiacion-del-conocimiento\/\",\"name\":\"Proyecto Explora Coquimbo convoca a la comunidad cient\u00edfica a promover la socializaci\u00f3n y apropiaci\u00f3n del conocimiento - Coquimbo\",\"isPartOf\":{\"@id\":\"https:\/\/dev.explora.cl\/coquimbo\/#website\"},\"primaryImageOfPage\":{\"@id\":\"https:\/\/dev.explora.cl\/coquimbo\/proyecto-explora-coquimbo-convoca-a-la-comunidad-cientifica-a-promover-la-socializacion-y-apropiacion-del-conocimiento\/#primaryimage\"},\"image\":{\"@id\":\"https:\/\/dev.explora.cl\/coquimbo\/proyecto-explora-coquimbo-convoca-a-la-comunidad-cientifica-a-promover-la-socializacion-y-apropiacion-del-conocimiento\/#primaryimage\"},\"thumbnailUrl\":\"https:\/\/dev.explora.cl\/coquimbo\/wp-content\/uploads\/sites\/6\/2022\/06\/02_CA_ConvoCientificos_Banner-WEB.jpg\",\"datePublished\":\"2022-06-29T19:41:23+00:00\",\"dateModified\":\"2022-07-26T19:53:21+00:00\",\"breadcrumb\":{\"@id\":\"https:\/\/dev.explora.cl\/coquimbo\/proyecto-explora-coquimbo-convoca-a-la-comunidad-cientifica-a-promover-la-socializacion-y-apropiacion-del-conocimiento\/#breadcrumb\"},\"inLanguage\":\"es-CL\",\"potentialAction\":[{\"@type\":\"ReadAction\",\"target\":[\"https:\/\/dev.explora.cl\/coquimbo\/proyecto-explora-coquimbo-convoca-a-la-comunidad-cientifica-a-promover-la-socializacion-y-apropiacion-del-conocimiento\/\"]}]},{\"@type\":\"ImageObject\",\"inLanguage\":\"es-CL\",\"@id\":\"https:\/\/dev.explora.cl\/coquimbo\/proyecto-explora-coquimbo-convoca-a-la-comunidad-cientifica-a-promover-la-socializacion-y-apropiacion-del-conocimiento\/#primaryimage\",\"url\":\"https:\/\/dev.explora.cl\/coquimbo\/wp-content\/uploads\/sites\/6\/2022\/06\/02_CA_ConvoCientificos_Banner-WEB.jpg\",\"contentUrl\":\"https:\/\/dev.explora.cl\/coquimbo\/wp-content\/uploads\/sites\/6\/2022\/06\/02_CA_ConvoCientificos_Banner-WEB.jpg\",\"width\":1210,\"height\":780},{\"@type\":\"BreadcrumbList\",\"@id\":\"https:\/\/dev.explora.cl\/coquimbo\/proyecto-explora-coquimbo-convoca-a-la-comunidad-cientifica-a-promover-la-socializacion-y-apropiacion-del-conocimiento\/#breadcrumb\",\"itemListElement\":[{\"@type\":\"ListItem\",\"position\":1,\"name\":\"Portada\",\"item\":\"https:\/\/dev.explora.cl\/coquimbo\/\"},{\"@type\":\"ListItem\",\"position\":2,\"name\":\"Proyecto Explora Coquimbo convoca a la comunidad cient\u00edfica a promover la socializaci\u00f3n y apropiaci\u00f3n del conocimiento\"}]},{\"@type\":\"WebSite\",\"@id\":\"https:\/\/dev.explora.cl\/coquimbo\/#website\",\"url\":\"https:\/\/dev.explora.cl\/coquimbo\/\",\"name\":\"Coquimbo\",\"description\":\"Otro sitio m\u00e1s de dev.explora.cl\",\"publisher\":{\"@id\":\"https:\/\/dev.explora.cl\/coquimbo\/#organization\"},\"potentialAction\":[{\"@type\":\"SearchAction\",\"target\":{\"@type\":\"EntryPoint\",\"urlTemplate\":\"https:\/\/dev.explora.cl\/coquimbo\/?s={search_term_string}\"},\"query-input\":{\"@type\":\"PropertyValueSpecification\",\"valueRequired\":true,\"valueName\":\"search_term_string\"}}],\"inLanguage\":\"es-CL\"},{\"@type\":\"Organization\",\"@id\":\"https:\/\/dev.explora.cl\/coquimbo\/#organization\",\"name\":\"Coquimbo\",\"url\":\"https:\/\/dev.explora.cl\/coquimbo\/\",\"logo\":{\"@type\":\"ImageObject\",\"inLanguage\":\"es-CL\",\"@id\":\"https:\/\/dev.explora.cl\/coquimbo\/#\/schema\/logo\/image\/\",\"url\":\"https:\/\/dev.explora.cl\/coquimbo\/wp-content\/uploads\/sites\/6\/2020\/08\/cropped-Mesa-de-trabajo-1-100.jpg\",\"contentUrl\":\"https:\/\/dev.explora.cl\/coquimbo\/wp-content\/uploads\/sites\/6\/2020\/08\/cropped-Mesa-de-trabajo-1-100.jpg\",\"width\":615,\"height\":576,\"caption\":\"Coquimbo\"},\"image\":{\"@id\":\"https:\/\/dev.explora.cl\/coquimbo\/#\/schema\/logo\/image\/\"}},{\"@type\":\"Person\",\"@id\":\"https:\/\/dev.explora.cl\/coquimbo\/#\/schema\/person\/c171f405669e4e4f7e56a099200d2fe6\",\"name\":\"jimartin\",\"image\":{\"@type\":\"ImageObject\",\"inLanguage\":\"es-CL\",\"@id\":\"https:\/\/dev.explora.cl\/coquimbo\/#\/schema\/person\/image\/\",\"url\":\"https:\/\/secure.gravatar.com\/avatar\/8dfd7d14443934731a5aea629f40c1aceb42cc8b566a9926567e833c9d22b643?s=96&d=mm&r=g\",\"contentUrl\":\"https:\/\/secure.gravatar.com\/avatar\/8dfd7d14443934731a5aea629f40c1aceb42cc8b566a9926567e833c9d22b643?s=96&d=mm&r=g\",\"caption\":\"jimartin\"},\"url\":\"https:\/\/dev.explora.cl\/coquimbo\/author\/jimartin\/\"}]}<\/script>\n<!-- \/ Yoast SEO plugin. -->","yoast_head_json":{"title":"Proyecto Explora Coquimbo convoca a la comunidad cient\u00edfica a promover la socializaci\u00f3n y apropiaci\u00f3n del conocimiento - Coquimbo","robots":{"index":"index","follow":"follow","max-snippet":"max-snippet:-1","max-image-preview":"max-image-preview:large","max-video-preview":"max-video-preview:-1"},"canonical":"https:\/\/dev.explora.cl\/coquimbo\/proyecto-explora-coquimbo-convoca-a-la-comunidad-cientifica-a-promover-la-socializacion-y-apropiacion-del-conocimiento\/","og_locale":"es_ES","og_type":"article","og_title":"Proyecto Explora Coquimbo convoca a la comunidad cient\u00edfica a promover la socializaci\u00f3n y apropiaci\u00f3n del conocimiento - Coquimbo","og_description":"Proyecto Explora Coquimbo convoca a la comunidad cient\u00edfica a promover la socializaci\u00f3n y apropiaci\u00f3n del conocimiento","og_url":"https:\/\/dev.explora.cl\/coquimbo\/proyecto-explora-coquimbo-convoca-a-la-comunidad-cientifica-a-promover-la-socializacion-y-apropiacion-del-conocimiento\/","og_site_name":"Coquimbo","article_published_time":"2022-06-29T19:41:23+00:00","article_modified_time":"2022-07-26T19:53:21+00:00","og_image":[{"width":1210,"height":780,"url":"https:\/\/dev.explora.cl\/coquimbo\/wp-content\/uploads\/sites\/6\/2022\/06\/02_CA_ConvoCientificos_Banner-WEB.jpg","type":"image\/jpeg"}],"author":"jimartin","twitter_card":"summary_large_image","twitter_misc":{"Escrito por":"jimartin","Tiempo estimado de lectura":"2 minutos"},"schema":{"@context":"https:\/\/schema.org","@graph":[{"@type":"Article","@id":"https:\/\/dev.explora.cl\/coquimbo\/proyecto-explora-coquimbo-convoca-a-la-comunidad-cientifica-a-promover-la-socializacion-y-apropiacion-del-conocimiento\/#article","isPartOf":{"@id":"https:\/\/dev.explora.cl\/coquimbo\/proyecto-explora-coquimbo-convoca-a-la-comunidad-cientifica-a-promover-la-socializacion-y-apropiacion-del-conocimiento\/"},"author":{"name":"jimartin","@id":"https:\/\/dev.explora.cl\/coquimbo\/#\/schema\/person\/c171f405669e4e4f7e56a099200d2fe6"},"headline":"Proyecto Explora Coquimbo convoca a la comunidad cient\u00edfica a promover la socializaci\u00f3n y apropiaci\u00f3n del conocimiento","datePublished":"2022-06-29T19:41:23+00:00","dateModified":"2022-07-26T19:53:21+00:00","mainEntityOfPage":{"@id":"https:\/\/dev.explora.cl\/coquimbo\/proyecto-explora-coquimbo-convoca-a-la-comunidad-cientifica-a-promover-la-socializacion-y-apropiacion-del-conocimiento\/"},"wordCount":368,"commentCount":0,"publisher":{"@id":"https:\/\/dev.explora.cl\/coquimbo\/#organization"},"image":{"@id":"https:\/\/dev.explora.cl\/coquimbo\/proyecto-explora-coquimbo-convoca-a-la-comunidad-cientifica-a-promover-la-socializacion-y-apropiacion-del-conocimiento\/#primaryimage"},"thumbnailUrl":"https:\/\/dev.explora.cl\/coquimbo\/wp-content\/uploads\/sites\/6\/2022\/06\/02_CA_ConvoCientificos_Banner-WEB.jpg","articleSection":["Lugar 8","Noticias"],"inLanguage":"es-CL","potentialAction":[{"@type":"CommentAction","name":"Comment","target":["https:\/\/dev.explora.cl\/coquimbo\/proyecto-explora-coquimbo-convoca-a-la-comunidad-cientifica-a-promover-la-socializacion-y-apropiacion-del-conocimiento\/#respond"]}]},{"@type":"WebPage","@id":"https:\/\/dev.explora.cl\/coquimbo\/proyecto-explora-coquimbo-convoca-a-la-comunidad-cientifica-a-promover-la-socializacion-y-apropiacion-del-conocimiento\/","url":"https:\/\/dev.explora.cl\/coquimbo\/proyecto-explora-coquimbo-convoca-a-la-comunidad-cientifica-a-promover-la-socializacion-y-apropiacion-del-conocimiento\/","name":"Proyecto Explora Coquimbo convoca a la comunidad cient\u00edfica a promover la socializaci\u00f3n y apropiaci\u00f3n del conocimiento - Coquimbo","isPartOf":{"@id":"https:\/\/dev.explora.cl\/coquimbo\/#website"},"primaryImageOfPage":{"@id":"https:\/\/dev.explora.cl\/coquimbo\/proyecto-explora-coquimbo-convoca-a-la-comunidad-cientifica-a-promover-la-socializacion-y-apropiacion-del-conocimiento\/#primaryimage"},"image":{"@id":"https:\/\/dev.explora.cl\/coquimbo\/proyecto-explora-coquimbo-convoca-a-la-comunidad-cientifica-a-promover-la-socializacion-y-apropiacion-del-conocimiento\/#primaryimage"},"thumbnailUrl":"https:\/\/dev.explora.cl\/coquimbo\/wp-content\/uploads\/sites\/6\/2022\/06\/02_CA_ConvoCientificos_Banner-WEB.jpg","datePublished":"2022-06-29T19:41:23+00:00","dateModified":"2022-07-26T19:53:21+00:00","breadcrumb":{"@id":"https:\/\/dev.explora.cl\/coquimbo\/proyecto-explora-coquimbo-convoca-a-la-comunidad-cientifica-a-promover-la-socializacion-y-apropiacion-del-conocimiento\/#breadcrumb"},"inLanguage":"es-CL","potentialAction":[{"@type":"ReadAction","target":["https:\/\/dev.explora.cl\/coquimbo\/proyecto-explora-coquimbo-convoca-a-la-comunidad-cientifica-a-promover-la-socializacion-y-apropiacion-del-conocimiento\/"]}]},{"@type":"ImageObject","inLanguage":"es-CL","@id":"https:\/\/dev.explora.cl\/coquimbo\/proyecto-explora-coquimbo-convoca-a-la-comunidad-cientifica-a-promover-la-socializacion-y-apropiacion-del-conocimiento\/#primaryimage","url":"https:\/\/dev.explora.cl\/coquimbo\/wp-content\/uploads\/sites\/6\/2022\/06\/02_CA_ConvoCientificos_Banner-WEB.jpg","contentUrl":"https:\/\/dev.explora.cl\/coquimbo\/wp-content\/uploads\/sites\/6\/2022\/06\/02_CA_ConvoCientificos_Banner-WEB.jpg","width":1210,"height":780},{"@type":"BreadcrumbList","@id":"https:\/\/dev.explora.cl\/coquimbo\/proyecto-explora-coquimbo-convoca-a-la-comunidad-cientifica-a-promover-la-socializacion-y-apropiacion-del-conocimiento\/#breadcrumb","itemListElement":[{"@type":"ListItem","position":1,"name":"Portada","item":"https:\/\/dev.explora.cl\/coquimbo\/"},{"@type":"ListItem","position":2,"name":"Proyecto Explora Coquimbo convoca a la comunidad cient\u00edfica a promover la socializaci\u00f3n y apropiaci\u00f3n del conocimiento"}]},{"@type":"WebSite","@id":"https:\/\/dev.explora.cl\/coquimbo\/#website","url":"https:\/\/dev.explora.cl\/coquimbo\/","name":"Coquimbo","description":"Otro sitio m\u00e1s de dev.explora.cl","publisher":{"@id":"https:\/\/dev.explora.cl\/coquimbo\/#organization"},"potentialAction":[{"@type":"SearchAction","target":{"@type":"EntryPoint","urlTemplate":"https:\/\/dev.explora.cl\/coquimbo\/?s={search_term_string}"},"query-input":{"@type":"PropertyValueSpecification","valueRequired":true,"valueName":"search_term_string"}}],"inLanguage":"es-CL"},{"@type":"Organization","@id":"https:\/\/dev.explora.cl\/coquimbo\/#organization","name":"Coquimbo","url":"https:\/\/dev.explora.cl\/coquimbo\/","logo":{"@type":"ImageObject","inLanguage":"es-CL","@id":"https:\/\/dev.explora.cl\/coquimbo\/#\/schema\/logo\/image\/","url":"https:\/\/dev.explora.cl\/coquimbo\/wp-content\/uploads\/sites\/6\/2020\/08\/cropped-Mesa-de-trabajo-1-100.jpg","contentUrl":"https:\/\/dev.explora.cl\/coquimbo\/wp-content\/uploads\/sites\/6\/2020\/08\/cropped-Mesa-de-trabajo-1-100.jpg","width":615,"height":576,"caption":"Coquimbo"},"image":{"@id":"https:\/\/dev.explora.cl\/coquimbo\/#\/schema\/logo\/image\/"}},{"@type":"Person","@id":"https:\/\/dev.explora.cl\/coquimbo\/#\/schema\/person\/c171f405669e4e4f7e56a099200d2fe6","name":"jimartin","image":{"@type":"ImageObject","inLanguage":"es-CL","@id":"https:\/\/dev.explora.cl\/coquimbo\/#\/schema\/person\/image\/","url":"https:\/\/secure.gravatar.com\/avatar\/8dfd7d14443934731a5aea629f40c1aceb42cc8b566a9926567e833c9d22b643?s=96&d=mm&r=g","contentUrl":"https:\/\/secure.gravatar.com\/avatar\/8dfd7d14443934731a5aea629f40c1aceb42cc8b566a9926567e833c9d22b643?s=96&d=mm&r=g","caption":"jimartin"},"url":"https:\/\/dev.explora.cl\/coquimbo\/author\/jimartin\/"}]}},"_links":{"self":[{"href":"https:\/\/dev.explora.cl\/coquimbo\/wp-json\/wp\/v2\/posts\/42461","targetHints":{"allow":["GET"]}}],"collection":[{"href":"https:\/\/dev.explora.cl\/coquimbo\/wp-json\/wp\/v2\/posts"}],"about":[{"href":"https:\/\/dev.explora.cl\/coquimbo\/wp-json\/wp\/v2\/types\/post"}],"author":[{"embeddable":true,"href":"https:\/\/dev.explora.cl\/coquimbo\/wp-json\/wp\/v2\/users\/21"}],"replies":[{"embeddable":true,"href":"https:\/\/dev.explora.cl\/coquimbo\/wp-json\/wp\/v2\/comments?post=42461"}],"version-history":[{"count":1,"href":"https:\/\/dev.explora.cl\/coquimbo\/wp-json\/wp\/v2\/posts\/42461\/revisions"}],"predecessor-version":[{"id":42463,"href":"https:\/\/dev.explora.cl\/coquimbo\/wp-json\/wp\/v2\/posts\/42461\/revisions\/42463"}],"wp:featuredmedia":[{"embeddable":true,"href":"https:\/\/dev.explora.cl\/coquimbo\/wp-json\/wp\/v2\/media\/42462"}],"wp:attachment":[{"href":"https:\/\/dev.explora.cl\/coquimbo\/wp-json\/wp\/v2\/media?parent=42461"}],"wp:term":[{"taxonomy":"category","embeddable":true,"href":"https:\/\/dev.explora.cl\/coquimbo\/wp-json\/wp\/v2\/categories?post=42461"},{"taxonomy":"post_tag","embeddable":true,"href":"https:\/\/dev.explora.cl\/coquimbo\/wp-json\/wp\/v2\/tags?post=42461"}],"curies":[{"name":"wp","href":"https:\/\/api.w.org\/{rel}","templated":true}]}}