{"id":42452,"date":"2022-06-22T09:00:06","date_gmt":"2022-06-22T13:00:06","guid":{"rendered":"https:\/\/dev.explora.cl\/coquimbo\/?p=42452"},"modified":"2022-07-15T10:24:17","modified_gmt":"2022-07-15T14:24:17","slug":"estudiantes-de-monte-patria-investigan-flora-nativa-afectada-por-un-incendio-forestal","status":"publish","type":"post","link":"https:\/\/dev.explora.cl\/coquimbo\/estudiantes-de-monte-patria-investigan-flora-nativa-afectada-por-un-incendio-forestal\/","title":{"rendered":"Estudiantes de Monte Patria investigan flora nativa afectada por un incendio forestal"},"content":{"rendered":"<p style=\"text-align: justify\"><em>El trabajo, desarrollado por estudiantes de la escuela b\u00e1sica La Uni\u00f3n, del sector El Coipo, contempl\u00f3 una salida a terreno al sector El Pe\u00f1\u00f3n para identificar las especies afectadas por el siniestro.<\/em><\/p>\n<p style=\"text-align: justify\">\u00bfQu\u00e9 ocurre con las especies vegetales luego de un incendio? \u00bfEs posible que plantas, arbustos y \u00e1rboles se regeneren? Estas y otras preguntas se han planteado las y los estudiantes de la <strong>escuela b\u00e1sica La Uni\u00f3n, del sector El Coipo<\/strong>, que est\u00e1n investigando la flora nativa quemada por un incendio forestal que afect\u00f3 a las localidades de <strong>El Coipo, \u00a0El Pe\u00f1\u00f3n y Semita<\/strong> en la comuna de Monte Patria.<\/p>\n<p style=\"text-align: justify\">El trabajo se desarrolla en el marco del <a href=\"https:\/\/dev.explora.cl\/blog\/investigacion-escolar-1\/\">Programa de Investigaci\u00f3n e Innovaci\u00f3n Escolar, IIE<\/a>, que desarrolla el <a href=\"https:\/\/dev.explora.cl\/coquimbo\/\">Proyecto Explora Coquimbo<\/a> del <a href=\"https:\/\/www.minciencia.gob.cl\/\">Ministerio de Ciencia<\/a> y ejecutado por la <a href=\"http:\/\/www.ucn.cl\">Universidad Cat\u00f3lica del Norte<\/a>. El proyecto, llevado a cabo por la comunidad escolar, presenta varias etapas, y entre ellas, se encuentra\u00a0 el desarrollo de actividades en terreno.<\/p>\n<p style=\"text-align: justify\">En este marco, y considerando que en junio se celebra el Mes del medio ambiente, alumnos, alumnas, docentes y apoderados, guiados por el profesor <strong>Eduardo Jaime<\/strong>, realizaron una salida pedag\u00f3gica al sector El Pe\u00f1\u00f3n, a orillas del r\u00edo grande de Monte Patria, a fin de indentificar las diversas plantas que fueron afectadas por el incendio forestal ocurrido all\u00ed en el mes de abril.<\/p>\n<p style=\"text-align: justify\">Seg\u00fan coment\u00f3 el docente, la salida a terreno permiti\u00f3 reconocer algunas especies de plantas nativas quemadas en el incendio, \u201ctales como sauces, espinos, maitenes y molles, entre otras especies nativas que crecen en este tipo de bosque tupido que se ubica en este ecosistema natural\u201d, detall\u00f3.<\/p>\n<p style=\"text-align: justify\"><strong>Especies que renacen<\/strong><\/p>\n<p style=\"text-align: justify\">Ademas, agreg\u00f3 el profesor Eduardo, las y los ni\u00f1os descubrieron que especies, tanto nativas como for\u00e1neas, est\u00e1n brotando primero despu\u00e9s de ocurrido el incendio, \u201ccomo por ejemplo, las ca\u00f1as, plantas que antiguamente en la zona eran utilizadas para hacer canastos; conjuntamente con una planta que las personas del sector conocen como cul\u00e9n, especie nativa que es utilizada para infusiones y ba\u00f1os para los dolores reum\u00e1ticos\u201d.<\/p>\n<p style=\"text-align: justify\">\u201cLos ni\u00f1os y ni\u00f1as \u00a0pudieron reconocer estas especies, escribiendo sus nombres y usos, y\u00a0 tambi\u00e9n, comprendieron c\u00f3mo estas plantas, luego de los incendios, vuelven a recuperase para ocupar estos espacios naturales\u201d,\u00a0 coment\u00f3 tambi\u00e9n el educador, a\u00f1adiendo que debido a esta raz\u00f3n, \u201cresulta importante generar nuevos puentes entre la escuela y la comunidad, a fin de conocer la importancia de estos ecosistemas para el desarrollo de la vida en el planeta, y tambi\u00e9n, advertir c\u00f3mo la flora es un recurso que sigue siendo utilizado por las comunidades rurales\u201d.<\/p>\n<p>&nbsp;<\/p>\n","protected":false},"excerpt":{"rendered":"<p>Estudiantes de Monte Patria investigan flora nativa afectada  por un incendio forestal<\/p>\n","protected":false},"author":21,"featured_media":42453,"comment_status":"open","ping_status":"open","sticky":false,"template":"","format":"standard","meta":{"_acf_changed":false,"_exactmetrics_skip_tracking":false,"_exactmetrics_sitenote_active":false,"_exactmetrics_sitenote_note":"","_exactmetrics_sitenote_category":0,"footnotes":"","_links_to":"","_links_to_target":""},"categories":[143,4],"tags":[],"class_list":["post-42452","post","type-post","status-publish","format-standard","has-post-thumbnail","hentry","category-lugar-8","category-noticias"],"acf":[],"yoast_head":"<!-- This site is optimized with the Yoast SEO plugin v26.7 - https:\/\/yoast.com\/wordpress\/plugins\/seo\/ -->\n<title>Estudiantes de Monte Patria investigan flora nativa afectada por un incendio forestal - Coquimbo<\/title>\n<meta name=\"robots\" content=\"index, follow, max-snippet:-1, max-image-preview:large, max-video-preview:-1\" \/>\n<link rel=\"canonical\" href=\"https:\/\/dev.explora.cl\/coquimbo\/estudiantes-de-monte-patria-investigan-flora-nativa-afectada-por-un-incendio-forestal\/\" class=\"yoast-seo-meta-tag\" \/>\n<meta property=\"og:locale\" content=\"es_ES\" class=\"yoast-seo-meta-tag\" \/>\n<meta property=\"og:type\" content=\"article\" class=\"yoast-seo-meta-tag\" \/>\n<meta property=\"og:title\" content=\"Estudiantes de Monte Patria investigan flora nativa afectada por un incendio forestal - Coquimbo\" class=\"yoast-seo-meta-tag\" \/>\n<meta property=\"og:description\" content=\"Estudiantes de Monte Patria investigan flora nativa afectada por un incendio forestal\" class=\"yoast-seo-meta-tag\" \/>\n<meta property=\"og:url\" content=\"https:\/\/dev.explora.cl\/coquimbo\/estudiantes-de-monte-patria-investigan-flora-nativa-afectada-por-un-incendio-forestal\/\" class=\"yoast-seo-meta-tag\" \/>\n<meta property=\"og:site_name\" content=\"Coquimbo\" class=\"yoast-seo-meta-tag\" \/>\n<meta property=\"article:published_time\" content=\"2022-06-22T13:00:06+00:00\" class=\"yoast-seo-meta-tag\" \/>\n<meta property=\"article:modified_time\" content=\"2022-07-15T14:24:17+00:00\" class=\"yoast-seo-meta-tag\" \/>\n<meta property=\"og:image\" content=\"https:\/\/dev.explora.cl\/coquimbo\/wp-content\/uploads\/sites\/6\/2022\/06\/escuela-Monte-Patria.jpg\" class=\"yoast-seo-meta-tag\" \/>\n\t<meta property=\"og:image:width\" content=\"760\" class=\"yoast-seo-meta-tag\" \/>\n\t<meta property=\"og:image:height\" content=\"457\" class=\"yoast-seo-meta-tag\" \/>\n\t<meta property=\"og:image:type\" content=\"image\/jpeg\" class=\"yoast-seo-meta-tag\" \/>\n<meta name=\"author\" content=\"jimartin\" class=\"yoast-seo-meta-tag\" \/>\n<meta name=\"twitter:card\" content=\"summary_large_image\" class=\"yoast-seo-meta-tag\" \/>\n<meta name=\"twitter:label1\" content=\"Escrito por\" class=\"yoast-seo-meta-tag\" \/>\n\t<meta name=\"twitter:data1\" content=\"jimartin\" class=\"yoast-seo-meta-tag\" \/>\n\t<meta name=\"twitter:label2\" content=\"Tiempo estimado de lectura\" class=\"yoast-seo-meta-tag\" \/>\n\t<meta name=\"twitter:data2\" content=\"2 minutos\" class=\"yoast-seo-meta-tag\" \/>\n<script type=\"application\/ld+json\" class=\"yoast-schema-graph\">{\"@context\":\"https:\/\/schema.org\",\"@graph\":[{\"@type\":\"Article\",\"@id\":\"https:\/\/dev.explora.cl\/coquimbo\/estudiantes-de-monte-patria-investigan-flora-nativa-afectada-por-un-incendio-forestal\/#article\",\"isPartOf\":{\"@id\":\"https:\/\/dev.explora.cl\/coquimbo\/estudiantes-de-monte-patria-investigan-flora-nativa-afectada-por-un-incendio-forestal\/\"},\"author\":{\"name\":\"jimartin\",\"@id\":\"https:\/\/dev.explora.cl\/coquimbo\/#\/schema\/person\/c171f405669e4e4f7e56a099200d2fe6\"},\"headline\":\"Estudiantes de Monte Patria investigan flora nativa afectada por un incendio forestal\",\"datePublished\":\"2022-06-22T13:00:06+00:00\",\"dateModified\":\"2022-07-15T14:24:17+00:00\",\"mainEntityOfPage\":{\"@id\":\"https:\/\/dev.explora.cl\/coquimbo\/estudiantes-de-monte-patria-investigan-flora-nativa-afectada-por-un-incendio-forestal\/\"},\"wordCount\":465,\"commentCount\":0,\"publisher\":{\"@id\":\"https:\/\/dev.explora.cl\/coquimbo\/#organization\"},\"image\":{\"@id\":\"https:\/\/dev.explora.cl\/coquimbo\/estudiantes-de-monte-patria-investigan-flora-nativa-afectada-por-un-incendio-forestal\/#primaryimage\"},\"thumbnailUrl\":\"https:\/\/dev.explora.cl\/coquimbo\/wp-content\/uploads\/sites\/6\/2022\/06\/escuela-Monte-Patria.jpg\",\"articleSection\":[\"Lugar 8\",\"Noticias\"],\"inLanguage\":\"es-CL\",\"potentialAction\":[{\"@type\":\"CommentAction\",\"name\":\"Comment\",\"target\":[\"https:\/\/dev.explora.cl\/coquimbo\/estudiantes-de-monte-patria-investigan-flora-nativa-afectada-por-un-incendio-forestal\/#respond\"]}]},{\"@type\":\"WebPage\",\"@id\":\"https:\/\/dev.explora.cl\/coquimbo\/estudiantes-de-monte-patria-investigan-flora-nativa-afectada-por-un-incendio-forestal\/\",\"url\":\"https:\/\/dev.explora.cl\/coquimbo\/estudiantes-de-monte-patria-investigan-flora-nativa-afectada-por-un-incendio-forestal\/\",\"name\":\"Estudiantes de Monte Patria investigan flora nativa afectada por un incendio forestal - Coquimbo\",\"isPartOf\":{\"@id\":\"https:\/\/dev.explora.cl\/coquimbo\/#website\"},\"primaryImageOfPage\":{\"@id\":\"https:\/\/dev.explora.cl\/coquimbo\/estudiantes-de-monte-patria-investigan-flora-nativa-afectada-por-un-incendio-forestal\/#primaryimage\"},\"image\":{\"@id\":\"https:\/\/dev.explora.cl\/coquimbo\/estudiantes-de-monte-patria-investigan-flora-nativa-afectada-por-un-incendio-forestal\/#primaryimage\"},\"thumbnailUrl\":\"https:\/\/dev.explora.cl\/coquimbo\/wp-content\/uploads\/sites\/6\/2022\/06\/escuela-Monte-Patria.jpg\",\"datePublished\":\"2022-06-22T13:00:06+00:00\",\"dateModified\":\"2022-07-15T14:24:17+00:00\",\"breadcrumb\":{\"@id\":\"https:\/\/dev.explora.cl\/coquimbo\/estudiantes-de-monte-patria-investigan-flora-nativa-afectada-por-un-incendio-forestal\/#breadcrumb\"},\"inLanguage\":\"es-CL\",\"potentialAction\":[{\"@type\":\"ReadAction\",\"target\":[\"https:\/\/dev.explora.cl\/coquimbo\/estudiantes-de-monte-patria-investigan-flora-nativa-afectada-por-un-incendio-forestal\/\"]}]},{\"@type\":\"ImageObject\",\"inLanguage\":\"es-CL\",\"@id\":\"https:\/\/dev.explora.cl\/coquimbo\/estudiantes-de-monte-patria-investigan-flora-nativa-afectada-por-un-incendio-forestal\/#primaryimage\",\"url\":\"https:\/\/dev.explora.cl\/coquimbo\/wp-content\/uploads\/sites\/6\/2022\/06\/escuela-Monte-Patria.jpg\",\"contentUrl\":\"https:\/\/dev.explora.cl\/coquimbo\/wp-content\/uploads\/sites\/6\/2022\/06\/escuela-Monte-Patria.jpg\",\"width\":760,\"height\":457},{\"@type\":\"BreadcrumbList\",\"@id\":\"https:\/\/dev.explora.cl\/coquimbo\/estudiantes-de-monte-patria-investigan-flora-nativa-afectada-por-un-incendio-forestal\/#breadcrumb\",\"itemListElement\":[{\"@type\":\"ListItem\",\"position\":1,\"name\":\"Portada\",\"item\":\"https:\/\/dev.explora.cl\/coquimbo\/\"},{\"@type\":\"ListItem\",\"position\":2,\"name\":\"Estudiantes de Monte Patria investigan flora nativa afectada por un incendio forestal\"}]},{\"@type\":\"WebSite\",\"@id\":\"https:\/\/dev.explora.cl\/coquimbo\/#website\",\"url\":\"https:\/\/dev.explora.cl\/coquimbo\/\",\"name\":\"Coquimbo\",\"description\":\"Otro sitio m\u00e1s de dev.explora.cl\",\"publisher\":{\"@id\":\"https:\/\/dev.explora.cl\/coquimbo\/#organization\"},\"potentialAction\":[{\"@type\":\"SearchAction\",\"target\":{\"@type\":\"EntryPoint\",\"urlTemplate\":\"https:\/\/dev.explora.cl\/coquimbo\/?s={search_term_string}\"},\"query-input\":{\"@type\":\"PropertyValueSpecification\",\"valueRequired\":true,\"valueName\":\"search_term_string\"}}],\"inLanguage\":\"es-CL\"},{\"@type\":\"Organization\",\"@id\":\"https:\/\/dev.explora.cl\/coquimbo\/#organization\",\"name\":\"Coquimbo\",\"url\":\"https:\/\/dev.explora.cl\/coquimbo\/\",\"logo\":{\"@type\":\"ImageObject\",\"inLanguage\":\"es-CL\",\"@id\":\"https:\/\/dev.explora.cl\/coquimbo\/#\/schema\/logo\/image\/\",\"url\":\"https:\/\/dev.explora.cl\/coquimbo\/wp-content\/uploads\/sites\/6\/2020\/08\/cropped-Mesa-de-trabajo-1-100.jpg\",\"contentUrl\":\"https:\/\/dev.explora.cl\/coquimbo\/wp-content\/uploads\/sites\/6\/2020\/08\/cropped-Mesa-de-trabajo-1-100.jpg\",\"width\":615,\"height\":576,\"caption\":\"Coquimbo\"},\"image\":{\"@id\":\"https:\/\/dev.explora.cl\/coquimbo\/#\/schema\/logo\/image\/\"}},{\"@type\":\"Person\",\"@id\":\"https:\/\/dev.explora.cl\/coquimbo\/#\/schema\/person\/c171f405669e4e4f7e56a099200d2fe6\",\"name\":\"jimartin\",\"image\":{\"@type\":\"ImageObject\",\"inLanguage\":\"es-CL\",\"@id\":\"https:\/\/dev.explora.cl\/coquimbo\/#\/schema\/person\/image\/\",\"url\":\"https:\/\/secure.gravatar.com\/avatar\/8dfd7d14443934731a5aea629f40c1aceb42cc8b566a9926567e833c9d22b643?s=96&d=mm&r=g\",\"contentUrl\":\"https:\/\/secure.gravatar.com\/avatar\/8dfd7d14443934731a5aea629f40c1aceb42cc8b566a9926567e833c9d22b643?s=96&d=mm&r=g\",\"caption\":\"jimartin\"},\"url\":\"https:\/\/dev.explora.cl\/coquimbo\/author\/jimartin\/\"}]}<\/script>\n<!-- \/ Yoast SEO plugin. -->","yoast_head_json":{"title":"Estudiantes de Monte Patria investigan flora nativa afectada por un incendio forestal - Coquimbo","robots":{"index":"index","follow":"follow","max-snippet":"max-snippet:-1","max-image-preview":"max-image-preview:large","max-video-preview":"max-video-preview:-1"},"canonical":"https:\/\/dev.explora.cl\/coquimbo\/estudiantes-de-monte-patria-investigan-flora-nativa-afectada-por-un-incendio-forestal\/","og_locale":"es_ES","og_type":"article","og_title":"Estudiantes de Monte Patria investigan flora nativa afectada por un incendio forestal - Coquimbo","og_description":"Estudiantes de Monte Patria investigan flora nativa afectada por un incendio forestal","og_url":"https:\/\/dev.explora.cl\/coquimbo\/estudiantes-de-monte-patria-investigan-flora-nativa-afectada-por-un-incendio-forestal\/","og_site_name":"Coquimbo","article_published_time":"2022-06-22T13:00:06+00:00","article_modified_time":"2022-07-15T14:24:17+00:00","og_image":[{"width":760,"height":457,"url":"https:\/\/dev.explora.cl\/coquimbo\/wp-content\/uploads\/sites\/6\/2022\/06\/escuela-Monte-Patria.jpg","type":"image\/jpeg"}],"author":"jimartin","twitter_card":"summary_large_image","twitter_misc":{"Escrito por":"jimartin","Tiempo estimado de lectura":"2 minutos"},"schema":{"@context":"https:\/\/schema.org","@graph":[{"@type":"Article","@id":"https:\/\/dev.explora.cl\/coquimbo\/estudiantes-de-monte-patria-investigan-flora-nativa-afectada-por-un-incendio-forestal\/#article","isPartOf":{"@id":"https:\/\/dev.explora.cl\/coquimbo\/estudiantes-de-monte-patria-investigan-flora-nativa-afectada-por-un-incendio-forestal\/"},"author":{"name":"jimartin","@id":"https:\/\/dev.explora.cl\/coquimbo\/#\/schema\/person\/c171f405669e4e4f7e56a099200d2fe6"},"headline":"Estudiantes de Monte Patria investigan flora nativa afectada por un incendio forestal","datePublished":"2022-06-22T13:00:06+00:00","dateModified":"2022-07-15T14:24:17+00:00","mainEntityOfPage":{"@id":"https:\/\/dev.explora.cl\/coquimbo\/estudiantes-de-monte-patria-investigan-flora-nativa-afectada-por-un-incendio-forestal\/"},"wordCount":465,"commentCount":0,"publisher":{"@id":"https:\/\/dev.explora.cl\/coquimbo\/#organization"},"image":{"@id":"https:\/\/dev.explora.cl\/coquimbo\/estudiantes-de-monte-patria-investigan-flora-nativa-afectada-por-un-incendio-forestal\/#primaryimage"},"thumbnailUrl":"https:\/\/dev.explora.cl\/coquimbo\/wp-content\/uploads\/sites\/6\/2022\/06\/escuela-Monte-Patria.jpg","articleSection":["Lugar 8","Noticias"],"inLanguage":"es-CL","potentialAction":[{"@type":"CommentAction","name":"Comment","target":["https:\/\/dev.explora.cl\/coquimbo\/estudiantes-de-monte-patria-investigan-flora-nativa-afectada-por-un-incendio-forestal\/#respond"]}]},{"@type":"WebPage","@id":"https:\/\/dev.explora.cl\/coquimbo\/estudiantes-de-monte-patria-investigan-flora-nativa-afectada-por-un-incendio-forestal\/","url":"https:\/\/dev.explora.cl\/coquimbo\/estudiantes-de-monte-patria-investigan-flora-nativa-afectada-por-un-incendio-forestal\/","name":"Estudiantes de Monte Patria investigan flora nativa afectada por un incendio forestal - Coquimbo","isPartOf":{"@id":"https:\/\/dev.explora.cl\/coquimbo\/#website"},"primaryImageOfPage":{"@id":"https:\/\/dev.explora.cl\/coquimbo\/estudiantes-de-monte-patria-investigan-flora-nativa-afectada-por-un-incendio-forestal\/#primaryimage"},"image":{"@id":"https:\/\/dev.explora.cl\/coquimbo\/estudiantes-de-monte-patria-investigan-flora-nativa-afectada-por-un-incendio-forestal\/#primaryimage"},"thumbnailUrl":"https:\/\/dev.explora.cl\/coquimbo\/wp-content\/uploads\/sites\/6\/2022\/06\/escuela-Monte-Patria.jpg","datePublished":"2022-06-22T13:00:06+00:00","dateModified":"2022-07-15T14:24:17+00:00","breadcrumb":{"@id":"https:\/\/dev.explora.cl\/coquimbo\/estudiantes-de-monte-patria-investigan-flora-nativa-afectada-por-un-incendio-forestal\/#breadcrumb"},"inLanguage":"es-CL","potentialAction":[{"@type":"ReadAction","target":["https:\/\/dev.explora.cl\/coquimbo\/estudiantes-de-monte-patria-investigan-flora-nativa-afectada-por-un-incendio-forestal\/"]}]},{"@type":"ImageObject","inLanguage":"es-CL","@id":"https:\/\/dev.explora.cl\/coquimbo\/estudiantes-de-monte-patria-investigan-flora-nativa-afectada-por-un-incendio-forestal\/#primaryimage","url":"https:\/\/dev.explora.cl\/coquimbo\/wp-content\/uploads\/sites\/6\/2022\/06\/escuela-Monte-Patria.jpg","contentUrl":"https:\/\/dev.explora.cl\/coquimbo\/wp-content\/uploads\/sites\/6\/2022\/06\/escuela-Monte-Patria.jpg","width":760,"height":457},{"@type":"BreadcrumbList","@id":"https:\/\/dev.explora.cl\/coquimbo\/estudiantes-de-monte-patria-investigan-flora-nativa-afectada-por-un-incendio-forestal\/#breadcrumb","itemListElement":[{"@type":"ListItem","position":1,"name":"Portada","item":"https:\/\/dev.explora.cl\/coquimbo\/"},{"@type":"ListItem","position":2,"name":"Estudiantes de Monte Patria investigan flora nativa afectada por un incendio forestal"}]},{"@type":"WebSite","@id":"https:\/\/dev.explora.cl\/coquimbo\/#website","url":"https:\/\/dev.explora.cl\/coquimbo\/","name":"Coquimbo","description":"Otro sitio m\u00e1s de dev.explora.cl","publisher":{"@id":"https:\/\/dev.explora.cl\/coquimbo\/#organization"},"potentialAction":[{"@type":"SearchAction","target":{"@type":"EntryPoint","urlTemplate":"https:\/\/dev.explora.cl\/coquimbo\/?s={search_term_string}"},"query-input":{"@type":"PropertyValueSpecification","valueRequired":true,"valueName":"search_term_string"}}],"inLanguage":"es-CL"},{"@type":"Organization","@id":"https:\/\/dev.explora.cl\/coquimbo\/#organization","name":"Coquimbo","url":"https:\/\/dev.explora.cl\/coquimbo\/","logo":{"@type":"ImageObject","inLanguage":"es-CL","@id":"https:\/\/dev.explora.cl\/coquimbo\/#\/schema\/logo\/image\/","url":"https:\/\/dev.explora.cl\/coquimbo\/wp-content\/uploads\/sites\/6\/2020\/08\/cropped-Mesa-de-trabajo-1-100.jpg","contentUrl":"https:\/\/dev.explora.cl\/coquimbo\/wp-content\/uploads\/sites\/6\/2020\/08\/cropped-Mesa-de-trabajo-1-100.jpg","width":615,"height":576,"caption":"Coquimbo"},"image":{"@id":"https:\/\/dev.explora.cl\/coquimbo\/#\/schema\/logo\/image\/"}},{"@type":"Person","@id":"https:\/\/dev.explora.cl\/coquimbo\/#\/schema\/person\/c171f405669e4e4f7e56a099200d2fe6","name":"jimartin","image":{"@type":"ImageObject","inLanguage":"es-CL","@id":"https:\/\/dev.explora.cl\/coquimbo\/#\/schema\/person\/image\/","url":"https:\/\/secure.gravatar.com\/avatar\/8dfd7d14443934731a5aea629f40c1aceb42cc8b566a9926567e833c9d22b643?s=96&d=mm&r=g","contentUrl":"https:\/\/secure.gravatar.com\/avatar\/8dfd7d14443934731a5aea629f40c1aceb42cc8b566a9926567e833c9d22b643?s=96&d=mm&r=g","caption":"jimartin"},"url":"https:\/\/dev.explora.cl\/coquimbo\/author\/jimartin\/"}]}},"_links":{"self":[{"href":"https:\/\/dev.explora.cl\/coquimbo\/wp-json\/wp\/v2\/posts\/42452","targetHints":{"allow":["GET"]}}],"collection":[{"href":"https:\/\/dev.explora.cl\/coquimbo\/wp-json\/wp\/v2\/posts"}],"about":[{"href":"https:\/\/dev.explora.cl\/coquimbo\/wp-json\/wp\/v2\/types\/post"}],"author":[{"embeddable":true,"href":"https:\/\/dev.explora.cl\/coquimbo\/wp-json\/wp\/v2\/users\/21"}],"replies":[{"embeddable":true,"href":"https:\/\/dev.explora.cl\/coquimbo\/wp-json\/wp\/v2\/comments?post=42452"}],"version-history":[{"count":3,"href":"https:\/\/dev.explora.cl\/coquimbo\/wp-json\/wp\/v2\/posts\/42452\/revisions"}],"predecessor-version":[{"id":42457,"href":"https:\/\/dev.explora.cl\/coquimbo\/wp-json\/wp\/v2\/posts\/42452\/revisions\/42457"}],"wp:featuredmedia":[{"embeddable":true,"href":"https:\/\/dev.explora.cl\/coquimbo\/wp-json\/wp\/v2\/media\/42453"}],"wp:attachment":[{"href":"https:\/\/dev.explora.cl\/coquimbo\/wp-json\/wp\/v2\/media?parent=42452"}],"wp:term":[{"taxonomy":"category","embeddable":true,"href":"https:\/\/dev.explora.cl\/coquimbo\/wp-json\/wp\/v2\/categories?post=42452"},{"taxonomy":"post_tag","embeddable":true,"href":"https:\/\/dev.explora.cl\/coquimbo\/wp-json\/wp\/v2\/tags?post=42452"}],"curies":[{"name":"wp","href":"https:\/\/api.w.org\/{rel}","templated":true}]}}