{"id":42430,"date":"2022-06-03T09:00:55","date_gmt":"2022-06-03T13:00:55","guid":{"rendered":"https:\/\/dev.explora.cl\/coquimbo\/?p=42430"},"modified":"2022-06-30T11:37:19","modified_gmt":"2022-06-30T15:37:19","slug":"pipe-2022-ninos-y-ninas-exploraran-el-mundo-de-la-mano-de-sus-educadoras","status":"publish","type":"post","link":"https:\/\/dev.explora.cl\/coquimbo\/pipe-2022-ninos-y-ninas-exploraran-el-mundo-de-la-mano-de-sus-educadoras\/","title":{"rendered":"PIPE 2022: ni\u00f1os y ni\u00f1as explorar\u00e1n el mundo de la mano de sus educadoras"},"content":{"rendered":"<p style=\"text-align: justify\"><em>El Programa de Indagaci\u00f3n para Primeras Edades, PIPE, inici\u00f3 oficialmente sus actividades con una jornada de encuentro, donde educadoras y t\u00e9cnicas en educaci\u00f3n parvularia plantearon sus dudas y dieron a conocer sus ganas de encaminar, una vez m\u00e1s, la curiosidad de ni\u00f1os y ni\u00f1as. <\/em><\/p>\n<p style=\"text-align: justify\">La curiosidad infantil es un comportamiento natural que resulta fundamental para animarse a buscar informaci\u00f3n y comprender el mundo, sobre todo, cuando alcanzamos etapas de mayor madurez. Sin embargo, tendemos a pasar por alto esta etapa de ni\u00f1os y ni\u00f1as, sin saber que, a futuro, de esta fascinaci\u00f3n por preguntar y aprender puede surgir un adulto o adulta interesado en tem\u00e1ticas cient\u00edficas y tecnol\u00f3gicas.<\/p>\n<p style=\"text-align: justify\">Bajo esta premisa, y a fin de cuidar esta semilla curiosa que en el futuro puede germinar como nuevo conocimiento, se desarrolla el <strong><a href=\"https:\/\/dev.explora.cl\/pipe\/\">Programa de Indagaci\u00f3n para Primeras Edades, PIPE<\/a><\/strong>, del <a href=\"https:\/\/dev.explora.cl\/\">Programa Explora<\/a> del <a href=\"https:\/\/www.minciencia.gob.cl\/\">Ministerio de Ciencia, Tecnolog\u00eda, Conocimiento e Innovaci\u00f3n<\/a>; iniciativa que recientemente inici\u00f3 su trabajo 2022 por parte del <a href=\"https:\/\/dev.explora.cl\/coquimbo\/\">Proyecto Explora Coquimbo<\/a>.<\/p>\n<p style=\"text-align: justify\">A la actividad de inauguraci\u00f3n se dieron cita educadoras y t\u00e9cnicas en educaci\u00f3n parvularia y diferencial de las 3 provincias de la Regi\u00f3n, instancia donde pudieron interiorizarse de la planificaci\u00f3n y metodolog\u00eda de PIPE, que busca desarrollar habilidades cient\u00edficas en la primera infancia a trav\u00e9s de un modelo de ense\u00f1anza basado en la indagaci\u00f3n, el cual fue explicado por el Director del Proyecto Explora Coquimbo, Sergio Gonz\u00e1lez.<\/p>\n<p style=\"text-align: justify\">Asimismo, las asistentes pudieron conocer 2 de los m\u00f3dulos que implementar\u00e1n junto a sus estudiantes en el marco de PIPE: \u201cRefugio Animal, al cuidado de los animales\u201d; y \u201cSomos peque-ping\u00fcinos\u201d, los cuales fueron detallados por la <strong>Encargada de PIPE, Valentina Castillo<\/strong>; y por la \u00a0<strong>Asesora Pedag\u00f3gica del Proyecto Explora Coquimbo, Francisca Monardes.<\/strong><\/p>\n<p style=\"text-align: justify\"><strong>Entregar nuevos conocimientos <\/strong><\/p>\n<p style=\"text-align: justify\"><strong>Janet Trigo Araya<\/strong> es <strong>T\u00e9cnico en educaci\u00f3n parvularia<\/strong> y se desempe\u00f1a en el <strong>Jard\u00edn infantil Los pececitos<\/strong> de <strong>Los Vilos<\/strong>. Cuenta que esta es su segunda experiencia en PIPE, pues particip\u00f3 en 2020, en plena pandemia. Sin embargo, rescata que gracias a esta iniciativa pudo trabajar con ni\u00f1os y ni\u00f1as en diversas experiencias y aprendizajes, \u201cdonde ellos pudieron descubrir, analizar, jugar, y sobre todo, tener experiencias l\u00fadicas, pues el ni\u00f1o aprende cient\u00edficamente jugando y dando a conocer sus experiencias\u201d.<\/p>\n<p style=\"text-align: justify\">En base a su experiencia, Janet destaca que PIPE ha permitido que los ni\u00f1os y ni\u00f1as puedan desarrollar preguntas, \u201cy nosotros le damos la posibilidad de investigar y ellos respond\u00edan a trav\u00e9s de sus juegos, de acuerdo a su edad; y tambi\u00e9n, permiti\u00f3 que la familia fuera parte de esta investigaci\u00f3n, lo que nos permiti\u00f3, en plena pandemia, tener un campo m\u00e1s abierto y poder entregar nuevos conocimientos\u201d, a\u00f1ade.<\/p>\n<p style=\"text-align: justify\">Asimismo, sus expectativas son altas y positivas para este 2022, pues las actividades se podr\u00e1n desarrollar de forma presencial: \u201cnuestras expectativas para este a\u00f1o es poder hacer actividades presenciales, con m\u00e1s p\u00e1rvulos, haciendo m\u00e1s participes a las familias y a toda la unidad educativa del jard\u00edn\u201d, afirma.<\/p>\n<p style=\"text-align: justify\"><strong>Aprendizajes para la vida <\/strong><\/p>\n<p style=\"text-align: justify\">Por su parte, <strong>Viviana Cort\u00e9s<\/strong>, <strong>Educadora de p\u00e1rvulos<\/strong> de la <strong>Escuela de Chalinga<\/strong>, en <strong>Ovalle<\/strong>, cuenta que las ganas de hacer cosas nuevas con sus estudiantes la motiv\u00f3 a trabajar en PIPE, \u201cya que deseo realizar un proyecto innovador con los ni\u00f1os y ni\u00f1as de mi escuela, y creo que es una buena oportunidad para que desarrollen habilidades a partir de la ciencia\u201d.<\/p>\n<p style=\"text-align: justify\">El primer encuentro de PIPE, comenta, le permiti\u00f3 reflexionar junto a sus pares acerca de \u201cc\u00f3mo los ni\u00f1os y ni\u00f1as son cient\u00edficos innatos, as\u00ed que tengo altas expectativas con experiencias l\u00fadicas que puedan acercarlos a\u00fan m\u00e1s a la ciencia\u201d; agregando tambi\u00e9n que \u201cel desarrollo de las ciencias en las primeras infancias ayuda a empoderar a nuestros ni\u00f1os, lo cual les ayuda para toda la vida\u201d.<\/p>\n<p style=\"text-align: justify\">El deseo de acercar experiencias innovadoras a sus estudiantes es lo que motiv\u00f3 a <strong>Karina Cort\u00e9s<\/strong>, <strong>Educadora de p\u00e1rvulos<\/strong> del <strong>Jard\u00edn infantil Colibr\u00edes<\/strong> del sector El Sauce, en <strong>Coquimbo<\/strong>, a sumarse a PIPE: \u201clas experiencias innovadoras que les podemos mostrar a nuestros ni\u00f1os y ni\u00f1as, a partir de esta exploraci\u00f3n que ellos van a tener, de este trabajo conjunto que vamos a tener con la familia y el programa, y con el apoyo que nos van a entregar\u201d, sostiene.<\/p>\n<p style=\"text-align: justify\">Igualmente, subraya que los aprendizajes para la vida que van a tener los ni\u00f1os y ni\u00f1as, gracias a PIPE, \u201cpermitir\u00e1 desarrollar habilidades cient\u00edficas e ir mejorando, innovando y agregando m\u00e1s trabajo a las actividades y las experiencias previas que los ni\u00f1os tienen en los en los jardines; y PIPE viene a dar respuesta a eso, a la exploraci\u00f3n, a la indagaci\u00f3n y a todos los procesos pedag\u00f3gicos que nosotros cumplimos en los jardines infantiles\u201d.<\/p>\n<p><iframe loading=\"lazy\" title=\"Inauguraci\u00f3n Programa de Indagaci\u00f3n para Primeras Edades, PIPE, 2022\" width=\"1180\" height=\"664\" src=\"https:\/\/www.youtube.com\/embed\/DSkk-i_dA2Q?feature=oembed\" frameborder=\"0\" allow=\"accelerometer; autoplay; clipboard-write; encrypted-media; gyroscope; picture-in-picture\" allowfullscreen><\/iframe><\/p>\n","protected":false},"excerpt":{"rendered":"<p>PIPE 2022: ni\u00f1os y ni\u00f1as explorar\u00e1n el mundo de la mano de sus educadoras <\/p>\n","protected":false},"author":21,"featured_media":42431,"comment_status":"open","ping_status":"open","sticky":false,"template":"","format":"standard","meta":{"_acf_changed":false,"_exactmetrics_skip_tracking":false,"_exactmetrics_sitenote_active":false,"_exactmetrics_sitenote_note":"","_exactmetrics_sitenote_category":0,"footnotes":"","_links_to":"","_links_to_target":""},"categories":[143,4],"tags":[],"class_list":["post-42430","post","type-post","status-publish","format-standard","has-post-thumbnail","hentry","category-lugar-8","category-noticias"],"acf":[],"yoast_head":"<!-- This site is optimized with the Yoast SEO plugin v26.7 - https:\/\/yoast.com\/wordpress\/plugins\/seo\/ -->\n<title>PIPE 2022: ni\u00f1os y ni\u00f1as explorar\u00e1n el mundo de la mano de sus educadoras - Coquimbo<\/title>\n<meta name=\"robots\" content=\"index, follow, max-snippet:-1, max-image-preview:large, max-video-preview:-1\" \/>\n<link rel=\"canonical\" href=\"https:\/\/dev.explora.cl\/coquimbo\/pipe-2022-ninos-y-ninas-exploraran-el-mundo-de-la-mano-de-sus-educadoras\/\" class=\"yoast-seo-meta-tag\" \/>\n<meta property=\"og:locale\" content=\"es_ES\" class=\"yoast-seo-meta-tag\" \/>\n<meta property=\"og:type\" content=\"article\" class=\"yoast-seo-meta-tag\" \/>\n<meta property=\"og:title\" content=\"PIPE 2022: ni\u00f1os y ni\u00f1as explorar\u00e1n el mundo de la mano de sus educadoras - Coquimbo\" class=\"yoast-seo-meta-tag\" \/>\n<meta property=\"og:description\" content=\"PIPE 2022: ni\u00f1os y ni\u00f1as explorar\u00e1n el mundo de la mano de sus educadoras\" class=\"yoast-seo-meta-tag\" \/>\n<meta property=\"og:url\" content=\"https:\/\/dev.explora.cl\/coquimbo\/pipe-2022-ninos-y-ninas-exploraran-el-mundo-de-la-mano-de-sus-educadoras\/\" class=\"yoast-seo-meta-tag\" \/>\n<meta property=\"og:site_name\" content=\"Coquimbo\" class=\"yoast-seo-meta-tag\" \/>\n<meta property=\"article:published_time\" content=\"2022-06-03T13:00:55+00:00\" class=\"yoast-seo-meta-tag\" \/>\n<meta property=\"article:modified_time\" content=\"2022-06-30T15:37:19+00:00\" class=\"yoast-seo-meta-tag\" \/>\n<meta property=\"og:image\" content=\"https:\/\/dev.explora.cl\/coquimbo\/wp-content\/uploads\/sites\/6\/2022\/06\/Inuguracion-PIPE.jpg\" class=\"yoast-seo-meta-tag\" \/>\n\t<meta property=\"og:image:width\" content=\"760\" class=\"yoast-seo-meta-tag\" \/>\n\t<meta property=\"og:image:height\" content=\"457\" class=\"yoast-seo-meta-tag\" \/>\n\t<meta property=\"og:image:type\" content=\"image\/jpeg\" class=\"yoast-seo-meta-tag\" \/>\n<meta name=\"author\" content=\"jimartin\" class=\"yoast-seo-meta-tag\" \/>\n<meta name=\"twitter:card\" content=\"summary_large_image\" class=\"yoast-seo-meta-tag\" \/>\n<meta name=\"twitter:label1\" content=\"Escrito por\" class=\"yoast-seo-meta-tag\" \/>\n\t<meta name=\"twitter:data1\" content=\"jimartin\" class=\"yoast-seo-meta-tag\" \/>\n\t<meta name=\"twitter:label2\" content=\"Tiempo estimado de lectura\" class=\"yoast-seo-meta-tag\" \/>\n\t<meta name=\"twitter:data2\" content=\"4 minutos\" class=\"yoast-seo-meta-tag\" \/>\n<script type=\"application\/ld+json\" class=\"yoast-schema-graph\">{\"@context\":\"https:\/\/schema.org\",\"@graph\":[{\"@type\":\"Article\",\"@id\":\"https:\/\/dev.explora.cl\/coquimbo\/pipe-2022-ninos-y-ninas-exploraran-el-mundo-de-la-mano-de-sus-educadoras\/#article\",\"isPartOf\":{\"@id\":\"https:\/\/dev.explora.cl\/coquimbo\/pipe-2022-ninos-y-ninas-exploraran-el-mundo-de-la-mano-de-sus-educadoras\/\"},\"author\":{\"name\":\"jimartin\",\"@id\":\"https:\/\/dev.explora.cl\/coquimbo\/#\/schema\/person\/c171f405669e4e4f7e56a099200d2fe6\"},\"headline\":\"PIPE 2022: ni\u00f1os y ni\u00f1as explorar\u00e1n el mundo de la mano de sus educadoras\",\"datePublished\":\"2022-06-03T13:00:55+00:00\",\"dateModified\":\"2022-06-30T15:37:19+00:00\",\"mainEntityOfPage\":{\"@id\":\"https:\/\/dev.explora.cl\/coquimbo\/pipe-2022-ninos-y-ninas-exploraran-el-mundo-de-la-mano-de-sus-educadoras\/\"},\"wordCount\":865,\"commentCount\":0,\"publisher\":{\"@id\":\"https:\/\/dev.explora.cl\/coquimbo\/#organization\"},\"image\":{\"@id\":\"https:\/\/dev.explora.cl\/coquimbo\/pipe-2022-ninos-y-ninas-exploraran-el-mundo-de-la-mano-de-sus-educadoras\/#primaryimage\"},\"thumbnailUrl\":\"https:\/\/dev.explora.cl\/coquimbo\/wp-content\/uploads\/sites\/6\/2022\/06\/Inuguracion-PIPE.jpg\",\"articleSection\":[\"Lugar 8\",\"Noticias\"],\"inLanguage\":\"es-CL\",\"potentialAction\":[{\"@type\":\"CommentAction\",\"name\":\"Comment\",\"target\":[\"https:\/\/dev.explora.cl\/coquimbo\/pipe-2022-ninos-y-ninas-exploraran-el-mundo-de-la-mano-de-sus-educadoras\/#respond\"]}]},{\"@type\":\"WebPage\",\"@id\":\"https:\/\/dev.explora.cl\/coquimbo\/pipe-2022-ninos-y-ninas-exploraran-el-mundo-de-la-mano-de-sus-educadoras\/\",\"url\":\"https:\/\/dev.explora.cl\/coquimbo\/pipe-2022-ninos-y-ninas-exploraran-el-mundo-de-la-mano-de-sus-educadoras\/\",\"name\":\"PIPE 2022: ni\u00f1os y ni\u00f1as explorar\u00e1n el mundo de la mano de sus educadoras - Coquimbo\",\"isPartOf\":{\"@id\":\"https:\/\/dev.explora.cl\/coquimbo\/#website\"},\"primaryImageOfPage\":{\"@id\":\"https:\/\/dev.explora.cl\/coquimbo\/pipe-2022-ninos-y-ninas-exploraran-el-mundo-de-la-mano-de-sus-educadoras\/#primaryimage\"},\"image\":{\"@id\":\"https:\/\/dev.explora.cl\/coquimbo\/pipe-2022-ninos-y-ninas-exploraran-el-mundo-de-la-mano-de-sus-educadoras\/#primaryimage\"},\"thumbnailUrl\":\"https:\/\/dev.explora.cl\/coquimbo\/wp-content\/uploads\/sites\/6\/2022\/06\/Inuguracion-PIPE.jpg\",\"datePublished\":\"2022-06-03T13:00:55+00:00\",\"dateModified\":\"2022-06-30T15:37:19+00:00\",\"breadcrumb\":{\"@id\":\"https:\/\/dev.explora.cl\/coquimbo\/pipe-2022-ninos-y-ninas-exploraran-el-mundo-de-la-mano-de-sus-educadoras\/#breadcrumb\"},\"inLanguage\":\"es-CL\",\"potentialAction\":[{\"@type\":\"ReadAction\",\"target\":[\"https:\/\/dev.explora.cl\/coquimbo\/pipe-2022-ninos-y-ninas-exploraran-el-mundo-de-la-mano-de-sus-educadoras\/\"]}]},{\"@type\":\"ImageObject\",\"inLanguage\":\"es-CL\",\"@id\":\"https:\/\/dev.explora.cl\/coquimbo\/pipe-2022-ninos-y-ninas-exploraran-el-mundo-de-la-mano-de-sus-educadoras\/#primaryimage\",\"url\":\"https:\/\/dev.explora.cl\/coquimbo\/wp-content\/uploads\/sites\/6\/2022\/06\/Inuguracion-PIPE.jpg\",\"contentUrl\":\"https:\/\/dev.explora.cl\/coquimbo\/wp-content\/uploads\/sites\/6\/2022\/06\/Inuguracion-PIPE.jpg\",\"width\":760,\"height\":457},{\"@type\":\"BreadcrumbList\",\"@id\":\"https:\/\/dev.explora.cl\/coquimbo\/pipe-2022-ninos-y-ninas-exploraran-el-mundo-de-la-mano-de-sus-educadoras\/#breadcrumb\",\"itemListElement\":[{\"@type\":\"ListItem\",\"position\":1,\"name\":\"Portada\",\"item\":\"https:\/\/dev.explora.cl\/coquimbo\/\"},{\"@type\":\"ListItem\",\"position\":2,\"name\":\"PIPE 2022: ni\u00f1os y ni\u00f1as explorar\u00e1n el mundo de la mano de sus educadoras\"}]},{\"@type\":\"WebSite\",\"@id\":\"https:\/\/dev.explora.cl\/coquimbo\/#website\",\"url\":\"https:\/\/dev.explora.cl\/coquimbo\/\",\"name\":\"Coquimbo\",\"description\":\"Otro sitio m\u00e1s de dev.explora.cl\",\"publisher\":{\"@id\":\"https:\/\/dev.explora.cl\/coquimbo\/#organization\"},\"potentialAction\":[{\"@type\":\"SearchAction\",\"target\":{\"@type\":\"EntryPoint\",\"urlTemplate\":\"https:\/\/dev.explora.cl\/coquimbo\/?s={search_term_string}\"},\"query-input\":{\"@type\":\"PropertyValueSpecification\",\"valueRequired\":true,\"valueName\":\"search_term_string\"}}],\"inLanguage\":\"es-CL\"},{\"@type\":\"Organization\",\"@id\":\"https:\/\/dev.explora.cl\/coquimbo\/#organization\",\"name\":\"Coquimbo\",\"url\":\"https:\/\/dev.explora.cl\/coquimbo\/\",\"logo\":{\"@type\":\"ImageObject\",\"inLanguage\":\"es-CL\",\"@id\":\"https:\/\/dev.explora.cl\/coquimbo\/#\/schema\/logo\/image\/\",\"url\":\"https:\/\/dev.explora.cl\/coquimbo\/wp-content\/uploads\/sites\/6\/2020\/08\/cropped-Mesa-de-trabajo-1-100.jpg\",\"contentUrl\":\"https:\/\/dev.explora.cl\/coquimbo\/wp-content\/uploads\/sites\/6\/2020\/08\/cropped-Mesa-de-trabajo-1-100.jpg\",\"width\":615,\"height\":576,\"caption\":\"Coquimbo\"},\"image\":{\"@id\":\"https:\/\/dev.explora.cl\/coquimbo\/#\/schema\/logo\/image\/\"}},{\"@type\":\"Person\",\"@id\":\"https:\/\/dev.explora.cl\/coquimbo\/#\/schema\/person\/c171f405669e4e4f7e56a099200d2fe6\",\"name\":\"jimartin\",\"image\":{\"@type\":\"ImageObject\",\"inLanguage\":\"es-CL\",\"@id\":\"https:\/\/dev.explora.cl\/coquimbo\/#\/schema\/person\/image\/\",\"url\":\"https:\/\/secure.gravatar.com\/avatar\/8dfd7d14443934731a5aea629f40c1aceb42cc8b566a9926567e833c9d22b643?s=96&d=mm&r=g\",\"contentUrl\":\"https:\/\/secure.gravatar.com\/avatar\/8dfd7d14443934731a5aea629f40c1aceb42cc8b566a9926567e833c9d22b643?s=96&d=mm&r=g\",\"caption\":\"jimartin\"},\"url\":\"https:\/\/dev.explora.cl\/coquimbo\/author\/jimartin\/\"}]}<\/script>\n<!-- \/ Yoast SEO plugin. -->","yoast_head_json":{"title":"PIPE 2022: ni\u00f1os y ni\u00f1as explorar\u00e1n el mundo de la mano de sus educadoras - Coquimbo","robots":{"index":"index","follow":"follow","max-snippet":"max-snippet:-1","max-image-preview":"max-image-preview:large","max-video-preview":"max-video-preview:-1"},"canonical":"https:\/\/dev.explora.cl\/coquimbo\/pipe-2022-ninos-y-ninas-exploraran-el-mundo-de-la-mano-de-sus-educadoras\/","og_locale":"es_ES","og_type":"article","og_title":"PIPE 2022: ni\u00f1os y ni\u00f1as explorar\u00e1n el mundo de la mano de sus educadoras - Coquimbo","og_description":"PIPE 2022: ni\u00f1os y ni\u00f1as explorar\u00e1n el mundo de la mano de sus educadoras","og_url":"https:\/\/dev.explora.cl\/coquimbo\/pipe-2022-ninos-y-ninas-exploraran-el-mundo-de-la-mano-de-sus-educadoras\/","og_site_name":"Coquimbo","article_published_time":"2022-06-03T13:00:55+00:00","article_modified_time":"2022-06-30T15:37:19+00:00","og_image":[{"width":760,"height":457,"url":"https:\/\/dev.explora.cl\/coquimbo\/wp-content\/uploads\/sites\/6\/2022\/06\/Inuguracion-PIPE.jpg","type":"image\/jpeg"}],"author":"jimartin","twitter_card":"summary_large_image","twitter_misc":{"Escrito por":"jimartin","Tiempo estimado de lectura":"4 minutos"},"schema":{"@context":"https:\/\/schema.org","@graph":[{"@type":"Article","@id":"https:\/\/dev.explora.cl\/coquimbo\/pipe-2022-ninos-y-ninas-exploraran-el-mundo-de-la-mano-de-sus-educadoras\/#article","isPartOf":{"@id":"https:\/\/dev.explora.cl\/coquimbo\/pipe-2022-ninos-y-ninas-exploraran-el-mundo-de-la-mano-de-sus-educadoras\/"},"author":{"name":"jimartin","@id":"https:\/\/dev.explora.cl\/coquimbo\/#\/schema\/person\/c171f405669e4e4f7e56a099200d2fe6"},"headline":"PIPE 2022: ni\u00f1os y ni\u00f1as explorar\u00e1n el mundo de la mano de sus educadoras","datePublished":"2022-06-03T13:00:55+00:00","dateModified":"2022-06-30T15:37:19+00:00","mainEntityOfPage":{"@id":"https:\/\/dev.explora.cl\/coquimbo\/pipe-2022-ninos-y-ninas-exploraran-el-mundo-de-la-mano-de-sus-educadoras\/"},"wordCount":865,"commentCount":0,"publisher":{"@id":"https:\/\/dev.explora.cl\/coquimbo\/#organization"},"image":{"@id":"https:\/\/dev.explora.cl\/coquimbo\/pipe-2022-ninos-y-ninas-exploraran-el-mundo-de-la-mano-de-sus-educadoras\/#primaryimage"},"thumbnailUrl":"https:\/\/dev.explora.cl\/coquimbo\/wp-content\/uploads\/sites\/6\/2022\/06\/Inuguracion-PIPE.jpg","articleSection":["Lugar 8","Noticias"],"inLanguage":"es-CL","potentialAction":[{"@type":"CommentAction","name":"Comment","target":["https:\/\/dev.explora.cl\/coquimbo\/pipe-2022-ninos-y-ninas-exploraran-el-mundo-de-la-mano-de-sus-educadoras\/#respond"]}]},{"@type":"WebPage","@id":"https:\/\/dev.explora.cl\/coquimbo\/pipe-2022-ninos-y-ninas-exploraran-el-mundo-de-la-mano-de-sus-educadoras\/","url":"https:\/\/dev.explora.cl\/coquimbo\/pipe-2022-ninos-y-ninas-exploraran-el-mundo-de-la-mano-de-sus-educadoras\/","name":"PIPE 2022: ni\u00f1os y ni\u00f1as explorar\u00e1n el mundo de la mano de sus educadoras - Coquimbo","isPartOf":{"@id":"https:\/\/dev.explora.cl\/coquimbo\/#website"},"primaryImageOfPage":{"@id":"https:\/\/dev.explora.cl\/coquimbo\/pipe-2022-ninos-y-ninas-exploraran-el-mundo-de-la-mano-de-sus-educadoras\/#primaryimage"},"image":{"@id":"https:\/\/dev.explora.cl\/coquimbo\/pipe-2022-ninos-y-ninas-exploraran-el-mundo-de-la-mano-de-sus-educadoras\/#primaryimage"},"thumbnailUrl":"https:\/\/dev.explora.cl\/coquimbo\/wp-content\/uploads\/sites\/6\/2022\/06\/Inuguracion-PIPE.jpg","datePublished":"2022-06-03T13:00:55+00:00","dateModified":"2022-06-30T15:37:19+00:00","breadcrumb":{"@id":"https:\/\/dev.explora.cl\/coquimbo\/pipe-2022-ninos-y-ninas-exploraran-el-mundo-de-la-mano-de-sus-educadoras\/#breadcrumb"},"inLanguage":"es-CL","potentialAction":[{"@type":"ReadAction","target":["https:\/\/dev.explora.cl\/coquimbo\/pipe-2022-ninos-y-ninas-exploraran-el-mundo-de-la-mano-de-sus-educadoras\/"]}]},{"@type":"ImageObject","inLanguage":"es-CL","@id":"https:\/\/dev.explora.cl\/coquimbo\/pipe-2022-ninos-y-ninas-exploraran-el-mundo-de-la-mano-de-sus-educadoras\/#primaryimage","url":"https:\/\/dev.explora.cl\/coquimbo\/wp-content\/uploads\/sites\/6\/2022\/06\/Inuguracion-PIPE.jpg","contentUrl":"https:\/\/dev.explora.cl\/coquimbo\/wp-content\/uploads\/sites\/6\/2022\/06\/Inuguracion-PIPE.jpg","width":760,"height":457},{"@type":"BreadcrumbList","@id":"https:\/\/dev.explora.cl\/coquimbo\/pipe-2022-ninos-y-ninas-exploraran-el-mundo-de-la-mano-de-sus-educadoras\/#breadcrumb","itemListElement":[{"@type":"ListItem","position":1,"name":"Portada","item":"https:\/\/dev.explora.cl\/coquimbo\/"},{"@type":"ListItem","position":2,"name":"PIPE 2022: ni\u00f1os y ni\u00f1as explorar\u00e1n el mundo de la mano de sus educadoras"}]},{"@type":"WebSite","@id":"https:\/\/dev.explora.cl\/coquimbo\/#website","url":"https:\/\/dev.explora.cl\/coquimbo\/","name":"Coquimbo","description":"Otro sitio m\u00e1s de dev.explora.cl","publisher":{"@id":"https:\/\/dev.explora.cl\/coquimbo\/#organization"},"potentialAction":[{"@type":"SearchAction","target":{"@type":"EntryPoint","urlTemplate":"https:\/\/dev.explora.cl\/coquimbo\/?s={search_term_string}"},"query-input":{"@type":"PropertyValueSpecification","valueRequired":true,"valueName":"search_term_string"}}],"inLanguage":"es-CL"},{"@type":"Organization","@id":"https:\/\/dev.explora.cl\/coquimbo\/#organization","name":"Coquimbo","url":"https:\/\/dev.explora.cl\/coquimbo\/","logo":{"@type":"ImageObject","inLanguage":"es-CL","@id":"https:\/\/dev.explora.cl\/coquimbo\/#\/schema\/logo\/image\/","url":"https:\/\/dev.explora.cl\/coquimbo\/wp-content\/uploads\/sites\/6\/2020\/08\/cropped-Mesa-de-trabajo-1-100.jpg","contentUrl":"https:\/\/dev.explora.cl\/coquimbo\/wp-content\/uploads\/sites\/6\/2020\/08\/cropped-Mesa-de-trabajo-1-100.jpg","width":615,"height":576,"caption":"Coquimbo"},"image":{"@id":"https:\/\/dev.explora.cl\/coquimbo\/#\/schema\/logo\/image\/"}},{"@type":"Person","@id":"https:\/\/dev.explora.cl\/coquimbo\/#\/schema\/person\/c171f405669e4e4f7e56a099200d2fe6","name":"jimartin","image":{"@type":"ImageObject","inLanguage":"es-CL","@id":"https:\/\/dev.explora.cl\/coquimbo\/#\/schema\/person\/image\/","url":"https:\/\/secure.gravatar.com\/avatar\/8dfd7d14443934731a5aea629f40c1aceb42cc8b566a9926567e833c9d22b643?s=96&d=mm&r=g","contentUrl":"https:\/\/secure.gravatar.com\/avatar\/8dfd7d14443934731a5aea629f40c1aceb42cc8b566a9926567e833c9d22b643?s=96&d=mm&r=g","caption":"jimartin"},"url":"https:\/\/dev.explora.cl\/coquimbo\/author\/jimartin\/"}]}},"_links":{"self":[{"href":"https:\/\/dev.explora.cl\/coquimbo\/wp-json\/wp\/v2\/posts\/42430","targetHints":{"allow":["GET"]}}],"collection":[{"href":"https:\/\/dev.explora.cl\/coquimbo\/wp-json\/wp\/v2\/posts"}],"about":[{"href":"https:\/\/dev.explora.cl\/coquimbo\/wp-json\/wp\/v2\/types\/post"}],"author":[{"embeddable":true,"href":"https:\/\/dev.explora.cl\/coquimbo\/wp-json\/wp\/v2\/users\/21"}],"replies":[{"embeddable":true,"href":"https:\/\/dev.explora.cl\/coquimbo\/wp-json\/wp\/v2\/comments?post=42430"}],"version-history":[{"count":4,"href":"https:\/\/dev.explora.cl\/coquimbo\/wp-json\/wp\/v2\/posts\/42430\/revisions"}],"predecessor-version":[{"id":42450,"href":"https:\/\/dev.explora.cl\/coquimbo\/wp-json\/wp\/v2\/posts\/42430\/revisions\/42450"}],"wp:featuredmedia":[{"embeddable":true,"href":"https:\/\/dev.explora.cl\/coquimbo\/wp-json\/wp\/v2\/media\/42431"}],"wp:attachment":[{"href":"https:\/\/dev.explora.cl\/coquimbo\/wp-json\/wp\/v2\/media?parent=42430"}],"wp:term":[{"taxonomy":"category","embeddable":true,"href":"https:\/\/dev.explora.cl\/coquimbo\/wp-json\/wp\/v2\/categories?post=42430"},{"taxonomy":"post_tag","embeddable":true,"href":"https:\/\/dev.explora.cl\/coquimbo\/wp-json\/wp\/v2\/tags?post=42430"}],"curies":[{"name":"wp","href":"https:\/\/api.w.org\/{rel}","templated":true}]}}