{"id":42180,"date":"2022-02-21T12:41:32","date_gmt":"2022-02-21T15:41:32","guid":{"rendered":"https:\/\/dev.explora.cl\/coquimbo\/?p=42180"},"modified":"2022-03-19T10:28:24","modified_gmt":"2022-03-19T13:28:24","slug":"basura-y-reciclaje-que-es-lo-mejor-que-podemos-hacer-para-cuidar-nuestro-planeta","status":"publish","type":"post","link":"https:\/\/dev.explora.cl\/coquimbo\/basura-y-reciclaje-que-es-lo-mejor-que-podemos-hacer-para-cuidar-nuestro-planeta\/","title":{"rendered":"Basura y reciclaje: \u00bfqu\u00e9 es lo mejor que podemos hacer para cuidar nuestro planeta?"},"content":{"rendered":"<p style=\"text-align: justify\"><em>En Chile, en promedio, se genera 1,19 kilos de basura al d\u00eda por habitante, del cual, solo se recicla el 1%. Pero, \u00bfsabemos c\u00f3mo y cu\u00e1ndo reciclar? \u00bfSirve reciclar si no bajamos nuestros niveles de consumo?<\/em><\/p>\n<p style=\"text-align: justify\">Cada vez que levantas la tapa de tu basurero y dejas ah\u00ed tus desechos (porque imaginamos que all\u00ed los depositas, \u00bfcierto?) te has preguntado alguna vez, \u00bfcu\u00e1ntos de esos elementos podr\u00edan tener una segunda, o varias vidas, en vez de acumularse en los sitios que cada ciudad destina para la basura de sus habitantes?<\/p>\n<p style=\"text-align: justify\">Seg\u00fan el Informe del Estado del Medio Ambiente 2020, en Chile el 2018 se gener\u00f3 un total de 8.177.448 toneladas de residuos municipales o domiciliarios, con una poblaci\u00f3n proyectada de 18.751.405 habitantes, lo que significa un promedio de 1,19 kilos al d\u00eda por habitante, del cual, solo se recicla el 1%.<\/p>\n<p style=\"text-align: justify\"><strong>Reciclaje e inclusi\u00f3n social<\/strong><\/p>\n<p style=\"text-align: justify\">En La Serena existe la <a href=\"https:\/\/www.latribusomos.cl\/\">Fundaci\u00f3n La Tribu Somos<\/a>, proyecto de innovaci\u00f3n social, reciclaje e inclusi\u00f3n en pro de ni\u00f1os, ni\u00f1as y j\u00f3venes con autismo. Lorena Figueroa Campusano, es su Presidenta y fundadora, y cuenta que reciclan polietileno de alta y baja densidad (2 y 4), con el cual fabrican diversos productos decorativos y funcionales (bisuter\u00eda, agendas, cuadernos, croqueras, individuales, posavasos, u\u00f1etas, botones, llaveros), \u201cutilizando como materia prima nuestros propios residuos pl\u00e1sticos domiciliarios\u201d, destaca.<\/p>\n<p style=\"text-align: justify\">Asimismo, Lorena explica que se decidieron por el reciclaje como sustento econ\u00f3mico de su fundaci\u00f3n porque <strong>comprenden que el pl\u00e1stico no es basura: \u201ces un recurso valioso y vers\u00e1til que permite a todas las personas aprender a crear desde una correcta gesti\u00f3n de sus residuos\u201d,<\/strong> e igualmente, agrega que los productos que fabrican \u201cson de alta calidad y est\u00e1n hechos con amor, con conciencia ecol\u00f3gica y social, respetando la trazabilidad del pl\u00e1stico y buscando una mejora continua en los dise\u00f1os y empaques\u201d, resalta.<\/p>\n<p style=\"text-align: justify\">Sobre el sentido de reciclar, en atenci\u00f3n a la situaci\u00f3n medioambiental actual del planeta y del pa\u00eds, Lorena afirma que reciclar debiese ser la \u00faltima opci\u00f3n que se piense respecto a un residuo.\u00a0 <strong>\u201cPrimero, debemos rechazar lo que no necesitamos. Segundo, reducir al m\u00e1ximo el consumo de productos cuya disposici\u00f3n final termine en los rellenos sanitarios, y tercero, compostar como un imperativo \u00e9tico\u201d<\/strong>. Igualmente, subraya que Chile est\u00e1 en deuda, especialmente en regiones, respecto a inversi\u00f3n en plantas de reciclaje, \u201cpues por m\u00e1s que separemos nuestros residuos en casa y los llevemos a un punto limpio, el traslado a Santiago tambi\u00e9n genera contaminaci\u00f3n\u201d, destaca.<\/p>\n<p style=\"text-align: justify\"><strong>Disminuir el consumo<\/strong><\/p>\n<p style=\"text-align: justify\">Respecto a la relevancia del reciclaje en el contexto de la situaci\u00f3n medioambiental actual del planeta y del pa\u00eds, la Coordinadora y Director del programa de Ciencia Ciudadana<a href=\"http:\/\/www.cientificosdelabasura.cl\/\"> \u201cCient\u00edficos de la Basura\u201d<\/a>, Geraldine Holtmann y Martin Thiel, respectivamente, se\u00f1alan que l<strong>o fundamental es disminuir nuestro consumo, ya que el reciclaje s\u00ed ayuda a combatir el pl\u00e1stico, \u201cpero no es la mejor soluci\u00f3n a este problema.<\/strong> Por otra parte, lo mejor es usar productos reutilizables y duraderos: \u00a1la mejor cuchara la que te puede durar para toda la vida!\u201d, afirman.<\/p>\n<p style=\"text-align: justify\">Asimismo, recomiendan <strong>dar mayor valor a los objetos que utilizamos y que se adecuan a nuestro estilo de vida y necesidades<\/strong>: \u201csi valoramos ese objeto que ser\u00e1 \u00fanico para nosotros, no necesitaremos comprar m\u00e1s, es decir, podr\u00edamos valorarlo, cuidarlo y reutilizarlo muchas veces, logrando reducir nuestro consumo\u201d, destacan.<\/p>\n<p style=\"text-align: justify\">Respecto a la comprensi\u00f3n por parte de la ciudadan\u00eda sobre c\u00f3mo y cu\u00e1ndo reciclar, la y el experto reconocen que, si bien, existen muchas iniciativas que impulsan la educaci\u00f3n en gesti\u00f3n de residuos, es importante continuar ense\u00f1ando a la ciudadan\u00eda respecto a los tipos de residuos que son reciclables, de qu\u00e9 manera llevarlos a los puntos de reciclaje y cu\u00e1les son reciclables<\/p>\n<p style=\"text-align: justify\">Asimismo, explican, de todo el pl\u00e1stico que utilizamos, \u201cs\u00f3lo se pueden reciclar aquellos envases que tienen indicado: N\u00b0 1 &#8211; El pl\u00e1stico PET, es uno de los pl\u00e1sticos que encontramos con m\u00e1s frecuencia en botellas de agua, jugos y bebidas. N\u00b0 2 &#8211; (HDPE), est\u00e1 presente en envases de detergente, shampoo, l\u00e1cteos, tuber\u00edas, maceteros y bolsas pl\u00e1sticas. N\u00b0 5 &#8211; (PP), envases de yogurt, los pocillos para las salsas de sushi, tortas, tapas de bebidas y bombillas. Asimismo, en la mayor\u00eda de los lugares de reciclaje se incluyen tambi\u00e9n metales, cart\u00f3n y papel\u201d.<\/p>\n<p style=\"text-align: justify\">Finalmente, se\u00f1alan que el circuito interactivo \u201cCompartiendo Caleta la Ciencia\u201d, ubicado entre la Caleta de Guayac\u00e1n y la Universidad Cat\u00f3lica del Norte, en Coquimbo, aborda esta tem\u00e1tica en una de sus cinco estaciones: \u201cCaleta de impacto\u201d. (<a href=\"http:\/\/www.cientificosdelabasura.cl\/es\/noticias\/88\/estacion-caleta-de-impacto\">http:\/\/www.cientificosdelabasura.cl\/es\/noticias\/88\/estacion-caleta-de-impacto<\/a>).<\/p>\n","protected":false},"excerpt":{"rendered":"<p>Basura y reciclaje: \u00bfqu\u00e9 es lo mejor que podemos hacer para cuidar nuestro planeta?<\/p>\n","protected":false},"author":21,"featured_media":42181,"comment_status":"open","ping_status":"open","sticky":false,"template":"","format":"standard","meta":{"_acf_changed":false,"_exactmetrics_skip_tracking":false,"_exactmetrics_sitenote_active":false,"_exactmetrics_sitenote_note":"","_exactmetrics_sitenote_category":0,"footnotes":"","_links_to":"","_links_to_target":""},"categories":[143,4],"tags":[],"class_list":["post-42180","post","type-post","status-publish","format-standard","has-post-thumbnail","hentry","category-lugar-8","category-noticias"],"acf":[],"yoast_head":"<!-- This site is optimized with the Yoast SEO plugin v26.7 - https:\/\/yoast.com\/wordpress\/plugins\/seo\/ -->\n<title>Basura y reciclaje: \u00bfqu\u00e9 es lo mejor que podemos hacer para cuidar nuestro planeta? - Coquimbo<\/title>\n<meta name=\"robots\" content=\"index, follow, max-snippet:-1, max-image-preview:large, max-video-preview:-1\" \/>\n<link rel=\"canonical\" href=\"https:\/\/dev.explora.cl\/coquimbo\/basura-y-reciclaje-que-es-lo-mejor-que-podemos-hacer-para-cuidar-nuestro-planeta\/\" class=\"yoast-seo-meta-tag\" \/>\n<meta property=\"og:locale\" content=\"es_ES\" class=\"yoast-seo-meta-tag\" \/>\n<meta property=\"og:type\" content=\"article\" class=\"yoast-seo-meta-tag\" \/>\n<meta property=\"og:title\" content=\"Basura y reciclaje: \u00bfqu\u00e9 es lo mejor que podemos hacer para cuidar nuestro planeta? - Coquimbo\" class=\"yoast-seo-meta-tag\" \/>\n<meta property=\"og:description\" content=\"Basura y reciclaje: \u00bfqu\u00e9 es lo mejor que podemos hacer para cuidar nuestro planeta?\" class=\"yoast-seo-meta-tag\" \/>\n<meta property=\"og:url\" content=\"https:\/\/dev.explora.cl\/coquimbo\/basura-y-reciclaje-que-es-lo-mejor-que-podemos-hacer-para-cuidar-nuestro-planeta\/\" class=\"yoast-seo-meta-tag\" \/>\n<meta property=\"og:site_name\" content=\"Coquimbo\" class=\"yoast-seo-meta-tag\" \/>\n<meta property=\"article:published_time\" content=\"2022-02-21T15:41:32+00:00\" class=\"yoast-seo-meta-tag\" \/>\n<meta property=\"article:modified_time\" content=\"2022-03-19T13:28:24+00:00\" class=\"yoast-seo-meta-tag\" \/>\n<meta property=\"og:image\" content=\"https:\/\/dev.explora.cl\/coquimbo\/wp-content\/uploads\/sites\/6\/2022\/02\/Reciclaje.jpg\" class=\"yoast-seo-meta-tag\" \/>\n\t<meta property=\"og:image:width\" content=\"760\" class=\"yoast-seo-meta-tag\" \/>\n\t<meta property=\"og:image:height\" content=\"457\" class=\"yoast-seo-meta-tag\" \/>\n\t<meta property=\"og:image:type\" content=\"image\/jpeg\" class=\"yoast-seo-meta-tag\" \/>\n<meta name=\"author\" content=\"jimartin\" class=\"yoast-seo-meta-tag\" \/>\n<meta name=\"twitter:card\" content=\"summary_large_image\" class=\"yoast-seo-meta-tag\" \/>\n<meta name=\"twitter:label1\" content=\"Escrito por\" class=\"yoast-seo-meta-tag\" \/>\n\t<meta name=\"twitter:data1\" content=\"jimartin\" class=\"yoast-seo-meta-tag\" \/>\n\t<meta name=\"twitter:label2\" content=\"Tiempo estimado de lectura\" class=\"yoast-seo-meta-tag\" \/>\n\t<meta name=\"twitter:data2\" content=\"4 minutos\" class=\"yoast-seo-meta-tag\" \/>\n<script type=\"application\/ld+json\" class=\"yoast-schema-graph\">{\"@context\":\"https:\/\/schema.org\",\"@graph\":[{\"@type\":\"Article\",\"@id\":\"https:\/\/dev.explora.cl\/coquimbo\/basura-y-reciclaje-que-es-lo-mejor-que-podemos-hacer-para-cuidar-nuestro-planeta\/#article\",\"isPartOf\":{\"@id\":\"https:\/\/dev.explora.cl\/coquimbo\/basura-y-reciclaje-que-es-lo-mejor-que-podemos-hacer-para-cuidar-nuestro-planeta\/\"},\"author\":{\"name\":\"jimartin\",\"@id\":\"https:\/\/dev.explora.cl\/coquimbo\/#\/schema\/person\/c171f405669e4e4f7e56a099200d2fe6\"},\"headline\":\"Basura y reciclaje: \u00bfqu\u00e9 es lo mejor que podemos hacer para cuidar nuestro planeta?\",\"datePublished\":\"2022-02-21T15:41:32+00:00\",\"dateModified\":\"2022-03-19T13:28:24+00:00\",\"mainEntityOfPage\":{\"@id\":\"https:\/\/dev.explora.cl\/coquimbo\/basura-y-reciclaje-que-es-lo-mejor-que-podemos-hacer-para-cuidar-nuestro-planeta\/\"},\"wordCount\":814,\"commentCount\":0,\"publisher\":{\"@id\":\"https:\/\/dev.explora.cl\/coquimbo\/#organization\"},\"image\":{\"@id\":\"https:\/\/dev.explora.cl\/coquimbo\/basura-y-reciclaje-que-es-lo-mejor-que-podemos-hacer-para-cuidar-nuestro-planeta\/#primaryimage\"},\"thumbnailUrl\":\"https:\/\/dev.explora.cl\/coquimbo\/wp-content\/uploads\/sites\/6\/2022\/02\/Reciclaje.jpg\",\"articleSection\":[\"Lugar 8\",\"Noticias\"],\"inLanguage\":\"es-CL\",\"potentialAction\":[{\"@type\":\"CommentAction\",\"name\":\"Comment\",\"target\":[\"https:\/\/dev.explora.cl\/coquimbo\/basura-y-reciclaje-que-es-lo-mejor-que-podemos-hacer-para-cuidar-nuestro-planeta\/#respond\"]}]},{\"@type\":\"WebPage\",\"@id\":\"https:\/\/dev.explora.cl\/coquimbo\/basura-y-reciclaje-que-es-lo-mejor-que-podemos-hacer-para-cuidar-nuestro-planeta\/\",\"url\":\"https:\/\/dev.explora.cl\/coquimbo\/basura-y-reciclaje-que-es-lo-mejor-que-podemos-hacer-para-cuidar-nuestro-planeta\/\",\"name\":\"Basura y reciclaje: \u00bfqu\u00e9 es lo mejor que podemos hacer para cuidar nuestro planeta? - Coquimbo\",\"isPartOf\":{\"@id\":\"https:\/\/dev.explora.cl\/coquimbo\/#website\"},\"primaryImageOfPage\":{\"@id\":\"https:\/\/dev.explora.cl\/coquimbo\/basura-y-reciclaje-que-es-lo-mejor-que-podemos-hacer-para-cuidar-nuestro-planeta\/#primaryimage\"},\"image\":{\"@id\":\"https:\/\/dev.explora.cl\/coquimbo\/basura-y-reciclaje-que-es-lo-mejor-que-podemos-hacer-para-cuidar-nuestro-planeta\/#primaryimage\"},\"thumbnailUrl\":\"https:\/\/dev.explora.cl\/coquimbo\/wp-content\/uploads\/sites\/6\/2022\/02\/Reciclaje.jpg\",\"datePublished\":\"2022-02-21T15:41:32+00:00\",\"dateModified\":\"2022-03-19T13:28:24+00:00\",\"breadcrumb\":{\"@id\":\"https:\/\/dev.explora.cl\/coquimbo\/basura-y-reciclaje-que-es-lo-mejor-que-podemos-hacer-para-cuidar-nuestro-planeta\/#breadcrumb\"},\"inLanguage\":\"es-CL\",\"potentialAction\":[{\"@type\":\"ReadAction\",\"target\":[\"https:\/\/dev.explora.cl\/coquimbo\/basura-y-reciclaje-que-es-lo-mejor-que-podemos-hacer-para-cuidar-nuestro-planeta\/\"]}]},{\"@type\":\"ImageObject\",\"inLanguage\":\"es-CL\",\"@id\":\"https:\/\/dev.explora.cl\/coquimbo\/basura-y-reciclaje-que-es-lo-mejor-que-podemos-hacer-para-cuidar-nuestro-planeta\/#primaryimage\",\"url\":\"https:\/\/dev.explora.cl\/coquimbo\/wp-content\/uploads\/sites\/6\/2022\/02\/Reciclaje.jpg\",\"contentUrl\":\"https:\/\/dev.explora.cl\/coquimbo\/wp-content\/uploads\/sites\/6\/2022\/02\/Reciclaje.jpg\",\"width\":760,\"height\":457},{\"@type\":\"BreadcrumbList\",\"@id\":\"https:\/\/dev.explora.cl\/coquimbo\/basura-y-reciclaje-que-es-lo-mejor-que-podemos-hacer-para-cuidar-nuestro-planeta\/#breadcrumb\",\"itemListElement\":[{\"@type\":\"ListItem\",\"position\":1,\"name\":\"Portada\",\"item\":\"https:\/\/dev.explora.cl\/coquimbo\/\"},{\"@type\":\"ListItem\",\"position\":2,\"name\":\"Basura y reciclaje: \u00bfqu\u00e9 es lo mejor que podemos hacer para cuidar nuestro planeta?\"}]},{\"@type\":\"WebSite\",\"@id\":\"https:\/\/dev.explora.cl\/coquimbo\/#website\",\"url\":\"https:\/\/dev.explora.cl\/coquimbo\/\",\"name\":\"Coquimbo\",\"description\":\"Otro sitio m\u00e1s de dev.explora.cl\",\"publisher\":{\"@id\":\"https:\/\/dev.explora.cl\/coquimbo\/#organization\"},\"potentialAction\":[{\"@type\":\"SearchAction\",\"target\":{\"@type\":\"EntryPoint\",\"urlTemplate\":\"https:\/\/dev.explora.cl\/coquimbo\/?s={search_term_string}\"},\"query-input\":{\"@type\":\"PropertyValueSpecification\",\"valueRequired\":true,\"valueName\":\"search_term_string\"}}],\"inLanguage\":\"es-CL\"},{\"@type\":\"Organization\",\"@id\":\"https:\/\/dev.explora.cl\/coquimbo\/#organization\",\"name\":\"Coquimbo\",\"url\":\"https:\/\/dev.explora.cl\/coquimbo\/\",\"logo\":{\"@type\":\"ImageObject\",\"inLanguage\":\"es-CL\",\"@id\":\"https:\/\/dev.explora.cl\/coquimbo\/#\/schema\/logo\/image\/\",\"url\":\"https:\/\/dev.explora.cl\/coquimbo\/wp-content\/uploads\/sites\/6\/2020\/08\/cropped-Mesa-de-trabajo-1-100.jpg\",\"contentUrl\":\"https:\/\/dev.explora.cl\/coquimbo\/wp-content\/uploads\/sites\/6\/2020\/08\/cropped-Mesa-de-trabajo-1-100.jpg\",\"width\":615,\"height\":576,\"caption\":\"Coquimbo\"},\"image\":{\"@id\":\"https:\/\/dev.explora.cl\/coquimbo\/#\/schema\/logo\/image\/\"}},{\"@type\":\"Person\",\"@id\":\"https:\/\/dev.explora.cl\/coquimbo\/#\/schema\/person\/c171f405669e4e4f7e56a099200d2fe6\",\"name\":\"jimartin\",\"image\":{\"@type\":\"ImageObject\",\"inLanguage\":\"es-CL\",\"@id\":\"https:\/\/dev.explora.cl\/coquimbo\/#\/schema\/person\/image\/\",\"url\":\"https:\/\/secure.gravatar.com\/avatar\/8dfd7d14443934731a5aea629f40c1aceb42cc8b566a9926567e833c9d22b643?s=96&d=mm&r=g\",\"contentUrl\":\"https:\/\/secure.gravatar.com\/avatar\/8dfd7d14443934731a5aea629f40c1aceb42cc8b566a9926567e833c9d22b643?s=96&d=mm&r=g\",\"caption\":\"jimartin\"},\"url\":\"https:\/\/dev.explora.cl\/coquimbo\/author\/jimartin\/\"}]}<\/script>\n<!-- \/ Yoast SEO plugin. -->","yoast_head_json":{"title":"Basura y reciclaje: \u00bfqu\u00e9 es lo mejor que podemos hacer para cuidar nuestro planeta? - Coquimbo","robots":{"index":"index","follow":"follow","max-snippet":"max-snippet:-1","max-image-preview":"max-image-preview:large","max-video-preview":"max-video-preview:-1"},"canonical":"https:\/\/dev.explora.cl\/coquimbo\/basura-y-reciclaje-que-es-lo-mejor-que-podemos-hacer-para-cuidar-nuestro-planeta\/","og_locale":"es_ES","og_type":"article","og_title":"Basura y reciclaje: \u00bfqu\u00e9 es lo mejor que podemos hacer para cuidar nuestro planeta? - Coquimbo","og_description":"Basura y reciclaje: \u00bfqu\u00e9 es lo mejor que podemos hacer para cuidar nuestro planeta?","og_url":"https:\/\/dev.explora.cl\/coquimbo\/basura-y-reciclaje-que-es-lo-mejor-que-podemos-hacer-para-cuidar-nuestro-planeta\/","og_site_name":"Coquimbo","article_published_time":"2022-02-21T15:41:32+00:00","article_modified_time":"2022-03-19T13:28:24+00:00","og_image":[{"width":760,"height":457,"url":"https:\/\/dev.explora.cl\/coquimbo\/wp-content\/uploads\/sites\/6\/2022\/02\/Reciclaje.jpg","type":"image\/jpeg"}],"author":"jimartin","twitter_card":"summary_large_image","twitter_misc":{"Escrito por":"jimartin","Tiempo estimado de lectura":"4 minutos"},"schema":{"@context":"https:\/\/schema.org","@graph":[{"@type":"Article","@id":"https:\/\/dev.explora.cl\/coquimbo\/basura-y-reciclaje-que-es-lo-mejor-que-podemos-hacer-para-cuidar-nuestro-planeta\/#article","isPartOf":{"@id":"https:\/\/dev.explora.cl\/coquimbo\/basura-y-reciclaje-que-es-lo-mejor-que-podemos-hacer-para-cuidar-nuestro-planeta\/"},"author":{"name":"jimartin","@id":"https:\/\/dev.explora.cl\/coquimbo\/#\/schema\/person\/c171f405669e4e4f7e56a099200d2fe6"},"headline":"Basura y reciclaje: \u00bfqu\u00e9 es lo mejor que podemos hacer para cuidar nuestro planeta?","datePublished":"2022-02-21T15:41:32+00:00","dateModified":"2022-03-19T13:28:24+00:00","mainEntityOfPage":{"@id":"https:\/\/dev.explora.cl\/coquimbo\/basura-y-reciclaje-que-es-lo-mejor-que-podemos-hacer-para-cuidar-nuestro-planeta\/"},"wordCount":814,"commentCount":0,"publisher":{"@id":"https:\/\/dev.explora.cl\/coquimbo\/#organization"},"image":{"@id":"https:\/\/dev.explora.cl\/coquimbo\/basura-y-reciclaje-que-es-lo-mejor-que-podemos-hacer-para-cuidar-nuestro-planeta\/#primaryimage"},"thumbnailUrl":"https:\/\/dev.explora.cl\/coquimbo\/wp-content\/uploads\/sites\/6\/2022\/02\/Reciclaje.jpg","articleSection":["Lugar 8","Noticias"],"inLanguage":"es-CL","potentialAction":[{"@type":"CommentAction","name":"Comment","target":["https:\/\/dev.explora.cl\/coquimbo\/basura-y-reciclaje-que-es-lo-mejor-que-podemos-hacer-para-cuidar-nuestro-planeta\/#respond"]}]},{"@type":"WebPage","@id":"https:\/\/dev.explora.cl\/coquimbo\/basura-y-reciclaje-que-es-lo-mejor-que-podemos-hacer-para-cuidar-nuestro-planeta\/","url":"https:\/\/dev.explora.cl\/coquimbo\/basura-y-reciclaje-que-es-lo-mejor-que-podemos-hacer-para-cuidar-nuestro-planeta\/","name":"Basura y reciclaje: \u00bfqu\u00e9 es lo mejor que podemos hacer para cuidar nuestro planeta? - Coquimbo","isPartOf":{"@id":"https:\/\/dev.explora.cl\/coquimbo\/#website"},"primaryImageOfPage":{"@id":"https:\/\/dev.explora.cl\/coquimbo\/basura-y-reciclaje-que-es-lo-mejor-que-podemos-hacer-para-cuidar-nuestro-planeta\/#primaryimage"},"image":{"@id":"https:\/\/dev.explora.cl\/coquimbo\/basura-y-reciclaje-que-es-lo-mejor-que-podemos-hacer-para-cuidar-nuestro-planeta\/#primaryimage"},"thumbnailUrl":"https:\/\/dev.explora.cl\/coquimbo\/wp-content\/uploads\/sites\/6\/2022\/02\/Reciclaje.jpg","datePublished":"2022-02-21T15:41:32+00:00","dateModified":"2022-03-19T13:28:24+00:00","breadcrumb":{"@id":"https:\/\/dev.explora.cl\/coquimbo\/basura-y-reciclaje-que-es-lo-mejor-que-podemos-hacer-para-cuidar-nuestro-planeta\/#breadcrumb"},"inLanguage":"es-CL","potentialAction":[{"@type":"ReadAction","target":["https:\/\/dev.explora.cl\/coquimbo\/basura-y-reciclaje-que-es-lo-mejor-que-podemos-hacer-para-cuidar-nuestro-planeta\/"]}]},{"@type":"ImageObject","inLanguage":"es-CL","@id":"https:\/\/dev.explora.cl\/coquimbo\/basura-y-reciclaje-que-es-lo-mejor-que-podemos-hacer-para-cuidar-nuestro-planeta\/#primaryimage","url":"https:\/\/dev.explora.cl\/coquimbo\/wp-content\/uploads\/sites\/6\/2022\/02\/Reciclaje.jpg","contentUrl":"https:\/\/dev.explora.cl\/coquimbo\/wp-content\/uploads\/sites\/6\/2022\/02\/Reciclaje.jpg","width":760,"height":457},{"@type":"BreadcrumbList","@id":"https:\/\/dev.explora.cl\/coquimbo\/basura-y-reciclaje-que-es-lo-mejor-que-podemos-hacer-para-cuidar-nuestro-planeta\/#breadcrumb","itemListElement":[{"@type":"ListItem","position":1,"name":"Portada","item":"https:\/\/dev.explora.cl\/coquimbo\/"},{"@type":"ListItem","position":2,"name":"Basura y reciclaje: \u00bfqu\u00e9 es lo mejor que podemos hacer para cuidar nuestro planeta?"}]},{"@type":"WebSite","@id":"https:\/\/dev.explora.cl\/coquimbo\/#website","url":"https:\/\/dev.explora.cl\/coquimbo\/","name":"Coquimbo","description":"Otro sitio m\u00e1s de dev.explora.cl","publisher":{"@id":"https:\/\/dev.explora.cl\/coquimbo\/#organization"},"potentialAction":[{"@type":"SearchAction","target":{"@type":"EntryPoint","urlTemplate":"https:\/\/dev.explora.cl\/coquimbo\/?s={search_term_string}"},"query-input":{"@type":"PropertyValueSpecification","valueRequired":true,"valueName":"search_term_string"}}],"inLanguage":"es-CL"},{"@type":"Organization","@id":"https:\/\/dev.explora.cl\/coquimbo\/#organization","name":"Coquimbo","url":"https:\/\/dev.explora.cl\/coquimbo\/","logo":{"@type":"ImageObject","inLanguage":"es-CL","@id":"https:\/\/dev.explora.cl\/coquimbo\/#\/schema\/logo\/image\/","url":"https:\/\/dev.explora.cl\/coquimbo\/wp-content\/uploads\/sites\/6\/2020\/08\/cropped-Mesa-de-trabajo-1-100.jpg","contentUrl":"https:\/\/dev.explora.cl\/coquimbo\/wp-content\/uploads\/sites\/6\/2020\/08\/cropped-Mesa-de-trabajo-1-100.jpg","width":615,"height":576,"caption":"Coquimbo"},"image":{"@id":"https:\/\/dev.explora.cl\/coquimbo\/#\/schema\/logo\/image\/"}},{"@type":"Person","@id":"https:\/\/dev.explora.cl\/coquimbo\/#\/schema\/person\/c171f405669e4e4f7e56a099200d2fe6","name":"jimartin","image":{"@type":"ImageObject","inLanguage":"es-CL","@id":"https:\/\/dev.explora.cl\/coquimbo\/#\/schema\/person\/image\/","url":"https:\/\/secure.gravatar.com\/avatar\/8dfd7d14443934731a5aea629f40c1aceb42cc8b566a9926567e833c9d22b643?s=96&d=mm&r=g","contentUrl":"https:\/\/secure.gravatar.com\/avatar\/8dfd7d14443934731a5aea629f40c1aceb42cc8b566a9926567e833c9d22b643?s=96&d=mm&r=g","caption":"jimartin"},"url":"https:\/\/dev.explora.cl\/coquimbo\/author\/jimartin\/"}]}},"_links":{"self":[{"href":"https:\/\/dev.explora.cl\/coquimbo\/wp-json\/wp\/v2\/posts\/42180","targetHints":{"allow":["GET"]}}],"collection":[{"href":"https:\/\/dev.explora.cl\/coquimbo\/wp-json\/wp\/v2\/posts"}],"about":[{"href":"https:\/\/dev.explora.cl\/coquimbo\/wp-json\/wp\/v2\/types\/post"}],"author":[{"embeddable":true,"href":"https:\/\/dev.explora.cl\/coquimbo\/wp-json\/wp\/v2\/users\/21"}],"replies":[{"embeddable":true,"href":"https:\/\/dev.explora.cl\/coquimbo\/wp-json\/wp\/v2\/comments?post=42180"}],"version-history":[{"count":1,"href":"https:\/\/dev.explora.cl\/coquimbo\/wp-json\/wp\/v2\/posts\/42180\/revisions"}],"predecessor-version":[{"id":42182,"href":"https:\/\/dev.explora.cl\/coquimbo\/wp-json\/wp\/v2\/posts\/42180\/revisions\/42182"}],"wp:featuredmedia":[{"embeddable":true,"href":"https:\/\/dev.explora.cl\/coquimbo\/wp-json\/wp\/v2\/media\/42181"}],"wp:attachment":[{"href":"https:\/\/dev.explora.cl\/coquimbo\/wp-json\/wp\/v2\/media?parent=42180"}],"wp:term":[{"taxonomy":"category","embeddable":true,"href":"https:\/\/dev.explora.cl\/coquimbo\/wp-json\/wp\/v2\/categories?post=42180"},{"taxonomy":"post_tag","embeddable":true,"href":"https:\/\/dev.explora.cl\/coquimbo\/wp-json\/wp\/v2\/tags?post=42180"}],"curies":[{"name":"wp","href":"https:\/\/api.w.org\/{rel}","templated":true}]}}