{"id":42163,"date":"2022-02-07T10:38:57","date_gmt":"2022-02-07T13:38:57","guid":{"rendered":"https:\/\/dev.explora.cl\/coquimbo\/?p=42163"},"modified":"2022-03-08T13:02:37","modified_gmt":"2022-03-08T16:02:37","slug":"columna-de-opinion-repensar-la-historia-regional","status":"publish","type":"post","link":"https:\/\/dev.explora.cl\/coquimbo\/columna-de-opinion-repensar-la-historia-regional\/","title":{"rendered":"Columna de opini\u00f3n: Repensar la Historia Regional"},"content":{"rendered":"<h4 style=\"font-weight: 400\"><strong>Francisco Aspe Bou<img loading=\"lazy\" decoding=\"async\" class=\" wp-image-42165 alignright\" src=\"https:\/\/dev.explora.cl\/coquimbo\/wp-content\/uploads\/sites\/6\/2022\/02\/Francisco-Aspe-Bou--225x300.jpeg\" alt=\"\" width=\"146\" height=\"195\" srcset=\"https:\/\/dev.explora.cl\/coquimbo\/wp-content\/uploads\/sites\/6\/2022\/02\/Francisco-Aspe-Bou--225x300.jpeg 225w, https:\/\/dev.explora.cl\/coquimbo\/wp-content\/uploads\/sites\/6\/2022\/02\/Francisco-Aspe-Bou--768x1024.jpeg 768w, https:\/\/dev.explora.cl\/coquimbo\/wp-content\/uploads\/sites\/6\/2022\/02\/Francisco-Aspe-Bou-.jpeg 960w\" sizes=\"auto, (max-width: 146px) 100vw, 146px\" \/><\/strong><\/h4>\n<h4 style=\"font-weight: 400\"><strong>Profesor de Historia, Geograf\u00eda\u00a0<\/strong><\/h4>\n<h4 style=\"font-weight: 400\"><strong>Magister en Historia<\/strong><\/h4>\n<p style=\"text-align: justify\">Cuando los j\u00f3venes historiadores franceses de la primera mitad del siglo XX entre ellos Marc Bloch y Lucien Febvre fundaban la Escuela de los Annales, le dieron vida a una nueva y joven historiograf\u00eda que compromet\u00eda a otras ciencias sociales y la visibilizacion de otros sujetos hist\u00f3ricos que nunca hab\u00edan sido estudiados. Aquella escuela marco un cambio radical de como se escrib\u00eda e investigaba la historia a nivel mundial. Un ejemplo de aquello, fue una disminuci\u00f3n de las investigaciones de las grandes epopeyas militares y biograf\u00edas de hombres destacados que proven\u00edan siempre desde la elite. Entonces, hoy, cabe preguntarnos \u00bfHay que repensar nuestra historiograf\u00eda regional ?<\/p>\n<p style=\"text-align: justify\">No es peyorativo se\u00f1alar que hoy por hoy se requiere una historia que se ocupe de los territorios que han estado subordinadas inevitablemente a la historia nacional, y cuando no, confundi\u00e9ndose con la historia regional. Esta historia, no por esto deja de ser nacional, pues contiene el sentir de aquellos espacios comunitarios m\u00e1s peque\u00f1os que han estado ocultos por creerlos ajenos al acontecer civilizador que prometieron alguna vez las elites, una historia que reclama nuevos actores, tan valiosos como los de nuestra historia \u201coficial\u201d que lastimosamente se reproduce al interior de nuestra historia regional.<\/p>\n<p style=\"text-align: justify\">Esta historia debe recoger con urgencia los desaf\u00edos que esto requiere, revisar nuevamente las fuentes que suponemos ya agotadas, y de ser as\u00ed, considerar otras que han sido dejadas a un lado por estar a m\u00e1s de las veces poco sistematizadas. Requerimos una historia que no se parezca a la historia nacional, cuyos h\u00e9roes si bien tienen una val\u00eda innegable, adolecen de la identidad que da impronta a los territorios.\u00a0\u00a0Esto requiere repensar los conceptos que tenemos de patria, pues ella es ante el primer hogar, la geograf\u00eda al interior de la cual nacemos, y a veces tambi\u00e9n, morimos.<\/p>\n<p style=\"text-align: justify\">Al respecto, es inevitable citar a Thomas B. Macaulay al momento de escribir \u201cCantos populares de la antigua Roma\u201d (1842): \u201c\u2026 \u00bfQu\u00e9 mejor manera de morir puede un hombre que la de enfrentarse a su terrible destino defendiendo las cenizas de sus padres y los templos de sus dioses?&#8230;\u201d.<\/p>\n<p style=\"text-align: justify\">Pues al interior de aquella frase que muy bien puede ser de elite subyace una verdad innegable, muchos de nuestros muertos no solo murieron enfrentando batallas \u00e9picas y gloriosas, murieron construyendo ferrocarriles en tierras extranjeras, y cuando no, buscando\u00a0\u00a0la riqueza que les fue esquiva en otras naciones. All\u00ed est\u00e1n aquellos que murieron producto de las pandemias, que nunca dejaron de trabajar para sus familias, sus hogares, su primera patria.<\/p>\n<p style=\"text-align: justify\">En consecuencia, es no solo conveniente volver a revisar las fuentes documentadas a fin de ampliar los conocimientos que se tiene de los territorios, una historia que se aleje del discurso tradicional que ha determinado la Historia Nacional y, como consecuencia directa de esto, afectando a nuestra propia historia. Una historia que fortalezca la identidad de los territorios y que inevitablemente reclama la experiencia que nos deja el tiempo.<\/p>\n","protected":false},"excerpt":{"rendered":"<p>Columna de opini\u00f3n: Repensar la Historia Regional<\/p>\n","protected":false},"author":21,"featured_media":42164,"comment_status":"open","ping_status":"open","sticky":false,"template":"","format":"standard","meta":{"_acf_changed":false,"_exactmetrics_skip_tracking":false,"_exactmetrics_sitenote_active":false,"_exactmetrics_sitenote_note":"","_exactmetrics_sitenote_category":0,"footnotes":"","_links_to":"","_links_to_target":""},"categories":[143,4],"tags":[],"class_list":["post-42163","post","type-post","status-publish","format-standard","has-post-thumbnail","hentry","category-lugar-8","category-noticias"],"acf":[],"yoast_head":"<!-- This site is optimized with the Yoast SEO plugin v26.7 - https:\/\/yoast.com\/wordpress\/plugins\/seo\/ -->\n<title>Columna de opini\u00f3n: Repensar la Historia Regional - Coquimbo<\/title>\n<meta name=\"robots\" content=\"index, follow, max-snippet:-1, max-image-preview:large, max-video-preview:-1\" \/>\n<link rel=\"canonical\" href=\"https:\/\/dev.explora.cl\/coquimbo\/columna-de-opinion-repensar-la-historia-regional\/\" class=\"yoast-seo-meta-tag\" \/>\n<meta property=\"og:locale\" content=\"es_ES\" class=\"yoast-seo-meta-tag\" \/>\n<meta property=\"og:type\" content=\"article\" class=\"yoast-seo-meta-tag\" \/>\n<meta property=\"og:title\" content=\"Columna de opini\u00f3n: Repensar la Historia Regional - Coquimbo\" class=\"yoast-seo-meta-tag\" \/>\n<meta property=\"og:description\" content=\"Columna de opini\u00f3n: Repensar la Historia Regional\" class=\"yoast-seo-meta-tag\" \/>\n<meta property=\"og:url\" content=\"https:\/\/dev.explora.cl\/coquimbo\/columna-de-opinion-repensar-la-historia-regional\/\" class=\"yoast-seo-meta-tag\" \/>\n<meta property=\"og:site_name\" content=\"Coquimbo\" class=\"yoast-seo-meta-tag\" \/>\n<meta property=\"article:published_time\" content=\"2022-02-07T13:38:57+00:00\" class=\"yoast-seo-meta-tag\" \/>\n<meta property=\"article:modified_time\" content=\"2022-03-08T16:02:37+00:00\" class=\"yoast-seo-meta-tag\" \/>\n<meta property=\"og:image\" content=\"https:\/\/dev.explora.cl\/coquimbo\/wp-content\/uploads\/sites\/6\/2022\/02\/articles-132537_thumbnail.jpg\" class=\"yoast-seo-meta-tag\" \/>\n\t<meta property=\"og:image:width\" content=\"1534\" class=\"yoast-seo-meta-tag\" \/>\n\t<meta property=\"og:image:height\" content=\"1205\" class=\"yoast-seo-meta-tag\" \/>\n\t<meta property=\"og:image:type\" content=\"image\/jpeg\" class=\"yoast-seo-meta-tag\" \/>\n<meta name=\"author\" content=\"jimartin\" class=\"yoast-seo-meta-tag\" \/>\n<meta name=\"twitter:card\" content=\"summary_large_image\" class=\"yoast-seo-meta-tag\" \/>\n<meta name=\"twitter:label1\" content=\"Escrito por\" class=\"yoast-seo-meta-tag\" \/>\n\t<meta name=\"twitter:data1\" content=\"jimartin\" class=\"yoast-seo-meta-tag\" \/>\n\t<meta name=\"twitter:label2\" content=\"Tiempo estimado de lectura\" class=\"yoast-seo-meta-tag\" \/>\n\t<meta name=\"twitter:data2\" content=\"3 minutos\" class=\"yoast-seo-meta-tag\" \/>\n<script type=\"application\/ld+json\" class=\"yoast-schema-graph\">{\"@context\":\"https:\/\/schema.org\",\"@graph\":[{\"@type\":\"Article\",\"@id\":\"https:\/\/dev.explora.cl\/coquimbo\/columna-de-opinion-repensar-la-historia-regional\/#article\",\"isPartOf\":{\"@id\":\"https:\/\/dev.explora.cl\/coquimbo\/columna-de-opinion-repensar-la-historia-regional\/\"},\"author\":{\"name\":\"jimartin\",\"@id\":\"https:\/\/dev.explora.cl\/coquimbo\/#\/schema\/person\/c171f405669e4e4f7e56a099200d2fe6\"},\"headline\":\"Columna de opini\u00f3n: Repensar la Historia Regional\",\"datePublished\":\"2022-02-07T13:38:57+00:00\",\"dateModified\":\"2022-03-08T16:02:37+00:00\",\"mainEntityOfPage\":{\"@id\":\"https:\/\/dev.explora.cl\/coquimbo\/columna-de-opinion-repensar-la-historia-regional\/\"},\"wordCount\":524,\"commentCount\":0,\"publisher\":{\"@id\":\"https:\/\/dev.explora.cl\/coquimbo\/#organization\"},\"image\":{\"@id\":\"https:\/\/dev.explora.cl\/coquimbo\/columna-de-opinion-repensar-la-historia-regional\/#primaryimage\"},\"thumbnailUrl\":\"https:\/\/dev.explora.cl\/coquimbo\/wp-content\/uploads\/sites\/6\/2022\/02\/articles-132537_thumbnail.jpg\",\"articleSection\":[\"Lugar 8\",\"Noticias\"],\"inLanguage\":\"es-CL\",\"potentialAction\":[{\"@type\":\"CommentAction\",\"name\":\"Comment\",\"target\":[\"https:\/\/dev.explora.cl\/coquimbo\/columna-de-opinion-repensar-la-historia-regional\/#respond\"]}]},{\"@type\":\"WebPage\",\"@id\":\"https:\/\/dev.explora.cl\/coquimbo\/columna-de-opinion-repensar-la-historia-regional\/\",\"url\":\"https:\/\/dev.explora.cl\/coquimbo\/columna-de-opinion-repensar-la-historia-regional\/\",\"name\":\"Columna de opini\u00f3n: Repensar la Historia Regional - Coquimbo\",\"isPartOf\":{\"@id\":\"https:\/\/dev.explora.cl\/coquimbo\/#website\"},\"primaryImageOfPage\":{\"@id\":\"https:\/\/dev.explora.cl\/coquimbo\/columna-de-opinion-repensar-la-historia-regional\/#primaryimage\"},\"image\":{\"@id\":\"https:\/\/dev.explora.cl\/coquimbo\/columna-de-opinion-repensar-la-historia-regional\/#primaryimage\"},\"thumbnailUrl\":\"https:\/\/dev.explora.cl\/coquimbo\/wp-content\/uploads\/sites\/6\/2022\/02\/articles-132537_thumbnail.jpg\",\"datePublished\":\"2022-02-07T13:38:57+00:00\",\"dateModified\":\"2022-03-08T16:02:37+00:00\",\"breadcrumb\":{\"@id\":\"https:\/\/dev.explora.cl\/coquimbo\/columna-de-opinion-repensar-la-historia-regional\/#breadcrumb\"},\"inLanguage\":\"es-CL\",\"potentialAction\":[{\"@type\":\"ReadAction\",\"target\":[\"https:\/\/dev.explora.cl\/coquimbo\/columna-de-opinion-repensar-la-historia-regional\/\"]}]},{\"@type\":\"ImageObject\",\"inLanguage\":\"es-CL\",\"@id\":\"https:\/\/dev.explora.cl\/coquimbo\/columna-de-opinion-repensar-la-historia-regional\/#primaryimage\",\"url\":\"https:\/\/dev.explora.cl\/coquimbo\/wp-content\/uploads\/sites\/6\/2022\/02\/articles-132537_thumbnail.jpg\",\"contentUrl\":\"https:\/\/dev.explora.cl\/coquimbo\/wp-content\/uploads\/sites\/6\/2022\/02\/articles-132537_thumbnail.jpg\",\"width\":1534,\"height\":1205},{\"@type\":\"BreadcrumbList\",\"@id\":\"https:\/\/dev.explora.cl\/coquimbo\/columna-de-opinion-repensar-la-historia-regional\/#breadcrumb\",\"itemListElement\":[{\"@type\":\"ListItem\",\"position\":1,\"name\":\"Portada\",\"item\":\"https:\/\/dev.explora.cl\/coquimbo\/\"},{\"@type\":\"ListItem\",\"position\":2,\"name\":\"Columna de opini\u00f3n: Repensar la Historia Regional\"}]},{\"@type\":\"WebSite\",\"@id\":\"https:\/\/dev.explora.cl\/coquimbo\/#website\",\"url\":\"https:\/\/dev.explora.cl\/coquimbo\/\",\"name\":\"Coquimbo\",\"description\":\"Otro sitio m\u00e1s de dev.explora.cl\",\"publisher\":{\"@id\":\"https:\/\/dev.explora.cl\/coquimbo\/#organization\"},\"potentialAction\":[{\"@type\":\"SearchAction\",\"target\":{\"@type\":\"EntryPoint\",\"urlTemplate\":\"https:\/\/dev.explora.cl\/coquimbo\/?s={search_term_string}\"},\"query-input\":{\"@type\":\"PropertyValueSpecification\",\"valueRequired\":true,\"valueName\":\"search_term_string\"}}],\"inLanguage\":\"es-CL\"},{\"@type\":\"Organization\",\"@id\":\"https:\/\/dev.explora.cl\/coquimbo\/#organization\",\"name\":\"Coquimbo\",\"url\":\"https:\/\/dev.explora.cl\/coquimbo\/\",\"logo\":{\"@type\":\"ImageObject\",\"inLanguage\":\"es-CL\",\"@id\":\"https:\/\/dev.explora.cl\/coquimbo\/#\/schema\/logo\/image\/\",\"url\":\"https:\/\/dev.explora.cl\/coquimbo\/wp-content\/uploads\/sites\/6\/2020\/08\/cropped-Mesa-de-trabajo-1-100.jpg\",\"contentUrl\":\"https:\/\/dev.explora.cl\/coquimbo\/wp-content\/uploads\/sites\/6\/2020\/08\/cropped-Mesa-de-trabajo-1-100.jpg\",\"width\":615,\"height\":576,\"caption\":\"Coquimbo\"},\"image\":{\"@id\":\"https:\/\/dev.explora.cl\/coquimbo\/#\/schema\/logo\/image\/\"}},{\"@type\":\"Person\",\"@id\":\"https:\/\/dev.explora.cl\/coquimbo\/#\/schema\/person\/c171f405669e4e4f7e56a099200d2fe6\",\"name\":\"jimartin\",\"image\":{\"@type\":\"ImageObject\",\"inLanguage\":\"es-CL\",\"@id\":\"https:\/\/dev.explora.cl\/coquimbo\/#\/schema\/person\/image\/\",\"url\":\"https:\/\/secure.gravatar.com\/avatar\/8dfd7d14443934731a5aea629f40c1aceb42cc8b566a9926567e833c9d22b643?s=96&d=mm&r=g\",\"contentUrl\":\"https:\/\/secure.gravatar.com\/avatar\/8dfd7d14443934731a5aea629f40c1aceb42cc8b566a9926567e833c9d22b643?s=96&d=mm&r=g\",\"caption\":\"jimartin\"},\"url\":\"https:\/\/dev.explora.cl\/coquimbo\/author\/jimartin\/\"}]}<\/script>\n<!-- \/ Yoast SEO plugin. -->","yoast_head_json":{"title":"Columna de opini\u00f3n: Repensar la Historia Regional - Coquimbo","robots":{"index":"index","follow":"follow","max-snippet":"max-snippet:-1","max-image-preview":"max-image-preview:large","max-video-preview":"max-video-preview:-1"},"canonical":"https:\/\/dev.explora.cl\/coquimbo\/columna-de-opinion-repensar-la-historia-regional\/","og_locale":"es_ES","og_type":"article","og_title":"Columna de opini\u00f3n: Repensar la Historia Regional - Coquimbo","og_description":"Columna de opini\u00f3n: Repensar la Historia Regional","og_url":"https:\/\/dev.explora.cl\/coquimbo\/columna-de-opinion-repensar-la-historia-regional\/","og_site_name":"Coquimbo","article_published_time":"2022-02-07T13:38:57+00:00","article_modified_time":"2022-03-08T16:02:37+00:00","og_image":[{"width":1534,"height":1205,"url":"https:\/\/dev.explora.cl\/coquimbo\/wp-content\/uploads\/sites\/6\/2022\/02\/articles-132537_thumbnail.jpg","type":"image\/jpeg"}],"author":"jimartin","twitter_card":"summary_large_image","twitter_misc":{"Escrito por":"jimartin","Tiempo estimado de lectura":"3 minutos"},"schema":{"@context":"https:\/\/schema.org","@graph":[{"@type":"Article","@id":"https:\/\/dev.explora.cl\/coquimbo\/columna-de-opinion-repensar-la-historia-regional\/#article","isPartOf":{"@id":"https:\/\/dev.explora.cl\/coquimbo\/columna-de-opinion-repensar-la-historia-regional\/"},"author":{"name":"jimartin","@id":"https:\/\/dev.explora.cl\/coquimbo\/#\/schema\/person\/c171f405669e4e4f7e56a099200d2fe6"},"headline":"Columna de opini\u00f3n: Repensar la Historia Regional","datePublished":"2022-02-07T13:38:57+00:00","dateModified":"2022-03-08T16:02:37+00:00","mainEntityOfPage":{"@id":"https:\/\/dev.explora.cl\/coquimbo\/columna-de-opinion-repensar-la-historia-regional\/"},"wordCount":524,"commentCount":0,"publisher":{"@id":"https:\/\/dev.explora.cl\/coquimbo\/#organization"},"image":{"@id":"https:\/\/dev.explora.cl\/coquimbo\/columna-de-opinion-repensar-la-historia-regional\/#primaryimage"},"thumbnailUrl":"https:\/\/dev.explora.cl\/coquimbo\/wp-content\/uploads\/sites\/6\/2022\/02\/articles-132537_thumbnail.jpg","articleSection":["Lugar 8","Noticias"],"inLanguage":"es-CL","potentialAction":[{"@type":"CommentAction","name":"Comment","target":["https:\/\/dev.explora.cl\/coquimbo\/columna-de-opinion-repensar-la-historia-regional\/#respond"]}]},{"@type":"WebPage","@id":"https:\/\/dev.explora.cl\/coquimbo\/columna-de-opinion-repensar-la-historia-regional\/","url":"https:\/\/dev.explora.cl\/coquimbo\/columna-de-opinion-repensar-la-historia-regional\/","name":"Columna de opini\u00f3n: Repensar la Historia Regional - Coquimbo","isPartOf":{"@id":"https:\/\/dev.explora.cl\/coquimbo\/#website"},"primaryImageOfPage":{"@id":"https:\/\/dev.explora.cl\/coquimbo\/columna-de-opinion-repensar-la-historia-regional\/#primaryimage"},"image":{"@id":"https:\/\/dev.explora.cl\/coquimbo\/columna-de-opinion-repensar-la-historia-regional\/#primaryimage"},"thumbnailUrl":"https:\/\/dev.explora.cl\/coquimbo\/wp-content\/uploads\/sites\/6\/2022\/02\/articles-132537_thumbnail.jpg","datePublished":"2022-02-07T13:38:57+00:00","dateModified":"2022-03-08T16:02:37+00:00","breadcrumb":{"@id":"https:\/\/dev.explora.cl\/coquimbo\/columna-de-opinion-repensar-la-historia-regional\/#breadcrumb"},"inLanguage":"es-CL","potentialAction":[{"@type":"ReadAction","target":["https:\/\/dev.explora.cl\/coquimbo\/columna-de-opinion-repensar-la-historia-regional\/"]}]},{"@type":"ImageObject","inLanguage":"es-CL","@id":"https:\/\/dev.explora.cl\/coquimbo\/columna-de-opinion-repensar-la-historia-regional\/#primaryimage","url":"https:\/\/dev.explora.cl\/coquimbo\/wp-content\/uploads\/sites\/6\/2022\/02\/articles-132537_thumbnail.jpg","contentUrl":"https:\/\/dev.explora.cl\/coquimbo\/wp-content\/uploads\/sites\/6\/2022\/02\/articles-132537_thumbnail.jpg","width":1534,"height":1205},{"@type":"BreadcrumbList","@id":"https:\/\/dev.explora.cl\/coquimbo\/columna-de-opinion-repensar-la-historia-regional\/#breadcrumb","itemListElement":[{"@type":"ListItem","position":1,"name":"Portada","item":"https:\/\/dev.explora.cl\/coquimbo\/"},{"@type":"ListItem","position":2,"name":"Columna de opini\u00f3n: Repensar la Historia Regional"}]},{"@type":"WebSite","@id":"https:\/\/dev.explora.cl\/coquimbo\/#website","url":"https:\/\/dev.explora.cl\/coquimbo\/","name":"Coquimbo","description":"Otro sitio m\u00e1s de dev.explora.cl","publisher":{"@id":"https:\/\/dev.explora.cl\/coquimbo\/#organization"},"potentialAction":[{"@type":"SearchAction","target":{"@type":"EntryPoint","urlTemplate":"https:\/\/dev.explora.cl\/coquimbo\/?s={search_term_string}"},"query-input":{"@type":"PropertyValueSpecification","valueRequired":true,"valueName":"search_term_string"}}],"inLanguage":"es-CL"},{"@type":"Organization","@id":"https:\/\/dev.explora.cl\/coquimbo\/#organization","name":"Coquimbo","url":"https:\/\/dev.explora.cl\/coquimbo\/","logo":{"@type":"ImageObject","inLanguage":"es-CL","@id":"https:\/\/dev.explora.cl\/coquimbo\/#\/schema\/logo\/image\/","url":"https:\/\/dev.explora.cl\/coquimbo\/wp-content\/uploads\/sites\/6\/2020\/08\/cropped-Mesa-de-trabajo-1-100.jpg","contentUrl":"https:\/\/dev.explora.cl\/coquimbo\/wp-content\/uploads\/sites\/6\/2020\/08\/cropped-Mesa-de-trabajo-1-100.jpg","width":615,"height":576,"caption":"Coquimbo"},"image":{"@id":"https:\/\/dev.explora.cl\/coquimbo\/#\/schema\/logo\/image\/"}},{"@type":"Person","@id":"https:\/\/dev.explora.cl\/coquimbo\/#\/schema\/person\/c171f405669e4e4f7e56a099200d2fe6","name":"jimartin","image":{"@type":"ImageObject","inLanguage":"es-CL","@id":"https:\/\/dev.explora.cl\/coquimbo\/#\/schema\/person\/image\/","url":"https:\/\/secure.gravatar.com\/avatar\/8dfd7d14443934731a5aea629f40c1aceb42cc8b566a9926567e833c9d22b643?s=96&d=mm&r=g","contentUrl":"https:\/\/secure.gravatar.com\/avatar\/8dfd7d14443934731a5aea629f40c1aceb42cc8b566a9926567e833c9d22b643?s=96&d=mm&r=g","caption":"jimartin"},"url":"https:\/\/dev.explora.cl\/coquimbo\/author\/jimartin\/"}]}},"_links":{"self":[{"href":"https:\/\/dev.explora.cl\/coquimbo\/wp-json\/wp\/v2\/posts\/42163","targetHints":{"allow":["GET"]}}],"collection":[{"href":"https:\/\/dev.explora.cl\/coquimbo\/wp-json\/wp\/v2\/posts"}],"about":[{"href":"https:\/\/dev.explora.cl\/coquimbo\/wp-json\/wp\/v2\/types\/post"}],"author":[{"embeddable":true,"href":"https:\/\/dev.explora.cl\/coquimbo\/wp-json\/wp\/v2\/users\/21"}],"replies":[{"embeddable":true,"href":"https:\/\/dev.explora.cl\/coquimbo\/wp-json\/wp\/v2\/comments?post=42163"}],"version-history":[{"count":1,"href":"https:\/\/dev.explora.cl\/coquimbo\/wp-json\/wp\/v2\/posts\/42163\/revisions"}],"predecessor-version":[{"id":42166,"href":"https:\/\/dev.explora.cl\/coquimbo\/wp-json\/wp\/v2\/posts\/42163\/revisions\/42166"}],"wp:featuredmedia":[{"embeddable":true,"href":"https:\/\/dev.explora.cl\/coquimbo\/wp-json\/wp\/v2\/media\/42164"}],"wp:attachment":[{"href":"https:\/\/dev.explora.cl\/coquimbo\/wp-json\/wp\/v2\/media?parent=42163"}],"wp:term":[{"taxonomy":"category","embeddable":true,"href":"https:\/\/dev.explora.cl\/coquimbo\/wp-json\/wp\/v2\/categories?post=42163"},{"taxonomy":"post_tag","embeddable":true,"href":"https:\/\/dev.explora.cl\/coquimbo\/wp-json\/wp\/v2\/tags?post=42163"}],"curies":[{"name":"wp","href":"https:\/\/api.w.org\/{rel}","templated":true}]}}