{"id":42092,"date":"2021-12-23T11:04:16","date_gmt":"2021-12-23T14:04:16","guid":{"rendered":"https:\/\/dev.explora.cl\/coquimbo\/?p=42092"},"modified":"2022-01-17T17:57:20","modified_gmt":"2022-01-17T20:57:20","slug":"psicologa-victoria-larrain-culturalmente-tenemos-muy-invisibilizadas-a-las-personas-con-discapacidad-como-personas-sexuadas","status":"publish","type":"post","link":"https:\/\/dev.explora.cl\/coquimbo\/psicologa-victoria-larrain-culturalmente-tenemos-muy-invisibilizadas-a-las-personas-con-discapacidad-como-personas-sexuadas\/","title":{"rendered":"Psic\u00f3loga Victoria Larra\u00edn: \u201cCulturalmente tenemos muy invisibilizadas a las personas con discapacidad como personas sexuadas\u201d"},"content":{"rendered":"<p style=\"text-align: justify\"><em>Cada 3 de diciembre se celebra el d\u00eda internacional de la discapacidad, con el objetivo de promover los derechos y el bienestar de las personas con discapacidades en todos los \u00e1mbitos de la sociedad y el desarrollo, as\u00ed como concienciar sobre su situaci\u00f3n en todos los aspectos de la vida pol\u00edtica, social, econ\u00f3mica y cultural. <\/em><\/p>\n<p style=\"text-align: justify\">Es en este contexto que la iniciativa Ciencia Abierta realiz\u00f3 un ciclo de Charlas sobre diversas tem\u00e1ticas relacionadas a la discapacidad, una de ellas muy relevante y poco difundida son los derechos sexuales y reproductivos de las personas en situaci\u00f3n de discapacidad.<\/p>\n<p style=\"text-align: justify\">Tema que fue abordado por la experta Victoria Larra\u00edn, Psic\u00f3loga especialista en sexualidad y discapacidad, quien dict\u00f3 una informativa charla al respecto, explicando cuales son los derechos sexuales y reproductivos que poseen, entre ellos, el derecho a la educaci\u00f3n integral de la sexualidad, el derecho a decidir tener hijos, el derecho a la privacidad, entre otros.<\/p>\n<p style=\"text-align: justify\">Respecto a este \u00faltimo, la especialista se\u00f1al\u00f3 que \u201cculturalmente tenemos muy invisibilizadas a las personas con discapacidad como personas sexuadas, tendemos a infantilizarlas mucho y por lo tanto como nosotros asexuamos la infancia tambi\u00e9n asexuamos a las personas con discapacidad, pero no lo son, son personas sexuadas como todos\u201d.<\/p>\n<p style=\"text-align: justify\">En palabras de la Psic\u00f3loga, se tiende a pensar que las personas en situaci\u00f3n de discapacidad no tienen sexualidad y que tampoco pueden ser sexualmente diversos, pensamiento incorrecto puesto que la discapacidad con el factor sexualidad son carriles distintos en una persona, \u201cpodemos tener una persona en situaci\u00f3n de discapacidad que tenga una identidad de g\u00e9nero, expresi\u00f3n de g\u00e9nero, sexo biol\u00f3gico u orientaci\u00f3n sexual diversa\u201d.<\/p>\n<p style=\"text-align: justify\">Adem\u00e1s, en la ocasi\u00f3n, la experta en sexualidad, habl\u00f3 respecto a la responsabilidad sobre poner este tipo de temas sobre la mesa ya que afirma que \u201ces tremendamente importante avanzar en esta tem\u00e1tica ya que estamos muy atr\u00e1s como pa\u00eds en comparaci\u00f3n ya que este tema va por un tema de voluntades de cambiar la mirada infantilizada y empezar a verlas como personas sujetas de derecho y todas las personas somos garantes de esos derechos\u201d.<\/p>\n<p style=\"text-align: justify\">Consultada sobre a qu\u00e9 edad recomendaba la experta comenzar a conversar sobre este tema con una persona con discapacidad, respondi\u00f3 que \u201cen el factor edad, est\u00e1 el tema de la tem\u00e1tica, porque yo creo que siempre tenemos que estar hablando de sexualidad, pero s\u00ed, justamente, como plantean los programas de educaci\u00f3n sexual integral va a dependiendo de la etapa de desarrollo de la persona\u201d.<\/p>\n<p style=\"text-align: justify\">Puedes visualizar la charla completa aqu\u00ed:<\/p>\n<p><iframe loading=\"lazy\" title=\"Charla: Derechos sexuales y reproductivos para personas con discapacidad.\" width=\"1180\" height=\"664\" src=\"https:\/\/www.youtube.com\/embed\/P3KBJ7toCTo?feature=oembed\" frameborder=\"0\" allow=\"accelerometer; autoplay; clipboard-write; encrypted-media; gyroscope; picture-in-picture\" allowfullscreen><\/iframe><\/p>\n","protected":false},"excerpt":{"rendered":"<p>Psic\u00f3loga Victoria Larra\u00edn: \u201cCulturalmente tenemos muy invisibilizadas a las personas con discapacidad como personas sexuadas\u201d<\/p>\n","protected":false},"author":21,"featured_media":42094,"comment_status":"open","ping_status":"open","sticky":false,"template":"","format":"standard","meta":{"_acf_changed":false,"_exactmetrics_skip_tracking":false,"_exactmetrics_sitenote_active":false,"_exactmetrics_sitenote_note":"","_exactmetrics_sitenote_category":0,"footnotes":"","_links_to":"","_links_to_target":""},"categories":[143,4],"tags":[],"class_list":["post-42092","post","type-post","status-publish","format-standard","has-post-thumbnail","hentry","category-lugar-8","category-noticias"],"acf":[],"yoast_head":"<!-- This site is optimized with the Yoast SEO plugin v26.7 - https:\/\/yoast.com\/wordpress\/plugins\/seo\/ -->\n<title>Psic\u00f3loga Victoria Larra\u00edn: \u201cCulturalmente tenemos muy invisibilizadas a las personas con discapacidad como personas sexuadas\u201d - Coquimbo<\/title>\n<meta name=\"robots\" content=\"index, follow, max-snippet:-1, max-image-preview:large, max-video-preview:-1\" \/>\n<link rel=\"canonical\" href=\"https:\/\/dev.explora.cl\/coquimbo\/psicologa-victoria-larrain-culturalmente-tenemos-muy-invisibilizadas-a-las-personas-con-discapacidad-como-personas-sexuadas\/\" class=\"yoast-seo-meta-tag\" \/>\n<meta property=\"og:locale\" content=\"es_ES\" class=\"yoast-seo-meta-tag\" \/>\n<meta property=\"og:type\" content=\"article\" class=\"yoast-seo-meta-tag\" \/>\n<meta property=\"og:title\" content=\"Psic\u00f3loga Victoria Larra\u00edn: \u201cCulturalmente tenemos muy invisibilizadas a las personas con discapacidad como personas sexuadas\u201d - Coquimbo\" class=\"yoast-seo-meta-tag\" \/>\n<meta property=\"og:description\" content=\"Psic\u00f3loga Victoria Larra\u00edn: \u201cCulturalmente tenemos muy invisibilizadas a las personas con discapacidad como personas sexuadas\u201d\" class=\"yoast-seo-meta-tag\" \/>\n<meta property=\"og:url\" content=\"https:\/\/dev.explora.cl\/coquimbo\/psicologa-victoria-larrain-culturalmente-tenemos-muy-invisibilizadas-a-las-personas-con-discapacidad-como-personas-sexuadas\/\" class=\"yoast-seo-meta-tag\" \/>\n<meta property=\"og:site_name\" content=\"Coquimbo\" class=\"yoast-seo-meta-tag\" \/>\n<meta property=\"article:published_time\" content=\"2021-12-23T14:04:16+00:00\" class=\"yoast-seo-meta-tag\" \/>\n<meta property=\"article:modified_time\" content=\"2022-01-17T20:57:20+00:00\" class=\"yoast-seo-meta-tag\" \/>\n<meta property=\"og:image\" content=\"https:\/\/dev.explora.cl\/coquimbo\/wp-content\/uploads\/sites\/6\/2021\/12\/pantallazo-charla-derechos-sexuales....-6.png\" class=\"yoast-seo-meta-tag\" \/>\n\t<meta property=\"og:image:width\" content=\"1366\" class=\"yoast-seo-meta-tag\" \/>\n\t<meta property=\"og:image:height\" content=\"768\" class=\"yoast-seo-meta-tag\" \/>\n\t<meta property=\"og:image:type\" content=\"image\/png\" class=\"yoast-seo-meta-tag\" \/>\n<meta name=\"author\" content=\"jimartin\" class=\"yoast-seo-meta-tag\" \/>\n<meta name=\"twitter:card\" content=\"summary_large_image\" class=\"yoast-seo-meta-tag\" \/>\n<meta name=\"twitter:label1\" content=\"Escrito por\" class=\"yoast-seo-meta-tag\" \/>\n\t<meta name=\"twitter:data1\" content=\"jimartin\" class=\"yoast-seo-meta-tag\" \/>\n\t<meta name=\"twitter:label2\" content=\"Tiempo estimado de lectura\" class=\"yoast-seo-meta-tag\" \/>\n\t<meta name=\"twitter:data2\" content=\"2 minutos\" class=\"yoast-seo-meta-tag\" \/>\n<script type=\"application\/ld+json\" class=\"yoast-schema-graph\">{\"@context\":\"https:\/\/schema.org\",\"@graph\":[{\"@type\":\"Article\",\"@id\":\"https:\/\/dev.explora.cl\/coquimbo\/psicologa-victoria-larrain-culturalmente-tenemos-muy-invisibilizadas-a-las-personas-con-discapacidad-como-personas-sexuadas\/#article\",\"isPartOf\":{\"@id\":\"https:\/\/dev.explora.cl\/coquimbo\/psicologa-victoria-larrain-culturalmente-tenemos-muy-invisibilizadas-a-las-personas-con-discapacidad-como-personas-sexuadas\/\"},\"author\":{\"name\":\"jimartin\",\"@id\":\"https:\/\/dev.explora.cl\/coquimbo\/#\/schema\/person\/c171f405669e4e4f7e56a099200d2fe6\"},\"headline\":\"Psic\u00f3loga Victoria Larra\u00edn: \u201cCulturalmente tenemos muy invisibilizadas a las personas con discapacidad como personas sexuadas\u201d\",\"datePublished\":\"2021-12-23T14:04:16+00:00\",\"dateModified\":\"2022-01-17T20:57:20+00:00\",\"mainEntityOfPage\":{\"@id\":\"https:\/\/dev.explora.cl\/coquimbo\/psicologa-victoria-larrain-culturalmente-tenemos-muy-invisibilizadas-a-las-personas-con-discapacidad-como-personas-sexuadas\/\"},\"wordCount\":463,\"commentCount\":0,\"publisher\":{\"@id\":\"https:\/\/dev.explora.cl\/coquimbo\/#organization\"},\"image\":{\"@id\":\"https:\/\/dev.explora.cl\/coquimbo\/psicologa-victoria-larrain-culturalmente-tenemos-muy-invisibilizadas-a-las-personas-con-discapacidad-como-personas-sexuadas\/#primaryimage\"},\"thumbnailUrl\":\"https:\/\/dev.explora.cl\/coquimbo\/wp-content\/uploads\/sites\/6\/2021\/12\/pantallazo-charla-derechos-sexuales....-6.png\",\"articleSection\":[\"Lugar 8\",\"Noticias\"],\"inLanguage\":\"es-CL\",\"potentialAction\":[{\"@type\":\"CommentAction\",\"name\":\"Comment\",\"target\":[\"https:\/\/dev.explora.cl\/coquimbo\/psicologa-victoria-larrain-culturalmente-tenemos-muy-invisibilizadas-a-las-personas-con-discapacidad-como-personas-sexuadas\/#respond\"]}]},{\"@type\":\"WebPage\",\"@id\":\"https:\/\/dev.explora.cl\/coquimbo\/psicologa-victoria-larrain-culturalmente-tenemos-muy-invisibilizadas-a-las-personas-con-discapacidad-como-personas-sexuadas\/\",\"url\":\"https:\/\/dev.explora.cl\/coquimbo\/psicologa-victoria-larrain-culturalmente-tenemos-muy-invisibilizadas-a-las-personas-con-discapacidad-como-personas-sexuadas\/\",\"name\":\"Psic\u00f3loga Victoria Larra\u00edn: \u201cCulturalmente tenemos muy invisibilizadas a las personas con discapacidad como personas sexuadas\u201d - Coquimbo\",\"isPartOf\":{\"@id\":\"https:\/\/dev.explora.cl\/coquimbo\/#website\"},\"primaryImageOfPage\":{\"@id\":\"https:\/\/dev.explora.cl\/coquimbo\/psicologa-victoria-larrain-culturalmente-tenemos-muy-invisibilizadas-a-las-personas-con-discapacidad-como-personas-sexuadas\/#primaryimage\"},\"image\":{\"@id\":\"https:\/\/dev.explora.cl\/coquimbo\/psicologa-victoria-larrain-culturalmente-tenemos-muy-invisibilizadas-a-las-personas-con-discapacidad-como-personas-sexuadas\/#primaryimage\"},\"thumbnailUrl\":\"https:\/\/dev.explora.cl\/coquimbo\/wp-content\/uploads\/sites\/6\/2021\/12\/pantallazo-charla-derechos-sexuales....-6.png\",\"datePublished\":\"2021-12-23T14:04:16+00:00\",\"dateModified\":\"2022-01-17T20:57:20+00:00\",\"breadcrumb\":{\"@id\":\"https:\/\/dev.explora.cl\/coquimbo\/psicologa-victoria-larrain-culturalmente-tenemos-muy-invisibilizadas-a-las-personas-con-discapacidad-como-personas-sexuadas\/#breadcrumb\"},\"inLanguage\":\"es-CL\",\"potentialAction\":[{\"@type\":\"ReadAction\",\"target\":[\"https:\/\/dev.explora.cl\/coquimbo\/psicologa-victoria-larrain-culturalmente-tenemos-muy-invisibilizadas-a-las-personas-con-discapacidad-como-personas-sexuadas\/\"]}]},{\"@type\":\"ImageObject\",\"inLanguage\":\"es-CL\",\"@id\":\"https:\/\/dev.explora.cl\/coquimbo\/psicologa-victoria-larrain-culturalmente-tenemos-muy-invisibilizadas-a-las-personas-con-discapacidad-como-personas-sexuadas\/#primaryimage\",\"url\":\"https:\/\/dev.explora.cl\/coquimbo\/wp-content\/uploads\/sites\/6\/2021\/12\/pantallazo-charla-derechos-sexuales....-6.png\",\"contentUrl\":\"https:\/\/dev.explora.cl\/coquimbo\/wp-content\/uploads\/sites\/6\/2021\/12\/pantallazo-charla-derechos-sexuales....-6.png\",\"width\":1366,\"height\":768},{\"@type\":\"BreadcrumbList\",\"@id\":\"https:\/\/dev.explora.cl\/coquimbo\/psicologa-victoria-larrain-culturalmente-tenemos-muy-invisibilizadas-a-las-personas-con-discapacidad-como-personas-sexuadas\/#breadcrumb\",\"itemListElement\":[{\"@type\":\"ListItem\",\"position\":1,\"name\":\"Portada\",\"item\":\"https:\/\/dev.explora.cl\/coquimbo\/\"},{\"@type\":\"ListItem\",\"position\":2,\"name\":\"Psic\u00f3loga Victoria Larra\u00edn: \u201cCulturalmente tenemos muy invisibilizadas a las personas con discapacidad como personas sexuadas\u201d\"}]},{\"@type\":\"WebSite\",\"@id\":\"https:\/\/dev.explora.cl\/coquimbo\/#website\",\"url\":\"https:\/\/dev.explora.cl\/coquimbo\/\",\"name\":\"Coquimbo\",\"description\":\"Otro sitio m\u00e1s de dev.explora.cl\",\"publisher\":{\"@id\":\"https:\/\/dev.explora.cl\/coquimbo\/#organization\"},\"potentialAction\":[{\"@type\":\"SearchAction\",\"target\":{\"@type\":\"EntryPoint\",\"urlTemplate\":\"https:\/\/dev.explora.cl\/coquimbo\/?s={search_term_string}\"},\"query-input\":{\"@type\":\"PropertyValueSpecification\",\"valueRequired\":true,\"valueName\":\"search_term_string\"}}],\"inLanguage\":\"es-CL\"},{\"@type\":\"Organization\",\"@id\":\"https:\/\/dev.explora.cl\/coquimbo\/#organization\",\"name\":\"Coquimbo\",\"url\":\"https:\/\/dev.explora.cl\/coquimbo\/\",\"logo\":{\"@type\":\"ImageObject\",\"inLanguage\":\"es-CL\",\"@id\":\"https:\/\/dev.explora.cl\/coquimbo\/#\/schema\/logo\/image\/\",\"url\":\"https:\/\/dev.explora.cl\/coquimbo\/wp-content\/uploads\/sites\/6\/2020\/08\/cropped-Mesa-de-trabajo-1-100.jpg\",\"contentUrl\":\"https:\/\/dev.explora.cl\/coquimbo\/wp-content\/uploads\/sites\/6\/2020\/08\/cropped-Mesa-de-trabajo-1-100.jpg\",\"width\":615,\"height\":576,\"caption\":\"Coquimbo\"},\"image\":{\"@id\":\"https:\/\/dev.explora.cl\/coquimbo\/#\/schema\/logo\/image\/\"}},{\"@type\":\"Person\",\"@id\":\"https:\/\/dev.explora.cl\/coquimbo\/#\/schema\/person\/c171f405669e4e4f7e56a099200d2fe6\",\"name\":\"jimartin\",\"image\":{\"@type\":\"ImageObject\",\"inLanguage\":\"es-CL\",\"@id\":\"https:\/\/dev.explora.cl\/coquimbo\/#\/schema\/person\/image\/\",\"url\":\"https:\/\/secure.gravatar.com\/avatar\/8dfd7d14443934731a5aea629f40c1aceb42cc8b566a9926567e833c9d22b643?s=96&d=mm&r=g\",\"contentUrl\":\"https:\/\/secure.gravatar.com\/avatar\/8dfd7d14443934731a5aea629f40c1aceb42cc8b566a9926567e833c9d22b643?s=96&d=mm&r=g\",\"caption\":\"jimartin\"},\"url\":\"https:\/\/dev.explora.cl\/coquimbo\/author\/jimartin\/\"}]}<\/script>\n<!-- \/ Yoast SEO plugin. -->","yoast_head_json":{"title":"Psic\u00f3loga Victoria Larra\u00edn: \u201cCulturalmente tenemos muy invisibilizadas a las personas con discapacidad como personas sexuadas\u201d - Coquimbo","robots":{"index":"index","follow":"follow","max-snippet":"max-snippet:-1","max-image-preview":"max-image-preview:large","max-video-preview":"max-video-preview:-1"},"canonical":"https:\/\/dev.explora.cl\/coquimbo\/psicologa-victoria-larrain-culturalmente-tenemos-muy-invisibilizadas-a-las-personas-con-discapacidad-como-personas-sexuadas\/","og_locale":"es_ES","og_type":"article","og_title":"Psic\u00f3loga Victoria Larra\u00edn: \u201cCulturalmente tenemos muy invisibilizadas a las personas con discapacidad como personas sexuadas\u201d - Coquimbo","og_description":"Psic\u00f3loga Victoria Larra\u00edn: \u201cCulturalmente tenemos muy invisibilizadas a las personas con discapacidad como personas sexuadas\u201d","og_url":"https:\/\/dev.explora.cl\/coquimbo\/psicologa-victoria-larrain-culturalmente-tenemos-muy-invisibilizadas-a-las-personas-con-discapacidad-como-personas-sexuadas\/","og_site_name":"Coquimbo","article_published_time":"2021-12-23T14:04:16+00:00","article_modified_time":"2022-01-17T20:57:20+00:00","og_image":[{"width":1366,"height":768,"url":"https:\/\/dev.explora.cl\/coquimbo\/wp-content\/uploads\/sites\/6\/2021\/12\/pantallazo-charla-derechos-sexuales....-6.png","type":"image\/png"}],"author":"jimartin","twitter_card":"summary_large_image","twitter_misc":{"Escrito por":"jimartin","Tiempo estimado de lectura":"2 minutos"},"schema":{"@context":"https:\/\/schema.org","@graph":[{"@type":"Article","@id":"https:\/\/dev.explora.cl\/coquimbo\/psicologa-victoria-larrain-culturalmente-tenemos-muy-invisibilizadas-a-las-personas-con-discapacidad-como-personas-sexuadas\/#article","isPartOf":{"@id":"https:\/\/dev.explora.cl\/coquimbo\/psicologa-victoria-larrain-culturalmente-tenemos-muy-invisibilizadas-a-las-personas-con-discapacidad-como-personas-sexuadas\/"},"author":{"name":"jimartin","@id":"https:\/\/dev.explora.cl\/coquimbo\/#\/schema\/person\/c171f405669e4e4f7e56a099200d2fe6"},"headline":"Psic\u00f3loga Victoria Larra\u00edn: \u201cCulturalmente tenemos muy invisibilizadas a las personas con discapacidad como personas sexuadas\u201d","datePublished":"2021-12-23T14:04:16+00:00","dateModified":"2022-01-17T20:57:20+00:00","mainEntityOfPage":{"@id":"https:\/\/dev.explora.cl\/coquimbo\/psicologa-victoria-larrain-culturalmente-tenemos-muy-invisibilizadas-a-las-personas-con-discapacidad-como-personas-sexuadas\/"},"wordCount":463,"commentCount":0,"publisher":{"@id":"https:\/\/dev.explora.cl\/coquimbo\/#organization"},"image":{"@id":"https:\/\/dev.explora.cl\/coquimbo\/psicologa-victoria-larrain-culturalmente-tenemos-muy-invisibilizadas-a-las-personas-con-discapacidad-como-personas-sexuadas\/#primaryimage"},"thumbnailUrl":"https:\/\/dev.explora.cl\/coquimbo\/wp-content\/uploads\/sites\/6\/2021\/12\/pantallazo-charla-derechos-sexuales....-6.png","articleSection":["Lugar 8","Noticias"],"inLanguage":"es-CL","potentialAction":[{"@type":"CommentAction","name":"Comment","target":["https:\/\/dev.explora.cl\/coquimbo\/psicologa-victoria-larrain-culturalmente-tenemos-muy-invisibilizadas-a-las-personas-con-discapacidad-como-personas-sexuadas\/#respond"]}]},{"@type":"WebPage","@id":"https:\/\/dev.explora.cl\/coquimbo\/psicologa-victoria-larrain-culturalmente-tenemos-muy-invisibilizadas-a-las-personas-con-discapacidad-como-personas-sexuadas\/","url":"https:\/\/dev.explora.cl\/coquimbo\/psicologa-victoria-larrain-culturalmente-tenemos-muy-invisibilizadas-a-las-personas-con-discapacidad-como-personas-sexuadas\/","name":"Psic\u00f3loga Victoria Larra\u00edn: \u201cCulturalmente tenemos muy invisibilizadas a las personas con discapacidad como personas sexuadas\u201d - Coquimbo","isPartOf":{"@id":"https:\/\/dev.explora.cl\/coquimbo\/#website"},"primaryImageOfPage":{"@id":"https:\/\/dev.explora.cl\/coquimbo\/psicologa-victoria-larrain-culturalmente-tenemos-muy-invisibilizadas-a-las-personas-con-discapacidad-como-personas-sexuadas\/#primaryimage"},"image":{"@id":"https:\/\/dev.explora.cl\/coquimbo\/psicologa-victoria-larrain-culturalmente-tenemos-muy-invisibilizadas-a-las-personas-con-discapacidad-como-personas-sexuadas\/#primaryimage"},"thumbnailUrl":"https:\/\/dev.explora.cl\/coquimbo\/wp-content\/uploads\/sites\/6\/2021\/12\/pantallazo-charla-derechos-sexuales....-6.png","datePublished":"2021-12-23T14:04:16+00:00","dateModified":"2022-01-17T20:57:20+00:00","breadcrumb":{"@id":"https:\/\/dev.explora.cl\/coquimbo\/psicologa-victoria-larrain-culturalmente-tenemos-muy-invisibilizadas-a-las-personas-con-discapacidad-como-personas-sexuadas\/#breadcrumb"},"inLanguage":"es-CL","potentialAction":[{"@type":"ReadAction","target":["https:\/\/dev.explora.cl\/coquimbo\/psicologa-victoria-larrain-culturalmente-tenemos-muy-invisibilizadas-a-las-personas-con-discapacidad-como-personas-sexuadas\/"]}]},{"@type":"ImageObject","inLanguage":"es-CL","@id":"https:\/\/dev.explora.cl\/coquimbo\/psicologa-victoria-larrain-culturalmente-tenemos-muy-invisibilizadas-a-las-personas-con-discapacidad-como-personas-sexuadas\/#primaryimage","url":"https:\/\/dev.explora.cl\/coquimbo\/wp-content\/uploads\/sites\/6\/2021\/12\/pantallazo-charla-derechos-sexuales....-6.png","contentUrl":"https:\/\/dev.explora.cl\/coquimbo\/wp-content\/uploads\/sites\/6\/2021\/12\/pantallazo-charla-derechos-sexuales....-6.png","width":1366,"height":768},{"@type":"BreadcrumbList","@id":"https:\/\/dev.explora.cl\/coquimbo\/psicologa-victoria-larrain-culturalmente-tenemos-muy-invisibilizadas-a-las-personas-con-discapacidad-como-personas-sexuadas\/#breadcrumb","itemListElement":[{"@type":"ListItem","position":1,"name":"Portada","item":"https:\/\/dev.explora.cl\/coquimbo\/"},{"@type":"ListItem","position":2,"name":"Psic\u00f3loga Victoria Larra\u00edn: \u201cCulturalmente tenemos muy invisibilizadas a las personas con discapacidad como personas sexuadas\u201d"}]},{"@type":"WebSite","@id":"https:\/\/dev.explora.cl\/coquimbo\/#website","url":"https:\/\/dev.explora.cl\/coquimbo\/","name":"Coquimbo","description":"Otro sitio m\u00e1s de dev.explora.cl","publisher":{"@id":"https:\/\/dev.explora.cl\/coquimbo\/#organization"},"potentialAction":[{"@type":"SearchAction","target":{"@type":"EntryPoint","urlTemplate":"https:\/\/dev.explora.cl\/coquimbo\/?s={search_term_string}"},"query-input":{"@type":"PropertyValueSpecification","valueRequired":true,"valueName":"search_term_string"}}],"inLanguage":"es-CL"},{"@type":"Organization","@id":"https:\/\/dev.explora.cl\/coquimbo\/#organization","name":"Coquimbo","url":"https:\/\/dev.explora.cl\/coquimbo\/","logo":{"@type":"ImageObject","inLanguage":"es-CL","@id":"https:\/\/dev.explora.cl\/coquimbo\/#\/schema\/logo\/image\/","url":"https:\/\/dev.explora.cl\/coquimbo\/wp-content\/uploads\/sites\/6\/2020\/08\/cropped-Mesa-de-trabajo-1-100.jpg","contentUrl":"https:\/\/dev.explora.cl\/coquimbo\/wp-content\/uploads\/sites\/6\/2020\/08\/cropped-Mesa-de-trabajo-1-100.jpg","width":615,"height":576,"caption":"Coquimbo"},"image":{"@id":"https:\/\/dev.explora.cl\/coquimbo\/#\/schema\/logo\/image\/"}},{"@type":"Person","@id":"https:\/\/dev.explora.cl\/coquimbo\/#\/schema\/person\/c171f405669e4e4f7e56a099200d2fe6","name":"jimartin","image":{"@type":"ImageObject","inLanguage":"es-CL","@id":"https:\/\/dev.explora.cl\/coquimbo\/#\/schema\/person\/image\/","url":"https:\/\/secure.gravatar.com\/avatar\/8dfd7d14443934731a5aea629f40c1aceb42cc8b566a9926567e833c9d22b643?s=96&d=mm&r=g","contentUrl":"https:\/\/secure.gravatar.com\/avatar\/8dfd7d14443934731a5aea629f40c1aceb42cc8b566a9926567e833c9d22b643?s=96&d=mm&r=g","caption":"jimartin"},"url":"https:\/\/dev.explora.cl\/coquimbo\/author\/jimartin\/"}]}},"_links":{"self":[{"href":"https:\/\/dev.explora.cl\/coquimbo\/wp-json\/wp\/v2\/posts\/42092","targetHints":{"allow":["GET"]}}],"collection":[{"href":"https:\/\/dev.explora.cl\/coquimbo\/wp-json\/wp\/v2\/posts"}],"about":[{"href":"https:\/\/dev.explora.cl\/coquimbo\/wp-json\/wp\/v2\/types\/post"}],"author":[{"embeddable":true,"href":"https:\/\/dev.explora.cl\/coquimbo\/wp-json\/wp\/v2\/users\/21"}],"replies":[{"embeddable":true,"href":"https:\/\/dev.explora.cl\/coquimbo\/wp-json\/wp\/v2\/comments?post=42092"}],"version-history":[{"count":1,"href":"https:\/\/dev.explora.cl\/coquimbo\/wp-json\/wp\/v2\/posts\/42092\/revisions"}],"predecessor-version":[{"id":42095,"href":"https:\/\/dev.explora.cl\/coquimbo\/wp-json\/wp\/v2\/posts\/42092\/revisions\/42095"}],"wp:featuredmedia":[{"embeddable":true,"href":"https:\/\/dev.explora.cl\/coquimbo\/wp-json\/wp\/v2\/media\/42094"}],"wp:attachment":[{"href":"https:\/\/dev.explora.cl\/coquimbo\/wp-json\/wp\/v2\/media?parent=42092"}],"wp:term":[{"taxonomy":"category","embeddable":true,"href":"https:\/\/dev.explora.cl\/coquimbo\/wp-json\/wp\/v2\/categories?post=42092"},{"taxonomy":"post_tag","embeddable":true,"href":"https:\/\/dev.explora.cl\/coquimbo\/wp-json\/wp\/v2\/tags?post=42092"}],"curies":[{"name":"wp","href":"https:\/\/api.w.org\/{rel}","templated":true}]}}