{"id":42064,"date":"2021-12-17T11:14:11","date_gmt":"2021-12-17T14:14:11","guid":{"rendered":"https:\/\/dev.explora.cl\/coquimbo\/?p=42064"},"modified":"2022-01-05T19:06:15","modified_gmt":"2022-01-05T22:06:15","slug":"innovacion-social-inclusiva-concretar-ideas-para-despertar-conciencias","status":"publish","type":"post","link":"https:\/\/dev.explora.cl\/coquimbo\/innovacion-social-inclusiva-concretar-ideas-para-despertar-conciencias\/","title":{"rendered":"Innovaci\u00f3n social inclusiva: concretar ideas para despertar conciencias"},"content":{"rendered":"<p style=\"text-align: justify\"><em>En \u201cCiencia Abierta\u201d se dio a conocer la experiencia y trabajo de \u201cFundaci\u00f3n La Tribu Somos\u201d, quienes han desarrollado un proyecto de innovaci\u00f3n social, reciclaje e inclusi\u00f3n en pro de ni\u00f1os, ni\u00f1as y j\u00f3venes con autismo. <\/em><\/p>\n<p style=\"text-align: justify\">Desde hace alg\u00fan tiempo, los conceptos de inclusi\u00f3n o inclusivo\/a los o\u00edmos en diversas esferas de nuestra sociedad: educaci\u00f3n, deporte, pol\u00edtica, autoridades, privados, etc. El alcance y potencia del concepto resulta hoy mayormente entendible que anta\u00f1o, pero, \u00bfconocemos realmente a personas o instituciones que prediquen y practiquen, fehacientemente la inclusividad?<\/p>\n<p style=\"text-align: justify\">Precisamente, y\u00a0 buscando vincular la inclusividad con el cuidado del medio ambiente, la iniciativa <strong>\u201cCiencia Abierta\u201d<\/strong> del <strong>Proyecto Explora Coquimbo<\/strong> del <a href=\"https:\/\/www.minciencia.gob.cl\/\">Ministerio de Ciencia<\/a> y ejecutado por la <a href=\"https:\/\/www.ucn.cl\/\">Universidad Cat\u00f3lica del Norte<\/a>, desarroll\u00f3 el <strong>Late Show &#8220;La Innovaci\u00f3n social, el reciclaje y la inclusi\u00f3n van de la man<\/strong>o&#8221;, a fin de generar un espacio de conversaci\u00f3n en torno al proyecto de la <a href=\"https:\/\/www.latribusomos.cl\/\">\u201cFundaci\u00f3n La Tribu Somos<\/a>\u201d.<\/p>\n<p style=\"text-align: justify\">La jornada cont\u00f3 con la participaci\u00f3n de <strong>Lorena Figueroa Campusano<\/strong>, Presidenta y Fundadora de Fundaci\u00f3n La Tribu Somos, quien comenz\u00f3 relatando el origen de la entidad que preside, que se inici\u00f3 a ra\u00edz de una necesidad personal, al ser madre de tres ni\u00f1os con autismo, e inspir\u00e1ndose en un proverbio que dice que para educar a un ni\u00f1o es necesaria toda una tribu, \u201cy en este andar te encuentras con otras familias que pasan por lo mismo: ir a terapia, buscar un colegio, etc. Y as\u00ed fue como nos hicimos amigos y nos comenzamos a llamar la tribu en este proceso de apoyo mutuo con los hijos\u201d, rememor\u00f3.<\/p>\n<p style=\"text-align: justify\">Luego de trabajar en una instituci\u00f3n similar, Lorena recibi\u00f3 la visita de padres y madres interesadas en seguir llevando adelante iniciativas de reciclaje, y seg\u00fan cont\u00f3, partieron s\u00f3lo con las ganas, pues no contaban con dinero ni un lugar f\u00edsico, debiendo utilizar el hogar de ella. \u201cY as\u00ed en el living de mi casa comenz\u00f3 La Tribu Somos, con 11 j\u00f3venes y el apoyo de una psic\u00f3loga, una fonoaudi\u00f3loga, y Oscar, que sabe de reciclaje y que es contador\u201d, coment\u00f3.<\/p>\n<p style=\"text-align: justify\">Durante la pandemia la fundaci\u00f3n se enfoc\u00f3 en seguir desarrollando los talleres que dictan sus profesionales: estimulaci\u00f3n cognitiva, deporte adaptado, habilidades sociales y psicoafectividad; pero luego de los avances en las fases, han logrado reactivar su trabajo de reciclaje y vender los productos que fabrican a partir de ese proceso, y que seg\u00fan destac\u00f3 Lorena, es el principal ingreso de la entidad.<\/p>\n<p style=\"text-align: justify\">\u201cLa innovaci\u00f3n social es tener ideas y concretarlas\u201d, sostuvo, considerando que las personas usan, com\u00fanmente la frase, \u201chay que hacer esto\u201d, concepto que no le agrada, pues recalc\u00f3 que debiese decirse: \u201ctenemos que hacerlo, o tengo que hacerlo, porque en el \u2018hay que\u2019 nadie se hacer cargo, entonces la innovaci\u00f3n social tiene que ver con concretar las ideas mediante el trabajo conjunto entre diversas personas\u201d.<\/p>\n<p style=\"text-align: justify\">Igualmente, indic\u00f3 que en el pa\u00eds la inclusi\u00f3n es para quienes pueden pagar, \u201cy el que no, no puede acceder a ella. Por tanto, la inclusi\u00f3n tiene que ver con un comportamiento social m\u00e1s all\u00e1 del apoyo a campa\u00f1as ben\u00e9ficas puntuales. Y en nuestro caso, realizamos un peregrinaje para despertar conciencias del mundo pol\u00edtico, religioso, institucional, etc.\u201d.<\/p>\n<p>Si deseas enterarte de m\u00e1s detalles del trabajo de la fundaci\u00f3n y de este Late Show, te dejamos ac\u00e1 el enlace:<\/p>\n<p><iframe loading=\"lazy\" title=\"Late Show: La innovaci\u00f3n social, el reciclaje y la inclusi\u00f3n van de la mano.\" width=\"1180\" height=\"664\" src=\"https:\/\/www.youtube.com\/embed\/jdq_mGisnNQ?feature=oembed\" frameborder=\"0\" allow=\"accelerometer; autoplay; clipboard-write; encrypted-media; gyroscope; picture-in-picture\" allowfullscreen><\/iframe><\/p>\n<p>&nbsp;<\/p>\n","protected":false},"excerpt":{"rendered":"<p>Innovaci\u00f3n social inclusiva: concretar ideas para despertar conciencias <\/p>\n","protected":false},"author":21,"featured_media":42065,"comment_status":"open","ping_status":"open","sticky":false,"template":"","format":"standard","meta":{"_acf_changed":false,"_exactmetrics_skip_tracking":false,"_exactmetrics_sitenote_active":false,"_exactmetrics_sitenote_note":"","_exactmetrics_sitenote_category":0,"footnotes":"","_links_to":"","_links_to_target":""},"categories":[4],"tags":[],"class_list":["post-42064","post","type-post","status-publish","format-standard","has-post-thumbnail","hentry","category-noticias"],"acf":[],"yoast_head":"<!-- This site is optimized with the Yoast SEO plugin v26.7 - https:\/\/yoast.com\/wordpress\/plugins\/seo\/ -->\n<title>Innovaci\u00f3n social inclusiva: concretar ideas para despertar conciencias - Coquimbo<\/title>\n<meta name=\"robots\" content=\"index, follow, max-snippet:-1, max-image-preview:large, max-video-preview:-1\" \/>\n<link rel=\"canonical\" href=\"https:\/\/dev.explora.cl\/coquimbo\/innovacion-social-inclusiva-concretar-ideas-para-despertar-conciencias\/\" class=\"yoast-seo-meta-tag\" \/>\n<meta property=\"og:locale\" content=\"es_ES\" class=\"yoast-seo-meta-tag\" \/>\n<meta property=\"og:type\" content=\"article\" class=\"yoast-seo-meta-tag\" \/>\n<meta property=\"og:title\" content=\"Innovaci\u00f3n social inclusiva: concretar ideas para despertar conciencias - Coquimbo\" class=\"yoast-seo-meta-tag\" \/>\n<meta property=\"og:description\" content=\"Innovaci\u00f3n social inclusiva: concretar ideas para despertar conciencias\" class=\"yoast-seo-meta-tag\" \/>\n<meta property=\"og:url\" content=\"https:\/\/dev.explora.cl\/coquimbo\/innovacion-social-inclusiva-concretar-ideas-para-despertar-conciencias\/\" class=\"yoast-seo-meta-tag\" \/>\n<meta property=\"og:site_name\" content=\"Coquimbo\" class=\"yoast-seo-meta-tag\" \/>\n<meta property=\"article:published_time\" content=\"2021-12-17T14:14:11+00:00\" class=\"yoast-seo-meta-tag\" \/>\n<meta property=\"article:modified_time\" content=\"2022-01-05T22:06:15+00:00\" class=\"yoast-seo-meta-tag\" \/>\n<meta property=\"og:image\" content=\"https:\/\/dev.explora.cl\/coquimbo\/wp-content\/uploads\/sites\/6\/2021\/12\/Innovaci\u00f3n-web.jpg\" class=\"yoast-seo-meta-tag\" \/>\n\t<meta property=\"og:image:width\" content=\"760\" class=\"yoast-seo-meta-tag\" \/>\n\t<meta property=\"og:image:height\" content=\"457\" class=\"yoast-seo-meta-tag\" \/>\n\t<meta property=\"og:image:type\" content=\"image\/jpeg\" class=\"yoast-seo-meta-tag\" \/>\n<meta name=\"author\" content=\"jimartin\" class=\"yoast-seo-meta-tag\" \/>\n<meta name=\"twitter:card\" content=\"summary_large_image\" class=\"yoast-seo-meta-tag\" \/>\n<meta name=\"twitter:label1\" content=\"Escrito por\" class=\"yoast-seo-meta-tag\" \/>\n\t<meta name=\"twitter:data1\" content=\"jimartin\" class=\"yoast-seo-meta-tag\" \/>\n\t<meta name=\"twitter:label2\" content=\"Tiempo estimado de lectura\" class=\"yoast-seo-meta-tag\" \/>\n\t<meta name=\"twitter:data2\" content=\"3 minutos\" class=\"yoast-seo-meta-tag\" \/>\n<script type=\"application\/ld+json\" class=\"yoast-schema-graph\">{\"@context\":\"https:\/\/schema.org\",\"@graph\":[{\"@type\":\"Article\",\"@id\":\"https:\/\/dev.explora.cl\/coquimbo\/innovacion-social-inclusiva-concretar-ideas-para-despertar-conciencias\/#article\",\"isPartOf\":{\"@id\":\"https:\/\/dev.explora.cl\/coquimbo\/innovacion-social-inclusiva-concretar-ideas-para-despertar-conciencias\/\"},\"author\":{\"name\":\"jimartin\",\"@id\":\"https:\/\/dev.explora.cl\/coquimbo\/#\/schema\/person\/c171f405669e4e4f7e56a099200d2fe6\"},\"headline\":\"Innovaci\u00f3n social inclusiva: concretar ideas para despertar conciencias\",\"datePublished\":\"2021-12-17T14:14:11+00:00\",\"dateModified\":\"2022-01-05T22:06:15+00:00\",\"mainEntityOfPage\":{\"@id\":\"https:\/\/dev.explora.cl\/coquimbo\/innovacion-social-inclusiva-concretar-ideas-para-despertar-conciencias\/\"},\"wordCount\":610,\"commentCount\":0,\"publisher\":{\"@id\":\"https:\/\/dev.explora.cl\/coquimbo\/#organization\"},\"image\":{\"@id\":\"https:\/\/dev.explora.cl\/coquimbo\/innovacion-social-inclusiva-concretar-ideas-para-despertar-conciencias\/#primaryimage\"},\"thumbnailUrl\":\"https:\/\/dev.explora.cl\/coquimbo\/wp-content\/uploads\/sites\/6\/2021\/12\/Innovaci\u00f3n-web.jpg\",\"articleSection\":[\"Noticias\"],\"inLanguage\":\"es-CL\",\"potentialAction\":[{\"@type\":\"CommentAction\",\"name\":\"Comment\",\"target\":[\"https:\/\/dev.explora.cl\/coquimbo\/innovacion-social-inclusiva-concretar-ideas-para-despertar-conciencias\/#respond\"]}]},{\"@type\":\"WebPage\",\"@id\":\"https:\/\/dev.explora.cl\/coquimbo\/innovacion-social-inclusiva-concretar-ideas-para-despertar-conciencias\/\",\"url\":\"https:\/\/dev.explora.cl\/coquimbo\/innovacion-social-inclusiva-concretar-ideas-para-despertar-conciencias\/\",\"name\":\"Innovaci\u00f3n social inclusiva: concretar ideas para despertar conciencias - Coquimbo\",\"isPartOf\":{\"@id\":\"https:\/\/dev.explora.cl\/coquimbo\/#website\"},\"primaryImageOfPage\":{\"@id\":\"https:\/\/dev.explora.cl\/coquimbo\/innovacion-social-inclusiva-concretar-ideas-para-despertar-conciencias\/#primaryimage\"},\"image\":{\"@id\":\"https:\/\/dev.explora.cl\/coquimbo\/innovacion-social-inclusiva-concretar-ideas-para-despertar-conciencias\/#primaryimage\"},\"thumbnailUrl\":\"https:\/\/dev.explora.cl\/coquimbo\/wp-content\/uploads\/sites\/6\/2021\/12\/Innovaci\u00f3n-web.jpg\",\"datePublished\":\"2021-12-17T14:14:11+00:00\",\"dateModified\":\"2022-01-05T22:06:15+00:00\",\"breadcrumb\":{\"@id\":\"https:\/\/dev.explora.cl\/coquimbo\/innovacion-social-inclusiva-concretar-ideas-para-despertar-conciencias\/#breadcrumb\"},\"inLanguage\":\"es-CL\",\"potentialAction\":[{\"@type\":\"ReadAction\",\"target\":[\"https:\/\/dev.explora.cl\/coquimbo\/innovacion-social-inclusiva-concretar-ideas-para-despertar-conciencias\/\"]}]},{\"@type\":\"ImageObject\",\"inLanguage\":\"es-CL\",\"@id\":\"https:\/\/dev.explora.cl\/coquimbo\/innovacion-social-inclusiva-concretar-ideas-para-despertar-conciencias\/#primaryimage\",\"url\":\"https:\/\/dev.explora.cl\/coquimbo\/wp-content\/uploads\/sites\/6\/2021\/12\/Innovaci\u00f3n-web.jpg\",\"contentUrl\":\"https:\/\/dev.explora.cl\/coquimbo\/wp-content\/uploads\/sites\/6\/2021\/12\/Innovaci\u00f3n-web.jpg\",\"width\":760,\"height\":457},{\"@type\":\"BreadcrumbList\",\"@id\":\"https:\/\/dev.explora.cl\/coquimbo\/innovacion-social-inclusiva-concretar-ideas-para-despertar-conciencias\/#breadcrumb\",\"itemListElement\":[{\"@type\":\"ListItem\",\"position\":1,\"name\":\"Portada\",\"item\":\"https:\/\/dev.explora.cl\/coquimbo\/\"},{\"@type\":\"ListItem\",\"position\":2,\"name\":\"Innovaci\u00f3n social inclusiva: concretar ideas para despertar conciencias\"}]},{\"@type\":\"WebSite\",\"@id\":\"https:\/\/dev.explora.cl\/coquimbo\/#website\",\"url\":\"https:\/\/dev.explora.cl\/coquimbo\/\",\"name\":\"Coquimbo\",\"description\":\"Otro sitio m\u00e1s de dev.explora.cl\",\"publisher\":{\"@id\":\"https:\/\/dev.explora.cl\/coquimbo\/#organization\"},\"potentialAction\":[{\"@type\":\"SearchAction\",\"target\":{\"@type\":\"EntryPoint\",\"urlTemplate\":\"https:\/\/dev.explora.cl\/coquimbo\/?s={search_term_string}\"},\"query-input\":{\"@type\":\"PropertyValueSpecification\",\"valueRequired\":true,\"valueName\":\"search_term_string\"}}],\"inLanguage\":\"es-CL\"},{\"@type\":\"Organization\",\"@id\":\"https:\/\/dev.explora.cl\/coquimbo\/#organization\",\"name\":\"Coquimbo\",\"url\":\"https:\/\/dev.explora.cl\/coquimbo\/\",\"logo\":{\"@type\":\"ImageObject\",\"inLanguage\":\"es-CL\",\"@id\":\"https:\/\/dev.explora.cl\/coquimbo\/#\/schema\/logo\/image\/\",\"url\":\"https:\/\/dev.explora.cl\/coquimbo\/wp-content\/uploads\/sites\/6\/2020\/08\/cropped-Mesa-de-trabajo-1-100.jpg\",\"contentUrl\":\"https:\/\/dev.explora.cl\/coquimbo\/wp-content\/uploads\/sites\/6\/2020\/08\/cropped-Mesa-de-trabajo-1-100.jpg\",\"width\":615,\"height\":576,\"caption\":\"Coquimbo\"},\"image\":{\"@id\":\"https:\/\/dev.explora.cl\/coquimbo\/#\/schema\/logo\/image\/\"}},{\"@type\":\"Person\",\"@id\":\"https:\/\/dev.explora.cl\/coquimbo\/#\/schema\/person\/c171f405669e4e4f7e56a099200d2fe6\",\"name\":\"jimartin\",\"image\":{\"@type\":\"ImageObject\",\"inLanguage\":\"es-CL\",\"@id\":\"https:\/\/dev.explora.cl\/coquimbo\/#\/schema\/person\/image\/\",\"url\":\"https:\/\/secure.gravatar.com\/avatar\/8dfd7d14443934731a5aea629f40c1aceb42cc8b566a9926567e833c9d22b643?s=96&d=mm&r=g\",\"contentUrl\":\"https:\/\/secure.gravatar.com\/avatar\/8dfd7d14443934731a5aea629f40c1aceb42cc8b566a9926567e833c9d22b643?s=96&d=mm&r=g\",\"caption\":\"jimartin\"},\"url\":\"https:\/\/dev.explora.cl\/coquimbo\/author\/jimartin\/\"}]}<\/script>\n<!-- \/ Yoast SEO plugin. -->","yoast_head_json":{"title":"Innovaci\u00f3n social inclusiva: concretar ideas para despertar conciencias - Coquimbo","robots":{"index":"index","follow":"follow","max-snippet":"max-snippet:-1","max-image-preview":"max-image-preview:large","max-video-preview":"max-video-preview:-1"},"canonical":"https:\/\/dev.explora.cl\/coquimbo\/innovacion-social-inclusiva-concretar-ideas-para-despertar-conciencias\/","og_locale":"es_ES","og_type":"article","og_title":"Innovaci\u00f3n social inclusiva: concretar ideas para despertar conciencias - Coquimbo","og_description":"Innovaci\u00f3n social inclusiva: concretar ideas para despertar conciencias","og_url":"https:\/\/dev.explora.cl\/coquimbo\/innovacion-social-inclusiva-concretar-ideas-para-despertar-conciencias\/","og_site_name":"Coquimbo","article_published_time":"2021-12-17T14:14:11+00:00","article_modified_time":"2022-01-05T22:06:15+00:00","og_image":[{"width":760,"height":457,"url":"https:\/\/dev.explora.cl\/coquimbo\/wp-content\/uploads\/sites\/6\/2021\/12\/Innovaci\u00f3n-web.jpg","type":"image\/jpeg"}],"author":"jimartin","twitter_card":"summary_large_image","twitter_misc":{"Escrito por":"jimartin","Tiempo estimado de lectura":"3 minutos"},"schema":{"@context":"https:\/\/schema.org","@graph":[{"@type":"Article","@id":"https:\/\/dev.explora.cl\/coquimbo\/innovacion-social-inclusiva-concretar-ideas-para-despertar-conciencias\/#article","isPartOf":{"@id":"https:\/\/dev.explora.cl\/coquimbo\/innovacion-social-inclusiva-concretar-ideas-para-despertar-conciencias\/"},"author":{"name":"jimartin","@id":"https:\/\/dev.explora.cl\/coquimbo\/#\/schema\/person\/c171f405669e4e4f7e56a099200d2fe6"},"headline":"Innovaci\u00f3n social inclusiva: concretar ideas para despertar conciencias","datePublished":"2021-12-17T14:14:11+00:00","dateModified":"2022-01-05T22:06:15+00:00","mainEntityOfPage":{"@id":"https:\/\/dev.explora.cl\/coquimbo\/innovacion-social-inclusiva-concretar-ideas-para-despertar-conciencias\/"},"wordCount":610,"commentCount":0,"publisher":{"@id":"https:\/\/dev.explora.cl\/coquimbo\/#organization"},"image":{"@id":"https:\/\/dev.explora.cl\/coquimbo\/innovacion-social-inclusiva-concretar-ideas-para-despertar-conciencias\/#primaryimage"},"thumbnailUrl":"https:\/\/dev.explora.cl\/coquimbo\/wp-content\/uploads\/sites\/6\/2021\/12\/Innovaci\u00f3n-web.jpg","articleSection":["Noticias"],"inLanguage":"es-CL","potentialAction":[{"@type":"CommentAction","name":"Comment","target":["https:\/\/dev.explora.cl\/coquimbo\/innovacion-social-inclusiva-concretar-ideas-para-despertar-conciencias\/#respond"]}]},{"@type":"WebPage","@id":"https:\/\/dev.explora.cl\/coquimbo\/innovacion-social-inclusiva-concretar-ideas-para-despertar-conciencias\/","url":"https:\/\/dev.explora.cl\/coquimbo\/innovacion-social-inclusiva-concretar-ideas-para-despertar-conciencias\/","name":"Innovaci\u00f3n social inclusiva: concretar ideas para despertar conciencias - Coquimbo","isPartOf":{"@id":"https:\/\/dev.explora.cl\/coquimbo\/#website"},"primaryImageOfPage":{"@id":"https:\/\/dev.explora.cl\/coquimbo\/innovacion-social-inclusiva-concretar-ideas-para-despertar-conciencias\/#primaryimage"},"image":{"@id":"https:\/\/dev.explora.cl\/coquimbo\/innovacion-social-inclusiva-concretar-ideas-para-despertar-conciencias\/#primaryimage"},"thumbnailUrl":"https:\/\/dev.explora.cl\/coquimbo\/wp-content\/uploads\/sites\/6\/2021\/12\/Innovaci\u00f3n-web.jpg","datePublished":"2021-12-17T14:14:11+00:00","dateModified":"2022-01-05T22:06:15+00:00","breadcrumb":{"@id":"https:\/\/dev.explora.cl\/coquimbo\/innovacion-social-inclusiva-concretar-ideas-para-despertar-conciencias\/#breadcrumb"},"inLanguage":"es-CL","potentialAction":[{"@type":"ReadAction","target":["https:\/\/dev.explora.cl\/coquimbo\/innovacion-social-inclusiva-concretar-ideas-para-despertar-conciencias\/"]}]},{"@type":"ImageObject","inLanguage":"es-CL","@id":"https:\/\/dev.explora.cl\/coquimbo\/innovacion-social-inclusiva-concretar-ideas-para-despertar-conciencias\/#primaryimage","url":"https:\/\/dev.explora.cl\/coquimbo\/wp-content\/uploads\/sites\/6\/2021\/12\/Innovaci\u00f3n-web.jpg","contentUrl":"https:\/\/dev.explora.cl\/coquimbo\/wp-content\/uploads\/sites\/6\/2021\/12\/Innovaci\u00f3n-web.jpg","width":760,"height":457},{"@type":"BreadcrumbList","@id":"https:\/\/dev.explora.cl\/coquimbo\/innovacion-social-inclusiva-concretar-ideas-para-despertar-conciencias\/#breadcrumb","itemListElement":[{"@type":"ListItem","position":1,"name":"Portada","item":"https:\/\/dev.explora.cl\/coquimbo\/"},{"@type":"ListItem","position":2,"name":"Innovaci\u00f3n social inclusiva: concretar ideas para despertar conciencias"}]},{"@type":"WebSite","@id":"https:\/\/dev.explora.cl\/coquimbo\/#website","url":"https:\/\/dev.explora.cl\/coquimbo\/","name":"Coquimbo","description":"Otro sitio m\u00e1s de dev.explora.cl","publisher":{"@id":"https:\/\/dev.explora.cl\/coquimbo\/#organization"},"potentialAction":[{"@type":"SearchAction","target":{"@type":"EntryPoint","urlTemplate":"https:\/\/dev.explora.cl\/coquimbo\/?s={search_term_string}"},"query-input":{"@type":"PropertyValueSpecification","valueRequired":true,"valueName":"search_term_string"}}],"inLanguage":"es-CL"},{"@type":"Organization","@id":"https:\/\/dev.explora.cl\/coquimbo\/#organization","name":"Coquimbo","url":"https:\/\/dev.explora.cl\/coquimbo\/","logo":{"@type":"ImageObject","inLanguage":"es-CL","@id":"https:\/\/dev.explora.cl\/coquimbo\/#\/schema\/logo\/image\/","url":"https:\/\/dev.explora.cl\/coquimbo\/wp-content\/uploads\/sites\/6\/2020\/08\/cropped-Mesa-de-trabajo-1-100.jpg","contentUrl":"https:\/\/dev.explora.cl\/coquimbo\/wp-content\/uploads\/sites\/6\/2020\/08\/cropped-Mesa-de-trabajo-1-100.jpg","width":615,"height":576,"caption":"Coquimbo"},"image":{"@id":"https:\/\/dev.explora.cl\/coquimbo\/#\/schema\/logo\/image\/"}},{"@type":"Person","@id":"https:\/\/dev.explora.cl\/coquimbo\/#\/schema\/person\/c171f405669e4e4f7e56a099200d2fe6","name":"jimartin","image":{"@type":"ImageObject","inLanguage":"es-CL","@id":"https:\/\/dev.explora.cl\/coquimbo\/#\/schema\/person\/image\/","url":"https:\/\/secure.gravatar.com\/avatar\/8dfd7d14443934731a5aea629f40c1aceb42cc8b566a9926567e833c9d22b643?s=96&d=mm&r=g","contentUrl":"https:\/\/secure.gravatar.com\/avatar\/8dfd7d14443934731a5aea629f40c1aceb42cc8b566a9926567e833c9d22b643?s=96&d=mm&r=g","caption":"jimartin"},"url":"https:\/\/dev.explora.cl\/coquimbo\/author\/jimartin\/"}]}},"_links":{"self":[{"href":"https:\/\/dev.explora.cl\/coquimbo\/wp-json\/wp\/v2\/posts\/42064","targetHints":{"allow":["GET"]}}],"collection":[{"href":"https:\/\/dev.explora.cl\/coquimbo\/wp-json\/wp\/v2\/posts"}],"about":[{"href":"https:\/\/dev.explora.cl\/coquimbo\/wp-json\/wp\/v2\/types\/post"}],"author":[{"embeddable":true,"href":"https:\/\/dev.explora.cl\/coquimbo\/wp-json\/wp\/v2\/users\/21"}],"replies":[{"embeddable":true,"href":"https:\/\/dev.explora.cl\/coquimbo\/wp-json\/wp\/v2\/comments?post=42064"}],"version-history":[{"count":2,"href":"https:\/\/dev.explora.cl\/coquimbo\/wp-json\/wp\/v2\/posts\/42064\/revisions"}],"predecessor-version":[{"id":42079,"href":"https:\/\/dev.explora.cl\/coquimbo\/wp-json\/wp\/v2\/posts\/42064\/revisions\/42079"}],"wp:featuredmedia":[{"embeddable":true,"href":"https:\/\/dev.explora.cl\/coquimbo\/wp-json\/wp\/v2\/media\/42065"}],"wp:attachment":[{"href":"https:\/\/dev.explora.cl\/coquimbo\/wp-json\/wp\/v2\/media?parent=42064"}],"wp:term":[{"taxonomy":"category","embeddable":true,"href":"https:\/\/dev.explora.cl\/coquimbo\/wp-json\/wp\/v2\/categories?post=42064"},{"taxonomy":"post_tag","embeddable":true,"href":"https:\/\/dev.explora.cl\/coquimbo\/wp-json\/wp\/v2\/tags?post=42064"}],"curies":[{"name":"wp","href":"https:\/\/api.w.org\/{rel}","templated":true}]}}