{"id":42012,"date":"2021-12-02T14:59:08","date_gmt":"2021-12-02T17:59:08","guid":{"rendered":"https:\/\/dev.explora.cl\/coquimbo\/?p=42012"},"modified":"2021-12-23T11:01:16","modified_gmt":"2021-12-23T14:01:16","slug":"mujeres-en-stem-el-largo-en-camino-en-chile-para-derribar-las-barreras-culturales-y-estructurales","status":"publish","type":"post","link":"https:\/\/dev.explora.cl\/coquimbo\/mujeres-en-stem-el-largo-en-camino-en-chile-para-derribar-las-barreras-culturales-y-estructurales\/","title":{"rendered":"Mujeres en STEM: el largo en camino, en Chile, para derribar las barreras culturales y estructurales"},"content":{"rendered":"<p style=\"text-align: justify\"><em>Investigadoras, estudiantes y acad\u00e9micas de ciencia, tecnolog\u00eda, ingenier\u00eda y matem\u00e1ticas se dieron cita telem\u00e1tica para, en otro cap\u00edtulo de \u201cCiencia Abierta\u201d, hablar de su experiencia desarroll\u00e1ndose en espacios, supuestamente, reservados s\u00f3lo para hombres. <\/em><\/p>\n<p style=\"text-align: justify\">A objeto de generar un di\u00e1logo abierto y colaborativo respecto de la participaci\u00f3n de mujeres en ciencia, y tambi\u00e9n sobre c\u00f3mo generar modelos significativos para adolescentes con vocaci\u00f3n por carreras STEM (sigla en ingl\u00e9s referida a las disciplinas de ciencia, tecnolog\u00eda, ingenier\u00eda y matem\u00e1ticas), es que, recientemente, se desarroll\u00f3 de forma telem\u00e1tica el <strong>conversatorio \u201cMujeres en STEM\u201d.<\/strong><\/p>\n<p style=\"text-align: justify\">La iniciativa signific\u00f3 un nuevo encuentro de <strong>\u201cCiencia Abierta\u201d<\/strong> del <strong>Proyecto Explora Coquimbo<\/strong> del <a href=\"https:\/\/www.minciencia.gob.cl\/\">Ministerio de Ciencia<\/a> y ejecutado por la <a href=\"https:\/\/www.ucn.cl\/\">Universidad Cat\u00f3lica del Norte<\/a>, y convoc\u00f3 a diversas estudiantes y profesionales de las ciencias y la ingenier\u00eda: <strong>Roc\u00edo del Pilar<\/strong>, coordinadora del \u00e1rea STEAM de Tremendas Chile; <strong>Sabina Montoya<\/strong>, acad\u00e9mica del Depto. de Qu\u00edmica de la Universidad Cat\u00f3lica del Norte; <strong>Elisabeth Von Brand<\/strong>, Directora del Depto. de Biolog\u00eda Marina de la Universidad Cat\u00f3lica del Norte; <strong>Joseline Tapia<\/strong>, acad\u00e9mica del Depto. de Ciencias Geol\u00f3gicas de la Universidad Cat\u00f3lica del Norte; y <strong>Tamara Leve<\/strong>, Directora de Salud Ocupacional de CODELCO.<\/p>\n<p style=\"text-align: justify\">La conversaci\u00f3n comenz\u00f3 con la brecha de g\u00e9nero en las carreras STEM, y <strong>Tamara Leve<\/strong> rememor\u00f3 al respecto un decreto que en Chile, en 1988, imped\u00eda a las mujeres trabajar en miner\u00eda subterr\u00e1nea, con la finalidad de proteger la maternidad en consideraci\u00f3n a que la mujer trabajaba en condiciones muy precarias, \u201centonces, cuando tienes 18 a\u00f1os y te encuentras con todas estas restricciones, ingres\u00e9 por el lado, a Ingenier\u00eda Comercial; pero a m\u00ed toda la vida me hab\u00eda gustado el cerro, por ser antofagastina, pero no pod\u00eda estudiar Geolog\u00eda o Ingenier\u00eda en Minas\u201d.<\/p>\n<p style=\"text-align: justify\">Las barreras eran culturales y estructurales, continu\u00f3 explicando Tamara, pero sin embargo, hoy en pleno siglo XXI, \u201clas mujeres representamos el 10,7% de toda la industria minera, pero igual venimos desfasadas respecto a una industria que representa el 11% del PIB y el 56% de las exportaciones de Chile, pero es la industria m\u00e1s masculinizada, entonces traemos una brecha de g\u00e9nero hist\u00f3rica donde nos ha costado insertarnos\u201d.<\/p>\n<p style=\"text-align: justify\">En tanto, \u00a0<strong>Joseline Tapia<\/strong> relat\u00f3 su experiencia desde la academia, contando que cuando ingres\u00f3 a estudiar Geolog\u00eda en 1999 en la Universidad de Chile, donde hab\u00eda un 20% de mujeres, \u201cy se dec\u00eda que uno iba a esa Facultad a buscar marido, no porque le gustara la ciencia, aunque igual tuvimos facilidades para el trabajo pr\u00e1ctico y en terreno, pero aun as\u00ed no nos dejaron entrar a minas subterr\u00e1neas porque los viejitos dec\u00edan que las mujeres all\u00ed tra\u00edan mala suerte\u201d, coment\u00f3.<\/p>\n<p style=\"text-align: justify\">Por su parte, <strong>Roc\u00edo del Pilar<\/strong> habl\u00f3 de su experiencia en la actualidad, como estudiante de Ingenier\u00eda en Biotecnolog\u00eda Molecular de la Universidad de Chile, donde la representaci\u00f3n de hombres y mujeres es de 50 y 50, pero la mayor\u00eda de los docentes son hombres, \u201cy s\u00f3lo he tenido 5 profesoras, en su mayor\u00eda en electivos que no tienen que ver con la ciencia, entonces cuesta proyectarte haciendo investigaci\u00f3n o dictando c\u00e1tedra si la mayor\u00eda de mis referentes actuales son hombres, lo cual es s\u00faper alarmante\u201d, resalt\u00f3.<\/p>\n<p style=\"text-align: justify\">Para que puedas revisas estas y otras impresiones del conversatorio, mira este enlace:<\/p>\n<p><iframe loading=\"lazy\" title=\"Conversatorio Mujeres en STEM\" width=\"1180\" height=\"664\" src=\"https:\/\/www.youtube.com\/embed\/UbfS6KNWlQw?feature=oembed\" frameborder=\"0\" allow=\"accelerometer; autoplay; clipboard-write; encrypted-media; gyroscope; picture-in-picture\" allowfullscreen><\/iframe><\/p>\n","protected":false},"excerpt":{"rendered":"<p>Mujeres en STEM: el largo en camino, en Chile, para derribar las barreras culturales y estructurales<\/p>\n","protected":false},"author":21,"featured_media":42013,"comment_status":"open","ping_status":"open","sticky":false,"template":"","format":"standard","meta":{"_acf_changed":false,"_exactmetrics_skip_tracking":false,"_exactmetrics_sitenote_active":false,"_exactmetrics_sitenote_note":"","_exactmetrics_sitenote_category":0,"footnotes":"","_links_to":"","_links_to_target":""},"categories":[4],"tags":[],"class_list":["post-42012","post","type-post","status-publish","format-standard","has-post-thumbnail","hentry","category-noticias"],"acf":[],"yoast_head":"<!-- This site is optimized with the Yoast SEO plugin v26.7 - https:\/\/yoast.com\/wordpress\/plugins\/seo\/ -->\n<title>Mujeres en STEM: el largo en camino, en Chile, para derribar las barreras culturales y estructurales - Coquimbo<\/title>\n<meta name=\"robots\" content=\"index, follow, max-snippet:-1, max-image-preview:large, max-video-preview:-1\" \/>\n<link rel=\"canonical\" href=\"https:\/\/dev.explora.cl\/coquimbo\/mujeres-en-stem-el-largo-en-camino-en-chile-para-derribar-las-barreras-culturales-y-estructurales\/\" class=\"yoast-seo-meta-tag\" \/>\n<meta property=\"og:locale\" content=\"es_ES\" class=\"yoast-seo-meta-tag\" \/>\n<meta property=\"og:type\" content=\"article\" class=\"yoast-seo-meta-tag\" \/>\n<meta property=\"og:title\" content=\"Mujeres en STEM: el largo en camino, en Chile, para derribar las barreras culturales y estructurales - Coquimbo\" class=\"yoast-seo-meta-tag\" \/>\n<meta property=\"og:description\" content=\"Mujeres en STEM: el largo en camino, en Chile, para derribar las barreras culturales y estructurales\" class=\"yoast-seo-meta-tag\" \/>\n<meta property=\"og:url\" content=\"https:\/\/dev.explora.cl\/coquimbo\/mujeres-en-stem-el-largo-en-camino-en-chile-para-derribar-las-barreras-culturales-y-estructurales\/\" class=\"yoast-seo-meta-tag\" \/>\n<meta property=\"og:site_name\" content=\"Coquimbo\" class=\"yoast-seo-meta-tag\" \/>\n<meta property=\"article:published_time\" content=\"2021-12-02T17:59:08+00:00\" class=\"yoast-seo-meta-tag\" \/>\n<meta property=\"article:modified_time\" content=\"2021-12-23T14:01:16+00:00\" class=\"yoast-seo-meta-tag\" \/>\n<meta property=\"og:image\" content=\"https:\/\/dev.explora.cl\/coquimbo\/wp-content\/uploads\/sites\/6\/2021\/12\/Stem_web.jpg\" class=\"yoast-seo-meta-tag\" \/>\n\t<meta property=\"og:image:width\" content=\"760\" class=\"yoast-seo-meta-tag\" \/>\n\t<meta property=\"og:image:height\" content=\"457\" class=\"yoast-seo-meta-tag\" \/>\n\t<meta property=\"og:image:type\" content=\"image\/jpeg\" class=\"yoast-seo-meta-tag\" \/>\n<meta name=\"author\" content=\"jimartin\" class=\"yoast-seo-meta-tag\" \/>\n<meta name=\"twitter:card\" content=\"summary_large_image\" class=\"yoast-seo-meta-tag\" \/>\n<meta name=\"twitter:label1\" content=\"Escrito por\" class=\"yoast-seo-meta-tag\" \/>\n\t<meta name=\"twitter:data1\" content=\"jimartin\" class=\"yoast-seo-meta-tag\" \/>\n\t<meta name=\"twitter:label2\" content=\"Tiempo estimado de lectura\" class=\"yoast-seo-meta-tag\" \/>\n\t<meta name=\"twitter:data2\" content=\"3 minutos\" class=\"yoast-seo-meta-tag\" \/>\n<script type=\"application\/ld+json\" class=\"yoast-schema-graph\">{\"@context\":\"https:\/\/schema.org\",\"@graph\":[{\"@type\":\"Article\",\"@id\":\"https:\/\/dev.explora.cl\/coquimbo\/mujeres-en-stem-el-largo-en-camino-en-chile-para-derribar-las-barreras-culturales-y-estructurales\/#article\",\"isPartOf\":{\"@id\":\"https:\/\/dev.explora.cl\/coquimbo\/mujeres-en-stem-el-largo-en-camino-en-chile-para-derribar-las-barreras-culturales-y-estructurales\/\"},\"author\":{\"name\":\"jimartin\",\"@id\":\"https:\/\/dev.explora.cl\/coquimbo\/#\/schema\/person\/c171f405669e4e4f7e56a099200d2fe6\"},\"headline\":\"Mujeres en STEM: el largo en camino, en Chile, para derribar las barreras culturales y estructurales\",\"datePublished\":\"2021-12-02T17:59:08+00:00\",\"dateModified\":\"2021-12-23T14:01:16+00:00\",\"mainEntityOfPage\":{\"@id\":\"https:\/\/dev.explora.cl\/coquimbo\/mujeres-en-stem-el-largo-en-camino-en-chile-para-derribar-las-barreras-culturales-y-estructurales\/\"},\"wordCount\":608,\"commentCount\":0,\"publisher\":{\"@id\":\"https:\/\/dev.explora.cl\/coquimbo\/#organization\"},\"image\":{\"@id\":\"https:\/\/dev.explora.cl\/coquimbo\/mujeres-en-stem-el-largo-en-camino-en-chile-para-derribar-las-barreras-culturales-y-estructurales\/#primaryimage\"},\"thumbnailUrl\":\"https:\/\/dev.explora.cl\/coquimbo\/wp-content\/uploads\/sites\/6\/2021\/12\/Stem_web.jpg\",\"articleSection\":[\"Noticias\"],\"inLanguage\":\"es-CL\",\"potentialAction\":[{\"@type\":\"CommentAction\",\"name\":\"Comment\",\"target\":[\"https:\/\/dev.explora.cl\/coquimbo\/mujeres-en-stem-el-largo-en-camino-en-chile-para-derribar-las-barreras-culturales-y-estructurales\/#respond\"]}]},{\"@type\":\"WebPage\",\"@id\":\"https:\/\/dev.explora.cl\/coquimbo\/mujeres-en-stem-el-largo-en-camino-en-chile-para-derribar-las-barreras-culturales-y-estructurales\/\",\"url\":\"https:\/\/dev.explora.cl\/coquimbo\/mujeres-en-stem-el-largo-en-camino-en-chile-para-derribar-las-barreras-culturales-y-estructurales\/\",\"name\":\"Mujeres en STEM: el largo en camino, en Chile, para derribar las barreras culturales y estructurales - Coquimbo\",\"isPartOf\":{\"@id\":\"https:\/\/dev.explora.cl\/coquimbo\/#website\"},\"primaryImageOfPage\":{\"@id\":\"https:\/\/dev.explora.cl\/coquimbo\/mujeres-en-stem-el-largo-en-camino-en-chile-para-derribar-las-barreras-culturales-y-estructurales\/#primaryimage\"},\"image\":{\"@id\":\"https:\/\/dev.explora.cl\/coquimbo\/mujeres-en-stem-el-largo-en-camino-en-chile-para-derribar-las-barreras-culturales-y-estructurales\/#primaryimage\"},\"thumbnailUrl\":\"https:\/\/dev.explora.cl\/coquimbo\/wp-content\/uploads\/sites\/6\/2021\/12\/Stem_web.jpg\",\"datePublished\":\"2021-12-02T17:59:08+00:00\",\"dateModified\":\"2021-12-23T14:01:16+00:00\",\"breadcrumb\":{\"@id\":\"https:\/\/dev.explora.cl\/coquimbo\/mujeres-en-stem-el-largo-en-camino-en-chile-para-derribar-las-barreras-culturales-y-estructurales\/#breadcrumb\"},\"inLanguage\":\"es-CL\",\"potentialAction\":[{\"@type\":\"ReadAction\",\"target\":[\"https:\/\/dev.explora.cl\/coquimbo\/mujeres-en-stem-el-largo-en-camino-en-chile-para-derribar-las-barreras-culturales-y-estructurales\/\"]}]},{\"@type\":\"ImageObject\",\"inLanguage\":\"es-CL\",\"@id\":\"https:\/\/dev.explora.cl\/coquimbo\/mujeres-en-stem-el-largo-en-camino-en-chile-para-derribar-las-barreras-culturales-y-estructurales\/#primaryimage\",\"url\":\"https:\/\/dev.explora.cl\/coquimbo\/wp-content\/uploads\/sites\/6\/2021\/12\/Stem_web.jpg\",\"contentUrl\":\"https:\/\/dev.explora.cl\/coquimbo\/wp-content\/uploads\/sites\/6\/2021\/12\/Stem_web.jpg\",\"width\":760,\"height\":457},{\"@type\":\"BreadcrumbList\",\"@id\":\"https:\/\/dev.explora.cl\/coquimbo\/mujeres-en-stem-el-largo-en-camino-en-chile-para-derribar-las-barreras-culturales-y-estructurales\/#breadcrumb\",\"itemListElement\":[{\"@type\":\"ListItem\",\"position\":1,\"name\":\"Portada\",\"item\":\"https:\/\/dev.explora.cl\/coquimbo\/\"},{\"@type\":\"ListItem\",\"position\":2,\"name\":\"Mujeres en STEM: el largo en camino, en Chile, para derribar las barreras culturales y estructurales\"}]},{\"@type\":\"WebSite\",\"@id\":\"https:\/\/dev.explora.cl\/coquimbo\/#website\",\"url\":\"https:\/\/dev.explora.cl\/coquimbo\/\",\"name\":\"Coquimbo\",\"description\":\"Otro sitio m\u00e1s de dev.explora.cl\",\"publisher\":{\"@id\":\"https:\/\/dev.explora.cl\/coquimbo\/#organization\"},\"potentialAction\":[{\"@type\":\"SearchAction\",\"target\":{\"@type\":\"EntryPoint\",\"urlTemplate\":\"https:\/\/dev.explora.cl\/coquimbo\/?s={search_term_string}\"},\"query-input\":{\"@type\":\"PropertyValueSpecification\",\"valueRequired\":true,\"valueName\":\"search_term_string\"}}],\"inLanguage\":\"es-CL\"},{\"@type\":\"Organization\",\"@id\":\"https:\/\/dev.explora.cl\/coquimbo\/#organization\",\"name\":\"Coquimbo\",\"url\":\"https:\/\/dev.explora.cl\/coquimbo\/\",\"logo\":{\"@type\":\"ImageObject\",\"inLanguage\":\"es-CL\",\"@id\":\"https:\/\/dev.explora.cl\/coquimbo\/#\/schema\/logo\/image\/\",\"url\":\"https:\/\/dev.explora.cl\/coquimbo\/wp-content\/uploads\/sites\/6\/2020\/08\/cropped-Mesa-de-trabajo-1-100.jpg\",\"contentUrl\":\"https:\/\/dev.explora.cl\/coquimbo\/wp-content\/uploads\/sites\/6\/2020\/08\/cropped-Mesa-de-trabajo-1-100.jpg\",\"width\":615,\"height\":576,\"caption\":\"Coquimbo\"},\"image\":{\"@id\":\"https:\/\/dev.explora.cl\/coquimbo\/#\/schema\/logo\/image\/\"}},{\"@type\":\"Person\",\"@id\":\"https:\/\/dev.explora.cl\/coquimbo\/#\/schema\/person\/c171f405669e4e4f7e56a099200d2fe6\",\"name\":\"jimartin\",\"image\":{\"@type\":\"ImageObject\",\"inLanguage\":\"es-CL\",\"@id\":\"https:\/\/dev.explora.cl\/coquimbo\/#\/schema\/person\/image\/\",\"url\":\"https:\/\/secure.gravatar.com\/avatar\/8dfd7d14443934731a5aea629f40c1aceb42cc8b566a9926567e833c9d22b643?s=96&d=mm&r=g\",\"contentUrl\":\"https:\/\/secure.gravatar.com\/avatar\/8dfd7d14443934731a5aea629f40c1aceb42cc8b566a9926567e833c9d22b643?s=96&d=mm&r=g\",\"caption\":\"jimartin\"},\"url\":\"https:\/\/dev.explora.cl\/coquimbo\/author\/jimartin\/\"}]}<\/script>\n<!-- \/ Yoast SEO plugin. -->","yoast_head_json":{"title":"Mujeres en STEM: el largo en camino, en Chile, para derribar las barreras culturales y estructurales - Coquimbo","robots":{"index":"index","follow":"follow","max-snippet":"max-snippet:-1","max-image-preview":"max-image-preview:large","max-video-preview":"max-video-preview:-1"},"canonical":"https:\/\/dev.explora.cl\/coquimbo\/mujeres-en-stem-el-largo-en-camino-en-chile-para-derribar-las-barreras-culturales-y-estructurales\/","og_locale":"es_ES","og_type":"article","og_title":"Mujeres en STEM: el largo en camino, en Chile, para derribar las barreras culturales y estructurales - Coquimbo","og_description":"Mujeres en STEM: el largo en camino, en Chile, para derribar las barreras culturales y estructurales","og_url":"https:\/\/dev.explora.cl\/coquimbo\/mujeres-en-stem-el-largo-en-camino-en-chile-para-derribar-las-barreras-culturales-y-estructurales\/","og_site_name":"Coquimbo","article_published_time":"2021-12-02T17:59:08+00:00","article_modified_time":"2021-12-23T14:01:16+00:00","og_image":[{"width":760,"height":457,"url":"https:\/\/dev.explora.cl\/coquimbo\/wp-content\/uploads\/sites\/6\/2021\/12\/Stem_web.jpg","type":"image\/jpeg"}],"author":"jimartin","twitter_card":"summary_large_image","twitter_misc":{"Escrito por":"jimartin","Tiempo estimado de lectura":"3 minutos"},"schema":{"@context":"https:\/\/schema.org","@graph":[{"@type":"Article","@id":"https:\/\/dev.explora.cl\/coquimbo\/mujeres-en-stem-el-largo-en-camino-en-chile-para-derribar-las-barreras-culturales-y-estructurales\/#article","isPartOf":{"@id":"https:\/\/dev.explora.cl\/coquimbo\/mujeres-en-stem-el-largo-en-camino-en-chile-para-derribar-las-barreras-culturales-y-estructurales\/"},"author":{"name":"jimartin","@id":"https:\/\/dev.explora.cl\/coquimbo\/#\/schema\/person\/c171f405669e4e4f7e56a099200d2fe6"},"headline":"Mujeres en STEM: el largo en camino, en Chile, para derribar las barreras culturales y estructurales","datePublished":"2021-12-02T17:59:08+00:00","dateModified":"2021-12-23T14:01:16+00:00","mainEntityOfPage":{"@id":"https:\/\/dev.explora.cl\/coquimbo\/mujeres-en-stem-el-largo-en-camino-en-chile-para-derribar-las-barreras-culturales-y-estructurales\/"},"wordCount":608,"commentCount":0,"publisher":{"@id":"https:\/\/dev.explora.cl\/coquimbo\/#organization"},"image":{"@id":"https:\/\/dev.explora.cl\/coquimbo\/mujeres-en-stem-el-largo-en-camino-en-chile-para-derribar-las-barreras-culturales-y-estructurales\/#primaryimage"},"thumbnailUrl":"https:\/\/dev.explora.cl\/coquimbo\/wp-content\/uploads\/sites\/6\/2021\/12\/Stem_web.jpg","articleSection":["Noticias"],"inLanguage":"es-CL","potentialAction":[{"@type":"CommentAction","name":"Comment","target":["https:\/\/dev.explora.cl\/coquimbo\/mujeres-en-stem-el-largo-en-camino-en-chile-para-derribar-las-barreras-culturales-y-estructurales\/#respond"]}]},{"@type":"WebPage","@id":"https:\/\/dev.explora.cl\/coquimbo\/mujeres-en-stem-el-largo-en-camino-en-chile-para-derribar-las-barreras-culturales-y-estructurales\/","url":"https:\/\/dev.explora.cl\/coquimbo\/mujeres-en-stem-el-largo-en-camino-en-chile-para-derribar-las-barreras-culturales-y-estructurales\/","name":"Mujeres en STEM: el largo en camino, en Chile, para derribar las barreras culturales y estructurales - Coquimbo","isPartOf":{"@id":"https:\/\/dev.explora.cl\/coquimbo\/#website"},"primaryImageOfPage":{"@id":"https:\/\/dev.explora.cl\/coquimbo\/mujeres-en-stem-el-largo-en-camino-en-chile-para-derribar-las-barreras-culturales-y-estructurales\/#primaryimage"},"image":{"@id":"https:\/\/dev.explora.cl\/coquimbo\/mujeres-en-stem-el-largo-en-camino-en-chile-para-derribar-las-barreras-culturales-y-estructurales\/#primaryimage"},"thumbnailUrl":"https:\/\/dev.explora.cl\/coquimbo\/wp-content\/uploads\/sites\/6\/2021\/12\/Stem_web.jpg","datePublished":"2021-12-02T17:59:08+00:00","dateModified":"2021-12-23T14:01:16+00:00","breadcrumb":{"@id":"https:\/\/dev.explora.cl\/coquimbo\/mujeres-en-stem-el-largo-en-camino-en-chile-para-derribar-las-barreras-culturales-y-estructurales\/#breadcrumb"},"inLanguage":"es-CL","potentialAction":[{"@type":"ReadAction","target":["https:\/\/dev.explora.cl\/coquimbo\/mujeres-en-stem-el-largo-en-camino-en-chile-para-derribar-las-barreras-culturales-y-estructurales\/"]}]},{"@type":"ImageObject","inLanguage":"es-CL","@id":"https:\/\/dev.explora.cl\/coquimbo\/mujeres-en-stem-el-largo-en-camino-en-chile-para-derribar-las-barreras-culturales-y-estructurales\/#primaryimage","url":"https:\/\/dev.explora.cl\/coquimbo\/wp-content\/uploads\/sites\/6\/2021\/12\/Stem_web.jpg","contentUrl":"https:\/\/dev.explora.cl\/coquimbo\/wp-content\/uploads\/sites\/6\/2021\/12\/Stem_web.jpg","width":760,"height":457},{"@type":"BreadcrumbList","@id":"https:\/\/dev.explora.cl\/coquimbo\/mujeres-en-stem-el-largo-en-camino-en-chile-para-derribar-las-barreras-culturales-y-estructurales\/#breadcrumb","itemListElement":[{"@type":"ListItem","position":1,"name":"Portada","item":"https:\/\/dev.explora.cl\/coquimbo\/"},{"@type":"ListItem","position":2,"name":"Mujeres en STEM: el largo en camino, en Chile, para derribar las barreras culturales y estructurales"}]},{"@type":"WebSite","@id":"https:\/\/dev.explora.cl\/coquimbo\/#website","url":"https:\/\/dev.explora.cl\/coquimbo\/","name":"Coquimbo","description":"Otro sitio m\u00e1s de dev.explora.cl","publisher":{"@id":"https:\/\/dev.explora.cl\/coquimbo\/#organization"},"potentialAction":[{"@type":"SearchAction","target":{"@type":"EntryPoint","urlTemplate":"https:\/\/dev.explora.cl\/coquimbo\/?s={search_term_string}"},"query-input":{"@type":"PropertyValueSpecification","valueRequired":true,"valueName":"search_term_string"}}],"inLanguage":"es-CL"},{"@type":"Organization","@id":"https:\/\/dev.explora.cl\/coquimbo\/#organization","name":"Coquimbo","url":"https:\/\/dev.explora.cl\/coquimbo\/","logo":{"@type":"ImageObject","inLanguage":"es-CL","@id":"https:\/\/dev.explora.cl\/coquimbo\/#\/schema\/logo\/image\/","url":"https:\/\/dev.explora.cl\/coquimbo\/wp-content\/uploads\/sites\/6\/2020\/08\/cropped-Mesa-de-trabajo-1-100.jpg","contentUrl":"https:\/\/dev.explora.cl\/coquimbo\/wp-content\/uploads\/sites\/6\/2020\/08\/cropped-Mesa-de-trabajo-1-100.jpg","width":615,"height":576,"caption":"Coquimbo"},"image":{"@id":"https:\/\/dev.explora.cl\/coquimbo\/#\/schema\/logo\/image\/"}},{"@type":"Person","@id":"https:\/\/dev.explora.cl\/coquimbo\/#\/schema\/person\/c171f405669e4e4f7e56a099200d2fe6","name":"jimartin","image":{"@type":"ImageObject","inLanguage":"es-CL","@id":"https:\/\/dev.explora.cl\/coquimbo\/#\/schema\/person\/image\/","url":"https:\/\/secure.gravatar.com\/avatar\/8dfd7d14443934731a5aea629f40c1aceb42cc8b566a9926567e833c9d22b643?s=96&d=mm&r=g","contentUrl":"https:\/\/secure.gravatar.com\/avatar\/8dfd7d14443934731a5aea629f40c1aceb42cc8b566a9926567e833c9d22b643?s=96&d=mm&r=g","caption":"jimartin"},"url":"https:\/\/dev.explora.cl\/coquimbo\/author\/jimartin\/"}]}},"_links":{"self":[{"href":"https:\/\/dev.explora.cl\/coquimbo\/wp-json\/wp\/v2\/posts\/42012","targetHints":{"allow":["GET"]}}],"collection":[{"href":"https:\/\/dev.explora.cl\/coquimbo\/wp-json\/wp\/v2\/posts"}],"about":[{"href":"https:\/\/dev.explora.cl\/coquimbo\/wp-json\/wp\/v2\/types\/post"}],"author":[{"embeddable":true,"href":"https:\/\/dev.explora.cl\/coquimbo\/wp-json\/wp\/v2\/users\/21"}],"replies":[{"embeddable":true,"href":"https:\/\/dev.explora.cl\/coquimbo\/wp-json\/wp\/v2\/comments?post=42012"}],"version-history":[{"count":1,"href":"https:\/\/dev.explora.cl\/coquimbo\/wp-json\/wp\/v2\/posts\/42012\/revisions"}],"predecessor-version":[{"id":42014,"href":"https:\/\/dev.explora.cl\/coquimbo\/wp-json\/wp\/v2\/posts\/42012\/revisions\/42014"}],"wp:featuredmedia":[{"embeddable":true,"href":"https:\/\/dev.explora.cl\/coquimbo\/wp-json\/wp\/v2\/media\/42013"}],"wp:attachment":[{"href":"https:\/\/dev.explora.cl\/coquimbo\/wp-json\/wp\/v2\/media?parent=42012"}],"wp:term":[{"taxonomy":"category","embeddable":true,"href":"https:\/\/dev.explora.cl\/coquimbo\/wp-json\/wp\/v2\/categories?post=42012"},{"taxonomy":"post_tag","embeddable":true,"href":"https:\/\/dev.explora.cl\/coquimbo\/wp-json\/wp\/v2\/tags?post=42012"}],"curies":[{"name":"wp","href":"https:\/\/api.w.org\/{rel}","templated":true}]}}