{"id":41978,"date":"2021-11-19T17:09:05","date_gmt":"2021-11-19T20:09:05","guid":{"rendered":"https:\/\/dev.explora.cl\/coquimbo\/?p=41978"},"modified":"2021-12-14T15:52:46","modified_gmt":"2021-12-14T18:52:46","slug":"ninos-y-ninas-aprendiendo-ciencia-cuando-la-curiosidad-es-la-semilla-a-cuidar-para-un-futuro-con-mas-conocimiento","status":"publish","type":"post","link":"https:\/\/dev.explora.cl\/coquimbo\/ninos-y-ninas-aprendiendo-ciencia-cuando-la-curiosidad-es-la-semilla-a-cuidar-para-un-futuro-con-mas-conocimiento\/","title":{"rendered":"Ni\u00f1os y ni\u00f1as aprendiendo ciencia: cuando la curiosidad es la semilla a cuidar para un futuro con m\u00e1s conocimiento"},"content":{"rendered":"<p><em>Un grupo de educadoras de p\u00e1rvulos de la Regi\u00f3n de Coquimbo fue parte de la versi\u00f3n 2021 del Programa de Indagaci\u00f3n para Primeras Edades, PIPE, de Explora Coquimbo, donde aprendieron a ense\u00f1ar a sus p\u00e1rvulos a descubrir el valor de la ciencia.<\/em><\/p>\n<p style=\"text-align: justify\">\u00bfNi\u00f1os y ni\u00f1as son capaces de aprender ciencia en sus primeros a\u00f1os de vida? \u00bfExiste una edad \u00f3ptima para fomentar el inter\u00e9s por la ciencia y la tecnolog\u00eda? \u00bfLa curiosidad de los m\u00e1s peque\u00f1os es una etapa que, con el tiempo, se puede convertir en una habilidad? Muchas preguntas, para quiz\u00e1, muchas posibles respuestas que no pueden ser respondidas con certeza por los mismos ni\u00f1os y ni\u00f1as. Mejor, preguntarle a los\/as adultos\/as, \u00bfno? Pero antes de preguntarles, puede que sea mejor ponerlos al tanto de c\u00f3mo desarrollar competencias cient\u00edficas en ni\u00f1os y ni\u00f1as, para que, de esta forma, conozcan y comprendan el mundo que les rodea. <img loading=\"lazy\" decoding=\"async\" class=\"size-medium wp-image-41980 alignright\" src=\"https:\/\/dev.explora.cl\/coquimbo\/wp-content\/uploads\/sites\/6\/2021\/11\/WhatsApp-Image-2021-11-11-at-16.12.10-1-225x300.jpeg\" alt=\"\" width=\"225\" height=\"300\" srcset=\"https:\/\/dev.explora.cl\/coquimbo\/wp-content\/uploads\/sites\/6\/2021\/11\/WhatsApp-Image-2021-11-11-at-16.12.10-1-225x300.jpeg 225w, https:\/\/dev.explora.cl\/coquimbo\/wp-content\/uploads\/sites\/6\/2021\/11\/WhatsApp-Image-2021-11-11-at-16.12.10-1-768x1024.jpeg 768w, https:\/\/dev.explora.cl\/coquimbo\/wp-content\/uploads\/sites\/6\/2021\/11\/WhatsApp-Image-2021-11-11-at-16.12.10-1.jpeg 1056w\" sizes=\"auto, (max-width: 225px) 100vw, 225px\" \/><\/p>\n<p style=\"text-align: justify\">Precisamente, un grupo de educadoras y t\u00e9cnicas en educaci\u00f3n de p\u00e1rvulos de toda la Regi\u00f3n de Coquimbo fueron parte de la versi\u00f3n 2021 del Programa de Indagaci\u00f3n para Primeras Edades, PIPE, desarrollado por el Proyecto Explora Coquimbo del Ministerio de Ciencia y ejecutado por la Universidad Cat\u00f3lica del Norte. Las participantes aprendieron contenidos cient\u00edficos y estrategias metodol\u00f3gicas, y tambi\u00e9n, recibieron recursos educativos para ense\u00f1ar a sus p\u00e1rvulos a descubrir el valor de la ciencia, al mismo tiempo que desarrollaron competencias para enfrentar los desaf\u00edos del siglo XXI.<\/p>\n<p style=\"text-align: justify\">\u00bfC\u00f3mo se puso en pr\u00e1ctica esta iniciativa? Tres fueron las \u00e1reas de aprendizaje que se contemplaron: ciencias sociales, ciencias naturales y tecnolog\u00eda; y asimismo, se cont\u00f3 con un m\u00f3dulo que abarc\u00f3 el mundo de las Plantas, como tambi\u00e9n, se consider\u00f3 uno enfocado en Animales, a trav\u00e9s de los cuales, ni\u00f1os y ni\u00f1as exploraron el mundo que les rodea con el apoyo de sus educadores\/as y familia.<\/p>\n<p style=\"text-align: justify\">Fue as\u00ed como, combinando creatividad, imaginaci\u00f3n y entusiasmo, ni\u00f1os y ni\u00f1as, junto a sus educadoras, sin importar si viven en la costa, el campo o la ciudad, viajaron a la Ant\u00e1rtica y a bosques y selvas para explorar la biodiversidad que compone y enriquece a nuestro planeta.<\/p>\n<p style=\"text-align: justify\"><strong>Entusiasmo e imaginaci\u00f3n<\/strong><\/p>\n<p style=\"text-align: justify\">Para un momento de ense\u00f1anza-aprendizaje no basta s\u00f3lo con una educadora entusiasmada, pues tambi\u00e9n resulta trascendental la participaci\u00f3n de ni\u00f1os y ni\u00f1as. En este sentido, <strong>Nathaly Campusano Mar\u00edn<\/strong>, educadora del <strong>Jard\u00edn Infantil Le Petit Enfant de La Serena <\/strong>subray\u00f3 que sus estudiantes tuvieron muy buena disposici\u00f3n y estaban muy curiosos por lo que iba a suceder, al ver c\u00f3mo confeccionaban los disfraces de ping\u00fcinos que utilizaron. <img loading=\"lazy\" decoding=\"async\" class=\"size-medium wp-image-41981 alignleft\" src=\"https:\/\/dev.explora.cl\/coquimbo\/wp-content\/uploads\/sites\/6\/2021\/11\/1637181072327-143x300.jpg\" alt=\"\" width=\"143\" height=\"300\" srcset=\"https:\/\/dev.explora.cl\/coquimbo\/wp-content\/uploads\/sites\/6\/2021\/11\/1637181072327-143x300.jpg 143w, https:\/\/dev.explora.cl\/coquimbo\/wp-content\/uploads\/sites\/6\/2021\/11\/1637181072327-487x1024.jpg 487w, https:\/\/dev.explora.cl\/coquimbo\/wp-content\/uploads\/sites\/6\/2021\/11\/1637181072327.jpg 640w\" sizes=\"auto, (max-width: 143px) 100vw, 143px\" \/><\/p>\n<p style=\"text-align: justify\">\u201cLes encant\u00f3 imaginar que viajaban y que su sala se transformaba en la Ant\u00e1rtida\u201d, a\u00f1adi\u00f3 Nathaly, explicando tambi\u00e9n que los peque\u00f1os \u201ctambi\u00e9n aprendieron a diferenciarla, porque muchos cre\u00edan que era el Polo Norte donde vive el Viejito Pascuero. Tambi\u00e9n les encant\u00f3 transformarse ellos mismos en los ping\u00fcinos, ver los elementos flotar, abrirse, deshacerse, tocar los hielos, etc. Todas las experiencias las vivieron a concho, inclusive, los m\u00e1s calladitos, quienes se animaron mucho y participaron enormemente\u201d, explic\u00f3.<\/p>\n<p style=\"text-align: justify\">En tanto, <strong>Ver\u00f3nica Isla Pizarro<\/strong>, de la <strong>Escuela Cielo Claro de Paihuano<\/strong> destac\u00f3 la ansiedad y ganas de sus estudiantes, quienes volvieron a la presencialidad luego de estar mucho tiempo en casa y deseaban vivir experiencias nuevas. \u201cMis ni\u00f1os vivieron esta experiencia con mucho entusiasmo, pues se pusieron chaqueta para ir a la Ant\u00e1rtida aun cuando hab\u00edan 30 grados de calor en nuestro pueblo, pero igualmente cerramos las cortinas, vieron el video con muchas ganas y nadie reclam\u00f3 por el calor\u201d, relat\u00f3.<\/p>\n<p style=\"text-align: justify\">Igualmente, en la <strong>Escuela Patricio Lynch de Andacollo<\/strong>, la educadora <strong>Claudia Cerda Vega<\/strong>, sostuvo que PIPE fue una de las experiencias m\u00e1s significativas para los ni\u00f1os y ni\u00f1as en estos \u00faltimos 2 a\u00f1os, considerando que son parte de la \u201cgeneraci\u00f3n pandemia\u201d, explic\u00f3; a\u00f1adiendo tambi\u00e9n que \u201cuna de sus necesidades era la experimentaci\u00f3n y experiencias integrales que convoquen en un mismo sentido el cuerpo, la mente y el coraz\u00f3n, y en este sentido, PIPE re\u00fane esta condiciones esenciales para aprender ciencia desde la epistemolog\u00eda de la ni\u00f1ez, donde se releva el rol del juego, la afectividad, el goce y la corporalidad\u201d.<\/p>\n<p style=\"text-align: justify\"><strong>\u00a0<\/strong><strong>La curiosidad es un superpoder<\/strong><\/p>\n<p style=\"text-align: justify\">La ciencia y la comprensi\u00f3n del mundo se inician al hacerse muchas preguntas, y en este sentido, ni\u00f1os y ni\u00f1as son curiosos por naturaleza. Al respecto, Nathaly sostuvo que es muy importante potenciarla, \u201cporque un ni\u00f1o y una ni\u00f1a con curiosidad no va a parar nunca hasta conseguir respuestas y resultados de lo que busca, y para nosotros esto debe aprovecharse y debemos ser gu\u00edas para ellos y ellas en esta exploraci\u00f3n, y por ello, PIPE fue un gran aporte para nuestra labor\u201d.<\/p>\n<p style=\"text-align: justify\">En este mismo sentido, Ver\u00f3nica coment\u00f3 que la curiosidad natural de los\/as peque\u00f1os\/as es muy importante, y poder guiarlos sistematizadamente permite afianzar sus habilidades en esta \u00e1rea; \u201csiempre es importante ampliar sus conocimientos y no limitarlos, pues la curiosidad es el primer paso para el aprendizaje de ni\u00f1os y ni\u00f1as, y por ello, este tipo de proyecto nos permite mejorar nuestras pr\u00e1cticas pedag\u00f3gicas\u201d, subray\u00f3 tambi\u00e9n. <img loading=\"lazy\" decoding=\"async\" class=\"size-medium wp-image-41982 alignright\" src=\"https:\/\/dev.explora.cl\/coquimbo\/wp-content\/uploads\/sites\/6\/2021\/11\/WhatsApp-Image-2021-11-19-at-13.44.18-300x292.jpg\" alt=\"\" width=\"300\" height=\"292\" srcset=\"https:\/\/dev.explora.cl\/coquimbo\/wp-content\/uploads\/sites\/6\/2021\/11\/WhatsApp-Image-2021-11-19-at-13.44.18-300x292.jpg 300w, https:\/\/dev.explora.cl\/coquimbo\/wp-content\/uploads\/sites\/6\/2021\/11\/WhatsApp-Image-2021-11-19-at-13.44.18.jpg 686w\" sizes=\"auto, (max-width: 300px) 100vw, 300px\" \/><\/p>\n<p style=\"text-align: justify\">Por su parte, Claudia tambi\u00e9n relev\u00f3 la importancia de potenciar la curiosidad de los\/as m\u00e1s peque\u00f1os\/as, siendo urgente en estos tiempos que vivimos: \u201ccomo humanidad estamos pasando por una crisis clim\u00e1tica y uno de los factores que puede ayudarnos a atravesarla es no apagar la curiosidad natural de las primeras infancias. Los ni\u00f1os, ni\u00f1as y ni\u00f1es lo hacen con un infinito potencial exploratorio y de b\u00fasqueda constante, pues la curiosidad es una de sus formas de estar en el mundo\u201d, agreg\u00f3.<\/p>\n<p style=\"text-align: justify\">Asimismo, la educadora de Andacollo coment\u00f3 que como comunidad y equipos educativos deben unirse a su energ\u00eda y curiosidad, \u201cy dejarnos llevar por los senderos que ellos mismos nos proponen. Quiz\u00e1 podamos llegar juntos a nuevas formas de relacionarnos con el mundo y con la naturaleza de la que somos parte. El mensaje es no temer a ser curiosos y conectarnos con esa energ\u00eda que vive a\u00fan en nosotros, los adultos\u201d.<\/p>\n<div id='gallery-1' class='gallery galleryid-41978 gallery-columns-3 gallery-size-medium'><figure class='gallery-item'>\n\t\t\t<div class='gallery-icon landscape'>\n\t\t\t\t<a href='https:\/\/dev.explora.cl\/coquimbo\/ninos-y-ninas-aprendiendo-ciencia-cuando-la-curiosidad-es-la-semilla-a-cuidar-para-un-futuro-con-mas-conocimiento\/attachment\/1637178300204\/'><img loading=\"lazy\" decoding=\"async\" width=\"300\" height=\"225\" src=\"https:\/\/dev.explora.cl\/coquimbo\/wp-content\/uploads\/sites\/6\/2021\/11\/1637178300204-300x225.jpg\" class=\"attachment-medium size-medium\" alt=\"\" srcset=\"https:\/\/dev.explora.cl\/coquimbo\/wp-content\/uploads\/sites\/6\/2021\/11\/1637178300204-300x225.jpg 300w, https:\/\/dev.explora.cl\/coquimbo\/wp-content\/uploads\/sites\/6\/2021\/11\/1637178300204-768x576.jpg 768w, https:\/\/dev.explora.cl\/coquimbo\/wp-content\/uploads\/sites\/6\/2021\/11\/1637178300204-1024x768.jpg 1024w, https:\/\/dev.explora.cl\/coquimbo\/wp-content\/uploads\/sites\/6\/2021\/11\/1637178300204.jpg 1280w\" sizes=\"auto, (max-width: 300px) 100vw, 300px\" \/><\/a>\n\t\t\t<\/div><\/figure><figure class='gallery-item'>\n\t\t\t<div class='gallery-icon landscape'>\n\t\t\t\t<a href='https:\/\/dev.explora.cl\/coquimbo\/ninos-y-ninas-aprendiendo-ciencia-cuando-la-curiosidad-es-la-semilla-a-cuidar-para-un-futuro-con-mas-conocimiento\/whatsapp-image-2021-11-19-at-14-21-52\/'><img loading=\"lazy\" decoding=\"async\" width=\"300\" height=\"225\" src=\"https:\/\/dev.explora.cl\/coquimbo\/wp-content\/uploads\/sites\/6\/2021\/11\/WhatsApp-Image-2021-11-19-at-14.21.52-300x225.jpeg\" class=\"attachment-medium size-medium\" alt=\"\" srcset=\"https:\/\/dev.explora.cl\/coquimbo\/wp-content\/uploads\/sites\/6\/2021\/11\/WhatsApp-Image-2021-11-19-at-14.21.52-300x225.jpeg 300w, https:\/\/dev.explora.cl\/coquimbo\/wp-content\/uploads\/sites\/6\/2021\/11\/WhatsApp-Image-2021-11-19-at-14.21.52-768x576.jpeg 768w, https:\/\/dev.explora.cl\/coquimbo\/wp-content\/uploads\/sites\/6\/2021\/11\/WhatsApp-Image-2021-11-19-at-14.21.52.jpeg 1024w\" sizes=\"auto, (max-width: 300px) 100vw, 300px\" \/><\/a>\n\t\t\t<\/div><\/figure><figure class='gallery-item'>\n\t\t\t<div class='gallery-icon portrait'>\n\t\t\t\t<a href='https:\/\/dev.explora.cl\/coquimbo\/ninos-y-ninas-aprendiendo-ciencia-cuando-la-curiosidad-es-la-semilla-a-cuidar-para-un-futuro-con-mas-conocimiento\/whatsapp-image-2021-11-11-at-16-11-42\/'><img loading=\"lazy\" decoding=\"async\" width=\"225\" height=\"300\" src=\"https:\/\/dev.explora.cl\/coquimbo\/wp-content\/uploads\/sites\/6\/2021\/11\/WhatsApp-Image-2021-11-11-at-16.11.42-225x300.jpeg\" class=\"attachment-medium size-medium\" alt=\"\" srcset=\"https:\/\/dev.explora.cl\/coquimbo\/wp-content\/uploads\/sites\/6\/2021\/11\/WhatsApp-Image-2021-11-11-at-16.11.42-225x300.jpeg 225w, https:\/\/dev.explora.cl\/coquimbo\/wp-content\/uploads\/sites\/6\/2021\/11\/WhatsApp-Image-2021-11-11-at-16.11.42-768x1024.jpeg 768w, https:\/\/dev.explora.cl\/coquimbo\/wp-content\/uploads\/sites\/6\/2021\/11\/WhatsApp-Image-2021-11-11-at-16.11.42.jpeg 1056w\" sizes=\"auto, (max-width: 225px) 100vw, 225px\" \/><\/a>\n\t\t\t<\/div><\/figure>\n\t\t<\/div>\n\n","protected":false},"excerpt":{"rendered":"<p>Ni\u00f1os y ni\u00f1as aprendiendo ciencia: cuando la curiosidad es la semilla a cuidar para un futuro con m\u00e1s conocimiento<\/p>\n","protected":false},"author":21,"featured_media":41979,"comment_status":"open","ping_status":"open","sticky":false,"template":"","format":"standard","meta":{"_acf_changed":false,"_exactmetrics_skip_tracking":false,"_exactmetrics_sitenote_active":false,"_exactmetrics_sitenote_note":"","_exactmetrics_sitenote_category":0,"footnotes":"","_links_to":"","_links_to_target":""},"categories":[143,4],"tags":[],"class_list":["post-41978","post","type-post","status-publish","format-standard","has-post-thumbnail","hentry","category-lugar-8","category-noticias"],"acf":[],"yoast_head":"<!-- This site is optimized with the Yoast SEO plugin v26.7 - https:\/\/yoast.com\/wordpress\/plugins\/seo\/ -->\n<title>Ni\u00f1os y ni\u00f1as aprendiendo ciencia: cuando la curiosidad es la semilla a cuidar para un futuro con m\u00e1s conocimiento - Coquimbo<\/title>\n<meta name=\"robots\" content=\"index, follow, max-snippet:-1, max-image-preview:large, max-video-preview:-1\" \/>\n<link rel=\"canonical\" href=\"https:\/\/dev.explora.cl\/coquimbo\/ninos-y-ninas-aprendiendo-ciencia-cuando-la-curiosidad-es-la-semilla-a-cuidar-para-un-futuro-con-mas-conocimiento\/\" class=\"yoast-seo-meta-tag\" \/>\n<meta property=\"og:locale\" content=\"es_ES\" class=\"yoast-seo-meta-tag\" \/>\n<meta property=\"og:type\" content=\"article\" class=\"yoast-seo-meta-tag\" \/>\n<meta property=\"og:title\" content=\"Ni\u00f1os y ni\u00f1as aprendiendo ciencia: cuando la curiosidad es la semilla a cuidar para un futuro con m\u00e1s conocimiento - Coquimbo\" class=\"yoast-seo-meta-tag\" \/>\n<meta property=\"og:description\" content=\"Ni\u00f1os y ni\u00f1as aprendiendo ciencia: cuando la curiosidad es la semilla a cuidar para un futuro con m\u00e1s conocimiento\" class=\"yoast-seo-meta-tag\" \/>\n<meta property=\"og:url\" content=\"https:\/\/dev.explora.cl\/coquimbo\/ninos-y-ninas-aprendiendo-ciencia-cuando-la-curiosidad-es-la-semilla-a-cuidar-para-un-futuro-con-mas-conocimiento\/\" class=\"yoast-seo-meta-tag\" \/>\n<meta property=\"og:site_name\" content=\"Coquimbo\" class=\"yoast-seo-meta-tag\" \/>\n<meta property=\"article:published_time\" content=\"2021-11-19T20:09:05+00:00\" class=\"yoast-seo-meta-tag\" \/>\n<meta property=\"article:modified_time\" content=\"2021-12-14T18:52:46+00:00\" class=\"yoast-seo-meta-tag\" \/>\n<meta property=\"og:image\" content=\"https:\/\/dev.explora.cl\/coquimbo\/wp-content\/uploads\/sites\/6\/2021\/11\/PIPEweb.jpg\" class=\"yoast-seo-meta-tag\" \/>\n\t<meta property=\"og:image:width\" content=\"760\" class=\"yoast-seo-meta-tag\" \/>\n\t<meta property=\"og:image:height\" content=\"457\" class=\"yoast-seo-meta-tag\" \/>\n\t<meta property=\"og:image:type\" content=\"image\/jpeg\" class=\"yoast-seo-meta-tag\" \/>\n<meta name=\"author\" content=\"jimartin\" class=\"yoast-seo-meta-tag\" \/>\n<meta name=\"twitter:card\" content=\"summary_large_image\" class=\"yoast-seo-meta-tag\" \/>\n<meta name=\"twitter:label1\" content=\"Escrito por\" class=\"yoast-seo-meta-tag\" \/>\n\t<meta name=\"twitter:data1\" content=\"jimartin\" class=\"yoast-seo-meta-tag\" \/>\n\t<meta name=\"twitter:label2\" content=\"Tiempo estimado de lectura\" class=\"yoast-seo-meta-tag\" \/>\n\t<meta name=\"twitter:data2\" content=\"5 minutos\" class=\"yoast-seo-meta-tag\" \/>\n<script type=\"application\/ld+json\" class=\"yoast-schema-graph\">{\"@context\":\"https:\/\/schema.org\",\"@graph\":[{\"@type\":\"Article\",\"@id\":\"https:\/\/dev.explora.cl\/coquimbo\/ninos-y-ninas-aprendiendo-ciencia-cuando-la-curiosidad-es-la-semilla-a-cuidar-para-un-futuro-con-mas-conocimiento\/#article\",\"isPartOf\":{\"@id\":\"https:\/\/dev.explora.cl\/coquimbo\/ninos-y-ninas-aprendiendo-ciencia-cuando-la-curiosidad-es-la-semilla-a-cuidar-para-un-futuro-con-mas-conocimiento\/\"},\"author\":{\"name\":\"jimartin\",\"@id\":\"https:\/\/dev.explora.cl\/coquimbo\/#\/schema\/person\/c171f405669e4e4f7e56a099200d2fe6\"},\"headline\":\"Ni\u00f1os y ni\u00f1as aprendiendo ciencia: cuando la curiosidad es la semilla a cuidar para un futuro con m\u00e1s conocimiento\",\"datePublished\":\"2021-11-19T20:09:05+00:00\",\"dateModified\":\"2021-12-14T18:52:46+00:00\",\"mainEntityOfPage\":{\"@id\":\"https:\/\/dev.explora.cl\/coquimbo\/ninos-y-ninas-aprendiendo-ciencia-cuando-la-curiosidad-es-la-semilla-a-cuidar-para-un-futuro-con-mas-conocimiento\/\"},\"wordCount\":1115,\"commentCount\":0,\"publisher\":{\"@id\":\"https:\/\/dev.explora.cl\/coquimbo\/#organization\"},\"image\":{\"@id\":\"https:\/\/dev.explora.cl\/coquimbo\/ninos-y-ninas-aprendiendo-ciencia-cuando-la-curiosidad-es-la-semilla-a-cuidar-para-un-futuro-con-mas-conocimiento\/#primaryimage\"},\"thumbnailUrl\":\"https:\/\/dev.explora.cl\/coquimbo\/wp-content\/uploads\/sites\/6\/2021\/11\/PIPEweb.jpg\",\"articleSection\":[\"Lugar 8\",\"Noticias\"],\"inLanguage\":\"es-CL\",\"potentialAction\":[{\"@type\":\"CommentAction\",\"name\":\"Comment\",\"target\":[\"https:\/\/dev.explora.cl\/coquimbo\/ninos-y-ninas-aprendiendo-ciencia-cuando-la-curiosidad-es-la-semilla-a-cuidar-para-un-futuro-con-mas-conocimiento\/#respond\"]}]},{\"@type\":\"WebPage\",\"@id\":\"https:\/\/dev.explora.cl\/coquimbo\/ninos-y-ninas-aprendiendo-ciencia-cuando-la-curiosidad-es-la-semilla-a-cuidar-para-un-futuro-con-mas-conocimiento\/\",\"url\":\"https:\/\/dev.explora.cl\/coquimbo\/ninos-y-ninas-aprendiendo-ciencia-cuando-la-curiosidad-es-la-semilla-a-cuidar-para-un-futuro-con-mas-conocimiento\/\",\"name\":\"Ni\u00f1os y ni\u00f1as aprendiendo ciencia: cuando la curiosidad es la semilla a cuidar para un futuro con m\u00e1s conocimiento - Coquimbo\",\"isPartOf\":{\"@id\":\"https:\/\/dev.explora.cl\/coquimbo\/#website\"},\"primaryImageOfPage\":{\"@id\":\"https:\/\/dev.explora.cl\/coquimbo\/ninos-y-ninas-aprendiendo-ciencia-cuando-la-curiosidad-es-la-semilla-a-cuidar-para-un-futuro-con-mas-conocimiento\/#primaryimage\"},\"image\":{\"@id\":\"https:\/\/dev.explora.cl\/coquimbo\/ninos-y-ninas-aprendiendo-ciencia-cuando-la-curiosidad-es-la-semilla-a-cuidar-para-un-futuro-con-mas-conocimiento\/#primaryimage\"},\"thumbnailUrl\":\"https:\/\/dev.explora.cl\/coquimbo\/wp-content\/uploads\/sites\/6\/2021\/11\/PIPEweb.jpg\",\"datePublished\":\"2021-11-19T20:09:05+00:00\",\"dateModified\":\"2021-12-14T18:52:46+00:00\",\"breadcrumb\":{\"@id\":\"https:\/\/dev.explora.cl\/coquimbo\/ninos-y-ninas-aprendiendo-ciencia-cuando-la-curiosidad-es-la-semilla-a-cuidar-para-un-futuro-con-mas-conocimiento\/#breadcrumb\"},\"inLanguage\":\"es-CL\",\"potentialAction\":[{\"@type\":\"ReadAction\",\"target\":[\"https:\/\/dev.explora.cl\/coquimbo\/ninos-y-ninas-aprendiendo-ciencia-cuando-la-curiosidad-es-la-semilla-a-cuidar-para-un-futuro-con-mas-conocimiento\/\"]}]},{\"@type\":\"ImageObject\",\"inLanguage\":\"es-CL\",\"@id\":\"https:\/\/dev.explora.cl\/coquimbo\/ninos-y-ninas-aprendiendo-ciencia-cuando-la-curiosidad-es-la-semilla-a-cuidar-para-un-futuro-con-mas-conocimiento\/#primaryimage\",\"url\":\"https:\/\/dev.explora.cl\/coquimbo\/wp-content\/uploads\/sites\/6\/2021\/11\/PIPEweb.jpg\",\"contentUrl\":\"https:\/\/dev.explora.cl\/coquimbo\/wp-content\/uploads\/sites\/6\/2021\/11\/PIPEweb.jpg\",\"width\":760,\"height\":457},{\"@type\":\"BreadcrumbList\",\"@id\":\"https:\/\/dev.explora.cl\/coquimbo\/ninos-y-ninas-aprendiendo-ciencia-cuando-la-curiosidad-es-la-semilla-a-cuidar-para-un-futuro-con-mas-conocimiento\/#breadcrumb\",\"itemListElement\":[{\"@type\":\"ListItem\",\"position\":1,\"name\":\"Portada\",\"item\":\"https:\/\/dev.explora.cl\/coquimbo\/\"},{\"@type\":\"ListItem\",\"position\":2,\"name\":\"Ni\u00f1os y ni\u00f1as aprendiendo ciencia: cuando la curiosidad es la semilla a cuidar para un futuro con m\u00e1s conocimiento\"}]},{\"@type\":\"WebSite\",\"@id\":\"https:\/\/dev.explora.cl\/coquimbo\/#website\",\"url\":\"https:\/\/dev.explora.cl\/coquimbo\/\",\"name\":\"Coquimbo\",\"description\":\"Otro sitio m\u00e1s de dev.explora.cl\",\"publisher\":{\"@id\":\"https:\/\/dev.explora.cl\/coquimbo\/#organization\"},\"potentialAction\":[{\"@type\":\"SearchAction\",\"target\":{\"@type\":\"EntryPoint\",\"urlTemplate\":\"https:\/\/dev.explora.cl\/coquimbo\/?s={search_term_string}\"},\"query-input\":{\"@type\":\"PropertyValueSpecification\",\"valueRequired\":true,\"valueName\":\"search_term_string\"}}],\"inLanguage\":\"es-CL\"},{\"@type\":\"Organization\",\"@id\":\"https:\/\/dev.explora.cl\/coquimbo\/#organization\",\"name\":\"Coquimbo\",\"url\":\"https:\/\/dev.explora.cl\/coquimbo\/\",\"logo\":{\"@type\":\"ImageObject\",\"inLanguage\":\"es-CL\",\"@id\":\"https:\/\/dev.explora.cl\/coquimbo\/#\/schema\/logo\/image\/\",\"url\":\"https:\/\/dev.explora.cl\/coquimbo\/wp-content\/uploads\/sites\/6\/2020\/08\/cropped-Mesa-de-trabajo-1-100.jpg\",\"contentUrl\":\"https:\/\/dev.explora.cl\/coquimbo\/wp-content\/uploads\/sites\/6\/2020\/08\/cropped-Mesa-de-trabajo-1-100.jpg\",\"width\":615,\"height\":576,\"caption\":\"Coquimbo\"},\"image\":{\"@id\":\"https:\/\/dev.explora.cl\/coquimbo\/#\/schema\/logo\/image\/\"}},{\"@type\":\"Person\",\"@id\":\"https:\/\/dev.explora.cl\/coquimbo\/#\/schema\/person\/c171f405669e4e4f7e56a099200d2fe6\",\"name\":\"jimartin\",\"image\":{\"@type\":\"ImageObject\",\"inLanguage\":\"es-CL\",\"@id\":\"https:\/\/dev.explora.cl\/coquimbo\/#\/schema\/person\/image\/\",\"url\":\"https:\/\/secure.gravatar.com\/avatar\/8dfd7d14443934731a5aea629f40c1aceb42cc8b566a9926567e833c9d22b643?s=96&d=mm&r=g\",\"contentUrl\":\"https:\/\/secure.gravatar.com\/avatar\/8dfd7d14443934731a5aea629f40c1aceb42cc8b566a9926567e833c9d22b643?s=96&d=mm&r=g\",\"caption\":\"jimartin\"},\"url\":\"https:\/\/dev.explora.cl\/coquimbo\/author\/jimartin\/\"}]}<\/script>\n<!-- \/ Yoast SEO plugin. -->","yoast_head_json":{"title":"Ni\u00f1os y ni\u00f1as aprendiendo ciencia: cuando la curiosidad es la semilla a cuidar para un futuro con m\u00e1s conocimiento - Coquimbo","robots":{"index":"index","follow":"follow","max-snippet":"max-snippet:-1","max-image-preview":"max-image-preview:large","max-video-preview":"max-video-preview:-1"},"canonical":"https:\/\/dev.explora.cl\/coquimbo\/ninos-y-ninas-aprendiendo-ciencia-cuando-la-curiosidad-es-la-semilla-a-cuidar-para-un-futuro-con-mas-conocimiento\/","og_locale":"es_ES","og_type":"article","og_title":"Ni\u00f1os y ni\u00f1as aprendiendo ciencia: cuando la curiosidad es la semilla a cuidar para un futuro con m\u00e1s conocimiento - Coquimbo","og_description":"Ni\u00f1os y ni\u00f1as aprendiendo ciencia: cuando la curiosidad es la semilla a cuidar para un futuro con m\u00e1s conocimiento","og_url":"https:\/\/dev.explora.cl\/coquimbo\/ninos-y-ninas-aprendiendo-ciencia-cuando-la-curiosidad-es-la-semilla-a-cuidar-para-un-futuro-con-mas-conocimiento\/","og_site_name":"Coquimbo","article_published_time":"2021-11-19T20:09:05+00:00","article_modified_time":"2021-12-14T18:52:46+00:00","og_image":[{"width":760,"height":457,"url":"https:\/\/dev.explora.cl\/coquimbo\/wp-content\/uploads\/sites\/6\/2021\/11\/PIPEweb.jpg","type":"image\/jpeg"}],"author":"jimartin","twitter_card":"summary_large_image","twitter_misc":{"Escrito por":"jimartin","Tiempo estimado de lectura":"5 minutos"},"schema":{"@context":"https:\/\/schema.org","@graph":[{"@type":"Article","@id":"https:\/\/dev.explora.cl\/coquimbo\/ninos-y-ninas-aprendiendo-ciencia-cuando-la-curiosidad-es-la-semilla-a-cuidar-para-un-futuro-con-mas-conocimiento\/#article","isPartOf":{"@id":"https:\/\/dev.explora.cl\/coquimbo\/ninos-y-ninas-aprendiendo-ciencia-cuando-la-curiosidad-es-la-semilla-a-cuidar-para-un-futuro-con-mas-conocimiento\/"},"author":{"name":"jimartin","@id":"https:\/\/dev.explora.cl\/coquimbo\/#\/schema\/person\/c171f405669e4e4f7e56a099200d2fe6"},"headline":"Ni\u00f1os y ni\u00f1as aprendiendo ciencia: cuando la curiosidad es la semilla a cuidar para un futuro con m\u00e1s conocimiento","datePublished":"2021-11-19T20:09:05+00:00","dateModified":"2021-12-14T18:52:46+00:00","mainEntityOfPage":{"@id":"https:\/\/dev.explora.cl\/coquimbo\/ninos-y-ninas-aprendiendo-ciencia-cuando-la-curiosidad-es-la-semilla-a-cuidar-para-un-futuro-con-mas-conocimiento\/"},"wordCount":1115,"commentCount":0,"publisher":{"@id":"https:\/\/dev.explora.cl\/coquimbo\/#organization"},"image":{"@id":"https:\/\/dev.explora.cl\/coquimbo\/ninos-y-ninas-aprendiendo-ciencia-cuando-la-curiosidad-es-la-semilla-a-cuidar-para-un-futuro-con-mas-conocimiento\/#primaryimage"},"thumbnailUrl":"https:\/\/dev.explora.cl\/coquimbo\/wp-content\/uploads\/sites\/6\/2021\/11\/PIPEweb.jpg","articleSection":["Lugar 8","Noticias"],"inLanguage":"es-CL","potentialAction":[{"@type":"CommentAction","name":"Comment","target":["https:\/\/dev.explora.cl\/coquimbo\/ninos-y-ninas-aprendiendo-ciencia-cuando-la-curiosidad-es-la-semilla-a-cuidar-para-un-futuro-con-mas-conocimiento\/#respond"]}]},{"@type":"WebPage","@id":"https:\/\/dev.explora.cl\/coquimbo\/ninos-y-ninas-aprendiendo-ciencia-cuando-la-curiosidad-es-la-semilla-a-cuidar-para-un-futuro-con-mas-conocimiento\/","url":"https:\/\/dev.explora.cl\/coquimbo\/ninos-y-ninas-aprendiendo-ciencia-cuando-la-curiosidad-es-la-semilla-a-cuidar-para-un-futuro-con-mas-conocimiento\/","name":"Ni\u00f1os y ni\u00f1as aprendiendo ciencia: cuando la curiosidad es la semilla a cuidar para un futuro con m\u00e1s conocimiento - Coquimbo","isPartOf":{"@id":"https:\/\/dev.explora.cl\/coquimbo\/#website"},"primaryImageOfPage":{"@id":"https:\/\/dev.explora.cl\/coquimbo\/ninos-y-ninas-aprendiendo-ciencia-cuando-la-curiosidad-es-la-semilla-a-cuidar-para-un-futuro-con-mas-conocimiento\/#primaryimage"},"image":{"@id":"https:\/\/dev.explora.cl\/coquimbo\/ninos-y-ninas-aprendiendo-ciencia-cuando-la-curiosidad-es-la-semilla-a-cuidar-para-un-futuro-con-mas-conocimiento\/#primaryimage"},"thumbnailUrl":"https:\/\/dev.explora.cl\/coquimbo\/wp-content\/uploads\/sites\/6\/2021\/11\/PIPEweb.jpg","datePublished":"2021-11-19T20:09:05+00:00","dateModified":"2021-12-14T18:52:46+00:00","breadcrumb":{"@id":"https:\/\/dev.explora.cl\/coquimbo\/ninos-y-ninas-aprendiendo-ciencia-cuando-la-curiosidad-es-la-semilla-a-cuidar-para-un-futuro-con-mas-conocimiento\/#breadcrumb"},"inLanguage":"es-CL","potentialAction":[{"@type":"ReadAction","target":["https:\/\/dev.explora.cl\/coquimbo\/ninos-y-ninas-aprendiendo-ciencia-cuando-la-curiosidad-es-la-semilla-a-cuidar-para-un-futuro-con-mas-conocimiento\/"]}]},{"@type":"ImageObject","inLanguage":"es-CL","@id":"https:\/\/dev.explora.cl\/coquimbo\/ninos-y-ninas-aprendiendo-ciencia-cuando-la-curiosidad-es-la-semilla-a-cuidar-para-un-futuro-con-mas-conocimiento\/#primaryimage","url":"https:\/\/dev.explora.cl\/coquimbo\/wp-content\/uploads\/sites\/6\/2021\/11\/PIPEweb.jpg","contentUrl":"https:\/\/dev.explora.cl\/coquimbo\/wp-content\/uploads\/sites\/6\/2021\/11\/PIPEweb.jpg","width":760,"height":457},{"@type":"BreadcrumbList","@id":"https:\/\/dev.explora.cl\/coquimbo\/ninos-y-ninas-aprendiendo-ciencia-cuando-la-curiosidad-es-la-semilla-a-cuidar-para-un-futuro-con-mas-conocimiento\/#breadcrumb","itemListElement":[{"@type":"ListItem","position":1,"name":"Portada","item":"https:\/\/dev.explora.cl\/coquimbo\/"},{"@type":"ListItem","position":2,"name":"Ni\u00f1os y ni\u00f1as aprendiendo ciencia: cuando la curiosidad es la semilla a cuidar para un futuro con m\u00e1s conocimiento"}]},{"@type":"WebSite","@id":"https:\/\/dev.explora.cl\/coquimbo\/#website","url":"https:\/\/dev.explora.cl\/coquimbo\/","name":"Coquimbo","description":"Otro sitio m\u00e1s de dev.explora.cl","publisher":{"@id":"https:\/\/dev.explora.cl\/coquimbo\/#organization"},"potentialAction":[{"@type":"SearchAction","target":{"@type":"EntryPoint","urlTemplate":"https:\/\/dev.explora.cl\/coquimbo\/?s={search_term_string}"},"query-input":{"@type":"PropertyValueSpecification","valueRequired":true,"valueName":"search_term_string"}}],"inLanguage":"es-CL"},{"@type":"Organization","@id":"https:\/\/dev.explora.cl\/coquimbo\/#organization","name":"Coquimbo","url":"https:\/\/dev.explora.cl\/coquimbo\/","logo":{"@type":"ImageObject","inLanguage":"es-CL","@id":"https:\/\/dev.explora.cl\/coquimbo\/#\/schema\/logo\/image\/","url":"https:\/\/dev.explora.cl\/coquimbo\/wp-content\/uploads\/sites\/6\/2020\/08\/cropped-Mesa-de-trabajo-1-100.jpg","contentUrl":"https:\/\/dev.explora.cl\/coquimbo\/wp-content\/uploads\/sites\/6\/2020\/08\/cropped-Mesa-de-trabajo-1-100.jpg","width":615,"height":576,"caption":"Coquimbo"},"image":{"@id":"https:\/\/dev.explora.cl\/coquimbo\/#\/schema\/logo\/image\/"}},{"@type":"Person","@id":"https:\/\/dev.explora.cl\/coquimbo\/#\/schema\/person\/c171f405669e4e4f7e56a099200d2fe6","name":"jimartin","image":{"@type":"ImageObject","inLanguage":"es-CL","@id":"https:\/\/dev.explora.cl\/coquimbo\/#\/schema\/person\/image\/","url":"https:\/\/secure.gravatar.com\/avatar\/8dfd7d14443934731a5aea629f40c1aceb42cc8b566a9926567e833c9d22b643?s=96&d=mm&r=g","contentUrl":"https:\/\/secure.gravatar.com\/avatar\/8dfd7d14443934731a5aea629f40c1aceb42cc8b566a9926567e833c9d22b643?s=96&d=mm&r=g","caption":"jimartin"},"url":"https:\/\/dev.explora.cl\/coquimbo\/author\/jimartin\/"}]}},"_links":{"self":[{"href":"https:\/\/dev.explora.cl\/coquimbo\/wp-json\/wp\/v2\/posts\/41978","targetHints":{"allow":["GET"]}}],"collection":[{"href":"https:\/\/dev.explora.cl\/coquimbo\/wp-json\/wp\/v2\/posts"}],"about":[{"href":"https:\/\/dev.explora.cl\/coquimbo\/wp-json\/wp\/v2\/types\/post"}],"author":[{"embeddable":true,"href":"https:\/\/dev.explora.cl\/coquimbo\/wp-json\/wp\/v2\/users\/21"}],"replies":[{"embeddable":true,"href":"https:\/\/dev.explora.cl\/coquimbo\/wp-json\/wp\/v2\/comments?post=41978"}],"version-history":[{"count":6,"href":"https:\/\/dev.explora.cl\/coquimbo\/wp-json\/wp\/v2\/posts\/41978\/revisions"}],"predecessor-version":[{"id":42000,"href":"https:\/\/dev.explora.cl\/coquimbo\/wp-json\/wp\/v2\/posts\/41978\/revisions\/42000"}],"wp:featuredmedia":[{"embeddable":true,"href":"https:\/\/dev.explora.cl\/coquimbo\/wp-json\/wp\/v2\/media\/41979"}],"wp:attachment":[{"href":"https:\/\/dev.explora.cl\/coquimbo\/wp-json\/wp\/v2\/media?parent=41978"}],"wp:term":[{"taxonomy":"category","embeddable":true,"href":"https:\/\/dev.explora.cl\/coquimbo\/wp-json\/wp\/v2\/categories?post=41978"},{"taxonomy":"post_tag","embeddable":true,"href":"https:\/\/dev.explora.cl\/coquimbo\/wp-json\/wp\/v2\/tags?post=41978"}],"curies":[{"name":"wp","href":"https:\/\/api.w.org\/{rel}","templated":true}]}}