{"id":41948,"date":"2021-11-12T16:45:53","date_gmt":"2021-11-12T19:45:53","guid":{"rendered":"https:\/\/dev.explora.cl\/coquimbo\/?p=41948"},"modified":"2021-11-26T12:58:18","modified_gmt":"2021-11-26T15:58:18","slug":"proyectos-de-el-palqui-los-vilos-salamanca-y-coquimbo-destacaron-en-el-congreso-regional-explora-de-investigacion-e-innovacion-escolar-2021","status":"publish","type":"post","link":"https:\/\/dev.explora.cl\/coquimbo\/proyectos-de-el-palqui-los-vilos-salamanca-y-coquimbo-destacaron-en-el-congreso-regional-explora-de-investigacion-e-innovacion-escolar-2021\/","title":{"rendered":"Proyectos de Monte Patria, Los Vilos, Salamanca y Coquimbo destacaron en el Congreso Regional Explora de Investigaci\u00f3n e Innovaci\u00f3n Escolar 2021"},"content":{"rendered":"<p style=\"text-align: justify\"><em>22 equipos de estudiantes y docentes provenientes de las 3 provincias de la regi\u00f3n llevaron adelante diversas iniciativas que abarcaron problem\u00e1ticas ambientales como la contaminaci\u00f3n del agua y la recuperaci\u00f3n de los espacios, entre otras.<\/em><\/p>\n<p style=\"text-align: justify\">Luego de 3 d\u00edas intensos de demostraci\u00f3n de lo investigado y aprendido, pero por sobre todo, de intercambio de experiencias de sus participantes, se puso t\u00e9rmino al <strong>Congreso Regional Explora de Investigaci\u00f3n e Innovaci\u00f3n Escolar 2021<\/strong>, instancia desarrollada por el Proyecto Explora Coquimbo del Ministerio de Ciencia y ejecutado por la Universidad Cat\u00f3lica del Norte.<\/p>\n<p style=\"text-align: justify\">La actividad, desarrollada de forma remota a trav\u00e9s de videoconferencia, congreg\u00f3 a 22 equipos de estudiantes y docentes provenientes de las 3 provincias de la Regi\u00f3n de Coquimbo, quienes a pesar de las actuales condiciones de restricci\u00f3n de contacto social por la pandemia del Covid-19, igualmente llevaron adelante diversas iniciativas de investigaci\u00f3n que abarcaron problem\u00e1ticas ambientales como la contaminaci\u00f3n del agua y la recuperaci\u00f3n de los espacios, entre otros.<\/p>\n<p style=\"text-align: justify\">Este evento es un espacio de socializaci\u00f3n, donde alumnos y alumnas de ense\u00f1anza b\u00e1sica y media, pueden presentar los resultados de sus proyectos de investigaci\u00f3n o innovaci\u00f3n escolar; compartiendo, conociendo e interactuando con ni\u00f1os, ni\u00f1as y j\u00f3venes de diversos lugares y contextos; y adem\u00e1s, es la instancia donde se selecciona a los equipos que representar\u00e1n a la regi\u00f3n en el Congreso Nacional Explora de Investigaci\u00f3n e Innovaci\u00f3n Escolar.<\/p>\n<p style=\"text-align: justify\"><strong>Primero lugares<\/strong><\/p>\n<p style=\"text-align: justify\">Luego de una exhaustiva revisi\u00f3n, se determinaron a los siguientes establecimientos como ganadores del Congreso: en la <strong>categor\u00eda Investigaci\u00f3n Educaci\u00f3n B\u00e1sica<\/strong> se premi\u00f3 al <strong>Colegio Mar\u00eda de Andacollo de Coquimbo<\/strong> con el trabajo \u201cComparaci\u00f3n de la flora silvestre de Quebrada de Pe\u00f1uelas entre el 2017 \u2013 2020\u201d; y en la categor\u00eda<strong> Investigaci\u00f3n Educaci\u00f3n Media<\/strong> se destac\u00f3 al <strong>Liceo Nicol\u00e1s Federico Lohse Vargas de Los Vilos<\/strong> con proyecto \u201cEl verde, ya no es color esperanza\u00a0\u00a0 .<\/p>\n<p style=\"text-align: justify\">En tanto, en la <strong>categor\u00eda Innovaci\u00f3n Educaci\u00f3n B\u00e1sica<\/strong>, result\u00f3 destacada la <strong>Escuela Villa El Palqui<\/strong> con la investigaci\u00f3n \u201cBeneficios de la reutilizaci\u00f3n de las aguas grises en la Escuela Villa El Palqui\u201d; mientras que en la categor\u00eda <strong>Innovaci\u00f3n Educaci\u00f3n Media<\/strong>, se premi\u00f3 al <strong>Colegio Cumbres del Choapa de Salamanca<\/strong> con el proyecto \u201cFauna Impactada: Est\u00e9ticas del silencio animal, intervenci\u00f3n art\u00edstica en carretera\u201d.<\/p>\n<p style=\"text-align: justify\">El <strong>Director del Proyecto Explora Coquimbo, Sergio Gonz\u00e1lez<\/strong> destac\u00f3 al respecto el esfuerzo de ni\u00f1os, ni\u00f1as, j\u00f3venes y docentes por llevar adelante investigaciones, a\u00fan pese a las condiciones de pandemia, \u201ccuando desarrollan estas investigaciones sabemos que ellos mismos aprenden y visualizan lo que es el trabajo cient\u00edfico, y despu\u00e9s cuando presentan en nuestros congresos regionales, pueden interactuar con otros ni\u00f1os y ni\u00f1as con intereses similares, lo cual contribuye a su desarrollo como personas que puedan manejar el conocimiento y que se puedan transformar en ciudadanos responsables en la aplicaci\u00f3n de ese conocimiento\u201d.<\/p>\n<p style=\"text-align: justify\">Por su parte, la <strong>Encargada del Congreso, Carla Barra<\/strong>, destac\u00f3 la diversidad geogr\u00e1fica de los establecimientos participantes, sino tambi\u00e9n, que se no s\u00f3lo se presentaron investigaciones en ciencias sociales y naturales, \u201csino que tambi\u00e9n se realizaron investigaciones en \u00e1reas como las artes y humanidades, as\u00ed como proyectos de innovaci\u00f3n, realizando propuestas sumamente interesantes sobre c\u00f3mo dar respuesta a las problem\u00e1ticas que presenta la Regi\u00f3n de Coquimbo\u201d.<\/p>\n","protected":false},"excerpt":{"rendered":"<p>Proyectos de Monte Patria, Los Vilos, Salamanca y Coquimbo destacaron en el Congreso Regional Explora de Investigaci\u00f3n e Innovaci\u00f3n Escolar 2021<\/p>\n","protected":false},"author":21,"featured_media":41949,"comment_status":"open","ping_status":"open","sticky":false,"template":"","format":"standard","meta":{"_acf_changed":false,"_exactmetrics_skip_tracking":false,"_exactmetrics_sitenote_active":false,"_exactmetrics_sitenote_note":"","_exactmetrics_sitenote_category":0,"footnotes":"","_links_to":"","_links_to_target":""},"categories":[143,4],"tags":[],"class_list":["post-41948","post","type-post","status-publish","format-standard","has-post-thumbnail","hentry","category-lugar-8","category-noticias"],"acf":[],"yoast_head":"<!-- This site is optimized with the Yoast SEO plugin v26.7 - https:\/\/yoast.com\/wordpress\/plugins\/seo\/ -->\n<title>Proyectos de Monte Patria, Los Vilos, Salamanca y Coquimbo destacaron en el Congreso Regional Explora de Investigaci\u00f3n e Innovaci\u00f3n Escolar 2021 - Coquimbo<\/title>\n<meta name=\"robots\" content=\"index, follow, max-snippet:-1, max-image-preview:large, max-video-preview:-1\" \/>\n<link rel=\"canonical\" href=\"https:\/\/dev.explora.cl\/coquimbo\/proyectos-de-el-palqui-los-vilos-salamanca-y-coquimbo-destacaron-en-el-congreso-regional-explora-de-investigacion-e-innovacion-escolar-2021\/\" class=\"yoast-seo-meta-tag\" \/>\n<meta property=\"og:locale\" content=\"es_ES\" class=\"yoast-seo-meta-tag\" \/>\n<meta property=\"og:type\" content=\"article\" class=\"yoast-seo-meta-tag\" \/>\n<meta property=\"og:title\" content=\"Proyectos de Monte Patria, Los Vilos, Salamanca y Coquimbo destacaron en el Congreso Regional Explora de Investigaci\u00f3n e Innovaci\u00f3n Escolar 2021 - Coquimbo\" class=\"yoast-seo-meta-tag\" \/>\n<meta property=\"og:description\" content=\"Proyectos de Monte Patria, Los Vilos, Salamanca y Coquimbo destacaron en el Congreso Regional Explora de Investigaci\u00f3n e Innovaci\u00f3n Escolar 2021\" class=\"yoast-seo-meta-tag\" \/>\n<meta property=\"og:url\" content=\"https:\/\/dev.explora.cl\/coquimbo\/proyectos-de-el-palqui-los-vilos-salamanca-y-coquimbo-destacaron-en-el-congreso-regional-explora-de-investigacion-e-innovacion-escolar-2021\/\" class=\"yoast-seo-meta-tag\" \/>\n<meta property=\"og:site_name\" content=\"Coquimbo\" class=\"yoast-seo-meta-tag\" \/>\n<meta property=\"article:published_time\" content=\"2021-11-12T19:45:53+00:00\" class=\"yoast-seo-meta-tag\" \/>\n<meta property=\"article:modified_time\" content=\"2021-11-26T15:58:18+00:00\" class=\"yoast-seo-meta-tag\" \/>\n<meta property=\"og:image\" content=\"https:\/\/dev.explora.cl\/coquimbo\/wp-content\/uploads\/sites\/6\/2021\/11\/Sin-t\u00edtulo39_web.jpg\" class=\"yoast-seo-meta-tag\" \/>\n\t<meta property=\"og:image:width\" content=\"760\" class=\"yoast-seo-meta-tag\" \/>\n\t<meta property=\"og:image:height\" content=\"457\" class=\"yoast-seo-meta-tag\" \/>\n\t<meta property=\"og:image:type\" content=\"image\/jpeg\" class=\"yoast-seo-meta-tag\" \/>\n<meta name=\"author\" content=\"jimartin\" class=\"yoast-seo-meta-tag\" \/>\n<meta name=\"twitter:card\" content=\"summary_large_image\" class=\"yoast-seo-meta-tag\" \/>\n<meta name=\"twitter:label1\" content=\"Escrito por\" class=\"yoast-seo-meta-tag\" \/>\n\t<meta name=\"twitter:data1\" content=\"jimartin\" class=\"yoast-seo-meta-tag\" \/>\n\t<meta name=\"twitter:label2\" content=\"Tiempo estimado de lectura\" class=\"yoast-seo-meta-tag\" \/>\n\t<meta name=\"twitter:data2\" content=\"3 minutos\" class=\"yoast-seo-meta-tag\" \/>\n<script type=\"application\/ld+json\" class=\"yoast-schema-graph\">{\"@context\":\"https:\/\/schema.org\",\"@graph\":[{\"@type\":\"Article\",\"@id\":\"https:\/\/dev.explora.cl\/coquimbo\/proyectos-de-el-palqui-los-vilos-salamanca-y-coquimbo-destacaron-en-el-congreso-regional-explora-de-investigacion-e-innovacion-escolar-2021\/#article\",\"isPartOf\":{\"@id\":\"https:\/\/dev.explora.cl\/coquimbo\/proyectos-de-el-palqui-los-vilos-salamanca-y-coquimbo-destacaron-en-el-congreso-regional-explora-de-investigacion-e-innovacion-escolar-2021\/\"},\"author\":{\"name\":\"jimartin\",\"@id\":\"https:\/\/dev.explora.cl\/coquimbo\/#\/schema\/person\/c171f405669e4e4f7e56a099200d2fe6\"},\"headline\":\"Proyectos de Monte Patria, Los Vilos, Salamanca y Coquimbo destacaron en el Congreso Regional Explora de Investigaci\u00f3n e Innovaci\u00f3n Escolar 2021\",\"datePublished\":\"2021-11-12T19:45:53+00:00\",\"dateModified\":\"2021-11-26T15:58:18+00:00\",\"mainEntityOfPage\":{\"@id\":\"https:\/\/dev.explora.cl\/coquimbo\/proyectos-de-el-palqui-los-vilos-salamanca-y-coquimbo-destacaron-en-el-congreso-regional-explora-de-investigacion-e-innovacion-escolar-2021\/\"},\"wordCount\":608,\"commentCount\":0,\"publisher\":{\"@id\":\"https:\/\/dev.explora.cl\/coquimbo\/#organization\"},\"image\":{\"@id\":\"https:\/\/dev.explora.cl\/coquimbo\/proyectos-de-el-palqui-los-vilos-salamanca-y-coquimbo-destacaron-en-el-congreso-regional-explora-de-investigacion-e-innovacion-escolar-2021\/#primaryimage\"},\"thumbnailUrl\":\"https:\/\/dev.explora.cl\/coquimbo\/wp-content\/uploads\/sites\/6\/2021\/11\/Sin-t\u00edtulo39_web.jpg\",\"articleSection\":[\"Lugar 8\",\"Noticias\"],\"inLanguage\":\"es-CL\",\"potentialAction\":[{\"@type\":\"CommentAction\",\"name\":\"Comment\",\"target\":[\"https:\/\/dev.explora.cl\/coquimbo\/proyectos-de-el-palqui-los-vilos-salamanca-y-coquimbo-destacaron-en-el-congreso-regional-explora-de-investigacion-e-innovacion-escolar-2021\/#respond\"]}]},{\"@type\":\"WebPage\",\"@id\":\"https:\/\/dev.explora.cl\/coquimbo\/proyectos-de-el-palqui-los-vilos-salamanca-y-coquimbo-destacaron-en-el-congreso-regional-explora-de-investigacion-e-innovacion-escolar-2021\/\",\"url\":\"https:\/\/dev.explora.cl\/coquimbo\/proyectos-de-el-palqui-los-vilos-salamanca-y-coquimbo-destacaron-en-el-congreso-regional-explora-de-investigacion-e-innovacion-escolar-2021\/\",\"name\":\"Proyectos de Monte Patria, Los Vilos, Salamanca y Coquimbo destacaron en el Congreso Regional Explora de Investigaci\u00f3n e Innovaci\u00f3n Escolar 2021 - Coquimbo\",\"isPartOf\":{\"@id\":\"https:\/\/dev.explora.cl\/coquimbo\/#website\"},\"primaryImageOfPage\":{\"@id\":\"https:\/\/dev.explora.cl\/coquimbo\/proyectos-de-el-palqui-los-vilos-salamanca-y-coquimbo-destacaron-en-el-congreso-regional-explora-de-investigacion-e-innovacion-escolar-2021\/#primaryimage\"},\"image\":{\"@id\":\"https:\/\/dev.explora.cl\/coquimbo\/proyectos-de-el-palqui-los-vilos-salamanca-y-coquimbo-destacaron-en-el-congreso-regional-explora-de-investigacion-e-innovacion-escolar-2021\/#primaryimage\"},\"thumbnailUrl\":\"https:\/\/dev.explora.cl\/coquimbo\/wp-content\/uploads\/sites\/6\/2021\/11\/Sin-t\u00edtulo39_web.jpg\",\"datePublished\":\"2021-11-12T19:45:53+00:00\",\"dateModified\":\"2021-11-26T15:58:18+00:00\",\"breadcrumb\":{\"@id\":\"https:\/\/dev.explora.cl\/coquimbo\/proyectos-de-el-palqui-los-vilos-salamanca-y-coquimbo-destacaron-en-el-congreso-regional-explora-de-investigacion-e-innovacion-escolar-2021\/#breadcrumb\"},\"inLanguage\":\"es-CL\",\"potentialAction\":[{\"@type\":\"ReadAction\",\"target\":[\"https:\/\/dev.explora.cl\/coquimbo\/proyectos-de-el-palqui-los-vilos-salamanca-y-coquimbo-destacaron-en-el-congreso-regional-explora-de-investigacion-e-innovacion-escolar-2021\/\"]}]},{\"@type\":\"ImageObject\",\"inLanguage\":\"es-CL\",\"@id\":\"https:\/\/dev.explora.cl\/coquimbo\/proyectos-de-el-palqui-los-vilos-salamanca-y-coquimbo-destacaron-en-el-congreso-regional-explora-de-investigacion-e-innovacion-escolar-2021\/#primaryimage\",\"url\":\"https:\/\/dev.explora.cl\/coquimbo\/wp-content\/uploads\/sites\/6\/2021\/11\/Sin-t\u00edtulo39_web.jpg\",\"contentUrl\":\"https:\/\/dev.explora.cl\/coquimbo\/wp-content\/uploads\/sites\/6\/2021\/11\/Sin-t\u00edtulo39_web.jpg\",\"width\":760,\"height\":457},{\"@type\":\"BreadcrumbList\",\"@id\":\"https:\/\/dev.explora.cl\/coquimbo\/proyectos-de-el-palqui-los-vilos-salamanca-y-coquimbo-destacaron-en-el-congreso-regional-explora-de-investigacion-e-innovacion-escolar-2021\/#breadcrumb\",\"itemListElement\":[{\"@type\":\"ListItem\",\"position\":1,\"name\":\"Portada\",\"item\":\"https:\/\/dev.explora.cl\/coquimbo\/\"},{\"@type\":\"ListItem\",\"position\":2,\"name\":\"Proyectos de Monte Patria, Los Vilos, Salamanca y Coquimbo destacaron en el Congreso Regional Explora de Investigaci\u00f3n e Innovaci\u00f3n Escolar 2021\"}]},{\"@type\":\"WebSite\",\"@id\":\"https:\/\/dev.explora.cl\/coquimbo\/#website\",\"url\":\"https:\/\/dev.explora.cl\/coquimbo\/\",\"name\":\"Coquimbo\",\"description\":\"Otro sitio m\u00e1s de dev.explora.cl\",\"publisher\":{\"@id\":\"https:\/\/dev.explora.cl\/coquimbo\/#organization\"},\"potentialAction\":[{\"@type\":\"SearchAction\",\"target\":{\"@type\":\"EntryPoint\",\"urlTemplate\":\"https:\/\/dev.explora.cl\/coquimbo\/?s={search_term_string}\"},\"query-input\":{\"@type\":\"PropertyValueSpecification\",\"valueRequired\":true,\"valueName\":\"search_term_string\"}}],\"inLanguage\":\"es-CL\"},{\"@type\":\"Organization\",\"@id\":\"https:\/\/dev.explora.cl\/coquimbo\/#organization\",\"name\":\"Coquimbo\",\"url\":\"https:\/\/dev.explora.cl\/coquimbo\/\",\"logo\":{\"@type\":\"ImageObject\",\"inLanguage\":\"es-CL\",\"@id\":\"https:\/\/dev.explora.cl\/coquimbo\/#\/schema\/logo\/image\/\",\"url\":\"https:\/\/dev.explora.cl\/coquimbo\/wp-content\/uploads\/sites\/6\/2020\/08\/cropped-Mesa-de-trabajo-1-100.jpg\",\"contentUrl\":\"https:\/\/dev.explora.cl\/coquimbo\/wp-content\/uploads\/sites\/6\/2020\/08\/cropped-Mesa-de-trabajo-1-100.jpg\",\"width\":615,\"height\":576,\"caption\":\"Coquimbo\"},\"image\":{\"@id\":\"https:\/\/dev.explora.cl\/coquimbo\/#\/schema\/logo\/image\/\"}},{\"@type\":\"Person\",\"@id\":\"https:\/\/dev.explora.cl\/coquimbo\/#\/schema\/person\/c171f405669e4e4f7e56a099200d2fe6\",\"name\":\"jimartin\",\"image\":{\"@type\":\"ImageObject\",\"inLanguage\":\"es-CL\",\"@id\":\"https:\/\/dev.explora.cl\/coquimbo\/#\/schema\/person\/image\/\",\"url\":\"https:\/\/secure.gravatar.com\/avatar\/8dfd7d14443934731a5aea629f40c1aceb42cc8b566a9926567e833c9d22b643?s=96&d=mm&r=g\",\"contentUrl\":\"https:\/\/secure.gravatar.com\/avatar\/8dfd7d14443934731a5aea629f40c1aceb42cc8b566a9926567e833c9d22b643?s=96&d=mm&r=g\",\"caption\":\"jimartin\"},\"url\":\"https:\/\/dev.explora.cl\/coquimbo\/author\/jimartin\/\"}]}<\/script>\n<!-- \/ Yoast SEO plugin. -->","yoast_head_json":{"title":"Proyectos de Monte Patria, Los Vilos, Salamanca y Coquimbo destacaron en el Congreso Regional Explora de Investigaci\u00f3n e Innovaci\u00f3n Escolar 2021 - Coquimbo","robots":{"index":"index","follow":"follow","max-snippet":"max-snippet:-1","max-image-preview":"max-image-preview:large","max-video-preview":"max-video-preview:-1"},"canonical":"https:\/\/dev.explora.cl\/coquimbo\/proyectos-de-el-palqui-los-vilos-salamanca-y-coquimbo-destacaron-en-el-congreso-regional-explora-de-investigacion-e-innovacion-escolar-2021\/","og_locale":"es_ES","og_type":"article","og_title":"Proyectos de Monte Patria, Los Vilos, Salamanca y Coquimbo destacaron en el Congreso Regional Explora de Investigaci\u00f3n e Innovaci\u00f3n Escolar 2021 - Coquimbo","og_description":"Proyectos de Monte Patria, Los Vilos, Salamanca y Coquimbo destacaron en el Congreso Regional Explora de Investigaci\u00f3n e Innovaci\u00f3n Escolar 2021","og_url":"https:\/\/dev.explora.cl\/coquimbo\/proyectos-de-el-palqui-los-vilos-salamanca-y-coquimbo-destacaron-en-el-congreso-regional-explora-de-investigacion-e-innovacion-escolar-2021\/","og_site_name":"Coquimbo","article_published_time":"2021-11-12T19:45:53+00:00","article_modified_time":"2021-11-26T15:58:18+00:00","og_image":[{"width":760,"height":457,"url":"https:\/\/dev.explora.cl\/coquimbo\/wp-content\/uploads\/sites\/6\/2021\/11\/Sin-t\u00edtulo39_web.jpg","type":"image\/jpeg"}],"author":"jimartin","twitter_card":"summary_large_image","twitter_misc":{"Escrito por":"jimartin","Tiempo estimado de lectura":"3 minutos"},"schema":{"@context":"https:\/\/schema.org","@graph":[{"@type":"Article","@id":"https:\/\/dev.explora.cl\/coquimbo\/proyectos-de-el-palqui-los-vilos-salamanca-y-coquimbo-destacaron-en-el-congreso-regional-explora-de-investigacion-e-innovacion-escolar-2021\/#article","isPartOf":{"@id":"https:\/\/dev.explora.cl\/coquimbo\/proyectos-de-el-palqui-los-vilos-salamanca-y-coquimbo-destacaron-en-el-congreso-regional-explora-de-investigacion-e-innovacion-escolar-2021\/"},"author":{"name":"jimartin","@id":"https:\/\/dev.explora.cl\/coquimbo\/#\/schema\/person\/c171f405669e4e4f7e56a099200d2fe6"},"headline":"Proyectos de Monte Patria, Los Vilos, Salamanca y Coquimbo destacaron en el Congreso Regional Explora de Investigaci\u00f3n e Innovaci\u00f3n Escolar 2021","datePublished":"2021-11-12T19:45:53+00:00","dateModified":"2021-11-26T15:58:18+00:00","mainEntityOfPage":{"@id":"https:\/\/dev.explora.cl\/coquimbo\/proyectos-de-el-palqui-los-vilos-salamanca-y-coquimbo-destacaron-en-el-congreso-regional-explora-de-investigacion-e-innovacion-escolar-2021\/"},"wordCount":608,"commentCount":0,"publisher":{"@id":"https:\/\/dev.explora.cl\/coquimbo\/#organization"},"image":{"@id":"https:\/\/dev.explora.cl\/coquimbo\/proyectos-de-el-palqui-los-vilos-salamanca-y-coquimbo-destacaron-en-el-congreso-regional-explora-de-investigacion-e-innovacion-escolar-2021\/#primaryimage"},"thumbnailUrl":"https:\/\/dev.explora.cl\/coquimbo\/wp-content\/uploads\/sites\/6\/2021\/11\/Sin-t\u00edtulo39_web.jpg","articleSection":["Lugar 8","Noticias"],"inLanguage":"es-CL","potentialAction":[{"@type":"CommentAction","name":"Comment","target":["https:\/\/dev.explora.cl\/coquimbo\/proyectos-de-el-palqui-los-vilos-salamanca-y-coquimbo-destacaron-en-el-congreso-regional-explora-de-investigacion-e-innovacion-escolar-2021\/#respond"]}]},{"@type":"WebPage","@id":"https:\/\/dev.explora.cl\/coquimbo\/proyectos-de-el-palqui-los-vilos-salamanca-y-coquimbo-destacaron-en-el-congreso-regional-explora-de-investigacion-e-innovacion-escolar-2021\/","url":"https:\/\/dev.explora.cl\/coquimbo\/proyectos-de-el-palqui-los-vilos-salamanca-y-coquimbo-destacaron-en-el-congreso-regional-explora-de-investigacion-e-innovacion-escolar-2021\/","name":"Proyectos de Monte Patria, Los Vilos, Salamanca y Coquimbo destacaron en el Congreso Regional Explora de Investigaci\u00f3n e Innovaci\u00f3n Escolar 2021 - Coquimbo","isPartOf":{"@id":"https:\/\/dev.explora.cl\/coquimbo\/#website"},"primaryImageOfPage":{"@id":"https:\/\/dev.explora.cl\/coquimbo\/proyectos-de-el-palqui-los-vilos-salamanca-y-coquimbo-destacaron-en-el-congreso-regional-explora-de-investigacion-e-innovacion-escolar-2021\/#primaryimage"},"image":{"@id":"https:\/\/dev.explora.cl\/coquimbo\/proyectos-de-el-palqui-los-vilos-salamanca-y-coquimbo-destacaron-en-el-congreso-regional-explora-de-investigacion-e-innovacion-escolar-2021\/#primaryimage"},"thumbnailUrl":"https:\/\/dev.explora.cl\/coquimbo\/wp-content\/uploads\/sites\/6\/2021\/11\/Sin-t\u00edtulo39_web.jpg","datePublished":"2021-11-12T19:45:53+00:00","dateModified":"2021-11-26T15:58:18+00:00","breadcrumb":{"@id":"https:\/\/dev.explora.cl\/coquimbo\/proyectos-de-el-palqui-los-vilos-salamanca-y-coquimbo-destacaron-en-el-congreso-regional-explora-de-investigacion-e-innovacion-escolar-2021\/#breadcrumb"},"inLanguage":"es-CL","potentialAction":[{"@type":"ReadAction","target":["https:\/\/dev.explora.cl\/coquimbo\/proyectos-de-el-palqui-los-vilos-salamanca-y-coquimbo-destacaron-en-el-congreso-regional-explora-de-investigacion-e-innovacion-escolar-2021\/"]}]},{"@type":"ImageObject","inLanguage":"es-CL","@id":"https:\/\/dev.explora.cl\/coquimbo\/proyectos-de-el-palqui-los-vilos-salamanca-y-coquimbo-destacaron-en-el-congreso-regional-explora-de-investigacion-e-innovacion-escolar-2021\/#primaryimage","url":"https:\/\/dev.explora.cl\/coquimbo\/wp-content\/uploads\/sites\/6\/2021\/11\/Sin-t\u00edtulo39_web.jpg","contentUrl":"https:\/\/dev.explora.cl\/coquimbo\/wp-content\/uploads\/sites\/6\/2021\/11\/Sin-t\u00edtulo39_web.jpg","width":760,"height":457},{"@type":"BreadcrumbList","@id":"https:\/\/dev.explora.cl\/coquimbo\/proyectos-de-el-palqui-los-vilos-salamanca-y-coquimbo-destacaron-en-el-congreso-regional-explora-de-investigacion-e-innovacion-escolar-2021\/#breadcrumb","itemListElement":[{"@type":"ListItem","position":1,"name":"Portada","item":"https:\/\/dev.explora.cl\/coquimbo\/"},{"@type":"ListItem","position":2,"name":"Proyectos de Monte Patria, Los Vilos, Salamanca y Coquimbo destacaron en el Congreso Regional Explora de Investigaci\u00f3n e Innovaci\u00f3n Escolar 2021"}]},{"@type":"WebSite","@id":"https:\/\/dev.explora.cl\/coquimbo\/#website","url":"https:\/\/dev.explora.cl\/coquimbo\/","name":"Coquimbo","description":"Otro sitio m\u00e1s de dev.explora.cl","publisher":{"@id":"https:\/\/dev.explora.cl\/coquimbo\/#organization"},"potentialAction":[{"@type":"SearchAction","target":{"@type":"EntryPoint","urlTemplate":"https:\/\/dev.explora.cl\/coquimbo\/?s={search_term_string}"},"query-input":{"@type":"PropertyValueSpecification","valueRequired":true,"valueName":"search_term_string"}}],"inLanguage":"es-CL"},{"@type":"Organization","@id":"https:\/\/dev.explora.cl\/coquimbo\/#organization","name":"Coquimbo","url":"https:\/\/dev.explora.cl\/coquimbo\/","logo":{"@type":"ImageObject","inLanguage":"es-CL","@id":"https:\/\/dev.explora.cl\/coquimbo\/#\/schema\/logo\/image\/","url":"https:\/\/dev.explora.cl\/coquimbo\/wp-content\/uploads\/sites\/6\/2020\/08\/cropped-Mesa-de-trabajo-1-100.jpg","contentUrl":"https:\/\/dev.explora.cl\/coquimbo\/wp-content\/uploads\/sites\/6\/2020\/08\/cropped-Mesa-de-trabajo-1-100.jpg","width":615,"height":576,"caption":"Coquimbo"},"image":{"@id":"https:\/\/dev.explora.cl\/coquimbo\/#\/schema\/logo\/image\/"}},{"@type":"Person","@id":"https:\/\/dev.explora.cl\/coquimbo\/#\/schema\/person\/c171f405669e4e4f7e56a099200d2fe6","name":"jimartin","image":{"@type":"ImageObject","inLanguage":"es-CL","@id":"https:\/\/dev.explora.cl\/coquimbo\/#\/schema\/person\/image\/","url":"https:\/\/secure.gravatar.com\/avatar\/8dfd7d14443934731a5aea629f40c1aceb42cc8b566a9926567e833c9d22b643?s=96&d=mm&r=g","contentUrl":"https:\/\/secure.gravatar.com\/avatar\/8dfd7d14443934731a5aea629f40c1aceb42cc8b566a9926567e833c9d22b643?s=96&d=mm&r=g","caption":"jimartin"},"url":"https:\/\/dev.explora.cl\/coquimbo\/author\/jimartin\/"}]}},"_links":{"self":[{"href":"https:\/\/dev.explora.cl\/coquimbo\/wp-json\/wp\/v2\/posts\/41948","targetHints":{"allow":["GET"]}}],"collection":[{"href":"https:\/\/dev.explora.cl\/coquimbo\/wp-json\/wp\/v2\/posts"}],"about":[{"href":"https:\/\/dev.explora.cl\/coquimbo\/wp-json\/wp\/v2\/types\/post"}],"author":[{"embeddable":true,"href":"https:\/\/dev.explora.cl\/coquimbo\/wp-json\/wp\/v2\/users\/21"}],"replies":[{"embeddable":true,"href":"https:\/\/dev.explora.cl\/coquimbo\/wp-json\/wp\/v2\/comments?post=41948"}],"version-history":[{"count":2,"href":"https:\/\/dev.explora.cl\/coquimbo\/wp-json\/wp\/v2\/posts\/41948\/revisions"}],"predecessor-version":[{"id":41951,"href":"https:\/\/dev.explora.cl\/coquimbo\/wp-json\/wp\/v2\/posts\/41948\/revisions\/41951"}],"wp:featuredmedia":[{"embeddable":true,"href":"https:\/\/dev.explora.cl\/coquimbo\/wp-json\/wp\/v2\/media\/41949"}],"wp:attachment":[{"href":"https:\/\/dev.explora.cl\/coquimbo\/wp-json\/wp\/v2\/media?parent=41948"}],"wp:term":[{"taxonomy":"category","embeddable":true,"href":"https:\/\/dev.explora.cl\/coquimbo\/wp-json\/wp\/v2\/categories?post=41948"},{"taxonomy":"post_tag","embeddable":true,"href":"https:\/\/dev.explora.cl\/coquimbo\/wp-json\/wp\/v2\/tags?post=41948"}],"curies":[{"name":"wp","href":"https:\/\/api.w.org\/{rel}","templated":true}]}}