{"id":41897,"date":"2021-10-26T18:30:07","date_gmt":"2021-10-26T21:30:07","guid":{"rendered":"https:\/\/dev.explora.cl\/coquimbo\/?p=41897"},"modified":"2021-11-11T12:22:39","modified_gmt":"2021-11-11T15:22:39","slug":"acta-de-establecimientos-seleccionados-para-el-congreso-regional-escolar-de-investigacion-e-innovacion-explora-2021","status":"publish","type":"post","link":"https:\/\/dev.explora.cl\/coquimbo\/acta-de-establecimientos-seleccionados-para-el-congreso-regional-escolar-de-investigacion-e-innovacion-explora-2021\/","title":{"rendered":"Acta de establecimientos seleccionados para el Congreso Regional Escolar de Investigaci\u00f3n e Innovaci\u00f3n Explora 2021"},"content":{"rendered":"<p style=\"text-align: justify\"><em>22 establecimientos de toda la regi\u00f3n ser\u00e1n part\u00edcipes de esta iniciativa. <\/em><\/p>\n<p style=\"text-align: justify\">Tras completarse el proceso de convocatoria, el Proyecto Explora Regi\u00f3n de Coquimbo del Ministerio de Ciencia, Tecnolog\u00eda, Conocimiento e Innovaci\u00f3n, y ejecutado por la Universidad Cat\u00f3lica del Norte, da a conocer el listado de establecimientos educacionales que ser\u00e1n parte de la versi\u00f3n 2021 del Congreso Regional Escolar de Investigaci\u00f3n e Innovaci\u00f3n Explora 2021.<\/p>\n<p style=\"text-align: justify\">A fin de otorgar el m\u00e1ximo de cobertura geogr\u00e1fica, y a objeto tambi\u00e9n de privilegiar a aquellos establecimientos que cumplieron lo dictaminado en la convocatoria, se adjudic\u00f3 la iniciativa a 22 iniciativas postulantes provenientes de las provincias de Elqui, Limar\u00ed y Choapa.<\/p>\n<p style=\"text-align: justify\">Cabe destacar que los proyectos seleccionados pasan directamente a una segunda etapa de evaluaci\u00f3n, instancia donde se les entregar\u00e1 material complementario para la realizaci\u00f3n de un video resumen de la iniciativa, pieza audiovisual que ser\u00e1 nuevamente evaluada por el Comit\u00e9 Cient\u00edfico Evaluador y que ser\u00e1 presentada en las jornadas venideras.<\/p>\n<p style=\"text-align: justify\">Revise aqu\u00ed el documento: <a href=\"https:\/\/dev.explora.cl\/coquimbo\/wp-content\/uploads\/sites\/6\/2021\/10\/Seleccionados-Congreso-Regional-Explora-2021.pdf\">Seleccionados Congreso Regional Explora 2021<\/a><\/p>\n<p>&nbsp;<\/p>\n","protected":false},"excerpt":{"rendered":"<p>Acta de establecimientos seleccionados para el Congreso Regional Escolar de Investigaci\u00f3n e Innovaci\u00f3n Explora 2021<\/p>\n","protected":false},"author":21,"featured_media":41898,"comment_status":"open","ping_status":"open","sticky":false,"template":"","format":"standard","meta":{"_acf_changed":false,"_exactmetrics_skip_tracking":false,"_exactmetrics_sitenote_active":false,"_exactmetrics_sitenote_note":"","_exactmetrics_sitenote_category":0,"footnotes":"","_links_to":"","_links_to_target":""},"categories":[143,4],"tags":[],"class_list":["post-41897","post","type-post","status-publish","format-standard","has-post-thumbnail","hentry","category-lugar-8","category-noticias"],"acf":[],"yoast_head":"<!-- This site is optimized with the Yoast SEO plugin v26.7 - https:\/\/yoast.com\/wordpress\/plugins\/seo\/ -->\n<title>Acta de establecimientos seleccionados para el Congreso Regional Escolar de Investigaci\u00f3n e Innovaci\u00f3n Explora 2021 - Coquimbo<\/title>\n<meta name=\"robots\" content=\"index, follow, max-snippet:-1, max-image-preview:large, max-video-preview:-1\" \/>\n<link rel=\"canonical\" href=\"https:\/\/dev.explora.cl\/coquimbo\/acta-de-establecimientos-seleccionados-para-el-congreso-regional-escolar-de-investigacion-e-innovacion-explora-2021\/\" class=\"yoast-seo-meta-tag\" \/>\n<meta property=\"og:locale\" content=\"es_ES\" class=\"yoast-seo-meta-tag\" \/>\n<meta property=\"og:type\" content=\"article\" class=\"yoast-seo-meta-tag\" \/>\n<meta property=\"og:title\" content=\"Acta de establecimientos seleccionados para el Congreso Regional Escolar de Investigaci\u00f3n e Innovaci\u00f3n Explora 2021 - Coquimbo\" class=\"yoast-seo-meta-tag\" \/>\n<meta property=\"og:description\" content=\"Acta de establecimientos seleccionados para el Congreso Regional Escolar de Investigaci\u00f3n e Innovaci\u00f3n Explora 2021\" class=\"yoast-seo-meta-tag\" \/>\n<meta property=\"og:url\" content=\"https:\/\/dev.explora.cl\/coquimbo\/acta-de-establecimientos-seleccionados-para-el-congreso-regional-escolar-de-investigacion-e-innovacion-explora-2021\/\" class=\"yoast-seo-meta-tag\" \/>\n<meta property=\"og:site_name\" content=\"Coquimbo\" class=\"yoast-seo-meta-tag\" \/>\n<meta property=\"article:published_time\" content=\"2021-10-26T21:30:07+00:00\" class=\"yoast-seo-meta-tag\" \/>\n<meta property=\"article:modified_time\" content=\"2021-11-11T15:22:39+00:00\" class=\"yoast-seo-meta-tag\" \/>\n<meta property=\"og:image\" content=\"https:\/\/dev.explora.cl\/coquimbo\/wp-content\/uploads\/sites\/6\/2021\/10\/Equipos_Seleccionados_Banner-WEB.png\" class=\"yoast-seo-meta-tag\" \/>\n\t<meta property=\"og:image:width\" content=\"1514\" class=\"yoast-seo-meta-tag\" \/>\n\t<meta property=\"og:image:height\" content=\"976\" class=\"yoast-seo-meta-tag\" \/>\n\t<meta property=\"og:image:type\" content=\"image\/png\" class=\"yoast-seo-meta-tag\" \/>\n<meta name=\"author\" content=\"jimartin\" class=\"yoast-seo-meta-tag\" \/>\n<meta name=\"twitter:card\" content=\"summary_large_image\" class=\"yoast-seo-meta-tag\" \/>\n<meta name=\"twitter:label1\" content=\"Escrito por\" class=\"yoast-seo-meta-tag\" \/>\n\t<meta name=\"twitter:data1\" content=\"jimartin\" class=\"yoast-seo-meta-tag\" \/>\n\t<meta name=\"twitter:label2\" content=\"Tiempo estimado de lectura\" class=\"yoast-seo-meta-tag\" \/>\n\t<meta name=\"twitter:data2\" content=\"1 minuto\" class=\"yoast-seo-meta-tag\" \/>\n<script type=\"application\/ld+json\" class=\"yoast-schema-graph\">{\"@context\":\"https:\/\/schema.org\",\"@graph\":[{\"@type\":\"Article\",\"@id\":\"https:\/\/dev.explora.cl\/coquimbo\/acta-de-establecimientos-seleccionados-para-el-congreso-regional-escolar-de-investigacion-e-innovacion-explora-2021\/#article\",\"isPartOf\":{\"@id\":\"https:\/\/dev.explora.cl\/coquimbo\/acta-de-establecimientos-seleccionados-para-el-congreso-regional-escolar-de-investigacion-e-innovacion-explora-2021\/\"},\"author\":{\"name\":\"jimartin\",\"@id\":\"https:\/\/dev.explora.cl\/coquimbo\/#\/schema\/person\/c171f405669e4e4f7e56a099200d2fe6\"},\"headline\":\"Acta de establecimientos seleccionados para el Congreso Regional Escolar de Investigaci\u00f3n e Innovaci\u00f3n Explora 2021\",\"datePublished\":\"2021-10-26T21:30:07+00:00\",\"dateModified\":\"2021-11-11T15:22:39+00:00\",\"mainEntityOfPage\":{\"@id\":\"https:\/\/dev.explora.cl\/coquimbo\/acta-de-establecimientos-seleccionados-para-el-congreso-regional-escolar-de-investigacion-e-innovacion-explora-2021\/\"},\"wordCount\":194,\"commentCount\":0,\"publisher\":{\"@id\":\"https:\/\/dev.explora.cl\/coquimbo\/#organization\"},\"image\":{\"@id\":\"https:\/\/dev.explora.cl\/coquimbo\/acta-de-establecimientos-seleccionados-para-el-congreso-regional-escolar-de-investigacion-e-innovacion-explora-2021\/#primaryimage\"},\"thumbnailUrl\":\"https:\/\/dev.explora.cl\/coquimbo\/wp-content\/uploads\/sites\/6\/2021\/10\/Equipos_Seleccionados_Banner-WEB.png\",\"articleSection\":[\"Lugar 8\",\"Noticias\"],\"inLanguage\":\"es-CL\",\"potentialAction\":[{\"@type\":\"CommentAction\",\"name\":\"Comment\",\"target\":[\"https:\/\/dev.explora.cl\/coquimbo\/acta-de-establecimientos-seleccionados-para-el-congreso-regional-escolar-de-investigacion-e-innovacion-explora-2021\/#respond\"]}]},{\"@type\":\"WebPage\",\"@id\":\"https:\/\/dev.explora.cl\/coquimbo\/acta-de-establecimientos-seleccionados-para-el-congreso-regional-escolar-de-investigacion-e-innovacion-explora-2021\/\",\"url\":\"https:\/\/dev.explora.cl\/coquimbo\/acta-de-establecimientos-seleccionados-para-el-congreso-regional-escolar-de-investigacion-e-innovacion-explora-2021\/\",\"name\":\"Acta de establecimientos seleccionados para el Congreso Regional Escolar de Investigaci\u00f3n e Innovaci\u00f3n Explora 2021 - Coquimbo\",\"isPartOf\":{\"@id\":\"https:\/\/dev.explora.cl\/coquimbo\/#website\"},\"primaryImageOfPage\":{\"@id\":\"https:\/\/dev.explora.cl\/coquimbo\/acta-de-establecimientos-seleccionados-para-el-congreso-regional-escolar-de-investigacion-e-innovacion-explora-2021\/#primaryimage\"},\"image\":{\"@id\":\"https:\/\/dev.explora.cl\/coquimbo\/acta-de-establecimientos-seleccionados-para-el-congreso-regional-escolar-de-investigacion-e-innovacion-explora-2021\/#primaryimage\"},\"thumbnailUrl\":\"https:\/\/dev.explora.cl\/coquimbo\/wp-content\/uploads\/sites\/6\/2021\/10\/Equipos_Seleccionados_Banner-WEB.png\",\"datePublished\":\"2021-10-26T21:30:07+00:00\",\"dateModified\":\"2021-11-11T15:22:39+00:00\",\"breadcrumb\":{\"@id\":\"https:\/\/dev.explora.cl\/coquimbo\/acta-de-establecimientos-seleccionados-para-el-congreso-regional-escolar-de-investigacion-e-innovacion-explora-2021\/#breadcrumb\"},\"inLanguage\":\"es-CL\",\"potentialAction\":[{\"@type\":\"ReadAction\",\"target\":[\"https:\/\/dev.explora.cl\/coquimbo\/acta-de-establecimientos-seleccionados-para-el-congreso-regional-escolar-de-investigacion-e-innovacion-explora-2021\/\"]}]},{\"@type\":\"ImageObject\",\"inLanguage\":\"es-CL\",\"@id\":\"https:\/\/dev.explora.cl\/coquimbo\/acta-de-establecimientos-seleccionados-para-el-congreso-regional-escolar-de-investigacion-e-innovacion-explora-2021\/#primaryimage\",\"url\":\"https:\/\/dev.explora.cl\/coquimbo\/wp-content\/uploads\/sites\/6\/2021\/10\/Equipos_Seleccionados_Banner-WEB.png\",\"contentUrl\":\"https:\/\/dev.explora.cl\/coquimbo\/wp-content\/uploads\/sites\/6\/2021\/10\/Equipos_Seleccionados_Banner-WEB.png\",\"width\":1514,\"height\":976},{\"@type\":\"BreadcrumbList\",\"@id\":\"https:\/\/dev.explora.cl\/coquimbo\/acta-de-establecimientos-seleccionados-para-el-congreso-regional-escolar-de-investigacion-e-innovacion-explora-2021\/#breadcrumb\",\"itemListElement\":[{\"@type\":\"ListItem\",\"position\":1,\"name\":\"Portada\",\"item\":\"https:\/\/dev.explora.cl\/coquimbo\/\"},{\"@type\":\"ListItem\",\"position\":2,\"name\":\"Acta de establecimientos seleccionados para el Congreso Regional Escolar de Investigaci\u00f3n e Innovaci\u00f3n Explora 2021\"}]},{\"@type\":\"WebSite\",\"@id\":\"https:\/\/dev.explora.cl\/coquimbo\/#website\",\"url\":\"https:\/\/dev.explora.cl\/coquimbo\/\",\"name\":\"Coquimbo\",\"description\":\"Otro sitio m\u00e1s de dev.explora.cl\",\"publisher\":{\"@id\":\"https:\/\/dev.explora.cl\/coquimbo\/#organization\"},\"potentialAction\":[{\"@type\":\"SearchAction\",\"target\":{\"@type\":\"EntryPoint\",\"urlTemplate\":\"https:\/\/dev.explora.cl\/coquimbo\/?s={search_term_string}\"},\"query-input\":{\"@type\":\"PropertyValueSpecification\",\"valueRequired\":true,\"valueName\":\"search_term_string\"}}],\"inLanguage\":\"es-CL\"},{\"@type\":\"Organization\",\"@id\":\"https:\/\/dev.explora.cl\/coquimbo\/#organization\",\"name\":\"Coquimbo\",\"url\":\"https:\/\/dev.explora.cl\/coquimbo\/\",\"logo\":{\"@type\":\"ImageObject\",\"inLanguage\":\"es-CL\",\"@id\":\"https:\/\/dev.explora.cl\/coquimbo\/#\/schema\/logo\/image\/\",\"url\":\"https:\/\/dev.explora.cl\/coquimbo\/wp-content\/uploads\/sites\/6\/2020\/08\/cropped-Mesa-de-trabajo-1-100.jpg\",\"contentUrl\":\"https:\/\/dev.explora.cl\/coquimbo\/wp-content\/uploads\/sites\/6\/2020\/08\/cropped-Mesa-de-trabajo-1-100.jpg\",\"width\":615,\"height\":576,\"caption\":\"Coquimbo\"},\"image\":{\"@id\":\"https:\/\/dev.explora.cl\/coquimbo\/#\/schema\/logo\/image\/\"}},{\"@type\":\"Person\",\"@id\":\"https:\/\/dev.explora.cl\/coquimbo\/#\/schema\/person\/c171f405669e4e4f7e56a099200d2fe6\",\"name\":\"jimartin\",\"image\":{\"@type\":\"ImageObject\",\"inLanguage\":\"es-CL\",\"@id\":\"https:\/\/dev.explora.cl\/coquimbo\/#\/schema\/person\/image\/\",\"url\":\"https:\/\/secure.gravatar.com\/avatar\/8dfd7d14443934731a5aea629f40c1aceb42cc8b566a9926567e833c9d22b643?s=96&d=mm&r=g\",\"contentUrl\":\"https:\/\/secure.gravatar.com\/avatar\/8dfd7d14443934731a5aea629f40c1aceb42cc8b566a9926567e833c9d22b643?s=96&d=mm&r=g\",\"caption\":\"jimartin\"},\"url\":\"https:\/\/dev.explora.cl\/coquimbo\/author\/jimartin\/\"}]}<\/script>\n<!-- \/ Yoast SEO plugin. -->","yoast_head_json":{"title":"Acta de establecimientos seleccionados para el Congreso Regional Escolar de Investigaci\u00f3n e Innovaci\u00f3n Explora 2021 - Coquimbo","robots":{"index":"index","follow":"follow","max-snippet":"max-snippet:-1","max-image-preview":"max-image-preview:large","max-video-preview":"max-video-preview:-1"},"canonical":"https:\/\/dev.explora.cl\/coquimbo\/acta-de-establecimientos-seleccionados-para-el-congreso-regional-escolar-de-investigacion-e-innovacion-explora-2021\/","og_locale":"es_ES","og_type":"article","og_title":"Acta de establecimientos seleccionados para el Congreso Regional Escolar de Investigaci\u00f3n e Innovaci\u00f3n Explora 2021 - Coquimbo","og_description":"Acta de establecimientos seleccionados para el Congreso Regional Escolar de Investigaci\u00f3n e Innovaci\u00f3n Explora 2021","og_url":"https:\/\/dev.explora.cl\/coquimbo\/acta-de-establecimientos-seleccionados-para-el-congreso-regional-escolar-de-investigacion-e-innovacion-explora-2021\/","og_site_name":"Coquimbo","article_published_time":"2021-10-26T21:30:07+00:00","article_modified_time":"2021-11-11T15:22:39+00:00","og_image":[{"width":1514,"height":976,"url":"https:\/\/dev.explora.cl\/coquimbo\/wp-content\/uploads\/sites\/6\/2021\/10\/Equipos_Seleccionados_Banner-WEB.png","type":"image\/png"}],"author":"jimartin","twitter_card":"summary_large_image","twitter_misc":{"Escrito por":"jimartin","Tiempo estimado de lectura":"1 minuto"},"schema":{"@context":"https:\/\/schema.org","@graph":[{"@type":"Article","@id":"https:\/\/dev.explora.cl\/coquimbo\/acta-de-establecimientos-seleccionados-para-el-congreso-regional-escolar-de-investigacion-e-innovacion-explora-2021\/#article","isPartOf":{"@id":"https:\/\/dev.explora.cl\/coquimbo\/acta-de-establecimientos-seleccionados-para-el-congreso-regional-escolar-de-investigacion-e-innovacion-explora-2021\/"},"author":{"name":"jimartin","@id":"https:\/\/dev.explora.cl\/coquimbo\/#\/schema\/person\/c171f405669e4e4f7e56a099200d2fe6"},"headline":"Acta de establecimientos seleccionados para el Congreso Regional Escolar de Investigaci\u00f3n e Innovaci\u00f3n Explora 2021","datePublished":"2021-10-26T21:30:07+00:00","dateModified":"2021-11-11T15:22:39+00:00","mainEntityOfPage":{"@id":"https:\/\/dev.explora.cl\/coquimbo\/acta-de-establecimientos-seleccionados-para-el-congreso-regional-escolar-de-investigacion-e-innovacion-explora-2021\/"},"wordCount":194,"commentCount":0,"publisher":{"@id":"https:\/\/dev.explora.cl\/coquimbo\/#organization"},"image":{"@id":"https:\/\/dev.explora.cl\/coquimbo\/acta-de-establecimientos-seleccionados-para-el-congreso-regional-escolar-de-investigacion-e-innovacion-explora-2021\/#primaryimage"},"thumbnailUrl":"https:\/\/dev.explora.cl\/coquimbo\/wp-content\/uploads\/sites\/6\/2021\/10\/Equipos_Seleccionados_Banner-WEB.png","articleSection":["Lugar 8","Noticias"],"inLanguage":"es-CL","potentialAction":[{"@type":"CommentAction","name":"Comment","target":["https:\/\/dev.explora.cl\/coquimbo\/acta-de-establecimientos-seleccionados-para-el-congreso-regional-escolar-de-investigacion-e-innovacion-explora-2021\/#respond"]}]},{"@type":"WebPage","@id":"https:\/\/dev.explora.cl\/coquimbo\/acta-de-establecimientos-seleccionados-para-el-congreso-regional-escolar-de-investigacion-e-innovacion-explora-2021\/","url":"https:\/\/dev.explora.cl\/coquimbo\/acta-de-establecimientos-seleccionados-para-el-congreso-regional-escolar-de-investigacion-e-innovacion-explora-2021\/","name":"Acta de establecimientos seleccionados para el Congreso Regional Escolar de Investigaci\u00f3n e Innovaci\u00f3n Explora 2021 - Coquimbo","isPartOf":{"@id":"https:\/\/dev.explora.cl\/coquimbo\/#website"},"primaryImageOfPage":{"@id":"https:\/\/dev.explora.cl\/coquimbo\/acta-de-establecimientos-seleccionados-para-el-congreso-regional-escolar-de-investigacion-e-innovacion-explora-2021\/#primaryimage"},"image":{"@id":"https:\/\/dev.explora.cl\/coquimbo\/acta-de-establecimientos-seleccionados-para-el-congreso-regional-escolar-de-investigacion-e-innovacion-explora-2021\/#primaryimage"},"thumbnailUrl":"https:\/\/dev.explora.cl\/coquimbo\/wp-content\/uploads\/sites\/6\/2021\/10\/Equipos_Seleccionados_Banner-WEB.png","datePublished":"2021-10-26T21:30:07+00:00","dateModified":"2021-11-11T15:22:39+00:00","breadcrumb":{"@id":"https:\/\/dev.explora.cl\/coquimbo\/acta-de-establecimientos-seleccionados-para-el-congreso-regional-escolar-de-investigacion-e-innovacion-explora-2021\/#breadcrumb"},"inLanguage":"es-CL","potentialAction":[{"@type":"ReadAction","target":["https:\/\/dev.explora.cl\/coquimbo\/acta-de-establecimientos-seleccionados-para-el-congreso-regional-escolar-de-investigacion-e-innovacion-explora-2021\/"]}]},{"@type":"ImageObject","inLanguage":"es-CL","@id":"https:\/\/dev.explora.cl\/coquimbo\/acta-de-establecimientos-seleccionados-para-el-congreso-regional-escolar-de-investigacion-e-innovacion-explora-2021\/#primaryimage","url":"https:\/\/dev.explora.cl\/coquimbo\/wp-content\/uploads\/sites\/6\/2021\/10\/Equipos_Seleccionados_Banner-WEB.png","contentUrl":"https:\/\/dev.explora.cl\/coquimbo\/wp-content\/uploads\/sites\/6\/2021\/10\/Equipos_Seleccionados_Banner-WEB.png","width":1514,"height":976},{"@type":"BreadcrumbList","@id":"https:\/\/dev.explora.cl\/coquimbo\/acta-de-establecimientos-seleccionados-para-el-congreso-regional-escolar-de-investigacion-e-innovacion-explora-2021\/#breadcrumb","itemListElement":[{"@type":"ListItem","position":1,"name":"Portada","item":"https:\/\/dev.explora.cl\/coquimbo\/"},{"@type":"ListItem","position":2,"name":"Acta de establecimientos seleccionados para el Congreso Regional Escolar de Investigaci\u00f3n e Innovaci\u00f3n Explora 2021"}]},{"@type":"WebSite","@id":"https:\/\/dev.explora.cl\/coquimbo\/#website","url":"https:\/\/dev.explora.cl\/coquimbo\/","name":"Coquimbo","description":"Otro sitio m\u00e1s de dev.explora.cl","publisher":{"@id":"https:\/\/dev.explora.cl\/coquimbo\/#organization"},"potentialAction":[{"@type":"SearchAction","target":{"@type":"EntryPoint","urlTemplate":"https:\/\/dev.explora.cl\/coquimbo\/?s={search_term_string}"},"query-input":{"@type":"PropertyValueSpecification","valueRequired":true,"valueName":"search_term_string"}}],"inLanguage":"es-CL"},{"@type":"Organization","@id":"https:\/\/dev.explora.cl\/coquimbo\/#organization","name":"Coquimbo","url":"https:\/\/dev.explora.cl\/coquimbo\/","logo":{"@type":"ImageObject","inLanguage":"es-CL","@id":"https:\/\/dev.explora.cl\/coquimbo\/#\/schema\/logo\/image\/","url":"https:\/\/dev.explora.cl\/coquimbo\/wp-content\/uploads\/sites\/6\/2020\/08\/cropped-Mesa-de-trabajo-1-100.jpg","contentUrl":"https:\/\/dev.explora.cl\/coquimbo\/wp-content\/uploads\/sites\/6\/2020\/08\/cropped-Mesa-de-trabajo-1-100.jpg","width":615,"height":576,"caption":"Coquimbo"},"image":{"@id":"https:\/\/dev.explora.cl\/coquimbo\/#\/schema\/logo\/image\/"}},{"@type":"Person","@id":"https:\/\/dev.explora.cl\/coquimbo\/#\/schema\/person\/c171f405669e4e4f7e56a099200d2fe6","name":"jimartin","image":{"@type":"ImageObject","inLanguage":"es-CL","@id":"https:\/\/dev.explora.cl\/coquimbo\/#\/schema\/person\/image\/","url":"https:\/\/secure.gravatar.com\/avatar\/8dfd7d14443934731a5aea629f40c1aceb42cc8b566a9926567e833c9d22b643?s=96&d=mm&r=g","contentUrl":"https:\/\/secure.gravatar.com\/avatar\/8dfd7d14443934731a5aea629f40c1aceb42cc8b566a9926567e833c9d22b643?s=96&d=mm&r=g","caption":"jimartin"},"url":"https:\/\/dev.explora.cl\/coquimbo\/author\/jimartin\/"}]}},"_links":{"self":[{"href":"https:\/\/dev.explora.cl\/coquimbo\/wp-json\/wp\/v2\/posts\/41897","targetHints":{"allow":["GET"]}}],"collection":[{"href":"https:\/\/dev.explora.cl\/coquimbo\/wp-json\/wp\/v2\/posts"}],"about":[{"href":"https:\/\/dev.explora.cl\/coquimbo\/wp-json\/wp\/v2\/types\/post"}],"author":[{"embeddable":true,"href":"https:\/\/dev.explora.cl\/coquimbo\/wp-json\/wp\/v2\/users\/21"}],"replies":[{"embeddable":true,"href":"https:\/\/dev.explora.cl\/coquimbo\/wp-json\/wp\/v2\/comments?post=41897"}],"version-history":[{"count":2,"href":"https:\/\/dev.explora.cl\/coquimbo\/wp-json\/wp\/v2\/posts\/41897\/revisions"}],"predecessor-version":[{"id":41901,"href":"https:\/\/dev.explora.cl\/coquimbo\/wp-json\/wp\/v2\/posts\/41897\/revisions\/41901"}],"wp:featuredmedia":[{"embeddable":true,"href":"https:\/\/dev.explora.cl\/coquimbo\/wp-json\/wp\/v2\/media\/41898"}],"wp:attachment":[{"href":"https:\/\/dev.explora.cl\/coquimbo\/wp-json\/wp\/v2\/media?parent=41897"}],"wp:term":[{"taxonomy":"category","embeddable":true,"href":"https:\/\/dev.explora.cl\/coquimbo\/wp-json\/wp\/v2\/categories?post=41897"},{"taxonomy":"post_tag","embeddable":true,"href":"https:\/\/dev.explora.cl\/coquimbo\/wp-json\/wp\/v2\/tags?post=41897"}],"curies":[{"name":"wp","href":"https:\/\/api.w.org\/{rel}","templated":true}]}}