{"id":41793,"date":"2021-10-05T17:09:25","date_gmt":"2021-10-05T20:09:25","guid":{"rendered":"https:\/\/dev.explora.cl\/coquimbo\/?p=41793"},"modified":"2021-11-02T11:56:34","modified_gmt":"2021-11-02T14:56:34","slug":"41793-2","status":"publish","type":"post","link":"https:\/\/dev.explora.cl\/coquimbo\/41793-2\/","title":{"rendered":""},"content":{"rendered":"<p>Conoce toda la programaci\u00f3n de Ciencia Abierta en <strong>octubre<\/strong> aqu\u00ed:<\/p>\n<p>Conversatorio <strong>&#8220;Academia At\u00f3micas&#8221;<\/strong>: disminuyendo las brechas de g\u00e9nero en el \u00e1mbito de la ciencia. <strong>Jueves 07 de octubre a las 19:00hrs<\/strong>. Inscr\u00edbete aqu\u00ed: <a href=\"https:\/\/forms.gle\/arc4yc612tRHAYoRA\" target=\"_blank\" rel=\"noopener noreferrer\" data-saferedirecturl=\"https:\/\/www.google.com\/url?q=https:\/\/forms.gle\/arc4yc612tRHAYoRA&amp;source=gmail&amp;ust=1633542829667000&amp;usg=AFQjCNE6NB4TkwJNsSJmhZaM_iExRm0B9g\">https:\/\/forms.gle\/arc4yc612tRHAYoRA<\/a><\/p>\n<p>Late Show<strong> &#8220;Los Peque\u00f1os Gigantes del Oc\u00e9ano&#8221;<\/strong>: <strong>Mi\u00e9rcoles 13 de octubre a las 18:00hrs.<\/strong> Inscr\u00edbete aqu\u00ed: <a href=\"https:\/\/forms.gle\/55skpFJL85NQnZk68\" target=\"_blank\" rel=\"noopener noreferrer\" data-saferedirecturl=\"https:\/\/www.google.com\/url?q=https:\/\/forms.gle\/55skpFJL85NQnZk68&amp;source=gmail&amp;ust=1633542829667000&amp;usg=AFQjCNFvejK76lkUoUVQKSnYiKQqgsvd1A\">https:\/\/forms.gle\/55skpFJL85NQnZk68<\/a><\/p>\n<p>Charla <strong>&#8220;Astrofotograf\u00eda y Resultados de Investigaciones&#8221;<\/strong>:\u00a0<strong>Jueves 14 de octubre a las 15:30hrs.<\/strong> Inscr\u00edbete aqu\u00ed: <a href=\"https:\/\/forms.gle\/NrVmijxXj3SFuDZ27\" target=\"_blank\" rel=\"noopener noreferrer\" data-saferedirecturl=\"https:\/\/www.google.com\/url?q=https:\/\/forms.gle\/NrVmijxXj3SFuDZ27&amp;source=gmail&amp;ust=1633542829667000&amp;usg=AFQjCNEpbTXGOj7GR0LLN89gqPWtfN81Ng\">https:\/\/forms.gle\/NrVmijxXj3SFuDZ27<\/a><\/p>\n<p>Late show <strong>&#8220;Ciencia y Cine de Superh\u00e9roes&#8221;<\/strong>: <strong>Martes 26 de octubre a las 18:30hrs. <\/strong>Inscr\u00edbete aqu\u00ed: <a href=\"https:\/\/forms.gle\/YfzGhrFpfWsN1VDYA\" target=\"_blank\" rel=\"noopener noreferrer\" data-saferedirecturl=\"https:\/\/www.google.com\/url?q=https:\/\/forms.gle\/YfzGhrFpfWsN1VDYA&amp;source=gmail&amp;ust=1633542829667000&amp;usg=AFQjCNFzShaoO2Psp60tmeAxBx5sUipkIQ\">https:\/\/forms.gle\/YfzGhrFpfWsN1VDYA<\/a><\/p>\n<p>Charla <strong>\u201cCambio Clim\u00e1tico y la Amenaza de Extinci\u00f3n de la Vida Marina Ant\u00e1rtica\u201d<\/strong>:<b>\u00a0Mi\u00e9rcoles 27 de octubre a las 19:00hrs.<\/b>\u00a0Inscr\u00edbete aqu\u00ed: <a href=\"https:\/\/forms.gle\/fJ3e5q9m5cTDcJfEA\" target=\"_blank\" rel=\"noopener noreferrer\" data-saferedirecturl=\"https:\/\/www.google.com\/url?q=https:\/\/forms.gle\/fJ3e5q9m5cTDcJfEA&amp;source=gmail&amp;ust=1633542829667000&amp;usg=AFQjCNFHi6BtKh5zRV85cexoUWBmtWWV3Q\">https:\/\/forms.gle\/fJ3e5q9m5cTDcJfEA<\/a><\/p>\n<p>Conversatorio <strong>&#8220;Conversemos sobre VIH \u00a1Elige Saber!&#8221;<\/strong>:\u00a0<strong>Jueves 28 de octubre a las 18:00hrs.<\/strong> Inscr\u00edbete aqu\u00ed: <a href=\"https:\/\/forms.gle\/c2h9PECEeaPXd37T8\" target=\"_blank\" rel=\"noopener noreferrer\" data-saferedirecturl=\"https:\/\/www.google.com\/url?q=https:\/\/forms.gle\/c2h9PECEeaPXd37T8&amp;source=gmail&amp;ust=1633542829667000&amp;usg=AFQjCNFqjkPrDZhmA-rv6yBTox3mXxYf4Q\">https:\/\/forms.gle\/c2h9PECEeaPXd37T8<\/a><\/p>\n","protected":false},"excerpt":{"rendered":"<p>Conoce toda la programaci\u00f3n de Ciencia Abierta en octubre aqu\u00ed: Conversatorio &#8220;Academia At\u00f3micas&#8221;: disminuyendo las brechas de g\u00e9nero en el \u00e1mbito de la ciencia. Jueves 07 de octubre a las 19:00hrs. Inscr\u00edbete aqu\u00ed: https:\/\/forms.gle\/arc4yc612tRHAYoRA Late Show &#8220;Los Peque\u00f1os Gigantes del Oc\u00e9ano&#8221;: Mi\u00e9rcoles 13 de octubre a las 18:00hrs. Inscr\u00edbete aqu\u00ed: https:\/\/forms.gle\/55skpFJL85NQnZk68 Charla &#8220;Astrofotograf\u00eda y Resultados [&hellip;]<\/p>\n","protected":false},"author":21,"featured_media":41794,"comment_status":"open","ping_status":"open","sticky":false,"template":"","format":"standard","meta":{"_acf_changed":false,"_exactmetrics_skip_tracking":false,"_exactmetrics_sitenote_active":false,"_exactmetrics_sitenote_note":"","_exactmetrics_sitenote_category":0,"footnotes":"","_links_to":"","_links_to_target":""},"categories":[1],"tags":[],"class_list":["post-41793","post","type-post","status-publish","format-standard","has-post-thumbnail","hentry","category-sin-categoria"],"acf":[],"yoast_head":"<!-- This site is optimized with the Yoast SEO plugin v26.7 - https:\/\/yoast.com\/wordpress\/plugins\/seo\/ -->\n<title>- Coquimbo<\/title>\n<meta name=\"robots\" content=\"index, follow, max-snippet:-1, max-image-preview:large, max-video-preview:-1\" \/>\n<link rel=\"canonical\" href=\"https:\/\/dev.explora.cl\/coquimbo\/41793-2\/\" class=\"yoast-seo-meta-tag\" \/>\n<meta property=\"og:locale\" content=\"es_ES\" class=\"yoast-seo-meta-tag\" \/>\n<meta property=\"og:type\" content=\"article\" class=\"yoast-seo-meta-tag\" \/>\n<meta property=\"og:title\" content=\"- Coquimbo\" class=\"yoast-seo-meta-tag\" \/>\n<meta property=\"og:description\" content=\"Conoce toda la programaci\u00f3n de Ciencia Abierta en octubre aqu\u00ed: Conversatorio &#8220;Academia At\u00f3micas&#8221;: disminuyendo las brechas de g\u00e9nero en el \u00e1mbito de la ciencia. Jueves 07 de octubre a las 19:00hrs. Inscr\u00edbete aqu\u00ed: https:\/\/forms.gle\/arc4yc612tRHAYoRA Late Show &#8220;Los Peque\u00f1os Gigantes del Oc\u00e9ano&#8221;: Mi\u00e9rcoles 13 de octubre a las 18:00hrs. Inscr\u00edbete aqu\u00ed: https:\/\/forms.gle\/55skpFJL85NQnZk68 Charla &#8220;Astrofotograf\u00eda y Resultados [&hellip;]\" class=\"yoast-seo-meta-tag\" \/>\n<meta property=\"og:url\" content=\"https:\/\/dev.explora.cl\/coquimbo\/41793-2\/\" class=\"yoast-seo-meta-tag\" \/>\n<meta property=\"og:site_name\" content=\"Coquimbo\" class=\"yoast-seo-meta-tag\" \/>\n<meta property=\"article:published_time\" content=\"2021-10-05T20:09:25+00:00\" class=\"yoast-seo-meta-tag\" \/>\n<meta property=\"article:modified_time\" content=\"2021-11-02T14:56:34+00:00\" class=\"yoast-seo-meta-tag\" \/>\n<meta property=\"og:image\" content=\"https:\/\/dev.explora.cl\/coquimbo\/wp-content\/uploads\/sites\/6\/2021\/10\/Programacion-OCT_Post04-07.jpg\" class=\"yoast-seo-meta-tag\" \/>\n\t<meta property=\"og:image:width\" content=\"1312\" class=\"yoast-seo-meta-tag\" \/>\n\t<meta property=\"og:image:height\" content=\"846\" class=\"yoast-seo-meta-tag\" \/>\n\t<meta property=\"og:image:type\" content=\"image\/jpeg\" class=\"yoast-seo-meta-tag\" \/>\n<meta name=\"author\" content=\"jimartin\" class=\"yoast-seo-meta-tag\" \/>\n<meta name=\"twitter:card\" content=\"summary_large_image\" class=\"yoast-seo-meta-tag\" \/>\n<meta name=\"twitter:label1\" content=\"Escrito por\" class=\"yoast-seo-meta-tag\" \/>\n\t<meta name=\"twitter:data1\" content=\"jimartin\" class=\"yoast-seo-meta-tag\" \/>\n\t<meta name=\"twitter:label2\" content=\"Tiempo estimado de lectura\" class=\"yoast-seo-meta-tag\" \/>\n\t<meta name=\"twitter:data2\" content=\"1 minuto\" class=\"yoast-seo-meta-tag\" \/>\n<script type=\"application\/ld+json\" class=\"yoast-schema-graph\">{\"@context\":\"https:\/\/schema.org\",\"@graph\":[{\"@type\":\"Article\",\"@id\":\"https:\/\/dev.explora.cl\/coquimbo\/41793-2\/#article\",\"isPartOf\":{\"@id\":\"https:\/\/dev.explora.cl\/coquimbo\/41793-2\/\"},\"author\":{\"name\":\"jimartin\",\"@id\":\"https:\/\/dev.explora.cl\/coquimbo\/#\/schema\/person\/c171f405669e4e4f7e56a099200d2fe6\"},\"headline\":\"Sin t\u00edtulo\",\"datePublished\":\"2021-10-05T20:09:25+00:00\",\"dateModified\":\"2021-11-02T14:56:34+00:00\",\"mainEntityOfPage\":{\"@id\":\"https:\/\/dev.explora.cl\/coquimbo\/41793-2\/\"},\"wordCount\":165,\"commentCount\":0,\"publisher\":{\"@id\":\"https:\/\/dev.explora.cl\/coquimbo\/#organization\"},\"image\":{\"@id\":\"https:\/\/dev.explora.cl\/coquimbo\/41793-2\/#primaryimage\"},\"thumbnailUrl\":\"https:\/\/dev.explora.cl\/coquimbo\/wp-content\/uploads\/sites\/6\/2021\/10\/Programacion-OCT_Post04-07.jpg\",\"inLanguage\":\"es-CL\",\"potentialAction\":[{\"@type\":\"CommentAction\",\"name\":\"Comment\",\"target\":[\"https:\/\/dev.explora.cl\/coquimbo\/41793-2\/#respond\"]}]},{\"@type\":\"WebPage\",\"@id\":\"https:\/\/dev.explora.cl\/coquimbo\/41793-2\/\",\"url\":\"https:\/\/dev.explora.cl\/coquimbo\/41793-2\/\",\"name\":\"- Coquimbo\",\"isPartOf\":{\"@id\":\"https:\/\/dev.explora.cl\/coquimbo\/#website\"},\"primaryImageOfPage\":{\"@id\":\"https:\/\/dev.explora.cl\/coquimbo\/41793-2\/#primaryimage\"},\"image\":{\"@id\":\"https:\/\/dev.explora.cl\/coquimbo\/41793-2\/#primaryimage\"},\"thumbnailUrl\":\"https:\/\/dev.explora.cl\/coquimbo\/wp-content\/uploads\/sites\/6\/2021\/10\/Programacion-OCT_Post04-07.jpg\",\"datePublished\":\"2021-10-05T20:09:25+00:00\",\"dateModified\":\"2021-11-02T14:56:34+00:00\",\"inLanguage\":\"es-CL\",\"potentialAction\":[{\"@type\":\"ReadAction\",\"target\":[\"https:\/\/dev.explora.cl\/coquimbo\/41793-2\/\"]}]},{\"@type\":\"ImageObject\",\"inLanguage\":\"es-CL\",\"@id\":\"https:\/\/dev.explora.cl\/coquimbo\/41793-2\/#primaryimage\",\"url\":\"https:\/\/dev.explora.cl\/coquimbo\/wp-content\/uploads\/sites\/6\/2021\/10\/Programacion-OCT_Post04-07.jpg\",\"contentUrl\":\"https:\/\/dev.explora.cl\/coquimbo\/wp-content\/uploads\/sites\/6\/2021\/10\/Programacion-OCT_Post04-07.jpg\",\"width\":1312,\"height\":846},{\"@type\":\"WebSite\",\"@id\":\"https:\/\/dev.explora.cl\/coquimbo\/#website\",\"url\":\"https:\/\/dev.explora.cl\/coquimbo\/\",\"name\":\"Coquimbo\",\"description\":\"Otro sitio m\u00e1s de dev.explora.cl\",\"publisher\":{\"@id\":\"https:\/\/dev.explora.cl\/coquimbo\/#organization\"},\"potentialAction\":[{\"@type\":\"SearchAction\",\"target\":{\"@type\":\"EntryPoint\",\"urlTemplate\":\"https:\/\/dev.explora.cl\/coquimbo\/?s={search_term_string}\"},\"query-input\":{\"@type\":\"PropertyValueSpecification\",\"valueRequired\":true,\"valueName\":\"search_term_string\"}}],\"inLanguage\":\"es-CL\"},{\"@type\":\"Organization\",\"@id\":\"https:\/\/dev.explora.cl\/coquimbo\/#organization\",\"name\":\"Coquimbo\",\"url\":\"https:\/\/dev.explora.cl\/coquimbo\/\",\"logo\":{\"@type\":\"ImageObject\",\"inLanguage\":\"es-CL\",\"@id\":\"https:\/\/dev.explora.cl\/coquimbo\/#\/schema\/logo\/image\/\",\"url\":\"https:\/\/dev.explora.cl\/coquimbo\/wp-content\/uploads\/sites\/6\/2020\/08\/cropped-Mesa-de-trabajo-1-100.jpg\",\"contentUrl\":\"https:\/\/dev.explora.cl\/coquimbo\/wp-content\/uploads\/sites\/6\/2020\/08\/cropped-Mesa-de-trabajo-1-100.jpg\",\"width\":615,\"height\":576,\"caption\":\"Coquimbo\"},\"image\":{\"@id\":\"https:\/\/dev.explora.cl\/coquimbo\/#\/schema\/logo\/image\/\"}},{\"@type\":\"Person\",\"@id\":\"https:\/\/dev.explora.cl\/coquimbo\/#\/schema\/person\/c171f405669e4e4f7e56a099200d2fe6\",\"name\":\"jimartin\",\"image\":{\"@type\":\"ImageObject\",\"inLanguage\":\"es-CL\",\"@id\":\"https:\/\/dev.explora.cl\/coquimbo\/#\/schema\/person\/image\/\",\"url\":\"https:\/\/secure.gravatar.com\/avatar\/8dfd7d14443934731a5aea629f40c1aceb42cc8b566a9926567e833c9d22b643?s=96&d=mm&r=g\",\"contentUrl\":\"https:\/\/secure.gravatar.com\/avatar\/8dfd7d14443934731a5aea629f40c1aceb42cc8b566a9926567e833c9d22b643?s=96&d=mm&r=g\",\"caption\":\"jimartin\"},\"url\":\"https:\/\/dev.explora.cl\/coquimbo\/author\/jimartin\/\"}]}<\/script>\n<!-- \/ Yoast SEO plugin. -->","yoast_head_json":{"title":"- Coquimbo","robots":{"index":"index","follow":"follow","max-snippet":"max-snippet:-1","max-image-preview":"max-image-preview:large","max-video-preview":"max-video-preview:-1"},"canonical":"https:\/\/dev.explora.cl\/coquimbo\/41793-2\/","og_locale":"es_ES","og_type":"article","og_title":"- Coquimbo","og_description":"Conoce toda la programaci\u00f3n de Ciencia Abierta en octubre aqu\u00ed: Conversatorio &#8220;Academia At\u00f3micas&#8221;: disminuyendo las brechas de g\u00e9nero en el \u00e1mbito de la ciencia. Jueves 07 de octubre a las 19:00hrs. Inscr\u00edbete aqu\u00ed: https:\/\/forms.gle\/arc4yc612tRHAYoRA Late Show &#8220;Los Peque\u00f1os Gigantes del Oc\u00e9ano&#8221;: Mi\u00e9rcoles 13 de octubre a las 18:00hrs. Inscr\u00edbete aqu\u00ed: https:\/\/forms.gle\/55skpFJL85NQnZk68 Charla &#8220;Astrofotograf\u00eda y Resultados [&hellip;]","og_url":"https:\/\/dev.explora.cl\/coquimbo\/41793-2\/","og_site_name":"Coquimbo","article_published_time":"2021-10-05T20:09:25+00:00","article_modified_time":"2021-11-02T14:56:34+00:00","og_image":[{"width":1312,"height":846,"url":"https:\/\/dev.explora.cl\/coquimbo\/wp-content\/uploads\/sites\/6\/2021\/10\/Programacion-OCT_Post04-07.jpg","type":"image\/jpeg"}],"author":"jimartin","twitter_card":"summary_large_image","twitter_misc":{"Escrito por":"jimartin","Tiempo estimado de lectura":"1 minuto"},"schema":{"@context":"https:\/\/schema.org","@graph":[{"@type":"Article","@id":"https:\/\/dev.explora.cl\/coquimbo\/41793-2\/#article","isPartOf":{"@id":"https:\/\/dev.explora.cl\/coquimbo\/41793-2\/"},"author":{"name":"jimartin","@id":"https:\/\/dev.explora.cl\/coquimbo\/#\/schema\/person\/c171f405669e4e4f7e56a099200d2fe6"},"headline":"Sin t\u00edtulo","datePublished":"2021-10-05T20:09:25+00:00","dateModified":"2021-11-02T14:56:34+00:00","mainEntityOfPage":{"@id":"https:\/\/dev.explora.cl\/coquimbo\/41793-2\/"},"wordCount":165,"commentCount":0,"publisher":{"@id":"https:\/\/dev.explora.cl\/coquimbo\/#organization"},"image":{"@id":"https:\/\/dev.explora.cl\/coquimbo\/41793-2\/#primaryimage"},"thumbnailUrl":"https:\/\/dev.explora.cl\/coquimbo\/wp-content\/uploads\/sites\/6\/2021\/10\/Programacion-OCT_Post04-07.jpg","inLanguage":"es-CL","potentialAction":[{"@type":"CommentAction","name":"Comment","target":["https:\/\/dev.explora.cl\/coquimbo\/41793-2\/#respond"]}]},{"@type":"WebPage","@id":"https:\/\/dev.explora.cl\/coquimbo\/41793-2\/","url":"https:\/\/dev.explora.cl\/coquimbo\/41793-2\/","name":"- Coquimbo","isPartOf":{"@id":"https:\/\/dev.explora.cl\/coquimbo\/#website"},"primaryImageOfPage":{"@id":"https:\/\/dev.explora.cl\/coquimbo\/41793-2\/#primaryimage"},"image":{"@id":"https:\/\/dev.explora.cl\/coquimbo\/41793-2\/#primaryimage"},"thumbnailUrl":"https:\/\/dev.explora.cl\/coquimbo\/wp-content\/uploads\/sites\/6\/2021\/10\/Programacion-OCT_Post04-07.jpg","datePublished":"2021-10-05T20:09:25+00:00","dateModified":"2021-11-02T14:56:34+00:00","inLanguage":"es-CL","potentialAction":[{"@type":"ReadAction","target":["https:\/\/dev.explora.cl\/coquimbo\/41793-2\/"]}]},{"@type":"ImageObject","inLanguage":"es-CL","@id":"https:\/\/dev.explora.cl\/coquimbo\/41793-2\/#primaryimage","url":"https:\/\/dev.explora.cl\/coquimbo\/wp-content\/uploads\/sites\/6\/2021\/10\/Programacion-OCT_Post04-07.jpg","contentUrl":"https:\/\/dev.explora.cl\/coquimbo\/wp-content\/uploads\/sites\/6\/2021\/10\/Programacion-OCT_Post04-07.jpg","width":1312,"height":846},{"@type":"WebSite","@id":"https:\/\/dev.explora.cl\/coquimbo\/#website","url":"https:\/\/dev.explora.cl\/coquimbo\/","name":"Coquimbo","description":"Otro sitio m\u00e1s de dev.explora.cl","publisher":{"@id":"https:\/\/dev.explora.cl\/coquimbo\/#organization"},"potentialAction":[{"@type":"SearchAction","target":{"@type":"EntryPoint","urlTemplate":"https:\/\/dev.explora.cl\/coquimbo\/?s={search_term_string}"},"query-input":{"@type":"PropertyValueSpecification","valueRequired":true,"valueName":"search_term_string"}}],"inLanguage":"es-CL"},{"@type":"Organization","@id":"https:\/\/dev.explora.cl\/coquimbo\/#organization","name":"Coquimbo","url":"https:\/\/dev.explora.cl\/coquimbo\/","logo":{"@type":"ImageObject","inLanguage":"es-CL","@id":"https:\/\/dev.explora.cl\/coquimbo\/#\/schema\/logo\/image\/","url":"https:\/\/dev.explora.cl\/coquimbo\/wp-content\/uploads\/sites\/6\/2020\/08\/cropped-Mesa-de-trabajo-1-100.jpg","contentUrl":"https:\/\/dev.explora.cl\/coquimbo\/wp-content\/uploads\/sites\/6\/2020\/08\/cropped-Mesa-de-trabajo-1-100.jpg","width":615,"height":576,"caption":"Coquimbo"},"image":{"@id":"https:\/\/dev.explora.cl\/coquimbo\/#\/schema\/logo\/image\/"}},{"@type":"Person","@id":"https:\/\/dev.explora.cl\/coquimbo\/#\/schema\/person\/c171f405669e4e4f7e56a099200d2fe6","name":"jimartin","image":{"@type":"ImageObject","inLanguage":"es-CL","@id":"https:\/\/dev.explora.cl\/coquimbo\/#\/schema\/person\/image\/","url":"https:\/\/secure.gravatar.com\/avatar\/8dfd7d14443934731a5aea629f40c1aceb42cc8b566a9926567e833c9d22b643?s=96&d=mm&r=g","contentUrl":"https:\/\/secure.gravatar.com\/avatar\/8dfd7d14443934731a5aea629f40c1aceb42cc8b566a9926567e833c9d22b643?s=96&d=mm&r=g","caption":"jimartin"},"url":"https:\/\/dev.explora.cl\/coquimbo\/author\/jimartin\/"}]}},"_links":{"self":[{"href":"https:\/\/dev.explora.cl\/coquimbo\/wp-json\/wp\/v2\/posts\/41793","targetHints":{"allow":["GET"]}}],"collection":[{"href":"https:\/\/dev.explora.cl\/coquimbo\/wp-json\/wp\/v2\/posts"}],"about":[{"href":"https:\/\/dev.explora.cl\/coquimbo\/wp-json\/wp\/v2\/types\/post"}],"author":[{"embeddable":true,"href":"https:\/\/dev.explora.cl\/coquimbo\/wp-json\/wp\/v2\/users\/21"}],"replies":[{"embeddable":true,"href":"https:\/\/dev.explora.cl\/coquimbo\/wp-json\/wp\/v2\/comments?post=41793"}],"version-history":[{"count":1,"href":"https:\/\/dev.explora.cl\/coquimbo\/wp-json\/wp\/v2\/posts\/41793\/revisions"}],"predecessor-version":[{"id":41795,"href":"https:\/\/dev.explora.cl\/coquimbo\/wp-json\/wp\/v2\/posts\/41793\/revisions\/41795"}],"wp:featuredmedia":[{"embeddable":true,"href":"https:\/\/dev.explora.cl\/coquimbo\/wp-json\/wp\/v2\/media\/41794"}],"wp:attachment":[{"href":"https:\/\/dev.explora.cl\/coquimbo\/wp-json\/wp\/v2\/media?parent=41793"}],"wp:term":[{"taxonomy":"category","embeddable":true,"href":"https:\/\/dev.explora.cl\/coquimbo\/wp-json\/wp\/v2\/categories?post=41793"},{"taxonomy":"post_tag","embeddable":true,"href":"https:\/\/dev.explora.cl\/coquimbo\/wp-json\/wp\/v2\/tags?post=41793"}],"curies":[{"name":"wp","href":"https:\/\/api.w.org\/{rel}","templated":true}]}}