{"id":41158,"date":"2020-12-23T11:02:35","date_gmt":"2020-12-23T14:02:35","guid":{"rendered":"https:\/\/dev.explora.cl\/coquimbo\/?p=41158"},"modified":"2020-12-29T17:11:23","modified_gmt":"2020-12-29T20:11:23","slug":"la-feria-choapa-deslumbro-a-la-comunidad-local-con-didacticos-e-innovadores-proyectos","status":"publish","type":"post","link":"https:\/\/dev.explora.cl\/coquimbo\/la-feria-choapa-deslumbro-a-la-comunidad-local-con-didacticos-e-innovadores-proyectos\/","title":{"rendered":"La Feria Choapa deslumbr\u00f3 a la comunidad local con did\u00e1cticos e innovadores proyectos"},"content":{"rendered":"<p style=\"text-align: justify\">El pasado martes 15 y mi\u00e9rcoles 16 de diciembre se llev\u00f3 a cabo la <strong>\u00faltima Feria Virtual Provincial Choapa 2020<\/strong>, en las que docentes, revisores y p\u00fablico presente tuvieron la oportunidad de conocer los interesantes proyectos de los alumnos que participaron de estas dos jornadas de sociabilizaci\u00f3n.<\/p>\n<p style=\"text-align: justify\">A pesar de que el mayor desaf\u00edo fue el problema de conectividad, los establecimientos que fueron parte de este encuentro lograron llevar a cabalidad las presentaciones de sus proyectos, adecu\u00e1ndose a estos tiempos en los que el uso de internet se ha masificado y ha servido como una herramienta fundamental para que docentes y estudiantes pudiesen investigar pese a toda dificultad de vivir en las zonas m\u00e1s rurales de la regi\u00f3n de Coquimbo.<\/p>\n<p style=\"text-align: justify\">Algunos de los interesantes trabajos fueron el de <strong>Agust\u00edn y Dominga del colegio San Francisco Javier de Los Vilos<\/strong> con su proyecto titulado<em>, \u201cQue el aceite no te resbale\u201d<\/em> en el que ofrecieron a su comunidad alternativas para aprovechar este recurso que utilizamos en casa y que se tiende a botar por lavaplatos. As\u00ed, de esta manera, se busc\u00f3 concientizar sobre la contaminaci\u00f3n que genera este aceite residual, esperando en un futuro hacer talleres para las personas de su localidad.<\/p>\n<p style=\"text-align: justify\">Por otra parte, otro de los trabajos fue el de <em>\u201cArte Ciencia en micorriza<\/em><strong>\u201d de las alumnas Camila y Khiara<\/strong> que nos compartieron otra perspectiva de ver la ciencia, y de como es su estrecha relaci\u00f3n con el arte ya que gracias a ello lograron mostrar mediante a sus obras y dibujos la variedad biodiversidad que existe en el Valle del Choapa, demostrando que existen otras formas de hacer ciencia e investigaci\u00f3n. En ese sentido, la profesora gu\u00eda <strong>Cileni Past\u00e9n<\/strong> destac\u00f3, \u201cahora la pandemia nos abri\u00f3 una posibilidad de poder trabajar, conocer y reconocer las aspiraciones de los estudiantes que nos ayuda a establecer nuevos v\u00ednculos de aprendizaje, no tan solo el rol de maestro-aprendiz, sino que el modelo de desarrollo personal\u201d.<\/p>\n<p style=\"text-align: justify\"><img loading=\"lazy\" decoding=\"async\" class=\"alignnone wp-image-41161 size-large\" src=\"https:\/\/dev.explora.cl\/coquimbo\/wp-content\/uploads\/sites\/6\/2020\/12\/Captura-de-pantalla-26-1024x576.png\" alt=\"\" width=\"1024\" height=\"576\" srcset=\"https:\/\/dev.explora.cl\/coquimbo\/wp-content\/uploads\/sites\/6\/2020\/12\/Captura-de-pantalla-26-1024x576.png 1024w, https:\/\/dev.explora.cl\/coquimbo\/wp-content\/uploads\/sites\/6\/2020\/12\/Captura-de-pantalla-26-300x169.png 300w, https:\/\/dev.explora.cl\/coquimbo\/wp-content\/uploads\/sites\/6\/2020\/12\/Captura-de-pantalla-26-768x432.png 768w, https:\/\/dev.explora.cl\/coquimbo\/wp-content\/uploads\/sites\/6\/2020\/12\/Captura-de-pantalla-26.png 1366w\" sizes=\"auto, (max-width: 1024px) 100vw, 1024px\" \/>Tambi\u00e9n, los alumnos del <strong>Liceo Nicol\u00e1s Federico Lohse<\/strong> y el proyecto titulado como <em>\u201cEn tiempo de pandemia y escasez h\u00eddrica cosecha tu agua atmosf\u00e9rica\u201d,<\/em> <strong>Aranxa y Mart\u00edn<\/strong> nos explicaron con una presentaci\u00f3n y desplante como aprovecharon el agua que cae en las canaletas de su establecimiento, de esta forma plantearon una nueva forma de obtener agua y aportar a esta sequia con nuevas estrategias que ayudan a nuestro planeta y as\u00ed a futuro compartir esos conocimientos con los habitantes de su comuna e invitarlos a seguir sus pasos.<\/p>\n<p style=\"text-align: justify\">Impresionantes y emotivas fueron las presentaciones de los chicos que cerraron estas Ferias Virtuales Provinciales 2020, en que a pesar de que las circunstancias no fueron las mismas que a\u00f1os anteriores, qued\u00f3 demostrado que esta pandemia no fue un impedimento para que todos pudieran participar de esta instancia educativa y cient\u00edfica para ni\u00f1os y ni\u00f1as de la regi\u00f3n. Tambi\u00e9n reconocer al rol de las familias de los participantes ya que fue fundamental pese a vivir en este constante terror e incertidumbre colectiva generada por el virus.<\/p>\n<p style=\"text-align: justify\"><strong>Nota por Valentina Pe\u00f1a Zambrano <\/strong><\/p>\n<p style=\"text-align: justify\">\n","protected":false},"excerpt":{"rendered":"<p>La Feria Choapa deslumbr\u00f3 a la comunidad local con did\u00e1cticos e innovadores proyectos<\/p>\n","protected":false},"author":21,"featured_media":41160,"comment_status":"open","ping_status":"open","sticky":false,"template":"","format":"standard","meta":{"_acf_changed":false,"_exactmetrics_skip_tracking":false,"_exactmetrics_sitenote_active":false,"_exactmetrics_sitenote_note":"","_exactmetrics_sitenote_category":0,"footnotes":"","_links_to":"","_links_to_target":""},"categories":[143],"tags":[],"class_list":["post-41158","post","type-post","status-publish","format-standard","has-post-thumbnail","hentry","category-lugar-8"],"acf":[],"yoast_head":"<!-- This site is optimized with the Yoast SEO plugin v26.7 - https:\/\/yoast.com\/wordpress\/plugins\/seo\/ -->\n<title>La Feria Choapa deslumbr\u00f3 a la comunidad local con did\u00e1cticos e innovadores proyectos - Coquimbo<\/title>\n<meta name=\"robots\" content=\"index, follow, max-snippet:-1, max-image-preview:large, max-video-preview:-1\" \/>\n<link rel=\"canonical\" href=\"https:\/\/dev.explora.cl\/coquimbo\/la-feria-choapa-deslumbro-a-la-comunidad-local-con-didacticos-e-innovadores-proyectos\/\" class=\"yoast-seo-meta-tag\" \/>\n<meta property=\"og:locale\" content=\"es_ES\" class=\"yoast-seo-meta-tag\" \/>\n<meta property=\"og:type\" content=\"article\" class=\"yoast-seo-meta-tag\" \/>\n<meta property=\"og:title\" content=\"La Feria Choapa deslumbr\u00f3 a la comunidad local con did\u00e1cticos e innovadores proyectos - Coquimbo\" class=\"yoast-seo-meta-tag\" \/>\n<meta property=\"og:description\" content=\"La Feria Choapa deslumbr\u00f3 a la comunidad local con did\u00e1cticos e innovadores proyectos\" class=\"yoast-seo-meta-tag\" \/>\n<meta property=\"og:url\" content=\"https:\/\/dev.explora.cl\/coquimbo\/la-feria-choapa-deslumbro-a-la-comunidad-local-con-didacticos-e-innovadores-proyectos\/\" class=\"yoast-seo-meta-tag\" \/>\n<meta property=\"og:site_name\" content=\"Coquimbo\" class=\"yoast-seo-meta-tag\" \/>\n<meta property=\"article:published_time\" content=\"2020-12-23T14:02:35+00:00\" class=\"yoast-seo-meta-tag\" \/>\n<meta property=\"article:modified_time\" content=\"2020-12-29T20:11:23+00:00\" class=\"yoast-seo-meta-tag\" \/>\n<meta property=\"og:image\" content=\"https:\/\/dev.explora.cl\/coquimbo\/wp-content\/uploads\/sites\/6\/2020\/12\/Captura-de-pantalla-22.png\" class=\"yoast-seo-meta-tag\" \/>\n\t<meta property=\"og:image:width\" content=\"1366\" class=\"yoast-seo-meta-tag\" \/>\n\t<meta property=\"og:image:height\" content=\"768\" class=\"yoast-seo-meta-tag\" \/>\n\t<meta property=\"og:image:type\" content=\"image\/png\" class=\"yoast-seo-meta-tag\" \/>\n<meta name=\"author\" content=\"jimartin\" class=\"yoast-seo-meta-tag\" \/>\n<meta name=\"twitter:card\" content=\"summary_large_image\" class=\"yoast-seo-meta-tag\" \/>\n<meta name=\"twitter:label1\" content=\"Escrito por\" class=\"yoast-seo-meta-tag\" \/>\n\t<meta name=\"twitter:data1\" content=\"jimartin\" class=\"yoast-seo-meta-tag\" \/>\n\t<meta name=\"twitter:label2\" content=\"Tiempo estimado de lectura\" class=\"yoast-seo-meta-tag\" \/>\n\t<meta name=\"twitter:data2\" content=\"3 minutos\" class=\"yoast-seo-meta-tag\" \/>\n<script type=\"application\/ld+json\" class=\"yoast-schema-graph\">{\"@context\":\"https:\/\/schema.org\",\"@graph\":[{\"@type\":\"Article\",\"@id\":\"https:\/\/dev.explora.cl\/coquimbo\/la-feria-choapa-deslumbro-a-la-comunidad-local-con-didacticos-e-innovadores-proyectos\/#article\",\"isPartOf\":{\"@id\":\"https:\/\/dev.explora.cl\/coquimbo\/la-feria-choapa-deslumbro-a-la-comunidad-local-con-didacticos-e-innovadores-proyectos\/\"},\"author\":{\"name\":\"jimartin\",\"@id\":\"https:\/\/dev.explora.cl\/coquimbo\/#\/schema\/person\/c171f405669e4e4f7e56a099200d2fe6\"},\"headline\":\"La Feria Choapa deslumbr\u00f3 a la comunidad local con did\u00e1cticos e innovadores proyectos\",\"datePublished\":\"2020-12-23T14:02:35+00:00\",\"dateModified\":\"2020-12-29T20:11:23+00:00\",\"mainEntityOfPage\":{\"@id\":\"https:\/\/dev.explora.cl\/coquimbo\/la-feria-choapa-deslumbro-a-la-comunidad-local-con-didacticos-e-innovadores-proyectos\/\"},\"wordCount\":538,\"commentCount\":0,\"publisher\":{\"@id\":\"https:\/\/dev.explora.cl\/coquimbo\/#organization\"},\"image\":{\"@id\":\"https:\/\/dev.explora.cl\/coquimbo\/la-feria-choapa-deslumbro-a-la-comunidad-local-con-didacticos-e-innovadores-proyectos\/#primaryimage\"},\"thumbnailUrl\":\"https:\/\/dev.explora.cl\/coquimbo\/wp-content\/uploads\/sites\/6\/2020\/12\/Captura-de-pantalla-22.png\",\"articleSection\":[\"Lugar 8\"],\"inLanguage\":\"es-CL\",\"potentialAction\":[{\"@type\":\"CommentAction\",\"name\":\"Comment\",\"target\":[\"https:\/\/dev.explora.cl\/coquimbo\/la-feria-choapa-deslumbro-a-la-comunidad-local-con-didacticos-e-innovadores-proyectos\/#respond\"]}]},{\"@type\":\"WebPage\",\"@id\":\"https:\/\/dev.explora.cl\/coquimbo\/la-feria-choapa-deslumbro-a-la-comunidad-local-con-didacticos-e-innovadores-proyectos\/\",\"url\":\"https:\/\/dev.explora.cl\/coquimbo\/la-feria-choapa-deslumbro-a-la-comunidad-local-con-didacticos-e-innovadores-proyectos\/\",\"name\":\"La Feria Choapa deslumbr\u00f3 a la comunidad local con did\u00e1cticos e innovadores proyectos - Coquimbo\",\"isPartOf\":{\"@id\":\"https:\/\/dev.explora.cl\/coquimbo\/#website\"},\"primaryImageOfPage\":{\"@id\":\"https:\/\/dev.explora.cl\/coquimbo\/la-feria-choapa-deslumbro-a-la-comunidad-local-con-didacticos-e-innovadores-proyectos\/#primaryimage\"},\"image\":{\"@id\":\"https:\/\/dev.explora.cl\/coquimbo\/la-feria-choapa-deslumbro-a-la-comunidad-local-con-didacticos-e-innovadores-proyectos\/#primaryimage\"},\"thumbnailUrl\":\"https:\/\/dev.explora.cl\/coquimbo\/wp-content\/uploads\/sites\/6\/2020\/12\/Captura-de-pantalla-22.png\",\"datePublished\":\"2020-12-23T14:02:35+00:00\",\"dateModified\":\"2020-12-29T20:11:23+00:00\",\"breadcrumb\":{\"@id\":\"https:\/\/dev.explora.cl\/coquimbo\/la-feria-choapa-deslumbro-a-la-comunidad-local-con-didacticos-e-innovadores-proyectos\/#breadcrumb\"},\"inLanguage\":\"es-CL\",\"potentialAction\":[{\"@type\":\"ReadAction\",\"target\":[\"https:\/\/dev.explora.cl\/coquimbo\/la-feria-choapa-deslumbro-a-la-comunidad-local-con-didacticos-e-innovadores-proyectos\/\"]}]},{\"@type\":\"ImageObject\",\"inLanguage\":\"es-CL\",\"@id\":\"https:\/\/dev.explora.cl\/coquimbo\/la-feria-choapa-deslumbro-a-la-comunidad-local-con-didacticos-e-innovadores-proyectos\/#primaryimage\",\"url\":\"https:\/\/dev.explora.cl\/coquimbo\/wp-content\/uploads\/sites\/6\/2020\/12\/Captura-de-pantalla-22.png\",\"contentUrl\":\"https:\/\/dev.explora.cl\/coquimbo\/wp-content\/uploads\/sites\/6\/2020\/12\/Captura-de-pantalla-22.png\",\"width\":1366,\"height\":768},{\"@type\":\"BreadcrumbList\",\"@id\":\"https:\/\/dev.explora.cl\/coquimbo\/la-feria-choapa-deslumbro-a-la-comunidad-local-con-didacticos-e-innovadores-proyectos\/#breadcrumb\",\"itemListElement\":[{\"@type\":\"ListItem\",\"position\":1,\"name\":\"Portada\",\"item\":\"https:\/\/dev.explora.cl\/coquimbo\/\"},{\"@type\":\"ListItem\",\"position\":2,\"name\":\"La Feria Choapa deslumbr\u00f3 a la comunidad local con did\u00e1cticos e innovadores proyectos\"}]},{\"@type\":\"WebSite\",\"@id\":\"https:\/\/dev.explora.cl\/coquimbo\/#website\",\"url\":\"https:\/\/dev.explora.cl\/coquimbo\/\",\"name\":\"Coquimbo\",\"description\":\"Otro sitio m\u00e1s de dev.explora.cl\",\"publisher\":{\"@id\":\"https:\/\/dev.explora.cl\/coquimbo\/#organization\"},\"potentialAction\":[{\"@type\":\"SearchAction\",\"target\":{\"@type\":\"EntryPoint\",\"urlTemplate\":\"https:\/\/dev.explora.cl\/coquimbo\/?s={search_term_string}\"},\"query-input\":{\"@type\":\"PropertyValueSpecification\",\"valueRequired\":true,\"valueName\":\"search_term_string\"}}],\"inLanguage\":\"es-CL\"},{\"@type\":\"Organization\",\"@id\":\"https:\/\/dev.explora.cl\/coquimbo\/#organization\",\"name\":\"Coquimbo\",\"url\":\"https:\/\/dev.explora.cl\/coquimbo\/\",\"logo\":{\"@type\":\"ImageObject\",\"inLanguage\":\"es-CL\",\"@id\":\"https:\/\/dev.explora.cl\/coquimbo\/#\/schema\/logo\/image\/\",\"url\":\"https:\/\/dev.explora.cl\/coquimbo\/wp-content\/uploads\/sites\/6\/2020\/08\/cropped-Mesa-de-trabajo-1-100.jpg\",\"contentUrl\":\"https:\/\/dev.explora.cl\/coquimbo\/wp-content\/uploads\/sites\/6\/2020\/08\/cropped-Mesa-de-trabajo-1-100.jpg\",\"width\":615,\"height\":576,\"caption\":\"Coquimbo\"},\"image\":{\"@id\":\"https:\/\/dev.explora.cl\/coquimbo\/#\/schema\/logo\/image\/\"}},{\"@type\":\"Person\",\"@id\":\"https:\/\/dev.explora.cl\/coquimbo\/#\/schema\/person\/c171f405669e4e4f7e56a099200d2fe6\",\"name\":\"jimartin\",\"image\":{\"@type\":\"ImageObject\",\"inLanguage\":\"es-CL\",\"@id\":\"https:\/\/dev.explora.cl\/coquimbo\/#\/schema\/person\/image\/\",\"url\":\"https:\/\/secure.gravatar.com\/avatar\/8dfd7d14443934731a5aea629f40c1aceb42cc8b566a9926567e833c9d22b643?s=96&d=mm&r=g\",\"contentUrl\":\"https:\/\/secure.gravatar.com\/avatar\/8dfd7d14443934731a5aea629f40c1aceb42cc8b566a9926567e833c9d22b643?s=96&d=mm&r=g\",\"caption\":\"jimartin\"},\"url\":\"https:\/\/dev.explora.cl\/coquimbo\/author\/jimartin\/\"}]}<\/script>\n<!-- \/ Yoast SEO plugin. -->","yoast_head_json":{"title":"La Feria Choapa deslumbr\u00f3 a la comunidad local con did\u00e1cticos e innovadores proyectos - Coquimbo","robots":{"index":"index","follow":"follow","max-snippet":"max-snippet:-1","max-image-preview":"max-image-preview:large","max-video-preview":"max-video-preview:-1"},"canonical":"https:\/\/dev.explora.cl\/coquimbo\/la-feria-choapa-deslumbro-a-la-comunidad-local-con-didacticos-e-innovadores-proyectos\/","og_locale":"es_ES","og_type":"article","og_title":"La Feria Choapa deslumbr\u00f3 a la comunidad local con did\u00e1cticos e innovadores proyectos - Coquimbo","og_description":"La Feria Choapa deslumbr\u00f3 a la comunidad local con did\u00e1cticos e innovadores proyectos","og_url":"https:\/\/dev.explora.cl\/coquimbo\/la-feria-choapa-deslumbro-a-la-comunidad-local-con-didacticos-e-innovadores-proyectos\/","og_site_name":"Coquimbo","article_published_time":"2020-12-23T14:02:35+00:00","article_modified_time":"2020-12-29T20:11:23+00:00","og_image":[{"width":1366,"height":768,"url":"https:\/\/dev.explora.cl\/coquimbo\/wp-content\/uploads\/sites\/6\/2020\/12\/Captura-de-pantalla-22.png","type":"image\/png"}],"author":"jimartin","twitter_card":"summary_large_image","twitter_misc":{"Escrito por":"jimartin","Tiempo estimado de lectura":"3 minutos"},"schema":{"@context":"https:\/\/schema.org","@graph":[{"@type":"Article","@id":"https:\/\/dev.explora.cl\/coquimbo\/la-feria-choapa-deslumbro-a-la-comunidad-local-con-didacticos-e-innovadores-proyectos\/#article","isPartOf":{"@id":"https:\/\/dev.explora.cl\/coquimbo\/la-feria-choapa-deslumbro-a-la-comunidad-local-con-didacticos-e-innovadores-proyectos\/"},"author":{"name":"jimartin","@id":"https:\/\/dev.explora.cl\/coquimbo\/#\/schema\/person\/c171f405669e4e4f7e56a099200d2fe6"},"headline":"La Feria Choapa deslumbr\u00f3 a la comunidad local con did\u00e1cticos e innovadores proyectos","datePublished":"2020-12-23T14:02:35+00:00","dateModified":"2020-12-29T20:11:23+00:00","mainEntityOfPage":{"@id":"https:\/\/dev.explora.cl\/coquimbo\/la-feria-choapa-deslumbro-a-la-comunidad-local-con-didacticos-e-innovadores-proyectos\/"},"wordCount":538,"commentCount":0,"publisher":{"@id":"https:\/\/dev.explora.cl\/coquimbo\/#organization"},"image":{"@id":"https:\/\/dev.explora.cl\/coquimbo\/la-feria-choapa-deslumbro-a-la-comunidad-local-con-didacticos-e-innovadores-proyectos\/#primaryimage"},"thumbnailUrl":"https:\/\/dev.explora.cl\/coquimbo\/wp-content\/uploads\/sites\/6\/2020\/12\/Captura-de-pantalla-22.png","articleSection":["Lugar 8"],"inLanguage":"es-CL","potentialAction":[{"@type":"CommentAction","name":"Comment","target":["https:\/\/dev.explora.cl\/coquimbo\/la-feria-choapa-deslumbro-a-la-comunidad-local-con-didacticos-e-innovadores-proyectos\/#respond"]}]},{"@type":"WebPage","@id":"https:\/\/dev.explora.cl\/coquimbo\/la-feria-choapa-deslumbro-a-la-comunidad-local-con-didacticos-e-innovadores-proyectos\/","url":"https:\/\/dev.explora.cl\/coquimbo\/la-feria-choapa-deslumbro-a-la-comunidad-local-con-didacticos-e-innovadores-proyectos\/","name":"La Feria Choapa deslumbr\u00f3 a la comunidad local con did\u00e1cticos e innovadores proyectos - Coquimbo","isPartOf":{"@id":"https:\/\/dev.explora.cl\/coquimbo\/#website"},"primaryImageOfPage":{"@id":"https:\/\/dev.explora.cl\/coquimbo\/la-feria-choapa-deslumbro-a-la-comunidad-local-con-didacticos-e-innovadores-proyectos\/#primaryimage"},"image":{"@id":"https:\/\/dev.explora.cl\/coquimbo\/la-feria-choapa-deslumbro-a-la-comunidad-local-con-didacticos-e-innovadores-proyectos\/#primaryimage"},"thumbnailUrl":"https:\/\/dev.explora.cl\/coquimbo\/wp-content\/uploads\/sites\/6\/2020\/12\/Captura-de-pantalla-22.png","datePublished":"2020-12-23T14:02:35+00:00","dateModified":"2020-12-29T20:11:23+00:00","breadcrumb":{"@id":"https:\/\/dev.explora.cl\/coquimbo\/la-feria-choapa-deslumbro-a-la-comunidad-local-con-didacticos-e-innovadores-proyectos\/#breadcrumb"},"inLanguage":"es-CL","potentialAction":[{"@type":"ReadAction","target":["https:\/\/dev.explora.cl\/coquimbo\/la-feria-choapa-deslumbro-a-la-comunidad-local-con-didacticos-e-innovadores-proyectos\/"]}]},{"@type":"ImageObject","inLanguage":"es-CL","@id":"https:\/\/dev.explora.cl\/coquimbo\/la-feria-choapa-deslumbro-a-la-comunidad-local-con-didacticos-e-innovadores-proyectos\/#primaryimage","url":"https:\/\/dev.explora.cl\/coquimbo\/wp-content\/uploads\/sites\/6\/2020\/12\/Captura-de-pantalla-22.png","contentUrl":"https:\/\/dev.explora.cl\/coquimbo\/wp-content\/uploads\/sites\/6\/2020\/12\/Captura-de-pantalla-22.png","width":1366,"height":768},{"@type":"BreadcrumbList","@id":"https:\/\/dev.explora.cl\/coquimbo\/la-feria-choapa-deslumbro-a-la-comunidad-local-con-didacticos-e-innovadores-proyectos\/#breadcrumb","itemListElement":[{"@type":"ListItem","position":1,"name":"Portada","item":"https:\/\/dev.explora.cl\/coquimbo\/"},{"@type":"ListItem","position":2,"name":"La Feria Choapa deslumbr\u00f3 a la comunidad local con did\u00e1cticos e innovadores proyectos"}]},{"@type":"WebSite","@id":"https:\/\/dev.explora.cl\/coquimbo\/#website","url":"https:\/\/dev.explora.cl\/coquimbo\/","name":"Coquimbo","description":"Otro sitio m\u00e1s de dev.explora.cl","publisher":{"@id":"https:\/\/dev.explora.cl\/coquimbo\/#organization"},"potentialAction":[{"@type":"SearchAction","target":{"@type":"EntryPoint","urlTemplate":"https:\/\/dev.explora.cl\/coquimbo\/?s={search_term_string}"},"query-input":{"@type":"PropertyValueSpecification","valueRequired":true,"valueName":"search_term_string"}}],"inLanguage":"es-CL"},{"@type":"Organization","@id":"https:\/\/dev.explora.cl\/coquimbo\/#organization","name":"Coquimbo","url":"https:\/\/dev.explora.cl\/coquimbo\/","logo":{"@type":"ImageObject","inLanguage":"es-CL","@id":"https:\/\/dev.explora.cl\/coquimbo\/#\/schema\/logo\/image\/","url":"https:\/\/dev.explora.cl\/coquimbo\/wp-content\/uploads\/sites\/6\/2020\/08\/cropped-Mesa-de-trabajo-1-100.jpg","contentUrl":"https:\/\/dev.explora.cl\/coquimbo\/wp-content\/uploads\/sites\/6\/2020\/08\/cropped-Mesa-de-trabajo-1-100.jpg","width":615,"height":576,"caption":"Coquimbo"},"image":{"@id":"https:\/\/dev.explora.cl\/coquimbo\/#\/schema\/logo\/image\/"}},{"@type":"Person","@id":"https:\/\/dev.explora.cl\/coquimbo\/#\/schema\/person\/c171f405669e4e4f7e56a099200d2fe6","name":"jimartin","image":{"@type":"ImageObject","inLanguage":"es-CL","@id":"https:\/\/dev.explora.cl\/coquimbo\/#\/schema\/person\/image\/","url":"https:\/\/secure.gravatar.com\/avatar\/8dfd7d14443934731a5aea629f40c1aceb42cc8b566a9926567e833c9d22b643?s=96&d=mm&r=g","contentUrl":"https:\/\/secure.gravatar.com\/avatar\/8dfd7d14443934731a5aea629f40c1aceb42cc8b566a9926567e833c9d22b643?s=96&d=mm&r=g","caption":"jimartin"},"url":"https:\/\/dev.explora.cl\/coquimbo\/author\/jimartin\/"}]}},"_links":{"self":[{"href":"https:\/\/dev.explora.cl\/coquimbo\/wp-json\/wp\/v2\/posts\/41158","targetHints":{"allow":["GET"]}}],"collection":[{"href":"https:\/\/dev.explora.cl\/coquimbo\/wp-json\/wp\/v2\/posts"}],"about":[{"href":"https:\/\/dev.explora.cl\/coquimbo\/wp-json\/wp\/v2\/types\/post"}],"author":[{"embeddable":true,"href":"https:\/\/dev.explora.cl\/coquimbo\/wp-json\/wp\/v2\/users\/21"}],"replies":[{"embeddable":true,"href":"https:\/\/dev.explora.cl\/coquimbo\/wp-json\/wp\/v2\/comments?post=41158"}],"version-history":[{"count":1,"href":"https:\/\/dev.explora.cl\/coquimbo\/wp-json\/wp\/v2\/posts\/41158\/revisions"}],"predecessor-version":[{"id":41162,"href":"https:\/\/dev.explora.cl\/coquimbo\/wp-json\/wp\/v2\/posts\/41158\/revisions\/41162"}],"wp:featuredmedia":[{"embeddable":true,"href":"https:\/\/dev.explora.cl\/coquimbo\/wp-json\/wp\/v2\/media\/41160"}],"wp:attachment":[{"href":"https:\/\/dev.explora.cl\/coquimbo\/wp-json\/wp\/v2\/media?parent=41158"}],"wp:term":[{"taxonomy":"category","embeddable":true,"href":"https:\/\/dev.explora.cl\/coquimbo\/wp-json\/wp\/v2\/categories?post=41158"},{"taxonomy":"post_tag","embeddable":true,"href":"https:\/\/dev.explora.cl\/coquimbo\/wp-json\/wp\/v2\/tags?post=41158"}],"curies":[{"name":"wp","href":"https:\/\/api.w.org\/{rel}","templated":true}]}}