{"id":40819,"date":"2020-09-28T08:42:14","date_gmt":"2020-09-28T11:42:14","guid":{"rendered":"https:\/\/dev.explora.cl\/coquimbo\/?p=40819"},"modified":"2020-10-06T12:44:21","modified_gmt":"2020-10-06T15:44:21","slug":"los-vilos-disfrutara-de-una-semana-de-ciencia-y-tecnologia-con-los-semilleros-de-divulgacion","status":"publish","type":"post","link":"https:\/\/dev.explora.cl\/coquimbo\/los-vilos-disfrutara-de-una-semana-de-ciencia-y-tecnologia-con-los-semilleros-de-divulgacion\/","title":{"rendered":"Los Vilos disfrutar\u00e1 de una semana de ciencia y tecnolog\u00eda con los \u201cSemilleros de Divulgaci\u00f3n\u201d"},"content":{"rendered":"<p style=\"text-align: justify\"><strong>Evento se transmitir\u00e1 de forma \u00edntegra por las redes sociales del Proyecto Explora Coquimbo.<\/strong><\/p>\n<p style=\"text-align: justify\">Como una forma de acercar la ciencia a toda la comunidad, en especial, a los habitantes de Los Vilos, el Proyecto Explora Coquimbo del Ministerio de Ciencia, y que es ejecutado por la Universidad Cat\u00f3lica del Norte, realizar\u00e1 a contar de este martes 29 de septiembre el Semillero de Divulgaci\u00f3n Cient\u00edfica, evento que durante una semana propiciar\u00e1 encuentros entre la poblaci\u00f3n y as\u00ed conocer c\u00f3mo la comunidad incluye en su vida la investigaci\u00f3n y la experimentaci\u00f3n.<\/p>\n<p style=\"text-align: justify\">Tal como explica el <strong>director del Proyecto, Sergio Gonz\u00e1le<\/strong>z, esta iniciativa busca sumar gente a un ecosistema de divulgaci\u00f3n y \u201csembrar la semilla del inter\u00e9s por la ciencia en la sociedad en general, en los integrantes de una comunidad local, en un espacio geogr\u00e1fico determinado\u201d, realizando diversas actividades propuestas por la misma comunidad.<\/p>\n<p style=\"text-align: justify\">En charlas y conversatorios que se desarrollar\u00e1n en vivo, como tambi\u00e9n en modalidad grabada, tanto estudiantes, docentes, cient\u00edficos, y due\u00f1as de casas, nos contar\u00e1n c\u00f3mo incluyen la ciencia en su d\u00eda a d\u00eda. En este encuentro, se podr\u00e1 aprender sobre la preparaci\u00f3n de mermeladas y conservas artesanales con materia prima org\u00e1nica, el desarrollo de conciencia medioambiental en la escuela, la filosof\u00eda de la ciencia y c\u00f3mo se ha incorporado esta \u00e1rea en la vida diaria de los expositores y expositoras, adem\u00e1s de otras experiencias con la disciplina.<\/p>\n<p style=\"text-align: justify\">Semilleros de Divulgaci\u00f3n es un evento que se realizar\u00e1 en cinco comunas de la Regi\u00f3n, y que ya tuvo su primera edici\u00f3n en Vicu\u00f1a, con cerca de 10 mil reproducciones en las cinco jornadas desarrolladas. \u00a0Esta iniciativa tiene la particularidad que son eventos co-dise\u00f1ados por docentes de establecimientos educacionales de dichas zonas; en Los Vilos, la actividad se ha organizado en conjunto con la profesora <strong>Ver\u00f3nica Espinoza, docente del Liceo Nicol\u00e1s Federico Lohse Vargas.<\/strong><\/p>\n<p style=\"text-align: justify\">Luego de esta experiencia, se desarrollar\u00e1n encuentros en Monte Patria, Salamanca y Paihuano, todas en un formato online, en alianza con docentes y medios de comunicaci\u00f3n de las comunas nombradas.<\/p>\n<p style=\"text-align: justify\">Siga todas las alternativas de este encuentro en el <a href=\"https:\/\/www.facebook.com\/explora.coquimbo\/\"><strong>Facebook @explora.coquimbo<\/strong><\/a> y puede conocer el detalle del programa y horarios ac\u00e1:\u00a0<a href=\"https:\/\/dev.explora.cl\/coquimbo\/wp-content\/uploads\/sites\/6\/2020\/09\/Programa-Semillero-Los-Vilos.pdf\">Programa Semillero &#8211; Los Vilos<\/a><\/p>\n<p>&nbsp;<\/p>\n<p>&nbsp;<\/p>\n","protected":false},"excerpt":{"rendered":"<p>Los Vilos disfrutar\u00e1 de una semana de ciencia y tecnolog\u00eda con los \u201cSemilleros de Divulgaci\u00f3n\u201d<\/p>\n","protected":false},"author":21,"featured_media":40820,"comment_status":"open","ping_status":"open","sticky":false,"template":"","format":"standard","meta":{"_acf_changed":false,"_exactmetrics_skip_tracking":false,"_exactmetrics_sitenote_active":false,"_exactmetrics_sitenote_note":"","_exactmetrics_sitenote_category":0,"footnotes":"","_links_to":"","_links_to_target":""},"categories":[1],"tags":[379],"class_list":["post-40819","post","type-post","status-publish","format-standard","has-post-thumbnail","hentry","category-sin-categoria","tag-semilleros-de-divulgacion"],"acf":[],"yoast_head":"<!-- This site is optimized with the Yoast SEO plugin v26.7 - https:\/\/yoast.com\/wordpress\/plugins\/seo\/ -->\n<title>Los Vilos disfrutar\u00e1 de una semana de ciencia y tecnolog\u00eda con los \u201cSemilleros de Divulgaci\u00f3n\u201d - Coquimbo<\/title>\n<meta name=\"robots\" content=\"index, follow, max-snippet:-1, max-image-preview:large, max-video-preview:-1\" \/>\n<link rel=\"canonical\" href=\"https:\/\/dev.explora.cl\/coquimbo\/los-vilos-disfrutara-de-una-semana-de-ciencia-y-tecnologia-con-los-semilleros-de-divulgacion\/\" class=\"yoast-seo-meta-tag\" \/>\n<meta property=\"og:locale\" content=\"es_ES\" class=\"yoast-seo-meta-tag\" \/>\n<meta property=\"og:type\" content=\"article\" class=\"yoast-seo-meta-tag\" \/>\n<meta property=\"og:title\" content=\"Los Vilos disfrutar\u00e1 de una semana de ciencia y tecnolog\u00eda con los \u201cSemilleros de Divulgaci\u00f3n\u201d - Coquimbo\" class=\"yoast-seo-meta-tag\" \/>\n<meta property=\"og:description\" content=\"Los Vilos disfrutar\u00e1 de una semana de ciencia y tecnolog\u00eda con los \u201cSemilleros de Divulgaci\u00f3n\u201d\" class=\"yoast-seo-meta-tag\" \/>\n<meta property=\"og:url\" content=\"https:\/\/dev.explora.cl\/coquimbo\/los-vilos-disfrutara-de-una-semana-de-ciencia-y-tecnologia-con-los-semilleros-de-divulgacion\/\" class=\"yoast-seo-meta-tag\" \/>\n<meta property=\"og:site_name\" content=\"Coquimbo\" class=\"yoast-seo-meta-tag\" \/>\n<meta property=\"article:published_time\" content=\"2020-09-28T11:42:14+00:00\" class=\"yoast-seo-meta-tag\" \/>\n<meta property=\"article:modified_time\" content=\"2020-10-06T15:44:21+00:00\" class=\"yoast-seo-meta-tag\" \/>\n<meta property=\"og:image\" content=\"https:\/\/dev.explora.cl\/coquimbo\/wp-content\/uploads\/sites\/6\/2020\/09\/RRSS-CONSULTA-CHARLAS-ONLINE-Los-Vilos-06.jpg\" class=\"yoast-seo-meta-tag\" \/>\n\t<meta property=\"og:image:width\" content=\"1008\" class=\"yoast-seo-meta-tag\" \/>\n\t<meta property=\"og:image:height\" content=\"646\" class=\"yoast-seo-meta-tag\" \/>\n\t<meta property=\"og:image:type\" content=\"image\/jpeg\" class=\"yoast-seo-meta-tag\" \/>\n<meta name=\"author\" content=\"jimartin\" class=\"yoast-seo-meta-tag\" \/>\n<meta name=\"twitter:card\" content=\"summary_large_image\" class=\"yoast-seo-meta-tag\" \/>\n<meta name=\"twitter:label1\" content=\"Escrito por\" class=\"yoast-seo-meta-tag\" \/>\n\t<meta name=\"twitter:data1\" content=\"jimartin\" class=\"yoast-seo-meta-tag\" \/>\n\t<meta name=\"twitter:label2\" content=\"Tiempo estimado de lectura\" class=\"yoast-seo-meta-tag\" \/>\n\t<meta name=\"twitter:data2\" content=\"2 minutos\" class=\"yoast-seo-meta-tag\" \/>\n<script type=\"application\/ld+json\" class=\"yoast-schema-graph\">{\"@context\":\"https:\/\/schema.org\",\"@graph\":[{\"@type\":\"Article\",\"@id\":\"https:\/\/dev.explora.cl\/coquimbo\/los-vilos-disfrutara-de-una-semana-de-ciencia-y-tecnologia-con-los-semilleros-de-divulgacion\/#article\",\"isPartOf\":{\"@id\":\"https:\/\/dev.explora.cl\/coquimbo\/los-vilos-disfrutara-de-una-semana-de-ciencia-y-tecnologia-con-los-semilleros-de-divulgacion\/\"},\"author\":{\"name\":\"jimartin\",\"@id\":\"https:\/\/dev.explora.cl\/coquimbo\/#\/schema\/person\/c171f405669e4e4f7e56a099200d2fe6\"},\"headline\":\"Los Vilos disfrutar\u00e1 de una semana de ciencia y tecnolog\u00eda con los \u201cSemilleros de Divulgaci\u00f3n\u201d\",\"datePublished\":\"2020-09-28T11:42:14+00:00\",\"dateModified\":\"2020-10-06T15:44:21+00:00\",\"mainEntityOfPage\":{\"@id\":\"https:\/\/dev.explora.cl\/coquimbo\/los-vilos-disfrutara-de-una-semana-de-ciencia-y-tecnologia-con-los-semilleros-de-divulgacion\/\"},\"wordCount\":411,\"commentCount\":0,\"publisher\":{\"@id\":\"https:\/\/dev.explora.cl\/coquimbo\/#organization\"},\"image\":{\"@id\":\"https:\/\/dev.explora.cl\/coquimbo\/los-vilos-disfrutara-de-una-semana-de-ciencia-y-tecnologia-con-los-semilleros-de-divulgacion\/#primaryimage\"},\"thumbnailUrl\":\"https:\/\/dev.explora.cl\/coquimbo\/wp-content\/uploads\/sites\/6\/2020\/09\/RRSS-CONSULTA-CHARLAS-ONLINE-Los-Vilos-06.jpg\",\"keywords\":[\"Semilleros de Divulgaci\u00f3n\"],\"inLanguage\":\"es-CL\",\"potentialAction\":[{\"@type\":\"CommentAction\",\"name\":\"Comment\",\"target\":[\"https:\/\/dev.explora.cl\/coquimbo\/los-vilos-disfrutara-de-una-semana-de-ciencia-y-tecnologia-con-los-semilleros-de-divulgacion\/#respond\"]}]},{\"@type\":\"WebPage\",\"@id\":\"https:\/\/dev.explora.cl\/coquimbo\/los-vilos-disfrutara-de-una-semana-de-ciencia-y-tecnologia-con-los-semilleros-de-divulgacion\/\",\"url\":\"https:\/\/dev.explora.cl\/coquimbo\/los-vilos-disfrutara-de-una-semana-de-ciencia-y-tecnologia-con-los-semilleros-de-divulgacion\/\",\"name\":\"Los Vilos disfrutar\u00e1 de una semana de ciencia y tecnolog\u00eda con los \u201cSemilleros de Divulgaci\u00f3n\u201d - Coquimbo\",\"isPartOf\":{\"@id\":\"https:\/\/dev.explora.cl\/coquimbo\/#website\"},\"primaryImageOfPage\":{\"@id\":\"https:\/\/dev.explora.cl\/coquimbo\/los-vilos-disfrutara-de-una-semana-de-ciencia-y-tecnologia-con-los-semilleros-de-divulgacion\/#primaryimage\"},\"image\":{\"@id\":\"https:\/\/dev.explora.cl\/coquimbo\/los-vilos-disfrutara-de-una-semana-de-ciencia-y-tecnologia-con-los-semilleros-de-divulgacion\/#primaryimage\"},\"thumbnailUrl\":\"https:\/\/dev.explora.cl\/coquimbo\/wp-content\/uploads\/sites\/6\/2020\/09\/RRSS-CONSULTA-CHARLAS-ONLINE-Los-Vilos-06.jpg\",\"datePublished\":\"2020-09-28T11:42:14+00:00\",\"dateModified\":\"2020-10-06T15:44:21+00:00\",\"breadcrumb\":{\"@id\":\"https:\/\/dev.explora.cl\/coquimbo\/los-vilos-disfrutara-de-una-semana-de-ciencia-y-tecnologia-con-los-semilleros-de-divulgacion\/#breadcrumb\"},\"inLanguage\":\"es-CL\",\"potentialAction\":[{\"@type\":\"ReadAction\",\"target\":[\"https:\/\/dev.explora.cl\/coquimbo\/los-vilos-disfrutara-de-una-semana-de-ciencia-y-tecnologia-con-los-semilleros-de-divulgacion\/\"]}]},{\"@type\":\"ImageObject\",\"inLanguage\":\"es-CL\",\"@id\":\"https:\/\/dev.explora.cl\/coquimbo\/los-vilos-disfrutara-de-una-semana-de-ciencia-y-tecnologia-con-los-semilleros-de-divulgacion\/#primaryimage\",\"url\":\"https:\/\/dev.explora.cl\/coquimbo\/wp-content\/uploads\/sites\/6\/2020\/09\/RRSS-CONSULTA-CHARLAS-ONLINE-Los-Vilos-06.jpg\",\"contentUrl\":\"https:\/\/dev.explora.cl\/coquimbo\/wp-content\/uploads\/sites\/6\/2020\/09\/RRSS-CONSULTA-CHARLAS-ONLINE-Los-Vilos-06.jpg\",\"width\":1008,\"height\":646},{\"@type\":\"BreadcrumbList\",\"@id\":\"https:\/\/dev.explora.cl\/coquimbo\/los-vilos-disfrutara-de-una-semana-de-ciencia-y-tecnologia-con-los-semilleros-de-divulgacion\/#breadcrumb\",\"itemListElement\":[{\"@type\":\"ListItem\",\"position\":1,\"name\":\"Portada\",\"item\":\"https:\/\/dev.explora.cl\/coquimbo\/\"},{\"@type\":\"ListItem\",\"position\":2,\"name\":\"Los Vilos disfrutar\u00e1 de una semana de ciencia y tecnolog\u00eda con los \u201cSemilleros de Divulgaci\u00f3n\u201d\"}]},{\"@type\":\"WebSite\",\"@id\":\"https:\/\/dev.explora.cl\/coquimbo\/#website\",\"url\":\"https:\/\/dev.explora.cl\/coquimbo\/\",\"name\":\"Coquimbo\",\"description\":\"Otro sitio m\u00e1s de dev.explora.cl\",\"publisher\":{\"@id\":\"https:\/\/dev.explora.cl\/coquimbo\/#organization\"},\"potentialAction\":[{\"@type\":\"SearchAction\",\"target\":{\"@type\":\"EntryPoint\",\"urlTemplate\":\"https:\/\/dev.explora.cl\/coquimbo\/?s={search_term_string}\"},\"query-input\":{\"@type\":\"PropertyValueSpecification\",\"valueRequired\":true,\"valueName\":\"search_term_string\"}}],\"inLanguage\":\"es-CL\"},{\"@type\":\"Organization\",\"@id\":\"https:\/\/dev.explora.cl\/coquimbo\/#organization\",\"name\":\"Coquimbo\",\"url\":\"https:\/\/dev.explora.cl\/coquimbo\/\",\"logo\":{\"@type\":\"ImageObject\",\"inLanguage\":\"es-CL\",\"@id\":\"https:\/\/dev.explora.cl\/coquimbo\/#\/schema\/logo\/image\/\",\"url\":\"https:\/\/dev.explora.cl\/coquimbo\/wp-content\/uploads\/sites\/6\/2020\/08\/cropped-Mesa-de-trabajo-1-100.jpg\",\"contentUrl\":\"https:\/\/dev.explora.cl\/coquimbo\/wp-content\/uploads\/sites\/6\/2020\/08\/cropped-Mesa-de-trabajo-1-100.jpg\",\"width\":615,\"height\":576,\"caption\":\"Coquimbo\"},\"image\":{\"@id\":\"https:\/\/dev.explora.cl\/coquimbo\/#\/schema\/logo\/image\/\"}},{\"@type\":\"Person\",\"@id\":\"https:\/\/dev.explora.cl\/coquimbo\/#\/schema\/person\/c171f405669e4e4f7e56a099200d2fe6\",\"name\":\"jimartin\",\"image\":{\"@type\":\"ImageObject\",\"inLanguage\":\"es-CL\",\"@id\":\"https:\/\/dev.explora.cl\/coquimbo\/#\/schema\/person\/image\/\",\"url\":\"https:\/\/secure.gravatar.com\/avatar\/8dfd7d14443934731a5aea629f40c1aceb42cc8b566a9926567e833c9d22b643?s=96&d=mm&r=g\",\"contentUrl\":\"https:\/\/secure.gravatar.com\/avatar\/8dfd7d14443934731a5aea629f40c1aceb42cc8b566a9926567e833c9d22b643?s=96&d=mm&r=g\",\"caption\":\"jimartin\"},\"url\":\"https:\/\/dev.explora.cl\/coquimbo\/author\/jimartin\/\"}]}<\/script>\n<!-- \/ Yoast SEO plugin. -->","yoast_head_json":{"title":"Los Vilos disfrutar\u00e1 de una semana de ciencia y tecnolog\u00eda con los \u201cSemilleros de Divulgaci\u00f3n\u201d - Coquimbo","robots":{"index":"index","follow":"follow","max-snippet":"max-snippet:-1","max-image-preview":"max-image-preview:large","max-video-preview":"max-video-preview:-1"},"canonical":"https:\/\/dev.explora.cl\/coquimbo\/los-vilos-disfrutara-de-una-semana-de-ciencia-y-tecnologia-con-los-semilleros-de-divulgacion\/","og_locale":"es_ES","og_type":"article","og_title":"Los Vilos disfrutar\u00e1 de una semana de ciencia y tecnolog\u00eda con los \u201cSemilleros de Divulgaci\u00f3n\u201d - Coquimbo","og_description":"Los Vilos disfrutar\u00e1 de una semana de ciencia y tecnolog\u00eda con los \u201cSemilleros de Divulgaci\u00f3n\u201d","og_url":"https:\/\/dev.explora.cl\/coquimbo\/los-vilos-disfrutara-de-una-semana-de-ciencia-y-tecnologia-con-los-semilleros-de-divulgacion\/","og_site_name":"Coquimbo","article_published_time":"2020-09-28T11:42:14+00:00","article_modified_time":"2020-10-06T15:44:21+00:00","og_image":[{"width":1008,"height":646,"url":"https:\/\/dev.explora.cl\/coquimbo\/wp-content\/uploads\/sites\/6\/2020\/09\/RRSS-CONSULTA-CHARLAS-ONLINE-Los-Vilos-06.jpg","type":"image\/jpeg"}],"author":"jimartin","twitter_card":"summary_large_image","twitter_misc":{"Escrito por":"jimartin","Tiempo estimado de lectura":"2 minutos"},"schema":{"@context":"https:\/\/schema.org","@graph":[{"@type":"Article","@id":"https:\/\/dev.explora.cl\/coquimbo\/los-vilos-disfrutara-de-una-semana-de-ciencia-y-tecnologia-con-los-semilleros-de-divulgacion\/#article","isPartOf":{"@id":"https:\/\/dev.explora.cl\/coquimbo\/los-vilos-disfrutara-de-una-semana-de-ciencia-y-tecnologia-con-los-semilleros-de-divulgacion\/"},"author":{"name":"jimartin","@id":"https:\/\/dev.explora.cl\/coquimbo\/#\/schema\/person\/c171f405669e4e4f7e56a099200d2fe6"},"headline":"Los Vilos disfrutar\u00e1 de una semana de ciencia y tecnolog\u00eda con los \u201cSemilleros de Divulgaci\u00f3n\u201d","datePublished":"2020-09-28T11:42:14+00:00","dateModified":"2020-10-06T15:44:21+00:00","mainEntityOfPage":{"@id":"https:\/\/dev.explora.cl\/coquimbo\/los-vilos-disfrutara-de-una-semana-de-ciencia-y-tecnologia-con-los-semilleros-de-divulgacion\/"},"wordCount":411,"commentCount":0,"publisher":{"@id":"https:\/\/dev.explora.cl\/coquimbo\/#organization"},"image":{"@id":"https:\/\/dev.explora.cl\/coquimbo\/los-vilos-disfrutara-de-una-semana-de-ciencia-y-tecnologia-con-los-semilleros-de-divulgacion\/#primaryimage"},"thumbnailUrl":"https:\/\/dev.explora.cl\/coquimbo\/wp-content\/uploads\/sites\/6\/2020\/09\/RRSS-CONSULTA-CHARLAS-ONLINE-Los-Vilos-06.jpg","keywords":["Semilleros de Divulgaci\u00f3n"],"inLanguage":"es-CL","potentialAction":[{"@type":"CommentAction","name":"Comment","target":["https:\/\/dev.explora.cl\/coquimbo\/los-vilos-disfrutara-de-una-semana-de-ciencia-y-tecnologia-con-los-semilleros-de-divulgacion\/#respond"]}]},{"@type":"WebPage","@id":"https:\/\/dev.explora.cl\/coquimbo\/los-vilos-disfrutara-de-una-semana-de-ciencia-y-tecnologia-con-los-semilleros-de-divulgacion\/","url":"https:\/\/dev.explora.cl\/coquimbo\/los-vilos-disfrutara-de-una-semana-de-ciencia-y-tecnologia-con-los-semilleros-de-divulgacion\/","name":"Los Vilos disfrutar\u00e1 de una semana de ciencia y tecnolog\u00eda con los \u201cSemilleros de Divulgaci\u00f3n\u201d - Coquimbo","isPartOf":{"@id":"https:\/\/dev.explora.cl\/coquimbo\/#website"},"primaryImageOfPage":{"@id":"https:\/\/dev.explora.cl\/coquimbo\/los-vilos-disfrutara-de-una-semana-de-ciencia-y-tecnologia-con-los-semilleros-de-divulgacion\/#primaryimage"},"image":{"@id":"https:\/\/dev.explora.cl\/coquimbo\/los-vilos-disfrutara-de-una-semana-de-ciencia-y-tecnologia-con-los-semilleros-de-divulgacion\/#primaryimage"},"thumbnailUrl":"https:\/\/dev.explora.cl\/coquimbo\/wp-content\/uploads\/sites\/6\/2020\/09\/RRSS-CONSULTA-CHARLAS-ONLINE-Los-Vilos-06.jpg","datePublished":"2020-09-28T11:42:14+00:00","dateModified":"2020-10-06T15:44:21+00:00","breadcrumb":{"@id":"https:\/\/dev.explora.cl\/coquimbo\/los-vilos-disfrutara-de-una-semana-de-ciencia-y-tecnologia-con-los-semilleros-de-divulgacion\/#breadcrumb"},"inLanguage":"es-CL","potentialAction":[{"@type":"ReadAction","target":["https:\/\/dev.explora.cl\/coquimbo\/los-vilos-disfrutara-de-una-semana-de-ciencia-y-tecnologia-con-los-semilleros-de-divulgacion\/"]}]},{"@type":"ImageObject","inLanguage":"es-CL","@id":"https:\/\/dev.explora.cl\/coquimbo\/los-vilos-disfrutara-de-una-semana-de-ciencia-y-tecnologia-con-los-semilleros-de-divulgacion\/#primaryimage","url":"https:\/\/dev.explora.cl\/coquimbo\/wp-content\/uploads\/sites\/6\/2020\/09\/RRSS-CONSULTA-CHARLAS-ONLINE-Los-Vilos-06.jpg","contentUrl":"https:\/\/dev.explora.cl\/coquimbo\/wp-content\/uploads\/sites\/6\/2020\/09\/RRSS-CONSULTA-CHARLAS-ONLINE-Los-Vilos-06.jpg","width":1008,"height":646},{"@type":"BreadcrumbList","@id":"https:\/\/dev.explora.cl\/coquimbo\/los-vilos-disfrutara-de-una-semana-de-ciencia-y-tecnologia-con-los-semilleros-de-divulgacion\/#breadcrumb","itemListElement":[{"@type":"ListItem","position":1,"name":"Portada","item":"https:\/\/dev.explora.cl\/coquimbo\/"},{"@type":"ListItem","position":2,"name":"Los Vilos disfrutar\u00e1 de una semana de ciencia y tecnolog\u00eda con los \u201cSemilleros de Divulgaci\u00f3n\u201d"}]},{"@type":"WebSite","@id":"https:\/\/dev.explora.cl\/coquimbo\/#website","url":"https:\/\/dev.explora.cl\/coquimbo\/","name":"Coquimbo","description":"Otro sitio m\u00e1s de dev.explora.cl","publisher":{"@id":"https:\/\/dev.explora.cl\/coquimbo\/#organization"},"potentialAction":[{"@type":"SearchAction","target":{"@type":"EntryPoint","urlTemplate":"https:\/\/dev.explora.cl\/coquimbo\/?s={search_term_string}"},"query-input":{"@type":"PropertyValueSpecification","valueRequired":true,"valueName":"search_term_string"}}],"inLanguage":"es-CL"},{"@type":"Organization","@id":"https:\/\/dev.explora.cl\/coquimbo\/#organization","name":"Coquimbo","url":"https:\/\/dev.explora.cl\/coquimbo\/","logo":{"@type":"ImageObject","inLanguage":"es-CL","@id":"https:\/\/dev.explora.cl\/coquimbo\/#\/schema\/logo\/image\/","url":"https:\/\/dev.explora.cl\/coquimbo\/wp-content\/uploads\/sites\/6\/2020\/08\/cropped-Mesa-de-trabajo-1-100.jpg","contentUrl":"https:\/\/dev.explora.cl\/coquimbo\/wp-content\/uploads\/sites\/6\/2020\/08\/cropped-Mesa-de-trabajo-1-100.jpg","width":615,"height":576,"caption":"Coquimbo"},"image":{"@id":"https:\/\/dev.explora.cl\/coquimbo\/#\/schema\/logo\/image\/"}},{"@type":"Person","@id":"https:\/\/dev.explora.cl\/coquimbo\/#\/schema\/person\/c171f405669e4e4f7e56a099200d2fe6","name":"jimartin","image":{"@type":"ImageObject","inLanguage":"es-CL","@id":"https:\/\/dev.explora.cl\/coquimbo\/#\/schema\/person\/image\/","url":"https:\/\/secure.gravatar.com\/avatar\/8dfd7d14443934731a5aea629f40c1aceb42cc8b566a9926567e833c9d22b643?s=96&d=mm&r=g","contentUrl":"https:\/\/secure.gravatar.com\/avatar\/8dfd7d14443934731a5aea629f40c1aceb42cc8b566a9926567e833c9d22b643?s=96&d=mm&r=g","caption":"jimartin"},"url":"https:\/\/dev.explora.cl\/coquimbo\/author\/jimartin\/"}]}},"_links":{"self":[{"href":"https:\/\/dev.explora.cl\/coquimbo\/wp-json\/wp\/v2\/posts\/40819","targetHints":{"allow":["GET"]}}],"collection":[{"href":"https:\/\/dev.explora.cl\/coquimbo\/wp-json\/wp\/v2\/posts"}],"about":[{"href":"https:\/\/dev.explora.cl\/coquimbo\/wp-json\/wp\/v2\/types\/post"}],"author":[{"embeddable":true,"href":"https:\/\/dev.explora.cl\/coquimbo\/wp-json\/wp\/v2\/users\/21"}],"replies":[{"embeddable":true,"href":"https:\/\/dev.explora.cl\/coquimbo\/wp-json\/wp\/v2\/comments?post=40819"}],"version-history":[{"count":3,"href":"https:\/\/dev.explora.cl\/coquimbo\/wp-json\/wp\/v2\/posts\/40819\/revisions"}],"predecessor-version":[{"id":40831,"href":"https:\/\/dev.explora.cl\/coquimbo\/wp-json\/wp\/v2\/posts\/40819\/revisions\/40831"}],"wp:featuredmedia":[{"embeddable":true,"href":"https:\/\/dev.explora.cl\/coquimbo\/wp-json\/wp\/v2\/media\/40820"}],"wp:attachment":[{"href":"https:\/\/dev.explora.cl\/coquimbo\/wp-json\/wp\/v2\/media?parent=40819"}],"wp:term":[{"taxonomy":"category","embeddable":true,"href":"https:\/\/dev.explora.cl\/coquimbo\/wp-json\/wp\/v2\/categories?post=40819"},{"taxonomy":"post_tag","embeddable":true,"href":"https:\/\/dev.explora.cl\/coquimbo\/wp-json\/wp\/v2\/tags?post=40819"}],"curies":[{"name":"wp","href":"https:\/\/api.w.org\/{rel}","templated":true}]}}