{"id":40784,"date":"2020-09-03T11:49:52","date_gmt":"2020-09-03T15:49:52","guid":{"rendered":"https:\/\/dev.explora.cl\/coquimbo\/?p=40784"},"modified":"2020-09-14T15:37:13","modified_gmt":"2020-09-14T18:37:13","slug":"vicuna-vivira-una-semana-conociendo-como-su-comunidad-realiza-ciencia-con-los-semilleros-de-divulgacion","status":"publish","type":"post","link":"https:\/\/dev.explora.cl\/coquimbo\/vicuna-vivira-una-semana-conociendo-como-su-comunidad-realiza-ciencia-con-los-semilleros-de-divulgacion\/","title":{"rendered":"Vicu\u00f1a vivir\u00e1 una semana conociendo c\u00f3mo su comunidad realiza ciencia con los Semilleros de Divulgaci\u00f3n"},"content":{"rendered":"<p style=\"text-align: justify\"><strong>Evento conocido como Semilleros de Divulgaci\u00f3n, <\/strong><strong>busca \u201csembrar\u201d el inter\u00e9s por la ciencia en la sociedad, dando a conocer iniciativas locales que trabajan con estas materias. <\/strong><\/p>\n<p style=\"text-align: justify\">Desde este lunes 7 hasta el viernes 11 de septiembre, Vicu\u00f1a ser\u00e1 sede del evento virtual \u201cSemilleros de Divulgaci\u00f3n\u201d, una instancia regional que busca acercar la ciencia que realizan los docentes, estudiantes, investigadores y especialistas de la zona, a toda la comunidad local, en un formato de charlas, conversatorios y encuentros entre distintos grupos.<\/p>\n<p style=\"text-align: justify\">La actividad es creada por el Proyecto Explora Coquimbo del Ministerio de Ciencia, ejecutado por la Universidad Cat\u00f3lica del Norte y que tal como explica su director, Sergio Gonz\u00e1lez, busca sumar gente a un ecosistema de divulgaci\u00f3n y \u201csembrar la semilla del inter\u00e9s por la ciencia en la sociedad en general, en los integrantes de una comunidad local, en un espacio geogr\u00e1fico determinado\u201d, realizando diversas actividades propuestas por la misma comunidad.<\/p>\n<p style=\"text-align: justify\">Para ello, se dise\u00f1\u00f3 una consulta ciudadana que permiti\u00f3 establecer cu\u00e1les son las prioridades y necesidades de los habitantes, en el plano de la actividad cient\u00edfica. \u201cEs una construcci\u00f3n conjunta, en que todas y todos sembramos y aprendemos. Si bien tratamos de sembrar particularmente en las ni\u00f1as, pues es una meta de esta iniciativa, tambi\u00e9n llegamos a los docentes y a la comunidad en general, pero creo que somos nosotros quienes estamos en un aprendizaje m\u00e1s grande que todos ellos, por lo que significa entender a nuestros p\u00fablicos, hacernos parte, abriendo una puerta a un espacio local con estructuras y funciones desconocidas para nosotros\u201d, detalla el acad\u00e9mico de la UCN.<\/p>\n<p style=\"text-align: justify\">Cada jornada se transmitir\u00e1 por las redes sociales del Proyecto y tendr\u00e1 como foco distintas tem\u00e1ticas. Por un lado, se conocer\u00e1n experiencias docentes en investigaci\u00f3n escolar o a la ciencia astron\u00f3mica, pero, por otra parte, tambi\u00e9n se realizar\u00e1n presentaciones asociadas a las labores que realizan los mismos habitantes de Vicu\u00f1a y que incluyen alg\u00fan proceso cient\u00edfico para su desarrollo, como el uso de las cocinas solares, la transformaci\u00f3n del vidrio o el cuidado del medio ambiente.<\/p>\n<p style=\"text-align: justify\">Semilleros de Divulgaci\u00f3n es un encuentro que se realizar\u00e1 en cinco comunas de la Regi\u00f3n, y que son co-dise\u00f1ados por docentes de establecimientos educacionales de dichas zonas. En Vicu\u00f1a, la actividad se ha organizado en conjunto con la profesora Karelia Molina de la Escuela Juan Rendic de Nueva Talcuna, quien hizo una invitaci\u00f3n a toda la comunidad participe, \u201ceste evento une a la ciudadan\u00eda con la ciencia. Los invito a ver y escuchar las charlas que realizar\u00e1n nuestros propios vecinos y vecinas, y que este a\u00f1o, teniendo como referencia de los Semilleros cient\u00edficos, a las mujeres que desarrollan esta actividad\u201d.<\/p>\n<p style=\"text-align: justify\">Luego de esta experiencia, se desarrollar\u00e1n encuentros en Los Vilos, Monte Patria, Salamanca y Paihuano, todas en un formato online, en alianza con docentes y medios de comunicaci\u00f3n de dichas zonas.<\/p>\n<p style=\"text-align: justify\">Puede conocer el programa y horarios ac\u00e1: <strong><a href=\"https:\/\/dev.explora.cl\/coquimbo\/wp-content\/uploads\/sites\/6\/2020\/09\/Programa-Semillero-Vicun\u0303a-2020.pdf\">Programa Semillero Vicun\u0303a 2020<\/a><\/strong><\/p>\n<p style=\"text-align: justify\">Sigue todas las alternativas de este encuentro en el Facebook @explora.coquimbo<\/p>\n","protected":false},"excerpt":{"rendered":"<p>Vicu\u00f1a vivir\u00e1 una semana conociendo c\u00f3mo su comunidad realiza ciencia con los Semilleros de Divulgaci\u00f3n<\/p>\n","protected":false},"author":21,"featured_media":40785,"comment_status":"open","ping_status":"open","sticky":false,"template":"","format":"standard","meta":{"_acf_changed":false,"_exactmetrics_skip_tracking":false,"_exactmetrics_sitenote_active":false,"_exactmetrics_sitenote_note":"","_exactmetrics_sitenote_category":0,"footnotes":"","_links_to":"","_links_to_target":""},"categories":[4,1],"tags":[],"class_list":["post-40784","post","type-post","status-publish","format-standard","has-post-thumbnail","hentry","category-noticias","category-sin-categoria"],"acf":[],"yoast_head":"<!-- This site is optimized with the Yoast SEO plugin v26.7 - https:\/\/yoast.com\/wordpress\/plugins\/seo\/ -->\n<title>Vicu\u00f1a vivir\u00e1 una semana conociendo c\u00f3mo su comunidad realiza ciencia con los Semilleros de Divulgaci\u00f3n - Coquimbo<\/title>\n<meta name=\"robots\" content=\"index, follow, max-snippet:-1, max-image-preview:large, max-video-preview:-1\" \/>\n<link rel=\"canonical\" href=\"https:\/\/dev.explora.cl\/coquimbo\/vicuna-vivira-una-semana-conociendo-como-su-comunidad-realiza-ciencia-con-los-semilleros-de-divulgacion\/\" class=\"yoast-seo-meta-tag\" \/>\n<meta property=\"og:locale\" content=\"es_ES\" class=\"yoast-seo-meta-tag\" \/>\n<meta property=\"og:type\" content=\"article\" class=\"yoast-seo-meta-tag\" \/>\n<meta property=\"og:title\" content=\"Vicu\u00f1a vivir\u00e1 una semana conociendo c\u00f3mo su comunidad realiza ciencia con los Semilleros de Divulgaci\u00f3n - Coquimbo\" class=\"yoast-seo-meta-tag\" \/>\n<meta property=\"og:description\" content=\"Vicu\u00f1a vivir\u00e1 una semana conociendo c\u00f3mo su comunidad realiza ciencia con los Semilleros de Divulgaci\u00f3n\" class=\"yoast-seo-meta-tag\" \/>\n<meta property=\"og:url\" content=\"https:\/\/dev.explora.cl\/coquimbo\/vicuna-vivira-una-semana-conociendo-como-su-comunidad-realiza-ciencia-con-los-semilleros-de-divulgacion\/\" class=\"yoast-seo-meta-tag\" \/>\n<meta property=\"og:site_name\" content=\"Coquimbo\" class=\"yoast-seo-meta-tag\" \/>\n<meta property=\"article:published_time\" content=\"2020-09-03T15:49:52+00:00\" class=\"yoast-seo-meta-tag\" \/>\n<meta property=\"article:modified_time\" content=\"2020-09-14T18:37:13+00:00\" class=\"yoast-seo-meta-tag\" \/>\n<meta property=\"og:image\" content=\"https:\/\/dev.explora.cl\/coquimbo\/wp-content\/uploads\/sites\/6\/2020\/09\/RRSS-CONSULTA-CHARLAS-ONLINE-Vicu\u00f1a-06.jpg\" class=\"yoast-seo-meta-tag\" \/>\n\t<meta property=\"og:image:width\" content=\"1008\" class=\"yoast-seo-meta-tag\" \/>\n\t<meta property=\"og:image:height\" content=\"646\" class=\"yoast-seo-meta-tag\" \/>\n\t<meta property=\"og:image:type\" content=\"image\/jpeg\" class=\"yoast-seo-meta-tag\" \/>\n<meta name=\"author\" content=\"jimartin\" class=\"yoast-seo-meta-tag\" \/>\n<meta name=\"twitter:card\" content=\"summary_large_image\" class=\"yoast-seo-meta-tag\" \/>\n<meta name=\"twitter:label1\" content=\"Escrito por\" class=\"yoast-seo-meta-tag\" \/>\n\t<meta name=\"twitter:data1\" content=\"jimartin\" class=\"yoast-seo-meta-tag\" \/>\n\t<meta name=\"twitter:label2\" content=\"Tiempo estimado de lectura\" class=\"yoast-seo-meta-tag\" \/>\n\t<meta name=\"twitter:data2\" content=\"3 minutos\" class=\"yoast-seo-meta-tag\" \/>\n<script type=\"application\/ld+json\" class=\"yoast-schema-graph\">{\"@context\":\"https:\/\/schema.org\",\"@graph\":[{\"@type\":\"Article\",\"@id\":\"https:\/\/dev.explora.cl\/coquimbo\/vicuna-vivira-una-semana-conociendo-como-su-comunidad-realiza-ciencia-con-los-semilleros-de-divulgacion\/#article\",\"isPartOf\":{\"@id\":\"https:\/\/dev.explora.cl\/coquimbo\/vicuna-vivira-una-semana-conociendo-como-su-comunidad-realiza-ciencia-con-los-semilleros-de-divulgacion\/\"},\"author\":{\"name\":\"jimartin\",\"@id\":\"https:\/\/dev.explora.cl\/coquimbo\/#\/schema\/person\/c171f405669e4e4f7e56a099200d2fe6\"},\"headline\":\"Vicu\u00f1a vivir\u00e1 una semana conociendo c\u00f3mo su comunidad realiza ciencia con los Semilleros de Divulgaci\u00f3n\",\"datePublished\":\"2020-09-03T15:49:52+00:00\",\"dateModified\":\"2020-09-14T18:37:13+00:00\",\"mainEntityOfPage\":{\"@id\":\"https:\/\/dev.explora.cl\/coquimbo\/vicuna-vivira-una-semana-conociendo-como-su-comunidad-realiza-ciencia-con-los-semilleros-de-divulgacion\/\"},\"wordCount\":545,\"commentCount\":0,\"publisher\":{\"@id\":\"https:\/\/dev.explora.cl\/coquimbo\/#organization\"},\"image\":{\"@id\":\"https:\/\/dev.explora.cl\/coquimbo\/vicuna-vivira-una-semana-conociendo-como-su-comunidad-realiza-ciencia-con-los-semilleros-de-divulgacion\/#primaryimage\"},\"thumbnailUrl\":\"https:\/\/dev.explora.cl\/coquimbo\/wp-content\/uploads\/sites\/6\/2020\/09\/RRSS-CONSULTA-CHARLAS-ONLINE-Vicu\u00f1a-06.jpg\",\"articleSection\":[\"Noticias\"],\"inLanguage\":\"es-CL\",\"potentialAction\":[{\"@type\":\"CommentAction\",\"name\":\"Comment\",\"target\":[\"https:\/\/dev.explora.cl\/coquimbo\/vicuna-vivira-una-semana-conociendo-como-su-comunidad-realiza-ciencia-con-los-semilleros-de-divulgacion\/#respond\"]}]},{\"@type\":\"WebPage\",\"@id\":\"https:\/\/dev.explora.cl\/coquimbo\/vicuna-vivira-una-semana-conociendo-como-su-comunidad-realiza-ciencia-con-los-semilleros-de-divulgacion\/\",\"url\":\"https:\/\/dev.explora.cl\/coquimbo\/vicuna-vivira-una-semana-conociendo-como-su-comunidad-realiza-ciencia-con-los-semilleros-de-divulgacion\/\",\"name\":\"Vicu\u00f1a vivir\u00e1 una semana conociendo c\u00f3mo su comunidad realiza ciencia con los Semilleros de Divulgaci\u00f3n - Coquimbo\",\"isPartOf\":{\"@id\":\"https:\/\/dev.explora.cl\/coquimbo\/#website\"},\"primaryImageOfPage\":{\"@id\":\"https:\/\/dev.explora.cl\/coquimbo\/vicuna-vivira-una-semana-conociendo-como-su-comunidad-realiza-ciencia-con-los-semilleros-de-divulgacion\/#primaryimage\"},\"image\":{\"@id\":\"https:\/\/dev.explora.cl\/coquimbo\/vicuna-vivira-una-semana-conociendo-como-su-comunidad-realiza-ciencia-con-los-semilleros-de-divulgacion\/#primaryimage\"},\"thumbnailUrl\":\"https:\/\/dev.explora.cl\/coquimbo\/wp-content\/uploads\/sites\/6\/2020\/09\/RRSS-CONSULTA-CHARLAS-ONLINE-Vicu\u00f1a-06.jpg\",\"datePublished\":\"2020-09-03T15:49:52+00:00\",\"dateModified\":\"2020-09-14T18:37:13+00:00\",\"breadcrumb\":{\"@id\":\"https:\/\/dev.explora.cl\/coquimbo\/vicuna-vivira-una-semana-conociendo-como-su-comunidad-realiza-ciencia-con-los-semilleros-de-divulgacion\/#breadcrumb\"},\"inLanguage\":\"es-CL\",\"potentialAction\":[{\"@type\":\"ReadAction\",\"target\":[\"https:\/\/dev.explora.cl\/coquimbo\/vicuna-vivira-una-semana-conociendo-como-su-comunidad-realiza-ciencia-con-los-semilleros-de-divulgacion\/\"]}]},{\"@type\":\"ImageObject\",\"inLanguage\":\"es-CL\",\"@id\":\"https:\/\/dev.explora.cl\/coquimbo\/vicuna-vivira-una-semana-conociendo-como-su-comunidad-realiza-ciencia-con-los-semilleros-de-divulgacion\/#primaryimage\",\"url\":\"https:\/\/dev.explora.cl\/coquimbo\/wp-content\/uploads\/sites\/6\/2020\/09\/RRSS-CONSULTA-CHARLAS-ONLINE-Vicu\u00f1a-06.jpg\",\"contentUrl\":\"https:\/\/dev.explora.cl\/coquimbo\/wp-content\/uploads\/sites\/6\/2020\/09\/RRSS-CONSULTA-CHARLAS-ONLINE-Vicu\u00f1a-06.jpg\",\"width\":1008,\"height\":646},{\"@type\":\"BreadcrumbList\",\"@id\":\"https:\/\/dev.explora.cl\/coquimbo\/vicuna-vivira-una-semana-conociendo-como-su-comunidad-realiza-ciencia-con-los-semilleros-de-divulgacion\/#breadcrumb\",\"itemListElement\":[{\"@type\":\"ListItem\",\"position\":1,\"name\":\"Portada\",\"item\":\"https:\/\/dev.explora.cl\/coquimbo\/\"},{\"@type\":\"ListItem\",\"position\":2,\"name\":\"Vicu\u00f1a vivir\u00e1 una semana conociendo c\u00f3mo su comunidad realiza ciencia con los Semilleros de Divulgaci\u00f3n\"}]},{\"@type\":\"WebSite\",\"@id\":\"https:\/\/dev.explora.cl\/coquimbo\/#website\",\"url\":\"https:\/\/dev.explora.cl\/coquimbo\/\",\"name\":\"Coquimbo\",\"description\":\"Otro sitio m\u00e1s de dev.explora.cl\",\"publisher\":{\"@id\":\"https:\/\/dev.explora.cl\/coquimbo\/#organization\"},\"potentialAction\":[{\"@type\":\"SearchAction\",\"target\":{\"@type\":\"EntryPoint\",\"urlTemplate\":\"https:\/\/dev.explora.cl\/coquimbo\/?s={search_term_string}\"},\"query-input\":{\"@type\":\"PropertyValueSpecification\",\"valueRequired\":true,\"valueName\":\"search_term_string\"}}],\"inLanguage\":\"es-CL\"},{\"@type\":\"Organization\",\"@id\":\"https:\/\/dev.explora.cl\/coquimbo\/#organization\",\"name\":\"Coquimbo\",\"url\":\"https:\/\/dev.explora.cl\/coquimbo\/\",\"logo\":{\"@type\":\"ImageObject\",\"inLanguage\":\"es-CL\",\"@id\":\"https:\/\/dev.explora.cl\/coquimbo\/#\/schema\/logo\/image\/\",\"url\":\"https:\/\/dev.explora.cl\/coquimbo\/wp-content\/uploads\/sites\/6\/2020\/08\/cropped-Mesa-de-trabajo-1-100.jpg\",\"contentUrl\":\"https:\/\/dev.explora.cl\/coquimbo\/wp-content\/uploads\/sites\/6\/2020\/08\/cropped-Mesa-de-trabajo-1-100.jpg\",\"width\":615,\"height\":576,\"caption\":\"Coquimbo\"},\"image\":{\"@id\":\"https:\/\/dev.explora.cl\/coquimbo\/#\/schema\/logo\/image\/\"}},{\"@type\":\"Person\",\"@id\":\"https:\/\/dev.explora.cl\/coquimbo\/#\/schema\/person\/c171f405669e4e4f7e56a099200d2fe6\",\"name\":\"jimartin\",\"image\":{\"@type\":\"ImageObject\",\"inLanguage\":\"es-CL\",\"@id\":\"https:\/\/dev.explora.cl\/coquimbo\/#\/schema\/person\/image\/\",\"url\":\"https:\/\/secure.gravatar.com\/avatar\/8dfd7d14443934731a5aea629f40c1aceb42cc8b566a9926567e833c9d22b643?s=96&d=mm&r=g\",\"contentUrl\":\"https:\/\/secure.gravatar.com\/avatar\/8dfd7d14443934731a5aea629f40c1aceb42cc8b566a9926567e833c9d22b643?s=96&d=mm&r=g\",\"caption\":\"jimartin\"},\"url\":\"https:\/\/dev.explora.cl\/coquimbo\/author\/jimartin\/\"}]}<\/script>\n<!-- \/ Yoast SEO plugin. -->","yoast_head_json":{"title":"Vicu\u00f1a vivir\u00e1 una semana conociendo c\u00f3mo su comunidad realiza ciencia con los Semilleros de Divulgaci\u00f3n - Coquimbo","robots":{"index":"index","follow":"follow","max-snippet":"max-snippet:-1","max-image-preview":"max-image-preview:large","max-video-preview":"max-video-preview:-1"},"canonical":"https:\/\/dev.explora.cl\/coquimbo\/vicuna-vivira-una-semana-conociendo-como-su-comunidad-realiza-ciencia-con-los-semilleros-de-divulgacion\/","og_locale":"es_ES","og_type":"article","og_title":"Vicu\u00f1a vivir\u00e1 una semana conociendo c\u00f3mo su comunidad realiza ciencia con los Semilleros de Divulgaci\u00f3n - Coquimbo","og_description":"Vicu\u00f1a vivir\u00e1 una semana conociendo c\u00f3mo su comunidad realiza ciencia con los Semilleros de Divulgaci\u00f3n","og_url":"https:\/\/dev.explora.cl\/coquimbo\/vicuna-vivira-una-semana-conociendo-como-su-comunidad-realiza-ciencia-con-los-semilleros-de-divulgacion\/","og_site_name":"Coquimbo","article_published_time":"2020-09-03T15:49:52+00:00","article_modified_time":"2020-09-14T18:37:13+00:00","og_image":[{"width":1008,"height":646,"url":"https:\/\/dev.explora.cl\/coquimbo\/wp-content\/uploads\/sites\/6\/2020\/09\/RRSS-CONSULTA-CHARLAS-ONLINE-Vicu\u00f1a-06.jpg","type":"image\/jpeg"}],"author":"jimartin","twitter_card":"summary_large_image","twitter_misc":{"Escrito por":"jimartin","Tiempo estimado de lectura":"3 minutos"},"schema":{"@context":"https:\/\/schema.org","@graph":[{"@type":"Article","@id":"https:\/\/dev.explora.cl\/coquimbo\/vicuna-vivira-una-semana-conociendo-como-su-comunidad-realiza-ciencia-con-los-semilleros-de-divulgacion\/#article","isPartOf":{"@id":"https:\/\/dev.explora.cl\/coquimbo\/vicuna-vivira-una-semana-conociendo-como-su-comunidad-realiza-ciencia-con-los-semilleros-de-divulgacion\/"},"author":{"name":"jimartin","@id":"https:\/\/dev.explora.cl\/coquimbo\/#\/schema\/person\/c171f405669e4e4f7e56a099200d2fe6"},"headline":"Vicu\u00f1a vivir\u00e1 una semana conociendo c\u00f3mo su comunidad realiza ciencia con los Semilleros de Divulgaci\u00f3n","datePublished":"2020-09-03T15:49:52+00:00","dateModified":"2020-09-14T18:37:13+00:00","mainEntityOfPage":{"@id":"https:\/\/dev.explora.cl\/coquimbo\/vicuna-vivira-una-semana-conociendo-como-su-comunidad-realiza-ciencia-con-los-semilleros-de-divulgacion\/"},"wordCount":545,"commentCount":0,"publisher":{"@id":"https:\/\/dev.explora.cl\/coquimbo\/#organization"},"image":{"@id":"https:\/\/dev.explora.cl\/coquimbo\/vicuna-vivira-una-semana-conociendo-como-su-comunidad-realiza-ciencia-con-los-semilleros-de-divulgacion\/#primaryimage"},"thumbnailUrl":"https:\/\/dev.explora.cl\/coquimbo\/wp-content\/uploads\/sites\/6\/2020\/09\/RRSS-CONSULTA-CHARLAS-ONLINE-Vicu\u00f1a-06.jpg","articleSection":["Noticias"],"inLanguage":"es-CL","potentialAction":[{"@type":"CommentAction","name":"Comment","target":["https:\/\/dev.explora.cl\/coquimbo\/vicuna-vivira-una-semana-conociendo-como-su-comunidad-realiza-ciencia-con-los-semilleros-de-divulgacion\/#respond"]}]},{"@type":"WebPage","@id":"https:\/\/dev.explora.cl\/coquimbo\/vicuna-vivira-una-semana-conociendo-como-su-comunidad-realiza-ciencia-con-los-semilleros-de-divulgacion\/","url":"https:\/\/dev.explora.cl\/coquimbo\/vicuna-vivira-una-semana-conociendo-como-su-comunidad-realiza-ciencia-con-los-semilleros-de-divulgacion\/","name":"Vicu\u00f1a vivir\u00e1 una semana conociendo c\u00f3mo su comunidad realiza ciencia con los Semilleros de Divulgaci\u00f3n - Coquimbo","isPartOf":{"@id":"https:\/\/dev.explora.cl\/coquimbo\/#website"},"primaryImageOfPage":{"@id":"https:\/\/dev.explora.cl\/coquimbo\/vicuna-vivira-una-semana-conociendo-como-su-comunidad-realiza-ciencia-con-los-semilleros-de-divulgacion\/#primaryimage"},"image":{"@id":"https:\/\/dev.explora.cl\/coquimbo\/vicuna-vivira-una-semana-conociendo-como-su-comunidad-realiza-ciencia-con-los-semilleros-de-divulgacion\/#primaryimage"},"thumbnailUrl":"https:\/\/dev.explora.cl\/coquimbo\/wp-content\/uploads\/sites\/6\/2020\/09\/RRSS-CONSULTA-CHARLAS-ONLINE-Vicu\u00f1a-06.jpg","datePublished":"2020-09-03T15:49:52+00:00","dateModified":"2020-09-14T18:37:13+00:00","breadcrumb":{"@id":"https:\/\/dev.explora.cl\/coquimbo\/vicuna-vivira-una-semana-conociendo-como-su-comunidad-realiza-ciencia-con-los-semilleros-de-divulgacion\/#breadcrumb"},"inLanguage":"es-CL","potentialAction":[{"@type":"ReadAction","target":["https:\/\/dev.explora.cl\/coquimbo\/vicuna-vivira-una-semana-conociendo-como-su-comunidad-realiza-ciencia-con-los-semilleros-de-divulgacion\/"]}]},{"@type":"ImageObject","inLanguage":"es-CL","@id":"https:\/\/dev.explora.cl\/coquimbo\/vicuna-vivira-una-semana-conociendo-como-su-comunidad-realiza-ciencia-con-los-semilleros-de-divulgacion\/#primaryimage","url":"https:\/\/dev.explora.cl\/coquimbo\/wp-content\/uploads\/sites\/6\/2020\/09\/RRSS-CONSULTA-CHARLAS-ONLINE-Vicu\u00f1a-06.jpg","contentUrl":"https:\/\/dev.explora.cl\/coquimbo\/wp-content\/uploads\/sites\/6\/2020\/09\/RRSS-CONSULTA-CHARLAS-ONLINE-Vicu\u00f1a-06.jpg","width":1008,"height":646},{"@type":"BreadcrumbList","@id":"https:\/\/dev.explora.cl\/coquimbo\/vicuna-vivira-una-semana-conociendo-como-su-comunidad-realiza-ciencia-con-los-semilleros-de-divulgacion\/#breadcrumb","itemListElement":[{"@type":"ListItem","position":1,"name":"Portada","item":"https:\/\/dev.explora.cl\/coquimbo\/"},{"@type":"ListItem","position":2,"name":"Vicu\u00f1a vivir\u00e1 una semana conociendo c\u00f3mo su comunidad realiza ciencia con los Semilleros de Divulgaci\u00f3n"}]},{"@type":"WebSite","@id":"https:\/\/dev.explora.cl\/coquimbo\/#website","url":"https:\/\/dev.explora.cl\/coquimbo\/","name":"Coquimbo","description":"Otro sitio m\u00e1s de dev.explora.cl","publisher":{"@id":"https:\/\/dev.explora.cl\/coquimbo\/#organization"},"potentialAction":[{"@type":"SearchAction","target":{"@type":"EntryPoint","urlTemplate":"https:\/\/dev.explora.cl\/coquimbo\/?s={search_term_string}"},"query-input":{"@type":"PropertyValueSpecification","valueRequired":true,"valueName":"search_term_string"}}],"inLanguage":"es-CL"},{"@type":"Organization","@id":"https:\/\/dev.explora.cl\/coquimbo\/#organization","name":"Coquimbo","url":"https:\/\/dev.explora.cl\/coquimbo\/","logo":{"@type":"ImageObject","inLanguage":"es-CL","@id":"https:\/\/dev.explora.cl\/coquimbo\/#\/schema\/logo\/image\/","url":"https:\/\/dev.explora.cl\/coquimbo\/wp-content\/uploads\/sites\/6\/2020\/08\/cropped-Mesa-de-trabajo-1-100.jpg","contentUrl":"https:\/\/dev.explora.cl\/coquimbo\/wp-content\/uploads\/sites\/6\/2020\/08\/cropped-Mesa-de-trabajo-1-100.jpg","width":615,"height":576,"caption":"Coquimbo"},"image":{"@id":"https:\/\/dev.explora.cl\/coquimbo\/#\/schema\/logo\/image\/"}},{"@type":"Person","@id":"https:\/\/dev.explora.cl\/coquimbo\/#\/schema\/person\/c171f405669e4e4f7e56a099200d2fe6","name":"jimartin","image":{"@type":"ImageObject","inLanguage":"es-CL","@id":"https:\/\/dev.explora.cl\/coquimbo\/#\/schema\/person\/image\/","url":"https:\/\/secure.gravatar.com\/avatar\/8dfd7d14443934731a5aea629f40c1aceb42cc8b566a9926567e833c9d22b643?s=96&d=mm&r=g","contentUrl":"https:\/\/secure.gravatar.com\/avatar\/8dfd7d14443934731a5aea629f40c1aceb42cc8b566a9926567e833c9d22b643?s=96&d=mm&r=g","caption":"jimartin"},"url":"https:\/\/dev.explora.cl\/coquimbo\/author\/jimartin\/"}]}},"_links":{"self":[{"href":"https:\/\/dev.explora.cl\/coquimbo\/wp-json\/wp\/v2\/posts\/40784","targetHints":{"allow":["GET"]}}],"collection":[{"href":"https:\/\/dev.explora.cl\/coquimbo\/wp-json\/wp\/v2\/posts"}],"about":[{"href":"https:\/\/dev.explora.cl\/coquimbo\/wp-json\/wp\/v2\/types\/post"}],"author":[{"embeddable":true,"href":"https:\/\/dev.explora.cl\/coquimbo\/wp-json\/wp\/v2\/users\/21"}],"replies":[{"embeddable":true,"href":"https:\/\/dev.explora.cl\/coquimbo\/wp-json\/wp\/v2\/comments?post=40784"}],"version-history":[{"count":5,"href":"https:\/\/dev.explora.cl\/coquimbo\/wp-json\/wp\/v2\/posts\/40784\/revisions"}],"predecessor-version":[{"id":40792,"href":"https:\/\/dev.explora.cl\/coquimbo\/wp-json\/wp\/v2\/posts\/40784\/revisions\/40792"}],"wp:featuredmedia":[{"embeddable":true,"href":"https:\/\/dev.explora.cl\/coquimbo\/wp-json\/wp\/v2\/media\/40785"}],"wp:attachment":[{"href":"https:\/\/dev.explora.cl\/coquimbo\/wp-json\/wp\/v2\/media?parent=40784"}],"wp:term":[{"taxonomy":"category","embeddable":true,"href":"https:\/\/dev.explora.cl\/coquimbo\/wp-json\/wp\/v2\/categories?post=40784"},{"taxonomy":"post_tag","embeddable":true,"href":"https:\/\/dev.explora.cl\/coquimbo\/wp-json\/wp\/v2\/tags?post=40784"}],"curies":[{"name":"wp","href":"https:\/\/api.w.org\/{rel}","templated":true}]}}