{"id":40756,"date":"2020-08-27T16:59:03","date_gmt":"2020-08-27T20:59:03","guid":{"rendered":"https:\/\/dev.explora.cl\/coquimbo\/?p=40756"},"modified":"2020-10-01T21:52:52","modified_gmt":"2020-10-02T00:52:52","slug":"el-impacto-social-del-coronavirus-en-la-higuera-en-ojos-de-su-propia-comunidad-escolar","status":"publish","type":"post","link":"https:\/\/dev.explora.cl\/coquimbo\/el-impacto-social-del-coronavirus-en-la-higuera-en-ojos-de-su-propia-comunidad-escolar\/","title":{"rendered":"El impacto social del coronavirus en ojos de la propia comunidad escolar de La Higuera"},"content":{"rendered":"<h3 style=\"text-align: justify\"><em>La pandemia nos ha afectado de alguna forma a todos, no importa si vives en una ciudad grande o una localidad. Conocimos c\u00f3mo un equipo del Colegio Pedro Pablo Mu\u00f1oz quiere saber qu\u00e9 tan afectados est\u00e1n los habitantes de su comuna debido a este virus. <\/em><\/h3>\n<p style=\"text-align: justify\">A veces los informativos o las comunicaciones se centran en los grandes centros urbanos y se dejan de lado las historias que est\u00e1n ocurriendo en distintos puntos del pa\u00eds o de la Regi\u00f3n. M\u00e1s de 4 mil personas viven en La Higuera y muchos est\u00e1n repartidos en las distintas localidades que tiene la comuna. Sin importar la posici\u00f3n geogr\u00e1fica, todos, de alg\u00fan modo, se han visto afectados por la pandemia Covid-19.<\/p>\n<p style=\"text-align: justify\">Puede ser un ni\u00f1o, una mam\u00e1, un abuelito. Tambi\u00e9n podr\u00eda ser La profesora, la t\u00eda del kiosko, o el amigo de toda la vida. A cada uno le afecta por igual el coronavirus, y en un territorio donde muchos se conocen o \u201csaben de qui\u00e9n est\u00e1n hablando\u201d, la cercan\u00eda se hace m\u00e1s presente y se hace imperativo poder hacer algo frente a ello, para saber lo que realmente est\u00e1 afectando a la comunidad.<\/p>\n<p style=\"text-align: justify\">Con esas preguntas, es que un grupo de escolares del <strong>Colegio Pedro Pablo Mu\u00f1oz<\/strong>, liderados por la profesora Dana Donoso, est\u00e1 realizada una investigaci\u00f3n para conocer el impacto social de la pandemia por el coronavirus en la comuna de La Higuera, todo esto en el marco del <strong>Programa de Investigaci\u00f3n e Innovaci\u00f3n Escolar<\/strong>, IIE 2020, ejecutado por el <strong>Proyecto Explora Coquimbo del Ministerio de Ciencia<\/strong>.<\/p>\n<p style=\"text-align: justify\">\u00bfPor qu\u00e9 se les ocurri\u00f3 investigar este tema? m\u00e1s que nada para saber los estados de \u00e1nimo que est\u00e1n teniendo los habitantes de la zona, ver c\u00f3mo les est\u00e1 afectando esta enfermedad en su desarrollo personal, emocional, econ\u00f3mico y en su desplazamiento. Pero tambi\u00e9n, \u201cest\u00e1 saliendo tanto tema del Covid y La Higuera no aparece en ninguna parte\u201d, explica la <strong>docente Dana Donoso<\/strong>, confesando una de las motivaciones para hacer este estudio.<img loading=\"lazy\" decoding=\"async\" class=\"wp-image-40758 alignright\" src=\"https:\/\/dev.explora.cl\/coquimbo\/wp-content\/uploads\/sites\/6\/2020\/08\/La-Higuera-2-1024x576.jpg\" alt=\"\" width=\"388\" height=\"218\" srcset=\"https:\/\/dev.explora.cl\/coquimbo\/wp-content\/uploads\/sites\/6\/2020\/08\/La-Higuera-2-1024x576.jpg 1024w, https:\/\/dev.explora.cl\/coquimbo\/wp-content\/uploads\/sites\/6\/2020\/08\/La-Higuera-2-300x169.jpg 300w, https:\/\/dev.explora.cl\/coquimbo\/wp-content\/uploads\/sites\/6\/2020\/08\/La-Higuera-2-768x432.jpg 768w, https:\/\/dev.explora.cl\/coquimbo\/wp-content\/uploads\/sites\/6\/2020\/08\/La-Higuera-2.jpg 1366w\" sizes=\"auto, (max-width: 388px) 100vw, 388px\" \/><\/p>\n<p style=\"text-align: justify\">Por medio de una encuesta que prontamente comenzar\u00e1n aplicar de manera online, los escolares difundir\u00e1n las interrogantes entre sus compa\u00f1eros, profesores y apoderados, abarcando a toda la comunidad del <strong>Colegio Pedro Pablo Mu\u00f1oz<\/strong>. \u201cEs interesante poder recoger esos datos y ver si nos afecta de la misma manera. No es lo mismo vivir la cuarentena en una ciudad grande que en el pueblo, porque podemos salir a caminar al cerro y la gente de la ciudad no\u201d, explica Dana.<\/p>\n<p style=\"text-align: justify\">La motivaci\u00f3n estudiantil es grande, y un buen grupo de chicos y chicas de s\u00e9ptimo, primero y tercero medio, se sumaron al equipo de investigaci\u00f3n. \u201cHemos aprendido bastantes cosas nuevas, como el simple hecho de hacer una encuesta. Si me preguntaban el a\u00f1o pasado, no hubiera sabido c\u00f3mo se ven los pilares fundamentales de esta. Mis compa\u00f1eros han estado bastante motivados, nos hemos juntado por internet\u201d, nos cuenta <strong>\u00darsula Avalos, estudiante de s\u00e9ptimo<\/strong> y quien es parte de las investigadoras.<\/p>\n<p style=\"text-align: justify\">La indagaci\u00f3n es asesorada por la acad\u00e9mica del Departamento de Teolog\u00eda de la<strong> Universidad Cat\u00f3lica del Norte, Ingrid Valdivia<\/strong>, quien destaca que se desarrollen estas investigaciones debido al contexto en que nos encontramos como pa\u00eds, \u201cesto va a impactar durante mucho tiempo a la poblaci\u00f3n en Chile, por lo tanto, la relevancia de estos estudios es tremenda. Con resultado de esto, la escuela podr\u00e1 saber c\u00f3mo generar pol\u00edtica de trabajo con los j\u00f3venes, apoyar social y emocionalmente a los ni\u00f1os, c\u00f3mo potenciar la comunidad escolar. De ac\u00e1 saldr\u00e1 mucha informaci\u00f3n\u201d.<\/p>\n<p style=\"text-align: justify\">El <strong>Programa IIE<\/strong> busca propiciar una instancia de trabajo mancomunado entre docentes y estudiantes, bajo un contexto de labor remota, esperando que en ellos se fortalezca la curiosidad y el cuestionamiento, conceptos claves y que son el motor para desarrollar la ciencia en esta etapa educacional. Cabe recordar que el Proyecto Explora Coquimbo tendr\u00e1 como tem\u00e1tica principal este a\u00f1o, el concepto <strong>\u201cVirus: Un reino microsc\u00f3pico\u201d<\/strong>, por lo que muchas investigaciones escolares tratar\u00e1n sobre estas materias.<\/p>\n<p>&nbsp;<\/p>\n","protected":false},"excerpt":{"rendered":"<p>El impacto social del coronavirus en La Higuera en ojos de su propia comunidad escolar<\/p>\n","protected":false},"author":21,"featured_media":40757,"comment_status":"open","ping_status":"open","sticky":false,"template":"","format":"standard","meta":{"_acf_changed":false,"_exactmetrics_skip_tracking":false,"_exactmetrics_sitenote_active":false,"_exactmetrics_sitenote_note":"","_exactmetrics_sitenote_category":0,"footnotes":"","_links_to":"","_links_to_target":""},"categories":[143],"tags":[382,378,381],"class_list":["post-40756","post","type-post","status-publish","format-standard","has-post-thumbnail","hentry","category-lugar-8","tag-ano-de-los-virus","tag-iie","tag-programa-iie"],"acf":[],"yoast_head":"<!-- This site is optimized with the Yoast SEO plugin v26.7 - https:\/\/yoast.com\/wordpress\/plugins\/seo\/ -->\n<title>El impacto social del coronavirus en ojos de la propia comunidad escolar de La Higuera - Coquimbo<\/title>\n<meta name=\"robots\" content=\"index, follow, max-snippet:-1, max-image-preview:large, max-video-preview:-1\" \/>\n<link rel=\"canonical\" href=\"https:\/\/dev.explora.cl\/coquimbo\/el-impacto-social-del-coronavirus-en-la-higuera-en-ojos-de-su-propia-comunidad-escolar\/\" class=\"yoast-seo-meta-tag\" \/>\n<meta property=\"og:locale\" content=\"es_ES\" class=\"yoast-seo-meta-tag\" \/>\n<meta property=\"og:type\" content=\"article\" class=\"yoast-seo-meta-tag\" \/>\n<meta property=\"og:title\" content=\"El impacto social del coronavirus en ojos de la propia comunidad escolar de La Higuera - Coquimbo\" class=\"yoast-seo-meta-tag\" \/>\n<meta property=\"og:description\" content=\"El impacto social del coronavirus en La Higuera en ojos de su propia comunidad escolar\" class=\"yoast-seo-meta-tag\" \/>\n<meta property=\"og:url\" content=\"https:\/\/dev.explora.cl\/coquimbo\/el-impacto-social-del-coronavirus-en-la-higuera-en-ojos-de-su-propia-comunidad-escolar\/\" class=\"yoast-seo-meta-tag\" \/>\n<meta property=\"og:site_name\" content=\"Coquimbo\" class=\"yoast-seo-meta-tag\" \/>\n<meta property=\"article:published_time\" content=\"2020-08-27T20:59:03+00:00\" class=\"yoast-seo-meta-tag\" \/>\n<meta property=\"article:modified_time\" content=\"2020-10-02T00:52:52+00:00\" class=\"yoast-seo-meta-tag\" \/>\n<meta property=\"og:image\" content=\"https:\/\/dev.explora.cl\/coquimbo\/wp-content\/uploads\/sites\/6\/2020\/08\/La-Higuera-1.jpg\" class=\"yoast-seo-meta-tag\" \/>\n\t<meta property=\"og:image:width\" content=\"1366\" class=\"yoast-seo-meta-tag\" \/>\n\t<meta property=\"og:image:height\" content=\"768\" class=\"yoast-seo-meta-tag\" \/>\n\t<meta property=\"og:image:type\" content=\"image\/jpeg\" class=\"yoast-seo-meta-tag\" \/>\n<meta name=\"author\" content=\"jimartin\" class=\"yoast-seo-meta-tag\" \/>\n<meta name=\"twitter:card\" content=\"summary_large_image\" class=\"yoast-seo-meta-tag\" \/>\n<meta name=\"twitter:label1\" content=\"Escrito por\" class=\"yoast-seo-meta-tag\" \/>\n\t<meta name=\"twitter:data1\" content=\"jimartin\" class=\"yoast-seo-meta-tag\" \/>\n\t<meta name=\"twitter:label2\" content=\"Tiempo estimado de lectura\" class=\"yoast-seo-meta-tag\" \/>\n\t<meta name=\"twitter:data2\" content=\"4 minutos\" class=\"yoast-seo-meta-tag\" \/>\n<script type=\"application\/ld+json\" class=\"yoast-schema-graph\">{\"@context\":\"https:\/\/schema.org\",\"@graph\":[{\"@type\":\"Article\",\"@id\":\"https:\/\/dev.explora.cl\/coquimbo\/el-impacto-social-del-coronavirus-en-la-higuera-en-ojos-de-su-propia-comunidad-escolar\/#article\",\"isPartOf\":{\"@id\":\"https:\/\/dev.explora.cl\/coquimbo\/el-impacto-social-del-coronavirus-en-la-higuera-en-ojos-de-su-propia-comunidad-escolar\/\"},\"author\":{\"name\":\"jimartin\",\"@id\":\"https:\/\/dev.explora.cl\/coquimbo\/#\/schema\/person\/c171f405669e4e4f7e56a099200d2fe6\"},\"headline\":\"El impacto social del coronavirus en ojos de la propia comunidad escolar de La Higuera\",\"datePublished\":\"2020-08-27T20:59:03+00:00\",\"dateModified\":\"2020-10-02T00:52:52+00:00\",\"mainEntityOfPage\":{\"@id\":\"https:\/\/dev.explora.cl\/coquimbo\/el-impacto-social-del-coronavirus-en-la-higuera-en-ojos-de-su-propia-comunidad-escolar\/\"},\"wordCount\":719,\"commentCount\":0,\"publisher\":{\"@id\":\"https:\/\/dev.explora.cl\/coquimbo\/#organization\"},\"image\":{\"@id\":\"https:\/\/dev.explora.cl\/coquimbo\/el-impacto-social-del-coronavirus-en-la-higuera-en-ojos-de-su-propia-comunidad-escolar\/#primaryimage\"},\"thumbnailUrl\":\"https:\/\/dev.explora.cl\/coquimbo\/wp-content\/uploads\/sites\/6\/2020\/08\/La-Higuera-1.jpg\",\"keywords\":[\"A\u00f1o de los Virus\",\"IIE\",\"Programa IIE\"],\"articleSection\":[\"Lugar 8\"],\"inLanguage\":\"es-CL\",\"potentialAction\":[{\"@type\":\"CommentAction\",\"name\":\"Comment\",\"target\":[\"https:\/\/dev.explora.cl\/coquimbo\/el-impacto-social-del-coronavirus-en-la-higuera-en-ojos-de-su-propia-comunidad-escolar\/#respond\"]}]},{\"@type\":\"WebPage\",\"@id\":\"https:\/\/dev.explora.cl\/coquimbo\/el-impacto-social-del-coronavirus-en-la-higuera-en-ojos-de-su-propia-comunidad-escolar\/\",\"url\":\"https:\/\/dev.explora.cl\/coquimbo\/el-impacto-social-del-coronavirus-en-la-higuera-en-ojos-de-su-propia-comunidad-escolar\/\",\"name\":\"El impacto social del coronavirus en ojos de la propia comunidad escolar de La Higuera - Coquimbo\",\"isPartOf\":{\"@id\":\"https:\/\/dev.explora.cl\/coquimbo\/#website\"},\"primaryImageOfPage\":{\"@id\":\"https:\/\/dev.explora.cl\/coquimbo\/el-impacto-social-del-coronavirus-en-la-higuera-en-ojos-de-su-propia-comunidad-escolar\/#primaryimage\"},\"image\":{\"@id\":\"https:\/\/dev.explora.cl\/coquimbo\/el-impacto-social-del-coronavirus-en-la-higuera-en-ojos-de-su-propia-comunidad-escolar\/#primaryimage\"},\"thumbnailUrl\":\"https:\/\/dev.explora.cl\/coquimbo\/wp-content\/uploads\/sites\/6\/2020\/08\/La-Higuera-1.jpg\",\"datePublished\":\"2020-08-27T20:59:03+00:00\",\"dateModified\":\"2020-10-02T00:52:52+00:00\",\"breadcrumb\":{\"@id\":\"https:\/\/dev.explora.cl\/coquimbo\/el-impacto-social-del-coronavirus-en-la-higuera-en-ojos-de-su-propia-comunidad-escolar\/#breadcrumb\"},\"inLanguage\":\"es-CL\",\"potentialAction\":[{\"@type\":\"ReadAction\",\"target\":[\"https:\/\/dev.explora.cl\/coquimbo\/el-impacto-social-del-coronavirus-en-la-higuera-en-ojos-de-su-propia-comunidad-escolar\/\"]}]},{\"@type\":\"ImageObject\",\"inLanguage\":\"es-CL\",\"@id\":\"https:\/\/dev.explora.cl\/coquimbo\/el-impacto-social-del-coronavirus-en-la-higuera-en-ojos-de-su-propia-comunidad-escolar\/#primaryimage\",\"url\":\"https:\/\/dev.explora.cl\/coquimbo\/wp-content\/uploads\/sites\/6\/2020\/08\/La-Higuera-1.jpg\",\"contentUrl\":\"https:\/\/dev.explora.cl\/coquimbo\/wp-content\/uploads\/sites\/6\/2020\/08\/La-Higuera-1.jpg\",\"width\":1366,\"height\":768},{\"@type\":\"BreadcrumbList\",\"@id\":\"https:\/\/dev.explora.cl\/coquimbo\/el-impacto-social-del-coronavirus-en-la-higuera-en-ojos-de-su-propia-comunidad-escolar\/#breadcrumb\",\"itemListElement\":[{\"@type\":\"ListItem\",\"position\":1,\"name\":\"Portada\",\"item\":\"https:\/\/dev.explora.cl\/coquimbo\/\"},{\"@type\":\"ListItem\",\"position\":2,\"name\":\"El impacto social del coronavirus en ojos de la propia comunidad escolar de La Higuera\"}]},{\"@type\":\"WebSite\",\"@id\":\"https:\/\/dev.explora.cl\/coquimbo\/#website\",\"url\":\"https:\/\/dev.explora.cl\/coquimbo\/\",\"name\":\"Coquimbo\",\"description\":\"Otro sitio m\u00e1s de dev.explora.cl\",\"publisher\":{\"@id\":\"https:\/\/dev.explora.cl\/coquimbo\/#organization\"},\"potentialAction\":[{\"@type\":\"SearchAction\",\"target\":{\"@type\":\"EntryPoint\",\"urlTemplate\":\"https:\/\/dev.explora.cl\/coquimbo\/?s={search_term_string}\"},\"query-input\":{\"@type\":\"PropertyValueSpecification\",\"valueRequired\":true,\"valueName\":\"search_term_string\"}}],\"inLanguage\":\"es-CL\"},{\"@type\":\"Organization\",\"@id\":\"https:\/\/dev.explora.cl\/coquimbo\/#organization\",\"name\":\"Coquimbo\",\"url\":\"https:\/\/dev.explora.cl\/coquimbo\/\",\"logo\":{\"@type\":\"ImageObject\",\"inLanguage\":\"es-CL\",\"@id\":\"https:\/\/dev.explora.cl\/coquimbo\/#\/schema\/logo\/image\/\",\"url\":\"https:\/\/dev.explora.cl\/coquimbo\/wp-content\/uploads\/sites\/6\/2020\/08\/cropped-Mesa-de-trabajo-1-100.jpg\",\"contentUrl\":\"https:\/\/dev.explora.cl\/coquimbo\/wp-content\/uploads\/sites\/6\/2020\/08\/cropped-Mesa-de-trabajo-1-100.jpg\",\"width\":615,\"height\":576,\"caption\":\"Coquimbo\"},\"image\":{\"@id\":\"https:\/\/dev.explora.cl\/coquimbo\/#\/schema\/logo\/image\/\"}},{\"@type\":\"Person\",\"@id\":\"https:\/\/dev.explora.cl\/coquimbo\/#\/schema\/person\/c171f405669e4e4f7e56a099200d2fe6\",\"name\":\"jimartin\",\"image\":{\"@type\":\"ImageObject\",\"inLanguage\":\"es-CL\",\"@id\":\"https:\/\/dev.explora.cl\/coquimbo\/#\/schema\/person\/image\/\",\"url\":\"https:\/\/secure.gravatar.com\/avatar\/8dfd7d14443934731a5aea629f40c1aceb42cc8b566a9926567e833c9d22b643?s=96&d=mm&r=g\",\"contentUrl\":\"https:\/\/secure.gravatar.com\/avatar\/8dfd7d14443934731a5aea629f40c1aceb42cc8b566a9926567e833c9d22b643?s=96&d=mm&r=g\",\"caption\":\"jimartin\"},\"url\":\"https:\/\/dev.explora.cl\/coquimbo\/author\/jimartin\/\"}]}<\/script>\n<!-- \/ Yoast SEO plugin. -->","yoast_head_json":{"title":"El impacto social del coronavirus en ojos de la propia comunidad escolar de La Higuera - Coquimbo","robots":{"index":"index","follow":"follow","max-snippet":"max-snippet:-1","max-image-preview":"max-image-preview:large","max-video-preview":"max-video-preview:-1"},"canonical":"https:\/\/dev.explora.cl\/coquimbo\/el-impacto-social-del-coronavirus-en-la-higuera-en-ojos-de-su-propia-comunidad-escolar\/","og_locale":"es_ES","og_type":"article","og_title":"El impacto social del coronavirus en ojos de la propia comunidad escolar de La Higuera - Coquimbo","og_description":"El impacto social del coronavirus en La Higuera en ojos de su propia comunidad escolar","og_url":"https:\/\/dev.explora.cl\/coquimbo\/el-impacto-social-del-coronavirus-en-la-higuera-en-ojos-de-su-propia-comunidad-escolar\/","og_site_name":"Coquimbo","article_published_time":"2020-08-27T20:59:03+00:00","article_modified_time":"2020-10-02T00:52:52+00:00","og_image":[{"width":1366,"height":768,"url":"https:\/\/dev.explora.cl\/coquimbo\/wp-content\/uploads\/sites\/6\/2020\/08\/La-Higuera-1.jpg","type":"image\/jpeg"}],"author":"jimartin","twitter_card":"summary_large_image","twitter_misc":{"Escrito por":"jimartin","Tiempo estimado de lectura":"4 minutos"},"schema":{"@context":"https:\/\/schema.org","@graph":[{"@type":"Article","@id":"https:\/\/dev.explora.cl\/coquimbo\/el-impacto-social-del-coronavirus-en-la-higuera-en-ojos-de-su-propia-comunidad-escolar\/#article","isPartOf":{"@id":"https:\/\/dev.explora.cl\/coquimbo\/el-impacto-social-del-coronavirus-en-la-higuera-en-ojos-de-su-propia-comunidad-escolar\/"},"author":{"name":"jimartin","@id":"https:\/\/dev.explora.cl\/coquimbo\/#\/schema\/person\/c171f405669e4e4f7e56a099200d2fe6"},"headline":"El impacto social del coronavirus en ojos de la propia comunidad escolar de La Higuera","datePublished":"2020-08-27T20:59:03+00:00","dateModified":"2020-10-02T00:52:52+00:00","mainEntityOfPage":{"@id":"https:\/\/dev.explora.cl\/coquimbo\/el-impacto-social-del-coronavirus-en-la-higuera-en-ojos-de-su-propia-comunidad-escolar\/"},"wordCount":719,"commentCount":0,"publisher":{"@id":"https:\/\/dev.explora.cl\/coquimbo\/#organization"},"image":{"@id":"https:\/\/dev.explora.cl\/coquimbo\/el-impacto-social-del-coronavirus-en-la-higuera-en-ojos-de-su-propia-comunidad-escolar\/#primaryimage"},"thumbnailUrl":"https:\/\/dev.explora.cl\/coquimbo\/wp-content\/uploads\/sites\/6\/2020\/08\/La-Higuera-1.jpg","keywords":["A\u00f1o de los Virus","IIE","Programa IIE"],"articleSection":["Lugar 8"],"inLanguage":"es-CL","potentialAction":[{"@type":"CommentAction","name":"Comment","target":["https:\/\/dev.explora.cl\/coquimbo\/el-impacto-social-del-coronavirus-en-la-higuera-en-ojos-de-su-propia-comunidad-escolar\/#respond"]}]},{"@type":"WebPage","@id":"https:\/\/dev.explora.cl\/coquimbo\/el-impacto-social-del-coronavirus-en-la-higuera-en-ojos-de-su-propia-comunidad-escolar\/","url":"https:\/\/dev.explora.cl\/coquimbo\/el-impacto-social-del-coronavirus-en-la-higuera-en-ojos-de-su-propia-comunidad-escolar\/","name":"El impacto social del coronavirus en ojos de la propia comunidad escolar de La Higuera - Coquimbo","isPartOf":{"@id":"https:\/\/dev.explora.cl\/coquimbo\/#website"},"primaryImageOfPage":{"@id":"https:\/\/dev.explora.cl\/coquimbo\/el-impacto-social-del-coronavirus-en-la-higuera-en-ojos-de-su-propia-comunidad-escolar\/#primaryimage"},"image":{"@id":"https:\/\/dev.explora.cl\/coquimbo\/el-impacto-social-del-coronavirus-en-la-higuera-en-ojos-de-su-propia-comunidad-escolar\/#primaryimage"},"thumbnailUrl":"https:\/\/dev.explora.cl\/coquimbo\/wp-content\/uploads\/sites\/6\/2020\/08\/La-Higuera-1.jpg","datePublished":"2020-08-27T20:59:03+00:00","dateModified":"2020-10-02T00:52:52+00:00","breadcrumb":{"@id":"https:\/\/dev.explora.cl\/coquimbo\/el-impacto-social-del-coronavirus-en-la-higuera-en-ojos-de-su-propia-comunidad-escolar\/#breadcrumb"},"inLanguage":"es-CL","potentialAction":[{"@type":"ReadAction","target":["https:\/\/dev.explora.cl\/coquimbo\/el-impacto-social-del-coronavirus-en-la-higuera-en-ojos-de-su-propia-comunidad-escolar\/"]}]},{"@type":"ImageObject","inLanguage":"es-CL","@id":"https:\/\/dev.explora.cl\/coquimbo\/el-impacto-social-del-coronavirus-en-la-higuera-en-ojos-de-su-propia-comunidad-escolar\/#primaryimage","url":"https:\/\/dev.explora.cl\/coquimbo\/wp-content\/uploads\/sites\/6\/2020\/08\/La-Higuera-1.jpg","contentUrl":"https:\/\/dev.explora.cl\/coquimbo\/wp-content\/uploads\/sites\/6\/2020\/08\/La-Higuera-1.jpg","width":1366,"height":768},{"@type":"BreadcrumbList","@id":"https:\/\/dev.explora.cl\/coquimbo\/el-impacto-social-del-coronavirus-en-la-higuera-en-ojos-de-su-propia-comunidad-escolar\/#breadcrumb","itemListElement":[{"@type":"ListItem","position":1,"name":"Portada","item":"https:\/\/dev.explora.cl\/coquimbo\/"},{"@type":"ListItem","position":2,"name":"El impacto social del coronavirus en ojos de la propia comunidad escolar de La Higuera"}]},{"@type":"WebSite","@id":"https:\/\/dev.explora.cl\/coquimbo\/#website","url":"https:\/\/dev.explora.cl\/coquimbo\/","name":"Coquimbo","description":"Otro sitio m\u00e1s de dev.explora.cl","publisher":{"@id":"https:\/\/dev.explora.cl\/coquimbo\/#organization"},"potentialAction":[{"@type":"SearchAction","target":{"@type":"EntryPoint","urlTemplate":"https:\/\/dev.explora.cl\/coquimbo\/?s={search_term_string}"},"query-input":{"@type":"PropertyValueSpecification","valueRequired":true,"valueName":"search_term_string"}}],"inLanguage":"es-CL"},{"@type":"Organization","@id":"https:\/\/dev.explora.cl\/coquimbo\/#organization","name":"Coquimbo","url":"https:\/\/dev.explora.cl\/coquimbo\/","logo":{"@type":"ImageObject","inLanguage":"es-CL","@id":"https:\/\/dev.explora.cl\/coquimbo\/#\/schema\/logo\/image\/","url":"https:\/\/dev.explora.cl\/coquimbo\/wp-content\/uploads\/sites\/6\/2020\/08\/cropped-Mesa-de-trabajo-1-100.jpg","contentUrl":"https:\/\/dev.explora.cl\/coquimbo\/wp-content\/uploads\/sites\/6\/2020\/08\/cropped-Mesa-de-trabajo-1-100.jpg","width":615,"height":576,"caption":"Coquimbo"},"image":{"@id":"https:\/\/dev.explora.cl\/coquimbo\/#\/schema\/logo\/image\/"}},{"@type":"Person","@id":"https:\/\/dev.explora.cl\/coquimbo\/#\/schema\/person\/c171f405669e4e4f7e56a099200d2fe6","name":"jimartin","image":{"@type":"ImageObject","inLanguage":"es-CL","@id":"https:\/\/dev.explora.cl\/coquimbo\/#\/schema\/person\/image\/","url":"https:\/\/secure.gravatar.com\/avatar\/8dfd7d14443934731a5aea629f40c1aceb42cc8b566a9926567e833c9d22b643?s=96&d=mm&r=g","contentUrl":"https:\/\/secure.gravatar.com\/avatar\/8dfd7d14443934731a5aea629f40c1aceb42cc8b566a9926567e833c9d22b643?s=96&d=mm&r=g","caption":"jimartin"},"url":"https:\/\/dev.explora.cl\/coquimbo\/author\/jimartin\/"}]}},"_links":{"self":[{"href":"https:\/\/dev.explora.cl\/coquimbo\/wp-json\/wp\/v2\/posts\/40756","targetHints":{"allow":["GET"]}}],"collection":[{"href":"https:\/\/dev.explora.cl\/coquimbo\/wp-json\/wp\/v2\/posts"}],"about":[{"href":"https:\/\/dev.explora.cl\/coquimbo\/wp-json\/wp\/v2\/types\/post"}],"author":[{"embeddable":true,"href":"https:\/\/dev.explora.cl\/coquimbo\/wp-json\/wp\/v2\/users\/21"}],"replies":[{"embeddable":true,"href":"https:\/\/dev.explora.cl\/coquimbo\/wp-json\/wp\/v2\/comments?post=40756"}],"version-history":[{"count":2,"href":"https:\/\/dev.explora.cl\/coquimbo\/wp-json\/wp\/v2\/posts\/40756\/revisions"}],"predecessor-version":[{"id":40760,"href":"https:\/\/dev.explora.cl\/coquimbo\/wp-json\/wp\/v2\/posts\/40756\/revisions\/40760"}],"wp:featuredmedia":[{"embeddable":true,"href":"https:\/\/dev.explora.cl\/coquimbo\/wp-json\/wp\/v2\/media\/40757"}],"wp:attachment":[{"href":"https:\/\/dev.explora.cl\/coquimbo\/wp-json\/wp\/v2\/media?parent=40756"}],"wp:term":[{"taxonomy":"category","embeddable":true,"href":"https:\/\/dev.explora.cl\/coquimbo\/wp-json\/wp\/v2\/categories?post=40756"},{"taxonomy":"post_tag","embeddable":true,"href":"https:\/\/dev.explora.cl\/coquimbo\/wp-json\/wp\/v2\/tags?post=40756"}],"curies":[{"name":"wp","href":"https:\/\/api.w.org\/{rel}","templated":true}]}}