{"id":40174,"date":"2019-11-26T12:42:54","date_gmt":"2019-11-26T15:42:54","guid":{"rendered":"https:\/\/dev.explora.cl\/coquimbo\/?p=40174"},"modified":"2020-01-22T11:31:53","modified_gmt":"2020-01-22T14:31:53","slug":"construyendo-un-ecosistema-de-divulgacion-en-la-region-de-coquimbo","status":"publish","type":"post","link":"https:\/\/dev.explora.cl\/coquimbo\/construyendo-un-ecosistema-de-divulgacion-en-la-region-de-coquimbo\/","title":{"rendered":"Construyendo un ecosistema de divulgaci\u00f3n en la Regi\u00f3n de Coquimbo"},"content":{"rendered":"<h3 style=\"text-align: justify\"><strong>La iniciativa \u201cSemilleros de divulgaci\u00f3n\u201d busca darle una nueva mirada a las tradicionales ferias escolares que realizan los establecimientos educacionales, invitando a toda la comunidad y generando lazos para que la ciencia se instale en el territorio.<\/strong><\/h3>\n<p style=\"text-align: justify\">Si uno hace un recorrido por las distintas comunas del pa\u00eds podr\u00e1 darse cuenta de que existen cada vez m\u00e1s ferias escolares organizadas por establecimientos educacionales, generando espacios para que los estudiantes y docentes puedan dar a conocer, en la mayor\u00eda de los casos, lo que sus compa\u00f1eros han realizado durante el a\u00f1o o los trabajos que se generaron en las asignaturas cient\u00edficas.<\/p>\n<p style=\"text-align: justify\">Antofagasta, Santiago u Osorno, la situaci\u00f3n es muy similar. Una hilera de stands en donde ni\u00f1os y ni\u00f1as muestran sus indagaciones, captando la atenci\u00f3n de un p\u00fablico que disfruta de las investigaciones que se han ido desarrollando.<\/p>\n<p style=\"text-align: justify\">En este contexto y asumiendo que el inter\u00e9s de los docentes por realizar estos eventos va en aumento, es que el PAR Explora de CONICYT Coquimbo quiso ir m\u00e1s all\u00e1 y busc\u00f3 generar en estas ferias escolares un ecosistema de conocimiento al que nombr\u00f3 \u201cSemilleros de divulgaci\u00f3n cient\u00edfica\u201d. Esta iniciativa involucra a la comunidad local, fomenta la mirada de g\u00e9nero en espacios educativos y fortalece la investigaci\u00f3n cient\u00edfica escolar.<\/p>\n<p style=\"text-align: justify\">\u201cCuando hablamos de Semillero de Divulgaci\u00f3n, hablamos de plantar y fertilizar ideas, de invitar y de promover la partida y fortalecimiento de diferentes procesos\u201d, explica Sergio Gonz\u00e1lez, director del Proyecto y creador de esta actividad.<\/p>\n<p style=\"text-align: justify\">El docente de la Universidad Cat\u00f3lica del Norte agrega, \u201cal asistir a un Semillero, se comparte con la comunidad educativa de diferentes establecimientos; se habla de lo que se hace y del para qu\u00e9 de la ciencia local; tratamos de incentivar a las ni\u00f1as para que opten por llegar a ser cient\u00edficas; les compramos churrascas y \u201cmote con huesillos\u201d a las mam\u00e1s; recibimos y damos regalos; en fin, es muy complejo tratar de describir todas las relaciones sociales que se forjan en esos momentos, as\u00ed como imposible de describir c\u00f3mo te emocionas y c\u00f3mo esas cosas te mueven a hacer m\u00e1s junto a toda esa gente amable y cari\u00f1osa\u201d, reflexiona.<\/p>\n<p style=\"text-align: justify\"><strong>Hacer ciencia en el barrio<\/strong><\/p>\n<p style=\"text-align: justify\">Todo comenz\u00f3 con el proceso de postulaci\u00f3n. Es en esta etapa en que los profesores detectaron que en sus establecimientos hab\u00eda un deseo fundamental para desarrollar ferias cient\u00edficas. Luego de esa radiograf\u00eda al entorno m\u00e1s cercano, plasmaron todos sus deseos en un formulario que fue analizado por el equipo del PAR Explora, que determin\u00f3 a qu\u00e9 colegios se les complementar\u00eda implementando \u201cla semilla\u201d de la divulgaci\u00f3n.<\/p>\n<p style=\"text-align: justify\">La diferencia que tiene la concepci\u00f3n del semillero de una feria escolar tradicional, es que todo se tiene que basar en el entorno del propio establecimiento. Hay una revoluci\u00f3n en los fondos, m\u00e1s que en las formas. Los proyectos cient\u00edficos que presentan los estudiantes deben tener directa relaci\u00f3n con lo que ocurre en su barrio, en su escuela o en su comuna. Un stand institucional no va a entregar folleter\u00eda o material apilado en cajas, m\u00e1s bien da cuenta cu\u00e1les son sus procesos de investigaci\u00f3n y c\u00f3mo realmente un ni\u00f1o de Coquimbo o Vicu\u00f1a se ve beneficiado con esa labor. En suma, una comunidad educativa que act\u00faa localmente, que piensa globalmente y que contribuye al ecosistema de divulgaci\u00f3n de la regi\u00f3n mediada por el Programa Explora de CONICYT.<\/p>\n<h3 style=\"text-align: right\">\u201cCuando hablamos de Semillero de Divulgaci\u00f3n, hablamos de plantar y fertilizar ideas, de invitar y de promover la partida y fortalecimiento de diferentes procesos\u201d, explica Sergio Gonz\u00e1lez, director del Proyecto y creador de esta actividad.<\/h3>\n<p style=\"text-align: justify\">\u201cTodos los a\u00f1os hacemos una feria cient\u00edfica y este a\u00f1o quer\u00edamos darle una tem\u00e1tica distinta y encontramos que era necesario hablar del rol que est\u00e1 cumpliendo la mujer en la ciencia y recalcarlo y resaltarlo en la realizaci\u00f3n de este a\u00f1o en la feria\u201d, nos cuenta el profesor Daniel Aros, de la Escuela Metodista, quienes se embarcaron en esta aventura junto al Francis School de Coquimbo. El objetivo de estos Semilleros es potenciar la ciencia que realizan las mujeres del pa\u00eds y, sobre todo, mostrar c\u00f3mo las ni\u00f1as de los colegios desarrollan proyectos cient\u00edficos.<\/p>\n<figure id=\"attachment_40180\" aria-describedby=\"caption-attachment-40180\" style=\"width: 401px\" class=\"wp-caption alignleft\"><img loading=\"lazy\" decoding=\"async\" class=\"wp-image-40180 \" src=\"https:\/\/dev.explora.cl\/coquimbo\/wp-content\/uploads\/sites\/6\/2019\/11\/IMG_0824-1024x683.jpg\" alt=\"\" width=\"401\" height=\"267\" srcset=\"https:\/\/dev.explora.cl\/coquimbo\/wp-content\/uploads\/sites\/6\/2019\/11\/IMG_0824-1024x683.jpg 1024w, https:\/\/dev.explora.cl\/coquimbo\/wp-content\/uploads\/sites\/6\/2019\/11\/IMG_0824-300x200.jpg 300w, https:\/\/dev.explora.cl\/coquimbo\/wp-content\/uploads\/sites\/6\/2019\/11\/IMG_0824-768x512.jpg 768w, https:\/\/dev.explora.cl\/coquimbo\/wp-content\/uploads\/sites\/6\/2019\/11\/IMG_0824.jpg 1500w\" sizes=\"auto, (max-width: 401px) 100vw, 401px\" \/><figcaption id=\"caption-attachment-40180\" class=\"wp-caption-text\">El Semillero es la oportunidad de mostrar la cultura propia del establecimiento<\/figcaption><\/figure>\n<p style=\"text-align: justify\">El trabajo de los Semilleros involucra a la comunidad m\u00e1s cercana, como los apoderados del establecimiento, otros colegios cercanos, las juntas de vecinos y diversas agrupaciones de la sociedad civil, como privados y el Estado. Reuniones y encuentros con cada uno de estos fueron necesarios para comenzar a cimentar esta iniciativa, valorando la importancia de hacer ciencia en el barrio.<\/p>\n<p style=\"text-align: justify\">En Chilecito, comuna de Monte Patria, se vivi\u00f3 un encuentro en donde la ruralidad fue el tema central de las exposiciones. Se encontr\u00f3 el apoyo de varias unidades que trabajan en esta materia, como por ejemplo la Universidad de La Serena, quienes llevaron una charla sobre la ciencia en entornos m\u00e1s alejados a los polos urbanos. Por otra parte, los estudiantes exhibieron proyectos cient\u00edficos con una identidad local y que no podr\u00edan darse en otras zonas del pa\u00eds, ya que potenciaron sus indagaciones en la flora y fauna del sector.<\/p>\n<p style=\"text-align: justify\">La directora de la Escuela Chilecito, Sandra Andrades, estuvo muy ligada al desarrollo del evento y se enfoc\u00f3 en hacer un encuentro que tuviera su sello propio. \u201cNos planteamos el desaf\u00edo de organizarlo y reci\u00e9n nos estamos metiendo en la investigaci\u00f3n y hacer ciencia mucho m\u00e1s sistem\u00e1tica a nuestra realidad\u201d. Por lo mismo la invitaci\u00f3n se extendi\u00f3 a los establecimientos de las localidades m\u00e1s cercana, que viven una realidad similar: ruralidad, dispersi\u00f3n geogr\u00e1fica y un entorno \u00e1rido. La docente pudo alentar el trabajo de sus estudiantes con el objetivo de darse cuenta que la labor cient\u00edfica no es s\u00f3lo por una nota o un trabajo acad\u00e9mico, sino m\u00e1s bien un cambio de perspectiva \u201ca medida que acostumbremos a los ni\u00f1os a que la ciencia no es algo lejano, que es algo cotidiano, podremos contribuir a desarrollar conocimiento en la actualidad\u201d.<\/p>\n<p style=\"text-align: justify\"><strong>La ciencia como una herramienta de cambio<\/strong><\/p>\n<p style=\"text-align: justify\">El Semillero no s\u00f3lo act\u00faa como un evento que corona las investigaciones que realizan los ni\u00f1os y ni\u00f1as durante el a\u00f1o en sus establecimientos. No es una feria escolar expositiva que termina en el momento en que se desarman los stands; nada de eso. Hay un trabajo previo, pero, sobre todo, una labor posterior que busca usar la actividad cient\u00edfica para el desarrollo local.<\/p>\n<figure id=\"attachment_40179\" aria-describedby=\"caption-attachment-40179\" style=\"width: 399px\" class=\"wp-caption alignright\"><img loading=\"lazy\" decoding=\"async\" class=\"wp-image-40179 \" src=\"https:\/\/dev.explora.cl\/coquimbo\/wp-content\/uploads\/sites\/6\/2019\/11\/IMG_0259-1024x683.jpg\" alt=\"\" width=\"399\" height=\"266\" srcset=\"https:\/\/dev.explora.cl\/coquimbo\/wp-content\/uploads\/sites\/6\/2019\/11\/IMG_0259-1024x683.jpg 1024w, https:\/\/dev.explora.cl\/coquimbo\/wp-content\/uploads\/sites\/6\/2019\/11\/IMG_0259-300x200.jpg 300w, https:\/\/dev.explora.cl\/coquimbo\/wp-content\/uploads\/sites\/6\/2019\/11\/IMG_0259-768x512.jpg 768w, https:\/\/dev.explora.cl\/coquimbo\/wp-content\/uploads\/sites\/6\/2019\/11\/IMG_0259.jpg 1500w\" sizes=\"auto, (max-width: 399px) 100vw, 399px\" \/><figcaption id=\"caption-attachment-40179\" class=\"wp-caption-text\">El encuentro es la oportunidad que los estudiantes investiguen para el beneficio de su comunidad m\u00e1s cercana<\/figcaption><\/figure>\n<p style=\"text-align: justify\">Desde este minuto comienza la siembra de la semilla, cuando se busca que los establecimientos comiencen a desarrollar un trabajo cient\u00edfico m\u00e1s sistem\u00e1tico, al proponerles ser parte de las academias cient\u00edficas escolares y con ello, poder generar proyectos con una mirada local y que re\u00fanan las condiciones para ser parte de las Ferias Provinciales o los Congresos Regionales.<\/p>\n<p style=\"text-align: justify\">Tambi\u00e9n es el momento para que las ra\u00edces de la semilla empiecen a lograr una red de contactos y apoyos que antes no exist\u00edan. La Junta de Vecinos conoce lo que hace el establecimiento, los apoderados no s\u00f3lo ven el evento como un encuentro para aumentar sus fondos, sino que comienzan a alentar las aptitudes cient\u00edficas de sus propios hijos; y el propio estudiante perfila su futuro educacional con una mirada cient\u00edfica. Y quien sabe qu\u00e9 otras alianzas se pueden generar con empresas, las instituciones participantes, la sociedad civil o el Estado.<\/p>\n<p style=\"text-align: justify\">Que los ni\u00f1os sean el principal motor de recepci\u00f3n de estos Semilleros es fundamental para que los brotes de la semilla sean efectivos en toda la comunidad y qu\u00e9 mejor que difundi\u00e9ndolo con sus personas m\u00e1s cercanas. \u201cSabemos que el primer difusor de la informaci\u00f3n son los mismos ni\u00f1os. Ellos van a llegar contando y los apoderados se van a ver interesados en asistir a las pr\u00f3ximas exposiciones cient\u00edficas\u201d, reflexiona la profesora Camila Santander del Colegio Cervantes de La Serena.<\/p>\n<p style=\"text-align: justify\">Todo esto busca potenciar la labor de la disciplina y su importancia para tener una sociedad m\u00e1s consciente de lo que hace y necesita. \u201cSolo a trav\u00e9s de la ciencia conocemos nuestro mundo y nuestro entorno, y solo a trav\u00e9s de la ciencia podemos ir avanzando\u201d, reflexiona Marcos Salazar, director del Colegio Ra\u00fal Silva Henr\u00edquez de Ovalle.<\/p>\n<p style=\"text-align: justify\">Generar un ecosistema global, comenzar a forjar futuras actitudes en la ciencia y lograr una comunidad de divulgaci\u00f3n, son parte de los desaf\u00edos de este encuentro cient\u00edfico. Muchas veces cuesta, es una lucha ante la adversidad, pero la satisfacci\u00f3n del trabajo realizado es maravillosa, as\u00ed lo cree el Director del PAR Explora Coquimbo, Sergio Gonz\u00e1lez, \u201cs\u00e9 que es poco y nada, y no les miento que no es f\u00e1cil, no se gana mucho, se gasta mucho tiempo, no te van pagar incentivos, no es muy prometedor en lo material ni en el prestigio acad\u00e9mico&#8230; pero, tiene un alto valor social y de verdad planta una semilla para cerrar brechas\u201d.<\/p>\n<p style=\"text-align: justify\">En los primeros d\u00edas de marzo se abrir\u00e1n nuevamente los cupos para participar en los Semilleros de Divulgaci\u00f3n Cient\u00edfica, y as\u00ed seguir actitudes positivas hacia la ciencia en los estudiantes y docentes de la Regi\u00f3n de Coquimbo.<\/p>\n","protected":false},"excerpt":{"rendered":"<p>La iniciativa \u201cSemilleros de divulgaci\u00f3n\u201d busca darle una nueva mirada a las tradicionales ferias escolares que realizan los establecimientos educacionales, invitando a toda la comunidad y generando lazos para que la ciencia se instale en el territorio.<\/p>\n","protected":false},"author":21,"featured_media":40175,"comment_status":"open","ping_status":"open","sticky":false,"template":"","format":"standard","meta":{"_acf_changed":false,"_exactmetrics_skip_tracking":false,"_exactmetrics_sitenote_active":false,"_exactmetrics_sitenote_note":"","_exactmetrics_sitenote_category":0,"footnotes":"","_links_to":"","_links_to_target":""},"categories":[143,4],"tags":[],"class_list":["post-40174","post","type-post","status-publish","format-standard","has-post-thumbnail","hentry","category-lugar-8","category-noticias"],"acf":[],"yoast_head":"<!-- This site is optimized with the Yoast SEO plugin v26.7 - https:\/\/yoast.com\/wordpress\/plugins\/seo\/ -->\n<title>Construyendo un ecosistema de divulgaci\u00f3n en la Regi\u00f3n de Coquimbo - Coquimbo<\/title>\n<meta name=\"robots\" content=\"index, follow, max-snippet:-1, max-image-preview:large, max-video-preview:-1\" \/>\n<link rel=\"canonical\" href=\"https:\/\/dev.explora.cl\/coquimbo\/construyendo-un-ecosistema-de-divulgacion-en-la-region-de-coquimbo\/\" class=\"yoast-seo-meta-tag\" \/>\n<meta property=\"og:locale\" content=\"es_ES\" class=\"yoast-seo-meta-tag\" \/>\n<meta property=\"og:type\" content=\"article\" class=\"yoast-seo-meta-tag\" \/>\n<meta property=\"og:title\" content=\"Construyendo un ecosistema de divulgaci\u00f3n en la Regi\u00f3n de Coquimbo - Coquimbo\" class=\"yoast-seo-meta-tag\" \/>\n<meta property=\"og:description\" content=\"La iniciativa \u201cSemilleros de divulgaci\u00f3n\u201d busca darle una nueva mirada a las tradicionales ferias escolares que realizan los establecimientos educacionales, invitando a toda la comunidad y generando lazos para que la ciencia se instale en el territorio.\" class=\"yoast-seo-meta-tag\" \/>\n<meta property=\"og:url\" content=\"https:\/\/dev.explora.cl\/coquimbo\/construyendo-un-ecosistema-de-divulgacion-en-la-region-de-coquimbo\/\" class=\"yoast-seo-meta-tag\" \/>\n<meta property=\"og:site_name\" content=\"Coquimbo\" class=\"yoast-seo-meta-tag\" \/>\n<meta property=\"article:published_time\" content=\"2019-11-26T15:42:54+00:00\" class=\"yoast-seo-meta-tag\" \/>\n<meta property=\"article:modified_time\" content=\"2020-01-22T14:31:53+00:00\" class=\"yoast-seo-meta-tag\" \/>\n<meta property=\"og:image\" content=\"https:\/\/dev.explora.cl\/coquimbo\/wp-content\/uploads\/sites\/6\/2019\/11\/IMG_1049.jpg\" class=\"yoast-seo-meta-tag\" \/>\n\t<meta property=\"og:image:width\" content=\"1500\" class=\"yoast-seo-meta-tag\" \/>\n\t<meta property=\"og:image:height\" content=\"1000\" class=\"yoast-seo-meta-tag\" \/>\n\t<meta property=\"og:image:type\" content=\"image\/jpeg\" class=\"yoast-seo-meta-tag\" \/>\n<meta name=\"author\" content=\"jimartin\" class=\"yoast-seo-meta-tag\" \/>\n<meta name=\"twitter:card\" content=\"summary_large_image\" class=\"yoast-seo-meta-tag\" \/>\n<meta name=\"twitter:label1\" content=\"Escrito por\" class=\"yoast-seo-meta-tag\" \/>\n\t<meta name=\"twitter:data1\" content=\"jimartin\" class=\"yoast-seo-meta-tag\" \/>\n\t<meta name=\"twitter:label2\" content=\"Tiempo estimado de lectura\" class=\"yoast-seo-meta-tag\" \/>\n\t<meta name=\"twitter:data2\" content=\"8 minutos\" class=\"yoast-seo-meta-tag\" \/>\n<script type=\"application\/ld+json\" class=\"yoast-schema-graph\">{\"@context\":\"https:\/\/schema.org\",\"@graph\":[{\"@type\":\"Article\",\"@id\":\"https:\/\/dev.explora.cl\/coquimbo\/construyendo-un-ecosistema-de-divulgacion-en-la-region-de-coquimbo\/#article\",\"isPartOf\":{\"@id\":\"https:\/\/dev.explora.cl\/coquimbo\/construyendo-un-ecosistema-de-divulgacion-en-la-region-de-coquimbo\/\"},\"author\":{\"name\":\"jimartin\",\"@id\":\"https:\/\/dev.explora.cl\/coquimbo\/#\/schema\/person\/c171f405669e4e4f7e56a099200d2fe6\"},\"headline\":\"Construyendo un ecosistema de divulgaci\u00f3n en la Regi\u00f3n de Coquimbo\",\"datePublished\":\"2019-11-26T15:42:54+00:00\",\"dateModified\":\"2020-01-22T14:31:53+00:00\",\"mainEntityOfPage\":{\"@id\":\"https:\/\/dev.explora.cl\/coquimbo\/construyendo-un-ecosistema-de-divulgacion-en-la-region-de-coquimbo\/\"},\"wordCount\":1654,\"commentCount\":0,\"publisher\":{\"@id\":\"https:\/\/dev.explora.cl\/coquimbo\/#organization\"},\"image\":{\"@id\":\"https:\/\/dev.explora.cl\/coquimbo\/construyendo-un-ecosistema-de-divulgacion-en-la-region-de-coquimbo\/#primaryimage\"},\"thumbnailUrl\":\"https:\/\/dev.explora.cl\/coquimbo\/wp-content\/uploads\/sites\/6\/2019\/11\/IMG_1049.jpg\",\"articleSection\":[\"Lugar 8\",\"Noticias\"],\"inLanguage\":\"es-CL\",\"potentialAction\":[{\"@type\":\"CommentAction\",\"name\":\"Comment\",\"target\":[\"https:\/\/dev.explora.cl\/coquimbo\/construyendo-un-ecosistema-de-divulgacion-en-la-region-de-coquimbo\/#respond\"]}]},{\"@type\":\"WebPage\",\"@id\":\"https:\/\/dev.explora.cl\/coquimbo\/construyendo-un-ecosistema-de-divulgacion-en-la-region-de-coquimbo\/\",\"url\":\"https:\/\/dev.explora.cl\/coquimbo\/construyendo-un-ecosistema-de-divulgacion-en-la-region-de-coquimbo\/\",\"name\":\"Construyendo un ecosistema de divulgaci\u00f3n en la Regi\u00f3n de Coquimbo - Coquimbo\",\"isPartOf\":{\"@id\":\"https:\/\/dev.explora.cl\/coquimbo\/#website\"},\"primaryImageOfPage\":{\"@id\":\"https:\/\/dev.explora.cl\/coquimbo\/construyendo-un-ecosistema-de-divulgacion-en-la-region-de-coquimbo\/#primaryimage\"},\"image\":{\"@id\":\"https:\/\/dev.explora.cl\/coquimbo\/construyendo-un-ecosistema-de-divulgacion-en-la-region-de-coquimbo\/#primaryimage\"},\"thumbnailUrl\":\"https:\/\/dev.explora.cl\/coquimbo\/wp-content\/uploads\/sites\/6\/2019\/11\/IMG_1049.jpg\",\"datePublished\":\"2019-11-26T15:42:54+00:00\",\"dateModified\":\"2020-01-22T14:31:53+00:00\",\"breadcrumb\":{\"@id\":\"https:\/\/dev.explora.cl\/coquimbo\/construyendo-un-ecosistema-de-divulgacion-en-la-region-de-coquimbo\/#breadcrumb\"},\"inLanguage\":\"es-CL\",\"potentialAction\":[{\"@type\":\"ReadAction\",\"target\":[\"https:\/\/dev.explora.cl\/coquimbo\/construyendo-un-ecosistema-de-divulgacion-en-la-region-de-coquimbo\/\"]}]},{\"@type\":\"ImageObject\",\"inLanguage\":\"es-CL\",\"@id\":\"https:\/\/dev.explora.cl\/coquimbo\/construyendo-un-ecosistema-de-divulgacion-en-la-region-de-coquimbo\/#primaryimage\",\"url\":\"https:\/\/dev.explora.cl\/coquimbo\/wp-content\/uploads\/sites\/6\/2019\/11\/IMG_1049.jpg\",\"contentUrl\":\"https:\/\/dev.explora.cl\/coquimbo\/wp-content\/uploads\/sites\/6\/2019\/11\/IMG_1049.jpg\",\"width\":1500,\"height\":1000},{\"@type\":\"BreadcrumbList\",\"@id\":\"https:\/\/dev.explora.cl\/coquimbo\/construyendo-un-ecosistema-de-divulgacion-en-la-region-de-coquimbo\/#breadcrumb\",\"itemListElement\":[{\"@type\":\"ListItem\",\"position\":1,\"name\":\"Portada\",\"item\":\"https:\/\/dev.explora.cl\/coquimbo\/\"},{\"@type\":\"ListItem\",\"position\":2,\"name\":\"Construyendo un ecosistema de divulgaci\u00f3n en la Regi\u00f3n de Coquimbo\"}]},{\"@type\":\"WebSite\",\"@id\":\"https:\/\/dev.explora.cl\/coquimbo\/#website\",\"url\":\"https:\/\/dev.explora.cl\/coquimbo\/\",\"name\":\"Coquimbo\",\"description\":\"Otro sitio m\u00e1s de dev.explora.cl\",\"publisher\":{\"@id\":\"https:\/\/dev.explora.cl\/coquimbo\/#organization\"},\"potentialAction\":[{\"@type\":\"SearchAction\",\"target\":{\"@type\":\"EntryPoint\",\"urlTemplate\":\"https:\/\/dev.explora.cl\/coquimbo\/?s={search_term_string}\"},\"query-input\":{\"@type\":\"PropertyValueSpecification\",\"valueRequired\":true,\"valueName\":\"search_term_string\"}}],\"inLanguage\":\"es-CL\"},{\"@type\":\"Organization\",\"@id\":\"https:\/\/dev.explora.cl\/coquimbo\/#organization\",\"name\":\"Coquimbo\",\"url\":\"https:\/\/dev.explora.cl\/coquimbo\/\",\"logo\":{\"@type\":\"ImageObject\",\"inLanguage\":\"es-CL\",\"@id\":\"https:\/\/dev.explora.cl\/coquimbo\/#\/schema\/logo\/image\/\",\"url\":\"https:\/\/dev.explora.cl\/coquimbo\/wp-content\/uploads\/sites\/6\/2020\/08\/cropped-Mesa-de-trabajo-1-100.jpg\",\"contentUrl\":\"https:\/\/dev.explora.cl\/coquimbo\/wp-content\/uploads\/sites\/6\/2020\/08\/cropped-Mesa-de-trabajo-1-100.jpg\",\"width\":615,\"height\":576,\"caption\":\"Coquimbo\"},\"image\":{\"@id\":\"https:\/\/dev.explora.cl\/coquimbo\/#\/schema\/logo\/image\/\"}},{\"@type\":\"Person\",\"@id\":\"https:\/\/dev.explora.cl\/coquimbo\/#\/schema\/person\/c171f405669e4e4f7e56a099200d2fe6\",\"name\":\"jimartin\",\"image\":{\"@type\":\"ImageObject\",\"inLanguage\":\"es-CL\",\"@id\":\"https:\/\/dev.explora.cl\/coquimbo\/#\/schema\/person\/image\/\",\"url\":\"https:\/\/secure.gravatar.com\/avatar\/8dfd7d14443934731a5aea629f40c1aceb42cc8b566a9926567e833c9d22b643?s=96&d=mm&r=g\",\"contentUrl\":\"https:\/\/secure.gravatar.com\/avatar\/8dfd7d14443934731a5aea629f40c1aceb42cc8b566a9926567e833c9d22b643?s=96&d=mm&r=g\",\"caption\":\"jimartin\"},\"url\":\"https:\/\/dev.explora.cl\/coquimbo\/author\/jimartin\/\"}]}<\/script>\n<!-- \/ Yoast SEO plugin. -->","yoast_head_json":{"title":"Construyendo un ecosistema de divulgaci\u00f3n en la Regi\u00f3n de Coquimbo - Coquimbo","robots":{"index":"index","follow":"follow","max-snippet":"max-snippet:-1","max-image-preview":"max-image-preview:large","max-video-preview":"max-video-preview:-1"},"canonical":"https:\/\/dev.explora.cl\/coquimbo\/construyendo-un-ecosistema-de-divulgacion-en-la-region-de-coquimbo\/","og_locale":"es_ES","og_type":"article","og_title":"Construyendo un ecosistema de divulgaci\u00f3n en la Regi\u00f3n de Coquimbo - Coquimbo","og_description":"La iniciativa \u201cSemilleros de divulgaci\u00f3n\u201d busca darle una nueva mirada a las tradicionales ferias escolares que realizan los establecimientos educacionales, invitando a toda la comunidad y generando lazos para que la ciencia se instale en el territorio.","og_url":"https:\/\/dev.explora.cl\/coquimbo\/construyendo-un-ecosistema-de-divulgacion-en-la-region-de-coquimbo\/","og_site_name":"Coquimbo","article_published_time":"2019-11-26T15:42:54+00:00","article_modified_time":"2020-01-22T14:31:53+00:00","og_image":[{"width":1500,"height":1000,"url":"https:\/\/dev.explora.cl\/coquimbo\/wp-content\/uploads\/sites\/6\/2019\/11\/IMG_1049.jpg","type":"image\/jpeg"}],"author":"jimartin","twitter_card":"summary_large_image","twitter_misc":{"Escrito por":"jimartin","Tiempo estimado de lectura":"8 minutos"},"schema":{"@context":"https:\/\/schema.org","@graph":[{"@type":"Article","@id":"https:\/\/dev.explora.cl\/coquimbo\/construyendo-un-ecosistema-de-divulgacion-en-la-region-de-coquimbo\/#article","isPartOf":{"@id":"https:\/\/dev.explora.cl\/coquimbo\/construyendo-un-ecosistema-de-divulgacion-en-la-region-de-coquimbo\/"},"author":{"name":"jimartin","@id":"https:\/\/dev.explora.cl\/coquimbo\/#\/schema\/person\/c171f405669e4e4f7e56a099200d2fe6"},"headline":"Construyendo un ecosistema de divulgaci\u00f3n en la Regi\u00f3n de Coquimbo","datePublished":"2019-11-26T15:42:54+00:00","dateModified":"2020-01-22T14:31:53+00:00","mainEntityOfPage":{"@id":"https:\/\/dev.explora.cl\/coquimbo\/construyendo-un-ecosistema-de-divulgacion-en-la-region-de-coquimbo\/"},"wordCount":1654,"commentCount":0,"publisher":{"@id":"https:\/\/dev.explora.cl\/coquimbo\/#organization"},"image":{"@id":"https:\/\/dev.explora.cl\/coquimbo\/construyendo-un-ecosistema-de-divulgacion-en-la-region-de-coquimbo\/#primaryimage"},"thumbnailUrl":"https:\/\/dev.explora.cl\/coquimbo\/wp-content\/uploads\/sites\/6\/2019\/11\/IMG_1049.jpg","articleSection":["Lugar 8","Noticias"],"inLanguage":"es-CL","potentialAction":[{"@type":"CommentAction","name":"Comment","target":["https:\/\/dev.explora.cl\/coquimbo\/construyendo-un-ecosistema-de-divulgacion-en-la-region-de-coquimbo\/#respond"]}]},{"@type":"WebPage","@id":"https:\/\/dev.explora.cl\/coquimbo\/construyendo-un-ecosistema-de-divulgacion-en-la-region-de-coquimbo\/","url":"https:\/\/dev.explora.cl\/coquimbo\/construyendo-un-ecosistema-de-divulgacion-en-la-region-de-coquimbo\/","name":"Construyendo un ecosistema de divulgaci\u00f3n en la Regi\u00f3n de Coquimbo - Coquimbo","isPartOf":{"@id":"https:\/\/dev.explora.cl\/coquimbo\/#website"},"primaryImageOfPage":{"@id":"https:\/\/dev.explora.cl\/coquimbo\/construyendo-un-ecosistema-de-divulgacion-en-la-region-de-coquimbo\/#primaryimage"},"image":{"@id":"https:\/\/dev.explora.cl\/coquimbo\/construyendo-un-ecosistema-de-divulgacion-en-la-region-de-coquimbo\/#primaryimage"},"thumbnailUrl":"https:\/\/dev.explora.cl\/coquimbo\/wp-content\/uploads\/sites\/6\/2019\/11\/IMG_1049.jpg","datePublished":"2019-11-26T15:42:54+00:00","dateModified":"2020-01-22T14:31:53+00:00","breadcrumb":{"@id":"https:\/\/dev.explora.cl\/coquimbo\/construyendo-un-ecosistema-de-divulgacion-en-la-region-de-coquimbo\/#breadcrumb"},"inLanguage":"es-CL","potentialAction":[{"@type":"ReadAction","target":["https:\/\/dev.explora.cl\/coquimbo\/construyendo-un-ecosistema-de-divulgacion-en-la-region-de-coquimbo\/"]}]},{"@type":"ImageObject","inLanguage":"es-CL","@id":"https:\/\/dev.explora.cl\/coquimbo\/construyendo-un-ecosistema-de-divulgacion-en-la-region-de-coquimbo\/#primaryimage","url":"https:\/\/dev.explora.cl\/coquimbo\/wp-content\/uploads\/sites\/6\/2019\/11\/IMG_1049.jpg","contentUrl":"https:\/\/dev.explora.cl\/coquimbo\/wp-content\/uploads\/sites\/6\/2019\/11\/IMG_1049.jpg","width":1500,"height":1000},{"@type":"BreadcrumbList","@id":"https:\/\/dev.explora.cl\/coquimbo\/construyendo-un-ecosistema-de-divulgacion-en-la-region-de-coquimbo\/#breadcrumb","itemListElement":[{"@type":"ListItem","position":1,"name":"Portada","item":"https:\/\/dev.explora.cl\/coquimbo\/"},{"@type":"ListItem","position":2,"name":"Construyendo un ecosistema de divulgaci\u00f3n en la Regi\u00f3n de Coquimbo"}]},{"@type":"WebSite","@id":"https:\/\/dev.explora.cl\/coquimbo\/#website","url":"https:\/\/dev.explora.cl\/coquimbo\/","name":"Coquimbo","description":"Otro sitio m\u00e1s de dev.explora.cl","publisher":{"@id":"https:\/\/dev.explora.cl\/coquimbo\/#organization"},"potentialAction":[{"@type":"SearchAction","target":{"@type":"EntryPoint","urlTemplate":"https:\/\/dev.explora.cl\/coquimbo\/?s={search_term_string}"},"query-input":{"@type":"PropertyValueSpecification","valueRequired":true,"valueName":"search_term_string"}}],"inLanguage":"es-CL"},{"@type":"Organization","@id":"https:\/\/dev.explora.cl\/coquimbo\/#organization","name":"Coquimbo","url":"https:\/\/dev.explora.cl\/coquimbo\/","logo":{"@type":"ImageObject","inLanguage":"es-CL","@id":"https:\/\/dev.explora.cl\/coquimbo\/#\/schema\/logo\/image\/","url":"https:\/\/dev.explora.cl\/coquimbo\/wp-content\/uploads\/sites\/6\/2020\/08\/cropped-Mesa-de-trabajo-1-100.jpg","contentUrl":"https:\/\/dev.explora.cl\/coquimbo\/wp-content\/uploads\/sites\/6\/2020\/08\/cropped-Mesa-de-trabajo-1-100.jpg","width":615,"height":576,"caption":"Coquimbo"},"image":{"@id":"https:\/\/dev.explora.cl\/coquimbo\/#\/schema\/logo\/image\/"}},{"@type":"Person","@id":"https:\/\/dev.explora.cl\/coquimbo\/#\/schema\/person\/c171f405669e4e4f7e56a099200d2fe6","name":"jimartin","image":{"@type":"ImageObject","inLanguage":"es-CL","@id":"https:\/\/dev.explora.cl\/coquimbo\/#\/schema\/person\/image\/","url":"https:\/\/secure.gravatar.com\/avatar\/8dfd7d14443934731a5aea629f40c1aceb42cc8b566a9926567e833c9d22b643?s=96&d=mm&r=g","contentUrl":"https:\/\/secure.gravatar.com\/avatar\/8dfd7d14443934731a5aea629f40c1aceb42cc8b566a9926567e833c9d22b643?s=96&d=mm&r=g","caption":"jimartin"},"url":"https:\/\/dev.explora.cl\/coquimbo\/author\/jimartin\/"}]}},"_links":{"self":[{"href":"https:\/\/dev.explora.cl\/coquimbo\/wp-json\/wp\/v2\/posts\/40174","targetHints":{"allow":["GET"]}}],"collection":[{"href":"https:\/\/dev.explora.cl\/coquimbo\/wp-json\/wp\/v2\/posts"}],"about":[{"href":"https:\/\/dev.explora.cl\/coquimbo\/wp-json\/wp\/v2\/types\/post"}],"author":[{"embeddable":true,"href":"https:\/\/dev.explora.cl\/coquimbo\/wp-json\/wp\/v2\/users\/21"}],"replies":[{"embeddable":true,"href":"https:\/\/dev.explora.cl\/coquimbo\/wp-json\/wp\/v2\/comments?post=40174"}],"version-history":[{"count":4,"href":"https:\/\/dev.explora.cl\/coquimbo\/wp-json\/wp\/v2\/posts\/40174\/revisions"}],"predecessor-version":[{"id":40178,"href":"https:\/\/dev.explora.cl\/coquimbo\/wp-json\/wp\/v2\/posts\/40174\/revisions\/40178"}],"wp:featuredmedia":[{"embeddable":true,"href":"https:\/\/dev.explora.cl\/coquimbo\/wp-json\/wp\/v2\/media\/40175"}],"wp:attachment":[{"href":"https:\/\/dev.explora.cl\/coquimbo\/wp-json\/wp\/v2\/media?parent=40174"}],"wp:term":[{"taxonomy":"category","embeddable":true,"href":"https:\/\/dev.explora.cl\/coquimbo\/wp-json\/wp\/v2\/categories?post=40174"},{"taxonomy":"post_tag","embeddable":true,"href":"https:\/\/dev.explora.cl\/coquimbo\/wp-json\/wp\/v2\/tags?post=40174"}],"curies":[{"name":"wp","href":"https:\/\/api.w.org\/{rel}","templated":true}]}}