{"id":37909,"date":"2014-12-17T00:00:00","date_gmt":"2014-12-17T04:00:00","guid":{"rendered":"https:\/\/dev.explora.cl\/coquimbo\/blog\/2014\/12\/17\/los-estudiantes-del-bernardo-o-higgins-le-hacen-la-cruz-a-facebook\/"},"modified":"2019-05-16T06:40:19","modified_gmt":"2019-05-16T06:40:19","slug":"los-estudiantes-del-bernardo-o-higgins-le-hacen-la-cruz-a-facebook","status":"publish","type":"post","link":"https:\/\/dev.explora.cl\/coquimbo\/los-estudiantes-del-bernardo-o-higgins-le-hacen-la-cruz-a-facebook\/","title":{"rendered":"Los estudiantes del Bernardo O\u2019Higgins \u201cle hacen la cruz\u201d a Facebook"},"content":{"rendered":"<p><img loading=\"lazy\" decoding=\"async\" class=\" size-full wp-image-7984\" src=\"http:\/\/ec2-34-218-253-251.us-west-2.compute.amazonaws.com\/wp-content\/uploads\/2014\/12\/eef7e2a2e24225bd3a0e83ca47432483.jpg\" alt=\"\" width=\"2592\" height=\"1456\" \/><\/p>\n<p>En el marco de los talleres de Periodismo Cient\u00edfico, los estudiantes de este\u00a0 establecimiento debatieron sobre esta red social, afirmando que no les gusta porque no respeta la privacidad.<\/p>\n<p>Una de las principales redes sociales del mundo es Facebook y sorprende que j\u00f3venes a temprana edad ya muestren su rechazo a esta plataforma. Esto es lo que le ocurre a los estudiantes del colegio Bernardo O\u2019Higgins que participaron del Taller de Periodismo Cient\u00edfico y mostraron su desinter\u00e9s frente a esta p\u00e1gina web.\u00a0<\/p>\n<p>En un acalorado debate, los participante de la actividad organizada por el PAR EXPLORA Coquimbo, dieron a conocer sus puntos de vista frente a Facebook, afirmando que \u201cse pierde personalidad, contacto y hay mucho chisme\u201d.<\/p>\n<p>El alumno de sexto A, Valent\u00edn Peralta, declar\u00f3 que la red social \u201chace que las personas no socialicen como antes, por lo que esa herramienta no me llama la atenci\u00f3n\u201d.<\/p>\n<p>Las alumnas del taller de Periodismo, Catalina Escobar \u00a0y Claudia Galleguillos, reafirmaron lo comentado por su compa\u00f1ero, se\u00f1alando que \u201chay faltas de ortograf\u00eda, falta de comunicaci\u00f3n, hay discriminaci\u00f3n, es mon\u00f3tono y los usuarios viven un mundo de me gusta, valid\u00e1ndose como personas\u201d.<\/p>\n<p>El taller culmin\u00f3 con la entrega de diplomas a los asistentes de estas jornadas de comunicaci\u00f3n de las ciencias.<\/p>\n<p>*La noticia fue redactada por los alumnos y alumnas del Colegio Bernardo O\u2019Higgins, Catalina Escobar, Claudia Galleguillos, \u00a0Keimmy Jim\u00e9nez y Valent\u00edn Peralta. \u00a0<\/p>\n<p>\u00a0<\/p>\n","protected":false},"excerpt":{"rendered":"<p>En el marco de los talleres de Periodismo Cient\u00edfico, los estudiantes de este\u00a0 establecimiento debatieron sobre esta red social, afirmando que no les gusta porque no respeta la privacidad. Una de las principales redes sociales del mundo es Facebook y sorprende que j\u00f3venes a temprana edad ya muestren su rechazo a esta plataforma. Esto es [&hellip;]<\/p>\n","protected":false},"author":2,"featured_media":33803,"comment_status":"open","ping_status":"open","sticky":false,"template":"","format":"standard","meta":{"_acf_changed":false,"_exactmetrics_skip_tracking":false,"_exactmetrics_sitenote_active":false,"_exactmetrics_sitenote_note":"","_exactmetrics_sitenote_category":0,"footnotes":"","_links_to":"","_links_to_target":""},"categories":[4],"tags":[],"class_list":["post-37909","post","type-post","status-publish","format-standard","has-post-thumbnail","hentry","category-noticias"],"acf":[],"yoast_head":"<!-- This site is optimized with the Yoast SEO plugin v26.7 - https:\/\/yoast.com\/wordpress\/plugins\/seo\/ -->\n<title>Los estudiantes del Bernardo O\u2019Higgins \u201cle hacen la cruz\u201d a Facebook - Coquimbo<\/title>\n<meta name=\"robots\" content=\"index, follow, max-snippet:-1, max-image-preview:large, max-video-preview:-1\" \/>\n<link rel=\"canonical\" href=\"https:\/\/dev.explora.cl\/coquimbo\/los-estudiantes-del-bernardo-o-higgins-le-hacen-la-cruz-a-facebook\/\" class=\"yoast-seo-meta-tag\" \/>\n<meta property=\"og:locale\" content=\"es_ES\" class=\"yoast-seo-meta-tag\" \/>\n<meta property=\"og:type\" content=\"article\" class=\"yoast-seo-meta-tag\" \/>\n<meta property=\"og:title\" content=\"Los estudiantes del Bernardo O\u2019Higgins \u201cle hacen la cruz\u201d a Facebook - Coquimbo\" class=\"yoast-seo-meta-tag\" \/>\n<meta property=\"og:description\" content=\"En el marco de los talleres de Periodismo Cient\u00edfico, los estudiantes de este\u00a0 establecimiento debatieron sobre esta red social, afirmando que no les gusta porque no respeta la privacidad. Una de las principales redes sociales del mundo es Facebook y sorprende que j\u00f3venes a temprana edad ya muestren su rechazo a esta plataforma. Esto es [&hellip;]\" class=\"yoast-seo-meta-tag\" \/>\n<meta property=\"og:url\" content=\"https:\/\/dev.explora.cl\/coquimbo\/los-estudiantes-del-bernardo-o-higgins-le-hacen-la-cruz-a-facebook\/\" class=\"yoast-seo-meta-tag\" \/>\n<meta property=\"og:site_name\" content=\"Coquimbo\" class=\"yoast-seo-meta-tag\" \/>\n<meta property=\"article:published_time\" content=\"2014-12-17T04:00:00+00:00\" class=\"yoast-seo-meta-tag\" \/>\n<meta property=\"article:modified_time\" content=\"2019-05-16T06:40:19+00:00\" class=\"yoast-seo-meta-tag\" \/>\n<meta property=\"og:image\" content=\"https:\/\/dev.explora.cl\/coquimbo\/wp-content\/uploads\/sites\/6\/2018\/06\/eef7e2a2e24225bd3a0e83ca47432483.jpg\" class=\"yoast-seo-meta-tag\" \/>\n\t<meta property=\"og:image:width\" content=\"2592\" class=\"yoast-seo-meta-tag\" \/>\n\t<meta property=\"og:image:height\" content=\"1456\" class=\"yoast-seo-meta-tag\" \/>\n\t<meta property=\"og:image:type\" content=\"image\/jpeg\" class=\"yoast-seo-meta-tag\" \/>\n<meta name=\"author\" content=\"webman\" class=\"yoast-seo-meta-tag\" \/>\n<meta name=\"twitter:card\" content=\"summary_large_image\" class=\"yoast-seo-meta-tag\" \/>\n<meta name=\"twitter:label1\" content=\"Escrito por\" class=\"yoast-seo-meta-tag\" \/>\n\t<meta name=\"twitter:data1\" content=\"webman\" class=\"yoast-seo-meta-tag\" \/>\n\t<meta name=\"twitter:label2\" content=\"Tiempo estimado de lectura\" class=\"yoast-seo-meta-tag\" \/>\n\t<meta name=\"twitter:data2\" content=\"1 minuto\" class=\"yoast-seo-meta-tag\" \/>\n<script type=\"application\/ld+json\" class=\"yoast-schema-graph\">{\"@context\":\"https:\/\/schema.org\",\"@graph\":[{\"@type\":\"Article\",\"@id\":\"https:\/\/dev.explora.cl\/coquimbo\/los-estudiantes-del-bernardo-o-higgins-le-hacen-la-cruz-a-facebook\/#article\",\"isPartOf\":{\"@id\":\"https:\/\/dev.explora.cl\/coquimbo\/los-estudiantes-del-bernardo-o-higgins-le-hacen-la-cruz-a-facebook\/\"},\"author\":{\"name\":\"webman\",\"@id\":\"https:\/\/dev.explora.cl\/coquimbo\/#\/schema\/person\/cb8349c13ea2d324080adf8480d7ba5d\"},\"headline\":\"Los estudiantes del Bernardo O\u2019Higgins \u201cle hacen la cruz\u201d a Facebook\",\"datePublished\":\"2014-12-17T04:00:00+00:00\",\"dateModified\":\"2019-05-16T06:40:19+00:00\",\"mainEntityOfPage\":{\"@id\":\"https:\/\/dev.explora.cl\/coquimbo\/los-estudiantes-del-bernardo-o-higgins-le-hacen-la-cruz-a-facebook\/\"},\"wordCount\":261,\"commentCount\":0,\"publisher\":{\"@id\":\"https:\/\/dev.explora.cl\/coquimbo\/#organization\"},\"image\":{\"@id\":\"https:\/\/dev.explora.cl\/coquimbo\/los-estudiantes-del-bernardo-o-higgins-le-hacen-la-cruz-a-facebook\/#primaryimage\"},\"thumbnailUrl\":\"https:\/\/dev.explora.cl\/coquimbo\/wp-content\/uploads\/sites\/6\/2018\/06\/eef7e2a2e24225bd3a0e83ca47432483.jpg\",\"articleSection\":[\"Noticias\"],\"inLanguage\":\"es-CL\",\"potentialAction\":[{\"@type\":\"CommentAction\",\"name\":\"Comment\",\"target\":[\"https:\/\/dev.explora.cl\/coquimbo\/los-estudiantes-del-bernardo-o-higgins-le-hacen-la-cruz-a-facebook\/#respond\"]}]},{\"@type\":\"WebPage\",\"@id\":\"https:\/\/dev.explora.cl\/coquimbo\/los-estudiantes-del-bernardo-o-higgins-le-hacen-la-cruz-a-facebook\/\",\"url\":\"https:\/\/dev.explora.cl\/coquimbo\/los-estudiantes-del-bernardo-o-higgins-le-hacen-la-cruz-a-facebook\/\",\"name\":\"Los estudiantes del Bernardo O\u2019Higgins \u201cle hacen la cruz\u201d a Facebook - Coquimbo\",\"isPartOf\":{\"@id\":\"https:\/\/dev.explora.cl\/coquimbo\/#website\"},\"primaryImageOfPage\":{\"@id\":\"https:\/\/dev.explora.cl\/coquimbo\/los-estudiantes-del-bernardo-o-higgins-le-hacen-la-cruz-a-facebook\/#primaryimage\"},\"image\":{\"@id\":\"https:\/\/dev.explora.cl\/coquimbo\/los-estudiantes-del-bernardo-o-higgins-le-hacen-la-cruz-a-facebook\/#primaryimage\"},\"thumbnailUrl\":\"https:\/\/dev.explora.cl\/coquimbo\/wp-content\/uploads\/sites\/6\/2018\/06\/eef7e2a2e24225bd3a0e83ca47432483.jpg\",\"datePublished\":\"2014-12-17T04:00:00+00:00\",\"dateModified\":\"2019-05-16T06:40:19+00:00\",\"breadcrumb\":{\"@id\":\"https:\/\/dev.explora.cl\/coquimbo\/los-estudiantes-del-bernardo-o-higgins-le-hacen-la-cruz-a-facebook\/#breadcrumb\"},\"inLanguage\":\"es-CL\",\"potentialAction\":[{\"@type\":\"ReadAction\",\"target\":[\"https:\/\/dev.explora.cl\/coquimbo\/los-estudiantes-del-bernardo-o-higgins-le-hacen-la-cruz-a-facebook\/\"]}]},{\"@type\":\"ImageObject\",\"inLanguage\":\"es-CL\",\"@id\":\"https:\/\/dev.explora.cl\/coquimbo\/los-estudiantes-del-bernardo-o-higgins-le-hacen-la-cruz-a-facebook\/#primaryimage\",\"url\":\"https:\/\/dev.explora.cl\/coquimbo\/wp-content\/uploads\/sites\/6\/2018\/06\/eef7e2a2e24225bd3a0e83ca47432483.jpg\",\"contentUrl\":\"https:\/\/dev.explora.cl\/coquimbo\/wp-content\/uploads\/sites\/6\/2018\/06\/eef7e2a2e24225bd3a0e83ca47432483.jpg\",\"width\":2592,\"height\":1456},{\"@type\":\"BreadcrumbList\",\"@id\":\"https:\/\/dev.explora.cl\/coquimbo\/los-estudiantes-del-bernardo-o-higgins-le-hacen-la-cruz-a-facebook\/#breadcrumb\",\"itemListElement\":[{\"@type\":\"ListItem\",\"position\":1,\"name\":\"Portada\",\"item\":\"https:\/\/dev.explora.cl\/coquimbo\/\"},{\"@type\":\"ListItem\",\"position\":2,\"name\":\"Los estudiantes del Bernardo O\u2019Higgins \u201cle hacen la cruz\u201d a Facebook\"}]},{\"@type\":\"WebSite\",\"@id\":\"https:\/\/dev.explora.cl\/coquimbo\/#website\",\"url\":\"https:\/\/dev.explora.cl\/coquimbo\/\",\"name\":\"Coquimbo\",\"description\":\"Otro sitio m\u00e1s de dev.explora.cl\",\"publisher\":{\"@id\":\"https:\/\/dev.explora.cl\/coquimbo\/#organization\"},\"potentialAction\":[{\"@type\":\"SearchAction\",\"target\":{\"@type\":\"EntryPoint\",\"urlTemplate\":\"https:\/\/dev.explora.cl\/coquimbo\/?s={search_term_string}\"},\"query-input\":{\"@type\":\"PropertyValueSpecification\",\"valueRequired\":true,\"valueName\":\"search_term_string\"}}],\"inLanguage\":\"es-CL\"},{\"@type\":\"Organization\",\"@id\":\"https:\/\/dev.explora.cl\/coquimbo\/#organization\",\"name\":\"Coquimbo\",\"url\":\"https:\/\/dev.explora.cl\/coquimbo\/\",\"logo\":{\"@type\":\"ImageObject\",\"inLanguage\":\"es-CL\",\"@id\":\"https:\/\/dev.explora.cl\/coquimbo\/#\/schema\/logo\/image\/\",\"url\":\"https:\/\/dev.explora.cl\/coquimbo\/wp-content\/uploads\/sites\/6\/2020\/08\/cropped-Mesa-de-trabajo-1-100.jpg\",\"contentUrl\":\"https:\/\/dev.explora.cl\/coquimbo\/wp-content\/uploads\/sites\/6\/2020\/08\/cropped-Mesa-de-trabajo-1-100.jpg\",\"width\":615,\"height\":576,\"caption\":\"Coquimbo\"},\"image\":{\"@id\":\"https:\/\/dev.explora.cl\/coquimbo\/#\/schema\/logo\/image\/\"}},{\"@type\":\"Person\",\"@id\":\"https:\/\/dev.explora.cl\/coquimbo\/#\/schema\/person\/cb8349c13ea2d324080adf8480d7ba5d\",\"name\":\"webman\",\"image\":{\"@type\":\"ImageObject\",\"inLanguage\":\"es-CL\",\"@id\":\"https:\/\/dev.explora.cl\/coquimbo\/#\/schema\/person\/image\/\",\"url\":\"https:\/\/secure.gravatar.com\/avatar\/eeff3c82f2c02f7177d13663b7e6f890e9a6a0647ce9bb29cae02dcb094c7312?s=96&d=mm&r=g\",\"contentUrl\":\"https:\/\/secure.gravatar.com\/avatar\/eeff3c82f2c02f7177d13663b7e6f890e9a6a0647ce9bb29cae02dcb094c7312?s=96&d=mm&r=g\",\"caption\":\"webman\"},\"url\":\"https:\/\/dev.explora.cl\/coquimbo\/author\/webman\/\"}]}<\/script>\n<!-- \/ Yoast SEO plugin. -->","yoast_head_json":{"title":"Los estudiantes del Bernardo O\u2019Higgins \u201cle hacen la cruz\u201d a Facebook - Coquimbo","robots":{"index":"index","follow":"follow","max-snippet":"max-snippet:-1","max-image-preview":"max-image-preview:large","max-video-preview":"max-video-preview:-1"},"canonical":"https:\/\/dev.explora.cl\/coquimbo\/los-estudiantes-del-bernardo-o-higgins-le-hacen-la-cruz-a-facebook\/","og_locale":"es_ES","og_type":"article","og_title":"Los estudiantes del Bernardo O\u2019Higgins \u201cle hacen la cruz\u201d a Facebook - Coquimbo","og_description":"En el marco de los talleres de Periodismo Cient\u00edfico, los estudiantes de este\u00a0 establecimiento debatieron sobre esta red social, afirmando que no les gusta porque no respeta la privacidad. Una de las principales redes sociales del mundo es Facebook y sorprende que j\u00f3venes a temprana edad ya muestren su rechazo a esta plataforma. Esto es [&hellip;]","og_url":"https:\/\/dev.explora.cl\/coquimbo\/los-estudiantes-del-bernardo-o-higgins-le-hacen-la-cruz-a-facebook\/","og_site_name":"Coquimbo","article_published_time":"2014-12-17T04:00:00+00:00","article_modified_time":"2019-05-16T06:40:19+00:00","og_image":[{"width":2592,"height":1456,"url":"https:\/\/dev.explora.cl\/coquimbo\/wp-content\/uploads\/sites\/6\/2018\/06\/eef7e2a2e24225bd3a0e83ca47432483.jpg","type":"image\/jpeg"}],"author":"webman","twitter_card":"summary_large_image","twitter_misc":{"Escrito por":"webman","Tiempo estimado de lectura":"1 minuto"},"schema":{"@context":"https:\/\/schema.org","@graph":[{"@type":"Article","@id":"https:\/\/dev.explora.cl\/coquimbo\/los-estudiantes-del-bernardo-o-higgins-le-hacen-la-cruz-a-facebook\/#article","isPartOf":{"@id":"https:\/\/dev.explora.cl\/coquimbo\/los-estudiantes-del-bernardo-o-higgins-le-hacen-la-cruz-a-facebook\/"},"author":{"name":"webman","@id":"https:\/\/dev.explora.cl\/coquimbo\/#\/schema\/person\/cb8349c13ea2d324080adf8480d7ba5d"},"headline":"Los estudiantes del Bernardo O\u2019Higgins \u201cle hacen la cruz\u201d a Facebook","datePublished":"2014-12-17T04:00:00+00:00","dateModified":"2019-05-16T06:40:19+00:00","mainEntityOfPage":{"@id":"https:\/\/dev.explora.cl\/coquimbo\/los-estudiantes-del-bernardo-o-higgins-le-hacen-la-cruz-a-facebook\/"},"wordCount":261,"commentCount":0,"publisher":{"@id":"https:\/\/dev.explora.cl\/coquimbo\/#organization"},"image":{"@id":"https:\/\/dev.explora.cl\/coquimbo\/los-estudiantes-del-bernardo-o-higgins-le-hacen-la-cruz-a-facebook\/#primaryimage"},"thumbnailUrl":"https:\/\/dev.explora.cl\/coquimbo\/wp-content\/uploads\/sites\/6\/2018\/06\/eef7e2a2e24225bd3a0e83ca47432483.jpg","articleSection":["Noticias"],"inLanguage":"es-CL","potentialAction":[{"@type":"CommentAction","name":"Comment","target":["https:\/\/dev.explora.cl\/coquimbo\/los-estudiantes-del-bernardo-o-higgins-le-hacen-la-cruz-a-facebook\/#respond"]}]},{"@type":"WebPage","@id":"https:\/\/dev.explora.cl\/coquimbo\/los-estudiantes-del-bernardo-o-higgins-le-hacen-la-cruz-a-facebook\/","url":"https:\/\/dev.explora.cl\/coquimbo\/los-estudiantes-del-bernardo-o-higgins-le-hacen-la-cruz-a-facebook\/","name":"Los estudiantes del Bernardo O\u2019Higgins \u201cle hacen la cruz\u201d a Facebook - Coquimbo","isPartOf":{"@id":"https:\/\/dev.explora.cl\/coquimbo\/#website"},"primaryImageOfPage":{"@id":"https:\/\/dev.explora.cl\/coquimbo\/los-estudiantes-del-bernardo-o-higgins-le-hacen-la-cruz-a-facebook\/#primaryimage"},"image":{"@id":"https:\/\/dev.explora.cl\/coquimbo\/los-estudiantes-del-bernardo-o-higgins-le-hacen-la-cruz-a-facebook\/#primaryimage"},"thumbnailUrl":"https:\/\/dev.explora.cl\/coquimbo\/wp-content\/uploads\/sites\/6\/2018\/06\/eef7e2a2e24225bd3a0e83ca47432483.jpg","datePublished":"2014-12-17T04:00:00+00:00","dateModified":"2019-05-16T06:40:19+00:00","breadcrumb":{"@id":"https:\/\/dev.explora.cl\/coquimbo\/los-estudiantes-del-bernardo-o-higgins-le-hacen-la-cruz-a-facebook\/#breadcrumb"},"inLanguage":"es-CL","potentialAction":[{"@type":"ReadAction","target":["https:\/\/dev.explora.cl\/coquimbo\/los-estudiantes-del-bernardo-o-higgins-le-hacen-la-cruz-a-facebook\/"]}]},{"@type":"ImageObject","inLanguage":"es-CL","@id":"https:\/\/dev.explora.cl\/coquimbo\/los-estudiantes-del-bernardo-o-higgins-le-hacen-la-cruz-a-facebook\/#primaryimage","url":"https:\/\/dev.explora.cl\/coquimbo\/wp-content\/uploads\/sites\/6\/2018\/06\/eef7e2a2e24225bd3a0e83ca47432483.jpg","contentUrl":"https:\/\/dev.explora.cl\/coquimbo\/wp-content\/uploads\/sites\/6\/2018\/06\/eef7e2a2e24225bd3a0e83ca47432483.jpg","width":2592,"height":1456},{"@type":"BreadcrumbList","@id":"https:\/\/dev.explora.cl\/coquimbo\/los-estudiantes-del-bernardo-o-higgins-le-hacen-la-cruz-a-facebook\/#breadcrumb","itemListElement":[{"@type":"ListItem","position":1,"name":"Portada","item":"https:\/\/dev.explora.cl\/coquimbo\/"},{"@type":"ListItem","position":2,"name":"Los estudiantes del Bernardo O\u2019Higgins \u201cle hacen la cruz\u201d a Facebook"}]},{"@type":"WebSite","@id":"https:\/\/dev.explora.cl\/coquimbo\/#website","url":"https:\/\/dev.explora.cl\/coquimbo\/","name":"Coquimbo","description":"Otro sitio m\u00e1s de dev.explora.cl","publisher":{"@id":"https:\/\/dev.explora.cl\/coquimbo\/#organization"},"potentialAction":[{"@type":"SearchAction","target":{"@type":"EntryPoint","urlTemplate":"https:\/\/dev.explora.cl\/coquimbo\/?s={search_term_string}"},"query-input":{"@type":"PropertyValueSpecification","valueRequired":true,"valueName":"search_term_string"}}],"inLanguage":"es-CL"},{"@type":"Organization","@id":"https:\/\/dev.explora.cl\/coquimbo\/#organization","name":"Coquimbo","url":"https:\/\/dev.explora.cl\/coquimbo\/","logo":{"@type":"ImageObject","inLanguage":"es-CL","@id":"https:\/\/dev.explora.cl\/coquimbo\/#\/schema\/logo\/image\/","url":"https:\/\/dev.explora.cl\/coquimbo\/wp-content\/uploads\/sites\/6\/2020\/08\/cropped-Mesa-de-trabajo-1-100.jpg","contentUrl":"https:\/\/dev.explora.cl\/coquimbo\/wp-content\/uploads\/sites\/6\/2020\/08\/cropped-Mesa-de-trabajo-1-100.jpg","width":615,"height":576,"caption":"Coquimbo"},"image":{"@id":"https:\/\/dev.explora.cl\/coquimbo\/#\/schema\/logo\/image\/"}},{"@type":"Person","@id":"https:\/\/dev.explora.cl\/coquimbo\/#\/schema\/person\/cb8349c13ea2d324080adf8480d7ba5d","name":"webman","image":{"@type":"ImageObject","inLanguage":"es-CL","@id":"https:\/\/dev.explora.cl\/coquimbo\/#\/schema\/person\/image\/","url":"https:\/\/secure.gravatar.com\/avatar\/eeff3c82f2c02f7177d13663b7e6f890e9a6a0647ce9bb29cae02dcb094c7312?s=96&d=mm&r=g","contentUrl":"https:\/\/secure.gravatar.com\/avatar\/eeff3c82f2c02f7177d13663b7e6f890e9a6a0647ce9bb29cae02dcb094c7312?s=96&d=mm&r=g","caption":"webman"},"url":"https:\/\/dev.explora.cl\/coquimbo\/author\/webman\/"}]}},"_links":{"self":[{"href":"https:\/\/dev.explora.cl\/coquimbo\/wp-json\/wp\/v2\/posts\/37909","targetHints":{"allow":["GET"]}}],"collection":[{"href":"https:\/\/dev.explora.cl\/coquimbo\/wp-json\/wp\/v2\/posts"}],"about":[{"href":"https:\/\/dev.explora.cl\/coquimbo\/wp-json\/wp\/v2\/types\/post"}],"author":[{"embeddable":true,"href":"https:\/\/dev.explora.cl\/coquimbo\/wp-json\/wp\/v2\/users\/2"}],"replies":[{"embeddable":true,"href":"https:\/\/dev.explora.cl\/coquimbo\/wp-json\/wp\/v2\/comments?post=37909"}],"version-history":[{"count":1,"href":"https:\/\/dev.explora.cl\/coquimbo\/wp-json\/wp\/v2\/posts\/37909\/revisions"}],"predecessor-version":[{"id":39283,"href":"https:\/\/dev.explora.cl\/coquimbo\/wp-json\/wp\/v2\/posts\/37909\/revisions\/39283"}],"wp:featuredmedia":[{"embeddable":true,"href":"https:\/\/dev.explora.cl\/coquimbo\/wp-json\/wp\/v2\/media\/33803"}],"wp:attachment":[{"href":"https:\/\/dev.explora.cl\/coquimbo\/wp-json\/wp\/v2\/media?parent=37909"}],"wp:term":[{"taxonomy":"category","embeddable":true,"href":"https:\/\/dev.explora.cl\/coquimbo\/wp-json\/wp\/v2\/categories?post=37909"},{"taxonomy":"post_tag","embeddable":true,"href":"https:\/\/dev.explora.cl\/coquimbo\/wp-json\/wp\/v2\/tags?post=37909"}],"curies":[{"name":"wp","href":"https:\/\/api.w.org\/{rel}","templated":true}]}}