{"id":37900,"date":"2014-11-28T00:00:00","date_gmt":"2014-11-28T04:00:00","guid":{"rendered":"https:\/\/dev.explora.cl\/coquimbo\/blog\/2014\/11\/28\/pequenos-cientificos-se-lucieron-en-el-v-congreso-de-ciencia-y-tecnologia-para-parvulos\/"},"modified":"2019-05-16T06:40:24","modified_gmt":"2019-05-16T06:40:24","slug":"pequenos-cientificos-se-lucieron-en-el-v-congreso-de-ciencia-y-tecnologia-para-parvulos-2","status":"publish","type":"post","link":"https:\/\/dev.explora.cl\/coquimbo\/pequenos-cientificos-se-lucieron-en-el-v-congreso-de-ciencia-y-tecnologia-para-parvulos-2\/","title":{"rendered":"Peque\u00f1os cient\u00edficos se lucieron en el V Congreso de Ciencia y Tecnolog\u00eda para P\u00e1rvulos"},"content":{"rendered":"<p><img loading=\"lazy\" decoding=\"async\" class=\" size-full wp-image-7612\" src=\"http:\/\/ec2-34-218-253-251.us-west-2.compute.amazonaws.com\/wp-content\/uploads\/2014\/11\/ae86f308ca90b4e8b7e0e71b400e7349.jpg\" alt=\"\" width=\"3840\" height=\"2560\" \/><\/p>\n<p>M\u00e1s de 50 personas, entre p\u00e1rvulos y educadoras de p\u00e1rvulos participaron del V Congreso de Ciencia y Tecnolog\u00eda para este nivel educacional, organizado por el PAR EXPLORA Coquimbo, la escuela de Educaci\u00f3n Parvularia de la Universidad de La Serena y el apoyo de la JUNJI y Fundaci\u00f3n Integra.<\/p>\n<p>\u00a0En el campus Isabel Bongard de la Universidad de La Serena se realiz\u00f3 esta actividad, en donde los peque\u00f1os expon\u00edan sus iniciativas cient\u00edficas, muchas vinculadas al \u00e1rea medioambiental y de desastres naturales y luego respond\u00edan las preguntas que realizaban los mismos p\u00e1rvulos.<\/p>\n<p>Para Natalia Alfaro, educadora de P\u00e1rvulo del Jard\u00edn Infantil El Trencito, afirm\u00f3 que ellos trabajaron con el \u00e1rea saludable, en donde los ni\u00f1os plantaron rabanitos y pudieron ver su crecimiento, adem\u00e1s de fomentar el consumo de alimentos naturales. Frente a esta experiencia, La \u201ct\u00eda\u201d Natalia afirm\u00f3 que \u201cpara los ni\u00f1os es s\u00faper importante que tengan contacto con otros p\u00e1rvulos, desarrollan su personalidad, conocen experimentos, formulan hip\u00f3tesis, es una instancia s\u00faper importante para ellos\u201d.<\/p>\n<p>El objetivo principal de este evento era promover la difusi\u00f3n\u00a0 y el intercambio de experiencias, entre P\u00e1rvulos y Educadoras de p\u00e1rvulos de la regi\u00f3n de Coquimbo.<\/p>\n<p>Frente a esta meta, Evelyn Gonz\u00e1lez, integrante del \u00e1rea de valoraci\u00f3n del PAR EXPLORA Coquimbo y organizadora de este congreso, manifest\u00f3 que la actividad busca que los peque\u00f1os puedan conocer experiencias vinculadas a las ciencias desde temprana \u00a0\u201ccomo PAR EXPLORA llevamos la ciencia a los colegios y que mejor que empezar esto en la primera etapa de la infancia, con los p\u00e1rvulos; Y este congreso permite que los m\u00e1s peque\u00f1os puedan intercambiar las ideas cient\u00edficas con sus pares\u201d.<\/p>\n<p>Francis School, Jard\u00edn Infantil (J.I) Barquillo, J.I. Mundo Compartido, Colegio Adventista, J.I. El Trencito, J.I. Las A\u00f1a\u00f1ucas, J.I. Pedacito de cielo, J.I. Los Pastorcitos, J.I. Las Chicharritas, J.I. Chispita de Oro, Escuela Diego Rivera, Escuela Lenguaje Wenui, J.I. Mis primeros pasos, J.I. Capullito, fueron las instituciones educacionales que participaron en este Congreso.<\/p>\n<p>\u00a0<\/p>\n","protected":false},"excerpt":{"rendered":"<p>M\u00e1s de 50 personas, entre p\u00e1rvulos y educadoras de p\u00e1rvulos participaron del V Congreso de Ciencia y Tecnolog\u00eda para este nivel educacional, organizado por el PAR EXPLORA Coquimbo, la escuela de Educaci\u00f3n Parvularia de la Universidad de La Serena y el apoyo de la JUNJI y Fundaci\u00f3n Integra. \u00a0En el campus Isabel Bongard de la [&hellip;]<\/p>\n","protected":false},"author":2,"featured_media":31980,"comment_status":"open","ping_status":"open","sticky":false,"template":"","format":"standard","meta":{"_acf_changed":false,"_exactmetrics_skip_tracking":false,"_exactmetrics_sitenote_active":false,"_exactmetrics_sitenote_note":"","_exactmetrics_sitenote_category":0,"footnotes":"","_links_to":"","_links_to_target":""},"categories":[4],"tags":[],"class_list":["post-37900","post","type-post","status-publish","format-standard","has-post-thumbnail","hentry","category-noticias"],"acf":[],"yoast_head":"<!-- This site is optimized with the Yoast SEO plugin v26.7 - https:\/\/yoast.com\/wordpress\/plugins\/seo\/ -->\n<title>Peque\u00f1os cient\u00edficos se lucieron en el V Congreso de Ciencia y Tecnolog\u00eda para P\u00e1rvulos - Coquimbo<\/title>\n<meta name=\"robots\" content=\"index, follow, max-snippet:-1, max-image-preview:large, max-video-preview:-1\" \/>\n<link rel=\"canonical\" href=\"https:\/\/dev.explora.cl\/coquimbo\/pequenos-cientificos-se-lucieron-en-el-v-congreso-de-ciencia-y-tecnologia-para-parvulos-2\/\" class=\"yoast-seo-meta-tag\" \/>\n<meta property=\"og:locale\" content=\"es_ES\" class=\"yoast-seo-meta-tag\" \/>\n<meta property=\"og:type\" content=\"article\" class=\"yoast-seo-meta-tag\" \/>\n<meta property=\"og:title\" content=\"Peque\u00f1os cient\u00edficos se lucieron en el V Congreso de Ciencia y Tecnolog\u00eda para P\u00e1rvulos - Coquimbo\" class=\"yoast-seo-meta-tag\" \/>\n<meta property=\"og:description\" content=\"M\u00e1s de 50 personas, entre p\u00e1rvulos y educadoras de p\u00e1rvulos participaron del V Congreso de Ciencia y Tecnolog\u00eda para este nivel educacional, organizado por el PAR EXPLORA Coquimbo, la escuela de Educaci\u00f3n Parvularia de la Universidad de La Serena y el apoyo de la JUNJI y Fundaci\u00f3n Integra. \u00a0En el campus Isabel Bongard de la [&hellip;]\" class=\"yoast-seo-meta-tag\" \/>\n<meta property=\"og:url\" content=\"https:\/\/dev.explora.cl\/coquimbo\/pequenos-cientificos-se-lucieron-en-el-v-congreso-de-ciencia-y-tecnologia-para-parvulos-2\/\" class=\"yoast-seo-meta-tag\" \/>\n<meta property=\"og:site_name\" content=\"Coquimbo\" class=\"yoast-seo-meta-tag\" \/>\n<meta property=\"article:published_time\" content=\"2014-11-28T04:00:00+00:00\" class=\"yoast-seo-meta-tag\" \/>\n<meta property=\"article:modified_time\" content=\"2019-05-16T06:40:24+00:00\" class=\"yoast-seo-meta-tag\" \/>\n<meta property=\"og:image\" content=\"https:\/\/dev.explora.cl\/coquimbo\/wp-content\/uploads\/sites\/6\/2018\/06\/a28f2bb5ffa79ee030e1076395c03c79.jpg\" class=\"yoast-seo-meta-tag\" \/>\n\t<meta property=\"og:image:width\" content=\"300\" class=\"yoast-seo-meta-tag\" \/>\n\t<meta property=\"og:image:height\" content=\"182\" class=\"yoast-seo-meta-tag\" \/>\n\t<meta property=\"og:image:type\" content=\"image\/jpeg\" class=\"yoast-seo-meta-tag\" \/>\n<meta name=\"author\" content=\"webman\" class=\"yoast-seo-meta-tag\" \/>\n<meta name=\"twitter:card\" content=\"summary_large_image\" class=\"yoast-seo-meta-tag\" \/>\n<meta name=\"twitter:label1\" content=\"Escrito por\" class=\"yoast-seo-meta-tag\" \/>\n\t<meta name=\"twitter:data1\" content=\"webman\" class=\"yoast-seo-meta-tag\" \/>\n\t<meta name=\"twitter:label2\" content=\"Tiempo estimado de lectura\" class=\"yoast-seo-meta-tag\" \/>\n\t<meta name=\"twitter:data2\" content=\"2 minutos\" class=\"yoast-seo-meta-tag\" \/>\n<script type=\"application\/ld+json\" class=\"yoast-schema-graph\">{\"@context\":\"https:\/\/schema.org\",\"@graph\":[{\"@type\":\"Article\",\"@id\":\"https:\/\/dev.explora.cl\/coquimbo\/pequenos-cientificos-se-lucieron-en-el-v-congreso-de-ciencia-y-tecnologia-para-parvulos-2\/#article\",\"isPartOf\":{\"@id\":\"https:\/\/dev.explora.cl\/coquimbo\/pequenos-cientificos-se-lucieron-en-el-v-congreso-de-ciencia-y-tecnologia-para-parvulos-2\/\"},\"author\":{\"name\":\"webman\",\"@id\":\"https:\/\/dev.explora.cl\/coquimbo\/#\/schema\/person\/cb8349c13ea2d324080adf8480d7ba5d\"},\"headline\":\"Peque\u00f1os cient\u00edficos se lucieron en el V Congreso de Ciencia y Tecnolog\u00eda para P\u00e1rvulos\",\"datePublished\":\"2014-11-28T04:00:00+00:00\",\"dateModified\":\"2019-05-16T06:40:24+00:00\",\"mainEntityOfPage\":{\"@id\":\"https:\/\/dev.explora.cl\/coquimbo\/pequenos-cientificos-se-lucieron-en-el-v-congreso-de-ciencia-y-tecnologia-para-parvulos-2\/\"},\"wordCount\":381,\"commentCount\":0,\"publisher\":{\"@id\":\"https:\/\/dev.explora.cl\/coquimbo\/#organization\"},\"image\":{\"@id\":\"https:\/\/dev.explora.cl\/coquimbo\/pequenos-cientificos-se-lucieron-en-el-v-congreso-de-ciencia-y-tecnologia-para-parvulos-2\/#primaryimage\"},\"thumbnailUrl\":\"https:\/\/dev.explora.cl\/coquimbo\/wp-content\/uploads\/sites\/6\/2018\/06\/a28f2bb5ffa79ee030e1076395c03c79.jpg\",\"articleSection\":[\"Noticias\"],\"inLanguage\":\"es-CL\",\"potentialAction\":[{\"@type\":\"CommentAction\",\"name\":\"Comment\",\"target\":[\"https:\/\/dev.explora.cl\/coquimbo\/pequenos-cientificos-se-lucieron-en-el-v-congreso-de-ciencia-y-tecnologia-para-parvulos-2\/#respond\"]}]},{\"@type\":\"WebPage\",\"@id\":\"https:\/\/dev.explora.cl\/coquimbo\/pequenos-cientificos-se-lucieron-en-el-v-congreso-de-ciencia-y-tecnologia-para-parvulos-2\/\",\"url\":\"https:\/\/dev.explora.cl\/coquimbo\/pequenos-cientificos-se-lucieron-en-el-v-congreso-de-ciencia-y-tecnologia-para-parvulos-2\/\",\"name\":\"Peque\u00f1os cient\u00edficos se lucieron en el V Congreso de Ciencia y Tecnolog\u00eda para P\u00e1rvulos - Coquimbo\",\"isPartOf\":{\"@id\":\"https:\/\/dev.explora.cl\/coquimbo\/#website\"},\"primaryImageOfPage\":{\"@id\":\"https:\/\/dev.explora.cl\/coquimbo\/pequenos-cientificos-se-lucieron-en-el-v-congreso-de-ciencia-y-tecnologia-para-parvulos-2\/#primaryimage\"},\"image\":{\"@id\":\"https:\/\/dev.explora.cl\/coquimbo\/pequenos-cientificos-se-lucieron-en-el-v-congreso-de-ciencia-y-tecnologia-para-parvulos-2\/#primaryimage\"},\"thumbnailUrl\":\"https:\/\/dev.explora.cl\/coquimbo\/wp-content\/uploads\/sites\/6\/2018\/06\/a28f2bb5ffa79ee030e1076395c03c79.jpg\",\"datePublished\":\"2014-11-28T04:00:00+00:00\",\"dateModified\":\"2019-05-16T06:40:24+00:00\",\"breadcrumb\":{\"@id\":\"https:\/\/dev.explora.cl\/coquimbo\/pequenos-cientificos-se-lucieron-en-el-v-congreso-de-ciencia-y-tecnologia-para-parvulos-2\/#breadcrumb\"},\"inLanguage\":\"es-CL\",\"potentialAction\":[{\"@type\":\"ReadAction\",\"target\":[\"https:\/\/dev.explora.cl\/coquimbo\/pequenos-cientificos-se-lucieron-en-el-v-congreso-de-ciencia-y-tecnologia-para-parvulos-2\/\"]}]},{\"@type\":\"ImageObject\",\"inLanguage\":\"es-CL\",\"@id\":\"https:\/\/dev.explora.cl\/coquimbo\/pequenos-cientificos-se-lucieron-en-el-v-congreso-de-ciencia-y-tecnologia-para-parvulos-2\/#primaryimage\",\"url\":\"https:\/\/dev.explora.cl\/coquimbo\/wp-content\/uploads\/sites\/6\/2018\/06\/a28f2bb5ffa79ee030e1076395c03c79.jpg\",\"contentUrl\":\"https:\/\/dev.explora.cl\/coquimbo\/wp-content\/uploads\/sites\/6\/2018\/06\/a28f2bb5ffa79ee030e1076395c03c79.jpg\",\"width\":300,\"height\":182},{\"@type\":\"BreadcrumbList\",\"@id\":\"https:\/\/dev.explora.cl\/coquimbo\/pequenos-cientificos-se-lucieron-en-el-v-congreso-de-ciencia-y-tecnologia-para-parvulos-2\/#breadcrumb\",\"itemListElement\":[{\"@type\":\"ListItem\",\"position\":1,\"name\":\"Portada\",\"item\":\"https:\/\/dev.explora.cl\/coquimbo\/\"},{\"@type\":\"ListItem\",\"position\":2,\"name\":\"Peque\u00f1os cient\u00edficos se lucieron en el V Congreso de Ciencia y Tecnolog\u00eda para P\u00e1rvulos\"}]},{\"@type\":\"WebSite\",\"@id\":\"https:\/\/dev.explora.cl\/coquimbo\/#website\",\"url\":\"https:\/\/dev.explora.cl\/coquimbo\/\",\"name\":\"Coquimbo\",\"description\":\"Otro sitio m\u00e1s de dev.explora.cl\",\"publisher\":{\"@id\":\"https:\/\/dev.explora.cl\/coquimbo\/#organization\"},\"potentialAction\":[{\"@type\":\"SearchAction\",\"target\":{\"@type\":\"EntryPoint\",\"urlTemplate\":\"https:\/\/dev.explora.cl\/coquimbo\/?s={search_term_string}\"},\"query-input\":{\"@type\":\"PropertyValueSpecification\",\"valueRequired\":true,\"valueName\":\"search_term_string\"}}],\"inLanguage\":\"es-CL\"},{\"@type\":\"Organization\",\"@id\":\"https:\/\/dev.explora.cl\/coquimbo\/#organization\",\"name\":\"Coquimbo\",\"url\":\"https:\/\/dev.explora.cl\/coquimbo\/\",\"logo\":{\"@type\":\"ImageObject\",\"inLanguage\":\"es-CL\",\"@id\":\"https:\/\/dev.explora.cl\/coquimbo\/#\/schema\/logo\/image\/\",\"url\":\"https:\/\/dev.explora.cl\/coquimbo\/wp-content\/uploads\/sites\/6\/2020\/08\/cropped-Mesa-de-trabajo-1-100.jpg\",\"contentUrl\":\"https:\/\/dev.explora.cl\/coquimbo\/wp-content\/uploads\/sites\/6\/2020\/08\/cropped-Mesa-de-trabajo-1-100.jpg\",\"width\":615,\"height\":576,\"caption\":\"Coquimbo\"},\"image\":{\"@id\":\"https:\/\/dev.explora.cl\/coquimbo\/#\/schema\/logo\/image\/\"}},{\"@type\":\"Person\",\"@id\":\"https:\/\/dev.explora.cl\/coquimbo\/#\/schema\/person\/cb8349c13ea2d324080adf8480d7ba5d\",\"name\":\"webman\",\"image\":{\"@type\":\"ImageObject\",\"inLanguage\":\"es-CL\",\"@id\":\"https:\/\/dev.explora.cl\/coquimbo\/#\/schema\/person\/image\/\",\"url\":\"https:\/\/secure.gravatar.com\/avatar\/eeff3c82f2c02f7177d13663b7e6f890e9a6a0647ce9bb29cae02dcb094c7312?s=96&d=mm&r=g\",\"contentUrl\":\"https:\/\/secure.gravatar.com\/avatar\/eeff3c82f2c02f7177d13663b7e6f890e9a6a0647ce9bb29cae02dcb094c7312?s=96&d=mm&r=g\",\"caption\":\"webman\"},\"url\":\"https:\/\/dev.explora.cl\/coquimbo\/author\/webman\/\"}]}<\/script>\n<!-- \/ Yoast SEO plugin. -->","yoast_head_json":{"title":"Peque\u00f1os cient\u00edficos se lucieron en el V Congreso de Ciencia y Tecnolog\u00eda para P\u00e1rvulos - Coquimbo","robots":{"index":"index","follow":"follow","max-snippet":"max-snippet:-1","max-image-preview":"max-image-preview:large","max-video-preview":"max-video-preview:-1"},"canonical":"https:\/\/dev.explora.cl\/coquimbo\/pequenos-cientificos-se-lucieron-en-el-v-congreso-de-ciencia-y-tecnologia-para-parvulos-2\/","og_locale":"es_ES","og_type":"article","og_title":"Peque\u00f1os cient\u00edficos se lucieron en el V Congreso de Ciencia y Tecnolog\u00eda para P\u00e1rvulos - Coquimbo","og_description":"M\u00e1s de 50 personas, entre p\u00e1rvulos y educadoras de p\u00e1rvulos participaron del V Congreso de Ciencia y Tecnolog\u00eda para este nivel educacional, organizado por el PAR EXPLORA Coquimbo, la escuela de Educaci\u00f3n Parvularia de la Universidad de La Serena y el apoyo de la JUNJI y Fundaci\u00f3n Integra. \u00a0En el campus Isabel Bongard de la [&hellip;]","og_url":"https:\/\/dev.explora.cl\/coquimbo\/pequenos-cientificos-se-lucieron-en-el-v-congreso-de-ciencia-y-tecnologia-para-parvulos-2\/","og_site_name":"Coquimbo","article_published_time":"2014-11-28T04:00:00+00:00","article_modified_time":"2019-05-16T06:40:24+00:00","og_image":[{"width":300,"height":182,"url":"https:\/\/dev.explora.cl\/coquimbo\/wp-content\/uploads\/sites\/6\/2018\/06\/a28f2bb5ffa79ee030e1076395c03c79.jpg","type":"image\/jpeg"}],"author":"webman","twitter_card":"summary_large_image","twitter_misc":{"Escrito por":"webman","Tiempo estimado de lectura":"2 minutos"},"schema":{"@context":"https:\/\/schema.org","@graph":[{"@type":"Article","@id":"https:\/\/dev.explora.cl\/coquimbo\/pequenos-cientificos-se-lucieron-en-el-v-congreso-de-ciencia-y-tecnologia-para-parvulos-2\/#article","isPartOf":{"@id":"https:\/\/dev.explora.cl\/coquimbo\/pequenos-cientificos-se-lucieron-en-el-v-congreso-de-ciencia-y-tecnologia-para-parvulos-2\/"},"author":{"name":"webman","@id":"https:\/\/dev.explora.cl\/coquimbo\/#\/schema\/person\/cb8349c13ea2d324080adf8480d7ba5d"},"headline":"Peque\u00f1os cient\u00edficos se lucieron en el V Congreso de Ciencia y Tecnolog\u00eda para P\u00e1rvulos","datePublished":"2014-11-28T04:00:00+00:00","dateModified":"2019-05-16T06:40:24+00:00","mainEntityOfPage":{"@id":"https:\/\/dev.explora.cl\/coquimbo\/pequenos-cientificos-se-lucieron-en-el-v-congreso-de-ciencia-y-tecnologia-para-parvulos-2\/"},"wordCount":381,"commentCount":0,"publisher":{"@id":"https:\/\/dev.explora.cl\/coquimbo\/#organization"},"image":{"@id":"https:\/\/dev.explora.cl\/coquimbo\/pequenos-cientificos-se-lucieron-en-el-v-congreso-de-ciencia-y-tecnologia-para-parvulos-2\/#primaryimage"},"thumbnailUrl":"https:\/\/dev.explora.cl\/coquimbo\/wp-content\/uploads\/sites\/6\/2018\/06\/a28f2bb5ffa79ee030e1076395c03c79.jpg","articleSection":["Noticias"],"inLanguage":"es-CL","potentialAction":[{"@type":"CommentAction","name":"Comment","target":["https:\/\/dev.explora.cl\/coquimbo\/pequenos-cientificos-se-lucieron-en-el-v-congreso-de-ciencia-y-tecnologia-para-parvulos-2\/#respond"]}]},{"@type":"WebPage","@id":"https:\/\/dev.explora.cl\/coquimbo\/pequenos-cientificos-se-lucieron-en-el-v-congreso-de-ciencia-y-tecnologia-para-parvulos-2\/","url":"https:\/\/dev.explora.cl\/coquimbo\/pequenos-cientificos-se-lucieron-en-el-v-congreso-de-ciencia-y-tecnologia-para-parvulos-2\/","name":"Peque\u00f1os cient\u00edficos se lucieron en el V Congreso de Ciencia y Tecnolog\u00eda para P\u00e1rvulos - Coquimbo","isPartOf":{"@id":"https:\/\/dev.explora.cl\/coquimbo\/#website"},"primaryImageOfPage":{"@id":"https:\/\/dev.explora.cl\/coquimbo\/pequenos-cientificos-se-lucieron-en-el-v-congreso-de-ciencia-y-tecnologia-para-parvulos-2\/#primaryimage"},"image":{"@id":"https:\/\/dev.explora.cl\/coquimbo\/pequenos-cientificos-se-lucieron-en-el-v-congreso-de-ciencia-y-tecnologia-para-parvulos-2\/#primaryimage"},"thumbnailUrl":"https:\/\/dev.explora.cl\/coquimbo\/wp-content\/uploads\/sites\/6\/2018\/06\/a28f2bb5ffa79ee030e1076395c03c79.jpg","datePublished":"2014-11-28T04:00:00+00:00","dateModified":"2019-05-16T06:40:24+00:00","breadcrumb":{"@id":"https:\/\/dev.explora.cl\/coquimbo\/pequenos-cientificos-se-lucieron-en-el-v-congreso-de-ciencia-y-tecnologia-para-parvulos-2\/#breadcrumb"},"inLanguage":"es-CL","potentialAction":[{"@type":"ReadAction","target":["https:\/\/dev.explora.cl\/coquimbo\/pequenos-cientificos-se-lucieron-en-el-v-congreso-de-ciencia-y-tecnologia-para-parvulos-2\/"]}]},{"@type":"ImageObject","inLanguage":"es-CL","@id":"https:\/\/dev.explora.cl\/coquimbo\/pequenos-cientificos-se-lucieron-en-el-v-congreso-de-ciencia-y-tecnologia-para-parvulos-2\/#primaryimage","url":"https:\/\/dev.explora.cl\/coquimbo\/wp-content\/uploads\/sites\/6\/2018\/06\/a28f2bb5ffa79ee030e1076395c03c79.jpg","contentUrl":"https:\/\/dev.explora.cl\/coquimbo\/wp-content\/uploads\/sites\/6\/2018\/06\/a28f2bb5ffa79ee030e1076395c03c79.jpg","width":300,"height":182},{"@type":"BreadcrumbList","@id":"https:\/\/dev.explora.cl\/coquimbo\/pequenos-cientificos-se-lucieron-en-el-v-congreso-de-ciencia-y-tecnologia-para-parvulos-2\/#breadcrumb","itemListElement":[{"@type":"ListItem","position":1,"name":"Portada","item":"https:\/\/dev.explora.cl\/coquimbo\/"},{"@type":"ListItem","position":2,"name":"Peque\u00f1os cient\u00edficos se lucieron en el V Congreso de Ciencia y Tecnolog\u00eda para P\u00e1rvulos"}]},{"@type":"WebSite","@id":"https:\/\/dev.explora.cl\/coquimbo\/#website","url":"https:\/\/dev.explora.cl\/coquimbo\/","name":"Coquimbo","description":"Otro sitio m\u00e1s de dev.explora.cl","publisher":{"@id":"https:\/\/dev.explora.cl\/coquimbo\/#organization"},"potentialAction":[{"@type":"SearchAction","target":{"@type":"EntryPoint","urlTemplate":"https:\/\/dev.explora.cl\/coquimbo\/?s={search_term_string}"},"query-input":{"@type":"PropertyValueSpecification","valueRequired":true,"valueName":"search_term_string"}}],"inLanguage":"es-CL"},{"@type":"Organization","@id":"https:\/\/dev.explora.cl\/coquimbo\/#organization","name":"Coquimbo","url":"https:\/\/dev.explora.cl\/coquimbo\/","logo":{"@type":"ImageObject","inLanguage":"es-CL","@id":"https:\/\/dev.explora.cl\/coquimbo\/#\/schema\/logo\/image\/","url":"https:\/\/dev.explora.cl\/coquimbo\/wp-content\/uploads\/sites\/6\/2020\/08\/cropped-Mesa-de-trabajo-1-100.jpg","contentUrl":"https:\/\/dev.explora.cl\/coquimbo\/wp-content\/uploads\/sites\/6\/2020\/08\/cropped-Mesa-de-trabajo-1-100.jpg","width":615,"height":576,"caption":"Coquimbo"},"image":{"@id":"https:\/\/dev.explora.cl\/coquimbo\/#\/schema\/logo\/image\/"}},{"@type":"Person","@id":"https:\/\/dev.explora.cl\/coquimbo\/#\/schema\/person\/cb8349c13ea2d324080adf8480d7ba5d","name":"webman","image":{"@type":"ImageObject","inLanguage":"es-CL","@id":"https:\/\/dev.explora.cl\/coquimbo\/#\/schema\/person\/image\/","url":"https:\/\/secure.gravatar.com\/avatar\/eeff3c82f2c02f7177d13663b7e6f890e9a6a0647ce9bb29cae02dcb094c7312?s=96&d=mm&r=g","contentUrl":"https:\/\/secure.gravatar.com\/avatar\/eeff3c82f2c02f7177d13663b7e6f890e9a6a0647ce9bb29cae02dcb094c7312?s=96&d=mm&r=g","caption":"webman"},"url":"https:\/\/dev.explora.cl\/coquimbo\/author\/webman\/"}]}},"_links":{"self":[{"href":"https:\/\/dev.explora.cl\/coquimbo\/wp-json\/wp\/v2\/posts\/37900","targetHints":{"allow":["GET"]}}],"collection":[{"href":"https:\/\/dev.explora.cl\/coquimbo\/wp-json\/wp\/v2\/posts"}],"about":[{"href":"https:\/\/dev.explora.cl\/coquimbo\/wp-json\/wp\/v2\/types\/post"}],"author":[{"embeddable":true,"href":"https:\/\/dev.explora.cl\/coquimbo\/wp-json\/wp\/v2\/users\/2"}],"replies":[{"embeddable":true,"href":"https:\/\/dev.explora.cl\/coquimbo\/wp-json\/wp\/v2\/comments?post=37900"}],"version-history":[{"count":1,"href":"https:\/\/dev.explora.cl\/coquimbo\/wp-json\/wp\/v2\/posts\/37900\/revisions"}],"predecessor-version":[{"id":39293,"href":"https:\/\/dev.explora.cl\/coquimbo\/wp-json\/wp\/v2\/posts\/37900\/revisions\/39293"}],"wp:featuredmedia":[{"embeddable":true,"href":"https:\/\/dev.explora.cl\/coquimbo\/wp-json\/wp\/v2\/media\/31980"}],"wp:attachment":[{"href":"https:\/\/dev.explora.cl\/coquimbo\/wp-json\/wp\/v2\/media?parent=37900"}],"wp:term":[{"taxonomy":"category","embeddable":true,"href":"https:\/\/dev.explora.cl\/coquimbo\/wp-json\/wp\/v2\/categories?post=37900"},{"taxonomy":"post_tag","embeddable":true,"href":"https:\/\/dev.explora.cl\/coquimbo\/wp-json\/wp\/v2\/tags?post=37900"}],"curies":[{"name":"wp","href":"https:\/\/api.w.org\/{rel}","templated":true}]}}