{"id":37896,"date":"2014-11-24T00:00:00","date_gmt":"2014-11-24T04:00:00","guid":{"rendered":"https:\/\/dev.explora.cl\/coquimbo\/blog\/2014\/11\/24\/cuatro-delegaciones-de-coquimbo-participaran-desde-este-martes-en-el-congreso-nacional-de-explora\/"},"modified":"2019-05-16T06:40:26","modified_gmt":"2019-05-16T06:40:26","slug":"cuatro-delegaciones-de-coquimbo-participaran-desde-este-martes-en-el-congreso-nacional-de-explora-2","status":"publish","type":"post","link":"https:\/\/dev.explora.cl\/coquimbo\/cuatro-delegaciones-de-coquimbo-participaran-desde-este-martes-en-el-congreso-nacional-de-explora-2\/","title":{"rendered":"Cuatro delegaciones de Coquimbo participar\u00e1n desde este martes en el Congreso Nacional de EXPLORA"},"content":{"rendered":"<p><img loading=\"lazy\" decoding=\"async\" class=\" size-full wp-image-7498\" src=\"http:\/\/ec2-34-218-253-251.us-west-2.compute.amazonaws.com\/wp-content\/uploads\/2014\/11\/5ce01ac663a1cc13ace63b93c1608f92.jpg\" alt=\"\" width=\"960\" height=\"720\" \/><\/p>\n<p>Desde este martes, cuatro delegaciones de la regi\u00f3n de Coquimbo se dar\u00e1n cita en Santiago para participar de la d\u00e9cimo quinta versi\u00f3n del Congreso Nacional Escolar de Ciencia y Tecnolog\u00eda, que organiza EXPLORA para todo los alumnos y alumnas del pa\u00eds.<\/p>\n<p>Esta una instancia de sana competencia donde las y los estudiantes tienen la posibilidad de compartir con otros, participar en conversaciones con destacados cient\u00edficos y disfrutar de actividades recreativas. De esta forma se busca incentivar y socializar las investigaciones cient\u00edficas y tecnol\u00f3gicas escolares, fomentando la cultura cient\u00edfica y la apropiaci\u00f3n de los beneficios de la Ciencia, Tecnolog\u00eda e Innovaci\u00f3n, por parte de ni\u00f1os, ni\u00f1as y j\u00f3venes.<\/p>\n<p>Cada uno de los participantes debi\u00f3 sortear una dura fase regional, que determin\u00f3 a los ganadores tanto en las categor\u00edas de Educaci\u00f3n B\u00e1sica, como educaci\u00f3n media.<\/p>\n<p>La regi\u00f3n de Coquimbo se ver\u00e1 representado por el Colegio Leonardo Da Vinci de la ciudad puerto con su trabajo vinculado a la Caracterizaci\u00f3n de la basura marina y el Colegio de Administraci\u00f3n y Comercio El Ingenio de Ovalle, con su proyecto \u201cBledo, el amaranto chileno\u201d en educaci\u00f3n b\u00e1sica.<\/p>\n<p>En tanto para la categor\u00eda de educaci\u00f3n media, los ganadores fueron El Colegio Leonardo Da Vinci de Coquimbo, con su trabajo en el \u00e1rea de la inoculaci\u00f3n de hongos ant\u00e1rticos en lechugas y el Andr\u00e9s Bello-Pampa de La Serena, con su trabajo titulado \u201cReciclando Cenizas\u201d.<\/p>\n<p>Frente a esta gran fiesta de la ciencia y la tecnolog\u00eda, el director del Proyecto Asociativo Regional, PAR EXPLORA Coquimbo, Sergio Gonz\u00e1lez, manifest\u00f3 su deseos frente a esta jornada \u201cEsperamos que como regi\u00f3n podamos lograr una destacada presentaci\u00f3n en este evento y que los alumnos de los diversos establecimientos educacionales de la zona, as\u00ed como los profesores, puedan empaparse de las diversas experiencias cient\u00edficas que se realizan en nuestro pa\u00eds y que se juntar\u00e1n en el Congreso Nacional de EXPLORA\u201d.<\/p>\n<p>El Congreso Nacional entrega distinciones especiales en las categor\u00edas de Educaci\u00f3n B\u00e1sica y Media y a los mejores trabajos de ciencia, tecnolog\u00eda, presentaciones orales y stand, adem\u00e1s del premio Esp\u00edritu EXPLORA y Mejor Delegaci\u00f3n Extranjera. Los premios incluyen la participaci\u00f3n en ferias cient\u00edficas escolares internacionales, pasant\u00edas a laboratorios y observatorios dentro del pa\u00eds, entre otros.<\/p>\n<p>El XV Congreso Nacional Escolar de Ciencia y Tecnolog\u00eda EXPLORA CONICYT a realizarse en Santiago, los d\u00edas 25, 26 y 27 de noviembre, con actividades que se realizar\u00e1n en la Plaza de la Constituci\u00f3n y en el Ex Congreso Nacional.<\/p>\n<p><strong>\u00a0<\/strong><\/p>\n","protected":false},"excerpt":{"rendered":"<p>Desde este martes, cuatro delegaciones de la regi\u00f3n de Coquimbo se dar\u00e1n cita en Santiago para participar de la d\u00e9cimo quinta versi\u00f3n del Congreso Nacional Escolar de Ciencia y Tecnolog\u00eda, que organiza EXPLORA para todo los alumnos y alumnas del pa\u00eds. Esta una instancia de sana competencia donde las y los estudiantes tienen la posibilidad [&hellip;]<\/p>\n","protected":false},"author":2,"featured_media":31976,"comment_status":"open","ping_status":"open","sticky":false,"template":"","format":"standard","meta":{"_acf_changed":false,"_exactmetrics_skip_tracking":false,"_exactmetrics_sitenote_active":false,"_exactmetrics_sitenote_note":"","_exactmetrics_sitenote_category":0,"footnotes":"","_links_to":"","_links_to_target":""},"categories":[4],"tags":[162,101,164],"class_list":["post-37896","post","type-post","status-publish","format-standard","has-post-thumbnail","hentry","category-noticias","tag-congreso","tag-congreso-regional","tag-congresos"],"acf":[],"yoast_head":"<!-- This site is optimized with the Yoast SEO plugin v26.7 - https:\/\/yoast.com\/wordpress\/plugins\/seo\/ -->\n<title>Cuatro delegaciones de Coquimbo participar\u00e1n desde este martes en el Congreso Nacional de EXPLORA - Coquimbo<\/title>\n<meta name=\"robots\" content=\"index, follow, max-snippet:-1, max-image-preview:large, max-video-preview:-1\" \/>\n<link rel=\"canonical\" href=\"https:\/\/dev.explora.cl\/coquimbo\/cuatro-delegaciones-de-coquimbo-participaran-desde-este-martes-en-el-congreso-nacional-de-explora-2\/\" class=\"yoast-seo-meta-tag\" \/>\n<meta property=\"og:locale\" content=\"es_ES\" class=\"yoast-seo-meta-tag\" \/>\n<meta property=\"og:type\" content=\"article\" class=\"yoast-seo-meta-tag\" \/>\n<meta property=\"og:title\" content=\"Cuatro delegaciones de Coquimbo participar\u00e1n desde este martes en el Congreso Nacional de EXPLORA - Coquimbo\" class=\"yoast-seo-meta-tag\" \/>\n<meta property=\"og:description\" content=\"Desde este martes, cuatro delegaciones de la regi\u00f3n de Coquimbo se dar\u00e1n cita en Santiago para participar de la d\u00e9cimo quinta versi\u00f3n del Congreso Nacional Escolar de Ciencia y Tecnolog\u00eda, que organiza EXPLORA para todo los alumnos y alumnas del pa\u00eds. Esta una instancia de sana competencia donde las y los estudiantes tienen la posibilidad [&hellip;]\" class=\"yoast-seo-meta-tag\" \/>\n<meta property=\"og:url\" content=\"https:\/\/dev.explora.cl\/coquimbo\/cuatro-delegaciones-de-coquimbo-participaran-desde-este-martes-en-el-congreso-nacional-de-explora-2\/\" class=\"yoast-seo-meta-tag\" \/>\n<meta property=\"og:site_name\" content=\"Coquimbo\" class=\"yoast-seo-meta-tag\" \/>\n<meta property=\"article:published_time\" content=\"2014-11-24T04:00:00+00:00\" class=\"yoast-seo-meta-tag\" \/>\n<meta property=\"article:modified_time\" content=\"2019-05-16T06:40:26+00:00\" class=\"yoast-seo-meta-tag\" \/>\n<meta property=\"og:image\" content=\"https:\/\/dev.explora.cl\/coquimbo\/wp-content\/uploads\/sites\/6\/2018\/06\/4e402c8920f4be037902c4be9402ea8f.jpg\" class=\"yoast-seo-meta-tag\" \/>\n\t<meta property=\"og:image:width\" content=\"300\" class=\"yoast-seo-meta-tag\" \/>\n\t<meta property=\"og:image:height\" content=\"200\" class=\"yoast-seo-meta-tag\" \/>\n\t<meta property=\"og:image:type\" content=\"image\/jpeg\" class=\"yoast-seo-meta-tag\" \/>\n<meta name=\"author\" content=\"webman\" class=\"yoast-seo-meta-tag\" \/>\n<meta name=\"twitter:card\" content=\"summary_large_image\" class=\"yoast-seo-meta-tag\" \/>\n<meta name=\"twitter:label1\" content=\"Escrito por\" class=\"yoast-seo-meta-tag\" \/>\n\t<meta name=\"twitter:data1\" content=\"webman\" class=\"yoast-seo-meta-tag\" \/>\n\t<meta name=\"twitter:label2\" content=\"Tiempo estimado de lectura\" class=\"yoast-seo-meta-tag\" \/>\n\t<meta name=\"twitter:data2\" content=\"2 minutos\" class=\"yoast-seo-meta-tag\" \/>\n<script type=\"application\/ld+json\" class=\"yoast-schema-graph\">{\"@context\":\"https:\/\/schema.org\",\"@graph\":[{\"@type\":\"Article\",\"@id\":\"https:\/\/dev.explora.cl\/coquimbo\/cuatro-delegaciones-de-coquimbo-participaran-desde-este-martes-en-el-congreso-nacional-de-explora-2\/#article\",\"isPartOf\":{\"@id\":\"https:\/\/dev.explora.cl\/coquimbo\/cuatro-delegaciones-de-coquimbo-participaran-desde-este-martes-en-el-congreso-nacional-de-explora-2\/\"},\"author\":{\"name\":\"webman\",\"@id\":\"https:\/\/dev.explora.cl\/coquimbo\/#\/schema\/person\/cb8349c13ea2d324080adf8480d7ba5d\"},\"headline\":\"Cuatro delegaciones de Coquimbo participar\u00e1n desde este martes en el Congreso Nacional de EXPLORA\",\"datePublished\":\"2014-11-24T04:00:00+00:00\",\"dateModified\":\"2019-05-16T06:40:26+00:00\",\"mainEntityOfPage\":{\"@id\":\"https:\/\/dev.explora.cl\/coquimbo\/cuatro-delegaciones-de-coquimbo-participaran-desde-este-martes-en-el-congreso-nacional-de-explora-2\/\"},\"wordCount\":466,\"commentCount\":0,\"publisher\":{\"@id\":\"https:\/\/dev.explora.cl\/coquimbo\/#organization\"},\"image\":{\"@id\":\"https:\/\/dev.explora.cl\/coquimbo\/cuatro-delegaciones-de-coquimbo-participaran-desde-este-martes-en-el-congreso-nacional-de-explora-2\/#primaryimage\"},\"thumbnailUrl\":\"https:\/\/dev.explora.cl\/coquimbo\/wp-content\/uploads\/sites\/6\/2018\/06\/4e402c8920f4be037902c4be9402ea8f.jpg\",\"keywords\":[\"congreso\",\"Congreso Regional\",\"CONGRESOS\"],\"articleSection\":[\"Noticias\"],\"inLanguage\":\"es-CL\",\"potentialAction\":[{\"@type\":\"CommentAction\",\"name\":\"Comment\",\"target\":[\"https:\/\/dev.explora.cl\/coquimbo\/cuatro-delegaciones-de-coquimbo-participaran-desde-este-martes-en-el-congreso-nacional-de-explora-2\/#respond\"]}]},{\"@type\":\"WebPage\",\"@id\":\"https:\/\/dev.explora.cl\/coquimbo\/cuatro-delegaciones-de-coquimbo-participaran-desde-este-martes-en-el-congreso-nacional-de-explora-2\/\",\"url\":\"https:\/\/dev.explora.cl\/coquimbo\/cuatro-delegaciones-de-coquimbo-participaran-desde-este-martes-en-el-congreso-nacional-de-explora-2\/\",\"name\":\"Cuatro delegaciones de Coquimbo participar\u00e1n desde este martes en el Congreso Nacional de EXPLORA - Coquimbo\",\"isPartOf\":{\"@id\":\"https:\/\/dev.explora.cl\/coquimbo\/#website\"},\"primaryImageOfPage\":{\"@id\":\"https:\/\/dev.explora.cl\/coquimbo\/cuatro-delegaciones-de-coquimbo-participaran-desde-este-martes-en-el-congreso-nacional-de-explora-2\/#primaryimage\"},\"image\":{\"@id\":\"https:\/\/dev.explora.cl\/coquimbo\/cuatro-delegaciones-de-coquimbo-participaran-desde-este-martes-en-el-congreso-nacional-de-explora-2\/#primaryimage\"},\"thumbnailUrl\":\"https:\/\/dev.explora.cl\/coquimbo\/wp-content\/uploads\/sites\/6\/2018\/06\/4e402c8920f4be037902c4be9402ea8f.jpg\",\"datePublished\":\"2014-11-24T04:00:00+00:00\",\"dateModified\":\"2019-05-16T06:40:26+00:00\",\"breadcrumb\":{\"@id\":\"https:\/\/dev.explora.cl\/coquimbo\/cuatro-delegaciones-de-coquimbo-participaran-desde-este-martes-en-el-congreso-nacional-de-explora-2\/#breadcrumb\"},\"inLanguage\":\"es-CL\",\"potentialAction\":[{\"@type\":\"ReadAction\",\"target\":[\"https:\/\/dev.explora.cl\/coquimbo\/cuatro-delegaciones-de-coquimbo-participaran-desde-este-martes-en-el-congreso-nacional-de-explora-2\/\"]}]},{\"@type\":\"ImageObject\",\"inLanguage\":\"es-CL\",\"@id\":\"https:\/\/dev.explora.cl\/coquimbo\/cuatro-delegaciones-de-coquimbo-participaran-desde-este-martes-en-el-congreso-nacional-de-explora-2\/#primaryimage\",\"url\":\"https:\/\/dev.explora.cl\/coquimbo\/wp-content\/uploads\/sites\/6\/2018\/06\/4e402c8920f4be037902c4be9402ea8f.jpg\",\"contentUrl\":\"https:\/\/dev.explora.cl\/coquimbo\/wp-content\/uploads\/sites\/6\/2018\/06\/4e402c8920f4be037902c4be9402ea8f.jpg\",\"width\":300,\"height\":200},{\"@type\":\"BreadcrumbList\",\"@id\":\"https:\/\/dev.explora.cl\/coquimbo\/cuatro-delegaciones-de-coquimbo-participaran-desde-este-martes-en-el-congreso-nacional-de-explora-2\/#breadcrumb\",\"itemListElement\":[{\"@type\":\"ListItem\",\"position\":1,\"name\":\"Portada\",\"item\":\"https:\/\/dev.explora.cl\/coquimbo\/\"},{\"@type\":\"ListItem\",\"position\":2,\"name\":\"Cuatro delegaciones de Coquimbo participar\u00e1n desde este martes en el Congreso Nacional de EXPLORA\"}]},{\"@type\":\"WebSite\",\"@id\":\"https:\/\/dev.explora.cl\/coquimbo\/#website\",\"url\":\"https:\/\/dev.explora.cl\/coquimbo\/\",\"name\":\"Coquimbo\",\"description\":\"Otro sitio m\u00e1s de dev.explora.cl\",\"publisher\":{\"@id\":\"https:\/\/dev.explora.cl\/coquimbo\/#organization\"},\"potentialAction\":[{\"@type\":\"SearchAction\",\"target\":{\"@type\":\"EntryPoint\",\"urlTemplate\":\"https:\/\/dev.explora.cl\/coquimbo\/?s={search_term_string}\"},\"query-input\":{\"@type\":\"PropertyValueSpecification\",\"valueRequired\":true,\"valueName\":\"search_term_string\"}}],\"inLanguage\":\"es-CL\"},{\"@type\":\"Organization\",\"@id\":\"https:\/\/dev.explora.cl\/coquimbo\/#organization\",\"name\":\"Coquimbo\",\"url\":\"https:\/\/dev.explora.cl\/coquimbo\/\",\"logo\":{\"@type\":\"ImageObject\",\"inLanguage\":\"es-CL\",\"@id\":\"https:\/\/dev.explora.cl\/coquimbo\/#\/schema\/logo\/image\/\",\"url\":\"https:\/\/dev.explora.cl\/coquimbo\/wp-content\/uploads\/sites\/6\/2020\/08\/cropped-Mesa-de-trabajo-1-100.jpg\",\"contentUrl\":\"https:\/\/dev.explora.cl\/coquimbo\/wp-content\/uploads\/sites\/6\/2020\/08\/cropped-Mesa-de-trabajo-1-100.jpg\",\"width\":615,\"height\":576,\"caption\":\"Coquimbo\"},\"image\":{\"@id\":\"https:\/\/dev.explora.cl\/coquimbo\/#\/schema\/logo\/image\/\"}},{\"@type\":\"Person\",\"@id\":\"https:\/\/dev.explora.cl\/coquimbo\/#\/schema\/person\/cb8349c13ea2d324080adf8480d7ba5d\",\"name\":\"webman\",\"image\":{\"@type\":\"ImageObject\",\"inLanguage\":\"es-CL\",\"@id\":\"https:\/\/dev.explora.cl\/coquimbo\/#\/schema\/person\/image\/\",\"url\":\"https:\/\/secure.gravatar.com\/avatar\/eeff3c82f2c02f7177d13663b7e6f890e9a6a0647ce9bb29cae02dcb094c7312?s=96&d=mm&r=g\",\"contentUrl\":\"https:\/\/secure.gravatar.com\/avatar\/eeff3c82f2c02f7177d13663b7e6f890e9a6a0647ce9bb29cae02dcb094c7312?s=96&d=mm&r=g\",\"caption\":\"webman\"},\"url\":\"https:\/\/dev.explora.cl\/coquimbo\/author\/webman\/\"}]}<\/script>\n<!-- \/ Yoast SEO plugin. -->","yoast_head_json":{"title":"Cuatro delegaciones de Coquimbo participar\u00e1n desde este martes en el Congreso Nacional de EXPLORA - Coquimbo","robots":{"index":"index","follow":"follow","max-snippet":"max-snippet:-1","max-image-preview":"max-image-preview:large","max-video-preview":"max-video-preview:-1"},"canonical":"https:\/\/dev.explora.cl\/coquimbo\/cuatro-delegaciones-de-coquimbo-participaran-desde-este-martes-en-el-congreso-nacional-de-explora-2\/","og_locale":"es_ES","og_type":"article","og_title":"Cuatro delegaciones de Coquimbo participar\u00e1n desde este martes en el Congreso Nacional de EXPLORA - Coquimbo","og_description":"Desde este martes, cuatro delegaciones de la regi\u00f3n de Coquimbo se dar\u00e1n cita en Santiago para participar de la d\u00e9cimo quinta versi\u00f3n del Congreso Nacional Escolar de Ciencia y Tecnolog\u00eda, que organiza EXPLORA para todo los alumnos y alumnas del pa\u00eds. Esta una instancia de sana competencia donde las y los estudiantes tienen la posibilidad [&hellip;]","og_url":"https:\/\/dev.explora.cl\/coquimbo\/cuatro-delegaciones-de-coquimbo-participaran-desde-este-martes-en-el-congreso-nacional-de-explora-2\/","og_site_name":"Coquimbo","article_published_time":"2014-11-24T04:00:00+00:00","article_modified_time":"2019-05-16T06:40:26+00:00","og_image":[{"width":300,"height":200,"url":"https:\/\/dev.explora.cl\/coquimbo\/wp-content\/uploads\/sites\/6\/2018\/06\/4e402c8920f4be037902c4be9402ea8f.jpg","type":"image\/jpeg"}],"author":"webman","twitter_card":"summary_large_image","twitter_misc":{"Escrito por":"webman","Tiempo estimado de lectura":"2 minutos"},"schema":{"@context":"https:\/\/schema.org","@graph":[{"@type":"Article","@id":"https:\/\/dev.explora.cl\/coquimbo\/cuatro-delegaciones-de-coquimbo-participaran-desde-este-martes-en-el-congreso-nacional-de-explora-2\/#article","isPartOf":{"@id":"https:\/\/dev.explora.cl\/coquimbo\/cuatro-delegaciones-de-coquimbo-participaran-desde-este-martes-en-el-congreso-nacional-de-explora-2\/"},"author":{"name":"webman","@id":"https:\/\/dev.explora.cl\/coquimbo\/#\/schema\/person\/cb8349c13ea2d324080adf8480d7ba5d"},"headline":"Cuatro delegaciones de Coquimbo participar\u00e1n desde este martes en el Congreso Nacional de EXPLORA","datePublished":"2014-11-24T04:00:00+00:00","dateModified":"2019-05-16T06:40:26+00:00","mainEntityOfPage":{"@id":"https:\/\/dev.explora.cl\/coquimbo\/cuatro-delegaciones-de-coquimbo-participaran-desde-este-martes-en-el-congreso-nacional-de-explora-2\/"},"wordCount":466,"commentCount":0,"publisher":{"@id":"https:\/\/dev.explora.cl\/coquimbo\/#organization"},"image":{"@id":"https:\/\/dev.explora.cl\/coquimbo\/cuatro-delegaciones-de-coquimbo-participaran-desde-este-martes-en-el-congreso-nacional-de-explora-2\/#primaryimage"},"thumbnailUrl":"https:\/\/dev.explora.cl\/coquimbo\/wp-content\/uploads\/sites\/6\/2018\/06\/4e402c8920f4be037902c4be9402ea8f.jpg","keywords":["congreso","Congreso Regional","CONGRESOS"],"articleSection":["Noticias"],"inLanguage":"es-CL","potentialAction":[{"@type":"CommentAction","name":"Comment","target":["https:\/\/dev.explora.cl\/coquimbo\/cuatro-delegaciones-de-coquimbo-participaran-desde-este-martes-en-el-congreso-nacional-de-explora-2\/#respond"]}]},{"@type":"WebPage","@id":"https:\/\/dev.explora.cl\/coquimbo\/cuatro-delegaciones-de-coquimbo-participaran-desde-este-martes-en-el-congreso-nacional-de-explora-2\/","url":"https:\/\/dev.explora.cl\/coquimbo\/cuatro-delegaciones-de-coquimbo-participaran-desde-este-martes-en-el-congreso-nacional-de-explora-2\/","name":"Cuatro delegaciones de Coquimbo participar\u00e1n desde este martes en el Congreso Nacional de EXPLORA - Coquimbo","isPartOf":{"@id":"https:\/\/dev.explora.cl\/coquimbo\/#website"},"primaryImageOfPage":{"@id":"https:\/\/dev.explora.cl\/coquimbo\/cuatro-delegaciones-de-coquimbo-participaran-desde-este-martes-en-el-congreso-nacional-de-explora-2\/#primaryimage"},"image":{"@id":"https:\/\/dev.explora.cl\/coquimbo\/cuatro-delegaciones-de-coquimbo-participaran-desde-este-martes-en-el-congreso-nacional-de-explora-2\/#primaryimage"},"thumbnailUrl":"https:\/\/dev.explora.cl\/coquimbo\/wp-content\/uploads\/sites\/6\/2018\/06\/4e402c8920f4be037902c4be9402ea8f.jpg","datePublished":"2014-11-24T04:00:00+00:00","dateModified":"2019-05-16T06:40:26+00:00","breadcrumb":{"@id":"https:\/\/dev.explora.cl\/coquimbo\/cuatro-delegaciones-de-coquimbo-participaran-desde-este-martes-en-el-congreso-nacional-de-explora-2\/#breadcrumb"},"inLanguage":"es-CL","potentialAction":[{"@type":"ReadAction","target":["https:\/\/dev.explora.cl\/coquimbo\/cuatro-delegaciones-de-coquimbo-participaran-desde-este-martes-en-el-congreso-nacional-de-explora-2\/"]}]},{"@type":"ImageObject","inLanguage":"es-CL","@id":"https:\/\/dev.explora.cl\/coquimbo\/cuatro-delegaciones-de-coquimbo-participaran-desde-este-martes-en-el-congreso-nacional-de-explora-2\/#primaryimage","url":"https:\/\/dev.explora.cl\/coquimbo\/wp-content\/uploads\/sites\/6\/2018\/06\/4e402c8920f4be037902c4be9402ea8f.jpg","contentUrl":"https:\/\/dev.explora.cl\/coquimbo\/wp-content\/uploads\/sites\/6\/2018\/06\/4e402c8920f4be037902c4be9402ea8f.jpg","width":300,"height":200},{"@type":"BreadcrumbList","@id":"https:\/\/dev.explora.cl\/coquimbo\/cuatro-delegaciones-de-coquimbo-participaran-desde-este-martes-en-el-congreso-nacional-de-explora-2\/#breadcrumb","itemListElement":[{"@type":"ListItem","position":1,"name":"Portada","item":"https:\/\/dev.explora.cl\/coquimbo\/"},{"@type":"ListItem","position":2,"name":"Cuatro delegaciones de Coquimbo participar\u00e1n desde este martes en el Congreso Nacional de EXPLORA"}]},{"@type":"WebSite","@id":"https:\/\/dev.explora.cl\/coquimbo\/#website","url":"https:\/\/dev.explora.cl\/coquimbo\/","name":"Coquimbo","description":"Otro sitio m\u00e1s de dev.explora.cl","publisher":{"@id":"https:\/\/dev.explora.cl\/coquimbo\/#organization"},"potentialAction":[{"@type":"SearchAction","target":{"@type":"EntryPoint","urlTemplate":"https:\/\/dev.explora.cl\/coquimbo\/?s={search_term_string}"},"query-input":{"@type":"PropertyValueSpecification","valueRequired":true,"valueName":"search_term_string"}}],"inLanguage":"es-CL"},{"@type":"Organization","@id":"https:\/\/dev.explora.cl\/coquimbo\/#organization","name":"Coquimbo","url":"https:\/\/dev.explora.cl\/coquimbo\/","logo":{"@type":"ImageObject","inLanguage":"es-CL","@id":"https:\/\/dev.explora.cl\/coquimbo\/#\/schema\/logo\/image\/","url":"https:\/\/dev.explora.cl\/coquimbo\/wp-content\/uploads\/sites\/6\/2020\/08\/cropped-Mesa-de-trabajo-1-100.jpg","contentUrl":"https:\/\/dev.explora.cl\/coquimbo\/wp-content\/uploads\/sites\/6\/2020\/08\/cropped-Mesa-de-trabajo-1-100.jpg","width":615,"height":576,"caption":"Coquimbo"},"image":{"@id":"https:\/\/dev.explora.cl\/coquimbo\/#\/schema\/logo\/image\/"}},{"@type":"Person","@id":"https:\/\/dev.explora.cl\/coquimbo\/#\/schema\/person\/cb8349c13ea2d324080adf8480d7ba5d","name":"webman","image":{"@type":"ImageObject","inLanguage":"es-CL","@id":"https:\/\/dev.explora.cl\/coquimbo\/#\/schema\/person\/image\/","url":"https:\/\/secure.gravatar.com\/avatar\/eeff3c82f2c02f7177d13663b7e6f890e9a6a0647ce9bb29cae02dcb094c7312?s=96&d=mm&r=g","contentUrl":"https:\/\/secure.gravatar.com\/avatar\/eeff3c82f2c02f7177d13663b7e6f890e9a6a0647ce9bb29cae02dcb094c7312?s=96&d=mm&r=g","caption":"webman"},"url":"https:\/\/dev.explora.cl\/coquimbo\/author\/webman\/"}]}},"_links":{"self":[{"href":"https:\/\/dev.explora.cl\/coquimbo\/wp-json\/wp\/v2\/posts\/37896","targetHints":{"allow":["GET"]}}],"collection":[{"href":"https:\/\/dev.explora.cl\/coquimbo\/wp-json\/wp\/v2\/posts"}],"about":[{"href":"https:\/\/dev.explora.cl\/coquimbo\/wp-json\/wp\/v2\/types\/post"}],"author":[{"embeddable":true,"href":"https:\/\/dev.explora.cl\/coquimbo\/wp-json\/wp\/v2\/users\/2"}],"replies":[{"embeddable":true,"href":"https:\/\/dev.explora.cl\/coquimbo\/wp-json\/wp\/v2\/comments?post=37896"}],"version-history":[{"count":1,"href":"https:\/\/dev.explora.cl\/coquimbo\/wp-json\/wp\/v2\/posts\/37896\/revisions"}],"predecessor-version":[{"id":39297,"href":"https:\/\/dev.explora.cl\/coquimbo\/wp-json\/wp\/v2\/posts\/37896\/revisions\/39297"}],"wp:featuredmedia":[{"embeddable":true,"href":"https:\/\/dev.explora.cl\/coquimbo\/wp-json\/wp\/v2\/media\/31976"}],"wp:attachment":[{"href":"https:\/\/dev.explora.cl\/coquimbo\/wp-json\/wp\/v2\/media?parent=37896"}],"wp:term":[{"taxonomy":"category","embeddable":true,"href":"https:\/\/dev.explora.cl\/coquimbo\/wp-json\/wp\/v2\/categories?post=37896"},{"taxonomy":"post_tag","embeddable":true,"href":"https:\/\/dev.explora.cl\/coquimbo\/wp-json\/wp\/v2\/tags?post=37896"}],"curies":[{"name":"wp","href":"https:\/\/api.w.org\/{rel}","templated":true}]}}