{"id":37894,"date":"2014-11-18T00:00:00","date_gmt":"2014-11-18T04:00:00","guid":{"rendered":"https:\/\/dev.explora.cl\/coquimbo\/blog\/2014\/11\/18\/horarios-de-presentaciones-v-congreso-de-ciencia-y-tecnologia-para-parvulos-2014\/"},"modified":"2019-05-16T06:40:27","modified_gmt":"2019-05-16T06:40:27","slug":"horarios-de-presentaciones-v-congreso-de-ciencia-y-tecnologia-para-parvulos-2014-2","status":"publish","type":"post","link":"https:\/\/dev.explora.cl\/coquimbo\/horarios-de-presentaciones-v-congreso-de-ciencia-y-tecnologia-para-parvulos-2014-2\/","title":{"rendered":"Horarios de presentaciones V Congreso de Ciencia y Tecnolog\u00eda para P\u00e1rvulos 2014"},"content":{"rendered":"<p><img loading=\"lazy\" decoding=\"async\" class=\" size-full wp-image-7363\" src=\"http:\/\/ec2-34-218-253-251.us-west-2.compute.amazonaws.com\/wp-content\/uploads\/2014\/11\/073946107c4bc83c3b95873745c38132.jpg\" alt=\"\" width=\"430\" height=\"286\" \/><\/p>\n<p>El Proyecto Asociativo Regional, PAR EXPLORA Coquimbo, comunica el horario de las presentaciones para el \u00a0V Congreso de Ciencia y Tecnolog\u00eda para P\u00e1rvulos 2014.<\/p>\n<p>Cabe recordar que el objetivo principal del evento es promover la difusi\u00f3n\u00a0 y el intercambio de experiencias, entre P\u00e1rvulos y Educadoras de p\u00e1rvulos de la regi\u00f3n de Coquimbo. \u00a0<\/p>\n<p>El d\u00eda jueves 27 de noviembre se realizar\u00e1 el 5to Congreso de Ciencia y Tecnolog\u00eda para P\u00e1rvulos 2014, en dependencias de la Universidad de La Serena.<\/p>\n<table style=\"width: 758px\" border=\"0\" cellspacing=\"0\" cellpadding=\"0\" align=\"left\">\n<tbody>\n<tr>\n<td valign=\"bottom\" nowrap=\"nowrap\" width=\"69\">\n<p align=\"center\"><strong>Horario<\/strong><\/p>\n<\/td>\n<td valign=\"bottom\" nowrap=\"nowrap\" width=\"69\">\n<p>\u00a0<\/p>\n<\/td>\n<td valign=\"bottom\" nowrap=\"nowrap\" width=\"419\">\n<p align=\"center\"><strong>Titulo abreviado<\/strong><\/p>\n<\/td>\n<td valign=\"bottom\" nowrap=\"nowrap\" width=\"200\">\n<p align=\"center\"><strong>Establecimiento<\/strong><\/p>\n<\/td>\n<\/tr>\n<tr>\n<td rowspan=\"4\" valign=\"bottom\" nowrap=\"nowrap\" width=\"69\">\n<p align=\"center\">10:00<\/p>\n<\/td>\n<td valign=\"bottom\" nowrap=\"nowrap\" width=\"69\">\n<p>Grupo 1<\/p>\n<\/td>\n<td valign=\"bottom\" nowrap=\"nowrap\" width=\"419\">\n<p align=\"center\">\u201cNi\u00f1os cient\u00edficos\u201d Experimentando con Fluidos Newtonianos y l\u00e1mparas de Lava<\/p>\n<\/td>\n<td valign=\"bottom\" nowrap=\"nowrap\" width=\"200\">\n<p align=\"center\">Francis School<\/p>\n<\/td>\n<\/tr>\n<tr>\n<td valign=\"bottom\" nowrap=\"nowrap\" width=\"69\">\n<p>Grupo 2<\/p>\n<\/td>\n<td valign=\"bottom\" nowrap=\"nowrap\" width=\"419\">\n<p align=\"center\">Descubriendo el Universo<\/p>\n<\/td>\n<td valign=\"bottom\" nowrap=\"nowrap\" width=\"200\">\n<p align=\"center\">J.I. Barquillo<\/p>\n<\/td>\n<\/tr>\n<tr>\n<td valign=\"bottom\" nowrap=\"nowrap\" width=\"69\">\n<p>Grupo 3<\/p>\n<\/td>\n<td valign=\"bottom\" nowrap=\"nowrap\" width=\"419\">\n<p align=\"center\">Mundo de los caracoles<\/p>\n<\/td>\n<td valign=\"bottom\" nowrap=\"nowrap\" width=\"200\">\n<p align=\"center\">J.I. Mundo Compartido<\/p>\n<\/td>\n<\/tr>\n<tr>\n<td valign=\"bottom\" nowrap=\"nowrap\" width=\"69\">\n<p>Grupo 4<\/p>\n<\/td>\n<td valign=\"bottom\" nowrap=\"nowrap\" width=\"419\">\n<p align=\"center\">Termobarquitos<\/p>\n<\/td>\n<td valign=\"bottom\" nowrap=\"nowrap\" width=\"200\">\n<p align=\"center\">Colegio Adventista<\/p>\n<\/td>\n<\/tr>\n<tr>\n<td rowspan=\"4\" valign=\"bottom\" nowrap=\"nowrap\" width=\"69\">\n<p align=\"center\">11:30<\/p>\n<\/td>\n<td valign=\"bottom\" nowrap=\"nowrap\" width=\"69\">\n<p>Grupo 5<\/p>\n<\/td>\n<td valign=\"bottom\" nowrap=\"nowrap\" width=\"419\">\n<p align=\"center\">De la huerta a la mesa<\/p>\n<\/td>\n<td valign=\"bottom\" nowrap=\"nowrap\" width=\"200\">\n<p align=\"center\">J.I. El Trencito<\/p>\n<\/td>\n<\/tr>\n<tr>\n<td valign=\"bottom\" nowrap=\"nowrap\" width=\"69\">\n<p>Grupo 6<\/p>\n<\/td>\n<td valign=\"bottom\" nowrap=\"nowrap\" width=\"419\">\n<p align=\"center\">Las Hormigas<\/p>\n<\/td>\n<td valign=\"bottom\" nowrap=\"nowrap\" width=\"200\">\n<p align=\"center\">J.I. Las A\u00f1a\u00f1ucas<\/p>\n<\/td>\n<\/tr>\n<tr>\n<td valign=\"bottom\" nowrap=\"nowrap\" width=\"69\">\n<p>Grupo 7<\/p>\n<\/td>\n<td valign=\"bottom\" nowrap=\"nowrap\" width=\"419\">\n<p align=\"center\">Nuestra huerta Juanita<\/p>\n<\/td>\n<td valign=\"bottom\" nowrap=\"nowrap\" width=\"200\">\n<p align=\"center\">J.I. Pedacito de cielo<\/p>\n<\/td>\n<\/tr>\n<tr>\n<td valign=\"bottom\" nowrap=\"nowrap\" width=\"69\">\n<p>Grupo 8<\/p>\n<\/td>\n<td valign=\"bottom\" nowrap=\"nowrap\" width=\"419\">\n<p align=\"center\">Exploradores de jard\u00edn<\/p>\n<\/td>\n<td valign=\"bottom\" nowrap=\"nowrap\" width=\"200\">\n<p align=\"center\">J.I. Los Pastorcitos<\/p>\n<\/td>\n<\/tr>\n<tr>\n<td rowspan=\"4\" valign=\"bottom\" nowrap=\"nowrap\" width=\"69\">\n<p align=\"center\">14:00<\/p>\n<\/td>\n<td valign=\"bottom\" nowrap=\"nowrap\" width=\"69\">\n<p>Grupo 9<\/p>\n<\/td>\n<td valign=\"bottom\" nowrap=\"nowrap\" width=\"419\">\n<p align=\"center\">Por qu\u00e9 aqu\u00ed si\u2026 y no all\u00e1<\/p>\n<\/td>\n<td valign=\"bottom\" nowrap=\"nowrap\" width=\"200\">\n<p align=\"center\">J.I. Las Chicharritas<\/p>\n<\/td>\n<\/tr>\n<tr>\n<td valign=\"bottom\" nowrap=\"nowrap\" width=\"69\">\n<p>Grupo 10<\/p>\n<\/td>\n<td valign=\"bottom\" nowrap=\"nowrap\" width=\"419\">\n<p align=\"center\">La m\u00e1s sana lechuguita<\/p>\n<\/td>\n<td valign=\"bottom\" nowrap=\"nowrap\" width=\"200\">\n<p align=\"center\">Colegio Adventista<\/p>\n<\/td>\n<\/tr>\n<tr>\n<td valign=\"bottom\" nowrap=\"nowrap\" width=\"69\">\n<p>Grupo 11<\/p>\n<\/td>\n<td valign=\"bottom\" nowrap=\"nowrap\" width=\"419\">\n<p align=\"center\">La Tierra se mueve<\/p>\n<\/td>\n<td valign=\"bottom\" nowrap=\"nowrap\" width=\"200\">\n<p align=\"center\">J.I. Chispita de Oro<\/p>\n<\/td>\n<\/tr>\n<tr>\n<td valign=\"bottom\" nowrap=\"nowrap\" width=\"69\">\n<p>Grupo 12<\/p>\n<\/td>\n<td valign=\"bottom\" nowrap=\"nowrap\" width=\"419\">\n<p align=\"center\">Autocuidado y conciencia<\/p>\n<\/td>\n<td valign=\"bottom\" nowrap=\"nowrap\" width=\"200\">\n<p align=\"center\">Escuela Diego Rivera<\/p>\n<\/td>\n<\/tr>\n<tr>\n<td rowspan=\"4\" valign=\"bottom\" nowrap=\"nowrap\" width=\"69\">\n<p align=\"center\">15:30<\/p>\n<\/td>\n<td valign=\"bottom\" nowrap=\"nowrap\" width=\"69\">\n<p>Grupo 13<\/p>\n<\/td>\n<td valign=\"bottom\" nowrap=\"nowrap\" width=\"419\">\n<p align=\"center\">Kikiriki: gallinas<\/p>\n<\/td>\n<td valign=\"bottom\" nowrap=\"nowrap\" width=\"200\">\n<p align=\"center\">Escuela Lenguaje Wenui<\/p>\n<\/td>\n<\/tr>\n<tr>\n<td valign=\"bottom\" nowrap=\"nowrap\" width=\"69\">\n<p>Grupo 14<\/p>\n<\/td>\n<td valign=\"bottom\" nowrap=\"nowrap\" width=\"419\">\n<p align=\"center\">C\u00f3mo hacen miel las abejas?<\/p>\n<\/td>\n<td valign=\"bottom\" nowrap=\"nowrap\" width=\"200\">\n<p align=\"center\">J.I. Mis primeros pasos<\/p>\n<\/td>\n<\/tr>\n<tr>\n<td valign=\"bottom\" nowrap=\"nowrap\" width=\"69\">\n<p>Grupo 15<\/p>\n<\/td>\n<td valign=\"bottom\" nowrap=\"nowrap\" width=\"419\">\n<p align=\"center\">Protejamos Loro Tricahue<\/p>\n<\/td>\n<td valign=\"bottom\" nowrap=\"nowrap\" width=\"200\">\n<p align=\"center\">J.I. Capullito<\/p>\n<\/td>\n<\/tr>\n<tr>\n<td valign=\"bottom\" nowrap=\"nowrap\" width=\"69\">\n<p>Grupo 16<\/p>\n<\/td>\n<td valign=\"bottom\" nowrap=\"nowrap\" width=\"419\">\n<p align=\"center\">Fi fau que olor<\/p>\n<\/td>\n<td valign=\"bottom\" nowrap=\"nowrap\" width=\"200\">\n<p align=\"center\">Colegio Adventista<\/p>\n<\/td>\n<\/tr>\n<\/tbody>\n<\/table>\n","protected":false},"excerpt":{"rendered":"<p>El Proyecto Asociativo Regional, PAR EXPLORA Coquimbo, comunica el horario de las presentaciones para el \u00a0V Congreso de Ciencia y Tecnolog\u00eda para P\u00e1rvulos 2014. Cabe recordar que el objetivo principal del evento es promover la difusi\u00f3n\u00a0 y el intercambio de experiencias, entre P\u00e1rvulos y Educadoras de p\u00e1rvulos de la regi\u00f3n de Coquimbo. \u00a0 El d\u00eda [&hellip;]<\/p>\n","protected":false},"author":2,"featured_media":31974,"comment_status":"open","ping_status":"open","sticky":false,"template":"","format":"standard","meta":{"_acf_changed":false,"_exactmetrics_skip_tracking":false,"_exactmetrics_sitenote_active":false,"_exactmetrics_sitenote_note":"","_exactmetrics_sitenote_category":0,"footnotes":"","_links_to":"","_links_to_target":""},"categories":[4],"tags":[],"class_list":["post-37894","post","type-post","status-publish","format-standard","has-post-thumbnail","hentry","category-noticias"],"acf":[],"yoast_head":"<!-- This site is optimized with the Yoast SEO plugin v26.7 - https:\/\/yoast.com\/wordpress\/plugins\/seo\/ -->\n<title>Horarios de presentaciones V Congreso de Ciencia y Tecnolog\u00eda para P\u00e1rvulos 2014 - Coquimbo<\/title>\n<meta name=\"robots\" content=\"index, follow, max-snippet:-1, max-image-preview:large, max-video-preview:-1\" \/>\n<link rel=\"canonical\" href=\"https:\/\/dev.explora.cl\/coquimbo\/horarios-de-presentaciones-v-congreso-de-ciencia-y-tecnologia-para-parvulos-2014-2\/\" class=\"yoast-seo-meta-tag\" \/>\n<meta property=\"og:locale\" content=\"es_ES\" class=\"yoast-seo-meta-tag\" \/>\n<meta property=\"og:type\" content=\"article\" class=\"yoast-seo-meta-tag\" \/>\n<meta property=\"og:title\" content=\"Horarios de presentaciones V Congreso de Ciencia y Tecnolog\u00eda para P\u00e1rvulos 2014 - Coquimbo\" class=\"yoast-seo-meta-tag\" \/>\n<meta property=\"og:description\" content=\"El Proyecto Asociativo Regional, PAR EXPLORA Coquimbo, comunica el horario de las presentaciones para el \u00a0V Congreso de Ciencia y Tecnolog\u00eda para P\u00e1rvulos 2014. Cabe recordar que el objetivo principal del evento es promover la difusi\u00f3n\u00a0 y el intercambio de experiencias, entre P\u00e1rvulos y Educadoras de p\u00e1rvulos de la regi\u00f3n de Coquimbo. \u00a0 El d\u00eda [&hellip;]\" class=\"yoast-seo-meta-tag\" \/>\n<meta property=\"og:url\" content=\"https:\/\/dev.explora.cl\/coquimbo\/horarios-de-presentaciones-v-congreso-de-ciencia-y-tecnologia-para-parvulos-2014-2\/\" class=\"yoast-seo-meta-tag\" \/>\n<meta property=\"og:site_name\" content=\"Coquimbo\" class=\"yoast-seo-meta-tag\" \/>\n<meta property=\"article:published_time\" content=\"2014-11-18T04:00:00+00:00\" class=\"yoast-seo-meta-tag\" \/>\n<meta property=\"article:modified_time\" content=\"2019-05-16T06:40:27+00:00\" class=\"yoast-seo-meta-tag\" \/>\n<meta property=\"og:image\" content=\"https:\/\/dev.explora.cl\/coquimbo\/wp-content\/uploads\/sites\/6\/2018\/06\/55097f9559083383e45911635c552374.jpg\" class=\"yoast-seo-meta-tag\" \/>\n\t<meta property=\"og:image:width\" content=\"350\" class=\"yoast-seo-meta-tag\" \/>\n\t<meta property=\"og:image:height\" content=\"263\" class=\"yoast-seo-meta-tag\" \/>\n\t<meta property=\"og:image:type\" content=\"image\/jpeg\" class=\"yoast-seo-meta-tag\" \/>\n<meta name=\"author\" content=\"webman\" class=\"yoast-seo-meta-tag\" \/>\n<meta name=\"twitter:card\" content=\"summary_large_image\" class=\"yoast-seo-meta-tag\" \/>\n<meta name=\"twitter:label1\" content=\"Escrito por\" class=\"yoast-seo-meta-tag\" \/>\n\t<meta name=\"twitter:data1\" content=\"webman\" class=\"yoast-seo-meta-tag\" \/>\n\t<meta name=\"twitter:label2\" content=\"Tiempo estimado de lectura\" class=\"yoast-seo-meta-tag\" \/>\n\t<meta name=\"twitter:data2\" content=\"1 minuto\" class=\"yoast-seo-meta-tag\" \/>\n<script type=\"application\/ld+json\" class=\"yoast-schema-graph\">{\"@context\":\"https:\/\/schema.org\",\"@graph\":[{\"@type\":\"Article\",\"@id\":\"https:\/\/dev.explora.cl\/coquimbo\/horarios-de-presentaciones-v-congreso-de-ciencia-y-tecnologia-para-parvulos-2014-2\/#article\",\"isPartOf\":{\"@id\":\"https:\/\/dev.explora.cl\/coquimbo\/horarios-de-presentaciones-v-congreso-de-ciencia-y-tecnologia-para-parvulos-2014-2\/\"},\"author\":{\"name\":\"webman\",\"@id\":\"https:\/\/dev.explora.cl\/coquimbo\/#\/schema\/person\/cb8349c13ea2d324080adf8480d7ba5d\"},\"headline\":\"Horarios de presentaciones V Congreso de Ciencia y Tecnolog\u00eda para P\u00e1rvulos 2014\",\"datePublished\":\"2014-11-18T04:00:00+00:00\",\"dateModified\":\"2019-05-16T06:40:27+00:00\",\"mainEntityOfPage\":{\"@id\":\"https:\/\/dev.explora.cl\/coquimbo\/horarios-de-presentaciones-v-congreso-de-ciencia-y-tecnologia-para-parvulos-2014-2\/\"},\"wordCount\":244,\"commentCount\":0,\"publisher\":{\"@id\":\"https:\/\/dev.explora.cl\/coquimbo\/#organization\"},\"image\":{\"@id\":\"https:\/\/dev.explora.cl\/coquimbo\/horarios-de-presentaciones-v-congreso-de-ciencia-y-tecnologia-para-parvulos-2014-2\/#primaryimage\"},\"thumbnailUrl\":\"https:\/\/dev.explora.cl\/coquimbo\/wp-content\/uploads\/sites\/6\/2018\/06\/55097f9559083383e45911635c552374.jpg\",\"articleSection\":[\"Noticias\"],\"inLanguage\":\"es-CL\",\"potentialAction\":[{\"@type\":\"CommentAction\",\"name\":\"Comment\",\"target\":[\"https:\/\/dev.explora.cl\/coquimbo\/horarios-de-presentaciones-v-congreso-de-ciencia-y-tecnologia-para-parvulos-2014-2\/#respond\"]}]},{\"@type\":\"WebPage\",\"@id\":\"https:\/\/dev.explora.cl\/coquimbo\/horarios-de-presentaciones-v-congreso-de-ciencia-y-tecnologia-para-parvulos-2014-2\/\",\"url\":\"https:\/\/dev.explora.cl\/coquimbo\/horarios-de-presentaciones-v-congreso-de-ciencia-y-tecnologia-para-parvulos-2014-2\/\",\"name\":\"Horarios de presentaciones V Congreso de Ciencia y Tecnolog\u00eda para P\u00e1rvulos 2014 - Coquimbo\",\"isPartOf\":{\"@id\":\"https:\/\/dev.explora.cl\/coquimbo\/#website\"},\"primaryImageOfPage\":{\"@id\":\"https:\/\/dev.explora.cl\/coquimbo\/horarios-de-presentaciones-v-congreso-de-ciencia-y-tecnologia-para-parvulos-2014-2\/#primaryimage\"},\"image\":{\"@id\":\"https:\/\/dev.explora.cl\/coquimbo\/horarios-de-presentaciones-v-congreso-de-ciencia-y-tecnologia-para-parvulos-2014-2\/#primaryimage\"},\"thumbnailUrl\":\"https:\/\/dev.explora.cl\/coquimbo\/wp-content\/uploads\/sites\/6\/2018\/06\/55097f9559083383e45911635c552374.jpg\",\"datePublished\":\"2014-11-18T04:00:00+00:00\",\"dateModified\":\"2019-05-16T06:40:27+00:00\",\"breadcrumb\":{\"@id\":\"https:\/\/dev.explora.cl\/coquimbo\/horarios-de-presentaciones-v-congreso-de-ciencia-y-tecnologia-para-parvulos-2014-2\/#breadcrumb\"},\"inLanguage\":\"es-CL\",\"potentialAction\":[{\"@type\":\"ReadAction\",\"target\":[\"https:\/\/dev.explora.cl\/coquimbo\/horarios-de-presentaciones-v-congreso-de-ciencia-y-tecnologia-para-parvulos-2014-2\/\"]}]},{\"@type\":\"ImageObject\",\"inLanguage\":\"es-CL\",\"@id\":\"https:\/\/dev.explora.cl\/coquimbo\/horarios-de-presentaciones-v-congreso-de-ciencia-y-tecnologia-para-parvulos-2014-2\/#primaryimage\",\"url\":\"https:\/\/dev.explora.cl\/coquimbo\/wp-content\/uploads\/sites\/6\/2018\/06\/55097f9559083383e45911635c552374.jpg\",\"contentUrl\":\"https:\/\/dev.explora.cl\/coquimbo\/wp-content\/uploads\/sites\/6\/2018\/06\/55097f9559083383e45911635c552374.jpg\",\"width\":350,\"height\":263},{\"@type\":\"BreadcrumbList\",\"@id\":\"https:\/\/dev.explora.cl\/coquimbo\/horarios-de-presentaciones-v-congreso-de-ciencia-y-tecnologia-para-parvulos-2014-2\/#breadcrumb\",\"itemListElement\":[{\"@type\":\"ListItem\",\"position\":1,\"name\":\"Portada\",\"item\":\"https:\/\/dev.explora.cl\/coquimbo\/\"},{\"@type\":\"ListItem\",\"position\":2,\"name\":\"Horarios de presentaciones V Congreso de Ciencia y Tecnolog\u00eda para P\u00e1rvulos 2014\"}]},{\"@type\":\"WebSite\",\"@id\":\"https:\/\/dev.explora.cl\/coquimbo\/#website\",\"url\":\"https:\/\/dev.explora.cl\/coquimbo\/\",\"name\":\"Coquimbo\",\"description\":\"Otro sitio m\u00e1s de dev.explora.cl\",\"publisher\":{\"@id\":\"https:\/\/dev.explora.cl\/coquimbo\/#organization\"},\"potentialAction\":[{\"@type\":\"SearchAction\",\"target\":{\"@type\":\"EntryPoint\",\"urlTemplate\":\"https:\/\/dev.explora.cl\/coquimbo\/?s={search_term_string}\"},\"query-input\":{\"@type\":\"PropertyValueSpecification\",\"valueRequired\":true,\"valueName\":\"search_term_string\"}}],\"inLanguage\":\"es-CL\"},{\"@type\":\"Organization\",\"@id\":\"https:\/\/dev.explora.cl\/coquimbo\/#organization\",\"name\":\"Coquimbo\",\"url\":\"https:\/\/dev.explora.cl\/coquimbo\/\",\"logo\":{\"@type\":\"ImageObject\",\"inLanguage\":\"es-CL\",\"@id\":\"https:\/\/dev.explora.cl\/coquimbo\/#\/schema\/logo\/image\/\",\"url\":\"https:\/\/dev.explora.cl\/coquimbo\/wp-content\/uploads\/sites\/6\/2020\/08\/cropped-Mesa-de-trabajo-1-100.jpg\",\"contentUrl\":\"https:\/\/dev.explora.cl\/coquimbo\/wp-content\/uploads\/sites\/6\/2020\/08\/cropped-Mesa-de-trabajo-1-100.jpg\",\"width\":615,\"height\":576,\"caption\":\"Coquimbo\"},\"image\":{\"@id\":\"https:\/\/dev.explora.cl\/coquimbo\/#\/schema\/logo\/image\/\"}},{\"@type\":\"Person\",\"@id\":\"https:\/\/dev.explora.cl\/coquimbo\/#\/schema\/person\/cb8349c13ea2d324080adf8480d7ba5d\",\"name\":\"webman\",\"image\":{\"@type\":\"ImageObject\",\"inLanguage\":\"es-CL\",\"@id\":\"https:\/\/dev.explora.cl\/coquimbo\/#\/schema\/person\/image\/\",\"url\":\"https:\/\/secure.gravatar.com\/avatar\/eeff3c82f2c02f7177d13663b7e6f890e9a6a0647ce9bb29cae02dcb094c7312?s=96&d=mm&r=g\",\"contentUrl\":\"https:\/\/secure.gravatar.com\/avatar\/eeff3c82f2c02f7177d13663b7e6f890e9a6a0647ce9bb29cae02dcb094c7312?s=96&d=mm&r=g\",\"caption\":\"webman\"},\"url\":\"https:\/\/dev.explora.cl\/coquimbo\/author\/webman\/\"}]}<\/script>\n<!-- \/ Yoast SEO plugin. -->","yoast_head_json":{"title":"Horarios de presentaciones V Congreso de Ciencia y Tecnolog\u00eda para P\u00e1rvulos 2014 - Coquimbo","robots":{"index":"index","follow":"follow","max-snippet":"max-snippet:-1","max-image-preview":"max-image-preview:large","max-video-preview":"max-video-preview:-1"},"canonical":"https:\/\/dev.explora.cl\/coquimbo\/horarios-de-presentaciones-v-congreso-de-ciencia-y-tecnologia-para-parvulos-2014-2\/","og_locale":"es_ES","og_type":"article","og_title":"Horarios de presentaciones V Congreso de Ciencia y Tecnolog\u00eda para P\u00e1rvulos 2014 - Coquimbo","og_description":"El Proyecto Asociativo Regional, PAR EXPLORA Coquimbo, comunica el horario de las presentaciones para el \u00a0V Congreso de Ciencia y Tecnolog\u00eda para P\u00e1rvulos 2014. Cabe recordar que el objetivo principal del evento es promover la difusi\u00f3n\u00a0 y el intercambio de experiencias, entre P\u00e1rvulos y Educadoras de p\u00e1rvulos de la regi\u00f3n de Coquimbo. \u00a0 El d\u00eda [&hellip;]","og_url":"https:\/\/dev.explora.cl\/coquimbo\/horarios-de-presentaciones-v-congreso-de-ciencia-y-tecnologia-para-parvulos-2014-2\/","og_site_name":"Coquimbo","article_published_time":"2014-11-18T04:00:00+00:00","article_modified_time":"2019-05-16T06:40:27+00:00","og_image":[{"width":350,"height":263,"url":"https:\/\/dev.explora.cl\/coquimbo\/wp-content\/uploads\/sites\/6\/2018\/06\/55097f9559083383e45911635c552374.jpg","type":"image\/jpeg"}],"author":"webman","twitter_card":"summary_large_image","twitter_misc":{"Escrito por":"webman","Tiempo estimado de lectura":"1 minuto"},"schema":{"@context":"https:\/\/schema.org","@graph":[{"@type":"Article","@id":"https:\/\/dev.explora.cl\/coquimbo\/horarios-de-presentaciones-v-congreso-de-ciencia-y-tecnologia-para-parvulos-2014-2\/#article","isPartOf":{"@id":"https:\/\/dev.explora.cl\/coquimbo\/horarios-de-presentaciones-v-congreso-de-ciencia-y-tecnologia-para-parvulos-2014-2\/"},"author":{"name":"webman","@id":"https:\/\/dev.explora.cl\/coquimbo\/#\/schema\/person\/cb8349c13ea2d324080adf8480d7ba5d"},"headline":"Horarios de presentaciones V Congreso de Ciencia y Tecnolog\u00eda para P\u00e1rvulos 2014","datePublished":"2014-11-18T04:00:00+00:00","dateModified":"2019-05-16T06:40:27+00:00","mainEntityOfPage":{"@id":"https:\/\/dev.explora.cl\/coquimbo\/horarios-de-presentaciones-v-congreso-de-ciencia-y-tecnologia-para-parvulos-2014-2\/"},"wordCount":244,"commentCount":0,"publisher":{"@id":"https:\/\/dev.explora.cl\/coquimbo\/#organization"},"image":{"@id":"https:\/\/dev.explora.cl\/coquimbo\/horarios-de-presentaciones-v-congreso-de-ciencia-y-tecnologia-para-parvulos-2014-2\/#primaryimage"},"thumbnailUrl":"https:\/\/dev.explora.cl\/coquimbo\/wp-content\/uploads\/sites\/6\/2018\/06\/55097f9559083383e45911635c552374.jpg","articleSection":["Noticias"],"inLanguage":"es-CL","potentialAction":[{"@type":"CommentAction","name":"Comment","target":["https:\/\/dev.explora.cl\/coquimbo\/horarios-de-presentaciones-v-congreso-de-ciencia-y-tecnologia-para-parvulos-2014-2\/#respond"]}]},{"@type":"WebPage","@id":"https:\/\/dev.explora.cl\/coquimbo\/horarios-de-presentaciones-v-congreso-de-ciencia-y-tecnologia-para-parvulos-2014-2\/","url":"https:\/\/dev.explora.cl\/coquimbo\/horarios-de-presentaciones-v-congreso-de-ciencia-y-tecnologia-para-parvulos-2014-2\/","name":"Horarios de presentaciones V Congreso de Ciencia y Tecnolog\u00eda para P\u00e1rvulos 2014 - Coquimbo","isPartOf":{"@id":"https:\/\/dev.explora.cl\/coquimbo\/#website"},"primaryImageOfPage":{"@id":"https:\/\/dev.explora.cl\/coquimbo\/horarios-de-presentaciones-v-congreso-de-ciencia-y-tecnologia-para-parvulos-2014-2\/#primaryimage"},"image":{"@id":"https:\/\/dev.explora.cl\/coquimbo\/horarios-de-presentaciones-v-congreso-de-ciencia-y-tecnologia-para-parvulos-2014-2\/#primaryimage"},"thumbnailUrl":"https:\/\/dev.explora.cl\/coquimbo\/wp-content\/uploads\/sites\/6\/2018\/06\/55097f9559083383e45911635c552374.jpg","datePublished":"2014-11-18T04:00:00+00:00","dateModified":"2019-05-16T06:40:27+00:00","breadcrumb":{"@id":"https:\/\/dev.explora.cl\/coquimbo\/horarios-de-presentaciones-v-congreso-de-ciencia-y-tecnologia-para-parvulos-2014-2\/#breadcrumb"},"inLanguage":"es-CL","potentialAction":[{"@type":"ReadAction","target":["https:\/\/dev.explora.cl\/coquimbo\/horarios-de-presentaciones-v-congreso-de-ciencia-y-tecnologia-para-parvulos-2014-2\/"]}]},{"@type":"ImageObject","inLanguage":"es-CL","@id":"https:\/\/dev.explora.cl\/coquimbo\/horarios-de-presentaciones-v-congreso-de-ciencia-y-tecnologia-para-parvulos-2014-2\/#primaryimage","url":"https:\/\/dev.explora.cl\/coquimbo\/wp-content\/uploads\/sites\/6\/2018\/06\/55097f9559083383e45911635c552374.jpg","contentUrl":"https:\/\/dev.explora.cl\/coquimbo\/wp-content\/uploads\/sites\/6\/2018\/06\/55097f9559083383e45911635c552374.jpg","width":350,"height":263},{"@type":"BreadcrumbList","@id":"https:\/\/dev.explora.cl\/coquimbo\/horarios-de-presentaciones-v-congreso-de-ciencia-y-tecnologia-para-parvulos-2014-2\/#breadcrumb","itemListElement":[{"@type":"ListItem","position":1,"name":"Portada","item":"https:\/\/dev.explora.cl\/coquimbo\/"},{"@type":"ListItem","position":2,"name":"Horarios de presentaciones V Congreso de Ciencia y Tecnolog\u00eda para P\u00e1rvulos 2014"}]},{"@type":"WebSite","@id":"https:\/\/dev.explora.cl\/coquimbo\/#website","url":"https:\/\/dev.explora.cl\/coquimbo\/","name":"Coquimbo","description":"Otro sitio m\u00e1s de dev.explora.cl","publisher":{"@id":"https:\/\/dev.explora.cl\/coquimbo\/#organization"},"potentialAction":[{"@type":"SearchAction","target":{"@type":"EntryPoint","urlTemplate":"https:\/\/dev.explora.cl\/coquimbo\/?s={search_term_string}"},"query-input":{"@type":"PropertyValueSpecification","valueRequired":true,"valueName":"search_term_string"}}],"inLanguage":"es-CL"},{"@type":"Organization","@id":"https:\/\/dev.explora.cl\/coquimbo\/#organization","name":"Coquimbo","url":"https:\/\/dev.explora.cl\/coquimbo\/","logo":{"@type":"ImageObject","inLanguage":"es-CL","@id":"https:\/\/dev.explora.cl\/coquimbo\/#\/schema\/logo\/image\/","url":"https:\/\/dev.explora.cl\/coquimbo\/wp-content\/uploads\/sites\/6\/2020\/08\/cropped-Mesa-de-trabajo-1-100.jpg","contentUrl":"https:\/\/dev.explora.cl\/coquimbo\/wp-content\/uploads\/sites\/6\/2020\/08\/cropped-Mesa-de-trabajo-1-100.jpg","width":615,"height":576,"caption":"Coquimbo"},"image":{"@id":"https:\/\/dev.explora.cl\/coquimbo\/#\/schema\/logo\/image\/"}},{"@type":"Person","@id":"https:\/\/dev.explora.cl\/coquimbo\/#\/schema\/person\/cb8349c13ea2d324080adf8480d7ba5d","name":"webman","image":{"@type":"ImageObject","inLanguage":"es-CL","@id":"https:\/\/dev.explora.cl\/coquimbo\/#\/schema\/person\/image\/","url":"https:\/\/secure.gravatar.com\/avatar\/eeff3c82f2c02f7177d13663b7e6f890e9a6a0647ce9bb29cae02dcb094c7312?s=96&d=mm&r=g","contentUrl":"https:\/\/secure.gravatar.com\/avatar\/eeff3c82f2c02f7177d13663b7e6f890e9a6a0647ce9bb29cae02dcb094c7312?s=96&d=mm&r=g","caption":"webman"},"url":"https:\/\/dev.explora.cl\/coquimbo\/author\/webman\/"}]}},"_links":{"self":[{"href":"https:\/\/dev.explora.cl\/coquimbo\/wp-json\/wp\/v2\/posts\/37894","targetHints":{"allow":["GET"]}}],"collection":[{"href":"https:\/\/dev.explora.cl\/coquimbo\/wp-json\/wp\/v2\/posts"}],"about":[{"href":"https:\/\/dev.explora.cl\/coquimbo\/wp-json\/wp\/v2\/types\/post"}],"author":[{"embeddable":true,"href":"https:\/\/dev.explora.cl\/coquimbo\/wp-json\/wp\/v2\/users\/2"}],"replies":[{"embeddable":true,"href":"https:\/\/dev.explora.cl\/coquimbo\/wp-json\/wp\/v2\/comments?post=37894"}],"version-history":[{"count":1,"href":"https:\/\/dev.explora.cl\/coquimbo\/wp-json\/wp\/v2\/posts\/37894\/revisions"}],"predecessor-version":[{"id":39300,"href":"https:\/\/dev.explora.cl\/coquimbo\/wp-json\/wp\/v2\/posts\/37894\/revisions\/39300"}],"wp:featuredmedia":[{"embeddable":true,"href":"https:\/\/dev.explora.cl\/coquimbo\/wp-json\/wp\/v2\/media\/31974"}],"wp:attachment":[{"href":"https:\/\/dev.explora.cl\/coquimbo\/wp-json\/wp\/v2\/media?parent=37894"}],"wp:term":[{"taxonomy":"category","embeddable":true,"href":"https:\/\/dev.explora.cl\/coquimbo\/wp-json\/wp\/v2\/categories?post=37894"},{"taxonomy":"post_tag","embeddable":true,"href":"https:\/\/dev.explora.cl\/coquimbo\/wp-json\/wp\/v2\/tags?post=37894"}],"curies":[{"name":"wp","href":"https:\/\/api.w.org\/{rel}","templated":true}]}}