{"id":37892,"date":"2014-11-18T00:00:00","date_gmt":"2014-11-18T04:00:00","guid":{"rendered":"https:\/\/dev.explora.cl\/coquimbo\/blog\/2014\/11\/18\/par-explora-coquimbo-inicia-talleres-de-periodismo-cientifico\/"},"modified":"2019-05-16T06:40:27","modified_gmt":"2019-05-16T06:40:27","slug":"par-explora-coquimbo-inicia-talleres-de-periodismo-cientifico","status":"publish","type":"post","link":"https:\/\/dev.explora.cl\/coquimbo\/par-explora-coquimbo-inicia-talleres-de-periodismo-cientifico\/","title":{"rendered":"PAR EXPLORA Coquimbo inicia talleres de Periodismo Cient\u00edfico"},"content":{"rendered":"<p><img loading=\"lazy\" decoding=\"async\" class=\" size-full wp-image-7359\" src=\"http:\/\/ec2-34-218-253-251.us-west-2.compute.amazonaws.com\/wp-content\/uploads\/2014\/11\/d0b71748ba0e5700e8c7884ccddba483.jpg\" alt=\"\" width=\"668\" height=\"333\" \/><\/p>\n<p>Como una forma de divulgar las ciencias a alumnos de educaci\u00f3n b\u00e1sica y media, es que el PAR EXPLORA Coquimbo inici\u00f3 la semana pasada una serie de 4 talleres de Periodismo Cient\u00edfico a dos establecimientos educacionales de la zona.<\/p>\n<p>Los colegios que est\u00e1n participando de esta actividad son el Andr\u00e9s Bello-Pampa de La Serena y el Bernardo O\u2019Higgins de Coquimbo.<\/p>\n<p>La actividad busca dar a conocer algunas herramientas vinculadas al periodismo y su posterior vinculaci\u00f3n con el \u00e1rea cient\u00edfica, para\u00a0 que luego los alumnos puedan desarrollar una breve cr\u00f3nica en relaci\u00f3n a sus vivencias con la ciencia durante el a\u00f1o 2014.<\/p>\n<p>La actividad contar\u00e1 con 4 talleres, desarroll\u00e1ndose uno por semana en los respectivos establecimientos educacionales.<\/p>\n<p>La primera clase est\u00e1 relacionada con los t\u00f3picos principales que tiene el periodismo; la segunda se vincula al desarrollo del periodismo cient\u00edfico; la tercera retoma la caracter\u00edstica anterior y adem\u00e1s da los primeros indicios para desarrollar una cr\u00f3nica; finalmente el \u00faltimo taller permite desarrollar una cr\u00f3nica a los alumnos.<\/p>\n<p>\u00a0<\/p>\n","protected":false},"excerpt":{"rendered":"<p>Como una forma de divulgar las ciencias a alumnos de educaci\u00f3n b\u00e1sica y media, es que el PAR EXPLORA Coquimbo inici\u00f3 la semana pasada una serie de 4 talleres de Periodismo Cient\u00edfico a dos establecimientos educacionales de la zona. Los colegios que est\u00e1n participando de esta actividad son el Andr\u00e9s Bello-Pampa de La Serena y [&hellip;]<\/p>\n","protected":false},"author":2,"featured_media":33793,"comment_status":"open","ping_status":"open","sticky":false,"template":"","format":"standard","meta":{"_acf_changed":false,"_exactmetrics_skip_tracking":false,"_exactmetrics_sitenote_active":false,"_exactmetrics_sitenote_note":"","_exactmetrics_sitenote_category":0,"footnotes":"","_links_to":"","_links_to_target":""},"categories":[4],"tags":[161,111,113],"class_list":["post-37892","post","type-post","status-publish","format-standard","has-post-thumbnail","hentry","category-noticias","tag-pce-periodistas-cientificos-escolares","tag-periodismo","tag-reportero-explora"],"acf":[],"yoast_head":"<!-- This site is optimized with the Yoast SEO plugin v26.7 - https:\/\/yoast.com\/wordpress\/plugins\/seo\/ -->\n<title>PAR EXPLORA Coquimbo inicia talleres de Periodismo Cient\u00edfico - Coquimbo<\/title>\n<meta name=\"robots\" content=\"index, follow, max-snippet:-1, max-image-preview:large, max-video-preview:-1\" \/>\n<link rel=\"canonical\" href=\"https:\/\/dev.explora.cl\/coquimbo\/par-explora-coquimbo-inicia-talleres-de-periodismo-cientifico\/\" class=\"yoast-seo-meta-tag\" \/>\n<meta property=\"og:locale\" content=\"es_ES\" class=\"yoast-seo-meta-tag\" \/>\n<meta property=\"og:type\" content=\"article\" class=\"yoast-seo-meta-tag\" \/>\n<meta property=\"og:title\" content=\"PAR EXPLORA Coquimbo inicia talleres de Periodismo Cient\u00edfico - Coquimbo\" class=\"yoast-seo-meta-tag\" \/>\n<meta property=\"og:description\" content=\"Como una forma de divulgar las ciencias a alumnos de educaci\u00f3n b\u00e1sica y media, es que el PAR EXPLORA Coquimbo inici\u00f3 la semana pasada una serie de 4 talleres de Periodismo Cient\u00edfico a dos establecimientos educacionales de la zona. Los colegios que est\u00e1n participando de esta actividad son el Andr\u00e9s Bello-Pampa de La Serena y [&hellip;]\" class=\"yoast-seo-meta-tag\" \/>\n<meta property=\"og:url\" content=\"https:\/\/dev.explora.cl\/coquimbo\/par-explora-coquimbo-inicia-talleres-de-periodismo-cientifico\/\" class=\"yoast-seo-meta-tag\" \/>\n<meta property=\"og:site_name\" content=\"Coquimbo\" class=\"yoast-seo-meta-tag\" \/>\n<meta property=\"article:published_time\" content=\"2014-11-18T04:00:00+00:00\" class=\"yoast-seo-meta-tag\" \/>\n<meta property=\"article:modified_time\" content=\"2019-05-16T06:40:27+00:00\" class=\"yoast-seo-meta-tag\" \/>\n<meta property=\"og:image\" content=\"https:\/\/dev.explora.cl\/coquimbo\/wp-content\/uploads\/sites\/6\/2018\/06\/d0b71748ba0e5700e8c7884ccddba483.jpg\" class=\"yoast-seo-meta-tag\" \/>\n\t<meta property=\"og:image:width\" content=\"668\" class=\"yoast-seo-meta-tag\" \/>\n\t<meta property=\"og:image:height\" content=\"333\" class=\"yoast-seo-meta-tag\" \/>\n\t<meta property=\"og:image:type\" content=\"image\/jpeg\" class=\"yoast-seo-meta-tag\" \/>\n<meta name=\"author\" content=\"webman\" class=\"yoast-seo-meta-tag\" \/>\n<meta name=\"twitter:card\" content=\"summary_large_image\" class=\"yoast-seo-meta-tag\" \/>\n<meta name=\"twitter:label1\" content=\"Escrito por\" class=\"yoast-seo-meta-tag\" \/>\n\t<meta name=\"twitter:data1\" content=\"webman\" class=\"yoast-seo-meta-tag\" \/>\n\t<meta name=\"twitter:label2\" content=\"Tiempo estimado de lectura\" class=\"yoast-seo-meta-tag\" \/>\n\t<meta name=\"twitter:data2\" content=\"1 minuto\" class=\"yoast-seo-meta-tag\" \/>\n<script type=\"application\/ld+json\" class=\"yoast-schema-graph\">{\"@context\":\"https:\/\/schema.org\",\"@graph\":[{\"@type\":\"Article\",\"@id\":\"https:\/\/dev.explora.cl\/coquimbo\/par-explora-coquimbo-inicia-talleres-de-periodismo-cientifico\/#article\",\"isPartOf\":{\"@id\":\"https:\/\/dev.explora.cl\/coquimbo\/par-explora-coquimbo-inicia-talleres-de-periodismo-cientifico\/\"},\"author\":{\"name\":\"webman\",\"@id\":\"https:\/\/dev.explora.cl\/coquimbo\/#\/schema\/person\/cb8349c13ea2d324080adf8480d7ba5d\"},\"headline\":\"PAR EXPLORA Coquimbo inicia talleres de Periodismo Cient\u00edfico\",\"datePublished\":\"2014-11-18T04:00:00+00:00\",\"dateModified\":\"2019-05-16T06:40:27+00:00\",\"mainEntityOfPage\":{\"@id\":\"https:\/\/dev.explora.cl\/coquimbo\/par-explora-coquimbo-inicia-talleres-de-periodismo-cientifico\/\"},\"wordCount\":189,\"commentCount\":0,\"publisher\":{\"@id\":\"https:\/\/dev.explora.cl\/coquimbo\/#organization\"},\"image\":{\"@id\":\"https:\/\/dev.explora.cl\/coquimbo\/par-explora-coquimbo-inicia-talleres-de-periodismo-cientifico\/#primaryimage\"},\"thumbnailUrl\":\"https:\/\/dev.explora.cl\/coquimbo\/wp-content\/uploads\/sites\/6\/2018\/06\/d0b71748ba0e5700e8c7884ccddba483.jpg\",\"keywords\":[\"PCE Periodistas Cient\u00edficos Escolares\",\"periodismo\",\"Reportero EXPLORA\"],\"articleSection\":[\"Noticias\"],\"inLanguage\":\"es-CL\",\"potentialAction\":[{\"@type\":\"CommentAction\",\"name\":\"Comment\",\"target\":[\"https:\/\/dev.explora.cl\/coquimbo\/par-explora-coquimbo-inicia-talleres-de-periodismo-cientifico\/#respond\"]}]},{\"@type\":\"WebPage\",\"@id\":\"https:\/\/dev.explora.cl\/coquimbo\/par-explora-coquimbo-inicia-talleres-de-periodismo-cientifico\/\",\"url\":\"https:\/\/dev.explora.cl\/coquimbo\/par-explora-coquimbo-inicia-talleres-de-periodismo-cientifico\/\",\"name\":\"PAR EXPLORA Coquimbo inicia talleres de Periodismo Cient\u00edfico - Coquimbo\",\"isPartOf\":{\"@id\":\"https:\/\/dev.explora.cl\/coquimbo\/#website\"},\"primaryImageOfPage\":{\"@id\":\"https:\/\/dev.explora.cl\/coquimbo\/par-explora-coquimbo-inicia-talleres-de-periodismo-cientifico\/#primaryimage\"},\"image\":{\"@id\":\"https:\/\/dev.explora.cl\/coquimbo\/par-explora-coquimbo-inicia-talleres-de-periodismo-cientifico\/#primaryimage\"},\"thumbnailUrl\":\"https:\/\/dev.explora.cl\/coquimbo\/wp-content\/uploads\/sites\/6\/2018\/06\/d0b71748ba0e5700e8c7884ccddba483.jpg\",\"datePublished\":\"2014-11-18T04:00:00+00:00\",\"dateModified\":\"2019-05-16T06:40:27+00:00\",\"breadcrumb\":{\"@id\":\"https:\/\/dev.explora.cl\/coquimbo\/par-explora-coquimbo-inicia-talleres-de-periodismo-cientifico\/#breadcrumb\"},\"inLanguage\":\"es-CL\",\"potentialAction\":[{\"@type\":\"ReadAction\",\"target\":[\"https:\/\/dev.explora.cl\/coquimbo\/par-explora-coquimbo-inicia-talleres-de-periodismo-cientifico\/\"]}]},{\"@type\":\"ImageObject\",\"inLanguage\":\"es-CL\",\"@id\":\"https:\/\/dev.explora.cl\/coquimbo\/par-explora-coquimbo-inicia-talleres-de-periodismo-cientifico\/#primaryimage\",\"url\":\"https:\/\/dev.explora.cl\/coquimbo\/wp-content\/uploads\/sites\/6\/2018\/06\/d0b71748ba0e5700e8c7884ccddba483.jpg\",\"contentUrl\":\"https:\/\/dev.explora.cl\/coquimbo\/wp-content\/uploads\/sites\/6\/2018\/06\/d0b71748ba0e5700e8c7884ccddba483.jpg\",\"width\":668,\"height\":333},{\"@type\":\"BreadcrumbList\",\"@id\":\"https:\/\/dev.explora.cl\/coquimbo\/par-explora-coquimbo-inicia-talleres-de-periodismo-cientifico\/#breadcrumb\",\"itemListElement\":[{\"@type\":\"ListItem\",\"position\":1,\"name\":\"Portada\",\"item\":\"https:\/\/dev.explora.cl\/coquimbo\/\"},{\"@type\":\"ListItem\",\"position\":2,\"name\":\"PAR EXPLORA Coquimbo inicia talleres de Periodismo Cient\u00edfico\"}]},{\"@type\":\"WebSite\",\"@id\":\"https:\/\/dev.explora.cl\/coquimbo\/#website\",\"url\":\"https:\/\/dev.explora.cl\/coquimbo\/\",\"name\":\"Coquimbo\",\"description\":\"Otro sitio m\u00e1s de dev.explora.cl\",\"publisher\":{\"@id\":\"https:\/\/dev.explora.cl\/coquimbo\/#organization\"},\"potentialAction\":[{\"@type\":\"SearchAction\",\"target\":{\"@type\":\"EntryPoint\",\"urlTemplate\":\"https:\/\/dev.explora.cl\/coquimbo\/?s={search_term_string}\"},\"query-input\":{\"@type\":\"PropertyValueSpecification\",\"valueRequired\":true,\"valueName\":\"search_term_string\"}}],\"inLanguage\":\"es-CL\"},{\"@type\":\"Organization\",\"@id\":\"https:\/\/dev.explora.cl\/coquimbo\/#organization\",\"name\":\"Coquimbo\",\"url\":\"https:\/\/dev.explora.cl\/coquimbo\/\",\"logo\":{\"@type\":\"ImageObject\",\"inLanguage\":\"es-CL\",\"@id\":\"https:\/\/dev.explora.cl\/coquimbo\/#\/schema\/logo\/image\/\",\"url\":\"https:\/\/dev.explora.cl\/coquimbo\/wp-content\/uploads\/sites\/6\/2020\/08\/cropped-Mesa-de-trabajo-1-100.jpg\",\"contentUrl\":\"https:\/\/dev.explora.cl\/coquimbo\/wp-content\/uploads\/sites\/6\/2020\/08\/cropped-Mesa-de-trabajo-1-100.jpg\",\"width\":615,\"height\":576,\"caption\":\"Coquimbo\"},\"image\":{\"@id\":\"https:\/\/dev.explora.cl\/coquimbo\/#\/schema\/logo\/image\/\"}},{\"@type\":\"Person\",\"@id\":\"https:\/\/dev.explora.cl\/coquimbo\/#\/schema\/person\/cb8349c13ea2d324080adf8480d7ba5d\",\"name\":\"webman\",\"image\":{\"@type\":\"ImageObject\",\"inLanguage\":\"es-CL\",\"@id\":\"https:\/\/dev.explora.cl\/coquimbo\/#\/schema\/person\/image\/\",\"url\":\"https:\/\/secure.gravatar.com\/avatar\/eeff3c82f2c02f7177d13663b7e6f890e9a6a0647ce9bb29cae02dcb094c7312?s=96&d=mm&r=g\",\"contentUrl\":\"https:\/\/secure.gravatar.com\/avatar\/eeff3c82f2c02f7177d13663b7e6f890e9a6a0647ce9bb29cae02dcb094c7312?s=96&d=mm&r=g\",\"caption\":\"webman\"},\"url\":\"https:\/\/dev.explora.cl\/coquimbo\/author\/webman\/\"}]}<\/script>\n<!-- \/ Yoast SEO plugin. -->","yoast_head_json":{"title":"PAR EXPLORA Coquimbo inicia talleres de Periodismo Cient\u00edfico - Coquimbo","robots":{"index":"index","follow":"follow","max-snippet":"max-snippet:-1","max-image-preview":"max-image-preview:large","max-video-preview":"max-video-preview:-1"},"canonical":"https:\/\/dev.explora.cl\/coquimbo\/par-explora-coquimbo-inicia-talleres-de-periodismo-cientifico\/","og_locale":"es_ES","og_type":"article","og_title":"PAR EXPLORA Coquimbo inicia talleres de Periodismo Cient\u00edfico - Coquimbo","og_description":"Como una forma de divulgar las ciencias a alumnos de educaci\u00f3n b\u00e1sica y media, es que el PAR EXPLORA Coquimbo inici\u00f3 la semana pasada una serie de 4 talleres de Periodismo Cient\u00edfico a dos establecimientos educacionales de la zona. Los colegios que est\u00e1n participando de esta actividad son el Andr\u00e9s Bello-Pampa de La Serena y [&hellip;]","og_url":"https:\/\/dev.explora.cl\/coquimbo\/par-explora-coquimbo-inicia-talleres-de-periodismo-cientifico\/","og_site_name":"Coquimbo","article_published_time":"2014-11-18T04:00:00+00:00","article_modified_time":"2019-05-16T06:40:27+00:00","og_image":[{"width":668,"height":333,"url":"https:\/\/dev.explora.cl\/coquimbo\/wp-content\/uploads\/sites\/6\/2018\/06\/d0b71748ba0e5700e8c7884ccddba483.jpg","type":"image\/jpeg"}],"author":"webman","twitter_card":"summary_large_image","twitter_misc":{"Escrito por":"webman","Tiempo estimado de lectura":"1 minuto"},"schema":{"@context":"https:\/\/schema.org","@graph":[{"@type":"Article","@id":"https:\/\/dev.explora.cl\/coquimbo\/par-explora-coquimbo-inicia-talleres-de-periodismo-cientifico\/#article","isPartOf":{"@id":"https:\/\/dev.explora.cl\/coquimbo\/par-explora-coquimbo-inicia-talleres-de-periodismo-cientifico\/"},"author":{"name":"webman","@id":"https:\/\/dev.explora.cl\/coquimbo\/#\/schema\/person\/cb8349c13ea2d324080adf8480d7ba5d"},"headline":"PAR EXPLORA Coquimbo inicia talleres de Periodismo Cient\u00edfico","datePublished":"2014-11-18T04:00:00+00:00","dateModified":"2019-05-16T06:40:27+00:00","mainEntityOfPage":{"@id":"https:\/\/dev.explora.cl\/coquimbo\/par-explora-coquimbo-inicia-talleres-de-periodismo-cientifico\/"},"wordCount":189,"commentCount":0,"publisher":{"@id":"https:\/\/dev.explora.cl\/coquimbo\/#organization"},"image":{"@id":"https:\/\/dev.explora.cl\/coquimbo\/par-explora-coquimbo-inicia-talleres-de-periodismo-cientifico\/#primaryimage"},"thumbnailUrl":"https:\/\/dev.explora.cl\/coquimbo\/wp-content\/uploads\/sites\/6\/2018\/06\/d0b71748ba0e5700e8c7884ccddba483.jpg","keywords":["PCE Periodistas Cient\u00edficos Escolares","periodismo","Reportero EXPLORA"],"articleSection":["Noticias"],"inLanguage":"es-CL","potentialAction":[{"@type":"CommentAction","name":"Comment","target":["https:\/\/dev.explora.cl\/coquimbo\/par-explora-coquimbo-inicia-talleres-de-periodismo-cientifico\/#respond"]}]},{"@type":"WebPage","@id":"https:\/\/dev.explora.cl\/coquimbo\/par-explora-coquimbo-inicia-talleres-de-periodismo-cientifico\/","url":"https:\/\/dev.explora.cl\/coquimbo\/par-explora-coquimbo-inicia-talleres-de-periodismo-cientifico\/","name":"PAR EXPLORA Coquimbo inicia talleres de Periodismo Cient\u00edfico - Coquimbo","isPartOf":{"@id":"https:\/\/dev.explora.cl\/coquimbo\/#website"},"primaryImageOfPage":{"@id":"https:\/\/dev.explora.cl\/coquimbo\/par-explora-coquimbo-inicia-talleres-de-periodismo-cientifico\/#primaryimage"},"image":{"@id":"https:\/\/dev.explora.cl\/coquimbo\/par-explora-coquimbo-inicia-talleres-de-periodismo-cientifico\/#primaryimage"},"thumbnailUrl":"https:\/\/dev.explora.cl\/coquimbo\/wp-content\/uploads\/sites\/6\/2018\/06\/d0b71748ba0e5700e8c7884ccddba483.jpg","datePublished":"2014-11-18T04:00:00+00:00","dateModified":"2019-05-16T06:40:27+00:00","breadcrumb":{"@id":"https:\/\/dev.explora.cl\/coquimbo\/par-explora-coquimbo-inicia-talleres-de-periodismo-cientifico\/#breadcrumb"},"inLanguage":"es-CL","potentialAction":[{"@type":"ReadAction","target":["https:\/\/dev.explora.cl\/coquimbo\/par-explora-coquimbo-inicia-talleres-de-periodismo-cientifico\/"]}]},{"@type":"ImageObject","inLanguage":"es-CL","@id":"https:\/\/dev.explora.cl\/coquimbo\/par-explora-coquimbo-inicia-talleres-de-periodismo-cientifico\/#primaryimage","url":"https:\/\/dev.explora.cl\/coquimbo\/wp-content\/uploads\/sites\/6\/2018\/06\/d0b71748ba0e5700e8c7884ccddba483.jpg","contentUrl":"https:\/\/dev.explora.cl\/coquimbo\/wp-content\/uploads\/sites\/6\/2018\/06\/d0b71748ba0e5700e8c7884ccddba483.jpg","width":668,"height":333},{"@type":"BreadcrumbList","@id":"https:\/\/dev.explora.cl\/coquimbo\/par-explora-coquimbo-inicia-talleres-de-periodismo-cientifico\/#breadcrumb","itemListElement":[{"@type":"ListItem","position":1,"name":"Portada","item":"https:\/\/dev.explora.cl\/coquimbo\/"},{"@type":"ListItem","position":2,"name":"PAR EXPLORA Coquimbo inicia talleres de Periodismo Cient\u00edfico"}]},{"@type":"WebSite","@id":"https:\/\/dev.explora.cl\/coquimbo\/#website","url":"https:\/\/dev.explora.cl\/coquimbo\/","name":"Coquimbo","description":"Otro sitio m\u00e1s de dev.explora.cl","publisher":{"@id":"https:\/\/dev.explora.cl\/coquimbo\/#organization"},"potentialAction":[{"@type":"SearchAction","target":{"@type":"EntryPoint","urlTemplate":"https:\/\/dev.explora.cl\/coquimbo\/?s={search_term_string}"},"query-input":{"@type":"PropertyValueSpecification","valueRequired":true,"valueName":"search_term_string"}}],"inLanguage":"es-CL"},{"@type":"Organization","@id":"https:\/\/dev.explora.cl\/coquimbo\/#organization","name":"Coquimbo","url":"https:\/\/dev.explora.cl\/coquimbo\/","logo":{"@type":"ImageObject","inLanguage":"es-CL","@id":"https:\/\/dev.explora.cl\/coquimbo\/#\/schema\/logo\/image\/","url":"https:\/\/dev.explora.cl\/coquimbo\/wp-content\/uploads\/sites\/6\/2020\/08\/cropped-Mesa-de-trabajo-1-100.jpg","contentUrl":"https:\/\/dev.explora.cl\/coquimbo\/wp-content\/uploads\/sites\/6\/2020\/08\/cropped-Mesa-de-trabajo-1-100.jpg","width":615,"height":576,"caption":"Coquimbo"},"image":{"@id":"https:\/\/dev.explora.cl\/coquimbo\/#\/schema\/logo\/image\/"}},{"@type":"Person","@id":"https:\/\/dev.explora.cl\/coquimbo\/#\/schema\/person\/cb8349c13ea2d324080adf8480d7ba5d","name":"webman","image":{"@type":"ImageObject","inLanguage":"es-CL","@id":"https:\/\/dev.explora.cl\/coquimbo\/#\/schema\/person\/image\/","url":"https:\/\/secure.gravatar.com\/avatar\/eeff3c82f2c02f7177d13663b7e6f890e9a6a0647ce9bb29cae02dcb094c7312?s=96&d=mm&r=g","contentUrl":"https:\/\/secure.gravatar.com\/avatar\/eeff3c82f2c02f7177d13663b7e6f890e9a6a0647ce9bb29cae02dcb094c7312?s=96&d=mm&r=g","caption":"webman"},"url":"https:\/\/dev.explora.cl\/coquimbo\/author\/webman\/"}]}},"_links":{"self":[{"href":"https:\/\/dev.explora.cl\/coquimbo\/wp-json\/wp\/v2\/posts\/37892","targetHints":{"allow":["GET"]}}],"collection":[{"href":"https:\/\/dev.explora.cl\/coquimbo\/wp-json\/wp\/v2\/posts"}],"about":[{"href":"https:\/\/dev.explora.cl\/coquimbo\/wp-json\/wp\/v2\/types\/post"}],"author":[{"embeddable":true,"href":"https:\/\/dev.explora.cl\/coquimbo\/wp-json\/wp\/v2\/users\/2"}],"replies":[{"embeddable":true,"href":"https:\/\/dev.explora.cl\/coquimbo\/wp-json\/wp\/v2\/comments?post=37892"}],"version-history":[{"count":1,"href":"https:\/\/dev.explora.cl\/coquimbo\/wp-json\/wp\/v2\/posts\/37892\/revisions"}],"predecessor-version":[{"id":39298,"href":"https:\/\/dev.explora.cl\/coquimbo\/wp-json\/wp\/v2\/posts\/37892\/revisions\/39298"}],"wp:featuredmedia":[{"embeddable":true,"href":"https:\/\/dev.explora.cl\/coquimbo\/wp-json\/wp\/v2\/media\/33793"}],"wp:attachment":[{"href":"https:\/\/dev.explora.cl\/coquimbo\/wp-json\/wp\/v2\/media?parent=37892"}],"wp:term":[{"taxonomy":"category","embeddable":true,"href":"https:\/\/dev.explora.cl\/coquimbo\/wp-json\/wp\/v2\/categories?post=37892"},{"taxonomy":"post_tag","embeddable":true,"href":"https:\/\/dev.explora.cl\/coquimbo\/wp-json\/wp\/v2\/tags?post=37892"}],"curies":[{"name":"wp","href":"https:\/\/api.w.org\/{rel}","templated":true}]}}