{"id":37891,"date":"2014-11-13T00:00:00","date_gmt":"2014-11-13T04:00:00","guid":{"rendered":"https:\/\/dev.explora.cl\/coquimbo\/blog\/2014\/11\/13\/con-diversas-charlas-cientificas-se-dio-el-vamos-al-tercer-encuentro-con-las-ciencias\/"},"modified":"2019-05-16T06:40:30","modified_gmt":"2019-05-16T06:40:30","slug":"con-diversas-charlas-cientificas-se-dio-el-vamos-al-tercer-encuentro-con-las-ciencias-2","status":"publish","type":"post","link":"https:\/\/dev.explora.cl\/coquimbo\/con-diversas-charlas-cientificas-se-dio-el-vamos-al-tercer-encuentro-con-las-ciencias-2\/","title":{"rendered":"Con diversas charlas cient\u00edficas se dio el vamos al tercer Encuentro con las Ciencias"},"content":{"rendered":"<p><img loading=\"lazy\" decoding=\"async\" class=\" size-full wp-image-7207\" src=\"http:\/\/ec2-34-218-253-251.us-west-2.compute.amazonaws.com\/wp-content\/uploads\/2014\/11\/95dd8453f46bfb907a733e696f0a08c1.jpg\" alt=\"\" width=\"2816\" height=\"2112\" \/><\/p>\n<p>En la Escuela de Derecho de la Universidad Cat\u00f3lica del Norte, se dio el vamos al tercer \u201cEncuentro con las Ciencias\u201d, actividad organizada por el departamento de Ciencias B\u00e1sicas de la casa de estudios y el PAR EXPLORA Coquimbo.<\/p>\n<p>En la oportunidad se cont\u00f3 con la presencia del Vicerrector de la Sede, sr. Jaime Meruane Zumelzu y la directora de del Departamento de Ense\u00f1anza de las Ciencias B\u00e1sicas, Mar\u00eda Alejandra Peralta, sumado a acad\u00e9micos y docentes de la Universidad Cat\u00f3lica del Norte.<\/p>\n<p>La actividad tuvo gran aceptaci\u00f3n por parte del alumnado, llegando en masa a la sala 30 de la Escuela de Derecho, y en donde se pudo observar las charlas de expertos vinculados a las ciencias.<\/p>\n<p>Todo parti\u00f3 con la charla \u201cModelos Matem\u00e1ticos\u201d dictada por el Dr. H\u00e9ctor Torres, acad\u00e9mico de la Universidad de La Serena. Seguido de la ponencia \u201cProspectivas tecnol\u00f3gicas, el mundo al 2030\u201d, elaborada por el Ingeniero Civil Industrial de la UCN, Sr. Manuel Vargas.<\/p>\n<p>M\u00e1s adelante se pudo presenciar de las Charlas \u201cUniverso y Galaxias\u201d del Dr. Jos\u00e9 Luis Nilo y la actividad \u201cEntendiendo la din\u00e1mica del agujero de ozono: mecanismos qu\u00edmicos, f\u00edsicos y modelos matem\u00e1ticos\u201d de la Dra. Melitta Fiebig.<\/p>\n<p>Los establecimientos Manuel Montt, Los Carrera, Liceo Industrial, Santa Mar\u00eda de Bel\u00e9n y alumnos de la Universidad Cat\u00f3lica del Norte, fueron parte de este evento.<\/p>\n<p>Las actividades continuar\u00e1n durante la tarde del jueves y el d\u00eda viernes, con los laboratorios abiertos que se tienen a disposici\u00f3n de los estudiantes, vinculados a las experiencias que se realizan en los laboratorios de Qu\u00edmica, F\u00edsica y Ciencias Aplicadas.<\/p>\n<p>\u00a0<\/p>\n","protected":false},"excerpt":{"rendered":"<p>En la Escuela de Derecho de la Universidad Cat\u00f3lica del Norte, se dio el vamos al tercer \u201cEncuentro con las Ciencias\u201d, actividad organizada por el departamento de Ciencias B\u00e1sicas de la casa de estudios y el PAR EXPLORA Coquimbo. En la oportunidad se cont\u00f3 con la presencia del Vicerrector de la Sede, sr. Jaime Meruane [&hellip;]<\/p>\n","protected":false},"author":2,"featured_media":31970,"comment_status":"open","ping_status":"open","sticky":false,"template":"","format":"standard","meta":{"_acf_changed":false,"_exactmetrics_skip_tracking":false,"_exactmetrics_sitenote_active":false,"_exactmetrics_sitenote_note":"","_exactmetrics_sitenote_category":0,"footnotes":"","_links_to":"","_links_to_target":""},"categories":[4],"tags":[156,158,159],"class_list":["post-37891","post","type-post","status-publish","format-standard","has-post-thumbnail","hentry","category-noticias","tag-encuentro-con-las-ciencias","tag-ferias-cientificas","tag-programa-radial"],"acf":[],"yoast_head":"<!-- This site is optimized with the Yoast SEO plugin v26.7 - https:\/\/yoast.com\/wordpress\/plugins\/seo\/ -->\n<title>Con diversas charlas cient\u00edficas se dio el vamos al tercer Encuentro con las Ciencias - Coquimbo<\/title>\n<meta name=\"robots\" content=\"index, follow, max-snippet:-1, max-image-preview:large, max-video-preview:-1\" \/>\n<link rel=\"canonical\" href=\"https:\/\/dev.explora.cl\/coquimbo\/con-diversas-charlas-cientificas-se-dio-el-vamos-al-tercer-encuentro-con-las-ciencias-2\/\" class=\"yoast-seo-meta-tag\" \/>\n<meta property=\"og:locale\" content=\"es_ES\" class=\"yoast-seo-meta-tag\" \/>\n<meta property=\"og:type\" content=\"article\" class=\"yoast-seo-meta-tag\" \/>\n<meta property=\"og:title\" content=\"Con diversas charlas cient\u00edficas se dio el vamos al tercer Encuentro con las Ciencias - Coquimbo\" class=\"yoast-seo-meta-tag\" \/>\n<meta property=\"og:description\" content=\"En la Escuela de Derecho de la Universidad Cat\u00f3lica del Norte, se dio el vamos al tercer \u201cEncuentro con las Ciencias\u201d, actividad organizada por el departamento de Ciencias B\u00e1sicas de la casa de estudios y el PAR EXPLORA Coquimbo. En la oportunidad se cont\u00f3 con la presencia del Vicerrector de la Sede, sr. Jaime Meruane [&hellip;]\" class=\"yoast-seo-meta-tag\" \/>\n<meta property=\"og:url\" content=\"https:\/\/dev.explora.cl\/coquimbo\/con-diversas-charlas-cientificas-se-dio-el-vamos-al-tercer-encuentro-con-las-ciencias-2\/\" class=\"yoast-seo-meta-tag\" \/>\n<meta property=\"og:site_name\" content=\"Coquimbo\" class=\"yoast-seo-meta-tag\" \/>\n<meta property=\"article:published_time\" content=\"2014-11-13T04:00:00+00:00\" class=\"yoast-seo-meta-tag\" \/>\n<meta property=\"article:modified_time\" content=\"2019-05-16T06:40:30+00:00\" class=\"yoast-seo-meta-tag\" \/>\n<meta property=\"og:image\" content=\"https:\/\/dev.explora.cl\/coquimbo\/wp-content\/uploads\/sites\/6\/2018\/06\/22f4ea961711bcef2dcb95904ab7d319.jpg\" class=\"yoast-seo-meta-tag\" \/>\n\t<meta property=\"og:image:width\" content=\"285\" class=\"yoast-seo-meta-tag\" \/>\n\t<meta property=\"og:image:height\" content=\"200\" class=\"yoast-seo-meta-tag\" \/>\n\t<meta property=\"og:image:type\" content=\"image\/jpeg\" class=\"yoast-seo-meta-tag\" \/>\n<meta name=\"author\" content=\"webman\" class=\"yoast-seo-meta-tag\" \/>\n<meta name=\"twitter:card\" content=\"summary_large_image\" class=\"yoast-seo-meta-tag\" \/>\n<meta name=\"twitter:label1\" content=\"Escrito por\" class=\"yoast-seo-meta-tag\" \/>\n\t<meta name=\"twitter:data1\" content=\"webman\" class=\"yoast-seo-meta-tag\" \/>\n\t<meta name=\"twitter:label2\" content=\"Tiempo estimado de lectura\" class=\"yoast-seo-meta-tag\" \/>\n\t<meta name=\"twitter:data2\" content=\"1 minuto\" class=\"yoast-seo-meta-tag\" \/>\n<script type=\"application\/ld+json\" class=\"yoast-schema-graph\">{\"@context\":\"https:\/\/schema.org\",\"@graph\":[{\"@type\":\"Article\",\"@id\":\"https:\/\/dev.explora.cl\/coquimbo\/con-diversas-charlas-cientificas-se-dio-el-vamos-al-tercer-encuentro-con-las-ciencias-2\/#article\",\"isPartOf\":{\"@id\":\"https:\/\/dev.explora.cl\/coquimbo\/con-diversas-charlas-cientificas-se-dio-el-vamos-al-tercer-encuentro-con-las-ciencias-2\/\"},\"author\":{\"name\":\"webman\",\"@id\":\"https:\/\/dev.explora.cl\/coquimbo\/#\/schema\/person\/cb8349c13ea2d324080adf8480d7ba5d\"},\"headline\":\"Con diversas charlas cient\u00edficas se dio el vamos al tercer Encuentro con las Ciencias\",\"datePublished\":\"2014-11-13T04:00:00+00:00\",\"dateModified\":\"2019-05-16T06:40:30+00:00\",\"mainEntityOfPage\":{\"@id\":\"https:\/\/dev.explora.cl\/coquimbo\/con-diversas-charlas-cientificas-se-dio-el-vamos-al-tercer-encuentro-con-las-ciencias-2\/\"},\"wordCount\":299,\"commentCount\":0,\"publisher\":{\"@id\":\"https:\/\/dev.explora.cl\/coquimbo\/#organization\"},\"image\":{\"@id\":\"https:\/\/dev.explora.cl\/coquimbo\/con-diversas-charlas-cientificas-se-dio-el-vamos-al-tercer-encuentro-con-las-ciencias-2\/#primaryimage\"},\"thumbnailUrl\":\"https:\/\/dev.explora.cl\/coquimbo\/wp-content\/uploads\/sites\/6\/2018\/06\/22f4ea961711bcef2dcb95904ab7d319.jpg\",\"keywords\":[\"Encuentro con las Ciencias\",\"Ferias Cientificas\",\"programa radial\"],\"articleSection\":[\"Noticias\"],\"inLanguage\":\"es-CL\",\"potentialAction\":[{\"@type\":\"CommentAction\",\"name\":\"Comment\",\"target\":[\"https:\/\/dev.explora.cl\/coquimbo\/con-diversas-charlas-cientificas-se-dio-el-vamos-al-tercer-encuentro-con-las-ciencias-2\/#respond\"]}]},{\"@type\":\"WebPage\",\"@id\":\"https:\/\/dev.explora.cl\/coquimbo\/con-diversas-charlas-cientificas-se-dio-el-vamos-al-tercer-encuentro-con-las-ciencias-2\/\",\"url\":\"https:\/\/dev.explora.cl\/coquimbo\/con-diversas-charlas-cientificas-se-dio-el-vamos-al-tercer-encuentro-con-las-ciencias-2\/\",\"name\":\"Con diversas charlas cient\u00edficas se dio el vamos al tercer Encuentro con las Ciencias - Coquimbo\",\"isPartOf\":{\"@id\":\"https:\/\/dev.explora.cl\/coquimbo\/#website\"},\"primaryImageOfPage\":{\"@id\":\"https:\/\/dev.explora.cl\/coquimbo\/con-diversas-charlas-cientificas-se-dio-el-vamos-al-tercer-encuentro-con-las-ciencias-2\/#primaryimage\"},\"image\":{\"@id\":\"https:\/\/dev.explora.cl\/coquimbo\/con-diversas-charlas-cientificas-se-dio-el-vamos-al-tercer-encuentro-con-las-ciencias-2\/#primaryimage\"},\"thumbnailUrl\":\"https:\/\/dev.explora.cl\/coquimbo\/wp-content\/uploads\/sites\/6\/2018\/06\/22f4ea961711bcef2dcb95904ab7d319.jpg\",\"datePublished\":\"2014-11-13T04:00:00+00:00\",\"dateModified\":\"2019-05-16T06:40:30+00:00\",\"breadcrumb\":{\"@id\":\"https:\/\/dev.explora.cl\/coquimbo\/con-diversas-charlas-cientificas-se-dio-el-vamos-al-tercer-encuentro-con-las-ciencias-2\/#breadcrumb\"},\"inLanguage\":\"es-CL\",\"potentialAction\":[{\"@type\":\"ReadAction\",\"target\":[\"https:\/\/dev.explora.cl\/coquimbo\/con-diversas-charlas-cientificas-se-dio-el-vamos-al-tercer-encuentro-con-las-ciencias-2\/\"]}]},{\"@type\":\"ImageObject\",\"inLanguage\":\"es-CL\",\"@id\":\"https:\/\/dev.explora.cl\/coquimbo\/con-diversas-charlas-cientificas-se-dio-el-vamos-al-tercer-encuentro-con-las-ciencias-2\/#primaryimage\",\"url\":\"https:\/\/dev.explora.cl\/coquimbo\/wp-content\/uploads\/sites\/6\/2018\/06\/22f4ea961711bcef2dcb95904ab7d319.jpg\",\"contentUrl\":\"https:\/\/dev.explora.cl\/coquimbo\/wp-content\/uploads\/sites\/6\/2018\/06\/22f4ea961711bcef2dcb95904ab7d319.jpg\",\"width\":285,\"height\":200},{\"@type\":\"BreadcrumbList\",\"@id\":\"https:\/\/dev.explora.cl\/coquimbo\/con-diversas-charlas-cientificas-se-dio-el-vamos-al-tercer-encuentro-con-las-ciencias-2\/#breadcrumb\",\"itemListElement\":[{\"@type\":\"ListItem\",\"position\":1,\"name\":\"Portada\",\"item\":\"https:\/\/dev.explora.cl\/coquimbo\/\"},{\"@type\":\"ListItem\",\"position\":2,\"name\":\"Con diversas charlas cient\u00edficas se dio el vamos al tercer Encuentro con las Ciencias\"}]},{\"@type\":\"WebSite\",\"@id\":\"https:\/\/dev.explora.cl\/coquimbo\/#website\",\"url\":\"https:\/\/dev.explora.cl\/coquimbo\/\",\"name\":\"Coquimbo\",\"description\":\"Otro sitio m\u00e1s de dev.explora.cl\",\"publisher\":{\"@id\":\"https:\/\/dev.explora.cl\/coquimbo\/#organization\"},\"potentialAction\":[{\"@type\":\"SearchAction\",\"target\":{\"@type\":\"EntryPoint\",\"urlTemplate\":\"https:\/\/dev.explora.cl\/coquimbo\/?s={search_term_string}\"},\"query-input\":{\"@type\":\"PropertyValueSpecification\",\"valueRequired\":true,\"valueName\":\"search_term_string\"}}],\"inLanguage\":\"es-CL\"},{\"@type\":\"Organization\",\"@id\":\"https:\/\/dev.explora.cl\/coquimbo\/#organization\",\"name\":\"Coquimbo\",\"url\":\"https:\/\/dev.explora.cl\/coquimbo\/\",\"logo\":{\"@type\":\"ImageObject\",\"inLanguage\":\"es-CL\",\"@id\":\"https:\/\/dev.explora.cl\/coquimbo\/#\/schema\/logo\/image\/\",\"url\":\"https:\/\/dev.explora.cl\/coquimbo\/wp-content\/uploads\/sites\/6\/2020\/08\/cropped-Mesa-de-trabajo-1-100.jpg\",\"contentUrl\":\"https:\/\/dev.explora.cl\/coquimbo\/wp-content\/uploads\/sites\/6\/2020\/08\/cropped-Mesa-de-trabajo-1-100.jpg\",\"width\":615,\"height\":576,\"caption\":\"Coquimbo\"},\"image\":{\"@id\":\"https:\/\/dev.explora.cl\/coquimbo\/#\/schema\/logo\/image\/\"}},{\"@type\":\"Person\",\"@id\":\"https:\/\/dev.explora.cl\/coquimbo\/#\/schema\/person\/cb8349c13ea2d324080adf8480d7ba5d\",\"name\":\"webman\",\"image\":{\"@type\":\"ImageObject\",\"inLanguage\":\"es-CL\",\"@id\":\"https:\/\/dev.explora.cl\/coquimbo\/#\/schema\/person\/image\/\",\"url\":\"https:\/\/secure.gravatar.com\/avatar\/eeff3c82f2c02f7177d13663b7e6f890e9a6a0647ce9bb29cae02dcb094c7312?s=96&d=mm&r=g\",\"contentUrl\":\"https:\/\/secure.gravatar.com\/avatar\/eeff3c82f2c02f7177d13663b7e6f890e9a6a0647ce9bb29cae02dcb094c7312?s=96&d=mm&r=g\",\"caption\":\"webman\"},\"url\":\"https:\/\/dev.explora.cl\/coquimbo\/author\/webman\/\"}]}<\/script>\n<!-- \/ Yoast SEO plugin. -->","yoast_head_json":{"title":"Con diversas charlas cient\u00edficas se dio el vamos al tercer Encuentro con las Ciencias - Coquimbo","robots":{"index":"index","follow":"follow","max-snippet":"max-snippet:-1","max-image-preview":"max-image-preview:large","max-video-preview":"max-video-preview:-1"},"canonical":"https:\/\/dev.explora.cl\/coquimbo\/con-diversas-charlas-cientificas-se-dio-el-vamos-al-tercer-encuentro-con-las-ciencias-2\/","og_locale":"es_ES","og_type":"article","og_title":"Con diversas charlas cient\u00edficas se dio el vamos al tercer Encuentro con las Ciencias - Coquimbo","og_description":"En la Escuela de Derecho de la Universidad Cat\u00f3lica del Norte, se dio el vamos al tercer \u201cEncuentro con las Ciencias\u201d, actividad organizada por el departamento de Ciencias B\u00e1sicas de la casa de estudios y el PAR EXPLORA Coquimbo. En la oportunidad se cont\u00f3 con la presencia del Vicerrector de la Sede, sr. Jaime Meruane [&hellip;]","og_url":"https:\/\/dev.explora.cl\/coquimbo\/con-diversas-charlas-cientificas-se-dio-el-vamos-al-tercer-encuentro-con-las-ciencias-2\/","og_site_name":"Coquimbo","article_published_time":"2014-11-13T04:00:00+00:00","article_modified_time":"2019-05-16T06:40:30+00:00","og_image":[{"width":285,"height":200,"url":"https:\/\/dev.explora.cl\/coquimbo\/wp-content\/uploads\/sites\/6\/2018\/06\/22f4ea961711bcef2dcb95904ab7d319.jpg","type":"image\/jpeg"}],"author":"webman","twitter_card":"summary_large_image","twitter_misc":{"Escrito por":"webman","Tiempo estimado de lectura":"1 minuto"},"schema":{"@context":"https:\/\/schema.org","@graph":[{"@type":"Article","@id":"https:\/\/dev.explora.cl\/coquimbo\/con-diversas-charlas-cientificas-se-dio-el-vamos-al-tercer-encuentro-con-las-ciencias-2\/#article","isPartOf":{"@id":"https:\/\/dev.explora.cl\/coquimbo\/con-diversas-charlas-cientificas-se-dio-el-vamos-al-tercer-encuentro-con-las-ciencias-2\/"},"author":{"name":"webman","@id":"https:\/\/dev.explora.cl\/coquimbo\/#\/schema\/person\/cb8349c13ea2d324080adf8480d7ba5d"},"headline":"Con diversas charlas cient\u00edficas se dio el vamos al tercer Encuentro con las Ciencias","datePublished":"2014-11-13T04:00:00+00:00","dateModified":"2019-05-16T06:40:30+00:00","mainEntityOfPage":{"@id":"https:\/\/dev.explora.cl\/coquimbo\/con-diversas-charlas-cientificas-se-dio-el-vamos-al-tercer-encuentro-con-las-ciencias-2\/"},"wordCount":299,"commentCount":0,"publisher":{"@id":"https:\/\/dev.explora.cl\/coquimbo\/#organization"},"image":{"@id":"https:\/\/dev.explora.cl\/coquimbo\/con-diversas-charlas-cientificas-se-dio-el-vamos-al-tercer-encuentro-con-las-ciencias-2\/#primaryimage"},"thumbnailUrl":"https:\/\/dev.explora.cl\/coquimbo\/wp-content\/uploads\/sites\/6\/2018\/06\/22f4ea961711bcef2dcb95904ab7d319.jpg","keywords":["Encuentro con las Ciencias","Ferias Cientificas","programa radial"],"articleSection":["Noticias"],"inLanguage":"es-CL","potentialAction":[{"@type":"CommentAction","name":"Comment","target":["https:\/\/dev.explora.cl\/coquimbo\/con-diversas-charlas-cientificas-se-dio-el-vamos-al-tercer-encuentro-con-las-ciencias-2\/#respond"]}]},{"@type":"WebPage","@id":"https:\/\/dev.explora.cl\/coquimbo\/con-diversas-charlas-cientificas-se-dio-el-vamos-al-tercer-encuentro-con-las-ciencias-2\/","url":"https:\/\/dev.explora.cl\/coquimbo\/con-diversas-charlas-cientificas-se-dio-el-vamos-al-tercer-encuentro-con-las-ciencias-2\/","name":"Con diversas charlas cient\u00edficas se dio el vamos al tercer Encuentro con las Ciencias - Coquimbo","isPartOf":{"@id":"https:\/\/dev.explora.cl\/coquimbo\/#website"},"primaryImageOfPage":{"@id":"https:\/\/dev.explora.cl\/coquimbo\/con-diversas-charlas-cientificas-se-dio-el-vamos-al-tercer-encuentro-con-las-ciencias-2\/#primaryimage"},"image":{"@id":"https:\/\/dev.explora.cl\/coquimbo\/con-diversas-charlas-cientificas-se-dio-el-vamos-al-tercer-encuentro-con-las-ciencias-2\/#primaryimage"},"thumbnailUrl":"https:\/\/dev.explora.cl\/coquimbo\/wp-content\/uploads\/sites\/6\/2018\/06\/22f4ea961711bcef2dcb95904ab7d319.jpg","datePublished":"2014-11-13T04:00:00+00:00","dateModified":"2019-05-16T06:40:30+00:00","breadcrumb":{"@id":"https:\/\/dev.explora.cl\/coquimbo\/con-diversas-charlas-cientificas-se-dio-el-vamos-al-tercer-encuentro-con-las-ciencias-2\/#breadcrumb"},"inLanguage":"es-CL","potentialAction":[{"@type":"ReadAction","target":["https:\/\/dev.explora.cl\/coquimbo\/con-diversas-charlas-cientificas-se-dio-el-vamos-al-tercer-encuentro-con-las-ciencias-2\/"]}]},{"@type":"ImageObject","inLanguage":"es-CL","@id":"https:\/\/dev.explora.cl\/coquimbo\/con-diversas-charlas-cientificas-se-dio-el-vamos-al-tercer-encuentro-con-las-ciencias-2\/#primaryimage","url":"https:\/\/dev.explora.cl\/coquimbo\/wp-content\/uploads\/sites\/6\/2018\/06\/22f4ea961711bcef2dcb95904ab7d319.jpg","contentUrl":"https:\/\/dev.explora.cl\/coquimbo\/wp-content\/uploads\/sites\/6\/2018\/06\/22f4ea961711bcef2dcb95904ab7d319.jpg","width":285,"height":200},{"@type":"BreadcrumbList","@id":"https:\/\/dev.explora.cl\/coquimbo\/con-diversas-charlas-cientificas-se-dio-el-vamos-al-tercer-encuentro-con-las-ciencias-2\/#breadcrumb","itemListElement":[{"@type":"ListItem","position":1,"name":"Portada","item":"https:\/\/dev.explora.cl\/coquimbo\/"},{"@type":"ListItem","position":2,"name":"Con diversas charlas cient\u00edficas se dio el vamos al tercer Encuentro con las Ciencias"}]},{"@type":"WebSite","@id":"https:\/\/dev.explora.cl\/coquimbo\/#website","url":"https:\/\/dev.explora.cl\/coquimbo\/","name":"Coquimbo","description":"Otro sitio m\u00e1s de dev.explora.cl","publisher":{"@id":"https:\/\/dev.explora.cl\/coquimbo\/#organization"},"potentialAction":[{"@type":"SearchAction","target":{"@type":"EntryPoint","urlTemplate":"https:\/\/dev.explora.cl\/coquimbo\/?s={search_term_string}"},"query-input":{"@type":"PropertyValueSpecification","valueRequired":true,"valueName":"search_term_string"}}],"inLanguage":"es-CL"},{"@type":"Organization","@id":"https:\/\/dev.explora.cl\/coquimbo\/#organization","name":"Coquimbo","url":"https:\/\/dev.explora.cl\/coquimbo\/","logo":{"@type":"ImageObject","inLanguage":"es-CL","@id":"https:\/\/dev.explora.cl\/coquimbo\/#\/schema\/logo\/image\/","url":"https:\/\/dev.explora.cl\/coquimbo\/wp-content\/uploads\/sites\/6\/2020\/08\/cropped-Mesa-de-trabajo-1-100.jpg","contentUrl":"https:\/\/dev.explora.cl\/coquimbo\/wp-content\/uploads\/sites\/6\/2020\/08\/cropped-Mesa-de-trabajo-1-100.jpg","width":615,"height":576,"caption":"Coquimbo"},"image":{"@id":"https:\/\/dev.explora.cl\/coquimbo\/#\/schema\/logo\/image\/"}},{"@type":"Person","@id":"https:\/\/dev.explora.cl\/coquimbo\/#\/schema\/person\/cb8349c13ea2d324080adf8480d7ba5d","name":"webman","image":{"@type":"ImageObject","inLanguage":"es-CL","@id":"https:\/\/dev.explora.cl\/coquimbo\/#\/schema\/person\/image\/","url":"https:\/\/secure.gravatar.com\/avatar\/eeff3c82f2c02f7177d13663b7e6f890e9a6a0647ce9bb29cae02dcb094c7312?s=96&d=mm&r=g","contentUrl":"https:\/\/secure.gravatar.com\/avatar\/eeff3c82f2c02f7177d13663b7e6f890e9a6a0647ce9bb29cae02dcb094c7312?s=96&d=mm&r=g","caption":"webman"},"url":"https:\/\/dev.explora.cl\/coquimbo\/author\/webman\/"}]}},"_links":{"self":[{"href":"https:\/\/dev.explora.cl\/coquimbo\/wp-json\/wp\/v2\/posts\/37891","targetHints":{"allow":["GET"]}}],"collection":[{"href":"https:\/\/dev.explora.cl\/coquimbo\/wp-json\/wp\/v2\/posts"}],"about":[{"href":"https:\/\/dev.explora.cl\/coquimbo\/wp-json\/wp\/v2\/types\/post"}],"author":[{"embeddable":true,"href":"https:\/\/dev.explora.cl\/coquimbo\/wp-json\/wp\/v2\/users\/2"}],"replies":[{"embeddable":true,"href":"https:\/\/dev.explora.cl\/coquimbo\/wp-json\/wp\/v2\/comments?post=37891"}],"version-history":[{"count":1,"href":"https:\/\/dev.explora.cl\/coquimbo\/wp-json\/wp\/v2\/posts\/37891\/revisions"}],"predecessor-version":[{"id":39302,"href":"https:\/\/dev.explora.cl\/coquimbo\/wp-json\/wp\/v2\/posts\/37891\/revisions\/39302"}],"wp:featuredmedia":[{"embeddable":true,"href":"https:\/\/dev.explora.cl\/coquimbo\/wp-json\/wp\/v2\/media\/31970"}],"wp:attachment":[{"href":"https:\/\/dev.explora.cl\/coquimbo\/wp-json\/wp\/v2\/media?parent=37891"}],"wp:term":[{"taxonomy":"category","embeddable":true,"href":"https:\/\/dev.explora.cl\/coquimbo\/wp-json\/wp\/v2\/categories?post=37891"},{"taxonomy":"post_tag","embeddable":true,"href":"https:\/\/dev.explora.cl\/coquimbo\/wp-json\/wp\/v2\/tags?post=37891"}],"curies":[{"name":"wp","href":"https:\/\/api.w.org\/{rel}","templated":true}]}}