{"id":37885,"date":"2014-11-03T00:00:00","date_gmt":"2014-11-03T04:00:00","guid":{"rendered":"https:\/\/dev.explora.cl\/coquimbo\/blog\/2014\/11\/03\/escolares-de-la-serena-fueron-seleccionadas-para-exponer-sus-investigaciones-sobre-la-antartica-en-punta-arenas\/"},"modified":"2019-05-16T06:40:33","modified_gmt":"2019-05-16T06:40:33","slug":"escolares-de-la-serena-fueron-seleccionadas-para-exponer-sus-investigaciones-sobre-la-antartica-en-punta-arenas-2","status":"publish","type":"post","link":"https:\/\/dev.explora.cl\/coquimbo\/escolares-de-la-serena-fueron-seleccionadas-para-exponer-sus-investigaciones-sobre-la-antartica-en-punta-arenas-2\/","title":{"rendered":"Escolares de La Serena fueron seleccionadas para exponer sus investigaciones sobre la Ant\u00e1rtica en Punta Arenas"},"content":{"rendered":"<p><img loading=\"lazy\" decoding=\"async\" class=\" size-full wp-image-6744\" src=\"http:\/\/ec2-34-218-253-251.us-west-2.compute.amazonaws.com\/wp-content\/uploads\/2014\/11\/ab836ffe1b896e82d93acc3acd002665.jpg\" alt=\"\" width=\"800\" height=\"597\" \/><\/p>\n<p>Desde hace 11 a\u00f1os, el\u00a0 Instituto Ant\u00e1rtico Chileno (INACH) realiza la Feria Ant\u00e1rtica Escolar (FAE), una oportunidad para que estudiantes de ense\u00f1anza media de todo Chile puedan conocer esta zona y a la vez desarrollen sus habilidades en el uso del m\u00e9todo cient\u00edfico para encontrar respuestas a los enigmas que a\u00fan guarda el Continente Blanco.<\/p>\n<p>Es por esto que decenas de trabajos del norte de Chile postularon para poder exponer del 5 al 9 de noviembre de este a\u00f1o en la XI Feria Ant\u00e1rtica Escolar, que se realizar\u00e1 en Punta Arenas, pero s\u00f3lo 3 investigaciones de esta zona fueron seleccionadas, dos de estos proyectos provienen de La Serena.<\/p>\n<p>Los trabajos denominados \u201cCambio clim\u00e1tico: Poblaci\u00f3n de &#8220;Aptenodytes forsteri: ping\u00fcino emperador en peligro\u201d, Saint John\u2019s School; y \u201cEretmoptera murphyi: Peque\u00f1o pero peligroso invasor de la Ant\u00e1rtica\u201d del Colegio Valent\u00edn Letelier, fueron seleccionados y competir\u00e1 con otras 24 investigaciones, tanto de la categor\u00eda experimental como bibliogr\u00e1fica.<\/p>\n<p>Liderados por la profesora Katherine Tapia,\u00a0 las alumnas Macarena Zambra y Melanie Contreras, ambas del tercero medio \u201cA\u201d del colegio Saint John\u2019s School, buscar\u00e1n defender su trabajo ante cient\u00edficos de todo el pa\u00eds y potenciar su investigaci\u00f3n Ant\u00e1rtica.<\/p>\n<p>En tanto la docente Katherine Galleguillos y las alumnas Camila Daire y Paulina Astorga, tambi\u00e9n del tercero medio \u201cA\u201d del colegio Valent\u00edn Letelier, esperan poder dejar en lo alto el nombre de La Serena en el extremo sur de nuestro pa\u00eds.<\/p>\n<p>El proyecto de las chicas del Saint John\u2019s da cuenta sobre el cambio clim\u00e1tico y c\u00f3mo puede afectar a diferentes especies. Una de estas es el ping\u00fcino emperador Aptenodytes forsteri, que es una especie\u00a0 extremadamente sensible a los cambios clim\u00e1ticos, especialmente a las modificaciones en el medio ambiente de hielo marino.<\/p>\n<p>Por otro lado, el trabajo de las alumnas del Valent\u00edn Letelier se centra en un peque\u00f1o insecto, llamado Eretmoptera murphyi, nativo de las islas Georgia del Sur, lugar desde donde se ha trasladado, por medio de la actividad humana, hacia el continente Ant\u00e1rtico. A lo largo de la investigaci\u00f3n se pudo comprobar que este insecto puede adaptarse y sobrevivir a al clima de la Ant\u00e1rtica, y puede generar cambios en el ecosistema que llevan a la p\u00e9rdida de la flora y fauna nativa de este continente.<\/p>\n<p>El Coordinador Zona Norte de la FAE 2014, Sergio Gonz\u00e1lez, valor\u00f3 el trabajo realizado por este grupo de alumnas y las profesoras a cargo de las investigaciones \u201cEstamos seguros que estos trabajos representar\u00e1n de excelente manera la Regi\u00f3n, pues est\u00e1n dirigidos por profesoras que tiene la experiencia de haber participado antes en la Feria, y adem\u00e1s, han sido premiadas en otros instancias por su notable desarrollo de investigaci\u00f3n cient\u00edfica escolar\u201d.\u00a0<\/p>\n<p>En los primeros d\u00edas de noviembre, los equipos serenenses iniciar\u00e1n su viaje a Punta Arenas. Ah\u00ed\u00a0 los alumnos deber\u00e1n exponer sus trabajos en un stand y en forma oral ante un panel de expertos. Los dos mejores proyectos en cada categor\u00eda (bibliogr\u00e1fica y experimental) obtendr\u00e1n el derecho de participar en una expedici\u00f3n al Territorio Chileno Ant\u00e1rtico durante el pr\u00f3ximo verano polar.<\/p>\n<p>\u00a0<\/p>\n","protected":false},"excerpt":{"rendered":"<p>Desde hace 11 a\u00f1os, el\u00a0 Instituto Ant\u00e1rtico Chileno (INACH) realiza la Feria Ant\u00e1rtica Escolar (FAE), una oportunidad para que estudiantes de ense\u00f1anza media de todo Chile puedan conocer esta zona y a la vez desarrollen sus habilidades en el uso del m\u00e9todo cient\u00edfico para encontrar respuestas a los enigmas que a\u00fan guarda el Continente Blanco. [&hellip;]<\/p>\n","protected":false},"author":2,"featured_media":31962,"comment_status":"open","ping_status":"open","sticky":false,"template":"","format":"standard","meta":{"_acf_changed":false,"_exactmetrics_skip_tracking":false,"_exactmetrics_sitenote_active":false,"_exactmetrics_sitenote_note":"","_exactmetrics_sitenote_category":0,"footnotes":"","_links_to":"","_links_to_target":""},"categories":[4],"tags":[],"class_list":["post-37885","post","type-post","status-publish","format-standard","has-post-thumbnail","hentry","category-noticias"],"acf":[],"yoast_head":"<!-- This site is optimized with the Yoast SEO plugin v26.7 - https:\/\/yoast.com\/wordpress\/plugins\/seo\/ -->\n<title>Escolares de La Serena fueron seleccionadas para exponer sus investigaciones sobre la Ant\u00e1rtica en Punta Arenas - Coquimbo<\/title>\n<meta name=\"robots\" content=\"index, follow, max-snippet:-1, max-image-preview:large, max-video-preview:-1\" \/>\n<link rel=\"canonical\" href=\"https:\/\/dev.explora.cl\/coquimbo\/escolares-de-la-serena-fueron-seleccionadas-para-exponer-sus-investigaciones-sobre-la-antartica-en-punta-arenas-2\/\" class=\"yoast-seo-meta-tag\" \/>\n<meta property=\"og:locale\" content=\"es_ES\" class=\"yoast-seo-meta-tag\" \/>\n<meta property=\"og:type\" content=\"article\" class=\"yoast-seo-meta-tag\" \/>\n<meta property=\"og:title\" content=\"Escolares de La Serena fueron seleccionadas para exponer sus investigaciones sobre la Ant\u00e1rtica en Punta Arenas - Coquimbo\" class=\"yoast-seo-meta-tag\" \/>\n<meta property=\"og:description\" content=\"Desde hace 11 a\u00f1os, el\u00a0 Instituto Ant\u00e1rtico Chileno (INACH) realiza la Feria Ant\u00e1rtica Escolar (FAE), una oportunidad para que estudiantes de ense\u00f1anza media de todo Chile puedan conocer esta zona y a la vez desarrollen sus habilidades en el uso del m\u00e9todo cient\u00edfico para encontrar respuestas a los enigmas que a\u00fan guarda el Continente Blanco. [&hellip;]\" class=\"yoast-seo-meta-tag\" \/>\n<meta property=\"og:url\" content=\"https:\/\/dev.explora.cl\/coquimbo\/escolares-de-la-serena-fueron-seleccionadas-para-exponer-sus-investigaciones-sobre-la-antartica-en-punta-arenas-2\/\" class=\"yoast-seo-meta-tag\" \/>\n<meta property=\"og:site_name\" content=\"Coquimbo\" class=\"yoast-seo-meta-tag\" \/>\n<meta property=\"article:published_time\" content=\"2014-11-03T04:00:00+00:00\" class=\"yoast-seo-meta-tag\" \/>\n<meta property=\"article:modified_time\" content=\"2019-05-16T06:40:33+00:00\" class=\"yoast-seo-meta-tag\" \/>\n<meta property=\"og:image\" content=\"https:\/\/dev.explora.cl\/coquimbo\/wp-content\/uploads\/sites\/6\/2018\/06\/4320f862c9bea110ec01ab0f388915a3.jpg\" class=\"yoast-seo-meta-tag\" \/>\n\t<meta property=\"og:image:width\" content=\"350\" class=\"yoast-seo-meta-tag\" \/>\n\t<meta property=\"og:image:height\" content=\"259\" class=\"yoast-seo-meta-tag\" \/>\n\t<meta property=\"og:image:type\" content=\"image\/jpeg\" class=\"yoast-seo-meta-tag\" \/>\n<meta name=\"author\" content=\"webman\" class=\"yoast-seo-meta-tag\" \/>\n<meta name=\"twitter:card\" content=\"summary_large_image\" class=\"yoast-seo-meta-tag\" \/>\n<meta name=\"twitter:label1\" content=\"Escrito por\" class=\"yoast-seo-meta-tag\" \/>\n\t<meta name=\"twitter:data1\" content=\"webman\" class=\"yoast-seo-meta-tag\" \/>\n\t<meta name=\"twitter:label2\" content=\"Tiempo estimado de lectura\" class=\"yoast-seo-meta-tag\" \/>\n\t<meta name=\"twitter:data2\" content=\"3 minutos\" class=\"yoast-seo-meta-tag\" \/>\n<script type=\"application\/ld+json\" class=\"yoast-schema-graph\">{\"@context\":\"https:\/\/schema.org\",\"@graph\":[{\"@type\":\"Article\",\"@id\":\"https:\/\/dev.explora.cl\/coquimbo\/escolares-de-la-serena-fueron-seleccionadas-para-exponer-sus-investigaciones-sobre-la-antartica-en-punta-arenas-2\/#article\",\"isPartOf\":{\"@id\":\"https:\/\/dev.explora.cl\/coquimbo\/escolares-de-la-serena-fueron-seleccionadas-para-exponer-sus-investigaciones-sobre-la-antartica-en-punta-arenas-2\/\"},\"author\":{\"name\":\"webman\",\"@id\":\"https:\/\/dev.explora.cl\/coquimbo\/#\/schema\/person\/cb8349c13ea2d324080adf8480d7ba5d\"},\"headline\":\"Escolares de La Serena fueron seleccionadas para exponer sus investigaciones sobre la Ant\u00e1rtica en Punta Arenas\",\"datePublished\":\"2014-11-03T04:00:00+00:00\",\"dateModified\":\"2019-05-16T06:40:33+00:00\",\"mainEntityOfPage\":{\"@id\":\"https:\/\/dev.explora.cl\/coquimbo\/escolares-de-la-serena-fueron-seleccionadas-para-exponer-sus-investigaciones-sobre-la-antartica-en-punta-arenas-2\/\"},\"wordCount\":566,\"commentCount\":0,\"publisher\":{\"@id\":\"https:\/\/dev.explora.cl\/coquimbo\/#organization\"},\"image\":{\"@id\":\"https:\/\/dev.explora.cl\/coquimbo\/escolares-de-la-serena-fueron-seleccionadas-para-exponer-sus-investigaciones-sobre-la-antartica-en-punta-arenas-2\/#primaryimage\"},\"thumbnailUrl\":\"https:\/\/dev.explora.cl\/coquimbo\/wp-content\/uploads\/sites\/6\/2018\/06\/4320f862c9bea110ec01ab0f388915a3.jpg\",\"articleSection\":[\"Noticias\"],\"inLanguage\":\"es-CL\",\"potentialAction\":[{\"@type\":\"CommentAction\",\"name\":\"Comment\",\"target\":[\"https:\/\/dev.explora.cl\/coquimbo\/escolares-de-la-serena-fueron-seleccionadas-para-exponer-sus-investigaciones-sobre-la-antartica-en-punta-arenas-2\/#respond\"]}]},{\"@type\":\"WebPage\",\"@id\":\"https:\/\/dev.explora.cl\/coquimbo\/escolares-de-la-serena-fueron-seleccionadas-para-exponer-sus-investigaciones-sobre-la-antartica-en-punta-arenas-2\/\",\"url\":\"https:\/\/dev.explora.cl\/coquimbo\/escolares-de-la-serena-fueron-seleccionadas-para-exponer-sus-investigaciones-sobre-la-antartica-en-punta-arenas-2\/\",\"name\":\"Escolares de La Serena fueron seleccionadas para exponer sus investigaciones sobre la Ant\u00e1rtica en Punta Arenas - Coquimbo\",\"isPartOf\":{\"@id\":\"https:\/\/dev.explora.cl\/coquimbo\/#website\"},\"primaryImageOfPage\":{\"@id\":\"https:\/\/dev.explora.cl\/coquimbo\/escolares-de-la-serena-fueron-seleccionadas-para-exponer-sus-investigaciones-sobre-la-antartica-en-punta-arenas-2\/#primaryimage\"},\"image\":{\"@id\":\"https:\/\/dev.explora.cl\/coquimbo\/escolares-de-la-serena-fueron-seleccionadas-para-exponer-sus-investigaciones-sobre-la-antartica-en-punta-arenas-2\/#primaryimage\"},\"thumbnailUrl\":\"https:\/\/dev.explora.cl\/coquimbo\/wp-content\/uploads\/sites\/6\/2018\/06\/4320f862c9bea110ec01ab0f388915a3.jpg\",\"datePublished\":\"2014-11-03T04:00:00+00:00\",\"dateModified\":\"2019-05-16T06:40:33+00:00\",\"breadcrumb\":{\"@id\":\"https:\/\/dev.explora.cl\/coquimbo\/escolares-de-la-serena-fueron-seleccionadas-para-exponer-sus-investigaciones-sobre-la-antartica-en-punta-arenas-2\/#breadcrumb\"},\"inLanguage\":\"es-CL\",\"potentialAction\":[{\"@type\":\"ReadAction\",\"target\":[\"https:\/\/dev.explora.cl\/coquimbo\/escolares-de-la-serena-fueron-seleccionadas-para-exponer-sus-investigaciones-sobre-la-antartica-en-punta-arenas-2\/\"]}]},{\"@type\":\"ImageObject\",\"inLanguage\":\"es-CL\",\"@id\":\"https:\/\/dev.explora.cl\/coquimbo\/escolares-de-la-serena-fueron-seleccionadas-para-exponer-sus-investigaciones-sobre-la-antartica-en-punta-arenas-2\/#primaryimage\",\"url\":\"https:\/\/dev.explora.cl\/coquimbo\/wp-content\/uploads\/sites\/6\/2018\/06\/4320f862c9bea110ec01ab0f388915a3.jpg\",\"contentUrl\":\"https:\/\/dev.explora.cl\/coquimbo\/wp-content\/uploads\/sites\/6\/2018\/06\/4320f862c9bea110ec01ab0f388915a3.jpg\",\"width\":350,\"height\":259},{\"@type\":\"BreadcrumbList\",\"@id\":\"https:\/\/dev.explora.cl\/coquimbo\/escolares-de-la-serena-fueron-seleccionadas-para-exponer-sus-investigaciones-sobre-la-antartica-en-punta-arenas-2\/#breadcrumb\",\"itemListElement\":[{\"@type\":\"ListItem\",\"position\":1,\"name\":\"Portada\",\"item\":\"https:\/\/dev.explora.cl\/coquimbo\/\"},{\"@type\":\"ListItem\",\"position\":2,\"name\":\"Escolares de La Serena fueron seleccionadas para exponer sus investigaciones sobre la Ant\u00e1rtica en Punta Arenas\"}]},{\"@type\":\"WebSite\",\"@id\":\"https:\/\/dev.explora.cl\/coquimbo\/#website\",\"url\":\"https:\/\/dev.explora.cl\/coquimbo\/\",\"name\":\"Coquimbo\",\"description\":\"Otro sitio m\u00e1s de dev.explora.cl\",\"publisher\":{\"@id\":\"https:\/\/dev.explora.cl\/coquimbo\/#organization\"},\"potentialAction\":[{\"@type\":\"SearchAction\",\"target\":{\"@type\":\"EntryPoint\",\"urlTemplate\":\"https:\/\/dev.explora.cl\/coquimbo\/?s={search_term_string}\"},\"query-input\":{\"@type\":\"PropertyValueSpecification\",\"valueRequired\":true,\"valueName\":\"search_term_string\"}}],\"inLanguage\":\"es-CL\"},{\"@type\":\"Organization\",\"@id\":\"https:\/\/dev.explora.cl\/coquimbo\/#organization\",\"name\":\"Coquimbo\",\"url\":\"https:\/\/dev.explora.cl\/coquimbo\/\",\"logo\":{\"@type\":\"ImageObject\",\"inLanguage\":\"es-CL\",\"@id\":\"https:\/\/dev.explora.cl\/coquimbo\/#\/schema\/logo\/image\/\",\"url\":\"https:\/\/dev.explora.cl\/coquimbo\/wp-content\/uploads\/sites\/6\/2020\/08\/cropped-Mesa-de-trabajo-1-100.jpg\",\"contentUrl\":\"https:\/\/dev.explora.cl\/coquimbo\/wp-content\/uploads\/sites\/6\/2020\/08\/cropped-Mesa-de-trabajo-1-100.jpg\",\"width\":615,\"height\":576,\"caption\":\"Coquimbo\"},\"image\":{\"@id\":\"https:\/\/dev.explora.cl\/coquimbo\/#\/schema\/logo\/image\/\"}},{\"@type\":\"Person\",\"@id\":\"https:\/\/dev.explora.cl\/coquimbo\/#\/schema\/person\/cb8349c13ea2d324080adf8480d7ba5d\",\"name\":\"webman\",\"image\":{\"@type\":\"ImageObject\",\"inLanguage\":\"es-CL\",\"@id\":\"https:\/\/dev.explora.cl\/coquimbo\/#\/schema\/person\/image\/\",\"url\":\"https:\/\/secure.gravatar.com\/avatar\/eeff3c82f2c02f7177d13663b7e6f890e9a6a0647ce9bb29cae02dcb094c7312?s=96&d=mm&r=g\",\"contentUrl\":\"https:\/\/secure.gravatar.com\/avatar\/eeff3c82f2c02f7177d13663b7e6f890e9a6a0647ce9bb29cae02dcb094c7312?s=96&d=mm&r=g\",\"caption\":\"webman\"},\"url\":\"https:\/\/dev.explora.cl\/coquimbo\/author\/webman\/\"}]}<\/script>\n<!-- \/ Yoast SEO plugin. -->","yoast_head_json":{"title":"Escolares de La Serena fueron seleccionadas para exponer sus investigaciones sobre la Ant\u00e1rtica en Punta Arenas - Coquimbo","robots":{"index":"index","follow":"follow","max-snippet":"max-snippet:-1","max-image-preview":"max-image-preview:large","max-video-preview":"max-video-preview:-1"},"canonical":"https:\/\/dev.explora.cl\/coquimbo\/escolares-de-la-serena-fueron-seleccionadas-para-exponer-sus-investigaciones-sobre-la-antartica-en-punta-arenas-2\/","og_locale":"es_ES","og_type":"article","og_title":"Escolares de La Serena fueron seleccionadas para exponer sus investigaciones sobre la Ant\u00e1rtica en Punta Arenas - Coquimbo","og_description":"Desde hace 11 a\u00f1os, el\u00a0 Instituto Ant\u00e1rtico Chileno (INACH) realiza la Feria Ant\u00e1rtica Escolar (FAE), una oportunidad para que estudiantes de ense\u00f1anza media de todo Chile puedan conocer esta zona y a la vez desarrollen sus habilidades en el uso del m\u00e9todo cient\u00edfico para encontrar respuestas a los enigmas que a\u00fan guarda el Continente Blanco. [&hellip;]","og_url":"https:\/\/dev.explora.cl\/coquimbo\/escolares-de-la-serena-fueron-seleccionadas-para-exponer-sus-investigaciones-sobre-la-antartica-en-punta-arenas-2\/","og_site_name":"Coquimbo","article_published_time":"2014-11-03T04:00:00+00:00","article_modified_time":"2019-05-16T06:40:33+00:00","og_image":[{"width":350,"height":259,"url":"https:\/\/dev.explora.cl\/coquimbo\/wp-content\/uploads\/sites\/6\/2018\/06\/4320f862c9bea110ec01ab0f388915a3.jpg","type":"image\/jpeg"}],"author":"webman","twitter_card":"summary_large_image","twitter_misc":{"Escrito por":"webman","Tiempo estimado de lectura":"3 minutos"},"schema":{"@context":"https:\/\/schema.org","@graph":[{"@type":"Article","@id":"https:\/\/dev.explora.cl\/coquimbo\/escolares-de-la-serena-fueron-seleccionadas-para-exponer-sus-investigaciones-sobre-la-antartica-en-punta-arenas-2\/#article","isPartOf":{"@id":"https:\/\/dev.explora.cl\/coquimbo\/escolares-de-la-serena-fueron-seleccionadas-para-exponer-sus-investigaciones-sobre-la-antartica-en-punta-arenas-2\/"},"author":{"name":"webman","@id":"https:\/\/dev.explora.cl\/coquimbo\/#\/schema\/person\/cb8349c13ea2d324080adf8480d7ba5d"},"headline":"Escolares de La Serena fueron seleccionadas para exponer sus investigaciones sobre la Ant\u00e1rtica en Punta Arenas","datePublished":"2014-11-03T04:00:00+00:00","dateModified":"2019-05-16T06:40:33+00:00","mainEntityOfPage":{"@id":"https:\/\/dev.explora.cl\/coquimbo\/escolares-de-la-serena-fueron-seleccionadas-para-exponer-sus-investigaciones-sobre-la-antartica-en-punta-arenas-2\/"},"wordCount":566,"commentCount":0,"publisher":{"@id":"https:\/\/dev.explora.cl\/coquimbo\/#organization"},"image":{"@id":"https:\/\/dev.explora.cl\/coquimbo\/escolares-de-la-serena-fueron-seleccionadas-para-exponer-sus-investigaciones-sobre-la-antartica-en-punta-arenas-2\/#primaryimage"},"thumbnailUrl":"https:\/\/dev.explora.cl\/coquimbo\/wp-content\/uploads\/sites\/6\/2018\/06\/4320f862c9bea110ec01ab0f388915a3.jpg","articleSection":["Noticias"],"inLanguage":"es-CL","potentialAction":[{"@type":"CommentAction","name":"Comment","target":["https:\/\/dev.explora.cl\/coquimbo\/escolares-de-la-serena-fueron-seleccionadas-para-exponer-sus-investigaciones-sobre-la-antartica-en-punta-arenas-2\/#respond"]}]},{"@type":"WebPage","@id":"https:\/\/dev.explora.cl\/coquimbo\/escolares-de-la-serena-fueron-seleccionadas-para-exponer-sus-investigaciones-sobre-la-antartica-en-punta-arenas-2\/","url":"https:\/\/dev.explora.cl\/coquimbo\/escolares-de-la-serena-fueron-seleccionadas-para-exponer-sus-investigaciones-sobre-la-antartica-en-punta-arenas-2\/","name":"Escolares de La Serena fueron seleccionadas para exponer sus investigaciones sobre la Ant\u00e1rtica en Punta Arenas - Coquimbo","isPartOf":{"@id":"https:\/\/dev.explora.cl\/coquimbo\/#website"},"primaryImageOfPage":{"@id":"https:\/\/dev.explora.cl\/coquimbo\/escolares-de-la-serena-fueron-seleccionadas-para-exponer-sus-investigaciones-sobre-la-antartica-en-punta-arenas-2\/#primaryimage"},"image":{"@id":"https:\/\/dev.explora.cl\/coquimbo\/escolares-de-la-serena-fueron-seleccionadas-para-exponer-sus-investigaciones-sobre-la-antartica-en-punta-arenas-2\/#primaryimage"},"thumbnailUrl":"https:\/\/dev.explora.cl\/coquimbo\/wp-content\/uploads\/sites\/6\/2018\/06\/4320f862c9bea110ec01ab0f388915a3.jpg","datePublished":"2014-11-03T04:00:00+00:00","dateModified":"2019-05-16T06:40:33+00:00","breadcrumb":{"@id":"https:\/\/dev.explora.cl\/coquimbo\/escolares-de-la-serena-fueron-seleccionadas-para-exponer-sus-investigaciones-sobre-la-antartica-en-punta-arenas-2\/#breadcrumb"},"inLanguage":"es-CL","potentialAction":[{"@type":"ReadAction","target":["https:\/\/dev.explora.cl\/coquimbo\/escolares-de-la-serena-fueron-seleccionadas-para-exponer-sus-investigaciones-sobre-la-antartica-en-punta-arenas-2\/"]}]},{"@type":"ImageObject","inLanguage":"es-CL","@id":"https:\/\/dev.explora.cl\/coquimbo\/escolares-de-la-serena-fueron-seleccionadas-para-exponer-sus-investigaciones-sobre-la-antartica-en-punta-arenas-2\/#primaryimage","url":"https:\/\/dev.explora.cl\/coquimbo\/wp-content\/uploads\/sites\/6\/2018\/06\/4320f862c9bea110ec01ab0f388915a3.jpg","contentUrl":"https:\/\/dev.explora.cl\/coquimbo\/wp-content\/uploads\/sites\/6\/2018\/06\/4320f862c9bea110ec01ab0f388915a3.jpg","width":350,"height":259},{"@type":"BreadcrumbList","@id":"https:\/\/dev.explora.cl\/coquimbo\/escolares-de-la-serena-fueron-seleccionadas-para-exponer-sus-investigaciones-sobre-la-antartica-en-punta-arenas-2\/#breadcrumb","itemListElement":[{"@type":"ListItem","position":1,"name":"Portada","item":"https:\/\/dev.explora.cl\/coquimbo\/"},{"@type":"ListItem","position":2,"name":"Escolares de La Serena fueron seleccionadas para exponer sus investigaciones sobre la Ant\u00e1rtica en Punta Arenas"}]},{"@type":"WebSite","@id":"https:\/\/dev.explora.cl\/coquimbo\/#website","url":"https:\/\/dev.explora.cl\/coquimbo\/","name":"Coquimbo","description":"Otro sitio m\u00e1s de dev.explora.cl","publisher":{"@id":"https:\/\/dev.explora.cl\/coquimbo\/#organization"},"potentialAction":[{"@type":"SearchAction","target":{"@type":"EntryPoint","urlTemplate":"https:\/\/dev.explora.cl\/coquimbo\/?s={search_term_string}"},"query-input":{"@type":"PropertyValueSpecification","valueRequired":true,"valueName":"search_term_string"}}],"inLanguage":"es-CL"},{"@type":"Organization","@id":"https:\/\/dev.explora.cl\/coquimbo\/#organization","name":"Coquimbo","url":"https:\/\/dev.explora.cl\/coquimbo\/","logo":{"@type":"ImageObject","inLanguage":"es-CL","@id":"https:\/\/dev.explora.cl\/coquimbo\/#\/schema\/logo\/image\/","url":"https:\/\/dev.explora.cl\/coquimbo\/wp-content\/uploads\/sites\/6\/2020\/08\/cropped-Mesa-de-trabajo-1-100.jpg","contentUrl":"https:\/\/dev.explora.cl\/coquimbo\/wp-content\/uploads\/sites\/6\/2020\/08\/cropped-Mesa-de-trabajo-1-100.jpg","width":615,"height":576,"caption":"Coquimbo"},"image":{"@id":"https:\/\/dev.explora.cl\/coquimbo\/#\/schema\/logo\/image\/"}},{"@type":"Person","@id":"https:\/\/dev.explora.cl\/coquimbo\/#\/schema\/person\/cb8349c13ea2d324080adf8480d7ba5d","name":"webman","image":{"@type":"ImageObject","inLanguage":"es-CL","@id":"https:\/\/dev.explora.cl\/coquimbo\/#\/schema\/person\/image\/","url":"https:\/\/secure.gravatar.com\/avatar\/eeff3c82f2c02f7177d13663b7e6f890e9a6a0647ce9bb29cae02dcb094c7312?s=96&d=mm&r=g","contentUrl":"https:\/\/secure.gravatar.com\/avatar\/eeff3c82f2c02f7177d13663b7e6f890e9a6a0647ce9bb29cae02dcb094c7312?s=96&d=mm&r=g","caption":"webman"},"url":"https:\/\/dev.explora.cl\/coquimbo\/author\/webman\/"}]}},"_links":{"self":[{"href":"https:\/\/dev.explora.cl\/coquimbo\/wp-json\/wp\/v2\/posts\/37885","targetHints":{"allow":["GET"]}}],"collection":[{"href":"https:\/\/dev.explora.cl\/coquimbo\/wp-json\/wp\/v2\/posts"}],"about":[{"href":"https:\/\/dev.explora.cl\/coquimbo\/wp-json\/wp\/v2\/types\/post"}],"author":[{"embeddable":true,"href":"https:\/\/dev.explora.cl\/coquimbo\/wp-json\/wp\/v2\/users\/2"}],"replies":[{"embeddable":true,"href":"https:\/\/dev.explora.cl\/coquimbo\/wp-json\/wp\/v2\/comments?post=37885"}],"version-history":[{"count":1,"href":"https:\/\/dev.explora.cl\/coquimbo\/wp-json\/wp\/v2\/posts\/37885\/revisions"}],"predecessor-version":[{"id":39308,"href":"https:\/\/dev.explora.cl\/coquimbo\/wp-json\/wp\/v2\/posts\/37885\/revisions\/39308"}],"wp:featuredmedia":[{"embeddable":true,"href":"https:\/\/dev.explora.cl\/coquimbo\/wp-json\/wp\/v2\/media\/31962"}],"wp:attachment":[{"href":"https:\/\/dev.explora.cl\/coquimbo\/wp-json\/wp\/v2\/media?parent=37885"}],"wp:term":[{"taxonomy":"category","embeddable":true,"href":"https:\/\/dev.explora.cl\/coquimbo\/wp-json\/wp\/v2\/categories?post=37885"},{"taxonomy":"post_tag","embeddable":true,"href":"https:\/\/dev.explora.cl\/coquimbo\/wp-json\/wp\/v2\/tags?post=37885"}],"curies":[{"name":"wp","href":"https:\/\/api.w.org\/{rel}","templated":true}]}}