{"id":37883,"date":"2014-10-29T00:00:00","date_gmt":"2014-10-29T04:00:00","guid":{"rendered":"https:\/\/dev.explora.cl\/coquimbo\/blog\/2014\/10\/29\/educadoras-ya-se-preparan-para-participar-del-v-congreso-de-ciencia-y-tecnologia-para-parvulos\/"},"modified":"2019-05-16T06:40:34","modified_gmt":"2019-05-16T06:40:34","slug":"educadoras-ya-se-preparan-para-participar-del-v-congreso-de-ciencia-y-tecnologia-para-parvulos-2","status":"publish","type":"post","link":"https:\/\/dev.explora.cl\/coquimbo\/educadoras-ya-se-preparan-para-participar-del-v-congreso-de-ciencia-y-tecnologia-para-parvulos-2\/","title":{"rendered":"Educadoras ya se preparan para participar del V Congreso de Ciencia y Tecnolog\u00eda para  P\u00e1rvulos"},"content":{"rendered":"<p><img loading=\"lazy\" decoding=\"async\" class=\" size-full wp-image-6657\" src=\"http:\/\/ec2-34-218-253-251.us-west-2.compute.amazonaws.com\/wp-content\/uploads\/2014\/10\/35f01e44953f9ac7172d0e70bfc76ec3.jpg\" alt=\"\" width=\"960\" height=\"638\" \/><\/p>\n<p>La Semana Nacional de La Ciencia y Tecnolog\u00eda y el Congreso Regional Escolar se realizaron con bastante \u00e9xito en la regi\u00f3n de Coquimbo, pero estas no son las \u00faltimas actividades que quedan para el a\u00f1o 2014.<\/p>\n<p>Una de las jornadas \u00edcono para la zona, es el Congreso de Ciencia y Tecnolog\u00eda para \u00a0P\u00e1rvulos, que este a\u00f1o tendr\u00e1 su quinta versi\u00f3n y se realizar\u00e1 en la Universidad de La Serena el pr\u00f3ximo 27 de noviembre.<\/p>\n<p>El objetivo principal del evento es promover la difusi\u00f3n\u00a0 y el intercambio de experiencias, entre P\u00e1rvulos y Educadoras de p\u00e1rvulos de la regi\u00f3n de Coquimbo. \u00a0<\/p>\n<p>Para esto se pretenden contribuir al desarrollo\u00a0 de actitudes y habilidades necesarias\u00a0 para la iniciaci\u00f3n de la Ciencia y Tecnolog\u00eda, en ni\u00f1as y ni\u00f1os de Educaci\u00f3n Parvularia y favorecer la propensi\u00f3n del aprendizaje, as\u00ed como la expresi\u00f3n de su propia singularidad.<\/p>\n<p>Es as\u00ed como los m\u00e1s peque\u00f1itos y sus parvularias se presentar\u00e1n en el panel y expondr\u00e1n parte de sus experiencias en relaci\u00f3n a las actividades antes comentadas.<\/p>\n<p>El Campus Isabel Bongard de la Universidad De La Serena ser\u00e1 el escenario para esta tradicional actividad, que el PAR EXPLORA Coquimbo lleva desarrollando por cinco a\u00f1os.<\/p>\n","protected":false},"excerpt":{"rendered":"<p>La Semana Nacional de La Ciencia y Tecnolog\u00eda y el Congreso Regional Escolar se realizaron con bastante \u00e9xito en la regi\u00f3n de Coquimbo, pero estas no son las \u00faltimas actividades que quedan para el a\u00f1o 2014. Una de las jornadas \u00edcono para la zona, es el Congreso de Ciencia y Tecnolog\u00eda para \u00a0P\u00e1rvulos, que este [&hellip;]<\/p>\n","protected":false},"author":2,"featured_media":31960,"comment_status":"open","ping_status":"open","sticky":false,"template":"","format":"standard","meta":{"_acf_changed":false,"_exactmetrics_skip_tracking":false,"_exactmetrics_sitenote_active":false,"_exactmetrics_sitenote_note":"","_exactmetrics_sitenote_category":0,"footnotes":"","_links_to":"","_links_to_target":""},"categories":[4],"tags":[],"class_list":["post-37883","post","type-post","status-publish","format-standard","has-post-thumbnail","hentry","category-noticias"],"acf":[],"yoast_head":"<!-- This site is optimized with the Yoast SEO plugin v26.7 - https:\/\/yoast.com\/wordpress\/plugins\/seo\/ -->\n<title>Educadoras ya se preparan para participar del V Congreso de Ciencia y Tecnolog\u00eda para P\u00e1rvulos - Coquimbo<\/title>\n<meta name=\"robots\" content=\"index, follow, max-snippet:-1, max-image-preview:large, max-video-preview:-1\" \/>\n<link rel=\"canonical\" href=\"https:\/\/dev.explora.cl\/coquimbo\/educadoras-ya-se-preparan-para-participar-del-v-congreso-de-ciencia-y-tecnologia-para-parvulos-2\/\" class=\"yoast-seo-meta-tag\" \/>\n<meta property=\"og:locale\" content=\"es_ES\" class=\"yoast-seo-meta-tag\" \/>\n<meta property=\"og:type\" content=\"article\" class=\"yoast-seo-meta-tag\" \/>\n<meta property=\"og:title\" content=\"Educadoras ya se preparan para participar del V Congreso de Ciencia y Tecnolog\u00eda para P\u00e1rvulos - Coquimbo\" class=\"yoast-seo-meta-tag\" \/>\n<meta property=\"og:description\" content=\"La Semana Nacional de La Ciencia y Tecnolog\u00eda y el Congreso Regional Escolar se realizaron con bastante \u00e9xito en la regi\u00f3n de Coquimbo, pero estas no son las \u00faltimas actividades que quedan para el a\u00f1o 2014. Una de las jornadas \u00edcono para la zona, es el Congreso de Ciencia y Tecnolog\u00eda para \u00a0P\u00e1rvulos, que este [&hellip;]\" class=\"yoast-seo-meta-tag\" \/>\n<meta property=\"og:url\" content=\"https:\/\/dev.explora.cl\/coquimbo\/educadoras-ya-se-preparan-para-participar-del-v-congreso-de-ciencia-y-tecnologia-para-parvulos-2\/\" class=\"yoast-seo-meta-tag\" \/>\n<meta property=\"og:site_name\" content=\"Coquimbo\" class=\"yoast-seo-meta-tag\" \/>\n<meta property=\"article:published_time\" content=\"2014-10-29T04:00:00+00:00\" class=\"yoast-seo-meta-tag\" \/>\n<meta property=\"article:modified_time\" content=\"2019-05-16T06:40:34+00:00\" class=\"yoast-seo-meta-tag\" \/>\n<meta property=\"og:image\" content=\"https:\/\/dev.explora.cl\/coquimbo\/wp-content\/uploads\/sites\/6\/2018\/06\/aa4b4d0e857780b3bff4a00e6e75e12c.jpg\" class=\"yoast-seo-meta-tag\" \/>\n\t<meta property=\"og:image:width\" content=\"350\" class=\"yoast-seo-meta-tag\" \/>\n\t<meta property=\"og:image:height\" content=\"507\" class=\"yoast-seo-meta-tag\" \/>\n\t<meta property=\"og:image:type\" content=\"image\/jpeg\" class=\"yoast-seo-meta-tag\" \/>\n<meta name=\"author\" content=\"webman\" class=\"yoast-seo-meta-tag\" \/>\n<meta name=\"twitter:card\" content=\"summary_large_image\" class=\"yoast-seo-meta-tag\" \/>\n<meta name=\"twitter:label1\" content=\"Escrito por\" class=\"yoast-seo-meta-tag\" \/>\n\t<meta name=\"twitter:data1\" content=\"webman\" class=\"yoast-seo-meta-tag\" \/>\n\t<meta name=\"twitter:label2\" content=\"Tiempo estimado de lectura\" class=\"yoast-seo-meta-tag\" \/>\n\t<meta name=\"twitter:data2\" content=\"1 minuto\" class=\"yoast-seo-meta-tag\" \/>\n<script type=\"application\/ld+json\" class=\"yoast-schema-graph\">{\"@context\":\"https:\/\/schema.org\",\"@graph\":[{\"@type\":\"Article\",\"@id\":\"https:\/\/dev.explora.cl\/coquimbo\/educadoras-ya-se-preparan-para-participar-del-v-congreso-de-ciencia-y-tecnologia-para-parvulos-2\/#article\",\"isPartOf\":{\"@id\":\"https:\/\/dev.explora.cl\/coquimbo\/educadoras-ya-se-preparan-para-participar-del-v-congreso-de-ciencia-y-tecnologia-para-parvulos-2\/\"},\"author\":{\"name\":\"webman\",\"@id\":\"https:\/\/dev.explora.cl\/coquimbo\/#\/schema\/person\/cb8349c13ea2d324080adf8480d7ba5d\"},\"headline\":\"Educadoras ya se preparan para participar del V Congreso de Ciencia y Tecnolog\u00eda para P\u00e1rvulos\",\"datePublished\":\"2014-10-29T04:00:00+00:00\",\"dateModified\":\"2019-05-16T06:40:34+00:00\",\"mainEntityOfPage\":{\"@id\":\"https:\/\/dev.explora.cl\/coquimbo\/educadoras-ya-se-preparan-para-participar-del-v-congreso-de-ciencia-y-tecnologia-para-parvulos-2\/\"},\"wordCount\":234,\"commentCount\":0,\"publisher\":{\"@id\":\"https:\/\/dev.explora.cl\/coquimbo\/#organization\"},\"image\":{\"@id\":\"https:\/\/dev.explora.cl\/coquimbo\/educadoras-ya-se-preparan-para-participar-del-v-congreso-de-ciencia-y-tecnologia-para-parvulos-2\/#primaryimage\"},\"thumbnailUrl\":\"https:\/\/dev.explora.cl\/coquimbo\/wp-content\/uploads\/sites\/6\/2018\/06\/aa4b4d0e857780b3bff4a00e6e75e12c.jpg\",\"articleSection\":[\"Noticias\"],\"inLanguage\":\"es-CL\",\"potentialAction\":[{\"@type\":\"CommentAction\",\"name\":\"Comment\",\"target\":[\"https:\/\/dev.explora.cl\/coquimbo\/educadoras-ya-se-preparan-para-participar-del-v-congreso-de-ciencia-y-tecnologia-para-parvulos-2\/#respond\"]}]},{\"@type\":\"WebPage\",\"@id\":\"https:\/\/dev.explora.cl\/coquimbo\/educadoras-ya-se-preparan-para-participar-del-v-congreso-de-ciencia-y-tecnologia-para-parvulos-2\/\",\"url\":\"https:\/\/dev.explora.cl\/coquimbo\/educadoras-ya-se-preparan-para-participar-del-v-congreso-de-ciencia-y-tecnologia-para-parvulos-2\/\",\"name\":\"Educadoras ya se preparan para participar del V Congreso de Ciencia y Tecnolog\u00eda para P\u00e1rvulos - Coquimbo\",\"isPartOf\":{\"@id\":\"https:\/\/dev.explora.cl\/coquimbo\/#website\"},\"primaryImageOfPage\":{\"@id\":\"https:\/\/dev.explora.cl\/coquimbo\/educadoras-ya-se-preparan-para-participar-del-v-congreso-de-ciencia-y-tecnologia-para-parvulos-2\/#primaryimage\"},\"image\":{\"@id\":\"https:\/\/dev.explora.cl\/coquimbo\/educadoras-ya-se-preparan-para-participar-del-v-congreso-de-ciencia-y-tecnologia-para-parvulos-2\/#primaryimage\"},\"thumbnailUrl\":\"https:\/\/dev.explora.cl\/coquimbo\/wp-content\/uploads\/sites\/6\/2018\/06\/aa4b4d0e857780b3bff4a00e6e75e12c.jpg\",\"datePublished\":\"2014-10-29T04:00:00+00:00\",\"dateModified\":\"2019-05-16T06:40:34+00:00\",\"breadcrumb\":{\"@id\":\"https:\/\/dev.explora.cl\/coquimbo\/educadoras-ya-se-preparan-para-participar-del-v-congreso-de-ciencia-y-tecnologia-para-parvulos-2\/#breadcrumb\"},\"inLanguage\":\"es-CL\",\"potentialAction\":[{\"@type\":\"ReadAction\",\"target\":[\"https:\/\/dev.explora.cl\/coquimbo\/educadoras-ya-se-preparan-para-participar-del-v-congreso-de-ciencia-y-tecnologia-para-parvulos-2\/\"]}]},{\"@type\":\"ImageObject\",\"inLanguage\":\"es-CL\",\"@id\":\"https:\/\/dev.explora.cl\/coquimbo\/educadoras-ya-se-preparan-para-participar-del-v-congreso-de-ciencia-y-tecnologia-para-parvulos-2\/#primaryimage\",\"url\":\"https:\/\/dev.explora.cl\/coquimbo\/wp-content\/uploads\/sites\/6\/2018\/06\/aa4b4d0e857780b3bff4a00e6e75e12c.jpg\",\"contentUrl\":\"https:\/\/dev.explora.cl\/coquimbo\/wp-content\/uploads\/sites\/6\/2018\/06\/aa4b4d0e857780b3bff4a00e6e75e12c.jpg\",\"width\":350,\"height\":507},{\"@type\":\"BreadcrumbList\",\"@id\":\"https:\/\/dev.explora.cl\/coquimbo\/educadoras-ya-se-preparan-para-participar-del-v-congreso-de-ciencia-y-tecnologia-para-parvulos-2\/#breadcrumb\",\"itemListElement\":[{\"@type\":\"ListItem\",\"position\":1,\"name\":\"Portada\",\"item\":\"https:\/\/dev.explora.cl\/coquimbo\/\"},{\"@type\":\"ListItem\",\"position\":2,\"name\":\"Educadoras ya se preparan para participar del V Congreso de Ciencia y Tecnolog\u00eda para P\u00e1rvulos\"}]},{\"@type\":\"WebSite\",\"@id\":\"https:\/\/dev.explora.cl\/coquimbo\/#website\",\"url\":\"https:\/\/dev.explora.cl\/coquimbo\/\",\"name\":\"Coquimbo\",\"description\":\"Otro sitio m\u00e1s de dev.explora.cl\",\"publisher\":{\"@id\":\"https:\/\/dev.explora.cl\/coquimbo\/#organization\"},\"potentialAction\":[{\"@type\":\"SearchAction\",\"target\":{\"@type\":\"EntryPoint\",\"urlTemplate\":\"https:\/\/dev.explora.cl\/coquimbo\/?s={search_term_string}\"},\"query-input\":{\"@type\":\"PropertyValueSpecification\",\"valueRequired\":true,\"valueName\":\"search_term_string\"}}],\"inLanguage\":\"es-CL\"},{\"@type\":\"Organization\",\"@id\":\"https:\/\/dev.explora.cl\/coquimbo\/#organization\",\"name\":\"Coquimbo\",\"url\":\"https:\/\/dev.explora.cl\/coquimbo\/\",\"logo\":{\"@type\":\"ImageObject\",\"inLanguage\":\"es-CL\",\"@id\":\"https:\/\/dev.explora.cl\/coquimbo\/#\/schema\/logo\/image\/\",\"url\":\"https:\/\/dev.explora.cl\/coquimbo\/wp-content\/uploads\/sites\/6\/2020\/08\/cropped-Mesa-de-trabajo-1-100.jpg\",\"contentUrl\":\"https:\/\/dev.explora.cl\/coquimbo\/wp-content\/uploads\/sites\/6\/2020\/08\/cropped-Mesa-de-trabajo-1-100.jpg\",\"width\":615,\"height\":576,\"caption\":\"Coquimbo\"},\"image\":{\"@id\":\"https:\/\/dev.explora.cl\/coquimbo\/#\/schema\/logo\/image\/\"}},{\"@type\":\"Person\",\"@id\":\"https:\/\/dev.explora.cl\/coquimbo\/#\/schema\/person\/cb8349c13ea2d324080adf8480d7ba5d\",\"name\":\"webman\",\"image\":{\"@type\":\"ImageObject\",\"inLanguage\":\"es-CL\",\"@id\":\"https:\/\/dev.explora.cl\/coquimbo\/#\/schema\/person\/image\/\",\"url\":\"https:\/\/secure.gravatar.com\/avatar\/eeff3c82f2c02f7177d13663b7e6f890e9a6a0647ce9bb29cae02dcb094c7312?s=96&d=mm&r=g\",\"contentUrl\":\"https:\/\/secure.gravatar.com\/avatar\/eeff3c82f2c02f7177d13663b7e6f890e9a6a0647ce9bb29cae02dcb094c7312?s=96&d=mm&r=g\",\"caption\":\"webman\"},\"url\":\"https:\/\/dev.explora.cl\/coquimbo\/author\/webman\/\"}]}<\/script>\n<!-- \/ Yoast SEO plugin. -->","yoast_head_json":{"title":"Educadoras ya se preparan para participar del V Congreso de Ciencia y Tecnolog\u00eda para P\u00e1rvulos - Coquimbo","robots":{"index":"index","follow":"follow","max-snippet":"max-snippet:-1","max-image-preview":"max-image-preview:large","max-video-preview":"max-video-preview:-1"},"canonical":"https:\/\/dev.explora.cl\/coquimbo\/educadoras-ya-se-preparan-para-participar-del-v-congreso-de-ciencia-y-tecnologia-para-parvulos-2\/","og_locale":"es_ES","og_type":"article","og_title":"Educadoras ya se preparan para participar del V Congreso de Ciencia y Tecnolog\u00eda para P\u00e1rvulos - Coquimbo","og_description":"La Semana Nacional de La Ciencia y Tecnolog\u00eda y el Congreso Regional Escolar se realizaron con bastante \u00e9xito en la regi\u00f3n de Coquimbo, pero estas no son las \u00faltimas actividades que quedan para el a\u00f1o 2014. Una de las jornadas \u00edcono para la zona, es el Congreso de Ciencia y Tecnolog\u00eda para \u00a0P\u00e1rvulos, que este [&hellip;]","og_url":"https:\/\/dev.explora.cl\/coquimbo\/educadoras-ya-se-preparan-para-participar-del-v-congreso-de-ciencia-y-tecnologia-para-parvulos-2\/","og_site_name":"Coquimbo","article_published_time":"2014-10-29T04:00:00+00:00","article_modified_time":"2019-05-16T06:40:34+00:00","og_image":[{"width":350,"height":507,"url":"https:\/\/dev.explora.cl\/coquimbo\/wp-content\/uploads\/sites\/6\/2018\/06\/aa4b4d0e857780b3bff4a00e6e75e12c.jpg","type":"image\/jpeg"}],"author":"webman","twitter_card":"summary_large_image","twitter_misc":{"Escrito por":"webman","Tiempo estimado de lectura":"1 minuto"},"schema":{"@context":"https:\/\/schema.org","@graph":[{"@type":"Article","@id":"https:\/\/dev.explora.cl\/coquimbo\/educadoras-ya-se-preparan-para-participar-del-v-congreso-de-ciencia-y-tecnologia-para-parvulos-2\/#article","isPartOf":{"@id":"https:\/\/dev.explora.cl\/coquimbo\/educadoras-ya-se-preparan-para-participar-del-v-congreso-de-ciencia-y-tecnologia-para-parvulos-2\/"},"author":{"name":"webman","@id":"https:\/\/dev.explora.cl\/coquimbo\/#\/schema\/person\/cb8349c13ea2d324080adf8480d7ba5d"},"headline":"Educadoras ya se preparan para participar del V Congreso de Ciencia y Tecnolog\u00eda para P\u00e1rvulos","datePublished":"2014-10-29T04:00:00+00:00","dateModified":"2019-05-16T06:40:34+00:00","mainEntityOfPage":{"@id":"https:\/\/dev.explora.cl\/coquimbo\/educadoras-ya-se-preparan-para-participar-del-v-congreso-de-ciencia-y-tecnologia-para-parvulos-2\/"},"wordCount":234,"commentCount":0,"publisher":{"@id":"https:\/\/dev.explora.cl\/coquimbo\/#organization"},"image":{"@id":"https:\/\/dev.explora.cl\/coquimbo\/educadoras-ya-se-preparan-para-participar-del-v-congreso-de-ciencia-y-tecnologia-para-parvulos-2\/#primaryimage"},"thumbnailUrl":"https:\/\/dev.explora.cl\/coquimbo\/wp-content\/uploads\/sites\/6\/2018\/06\/aa4b4d0e857780b3bff4a00e6e75e12c.jpg","articleSection":["Noticias"],"inLanguage":"es-CL","potentialAction":[{"@type":"CommentAction","name":"Comment","target":["https:\/\/dev.explora.cl\/coquimbo\/educadoras-ya-se-preparan-para-participar-del-v-congreso-de-ciencia-y-tecnologia-para-parvulos-2\/#respond"]}]},{"@type":"WebPage","@id":"https:\/\/dev.explora.cl\/coquimbo\/educadoras-ya-se-preparan-para-participar-del-v-congreso-de-ciencia-y-tecnologia-para-parvulos-2\/","url":"https:\/\/dev.explora.cl\/coquimbo\/educadoras-ya-se-preparan-para-participar-del-v-congreso-de-ciencia-y-tecnologia-para-parvulos-2\/","name":"Educadoras ya se preparan para participar del V Congreso de Ciencia y Tecnolog\u00eda para P\u00e1rvulos - Coquimbo","isPartOf":{"@id":"https:\/\/dev.explora.cl\/coquimbo\/#website"},"primaryImageOfPage":{"@id":"https:\/\/dev.explora.cl\/coquimbo\/educadoras-ya-se-preparan-para-participar-del-v-congreso-de-ciencia-y-tecnologia-para-parvulos-2\/#primaryimage"},"image":{"@id":"https:\/\/dev.explora.cl\/coquimbo\/educadoras-ya-se-preparan-para-participar-del-v-congreso-de-ciencia-y-tecnologia-para-parvulos-2\/#primaryimage"},"thumbnailUrl":"https:\/\/dev.explora.cl\/coquimbo\/wp-content\/uploads\/sites\/6\/2018\/06\/aa4b4d0e857780b3bff4a00e6e75e12c.jpg","datePublished":"2014-10-29T04:00:00+00:00","dateModified":"2019-05-16T06:40:34+00:00","breadcrumb":{"@id":"https:\/\/dev.explora.cl\/coquimbo\/educadoras-ya-se-preparan-para-participar-del-v-congreso-de-ciencia-y-tecnologia-para-parvulos-2\/#breadcrumb"},"inLanguage":"es-CL","potentialAction":[{"@type":"ReadAction","target":["https:\/\/dev.explora.cl\/coquimbo\/educadoras-ya-se-preparan-para-participar-del-v-congreso-de-ciencia-y-tecnologia-para-parvulos-2\/"]}]},{"@type":"ImageObject","inLanguage":"es-CL","@id":"https:\/\/dev.explora.cl\/coquimbo\/educadoras-ya-se-preparan-para-participar-del-v-congreso-de-ciencia-y-tecnologia-para-parvulos-2\/#primaryimage","url":"https:\/\/dev.explora.cl\/coquimbo\/wp-content\/uploads\/sites\/6\/2018\/06\/aa4b4d0e857780b3bff4a00e6e75e12c.jpg","contentUrl":"https:\/\/dev.explora.cl\/coquimbo\/wp-content\/uploads\/sites\/6\/2018\/06\/aa4b4d0e857780b3bff4a00e6e75e12c.jpg","width":350,"height":507},{"@type":"BreadcrumbList","@id":"https:\/\/dev.explora.cl\/coquimbo\/educadoras-ya-se-preparan-para-participar-del-v-congreso-de-ciencia-y-tecnologia-para-parvulos-2\/#breadcrumb","itemListElement":[{"@type":"ListItem","position":1,"name":"Portada","item":"https:\/\/dev.explora.cl\/coquimbo\/"},{"@type":"ListItem","position":2,"name":"Educadoras ya se preparan para participar del V Congreso de Ciencia y Tecnolog\u00eda para P\u00e1rvulos"}]},{"@type":"WebSite","@id":"https:\/\/dev.explora.cl\/coquimbo\/#website","url":"https:\/\/dev.explora.cl\/coquimbo\/","name":"Coquimbo","description":"Otro sitio m\u00e1s de dev.explora.cl","publisher":{"@id":"https:\/\/dev.explora.cl\/coquimbo\/#organization"},"potentialAction":[{"@type":"SearchAction","target":{"@type":"EntryPoint","urlTemplate":"https:\/\/dev.explora.cl\/coquimbo\/?s={search_term_string}"},"query-input":{"@type":"PropertyValueSpecification","valueRequired":true,"valueName":"search_term_string"}}],"inLanguage":"es-CL"},{"@type":"Organization","@id":"https:\/\/dev.explora.cl\/coquimbo\/#organization","name":"Coquimbo","url":"https:\/\/dev.explora.cl\/coquimbo\/","logo":{"@type":"ImageObject","inLanguage":"es-CL","@id":"https:\/\/dev.explora.cl\/coquimbo\/#\/schema\/logo\/image\/","url":"https:\/\/dev.explora.cl\/coquimbo\/wp-content\/uploads\/sites\/6\/2020\/08\/cropped-Mesa-de-trabajo-1-100.jpg","contentUrl":"https:\/\/dev.explora.cl\/coquimbo\/wp-content\/uploads\/sites\/6\/2020\/08\/cropped-Mesa-de-trabajo-1-100.jpg","width":615,"height":576,"caption":"Coquimbo"},"image":{"@id":"https:\/\/dev.explora.cl\/coquimbo\/#\/schema\/logo\/image\/"}},{"@type":"Person","@id":"https:\/\/dev.explora.cl\/coquimbo\/#\/schema\/person\/cb8349c13ea2d324080adf8480d7ba5d","name":"webman","image":{"@type":"ImageObject","inLanguage":"es-CL","@id":"https:\/\/dev.explora.cl\/coquimbo\/#\/schema\/person\/image\/","url":"https:\/\/secure.gravatar.com\/avatar\/eeff3c82f2c02f7177d13663b7e6f890e9a6a0647ce9bb29cae02dcb094c7312?s=96&d=mm&r=g","contentUrl":"https:\/\/secure.gravatar.com\/avatar\/eeff3c82f2c02f7177d13663b7e6f890e9a6a0647ce9bb29cae02dcb094c7312?s=96&d=mm&r=g","caption":"webman"},"url":"https:\/\/dev.explora.cl\/coquimbo\/author\/webman\/"}]}},"_links":{"self":[{"href":"https:\/\/dev.explora.cl\/coquimbo\/wp-json\/wp\/v2\/posts\/37883","targetHints":{"allow":["GET"]}}],"collection":[{"href":"https:\/\/dev.explora.cl\/coquimbo\/wp-json\/wp\/v2\/posts"}],"about":[{"href":"https:\/\/dev.explora.cl\/coquimbo\/wp-json\/wp\/v2\/types\/post"}],"author":[{"embeddable":true,"href":"https:\/\/dev.explora.cl\/coquimbo\/wp-json\/wp\/v2\/users\/2"}],"replies":[{"embeddable":true,"href":"https:\/\/dev.explora.cl\/coquimbo\/wp-json\/wp\/v2\/comments?post=37883"}],"version-history":[{"count":1,"href":"https:\/\/dev.explora.cl\/coquimbo\/wp-json\/wp\/v2\/posts\/37883\/revisions"}],"predecessor-version":[{"id":39310,"href":"https:\/\/dev.explora.cl\/coquimbo\/wp-json\/wp\/v2\/posts\/37883\/revisions\/39310"}],"wp:featuredmedia":[{"embeddable":true,"href":"https:\/\/dev.explora.cl\/coquimbo\/wp-json\/wp\/v2\/media\/31960"}],"wp:attachment":[{"href":"https:\/\/dev.explora.cl\/coquimbo\/wp-json\/wp\/v2\/media?parent=37883"}],"wp:term":[{"taxonomy":"category","embeddable":true,"href":"https:\/\/dev.explora.cl\/coquimbo\/wp-json\/wp\/v2\/categories?post=37883"},{"taxonomy":"post_tag","embeddable":true,"href":"https:\/\/dev.explora.cl\/coquimbo\/wp-json\/wp\/v2\/tags?post=37883"}],"curies":[{"name":"wp","href":"https:\/\/api.w.org\/{rel}","templated":true}]}}