{"id":37866,"date":"2014-10-09T00:00:00","date_gmt":"2014-10-09T04:00:00","guid":{"rendered":"https:\/\/dev.explora.cl\/coquimbo\/blog\/2014\/10\/09\/cientos-de-estudiantes-participaron-del-dia-de-la-ciencia-en-mi-colegio-en-el-albert-einstein-de-la-serena\/"},"modified":"2019-05-16T06:40:42","modified_gmt":"2019-05-16T06:40:42","slug":"cientos-de-estudiantes-participaron-del-dia-de-la-ciencia-en-mi-colegio-en-el-albert-einstein-de-la-serena","status":"publish","type":"post","link":"https:\/\/dev.explora.cl\/coquimbo\/cientos-de-estudiantes-participaron-del-dia-de-la-ciencia-en-mi-colegio-en-el-albert-einstein-de-la-serena\/","title":{"rendered":"Cientos de estudiantes participaron del \u201cD\u00eda de la Ciencia en Mi Colegio\u201d, en el Albert Einstein de La Serena"},"content":{"rendered":"<p><img loading=\"lazy\" decoding=\"async\" class=\" size-full wp-image-6018\" src=\"http:\/\/ec2-34-218-253-251.us-west-2.compute.amazonaws.com\/wp-content\/uploads\/2014\/10\/9cb8dfd774cee31c9ec136ef59796c21.jpg\" alt=\"\" width=\"1600\" height=\"1200\" \/><\/p>\n<p>M\u00e1s de 600 estudiantes de los diferentes niveles de educaci\u00f3n, participaron en una nueva jornada del \u201cD\u00eda de la Ciencia en Mi Colegio\u201d, que esta vez se desarroll\u00f3 en el establecimiento educacional Albert Einstein, ubicado en La Serena.<\/p>\n<p>Fueron 28 los stands de estudiantes de 4to b\u00e1sico a 4to medio, quienes presentaron tem\u00e1ticas vinculadas a la biolog\u00eda, qu\u00edmica y f\u00edsica, como por ejemplo actividades que mostraban los tipos de sangre, el cuerpo humano, los \u00e1cidos bases, el magnetismo, la onda o la fuerza, entre otros t\u00f3picos.<\/p>\n<p>La profesora encargada de esta Feria, la docente de biolog\u00eda del colegio Albert Einstein, Elena Antol\u00edn Salazar, afirm\u00f3 que la gran participaci\u00f3n de los alumnos en los stands, se debe a un deseo propio por parte de los estudiantes \u201cesto naci\u00f3 por iniciativa propia de los alumnos. Ellos presentaron proyectos, se seleccionaron los trabajos m\u00e1s destacados y ahora est\u00e1n exponi\u00e9ndolos en la feria\u201d.<\/p>\n<p>El \u201cD\u00eda de la Ciencia en mi Colegio 2014\u201d es una \u00a0iniciativa enmarcada en la XX Semana Nacional de la Ciencia y la Tecnolog\u00eda EXPLORA CONICYT y \u00a0se desarrolla a lo largo del mes de octubre, donde cada colegio podr\u00e1 presentar una actividad de divulgaci\u00f3n de la ciencia y tecnolog\u00eda dentro del aula, desde y hacia los estudiantes.<\/p>\n","protected":false},"excerpt":{"rendered":"<p>M\u00e1s de 600 estudiantes de los diferentes niveles de educaci\u00f3n, participaron en una nueva jornada del \u201cD\u00eda de la Ciencia en Mi Colegio\u201d, que esta vez se desarroll\u00f3 en el establecimiento educacional Albert Einstein, ubicado en La Serena. Fueron 28 los stands de estudiantes de 4to b\u00e1sico a 4to medio, quienes presentaron tem\u00e1ticas vinculadas a [&hellip;]<\/p>\n","protected":false},"author":2,"featured_media":33778,"comment_status":"open","ping_status":"open","sticky":false,"template":"","format":"standard","meta":{"_acf_changed":false,"_exactmetrics_skip_tracking":false,"_exactmetrics_sitenote_active":false,"_exactmetrics_sitenote_note":"","_exactmetrics_sitenote_category":0,"footnotes":"","_links_to":"","_links_to_target":""},"categories":[4],"tags":[],"class_list":["post-37866","post","type-post","status-publish","format-standard","has-post-thumbnail","hentry","category-noticias"],"acf":[],"yoast_head":"<!-- This site is optimized with the Yoast SEO plugin v26.7 - https:\/\/yoast.com\/wordpress\/plugins\/seo\/ -->\n<title>Cientos de estudiantes participaron del \u201cD\u00eda de la Ciencia en Mi Colegio\u201d, en el Albert Einstein de La Serena - Coquimbo<\/title>\n<meta name=\"robots\" content=\"index, follow, max-snippet:-1, max-image-preview:large, max-video-preview:-1\" \/>\n<link rel=\"canonical\" href=\"https:\/\/dev.explora.cl\/coquimbo\/cientos-de-estudiantes-participaron-del-dia-de-la-ciencia-en-mi-colegio-en-el-albert-einstein-de-la-serena\/\" class=\"yoast-seo-meta-tag\" \/>\n<meta property=\"og:locale\" content=\"es_ES\" class=\"yoast-seo-meta-tag\" \/>\n<meta property=\"og:type\" content=\"article\" class=\"yoast-seo-meta-tag\" \/>\n<meta property=\"og:title\" content=\"Cientos de estudiantes participaron del \u201cD\u00eda de la Ciencia en Mi Colegio\u201d, en el Albert Einstein de La Serena - Coquimbo\" class=\"yoast-seo-meta-tag\" \/>\n<meta property=\"og:description\" content=\"M\u00e1s de 600 estudiantes de los diferentes niveles de educaci\u00f3n, participaron en una nueva jornada del \u201cD\u00eda de la Ciencia en Mi Colegio\u201d, que esta vez se desarroll\u00f3 en el establecimiento educacional Albert Einstein, ubicado en La Serena. Fueron 28 los stands de estudiantes de 4to b\u00e1sico a 4to medio, quienes presentaron tem\u00e1ticas vinculadas a [&hellip;]\" class=\"yoast-seo-meta-tag\" \/>\n<meta property=\"og:url\" content=\"https:\/\/dev.explora.cl\/coquimbo\/cientos-de-estudiantes-participaron-del-dia-de-la-ciencia-en-mi-colegio-en-el-albert-einstein-de-la-serena\/\" class=\"yoast-seo-meta-tag\" \/>\n<meta property=\"og:site_name\" content=\"Coquimbo\" class=\"yoast-seo-meta-tag\" \/>\n<meta property=\"article:published_time\" content=\"2014-10-09T04:00:00+00:00\" class=\"yoast-seo-meta-tag\" \/>\n<meta property=\"article:modified_time\" content=\"2019-05-16T06:40:42+00:00\" class=\"yoast-seo-meta-tag\" \/>\n<meta property=\"og:image\" content=\"https:\/\/dev.explora.cl\/coquimbo\/wp-content\/uploads\/sites\/6\/2018\/06\/9cb8dfd774cee31c9ec136ef59796c21.jpg\" class=\"yoast-seo-meta-tag\" \/>\n\t<meta property=\"og:image:width\" content=\"1600\" class=\"yoast-seo-meta-tag\" \/>\n\t<meta property=\"og:image:height\" content=\"1200\" class=\"yoast-seo-meta-tag\" \/>\n\t<meta property=\"og:image:type\" content=\"image\/jpeg\" class=\"yoast-seo-meta-tag\" \/>\n<meta name=\"author\" content=\"webman\" class=\"yoast-seo-meta-tag\" \/>\n<meta name=\"twitter:card\" content=\"summary_large_image\" class=\"yoast-seo-meta-tag\" \/>\n<meta name=\"twitter:label1\" content=\"Escrito por\" class=\"yoast-seo-meta-tag\" \/>\n\t<meta name=\"twitter:data1\" content=\"webman\" class=\"yoast-seo-meta-tag\" \/>\n\t<meta name=\"twitter:label2\" content=\"Tiempo estimado de lectura\" class=\"yoast-seo-meta-tag\" \/>\n\t<meta name=\"twitter:data2\" content=\"1 minuto\" class=\"yoast-seo-meta-tag\" \/>\n<script type=\"application\/ld+json\" class=\"yoast-schema-graph\">{\"@context\":\"https:\/\/schema.org\",\"@graph\":[{\"@type\":\"Article\",\"@id\":\"https:\/\/dev.explora.cl\/coquimbo\/cientos-de-estudiantes-participaron-del-dia-de-la-ciencia-en-mi-colegio-en-el-albert-einstein-de-la-serena\/#article\",\"isPartOf\":{\"@id\":\"https:\/\/dev.explora.cl\/coquimbo\/cientos-de-estudiantes-participaron-del-dia-de-la-ciencia-en-mi-colegio-en-el-albert-einstein-de-la-serena\/\"},\"author\":{\"name\":\"webman\",\"@id\":\"https:\/\/dev.explora.cl\/coquimbo\/#\/schema\/person\/cb8349c13ea2d324080adf8480d7ba5d\"},\"headline\":\"Cientos de estudiantes participaron del \u201cD\u00eda de la Ciencia en Mi Colegio\u201d, en el Albert Einstein de La Serena\",\"datePublished\":\"2014-10-09T04:00:00+00:00\",\"dateModified\":\"2019-05-16T06:40:42+00:00\",\"mainEntityOfPage\":{\"@id\":\"https:\/\/dev.explora.cl\/coquimbo\/cientos-de-estudiantes-participaron-del-dia-de-la-ciencia-en-mi-colegio-en-el-albert-einstein-de-la-serena\/\"},\"wordCount\":243,\"commentCount\":0,\"publisher\":{\"@id\":\"https:\/\/dev.explora.cl\/coquimbo\/#organization\"},\"image\":{\"@id\":\"https:\/\/dev.explora.cl\/coquimbo\/cientos-de-estudiantes-participaron-del-dia-de-la-ciencia-en-mi-colegio-en-el-albert-einstein-de-la-serena\/#primaryimage\"},\"thumbnailUrl\":\"https:\/\/dev.explora.cl\/coquimbo\/wp-content\/uploads\/sites\/6\/2018\/06\/9cb8dfd774cee31c9ec136ef59796c21.jpg\",\"articleSection\":[\"Noticias\"],\"inLanguage\":\"es-CL\",\"potentialAction\":[{\"@type\":\"CommentAction\",\"name\":\"Comment\",\"target\":[\"https:\/\/dev.explora.cl\/coquimbo\/cientos-de-estudiantes-participaron-del-dia-de-la-ciencia-en-mi-colegio-en-el-albert-einstein-de-la-serena\/#respond\"]}]},{\"@type\":\"WebPage\",\"@id\":\"https:\/\/dev.explora.cl\/coquimbo\/cientos-de-estudiantes-participaron-del-dia-de-la-ciencia-en-mi-colegio-en-el-albert-einstein-de-la-serena\/\",\"url\":\"https:\/\/dev.explora.cl\/coquimbo\/cientos-de-estudiantes-participaron-del-dia-de-la-ciencia-en-mi-colegio-en-el-albert-einstein-de-la-serena\/\",\"name\":\"Cientos de estudiantes participaron del \u201cD\u00eda de la Ciencia en Mi Colegio\u201d, en el Albert Einstein de La Serena - Coquimbo\",\"isPartOf\":{\"@id\":\"https:\/\/dev.explora.cl\/coquimbo\/#website\"},\"primaryImageOfPage\":{\"@id\":\"https:\/\/dev.explora.cl\/coquimbo\/cientos-de-estudiantes-participaron-del-dia-de-la-ciencia-en-mi-colegio-en-el-albert-einstein-de-la-serena\/#primaryimage\"},\"image\":{\"@id\":\"https:\/\/dev.explora.cl\/coquimbo\/cientos-de-estudiantes-participaron-del-dia-de-la-ciencia-en-mi-colegio-en-el-albert-einstein-de-la-serena\/#primaryimage\"},\"thumbnailUrl\":\"https:\/\/dev.explora.cl\/coquimbo\/wp-content\/uploads\/sites\/6\/2018\/06\/9cb8dfd774cee31c9ec136ef59796c21.jpg\",\"datePublished\":\"2014-10-09T04:00:00+00:00\",\"dateModified\":\"2019-05-16T06:40:42+00:00\",\"breadcrumb\":{\"@id\":\"https:\/\/dev.explora.cl\/coquimbo\/cientos-de-estudiantes-participaron-del-dia-de-la-ciencia-en-mi-colegio-en-el-albert-einstein-de-la-serena\/#breadcrumb\"},\"inLanguage\":\"es-CL\",\"potentialAction\":[{\"@type\":\"ReadAction\",\"target\":[\"https:\/\/dev.explora.cl\/coquimbo\/cientos-de-estudiantes-participaron-del-dia-de-la-ciencia-en-mi-colegio-en-el-albert-einstein-de-la-serena\/\"]}]},{\"@type\":\"ImageObject\",\"inLanguage\":\"es-CL\",\"@id\":\"https:\/\/dev.explora.cl\/coquimbo\/cientos-de-estudiantes-participaron-del-dia-de-la-ciencia-en-mi-colegio-en-el-albert-einstein-de-la-serena\/#primaryimage\",\"url\":\"https:\/\/dev.explora.cl\/coquimbo\/wp-content\/uploads\/sites\/6\/2018\/06\/9cb8dfd774cee31c9ec136ef59796c21.jpg\",\"contentUrl\":\"https:\/\/dev.explora.cl\/coquimbo\/wp-content\/uploads\/sites\/6\/2018\/06\/9cb8dfd774cee31c9ec136ef59796c21.jpg\",\"width\":1600,\"height\":1200},{\"@type\":\"BreadcrumbList\",\"@id\":\"https:\/\/dev.explora.cl\/coquimbo\/cientos-de-estudiantes-participaron-del-dia-de-la-ciencia-en-mi-colegio-en-el-albert-einstein-de-la-serena\/#breadcrumb\",\"itemListElement\":[{\"@type\":\"ListItem\",\"position\":1,\"name\":\"Portada\",\"item\":\"https:\/\/dev.explora.cl\/coquimbo\/\"},{\"@type\":\"ListItem\",\"position\":2,\"name\":\"Cientos de estudiantes participaron del \u201cD\u00eda de la Ciencia en Mi Colegio\u201d, en el Albert Einstein de La Serena\"}]},{\"@type\":\"WebSite\",\"@id\":\"https:\/\/dev.explora.cl\/coquimbo\/#website\",\"url\":\"https:\/\/dev.explora.cl\/coquimbo\/\",\"name\":\"Coquimbo\",\"description\":\"Otro sitio m\u00e1s de dev.explora.cl\",\"publisher\":{\"@id\":\"https:\/\/dev.explora.cl\/coquimbo\/#organization\"},\"potentialAction\":[{\"@type\":\"SearchAction\",\"target\":{\"@type\":\"EntryPoint\",\"urlTemplate\":\"https:\/\/dev.explora.cl\/coquimbo\/?s={search_term_string}\"},\"query-input\":{\"@type\":\"PropertyValueSpecification\",\"valueRequired\":true,\"valueName\":\"search_term_string\"}}],\"inLanguage\":\"es-CL\"},{\"@type\":\"Organization\",\"@id\":\"https:\/\/dev.explora.cl\/coquimbo\/#organization\",\"name\":\"Coquimbo\",\"url\":\"https:\/\/dev.explora.cl\/coquimbo\/\",\"logo\":{\"@type\":\"ImageObject\",\"inLanguage\":\"es-CL\",\"@id\":\"https:\/\/dev.explora.cl\/coquimbo\/#\/schema\/logo\/image\/\",\"url\":\"https:\/\/dev.explora.cl\/coquimbo\/wp-content\/uploads\/sites\/6\/2020\/08\/cropped-Mesa-de-trabajo-1-100.jpg\",\"contentUrl\":\"https:\/\/dev.explora.cl\/coquimbo\/wp-content\/uploads\/sites\/6\/2020\/08\/cropped-Mesa-de-trabajo-1-100.jpg\",\"width\":615,\"height\":576,\"caption\":\"Coquimbo\"},\"image\":{\"@id\":\"https:\/\/dev.explora.cl\/coquimbo\/#\/schema\/logo\/image\/\"}},{\"@type\":\"Person\",\"@id\":\"https:\/\/dev.explora.cl\/coquimbo\/#\/schema\/person\/cb8349c13ea2d324080adf8480d7ba5d\",\"name\":\"webman\",\"image\":{\"@type\":\"ImageObject\",\"inLanguage\":\"es-CL\",\"@id\":\"https:\/\/dev.explora.cl\/coquimbo\/#\/schema\/person\/image\/\",\"url\":\"https:\/\/secure.gravatar.com\/avatar\/eeff3c82f2c02f7177d13663b7e6f890e9a6a0647ce9bb29cae02dcb094c7312?s=96&d=mm&r=g\",\"contentUrl\":\"https:\/\/secure.gravatar.com\/avatar\/eeff3c82f2c02f7177d13663b7e6f890e9a6a0647ce9bb29cae02dcb094c7312?s=96&d=mm&r=g\",\"caption\":\"webman\"},\"url\":\"https:\/\/dev.explora.cl\/coquimbo\/author\/webman\/\"}]}<\/script>\n<!-- \/ Yoast SEO plugin. -->","yoast_head_json":{"title":"Cientos de estudiantes participaron del \u201cD\u00eda de la Ciencia en Mi Colegio\u201d, en el Albert Einstein de La Serena - Coquimbo","robots":{"index":"index","follow":"follow","max-snippet":"max-snippet:-1","max-image-preview":"max-image-preview:large","max-video-preview":"max-video-preview:-1"},"canonical":"https:\/\/dev.explora.cl\/coquimbo\/cientos-de-estudiantes-participaron-del-dia-de-la-ciencia-en-mi-colegio-en-el-albert-einstein-de-la-serena\/","og_locale":"es_ES","og_type":"article","og_title":"Cientos de estudiantes participaron del \u201cD\u00eda de la Ciencia en Mi Colegio\u201d, en el Albert Einstein de La Serena - Coquimbo","og_description":"M\u00e1s de 600 estudiantes de los diferentes niveles de educaci\u00f3n, participaron en una nueva jornada del \u201cD\u00eda de la Ciencia en Mi Colegio\u201d, que esta vez se desarroll\u00f3 en el establecimiento educacional Albert Einstein, ubicado en La Serena. Fueron 28 los stands de estudiantes de 4to b\u00e1sico a 4to medio, quienes presentaron tem\u00e1ticas vinculadas a [&hellip;]","og_url":"https:\/\/dev.explora.cl\/coquimbo\/cientos-de-estudiantes-participaron-del-dia-de-la-ciencia-en-mi-colegio-en-el-albert-einstein-de-la-serena\/","og_site_name":"Coquimbo","article_published_time":"2014-10-09T04:00:00+00:00","article_modified_time":"2019-05-16T06:40:42+00:00","og_image":[{"width":1600,"height":1200,"url":"https:\/\/dev.explora.cl\/coquimbo\/wp-content\/uploads\/sites\/6\/2018\/06\/9cb8dfd774cee31c9ec136ef59796c21.jpg","type":"image\/jpeg"}],"author":"webman","twitter_card":"summary_large_image","twitter_misc":{"Escrito por":"webman","Tiempo estimado de lectura":"1 minuto"},"schema":{"@context":"https:\/\/schema.org","@graph":[{"@type":"Article","@id":"https:\/\/dev.explora.cl\/coquimbo\/cientos-de-estudiantes-participaron-del-dia-de-la-ciencia-en-mi-colegio-en-el-albert-einstein-de-la-serena\/#article","isPartOf":{"@id":"https:\/\/dev.explora.cl\/coquimbo\/cientos-de-estudiantes-participaron-del-dia-de-la-ciencia-en-mi-colegio-en-el-albert-einstein-de-la-serena\/"},"author":{"name":"webman","@id":"https:\/\/dev.explora.cl\/coquimbo\/#\/schema\/person\/cb8349c13ea2d324080adf8480d7ba5d"},"headline":"Cientos de estudiantes participaron del \u201cD\u00eda de la Ciencia en Mi Colegio\u201d, en el Albert Einstein de La Serena","datePublished":"2014-10-09T04:00:00+00:00","dateModified":"2019-05-16T06:40:42+00:00","mainEntityOfPage":{"@id":"https:\/\/dev.explora.cl\/coquimbo\/cientos-de-estudiantes-participaron-del-dia-de-la-ciencia-en-mi-colegio-en-el-albert-einstein-de-la-serena\/"},"wordCount":243,"commentCount":0,"publisher":{"@id":"https:\/\/dev.explora.cl\/coquimbo\/#organization"},"image":{"@id":"https:\/\/dev.explora.cl\/coquimbo\/cientos-de-estudiantes-participaron-del-dia-de-la-ciencia-en-mi-colegio-en-el-albert-einstein-de-la-serena\/#primaryimage"},"thumbnailUrl":"https:\/\/dev.explora.cl\/coquimbo\/wp-content\/uploads\/sites\/6\/2018\/06\/9cb8dfd774cee31c9ec136ef59796c21.jpg","articleSection":["Noticias"],"inLanguage":"es-CL","potentialAction":[{"@type":"CommentAction","name":"Comment","target":["https:\/\/dev.explora.cl\/coquimbo\/cientos-de-estudiantes-participaron-del-dia-de-la-ciencia-en-mi-colegio-en-el-albert-einstein-de-la-serena\/#respond"]}]},{"@type":"WebPage","@id":"https:\/\/dev.explora.cl\/coquimbo\/cientos-de-estudiantes-participaron-del-dia-de-la-ciencia-en-mi-colegio-en-el-albert-einstein-de-la-serena\/","url":"https:\/\/dev.explora.cl\/coquimbo\/cientos-de-estudiantes-participaron-del-dia-de-la-ciencia-en-mi-colegio-en-el-albert-einstein-de-la-serena\/","name":"Cientos de estudiantes participaron del \u201cD\u00eda de la Ciencia en Mi Colegio\u201d, en el Albert Einstein de La Serena - Coquimbo","isPartOf":{"@id":"https:\/\/dev.explora.cl\/coquimbo\/#website"},"primaryImageOfPage":{"@id":"https:\/\/dev.explora.cl\/coquimbo\/cientos-de-estudiantes-participaron-del-dia-de-la-ciencia-en-mi-colegio-en-el-albert-einstein-de-la-serena\/#primaryimage"},"image":{"@id":"https:\/\/dev.explora.cl\/coquimbo\/cientos-de-estudiantes-participaron-del-dia-de-la-ciencia-en-mi-colegio-en-el-albert-einstein-de-la-serena\/#primaryimage"},"thumbnailUrl":"https:\/\/dev.explora.cl\/coquimbo\/wp-content\/uploads\/sites\/6\/2018\/06\/9cb8dfd774cee31c9ec136ef59796c21.jpg","datePublished":"2014-10-09T04:00:00+00:00","dateModified":"2019-05-16T06:40:42+00:00","breadcrumb":{"@id":"https:\/\/dev.explora.cl\/coquimbo\/cientos-de-estudiantes-participaron-del-dia-de-la-ciencia-en-mi-colegio-en-el-albert-einstein-de-la-serena\/#breadcrumb"},"inLanguage":"es-CL","potentialAction":[{"@type":"ReadAction","target":["https:\/\/dev.explora.cl\/coquimbo\/cientos-de-estudiantes-participaron-del-dia-de-la-ciencia-en-mi-colegio-en-el-albert-einstein-de-la-serena\/"]}]},{"@type":"ImageObject","inLanguage":"es-CL","@id":"https:\/\/dev.explora.cl\/coquimbo\/cientos-de-estudiantes-participaron-del-dia-de-la-ciencia-en-mi-colegio-en-el-albert-einstein-de-la-serena\/#primaryimage","url":"https:\/\/dev.explora.cl\/coquimbo\/wp-content\/uploads\/sites\/6\/2018\/06\/9cb8dfd774cee31c9ec136ef59796c21.jpg","contentUrl":"https:\/\/dev.explora.cl\/coquimbo\/wp-content\/uploads\/sites\/6\/2018\/06\/9cb8dfd774cee31c9ec136ef59796c21.jpg","width":1600,"height":1200},{"@type":"BreadcrumbList","@id":"https:\/\/dev.explora.cl\/coquimbo\/cientos-de-estudiantes-participaron-del-dia-de-la-ciencia-en-mi-colegio-en-el-albert-einstein-de-la-serena\/#breadcrumb","itemListElement":[{"@type":"ListItem","position":1,"name":"Portada","item":"https:\/\/dev.explora.cl\/coquimbo\/"},{"@type":"ListItem","position":2,"name":"Cientos de estudiantes participaron del \u201cD\u00eda de la Ciencia en Mi Colegio\u201d, en el Albert Einstein de La Serena"}]},{"@type":"WebSite","@id":"https:\/\/dev.explora.cl\/coquimbo\/#website","url":"https:\/\/dev.explora.cl\/coquimbo\/","name":"Coquimbo","description":"Otro sitio m\u00e1s de dev.explora.cl","publisher":{"@id":"https:\/\/dev.explora.cl\/coquimbo\/#organization"},"potentialAction":[{"@type":"SearchAction","target":{"@type":"EntryPoint","urlTemplate":"https:\/\/dev.explora.cl\/coquimbo\/?s={search_term_string}"},"query-input":{"@type":"PropertyValueSpecification","valueRequired":true,"valueName":"search_term_string"}}],"inLanguage":"es-CL"},{"@type":"Organization","@id":"https:\/\/dev.explora.cl\/coquimbo\/#organization","name":"Coquimbo","url":"https:\/\/dev.explora.cl\/coquimbo\/","logo":{"@type":"ImageObject","inLanguage":"es-CL","@id":"https:\/\/dev.explora.cl\/coquimbo\/#\/schema\/logo\/image\/","url":"https:\/\/dev.explora.cl\/coquimbo\/wp-content\/uploads\/sites\/6\/2020\/08\/cropped-Mesa-de-trabajo-1-100.jpg","contentUrl":"https:\/\/dev.explora.cl\/coquimbo\/wp-content\/uploads\/sites\/6\/2020\/08\/cropped-Mesa-de-trabajo-1-100.jpg","width":615,"height":576,"caption":"Coquimbo"},"image":{"@id":"https:\/\/dev.explora.cl\/coquimbo\/#\/schema\/logo\/image\/"}},{"@type":"Person","@id":"https:\/\/dev.explora.cl\/coquimbo\/#\/schema\/person\/cb8349c13ea2d324080adf8480d7ba5d","name":"webman","image":{"@type":"ImageObject","inLanguage":"es-CL","@id":"https:\/\/dev.explora.cl\/coquimbo\/#\/schema\/person\/image\/","url":"https:\/\/secure.gravatar.com\/avatar\/eeff3c82f2c02f7177d13663b7e6f890e9a6a0647ce9bb29cae02dcb094c7312?s=96&d=mm&r=g","contentUrl":"https:\/\/secure.gravatar.com\/avatar\/eeff3c82f2c02f7177d13663b7e6f890e9a6a0647ce9bb29cae02dcb094c7312?s=96&d=mm&r=g","caption":"webman"},"url":"https:\/\/dev.explora.cl\/coquimbo\/author\/webman\/"}]}},"_links":{"self":[{"href":"https:\/\/dev.explora.cl\/coquimbo\/wp-json\/wp\/v2\/posts\/37866","targetHints":{"allow":["GET"]}}],"collection":[{"href":"https:\/\/dev.explora.cl\/coquimbo\/wp-json\/wp\/v2\/posts"}],"about":[{"href":"https:\/\/dev.explora.cl\/coquimbo\/wp-json\/wp\/v2\/types\/post"}],"author":[{"embeddable":true,"href":"https:\/\/dev.explora.cl\/coquimbo\/wp-json\/wp\/v2\/users\/2"}],"replies":[{"embeddable":true,"href":"https:\/\/dev.explora.cl\/coquimbo\/wp-json\/wp\/v2\/comments?post=37866"}],"version-history":[{"count":1,"href":"https:\/\/dev.explora.cl\/coquimbo\/wp-json\/wp\/v2\/posts\/37866\/revisions"}],"predecessor-version":[{"id":39326,"href":"https:\/\/dev.explora.cl\/coquimbo\/wp-json\/wp\/v2\/posts\/37866\/revisions\/39326"}],"wp:featuredmedia":[{"embeddable":true,"href":"https:\/\/dev.explora.cl\/coquimbo\/wp-json\/wp\/v2\/media\/33778"}],"wp:attachment":[{"href":"https:\/\/dev.explora.cl\/coquimbo\/wp-json\/wp\/v2\/media?parent=37866"}],"wp:term":[{"taxonomy":"category","embeddable":true,"href":"https:\/\/dev.explora.cl\/coquimbo\/wp-json\/wp\/v2\/categories?post=37866"},{"taxonomy":"post_tag","embeddable":true,"href":"https:\/\/dev.explora.cl\/coquimbo\/wp-json\/wp\/v2\/tags?post=37866"}],"curies":[{"name":"wp","href":"https:\/\/api.w.org\/{rel}","templated":true}]}}