{"id":37856,"date":"2014-09-26T00:00:00","date_gmt":"2014-09-26T04:00:00","guid":{"rendered":"https:\/\/dev.explora.cl\/coquimbo\/iniciativa-realizada-por-el-nucleo-milenio-intervencion-psicologica-y-cambio-en-depresion-de-la-pontificia-universidad-catolica-en-conjunto-con-el-par-explora-coquimbo-pretendio-entregarle-nuevas-herr\/"},"modified":"2019-05-16T06:41:04","modified_gmt":"2019-05-16T06:41:04","slug":"iniciativa-realizada-por-el-nucleo-milenio-intervencion-psicologica-y-cambio-en-depresion-de-la-pontificia-universidad-catolica-en-conjunto-con-el-par-explora-coquimbo-pretendio-entregarle-nuevas-herr","status":"publish","type":"post","link":"https:\/\/dev.explora.cl\/coquimbo\/iniciativa-realizada-por-el-nucleo-milenio-intervencion-psicologica-y-cambio-en-depresion-de-la-pontificia-universidad-catolica-en-conjunto-con-el-par-explora-coquimbo-pretendio-entregarle-nuevas-herr\/","title":{"rendered":"Profesores de la regi\u00f3n participan de taller que busca mejorar habilidades para detectar la depresi\u00f3n en sus alumnos"},"content":{"rendered":"<p><img loading=\"lazy\" decoding=\"async\" class=\" size-full wp-image-5677\" src=\"http:\/\/ec2-34-218-253-251.us-west-2.compute.amazonaws.com\/wp-content\/uploads\/2014\/09\/11cd1ea45dca98357889a7571da09df4.jpg\" alt=\"\" width=\"1600\" height=\"1200\" \/><\/p>\n<p>La depresi\u00f3n es una de las enfermedades con mayor penetraci\u00f3n en el mundo moderno y con una gran influencia en los estudiantes, que muchas veces se ven expuestos a la competencia con sus pares, frustraciones propias de su edad o ser v\u00edctimas de maltratos. Detectar de forma inmediata estos indicios puede ser beneficioso a la hora de disminuir\u00a0 sus consecuencias futuras.<\/p>\n<p>Como una forma de mejorar las habilidades en la detecci\u00f3n y prevenci\u00f3n de casos de depresi\u00f3n en alumnos y alumnas, es que el N\u00facleo Milenio Intervenci\u00f3n Psicol\u00f3gica y Cambio en Depresi\u00f3n de la Pontificia Universidad Cat\u00f3lica, en conjunto con el PAR EXPLORA Coquimbo, realizaron un taller a docentes y profesionales vinculados al mundo educacional de la regi\u00f3n.<\/p>\n<p>En dependencias de la Universidad Cat\u00f3lica del Norte, m\u00e1s de cuarenta profesionales del \u00e1rea de la docencia, piscolog\u00eda y otros rubros, participaron de esta iniciativa dirigida por Daniel Espinosa, Psic\u00f3logo de la Universidad de Antioquia y Fil\u00f3sofo de la Universidad Pontificia Bolivariana de Colombia, e investigador del N\u00facleo Milenio.<\/p>\n<p>En el Taller Depresi\u00f3n en Adolescentes, \u00bfqu\u00e9 pueden hacer los colegios?&#8221;, se abordaron contenidos como epidemiolog\u00eda, factores de riesgo, sospecha cl\u00ednica, diagn\u00f3stico integral, manejo cl\u00ednico, entre otros variables y dudas que surg\u00edan de los participantes.<\/p>\n<p>Frente a estos talleres, el expositor Daniel Espinosa afirm\u00f3 que \u201cla idea de estos talleres es compartir con los docentes alguna informaci\u00f3n de la depresi\u00f3n, c\u00f3mo identificarla desde el aula y que sean mediadores para que los adolescentes puedan llegar a los servicios de salud y recibir el tratamiento necesario\u201d.<\/p>\n<p>Profesionales de diversas zonas de la regi\u00f3n de Coquimbo se hicieron parte de esta iniciativa y valoraron poder participar en el taller.<\/p>\n<p>Al respecto Eliana G\u00f3mez, directora de la escuela Lucila Godoy Alcayaga de La Cantera, afirm\u00f3 que \u201cla actividad me pareci\u00f3 excelente, ya que es un tema muy bueno para trabajar con los profesores. Yo trabajo en una escuela municipalizada, con alumnos de escasos recursos y que generalmente el no tener las cosas que otros ni\u00f1os tienen en la parte econ\u00f3mica, hace que ellos se depriman, entonces nosotros estamos ah\u00ed para apoyarlos, por lo cual este taller ha sido muy beneficioso\u201d.<\/p>\n<p>Durante el d\u00eda viernes los profesionales del N\u00facleo Milenio Intervenci\u00f3n Psicol\u00f3gica y Cambio en Depresi\u00f3n de la Pontificia Universidad Cat\u00f3lica, en conjunto con el PAR EXPLORA Coquimbo, realizaron un taller dirigido a diferentes alumnos y alumnas de la regi\u00f3n, como una forma para abordar la t\u00e9cnica de resoluci\u00f3n de problemas al interior de establecimientos educacionales.<\/p>\n<p>Para m\u00e1s informaci\u00f3n visite el sitio web \u00a0<a href=\"http:\/\/www.depresionenadolescentes.cl\">www.depresionenadolescentes.cl<\/a><\/p>\n","protected":false},"excerpt":{"rendered":"<p>La depresi\u00f3n es una de las enfermedades con mayor penetraci\u00f3n en el mundo moderno y con una gran influencia en los estudiantes, que muchas veces se ven expuestos a la competencia con sus pares, frustraciones propias de su edad o ser v\u00edctimas de maltratos. Detectar de forma inmediata estos indicios puede ser beneficioso a la [&hellip;]<\/p>\n","protected":false},"author":2,"featured_media":33773,"comment_status":"open","ping_status":"open","sticky":false,"template":"","format":"standard","meta":{"_acf_changed":false,"_exactmetrics_skip_tracking":false,"_exactmetrics_sitenote_active":false,"_exactmetrics_sitenote_note":"","_exactmetrics_sitenote_category":0,"footnotes":"","_links_to":"","_links_to_target":""},"categories":[4],"tags":[],"class_list":["post-37856","post","type-post","status-publish","format-standard","has-post-thumbnail","hentry","category-noticias"],"acf":[],"yoast_head":"<!-- This site is optimized with the Yoast SEO plugin v26.7 - https:\/\/yoast.com\/wordpress\/plugins\/seo\/ -->\n<title>Profesores de la regi\u00f3n participan de taller que busca mejorar habilidades para detectar la depresi\u00f3n en sus alumnos - Coquimbo<\/title>\n<meta name=\"robots\" content=\"index, follow, max-snippet:-1, max-image-preview:large, max-video-preview:-1\" \/>\n<link rel=\"canonical\" href=\"https:\/\/dev.explora.cl\/coquimbo\/iniciativa-realizada-por-el-nucleo-milenio-intervencion-psicologica-y-cambio-en-depresion-de-la-pontificia-universidad-catolica-en-conjunto-con-el-par-explora-coquimbo-pretendio-entregarle-nuevas-herr\/\" class=\"yoast-seo-meta-tag\" \/>\n<meta property=\"og:locale\" content=\"es_ES\" class=\"yoast-seo-meta-tag\" \/>\n<meta property=\"og:type\" content=\"article\" class=\"yoast-seo-meta-tag\" \/>\n<meta property=\"og:title\" content=\"Profesores de la regi\u00f3n participan de taller que busca mejorar habilidades para detectar la depresi\u00f3n en sus alumnos - Coquimbo\" class=\"yoast-seo-meta-tag\" \/>\n<meta property=\"og:description\" content=\"La depresi\u00f3n es una de las enfermedades con mayor penetraci\u00f3n en el mundo moderno y con una gran influencia en los estudiantes, que muchas veces se ven expuestos a la competencia con sus pares, frustraciones propias de su edad o ser v\u00edctimas de maltratos. Detectar de forma inmediata estos indicios puede ser beneficioso a la [&hellip;]\" class=\"yoast-seo-meta-tag\" \/>\n<meta property=\"og:url\" content=\"https:\/\/dev.explora.cl\/coquimbo\/iniciativa-realizada-por-el-nucleo-milenio-intervencion-psicologica-y-cambio-en-depresion-de-la-pontificia-universidad-catolica-en-conjunto-con-el-par-explora-coquimbo-pretendio-entregarle-nuevas-herr\/\" class=\"yoast-seo-meta-tag\" \/>\n<meta property=\"og:site_name\" content=\"Coquimbo\" class=\"yoast-seo-meta-tag\" \/>\n<meta property=\"article:published_time\" content=\"2014-09-26T04:00:00+00:00\" class=\"yoast-seo-meta-tag\" \/>\n<meta property=\"article:modified_time\" content=\"2019-05-16T06:41:04+00:00\" class=\"yoast-seo-meta-tag\" \/>\n<meta property=\"og:image\" content=\"https:\/\/dev.explora.cl\/coquimbo\/wp-content\/uploads\/sites\/6\/2018\/06\/11cd1ea45dca98357889a7571da09df4.jpg\" class=\"yoast-seo-meta-tag\" \/>\n\t<meta property=\"og:image:width\" content=\"1600\" class=\"yoast-seo-meta-tag\" \/>\n\t<meta property=\"og:image:height\" content=\"1200\" class=\"yoast-seo-meta-tag\" \/>\n\t<meta property=\"og:image:type\" content=\"image\/jpeg\" class=\"yoast-seo-meta-tag\" \/>\n<meta name=\"author\" content=\"webman\" class=\"yoast-seo-meta-tag\" \/>\n<meta name=\"twitter:card\" content=\"summary_large_image\" class=\"yoast-seo-meta-tag\" \/>\n<meta name=\"twitter:label1\" content=\"Escrito por\" class=\"yoast-seo-meta-tag\" \/>\n\t<meta name=\"twitter:data1\" content=\"webman\" class=\"yoast-seo-meta-tag\" \/>\n\t<meta name=\"twitter:label2\" content=\"Tiempo estimado de lectura\" class=\"yoast-seo-meta-tag\" \/>\n\t<meta name=\"twitter:data2\" content=\"2 minutos\" class=\"yoast-seo-meta-tag\" \/>\n<script type=\"application\/ld+json\" class=\"yoast-schema-graph\">{\"@context\":\"https:\/\/schema.org\",\"@graph\":[{\"@type\":\"Article\",\"@id\":\"https:\/\/dev.explora.cl\/coquimbo\/iniciativa-realizada-por-el-nucleo-milenio-intervencion-psicologica-y-cambio-en-depresion-de-la-pontificia-universidad-catolica-en-conjunto-con-el-par-explora-coquimbo-pretendio-entregarle-nuevas-herr\/#article\",\"isPartOf\":{\"@id\":\"https:\/\/dev.explora.cl\/coquimbo\/iniciativa-realizada-por-el-nucleo-milenio-intervencion-psicologica-y-cambio-en-depresion-de-la-pontificia-universidad-catolica-en-conjunto-con-el-par-explora-coquimbo-pretendio-entregarle-nuevas-herr\/\"},\"author\":{\"name\":\"webman\",\"@id\":\"https:\/\/dev.explora.cl\/coquimbo\/#\/schema\/person\/cb8349c13ea2d324080adf8480d7ba5d\"},\"headline\":\"Profesores de la regi\u00f3n participan de taller que busca mejorar habilidades para detectar la depresi\u00f3n en sus alumnos\",\"datePublished\":\"2014-09-26T04:00:00+00:00\",\"dateModified\":\"2019-05-16T06:41:04+00:00\",\"mainEntityOfPage\":{\"@id\":\"https:\/\/dev.explora.cl\/coquimbo\/iniciativa-realizada-por-el-nucleo-milenio-intervencion-psicologica-y-cambio-en-depresion-de-la-pontificia-universidad-catolica-en-conjunto-con-el-par-explora-coquimbo-pretendio-entregarle-nuevas-herr\/\"},\"wordCount\":481,\"commentCount\":0,\"publisher\":{\"@id\":\"https:\/\/dev.explora.cl\/coquimbo\/#organization\"},\"image\":{\"@id\":\"https:\/\/dev.explora.cl\/coquimbo\/iniciativa-realizada-por-el-nucleo-milenio-intervencion-psicologica-y-cambio-en-depresion-de-la-pontificia-universidad-catolica-en-conjunto-con-el-par-explora-coquimbo-pretendio-entregarle-nuevas-herr\/#primaryimage\"},\"thumbnailUrl\":\"https:\/\/dev.explora.cl\/coquimbo\/wp-content\/uploads\/sites\/6\/2018\/06\/11cd1ea45dca98357889a7571da09df4.jpg\",\"articleSection\":[\"Noticias\"],\"inLanguage\":\"es-CL\",\"potentialAction\":[{\"@type\":\"CommentAction\",\"name\":\"Comment\",\"target\":[\"https:\/\/dev.explora.cl\/coquimbo\/iniciativa-realizada-por-el-nucleo-milenio-intervencion-psicologica-y-cambio-en-depresion-de-la-pontificia-universidad-catolica-en-conjunto-con-el-par-explora-coquimbo-pretendio-entregarle-nuevas-herr\/#respond\"]}]},{\"@type\":\"WebPage\",\"@id\":\"https:\/\/dev.explora.cl\/coquimbo\/iniciativa-realizada-por-el-nucleo-milenio-intervencion-psicologica-y-cambio-en-depresion-de-la-pontificia-universidad-catolica-en-conjunto-con-el-par-explora-coquimbo-pretendio-entregarle-nuevas-herr\/\",\"url\":\"https:\/\/dev.explora.cl\/coquimbo\/iniciativa-realizada-por-el-nucleo-milenio-intervencion-psicologica-y-cambio-en-depresion-de-la-pontificia-universidad-catolica-en-conjunto-con-el-par-explora-coquimbo-pretendio-entregarle-nuevas-herr\/\",\"name\":\"Profesores de la regi\u00f3n participan de taller que busca mejorar habilidades para detectar la depresi\u00f3n en sus alumnos - Coquimbo\",\"isPartOf\":{\"@id\":\"https:\/\/dev.explora.cl\/coquimbo\/#website\"},\"primaryImageOfPage\":{\"@id\":\"https:\/\/dev.explora.cl\/coquimbo\/iniciativa-realizada-por-el-nucleo-milenio-intervencion-psicologica-y-cambio-en-depresion-de-la-pontificia-universidad-catolica-en-conjunto-con-el-par-explora-coquimbo-pretendio-entregarle-nuevas-herr\/#primaryimage\"},\"image\":{\"@id\":\"https:\/\/dev.explora.cl\/coquimbo\/iniciativa-realizada-por-el-nucleo-milenio-intervencion-psicologica-y-cambio-en-depresion-de-la-pontificia-universidad-catolica-en-conjunto-con-el-par-explora-coquimbo-pretendio-entregarle-nuevas-herr\/#primaryimage\"},\"thumbnailUrl\":\"https:\/\/dev.explora.cl\/coquimbo\/wp-content\/uploads\/sites\/6\/2018\/06\/11cd1ea45dca98357889a7571da09df4.jpg\",\"datePublished\":\"2014-09-26T04:00:00+00:00\",\"dateModified\":\"2019-05-16T06:41:04+00:00\",\"breadcrumb\":{\"@id\":\"https:\/\/dev.explora.cl\/coquimbo\/iniciativa-realizada-por-el-nucleo-milenio-intervencion-psicologica-y-cambio-en-depresion-de-la-pontificia-universidad-catolica-en-conjunto-con-el-par-explora-coquimbo-pretendio-entregarle-nuevas-herr\/#breadcrumb\"},\"inLanguage\":\"es-CL\",\"potentialAction\":[{\"@type\":\"ReadAction\",\"target\":[\"https:\/\/dev.explora.cl\/coquimbo\/iniciativa-realizada-por-el-nucleo-milenio-intervencion-psicologica-y-cambio-en-depresion-de-la-pontificia-universidad-catolica-en-conjunto-con-el-par-explora-coquimbo-pretendio-entregarle-nuevas-herr\/\"]}]},{\"@type\":\"ImageObject\",\"inLanguage\":\"es-CL\",\"@id\":\"https:\/\/dev.explora.cl\/coquimbo\/iniciativa-realizada-por-el-nucleo-milenio-intervencion-psicologica-y-cambio-en-depresion-de-la-pontificia-universidad-catolica-en-conjunto-con-el-par-explora-coquimbo-pretendio-entregarle-nuevas-herr\/#primaryimage\",\"url\":\"https:\/\/dev.explora.cl\/coquimbo\/wp-content\/uploads\/sites\/6\/2018\/06\/11cd1ea45dca98357889a7571da09df4.jpg\",\"contentUrl\":\"https:\/\/dev.explora.cl\/coquimbo\/wp-content\/uploads\/sites\/6\/2018\/06\/11cd1ea45dca98357889a7571da09df4.jpg\",\"width\":1600,\"height\":1200},{\"@type\":\"BreadcrumbList\",\"@id\":\"https:\/\/dev.explora.cl\/coquimbo\/iniciativa-realizada-por-el-nucleo-milenio-intervencion-psicologica-y-cambio-en-depresion-de-la-pontificia-universidad-catolica-en-conjunto-con-el-par-explora-coquimbo-pretendio-entregarle-nuevas-herr\/#breadcrumb\",\"itemListElement\":[{\"@type\":\"ListItem\",\"position\":1,\"name\":\"Portada\",\"item\":\"https:\/\/dev.explora.cl\/coquimbo\/\"},{\"@type\":\"ListItem\",\"position\":2,\"name\":\"Profesores de la regi\u00f3n participan de taller que busca mejorar habilidades para detectar la depresi\u00f3n en sus alumnos\"}]},{\"@type\":\"WebSite\",\"@id\":\"https:\/\/dev.explora.cl\/coquimbo\/#website\",\"url\":\"https:\/\/dev.explora.cl\/coquimbo\/\",\"name\":\"Coquimbo\",\"description\":\"Otro sitio m\u00e1s de dev.explora.cl\",\"publisher\":{\"@id\":\"https:\/\/dev.explora.cl\/coquimbo\/#organization\"},\"potentialAction\":[{\"@type\":\"SearchAction\",\"target\":{\"@type\":\"EntryPoint\",\"urlTemplate\":\"https:\/\/dev.explora.cl\/coquimbo\/?s={search_term_string}\"},\"query-input\":{\"@type\":\"PropertyValueSpecification\",\"valueRequired\":true,\"valueName\":\"search_term_string\"}}],\"inLanguage\":\"es-CL\"},{\"@type\":\"Organization\",\"@id\":\"https:\/\/dev.explora.cl\/coquimbo\/#organization\",\"name\":\"Coquimbo\",\"url\":\"https:\/\/dev.explora.cl\/coquimbo\/\",\"logo\":{\"@type\":\"ImageObject\",\"inLanguage\":\"es-CL\",\"@id\":\"https:\/\/dev.explora.cl\/coquimbo\/#\/schema\/logo\/image\/\",\"url\":\"https:\/\/dev.explora.cl\/coquimbo\/wp-content\/uploads\/sites\/6\/2020\/08\/cropped-Mesa-de-trabajo-1-100.jpg\",\"contentUrl\":\"https:\/\/dev.explora.cl\/coquimbo\/wp-content\/uploads\/sites\/6\/2020\/08\/cropped-Mesa-de-trabajo-1-100.jpg\",\"width\":615,\"height\":576,\"caption\":\"Coquimbo\"},\"image\":{\"@id\":\"https:\/\/dev.explora.cl\/coquimbo\/#\/schema\/logo\/image\/\"}},{\"@type\":\"Person\",\"@id\":\"https:\/\/dev.explora.cl\/coquimbo\/#\/schema\/person\/cb8349c13ea2d324080adf8480d7ba5d\",\"name\":\"webman\",\"image\":{\"@type\":\"ImageObject\",\"inLanguage\":\"es-CL\",\"@id\":\"https:\/\/dev.explora.cl\/coquimbo\/#\/schema\/person\/image\/\",\"url\":\"https:\/\/secure.gravatar.com\/avatar\/eeff3c82f2c02f7177d13663b7e6f890e9a6a0647ce9bb29cae02dcb094c7312?s=96&d=mm&r=g\",\"contentUrl\":\"https:\/\/secure.gravatar.com\/avatar\/eeff3c82f2c02f7177d13663b7e6f890e9a6a0647ce9bb29cae02dcb094c7312?s=96&d=mm&r=g\",\"caption\":\"webman\"},\"url\":\"https:\/\/dev.explora.cl\/coquimbo\/author\/webman\/\"}]}<\/script>\n<!-- \/ Yoast SEO plugin. -->","yoast_head_json":{"title":"Profesores de la regi\u00f3n participan de taller que busca mejorar habilidades para detectar la depresi\u00f3n en sus alumnos - Coquimbo","robots":{"index":"index","follow":"follow","max-snippet":"max-snippet:-1","max-image-preview":"max-image-preview:large","max-video-preview":"max-video-preview:-1"},"canonical":"https:\/\/dev.explora.cl\/coquimbo\/iniciativa-realizada-por-el-nucleo-milenio-intervencion-psicologica-y-cambio-en-depresion-de-la-pontificia-universidad-catolica-en-conjunto-con-el-par-explora-coquimbo-pretendio-entregarle-nuevas-herr\/","og_locale":"es_ES","og_type":"article","og_title":"Profesores de la regi\u00f3n participan de taller que busca mejorar habilidades para detectar la depresi\u00f3n en sus alumnos - Coquimbo","og_description":"La depresi\u00f3n es una de las enfermedades con mayor penetraci\u00f3n en el mundo moderno y con una gran influencia en los estudiantes, que muchas veces se ven expuestos a la competencia con sus pares, frustraciones propias de su edad o ser v\u00edctimas de maltratos. Detectar de forma inmediata estos indicios puede ser beneficioso a la [&hellip;]","og_url":"https:\/\/dev.explora.cl\/coquimbo\/iniciativa-realizada-por-el-nucleo-milenio-intervencion-psicologica-y-cambio-en-depresion-de-la-pontificia-universidad-catolica-en-conjunto-con-el-par-explora-coquimbo-pretendio-entregarle-nuevas-herr\/","og_site_name":"Coquimbo","article_published_time":"2014-09-26T04:00:00+00:00","article_modified_time":"2019-05-16T06:41:04+00:00","og_image":[{"width":1600,"height":1200,"url":"https:\/\/dev.explora.cl\/coquimbo\/wp-content\/uploads\/sites\/6\/2018\/06\/11cd1ea45dca98357889a7571da09df4.jpg","type":"image\/jpeg"}],"author":"webman","twitter_card":"summary_large_image","twitter_misc":{"Escrito por":"webman","Tiempo estimado de lectura":"2 minutos"},"schema":{"@context":"https:\/\/schema.org","@graph":[{"@type":"Article","@id":"https:\/\/dev.explora.cl\/coquimbo\/iniciativa-realizada-por-el-nucleo-milenio-intervencion-psicologica-y-cambio-en-depresion-de-la-pontificia-universidad-catolica-en-conjunto-con-el-par-explora-coquimbo-pretendio-entregarle-nuevas-herr\/#article","isPartOf":{"@id":"https:\/\/dev.explora.cl\/coquimbo\/iniciativa-realizada-por-el-nucleo-milenio-intervencion-psicologica-y-cambio-en-depresion-de-la-pontificia-universidad-catolica-en-conjunto-con-el-par-explora-coquimbo-pretendio-entregarle-nuevas-herr\/"},"author":{"name":"webman","@id":"https:\/\/dev.explora.cl\/coquimbo\/#\/schema\/person\/cb8349c13ea2d324080adf8480d7ba5d"},"headline":"Profesores de la regi\u00f3n participan de taller que busca mejorar habilidades para detectar la depresi\u00f3n en sus alumnos","datePublished":"2014-09-26T04:00:00+00:00","dateModified":"2019-05-16T06:41:04+00:00","mainEntityOfPage":{"@id":"https:\/\/dev.explora.cl\/coquimbo\/iniciativa-realizada-por-el-nucleo-milenio-intervencion-psicologica-y-cambio-en-depresion-de-la-pontificia-universidad-catolica-en-conjunto-con-el-par-explora-coquimbo-pretendio-entregarle-nuevas-herr\/"},"wordCount":481,"commentCount":0,"publisher":{"@id":"https:\/\/dev.explora.cl\/coquimbo\/#organization"},"image":{"@id":"https:\/\/dev.explora.cl\/coquimbo\/iniciativa-realizada-por-el-nucleo-milenio-intervencion-psicologica-y-cambio-en-depresion-de-la-pontificia-universidad-catolica-en-conjunto-con-el-par-explora-coquimbo-pretendio-entregarle-nuevas-herr\/#primaryimage"},"thumbnailUrl":"https:\/\/dev.explora.cl\/coquimbo\/wp-content\/uploads\/sites\/6\/2018\/06\/11cd1ea45dca98357889a7571da09df4.jpg","articleSection":["Noticias"],"inLanguage":"es-CL","potentialAction":[{"@type":"CommentAction","name":"Comment","target":["https:\/\/dev.explora.cl\/coquimbo\/iniciativa-realizada-por-el-nucleo-milenio-intervencion-psicologica-y-cambio-en-depresion-de-la-pontificia-universidad-catolica-en-conjunto-con-el-par-explora-coquimbo-pretendio-entregarle-nuevas-herr\/#respond"]}]},{"@type":"WebPage","@id":"https:\/\/dev.explora.cl\/coquimbo\/iniciativa-realizada-por-el-nucleo-milenio-intervencion-psicologica-y-cambio-en-depresion-de-la-pontificia-universidad-catolica-en-conjunto-con-el-par-explora-coquimbo-pretendio-entregarle-nuevas-herr\/","url":"https:\/\/dev.explora.cl\/coquimbo\/iniciativa-realizada-por-el-nucleo-milenio-intervencion-psicologica-y-cambio-en-depresion-de-la-pontificia-universidad-catolica-en-conjunto-con-el-par-explora-coquimbo-pretendio-entregarle-nuevas-herr\/","name":"Profesores de la regi\u00f3n participan de taller que busca mejorar habilidades para detectar la depresi\u00f3n en sus alumnos - Coquimbo","isPartOf":{"@id":"https:\/\/dev.explora.cl\/coquimbo\/#website"},"primaryImageOfPage":{"@id":"https:\/\/dev.explora.cl\/coquimbo\/iniciativa-realizada-por-el-nucleo-milenio-intervencion-psicologica-y-cambio-en-depresion-de-la-pontificia-universidad-catolica-en-conjunto-con-el-par-explora-coquimbo-pretendio-entregarle-nuevas-herr\/#primaryimage"},"image":{"@id":"https:\/\/dev.explora.cl\/coquimbo\/iniciativa-realizada-por-el-nucleo-milenio-intervencion-psicologica-y-cambio-en-depresion-de-la-pontificia-universidad-catolica-en-conjunto-con-el-par-explora-coquimbo-pretendio-entregarle-nuevas-herr\/#primaryimage"},"thumbnailUrl":"https:\/\/dev.explora.cl\/coquimbo\/wp-content\/uploads\/sites\/6\/2018\/06\/11cd1ea45dca98357889a7571da09df4.jpg","datePublished":"2014-09-26T04:00:00+00:00","dateModified":"2019-05-16T06:41:04+00:00","breadcrumb":{"@id":"https:\/\/dev.explora.cl\/coquimbo\/iniciativa-realizada-por-el-nucleo-milenio-intervencion-psicologica-y-cambio-en-depresion-de-la-pontificia-universidad-catolica-en-conjunto-con-el-par-explora-coquimbo-pretendio-entregarle-nuevas-herr\/#breadcrumb"},"inLanguage":"es-CL","potentialAction":[{"@type":"ReadAction","target":["https:\/\/dev.explora.cl\/coquimbo\/iniciativa-realizada-por-el-nucleo-milenio-intervencion-psicologica-y-cambio-en-depresion-de-la-pontificia-universidad-catolica-en-conjunto-con-el-par-explora-coquimbo-pretendio-entregarle-nuevas-herr\/"]}]},{"@type":"ImageObject","inLanguage":"es-CL","@id":"https:\/\/dev.explora.cl\/coquimbo\/iniciativa-realizada-por-el-nucleo-milenio-intervencion-psicologica-y-cambio-en-depresion-de-la-pontificia-universidad-catolica-en-conjunto-con-el-par-explora-coquimbo-pretendio-entregarle-nuevas-herr\/#primaryimage","url":"https:\/\/dev.explora.cl\/coquimbo\/wp-content\/uploads\/sites\/6\/2018\/06\/11cd1ea45dca98357889a7571da09df4.jpg","contentUrl":"https:\/\/dev.explora.cl\/coquimbo\/wp-content\/uploads\/sites\/6\/2018\/06\/11cd1ea45dca98357889a7571da09df4.jpg","width":1600,"height":1200},{"@type":"BreadcrumbList","@id":"https:\/\/dev.explora.cl\/coquimbo\/iniciativa-realizada-por-el-nucleo-milenio-intervencion-psicologica-y-cambio-en-depresion-de-la-pontificia-universidad-catolica-en-conjunto-con-el-par-explora-coquimbo-pretendio-entregarle-nuevas-herr\/#breadcrumb","itemListElement":[{"@type":"ListItem","position":1,"name":"Portada","item":"https:\/\/dev.explora.cl\/coquimbo\/"},{"@type":"ListItem","position":2,"name":"Profesores de la regi\u00f3n participan de taller que busca mejorar habilidades para detectar la depresi\u00f3n en sus alumnos"}]},{"@type":"WebSite","@id":"https:\/\/dev.explora.cl\/coquimbo\/#website","url":"https:\/\/dev.explora.cl\/coquimbo\/","name":"Coquimbo","description":"Otro sitio m\u00e1s de dev.explora.cl","publisher":{"@id":"https:\/\/dev.explora.cl\/coquimbo\/#organization"},"potentialAction":[{"@type":"SearchAction","target":{"@type":"EntryPoint","urlTemplate":"https:\/\/dev.explora.cl\/coquimbo\/?s={search_term_string}"},"query-input":{"@type":"PropertyValueSpecification","valueRequired":true,"valueName":"search_term_string"}}],"inLanguage":"es-CL"},{"@type":"Organization","@id":"https:\/\/dev.explora.cl\/coquimbo\/#organization","name":"Coquimbo","url":"https:\/\/dev.explora.cl\/coquimbo\/","logo":{"@type":"ImageObject","inLanguage":"es-CL","@id":"https:\/\/dev.explora.cl\/coquimbo\/#\/schema\/logo\/image\/","url":"https:\/\/dev.explora.cl\/coquimbo\/wp-content\/uploads\/sites\/6\/2020\/08\/cropped-Mesa-de-trabajo-1-100.jpg","contentUrl":"https:\/\/dev.explora.cl\/coquimbo\/wp-content\/uploads\/sites\/6\/2020\/08\/cropped-Mesa-de-trabajo-1-100.jpg","width":615,"height":576,"caption":"Coquimbo"},"image":{"@id":"https:\/\/dev.explora.cl\/coquimbo\/#\/schema\/logo\/image\/"}},{"@type":"Person","@id":"https:\/\/dev.explora.cl\/coquimbo\/#\/schema\/person\/cb8349c13ea2d324080adf8480d7ba5d","name":"webman","image":{"@type":"ImageObject","inLanguage":"es-CL","@id":"https:\/\/dev.explora.cl\/coquimbo\/#\/schema\/person\/image\/","url":"https:\/\/secure.gravatar.com\/avatar\/eeff3c82f2c02f7177d13663b7e6f890e9a6a0647ce9bb29cae02dcb094c7312?s=96&d=mm&r=g","contentUrl":"https:\/\/secure.gravatar.com\/avatar\/eeff3c82f2c02f7177d13663b7e6f890e9a6a0647ce9bb29cae02dcb094c7312?s=96&d=mm&r=g","caption":"webman"},"url":"https:\/\/dev.explora.cl\/coquimbo\/author\/webman\/"}]}},"_links":{"self":[{"href":"https:\/\/dev.explora.cl\/coquimbo\/wp-json\/wp\/v2\/posts\/37856","targetHints":{"allow":["GET"]}}],"collection":[{"href":"https:\/\/dev.explora.cl\/coquimbo\/wp-json\/wp\/v2\/posts"}],"about":[{"href":"https:\/\/dev.explora.cl\/coquimbo\/wp-json\/wp\/v2\/types\/post"}],"author":[{"embeddable":true,"href":"https:\/\/dev.explora.cl\/coquimbo\/wp-json\/wp\/v2\/users\/2"}],"replies":[{"embeddable":true,"href":"https:\/\/dev.explora.cl\/coquimbo\/wp-json\/wp\/v2\/comments?post=37856"}],"version-history":[{"count":1,"href":"https:\/\/dev.explora.cl\/coquimbo\/wp-json\/wp\/v2\/posts\/37856\/revisions"}],"predecessor-version":[{"id":39335,"href":"https:\/\/dev.explora.cl\/coquimbo\/wp-json\/wp\/v2\/posts\/37856\/revisions\/39335"}],"wp:featuredmedia":[{"embeddable":true,"href":"https:\/\/dev.explora.cl\/coquimbo\/wp-json\/wp\/v2\/media\/33773"}],"wp:attachment":[{"href":"https:\/\/dev.explora.cl\/coquimbo\/wp-json\/wp\/v2\/media?parent=37856"}],"wp:term":[{"taxonomy":"category","embeddable":true,"href":"https:\/\/dev.explora.cl\/coquimbo\/wp-json\/wp\/v2\/categories?post=37856"},{"taxonomy":"post_tag","embeddable":true,"href":"https:\/\/dev.explora.cl\/coquimbo\/wp-json\/wp\/v2\/tags?post=37856"}],"curies":[{"name":"wp","href":"https:\/\/api.w.org\/{rel}","templated":true}]}}