{"id":31885,"date":"2014-08-06T00:00:00","date_gmt":"2014-08-06T04:00:00","guid":{"rendered":"https:\/\/dev.explora.cl\/coquimbo\/blog\/2014\/08\/06\/actividad-organizada-por-el-par-explora-coquimbo-comenzo-su-travesia-en-la-comuna-de-los-vilos-y-buscara-acercar-esta-ciencia-a-los-mas-pequenos-y-publico-en-general\/"},"modified":"2019-05-16T06:41:24","modified_gmt":"2019-05-16T06:41:24","slug":"actividad-organizada-por-el-par-explora-coquimbo-comenzo-su-travesia-en-la-comuna-de-los-vilos-y-buscara-acercar-esta-ciencia-a-los-mas-pequenos-y-publico-en-general","status":"publish","type":"post","link":"https:\/\/dev.explora.cl\/coquimbo\/actividad-organizada-por-el-par-explora-coquimbo-comenzo-su-travesia-en-la-comuna-de-los-vilos-y-buscara-acercar-esta-ciencia-a-los-mas-pequenos-y-publico-en-general\/","title":{"rendered":"Muestra \u201cTabla Peri\u00f3dica Interactiva\u201d recorrer\u00e1 en agosto el Choapa y llevar\u00e1 la &quot;qu\u00edmica&quot; a toda la provincia"},"content":{"rendered":"<p><img loading=\"lazy\" decoding=\"async\" class=\" size-full wp-image-4415\" src=\"http:\/\/ec2-34-218-253-251.us-west-2.compute.amazonaws.com\/wp-content\/uploads\/2014\/08\/697b315ac0f25223659a0195d65f6405.jpg\" alt=\"\" width=\"2592\" height=\"1728\" \/><\/p>\n<p>Muchas veces las ciencias y en particular la qu\u00edmica, son consideradas actividades densas y con poco atractivo para los alumnos de los diferentes establecimientos educacionales del pa\u00eds.<\/p>\n<p>Es por esto, que en una af\u00e1n de acercar esta actividad cient\u00edfica a las personas de una forma m\u00e1s l\u00fadica y entretenida, es que el PAR EXPLORA CONICYT regi\u00f3n de Coquimbo inaugur\u00f3 la muestra itinerante \u201cTabla Peri\u00f3dica Interactiva\u201d, que llevar\u00e1 la qu\u00edmica por toda la provincia de Choapa durante el mes de agosto.<\/p>\n<p>Con la presencia de autoridades educacionales, alumnos y directores de establecimientos y p\u00fablico en general, se dio el vamos a dicha muestra en Los Vilos, emplazada en el Bodeg\u00f3n Cultural de dicha comuna.<\/p>\n<p>Con la glosa \u201clos elementos qu\u00edmicos te protegen\u201d, inspiradas en los s\u00faper h\u00e9roes de Marvel, el director del PAR EXPLORA Coquimbo, Sergio Gonz\u00e1lez, destac\u00f3 el esfuerzo que se realiza para llevar este aparataje y la satisfacci\u00f3n que le da a la instituci\u00f3n que los ni\u00f1os disfruten esta actividad \u201cllama la atenci\u00f3n, el como un fracci\u00f3n de lo que asisten a estos eventos, los captura y le ponen atenci\u00f3n a los elementos; sin duda la qu\u00edmica a no todo el mundo le va a gustar, pero el hecho de que a alguno de ellos le estemos llegando, le guste y le interese, todo eso compensa el esfuerzo\u201d.<\/p>\n<p>En tanto, el Jefe T\u00e9cnico Pedag\u00f3gico comunal de Los Vilos, Ricardo Fern\u00e1ndez, valor\u00f3 la actividad que estar\u00e1 por toda esta semana en el Bodeg\u00f3n Cultural, manifestando \u201cesta nueva propuesta de ense\u00f1ar la qu\u00edmica a trav\u00e9s de la tabla peri\u00f3dica, yo creo que hace el conocimiento\u00a0 mucho m\u00e1s significativo. Los chicos a la larga retienen y le genera curiosidad e inter\u00e9s por aprender m\u00e1s acerca de estos elementos, que est\u00e1n en todo orden de cosas y en lo que cotidianamente viven\u201d.<\/p>\n<p>La Tabla Peri\u00f3dica de EXPLORA posee m\u00f3dulos con los diferentes elementos qu\u00edmicos, su clasificaci\u00f3n, uso y cantidad disponible en la Tierra. Conformada por cubos de colores, en los que se puede apreciar una leyenda explicativa y una descripci\u00f3n gr\u00e1fica de los elementos.<\/p>\n<p>Para Mat\u00edas Esparza, del Colegio La Divina Providencia, el poder conocer los elementos qu\u00edmicos fuera de la sala de clases es m\u00e1s entretenido, asegurando que \u201cas\u00ed aprendemos de una forma m\u00e1s divertida\u201d<\/p>\n<p>Esta exposici\u00f3n fue desarrollada por el Centro Interactivo de las Ciencias, las Artes y la Tecnolog\u00eda (CICAT) y dise\u00f1ada por docentes de la Facultad de Ciencias Qu\u00edmicas de la Universidad de Concepci\u00f3n, en un trabajo conjunto que cont\u00f3 con el auspicio de la Sociedad Chilena de Qu\u00edmica, que se materializ\u00f3 en 2011 en el marco del A\u00f1o Internacional de la Qu\u00edmica.<\/p>\n<p>La muestra se mantendr\u00e1 en Los Vilos, para que en los pr\u00f3ximos d\u00edas pueda recorrer la ciudad de Salamanca y de Illapel, tratando de abarcar toda la provincia de Choapa.\u00a0<\/p>\n","protected":false},"excerpt":{"rendered":"<p>Muchas veces las ciencias y en particular la qu\u00edmica, son consideradas actividades densas y con poco atractivo para los alumnos de los diferentes establecimientos educacionales del pa\u00eds. Es por esto, que en una af\u00e1n de acercar esta actividad cient\u00edfica a las personas de una forma m\u00e1s l\u00fadica y entretenida, es que el PAR EXPLORA CONICYT [&hellip;]<\/p>\n","protected":false},"author":2,"featured_media":31886,"comment_status":"open","ping_status":"open","sticky":false,"template":"","format":"standard","meta":{"_acf_changed":false,"_exactmetrics_skip_tracking":false,"_exactmetrics_sitenote_active":false,"_exactmetrics_sitenote_note":"","_exactmetrics_sitenote_category":0,"footnotes":"","_links_to":"","_links_to_target":""},"categories":[4],"tags":[],"class_list":["post-31885","post","type-post","status-publish","format-standard","has-post-thumbnail","hentry","category-noticias"],"acf":[],"yoast_head":"<!-- This site is optimized with the Yoast SEO plugin v26.7 - https:\/\/yoast.com\/wordpress\/plugins\/seo\/ -->\n<title>Muestra \u201cTabla Peri\u00f3dica Interactiva\u201d recorrer\u00e1 en agosto el Choapa y llevar\u00e1 la &quot;qu\u00edmica&quot; a toda la provincia - Coquimbo<\/title>\n<meta name=\"robots\" content=\"index, follow, max-snippet:-1, max-image-preview:large, max-video-preview:-1\" \/>\n<link rel=\"canonical\" href=\"https:\/\/dev.explora.cl\/coquimbo\/actividad-organizada-por-el-par-explora-coquimbo-comenzo-su-travesia-en-la-comuna-de-los-vilos-y-buscara-acercar-esta-ciencia-a-los-mas-pequenos-y-publico-en-general\/\" class=\"yoast-seo-meta-tag\" \/>\n<meta property=\"og:locale\" content=\"es_ES\" class=\"yoast-seo-meta-tag\" \/>\n<meta property=\"og:type\" content=\"article\" class=\"yoast-seo-meta-tag\" \/>\n<meta property=\"og:title\" content=\"Muestra \u201cTabla Peri\u00f3dica Interactiva\u201d recorrer\u00e1 en agosto el Choapa y llevar\u00e1 la &quot;qu\u00edmica&quot; a toda la provincia - Coquimbo\" class=\"yoast-seo-meta-tag\" \/>\n<meta property=\"og:description\" content=\"Muchas veces las ciencias y en particular la qu\u00edmica, son consideradas actividades densas y con poco atractivo para los alumnos de los diferentes establecimientos educacionales del pa\u00eds. Es por esto, que en una af\u00e1n de acercar esta actividad cient\u00edfica a las personas de una forma m\u00e1s l\u00fadica y entretenida, es que el PAR EXPLORA CONICYT [&hellip;]\" class=\"yoast-seo-meta-tag\" \/>\n<meta property=\"og:url\" content=\"https:\/\/dev.explora.cl\/coquimbo\/actividad-organizada-por-el-par-explora-coquimbo-comenzo-su-travesia-en-la-comuna-de-los-vilos-y-buscara-acercar-esta-ciencia-a-los-mas-pequenos-y-publico-en-general\/\" class=\"yoast-seo-meta-tag\" \/>\n<meta property=\"og:site_name\" content=\"Coquimbo\" class=\"yoast-seo-meta-tag\" \/>\n<meta property=\"article:published_time\" content=\"2014-08-06T04:00:00+00:00\" class=\"yoast-seo-meta-tag\" \/>\n<meta property=\"article:modified_time\" content=\"2019-05-16T06:41:24+00:00\" class=\"yoast-seo-meta-tag\" \/>\n<meta property=\"og:image\" content=\"https:\/\/dev.explora.cl\/coquimbo\/wp-content\/uploads\/sites\/6\/2018\/06\/697b315ac0f25223659a0195d65f6405.jpg\" class=\"yoast-seo-meta-tag\" \/>\n\t<meta property=\"og:image:width\" content=\"2592\" class=\"yoast-seo-meta-tag\" \/>\n\t<meta property=\"og:image:height\" content=\"1728\" class=\"yoast-seo-meta-tag\" \/>\n\t<meta property=\"og:image:type\" content=\"image\/jpeg\" class=\"yoast-seo-meta-tag\" \/>\n<meta name=\"author\" content=\"webman\" class=\"yoast-seo-meta-tag\" \/>\n<meta name=\"twitter:card\" content=\"summary_large_image\" class=\"yoast-seo-meta-tag\" \/>\n<meta name=\"twitter:label1\" content=\"Escrito por\" class=\"yoast-seo-meta-tag\" \/>\n\t<meta name=\"twitter:data1\" content=\"webman\" class=\"yoast-seo-meta-tag\" \/>\n\t<meta name=\"twitter:label2\" content=\"Tiempo estimado de lectura\" class=\"yoast-seo-meta-tag\" \/>\n\t<meta name=\"twitter:data2\" content=\"3 minutos\" class=\"yoast-seo-meta-tag\" \/>\n<script type=\"application\/ld+json\" class=\"yoast-schema-graph\">{\"@context\":\"https:\/\/schema.org\",\"@graph\":[{\"@type\":\"Article\",\"@id\":\"https:\/\/dev.explora.cl\/coquimbo\/actividad-organizada-por-el-par-explora-coquimbo-comenzo-su-travesia-en-la-comuna-de-los-vilos-y-buscara-acercar-esta-ciencia-a-los-mas-pequenos-y-publico-en-general\/#article\",\"isPartOf\":{\"@id\":\"https:\/\/dev.explora.cl\/coquimbo\/actividad-organizada-por-el-par-explora-coquimbo-comenzo-su-travesia-en-la-comuna-de-los-vilos-y-buscara-acercar-esta-ciencia-a-los-mas-pequenos-y-publico-en-general\/\"},\"author\":{\"name\":\"webman\",\"@id\":\"https:\/\/dev.explora.cl\/coquimbo\/#\/schema\/person\/cb8349c13ea2d324080adf8480d7ba5d\"},\"headline\":\"Muestra \u201cTabla Peri\u00f3dica Interactiva\u201d recorrer\u00e1 en agosto el Choapa y llevar\u00e1 la &quot;qu\u00edmica&quot; a toda la provincia\",\"datePublished\":\"2014-08-06T04:00:00+00:00\",\"dateModified\":\"2019-05-16T06:41:24+00:00\",\"mainEntityOfPage\":{\"@id\":\"https:\/\/dev.explora.cl\/coquimbo\/actividad-organizada-por-el-par-explora-coquimbo-comenzo-su-travesia-en-la-comuna-de-los-vilos-y-buscara-acercar-esta-ciencia-a-los-mas-pequenos-y-publico-en-general\/\"},\"wordCount\":538,\"commentCount\":0,\"publisher\":{\"@id\":\"https:\/\/dev.explora.cl\/coquimbo\/#organization\"},\"image\":{\"@id\":\"https:\/\/dev.explora.cl\/coquimbo\/actividad-organizada-por-el-par-explora-coquimbo-comenzo-su-travesia-en-la-comuna-de-los-vilos-y-buscara-acercar-esta-ciencia-a-los-mas-pequenos-y-publico-en-general\/#primaryimage\"},\"thumbnailUrl\":\"https:\/\/dev.explora.cl\/coquimbo\/wp-content\/uploads\/sites\/6\/2018\/06\/697b315ac0f25223659a0195d65f6405.jpg\",\"articleSection\":[\"Noticias\"],\"inLanguage\":\"es-CL\",\"potentialAction\":[{\"@type\":\"CommentAction\",\"name\":\"Comment\",\"target\":[\"https:\/\/dev.explora.cl\/coquimbo\/actividad-organizada-por-el-par-explora-coquimbo-comenzo-su-travesia-en-la-comuna-de-los-vilos-y-buscara-acercar-esta-ciencia-a-los-mas-pequenos-y-publico-en-general\/#respond\"]}]},{\"@type\":\"WebPage\",\"@id\":\"https:\/\/dev.explora.cl\/coquimbo\/actividad-organizada-por-el-par-explora-coquimbo-comenzo-su-travesia-en-la-comuna-de-los-vilos-y-buscara-acercar-esta-ciencia-a-los-mas-pequenos-y-publico-en-general\/\",\"url\":\"https:\/\/dev.explora.cl\/coquimbo\/actividad-organizada-por-el-par-explora-coquimbo-comenzo-su-travesia-en-la-comuna-de-los-vilos-y-buscara-acercar-esta-ciencia-a-los-mas-pequenos-y-publico-en-general\/\",\"name\":\"Muestra \u201cTabla Peri\u00f3dica Interactiva\u201d recorrer\u00e1 en agosto el Choapa y llevar\u00e1 la &quot;qu\u00edmica&quot; a toda la provincia - Coquimbo\",\"isPartOf\":{\"@id\":\"https:\/\/dev.explora.cl\/coquimbo\/#website\"},\"primaryImageOfPage\":{\"@id\":\"https:\/\/dev.explora.cl\/coquimbo\/actividad-organizada-por-el-par-explora-coquimbo-comenzo-su-travesia-en-la-comuna-de-los-vilos-y-buscara-acercar-esta-ciencia-a-los-mas-pequenos-y-publico-en-general\/#primaryimage\"},\"image\":{\"@id\":\"https:\/\/dev.explora.cl\/coquimbo\/actividad-organizada-por-el-par-explora-coquimbo-comenzo-su-travesia-en-la-comuna-de-los-vilos-y-buscara-acercar-esta-ciencia-a-los-mas-pequenos-y-publico-en-general\/#primaryimage\"},\"thumbnailUrl\":\"https:\/\/dev.explora.cl\/coquimbo\/wp-content\/uploads\/sites\/6\/2018\/06\/697b315ac0f25223659a0195d65f6405.jpg\",\"datePublished\":\"2014-08-06T04:00:00+00:00\",\"dateModified\":\"2019-05-16T06:41:24+00:00\",\"breadcrumb\":{\"@id\":\"https:\/\/dev.explora.cl\/coquimbo\/actividad-organizada-por-el-par-explora-coquimbo-comenzo-su-travesia-en-la-comuna-de-los-vilos-y-buscara-acercar-esta-ciencia-a-los-mas-pequenos-y-publico-en-general\/#breadcrumb\"},\"inLanguage\":\"es-CL\",\"potentialAction\":[{\"@type\":\"ReadAction\",\"target\":[\"https:\/\/dev.explora.cl\/coquimbo\/actividad-organizada-por-el-par-explora-coquimbo-comenzo-su-travesia-en-la-comuna-de-los-vilos-y-buscara-acercar-esta-ciencia-a-los-mas-pequenos-y-publico-en-general\/\"]}]},{\"@type\":\"ImageObject\",\"inLanguage\":\"es-CL\",\"@id\":\"https:\/\/dev.explora.cl\/coquimbo\/actividad-organizada-por-el-par-explora-coquimbo-comenzo-su-travesia-en-la-comuna-de-los-vilos-y-buscara-acercar-esta-ciencia-a-los-mas-pequenos-y-publico-en-general\/#primaryimage\",\"url\":\"https:\/\/dev.explora.cl\/coquimbo\/wp-content\/uploads\/sites\/6\/2018\/06\/697b315ac0f25223659a0195d65f6405.jpg\",\"contentUrl\":\"https:\/\/dev.explora.cl\/coquimbo\/wp-content\/uploads\/sites\/6\/2018\/06\/697b315ac0f25223659a0195d65f6405.jpg\",\"width\":2592,\"height\":1728},{\"@type\":\"BreadcrumbList\",\"@id\":\"https:\/\/dev.explora.cl\/coquimbo\/actividad-organizada-por-el-par-explora-coquimbo-comenzo-su-travesia-en-la-comuna-de-los-vilos-y-buscara-acercar-esta-ciencia-a-los-mas-pequenos-y-publico-en-general\/#breadcrumb\",\"itemListElement\":[{\"@type\":\"ListItem\",\"position\":1,\"name\":\"Portada\",\"item\":\"https:\/\/dev.explora.cl\/coquimbo\/\"},{\"@type\":\"ListItem\",\"position\":2,\"name\":\"Muestra \u201cTabla Peri\u00f3dica Interactiva\u201d recorrer\u00e1 en agosto el Choapa y llevar\u00e1 la &quot;qu\u00edmica&quot; a toda la provincia\"}]},{\"@type\":\"WebSite\",\"@id\":\"https:\/\/dev.explora.cl\/coquimbo\/#website\",\"url\":\"https:\/\/dev.explora.cl\/coquimbo\/\",\"name\":\"Coquimbo\",\"description\":\"Otro sitio m\u00e1s de dev.explora.cl\",\"publisher\":{\"@id\":\"https:\/\/dev.explora.cl\/coquimbo\/#organization\"},\"potentialAction\":[{\"@type\":\"SearchAction\",\"target\":{\"@type\":\"EntryPoint\",\"urlTemplate\":\"https:\/\/dev.explora.cl\/coquimbo\/?s={search_term_string}\"},\"query-input\":{\"@type\":\"PropertyValueSpecification\",\"valueRequired\":true,\"valueName\":\"search_term_string\"}}],\"inLanguage\":\"es-CL\"},{\"@type\":\"Organization\",\"@id\":\"https:\/\/dev.explora.cl\/coquimbo\/#organization\",\"name\":\"Coquimbo\",\"url\":\"https:\/\/dev.explora.cl\/coquimbo\/\",\"logo\":{\"@type\":\"ImageObject\",\"inLanguage\":\"es-CL\",\"@id\":\"https:\/\/dev.explora.cl\/coquimbo\/#\/schema\/logo\/image\/\",\"url\":\"https:\/\/dev.explora.cl\/coquimbo\/wp-content\/uploads\/sites\/6\/2020\/08\/cropped-Mesa-de-trabajo-1-100.jpg\",\"contentUrl\":\"https:\/\/dev.explora.cl\/coquimbo\/wp-content\/uploads\/sites\/6\/2020\/08\/cropped-Mesa-de-trabajo-1-100.jpg\",\"width\":615,\"height\":576,\"caption\":\"Coquimbo\"},\"image\":{\"@id\":\"https:\/\/dev.explora.cl\/coquimbo\/#\/schema\/logo\/image\/\"}},{\"@type\":\"Person\",\"@id\":\"https:\/\/dev.explora.cl\/coquimbo\/#\/schema\/person\/cb8349c13ea2d324080adf8480d7ba5d\",\"name\":\"webman\",\"image\":{\"@type\":\"ImageObject\",\"inLanguage\":\"es-CL\",\"@id\":\"https:\/\/dev.explora.cl\/coquimbo\/#\/schema\/person\/image\/\",\"url\":\"https:\/\/secure.gravatar.com\/avatar\/eeff3c82f2c02f7177d13663b7e6f890e9a6a0647ce9bb29cae02dcb094c7312?s=96&d=mm&r=g\",\"contentUrl\":\"https:\/\/secure.gravatar.com\/avatar\/eeff3c82f2c02f7177d13663b7e6f890e9a6a0647ce9bb29cae02dcb094c7312?s=96&d=mm&r=g\",\"caption\":\"webman\"},\"url\":\"https:\/\/dev.explora.cl\/coquimbo\/author\/webman\/\"}]}<\/script>\n<!-- \/ Yoast SEO plugin. -->","yoast_head_json":{"title":"Muestra \u201cTabla Peri\u00f3dica Interactiva\u201d recorrer\u00e1 en agosto el Choapa y llevar\u00e1 la &quot;qu\u00edmica&quot; a toda la provincia - Coquimbo","robots":{"index":"index","follow":"follow","max-snippet":"max-snippet:-1","max-image-preview":"max-image-preview:large","max-video-preview":"max-video-preview:-1"},"canonical":"https:\/\/dev.explora.cl\/coquimbo\/actividad-organizada-por-el-par-explora-coquimbo-comenzo-su-travesia-en-la-comuna-de-los-vilos-y-buscara-acercar-esta-ciencia-a-los-mas-pequenos-y-publico-en-general\/","og_locale":"es_ES","og_type":"article","og_title":"Muestra \u201cTabla Peri\u00f3dica Interactiva\u201d recorrer\u00e1 en agosto el Choapa y llevar\u00e1 la &quot;qu\u00edmica&quot; a toda la provincia - Coquimbo","og_description":"Muchas veces las ciencias y en particular la qu\u00edmica, son consideradas actividades densas y con poco atractivo para los alumnos de los diferentes establecimientos educacionales del pa\u00eds. Es por esto, que en una af\u00e1n de acercar esta actividad cient\u00edfica a las personas de una forma m\u00e1s l\u00fadica y entretenida, es que el PAR EXPLORA CONICYT [&hellip;]","og_url":"https:\/\/dev.explora.cl\/coquimbo\/actividad-organizada-por-el-par-explora-coquimbo-comenzo-su-travesia-en-la-comuna-de-los-vilos-y-buscara-acercar-esta-ciencia-a-los-mas-pequenos-y-publico-en-general\/","og_site_name":"Coquimbo","article_published_time":"2014-08-06T04:00:00+00:00","article_modified_time":"2019-05-16T06:41:24+00:00","og_image":[{"width":2592,"height":1728,"url":"https:\/\/dev.explora.cl\/coquimbo\/wp-content\/uploads\/sites\/6\/2018\/06\/697b315ac0f25223659a0195d65f6405.jpg","type":"image\/jpeg"}],"author":"webman","twitter_card":"summary_large_image","twitter_misc":{"Escrito por":"webman","Tiempo estimado de lectura":"3 minutos"},"schema":{"@context":"https:\/\/schema.org","@graph":[{"@type":"Article","@id":"https:\/\/dev.explora.cl\/coquimbo\/actividad-organizada-por-el-par-explora-coquimbo-comenzo-su-travesia-en-la-comuna-de-los-vilos-y-buscara-acercar-esta-ciencia-a-los-mas-pequenos-y-publico-en-general\/#article","isPartOf":{"@id":"https:\/\/dev.explora.cl\/coquimbo\/actividad-organizada-por-el-par-explora-coquimbo-comenzo-su-travesia-en-la-comuna-de-los-vilos-y-buscara-acercar-esta-ciencia-a-los-mas-pequenos-y-publico-en-general\/"},"author":{"name":"webman","@id":"https:\/\/dev.explora.cl\/coquimbo\/#\/schema\/person\/cb8349c13ea2d324080adf8480d7ba5d"},"headline":"Muestra \u201cTabla Peri\u00f3dica Interactiva\u201d recorrer\u00e1 en agosto el Choapa y llevar\u00e1 la &quot;qu\u00edmica&quot; a toda la provincia","datePublished":"2014-08-06T04:00:00+00:00","dateModified":"2019-05-16T06:41:24+00:00","mainEntityOfPage":{"@id":"https:\/\/dev.explora.cl\/coquimbo\/actividad-organizada-por-el-par-explora-coquimbo-comenzo-su-travesia-en-la-comuna-de-los-vilos-y-buscara-acercar-esta-ciencia-a-los-mas-pequenos-y-publico-en-general\/"},"wordCount":538,"commentCount":0,"publisher":{"@id":"https:\/\/dev.explora.cl\/coquimbo\/#organization"},"image":{"@id":"https:\/\/dev.explora.cl\/coquimbo\/actividad-organizada-por-el-par-explora-coquimbo-comenzo-su-travesia-en-la-comuna-de-los-vilos-y-buscara-acercar-esta-ciencia-a-los-mas-pequenos-y-publico-en-general\/#primaryimage"},"thumbnailUrl":"https:\/\/dev.explora.cl\/coquimbo\/wp-content\/uploads\/sites\/6\/2018\/06\/697b315ac0f25223659a0195d65f6405.jpg","articleSection":["Noticias"],"inLanguage":"es-CL","potentialAction":[{"@type":"CommentAction","name":"Comment","target":["https:\/\/dev.explora.cl\/coquimbo\/actividad-organizada-por-el-par-explora-coquimbo-comenzo-su-travesia-en-la-comuna-de-los-vilos-y-buscara-acercar-esta-ciencia-a-los-mas-pequenos-y-publico-en-general\/#respond"]}]},{"@type":"WebPage","@id":"https:\/\/dev.explora.cl\/coquimbo\/actividad-organizada-por-el-par-explora-coquimbo-comenzo-su-travesia-en-la-comuna-de-los-vilos-y-buscara-acercar-esta-ciencia-a-los-mas-pequenos-y-publico-en-general\/","url":"https:\/\/dev.explora.cl\/coquimbo\/actividad-organizada-por-el-par-explora-coquimbo-comenzo-su-travesia-en-la-comuna-de-los-vilos-y-buscara-acercar-esta-ciencia-a-los-mas-pequenos-y-publico-en-general\/","name":"Muestra \u201cTabla Peri\u00f3dica Interactiva\u201d recorrer\u00e1 en agosto el Choapa y llevar\u00e1 la &quot;qu\u00edmica&quot; a toda la provincia - Coquimbo","isPartOf":{"@id":"https:\/\/dev.explora.cl\/coquimbo\/#website"},"primaryImageOfPage":{"@id":"https:\/\/dev.explora.cl\/coquimbo\/actividad-organizada-por-el-par-explora-coquimbo-comenzo-su-travesia-en-la-comuna-de-los-vilos-y-buscara-acercar-esta-ciencia-a-los-mas-pequenos-y-publico-en-general\/#primaryimage"},"image":{"@id":"https:\/\/dev.explora.cl\/coquimbo\/actividad-organizada-por-el-par-explora-coquimbo-comenzo-su-travesia-en-la-comuna-de-los-vilos-y-buscara-acercar-esta-ciencia-a-los-mas-pequenos-y-publico-en-general\/#primaryimage"},"thumbnailUrl":"https:\/\/dev.explora.cl\/coquimbo\/wp-content\/uploads\/sites\/6\/2018\/06\/697b315ac0f25223659a0195d65f6405.jpg","datePublished":"2014-08-06T04:00:00+00:00","dateModified":"2019-05-16T06:41:24+00:00","breadcrumb":{"@id":"https:\/\/dev.explora.cl\/coquimbo\/actividad-organizada-por-el-par-explora-coquimbo-comenzo-su-travesia-en-la-comuna-de-los-vilos-y-buscara-acercar-esta-ciencia-a-los-mas-pequenos-y-publico-en-general\/#breadcrumb"},"inLanguage":"es-CL","potentialAction":[{"@type":"ReadAction","target":["https:\/\/dev.explora.cl\/coquimbo\/actividad-organizada-por-el-par-explora-coquimbo-comenzo-su-travesia-en-la-comuna-de-los-vilos-y-buscara-acercar-esta-ciencia-a-los-mas-pequenos-y-publico-en-general\/"]}]},{"@type":"ImageObject","inLanguage":"es-CL","@id":"https:\/\/dev.explora.cl\/coquimbo\/actividad-organizada-por-el-par-explora-coquimbo-comenzo-su-travesia-en-la-comuna-de-los-vilos-y-buscara-acercar-esta-ciencia-a-los-mas-pequenos-y-publico-en-general\/#primaryimage","url":"https:\/\/dev.explora.cl\/coquimbo\/wp-content\/uploads\/sites\/6\/2018\/06\/697b315ac0f25223659a0195d65f6405.jpg","contentUrl":"https:\/\/dev.explora.cl\/coquimbo\/wp-content\/uploads\/sites\/6\/2018\/06\/697b315ac0f25223659a0195d65f6405.jpg","width":2592,"height":1728},{"@type":"BreadcrumbList","@id":"https:\/\/dev.explora.cl\/coquimbo\/actividad-organizada-por-el-par-explora-coquimbo-comenzo-su-travesia-en-la-comuna-de-los-vilos-y-buscara-acercar-esta-ciencia-a-los-mas-pequenos-y-publico-en-general\/#breadcrumb","itemListElement":[{"@type":"ListItem","position":1,"name":"Portada","item":"https:\/\/dev.explora.cl\/coquimbo\/"},{"@type":"ListItem","position":2,"name":"Muestra \u201cTabla Peri\u00f3dica Interactiva\u201d recorrer\u00e1 en agosto el Choapa y llevar\u00e1 la &quot;qu\u00edmica&quot; a toda la provincia"}]},{"@type":"WebSite","@id":"https:\/\/dev.explora.cl\/coquimbo\/#website","url":"https:\/\/dev.explora.cl\/coquimbo\/","name":"Coquimbo","description":"Otro sitio m\u00e1s de dev.explora.cl","publisher":{"@id":"https:\/\/dev.explora.cl\/coquimbo\/#organization"},"potentialAction":[{"@type":"SearchAction","target":{"@type":"EntryPoint","urlTemplate":"https:\/\/dev.explora.cl\/coquimbo\/?s={search_term_string}"},"query-input":{"@type":"PropertyValueSpecification","valueRequired":true,"valueName":"search_term_string"}}],"inLanguage":"es-CL"},{"@type":"Organization","@id":"https:\/\/dev.explora.cl\/coquimbo\/#organization","name":"Coquimbo","url":"https:\/\/dev.explora.cl\/coquimbo\/","logo":{"@type":"ImageObject","inLanguage":"es-CL","@id":"https:\/\/dev.explora.cl\/coquimbo\/#\/schema\/logo\/image\/","url":"https:\/\/dev.explora.cl\/coquimbo\/wp-content\/uploads\/sites\/6\/2020\/08\/cropped-Mesa-de-trabajo-1-100.jpg","contentUrl":"https:\/\/dev.explora.cl\/coquimbo\/wp-content\/uploads\/sites\/6\/2020\/08\/cropped-Mesa-de-trabajo-1-100.jpg","width":615,"height":576,"caption":"Coquimbo"},"image":{"@id":"https:\/\/dev.explora.cl\/coquimbo\/#\/schema\/logo\/image\/"}},{"@type":"Person","@id":"https:\/\/dev.explora.cl\/coquimbo\/#\/schema\/person\/cb8349c13ea2d324080adf8480d7ba5d","name":"webman","image":{"@type":"ImageObject","inLanguage":"es-CL","@id":"https:\/\/dev.explora.cl\/coquimbo\/#\/schema\/person\/image\/","url":"https:\/\/secure.gravatar.com\/avatar\/eeff3c82f2c02f7177d13663b7e6f890e9a6a0647ce9bb29cae02dcb094c7312?s=96&d=mm&r=g","contentUrl":"https:\/\/secure.gravatar.com\/avatar\/eeff3c82f2c02f7177d13663b7e6f890e9a6a0647ce9bb29cae02dcb094c7312?s=96&d=mm&r=g","caption":"webman"},"url":"https:\/\/dev.explora.cl\/coquimbo\/author\/webman\/"}]}},"_links":{"self":[{"href":"https:\/\/dev.explora.cl\/coquimbo\/wp-json\/wp\/v2\/posts\/31885","targetHints":{"allow":["GET"]}}],"collection":[{"href":"https:\/\/dev.explora.cl\/coquimbo\/wp-json\/wp\/v2\/posts"}],"about":[{"href":"https:\/\/dev.explora.cl\/coquimbo\/wp-json\/wp\/v2\/types\/post"}],"author":[{"embeddable":true,"href":"https:\/\/dev.explora.cl\/coquimbo\/wp-json\/wp\/v2\/users\/2"}],"replies":[{"embeddable":true,"href":"https:\/\/dev.explora.cl\/coquimbo\/wp-json\/wp\/v2\/comments?post=31885"}],"version-history":[{"count":1,"href":"https:\/\/dev.explora.cl\/coquimbo\/wp-json\/wp\/v2\/posts\/31885\/revisions"}],"predecessor-version":[{"id":39369,"href":"https:\/\/dev.explora.cl\/coquimbo\/wp-json\/wp\/v2\/posts\/31885\/revisions\/39369"}],"wp:featuredmedia":[{"embeddable":true,"href":"https:\/\/dev.explora.cl\/coquimbo\/wp-json\/wp\/v2\/media\/31886"}],"wp:attachment":[{"href":"https:\/\/dev.explora.cl\/coquimbo\/wp-json\/wp\/v2\/media?parent=31885"}],"wp:term":[{"taxonomy":"category","embeddable":true,"href":"https:\/\/dev.explora.cl\/coquimbo\/wp-json\/wp\/v2\/categories?post=31885"},{"taxonomy":"post_tag","embeddable":true,"href":"https:\/\/dev.explora.cl\/coquimbo\/wp-json\/wp\/v2\/tags?post=31885"}],"curies":[{"name":"wp","href":"https:\/\/api.w.org\/{rel}","templated":true}]}}