{"id":97,"date":"2014-07-07T00:00:00","date_gmt":"2014-07-07T04:00:00","guid":{"rendered":"https:\/\/dev.explora.cl\/biobio\/blog\/2014\/07\/07\/se-realizo-el-primer-taller-de-dramaturgia\/"},"modified":"2019-05-20T18:41:38","modified_gmt":"2019-05-20T18:41:38","slug":"se-realizo-el-primer-taller-de-dramaturgia","status":"publish","type":"post","link":"https:\/\/dev.explora.cl\/biobio\/se-realizo-el-primer-taller-de-dramaturgia\/","title":{"rendered":"Prepar\u00e1ndose para el Festival Escolar de Teatro y Ciencia"},"content":{"rendered":"<p><img loading=\"lazy\" decoding=\"async\" class=\" size-full wp-image-3769\" src=\"http:\/\/ec2-34-218-253-251.us-west-2.compute.amazonaws.com\/wp-content\/uploads\/2014\/07\/dc45d75a725d95012d163ad4aae9c1e4.jpg\" alt=\"\" width=\"4272\" height=\"2848\" \/><\/p>\n<p>Con la participaci\u00f3n de escuelas de Lebu, Concepci\u00f3n, Chill\u00e1n y Coronel se realiz\u00f3 el pasado viernes 4 de julio el Taller de Dramaturgia, a cargo de la dramaturga Leyla Selman (Premio Nacional de Dramaturgia), enmarcado en las actividades programadas en el 7\u00b0 Festival Escolar de Teatro y Ciencia.<\/p>\n<p>Esta iniciativa tiene por objetivo acercar a los\/las estudiantes a las Ciencias y Tecnolog\u00edas a trav\u00e9s de la expresi\u00f3n art\u00edstica, creando guiones y desarrollando obras de teatro escolar con estas tem\u00e1ticas. Asimismo, se pretende, a trav\u00e9s de las presentaciones, divulgar conceptos de ciencia y tecnolog\u00eda a los escolares y al p\u00fablico que asista al Festival de Teatro y Ciencia.<\/p>\n<p>El Taller de Dramaturgia es el primero de una serie de tres que se realizar\u00e1n antes de la presentaci\u00f3n de las obras finales en noviembre. En los pr\u00f3ximos meses se realizar\u00e1 un taller Cient\u00edfico y otro de Producci\u00f3n y Direcci\u00f3n.<\/p>\n","protected":false},"excerpt":{"rendered":"<p>Con la participaci\u00f3n de escuelas de Lebu, Concepci\u00f3n, Chill\u00e1n y Coronel se realiz\u00f3 el pasado viernes 4 de julio el Taller de Dramaturgia, a cargo de la dramaturga Leyla Selman (Premio Nacional de Dramaturgia), enmarcado en las actividades programadas en el 7\u00b0 Festival Escolar de Teatro y Ciencia. Esta iniciativa tiene por objetivo acercar a [&hellip;]<\/p>\n","protected":false},"author":2,"featured_media":98,"comment_status":"open","ping_status":"open","sticky":false,"template":"","format":"standard","meta":{"_acf_changed":false,"_exactmetrics_skip_tracking":false,"_exactmetrics_sitenote_active":false,"_exactmetrics_sitenote_note":"","_exactmetrics_sitenote_category":0,"footnotes":"","_links_to":"","_links_to_target":""},"categories":[4],"tags":[],"class_list":["post-97","post","type-post","status-publish","format-standard","has-post-thumbnail","hentry","category-noticias"],"acf":[],"yoast_head":"<!-- This site is optimized with the Yoast SEO plugin v26.7 - https:\/\/yoast.com\/wordpress\/plugins\/seo\/ -->\n<title>Prepar\u00e1ndose para el Festival Escolar de Teatro y Ciencia - Biob\u00edo<\/title>\n<meta name=\"robots\" content=\"index, follow, max-snippet:-1, max-image-preview:large, max-video-preview:-1\" \/>\n<link rel=\"canonical\" href=\"https:\/\/dev.explora.cl\/biobio\/se-realizo-el-primer-taller-de-dramaturgia\/\" class=\"yoast-seo-meta-tag\" \/>\n<meta property=\"og:locale\" content=\"es_ES\" class=\"yoast-seo-meta-tag\" \/>\n<meta property=\"og:type\" content=\"article\" class=\"yoast-seo-meta-tag\" \/>\n<meta property=\"og:title\" content=\"Prepar\u00e1ndose para el Festival Escolar de Teatro y Ciencia - Biob\u00edo\" class=\"yoast-seo-meta-tag\" \/>\n<meta property=\"og:description\" content=\"Con la participaci\u00f3n de escuelas de Lebu, Concepci\u00f3n, Chill\u00e1n y Coronel se realiz\u00f3 el pasado viernes 4 de julio el Taller de Dramaturgia, a cargo de la dramaturga Leyla Selman (Premio Nacional de Dramaturgia), enmarcado en las actividades programadas en el 7\u00b0 Festival Escolar de Teatro y Ciencia. Esta iniciativa tiene por objetivo acercar a [&hellip;]\" class=\"yoast-seo-meta-tag\" \/>\n<meta property=\"og:url\" content=\"https:\/\/dev.explora.cl\/biobio\/se-realizo-el-primer-taller-de-dramaturgia\/\" class=\"yoast-seo-meta-tag\" \/>\n<meta property=\"og:site_name\" content=\"Biob\u00edo\" class=\"yoast-seo-meta-tag\" \/>\n<meta property=\"article:published_time\" content=\"2014-07-07T04:00:00+00:00\" class=\"yoast-seo-meta-tag\" \/>\n<meta property=\"article:modified_time\" content=\"2019-05-20T18:41:38+00:00\" class=\"yoast-seo-meta-tag\" \/>\n<meta property=\"og:image\" content=\"https:\/\/dev.explora.cl\/biobio\/wp-content\/uploads\/sites\/14\/2018\/06\/dc45d75a725d95012d163ad4aae9c1e4-1024x683.jpg\" class=\"yoast-seo-meta-tag\" \/>\n\t<meta property=\"og:image:width\" content=\"1024\" class=\"yoast-seo-meta-tag\" \/>\n\t<meta property=\"og:image:height\" content=\"683\" class=\"yoast-seo-meta-tag\" \/>\n\t<meta property=\"og:image:type\" content=\"image\/jpeg\" class=\"yoast-seo-meta-tag\" \/>\n<meta name=\"author\" content=\"webman\" class=\"yoast-seo-meta-tag\" \/>\n<meta name=\"twitter:card\" content=\"summary_large_image\" class=\"yoast-seo-meta-tag\" \/>\n<meta name=\"twitter:label1\" content=\"Escrito por\" class=\"yoast-seo-meta-tag\" \/>\n\t<meta name=\"twitter:data1\" content=\"webman\" class=\"yoast-seo-meta-tag\" \/>\n\t<meta name=\"twitter:label2\" content=\"Tiempo estimado de lectura\" class=\"yoast-seo-meta-tag\" \/>\n\t<meta name=\"twitter:data2\" content=\"1 minuto\" class=\"yoast-seo-meta-tag\" \/>\n<script type=\"application\/ld+json\" class=\"yoast-schema-graph\">{\"@context\":\"https:\/\/schema.org\",\"@graph\":[{\"@type\":\"Article\",\"@id\":\"https:\/\/dev.explora.cl\/biobio\/se-realizo-el-primer-taller-de-dramaturgia\/#article\",\"isPartOf\":{\"@id\":\"https:\/\/dev.explora.cl\/biobio\/se-realizo-el-primer-taller-de-dramaturgia\/\"},\"author\":{\"name\":\"webman\",\"@id\":\"https:\/\/dev.explora.cl\/biobio\/#\/schema\/person\/cb8349c13ea2d324080adf8480d7ba5d\"},\"headline\":\"Prepar\u00e1ndose para el Festival Escolar de Teatro y Ciencia\",\"datePublished\":\"2014-07-07T04:00:00+00:00\",\"dateModified\":\"2019-05-20T18:41:38+00:00\",\"mainEntityOfPage\":{\"@id\":\"https:\/\/dev.explora.cl\/biobio\/se-realizo-el-primer-taller-de-dramaturgia\/\"},\"wordCount\":173,\"commentCount\":0,\"image\":{\"@id\":\"https:\/\/dev.explora.cl\/biobio\/se-realizo-el-primer-taller-de-dramaturgia\/#primaryimage\"},\"thumbnailUrl\":\"https:\/\/dev.explora.cl\/biobio\/wp-content\/uploads\/sites\/14\/2018\/06\/dc45d75a725d95012d163ad4aae9c1e4.jpg\",\"articleSection\":[\"Noticias\"],\"inLanguage\":\"es-CL\",\"potentialAction\":[{\"@type\":\"CommentAction\",\"name\":\"Comment\",\"target\":[\"https:\/\/dev.explora.cl\/biobio\/se-realizo-el-primer-taller-de-dramaturgia\/#respond\"]}]},{\"@type\":\"WebPage\",\"@id\":\"https:\/\/dev.explora.cl\/biobio\/se-realizo-el-primer-taller-de-dramaturgia\/\",\"url\":\"https:\/\/dev.explora.cl\/biobio\/se-realizo-el-primer-taller-de-dramaturgia\/\",\"name\":\"Prepar\u00e1ndose para el Festival Escolar de Teatro y Ciencia - Biob\u00edo\",\"isPartOf\":{\"@id\":\"https:\/\/dev.explora.cl\/biobio\/#website\"},\"primaryImageOfPage\":{\"@id\":\"https:\/\/dev.explora.cl\/biobio\/se-realizo-el-primer-taller-de-dramaturgia\/#primaryimage\"},\"image\":{\"@id\":\"https:\/\/dev.explora.cl\/biobio\/se-realizo-el-primer-taller-de-dramaturgia\/#primaryimage\"},\"thumbnailUrl\":\"https:\/\/dev.explora.cl\/biobio\/wp-content\/uploads\/sites\/14\/2018\/06\/dc45d75a725d95012d163ad4aae9c1e4.jpg\",\"datePublished\":\"2014-07-07T04:00:00+00:00\",\"dateModified\":\"2019-05-20T18:41:38+00:00\",\"author\":{\"@id\":\"https:\/\/dev.explora.cl\/biobio\/#\/schema\/person\/cb8349c13ea2d324080adf8480d7ba5d\"},\"breadcrumb\":{\"@id\":\"https:\/\/dev.explora.cl\/biobio\/se-realizo-el-primer-taller-de-dramaturgia\/#breadcrumb\"},\"inLanguage\":\"es-CL\",\"potentialAction\":[{\"@type\":\"ReadAction\",\"target\":[\"https:\/\/dev.explora.cl\/biobio\/se-realizo-el-primer-taller-de-dramaturgia\/\"]}]},{\"@type\":\"ImageObject\",\"inLanguage\":\"es-CL\",\"@id\":\"https:\/\/dev.explora.cl\/biobio\/se-realizo-el-primer-taller-de-dramaturgia\/#primaryimage\",\"url\":\"https:\/\/dev.explora.cl\/biobio\/wp-content\/uploads\/sites\/14\/2018\/06\/dc45d75a725d95012d163ad4aae9c1e4.jpg\",\"contentUrl\":\"https:\/\/dev.explora.cl\/biobio\/wp-content\/uploads\/sites\/14\/2018\/06\/dc45d75a725d95012d163ad4aae9c1e4.jpg\",\"width\":4272,\"height\":2848},{\"@type\":\"BreadcrumbList\",\"@id\":\"https:\/\/dev.explora.cl\/biobio\/se-realizo-el-primer-taller-de-dramaturgia\/#breadcrumb\",\"itemListElement\":[{\"@type\":\"ListItem\",\"position\":1,\"name\":\"Portada\",\"item\":\"https:\/\/dev.explora.cl\/biobio\/\"},{\"@type\":\"ListItem\",\"position\":2,\"name\":\"Prepar\u00e1ndose para el Festival Escolar de Teatro y Ciencia\"}]},{\"@type\":\"WebSite\",\"@id\":\"https:\/\/dev.explora.cl\/biobio\/#website\",\"url\":\"https:\/\/dev.explora.cl\/biobio\/\",\"name\":\"Biob\u00edo\",\"description\":\"Otro sitio m\u00e1s de dev.explora.cl\",\"potentialAction\":[{\"@type\":\"SearchAction\",\"target\":{\"@type\":\"EntryPoint\",\"urlTemplate\":\"https:\/\/dev.explora.cl\/biobio\/?s={search_term_string}\"},\"query-input\":{\"@type\":\"PropertyValueSpecification\",\"valueRequired\":true,\"valueName\":\"search_term_string\"}}],\"inLanguage\":\"es-CL\"},{\"@type\":\"Person\",\"@id\":\"https:\/\/dev.explora.cl\/biobio\/#\/schema\/person\/cb8349c13ea2d324080adf8480d7ba5d\",\"name\":\"webman\",\"image\":{\"@type\":\"ImageObject\",\"inLanguage\":\"es-CL\",\"@id\":\"https:\/\/dev.explora.cl\/biobio\/#\/schema\/person\/image\/\",\"url\":\"https:\/\/secure.gravatar.com\/avatar\/eeff3c82f2c02f7177d13663b7e6f890e9a6a0647ce9bb29cae02dcb094c7312?s=96&d=mm&r=g\",\"contentUrl\":\"https:\/\/secure.gravatar.com\/avatar\/eeff3c82f2c02f7177d13663b7e6f890e9a6a0647ce9bb29cae02dcb094c7312?s=96&d=mm&r=g\",\"caption\":\"webman\"},\"url\":\"https:\/\/dev.explora.cl\/biobio\/author\/webman\/\"}]}<\/script>\n<!-- \/ Yoast SEO plugin. -->","yoast_head_json":{"title":"Prepar\u00e1ndose para el Festival Escolar de Teatro y Ciencia - Biob\u00edo","robots":{"index":"index","follow":"follow","max-snippet":"max-snippet:-1","max-image-preview":"max-image-preview:large","max-video-preview":"max-video-preview:-1"},"canonical":"https:\/\/dev.explora.cl\/biobio\/se-realizo-el-primer-taller-de-dramaturgia\/","og_locale":"es_ES","og_type":"article","og_title":"Prepar\u00e1ndose para el Festival Escolar de Teatro y Ciencia - Biob\u00edo","og_description":"Con la participaci\u00f3n de escuelas de Lebu, Concepci\u00f3n, Chill\u00e1n y Coronel se realiz\u00f3 el pasado viernes 4 de julio el Taller de Dramaturgia, a cargo de la dramaturga Leyla Selman (Premio Nacional de Dramaturgia), enmarcado en las actividades programadas en el 7\u00b0 Festival Escolar de Teatro y Ciencia. Esta iniciativa tiene por objetivo acercar a [&hellip;]","og_url":"https:\/\/dev.explora.cl\/biobio\/se-realizo-el-primer-taller-de-dramaturgia\/","og_site_name":"Biob\u00edo","article_published_time":"2014-07-07T04:00:00+00:00","article_modified_time":"2019-05-20T18:41:38+00:00","og_image":[{"width":1024,"height":683,"url":"https:\/\/dev.explora.cl\/biobio\/wp-content\/uploads\/sites\/14\/2018\/06\/dc45d75a725d95012d163ad4aae9c1e4-1024x683.jpg","type":"image\/jpeg"}],"author":"webman","twitter_card":"summary_large_image","twitter_misc":{"Escrito por":"webman","Tiempo estimado de lectura":"1 minuto"},"schema":{"@context":"https:\/\/schema.org","@graph":[{"@type":"Article","@id":"https:\/\/dev.explora.cl\/biobio\/se-realizo-el-primer-taller-de-dramaturgia\/#article","isPartOf":{"@id":"https:\/\/dev.explora.cl\/biobio\/se-realizo-el-primer-taller-de-dramaturgia\/"},"author":{"name":"webman","@id":"https:\/\/dev.explora.cl\/biobio\/#\/schema\/person\/cb8349c13ea2d324080adf8480d7ba5d"},"headline":"Prepar\u00e1ndose para el Festival Escolar de Teatro y Ciencia","datePublished":"2014-07-07T04:00:00+00:00","dateModified":"2019-05-20T18:41:38+00:00","mainEntityOfPage":{"@id":"https:\/\/dev.explora.cl\/biobio\/se-realizo-el-primer-taller-de-dramaturgia\/"},"wordCount":173,"commentCount":0,"image":{"@id":"https:\/\/dev.explora.cl\/biobio\/se-realizo-el-primer-taller-de-dramaturgia\/#primaryimage"},"thumbnailUrl":"https:\/\/dev.explora.cl\/biobio\/wp-content\/uploads\/sites\/14\/2018\/06\/dc45d75a725d95012d163ad4aae9c1e4.jpg","articleSection":["Noticias"],"inLanguage":"es-CL","potentialAction":[{"@type":"CommentAction","name":"Comment","target":["https:\/\/dev.explora.cl\/biobio\/se-realizo-el-primer-taller-de-dramaturgia\/#respond"]}]},{"@type":"WebPage","@id":"https:\/\/dev.explora.cl\/biobio\/se-realizo-el-primer-taller-de-dramaturgia\/","url":"https:\/\/dev.explora.cl\/biobio\/se-realizo-el-primer-taller-de-dramaturgia\/","name":"Prepar\u00e1ndose para el Festival Escolar de Teatro y Ciencia - Biob\u00edo","isPartOf":{"@id":"https:\/\/dev.explora.cl\/biobio\/#website"},"primaryImageOfPage":{"@id":"https:\/\/dev.explora.cl\/biobio\/se-realizo-el-primer-taller-de-dramaturgia\/#primaryimage"},"image":{"@id":"https:\/\/dev.explora.cl\/biobio\/se-realizo-el-primer-taller-de-dramaturgia\/#primaryimage"},"thumbnailUrl":"https:\/\/dev.explora.cl\/biobio\/wp-content\/uploads\/sites\/14\/2018\/06\/dc45d75a725d95012d163ad4aae9c1e4.jpg","datePublished":"2014-07-07T04:00:00+00:00","dateModified":"2019-05-20T18:41:38+00:00","author":{"@id":"https:\/\/dev.explora.cl\/biobio\/#\/schema\/person\/cb8349c13ea2d324080adf8480d7ba5d"},"breadcrumb":{"@id":"https:\/\/dev.explora.cl\/biobio\/se-realizo-el-primer-taller-de-dramaturgia\/#breadcrumb"},"inLanguage":"es-CL","potentialAction":[{"@type":"ReadAction","target":["https:\/\/dev.explora.cl\/biobio\/se-realizo-el-primer-taller-de-dramaturgia\/"]}]},{"@type":"ImageObject","inLanguage":"es-CL","@id":"https:\/\/dev.explora.cl\/biobio\/se-realizo-el-primer-taller-de-dramaturgia\/#primaryimage","url":"https:\/\/dev.explora.cl\/biobio\/wp-content\/uploads\/sites\/14\/2018\/06\/dc45d75a725d95012d163ad4aae9c1e4.jpg","contentUrl":"https:\/\/dev.explora.cl\/biobio\/wp-content\/uploads\/sites\/14\/2018\/06\/dc45d75a725d95012d163ad4aae9c1e4.jpg","width":4272,"height":2848},{"@type":"BreadcrumbList","@id":"https:\/\/dev.explora.cl\/biobio\/se-realizo-el-primer-taller-de-dramaturgia\/#breadcrumb","itemListElement":[{"@type":"ListItem","position":1,"name":"Portada","item":"https:\/\/dev.explora.cl\/biobio\/"},{"@type":"ListItem","position":2,"name":"Prepar\u00e1ndose para el Festival Escolar de Teatro y Ciencia"}]},{"@type":"WebSite","@id":"https:\/\/dev.explora.cl\/biobio\/#website","url":"https:\/\/dev.explora.cl\/biobio\/","name":"Biob\u00edo","description":"Otro sitio m\u00e1s de dev.explora.cl","potentialAction":[{"@type":"SearchAction","target":{"@type":"EntryPoint","urlTemplate":"https:\/\/dev.explora.cl\/biobio\/?s={search_term_string}"},"query-input":{"@type":"PropertyValueSpecification","valueRequired":true,"valueName":"search_term_string"}}],"inLanguage":"es-CL"},{"@type":"Person","@id":"https:\/\/dev.explora.cl\/biobio\/#\/schema\/person\/cb8349c13ea2d324080adf8480d7ba5d","name":"webman","image":{"@type":"ImageObject","inLanguage":"es-CL","@id":"https:\/\/dev.explora.cl\/biobio\/#\/schema\/person\/image\/","url":"https:\/\/secure.gravatar.com\/avatar\/eeff3c82f2c02f7177d13663b7e6f890e9a6a0647ce9bb29cae02dcb094c7312?s=96&d=mm&r=g","contentUrl":"https:\/\/secure.gravatar.com\/avatar\/eeff3c82f2c02f7177d13663b7e6f890e9a6a0647ce9bb29cae02dcb094c7312?s=96&d=mm&r=g","caption":"webman"},"url":"https:\/\/dev.explora.cl\/biobio\/author\/webman\/"}]}},"_links":{"self":[{"href":"https:\/\/dev.explora.cl\/biobio\/wp-json\/wp\/v2\/posts\/97","targetHints":{"allow":["GET"]}}],"collection":[{"href":"https:\/\/dev.explora.cl\/biobio\/wp-json\/wp\/v2\/posts"}],"about":[{"href":"https:\/\/dev.explora.cl\/biobio\/wp-json\/wp\/v2\/types\/post"}],"author":[{"embeddable":true,"href":"https:\/\/dev.explora.cl\/biobio\/wp-json\/wp\/v2\/users\/2"}],"replies":[{"embeddable":true,"href":"https:\/\/dev.explora.cl\/biobio\/wp-json\/wp\/v2\/comments?post=97"}],"version-history":[{"count":1,"href":"https:\/\/dev.explora.cl\/biobio\/wp-json\/wp\/v2\/posts\/97\/revisions"}],"predecessor-version":[{"id":38100,"href":"https:\/\/dev.explora.cl\/biobio\/wp-json\/wp\/v2\/posts\/97\/revisions\/38100"}],"wp:featuredmedia":[{"embeddable":true,"href":"https:\/\/dev.explora.cl\/biobio\/wp-json\/wp\/v2\/media\/98"}],"wp:attachment":[{"href":"https:\/\/dev.explora.cl\/biobio\/wp-json\/wp\/v2\/media?parent=97"}],"wp:term":[{"taxonomy":"category","embeddable":true,"href":"https:\/\/dev.explora.cl\/biobio\/wp-json\/wp\/v2\/categories?post=97"},{"taxonomy":"post_tag","embeddable":true,"href":"https:\/\/dev.explora.cl\/biobio\/wp-json\/wp\/v2\/tags?post=97"}],"curies":[{"name":"wp","href":"https:\/\/api.w.org\/{rel}","templated":true}]}}