{"id":40913,"date":"2024-05-03T15:19:14","date_gmt":"2024-05-03T19:19:14","guid":{"rendered":"https:\/\/dev.explora.cl\/biobio\/?p=40913"},"modified":"2024-05-03T15:19:14","modified_gmt":"2024-05-03T19:19:14","slug":"mas-de-100-estudiantes-de-la-region-se-reunieron-para-investigar-con-explora-biobio","status":"publish","type":"post","link":"https:\/\/dev.explora.cl\/biobio\/mas-de-100-estudiantes-de-la-region-se-reunieron-para-investigar-con-explora-biobio\/","title":{"rendered":"M\u00e1s de 100 estudiantes de toda la regi\u00f3n se reunieron para investigar e innovar con Explora Biob\u00edo"},"content":{"rendered":"<p><i><span style=\"font-weight: 400\">En la jornada inaugural se reunieron m\u00e1s de 130 estudiantes para comenzar el trabajo de investigaci\u00f3n o propuesta de innovaci\u00f3n, quienes pertenecen a las tres provincias de la regi\u00f3n.<\/span><\/i><\/p>\n<p><span style=\"font-weight: 400\">Desde temprano empezaron a llegar las y los integrantes de los 80 equipos que este a\u00f1o participan en \u201cInvestigaci\u00f3n e Innovaci\u00f3n Escolar, \u00a1Tras la pista de los datos!\u201d, de Explora Biob\u00edo, al Centro Interactivo de Ciencias, Artes y Tecnolog\u00eda, CICAT.<\/span><\/p>\n<p><span style=\"font-weight: 400\">Investigaci\u00f3n e Innovaci\u00f3n Escolar, tambi\u00e9n conocido como \u201cIIE\u201d, re\u00fane a equipos compuestos por estudiantes de entre 1\u00b0 B\u00e1sico y IV\u00b0 Medio, quienes en conjunto con su docente gu\u00eda y el apoyo de una asesor\u00eda cient\u00edfica trabajan un problema local de su comunidad, ya sea a trav\u00e9s de la investigaci\u00f3n o propuesta de innovaci\u00f3n.<\/span><\/p>\n<p><span style=\"font-weight: 400\">En la instancia, se cont\u00f3 con una charla de la Dra. en Ciencias de la Computaci\u00f3n, <\/span><b>Mabel Vidal Miranda<\/b><span style=\"font-weight: 400\">, quien ha recibido distinciones como \u201cMujer Destacada\u201d, reconocimiento que entrega el Ministerio de la Mujer y Equidad de G\u00e9nero, as\u00ed como tambi\u00e9n el \u201cFor Woman in Science\u201d de L\u2019Oreal Chile-Unesco.<\/span><\/p>\n<p><span style=\"font-weight: 400\">En su charla expres\u00f3 la relevancia de los datos, declarando que <\/span><i><span style=\"font-weight: 400\">\u201cmuchas veces hacemos investigaci\u00f3n, pero no tomamos la importancia que los datos aportan en la investigaci\u00f3n, donde perdemos informaci\u00f3n que puede ser mucho m\u00e1s impactante\u201d<\/span><\/i><span style=\"font-weight: 400\">.<\/span><\/p>\n<p><span style=\"font-weight: 400\">M\u00e1s de 60 docentes se reunieron, quienes junto a sus estudiantes comenzaron a trabajar en un \u201cp\u00f3ster cient\u00edfico\u201d a trav\u00e9s del cual esbozaron las ideas para desarrollar los distintos pasos del m\u00e9todo cient\u00edfico en los pr\u00f3ximos meses.\u00a0<\/span><\/p>\n<p><span style=\"font-weight: 400\">Uno de los docentes que participan es <\/span><b>Ronny Vega Guti\u00e9rrez<\/b><span style=\"font-weight: 400\">, docente del Colegio Chileno \u00c1rabe de Chiguayante, quien destac\u00f3 que con su equipo pudieron <\/span><i><span style=\"font-weight: 400\">\u201cplanificar e ir delimitando con mayor precisi\u00f3n los intereses de la investigaci\u00f3n, resolviendo inquietudes sobre materiales y procedimientos\u201d.<\/span><\/i><\/p>\n<p><b>IIE 2024 en cifras: Destaca la participaci\u00f3n femenina<\/b><\/p>\n<p><span style=\"font-weight: 400\">Un hecho a destacar de esta versi\u00f3n de IIE es que tanto en los docentes, estudiantes como las asesor\u00edas cient\u00edficas, el porcentaje de participaci\u00f3n femenina es alto, superando en total el 60%.<\/span><\/p>\n<p><span style=\"font-weight: 400\">Este es un hecho destacado por la directora de Explora Biob\u00edo, <\/span><b>M\u00f3nica Badilla Ram\u00edrez<\/b><span style=\"font-weight: 400\">, quien expresa que <\/span><i><span style=\"font-weight: 400\">\u201csiempre trabajamos para alcanzar la inclusi\u00f3n, que es uno de los principios de Explora, ya que, se sabe que una de cada tres personas que se dedica a la investigaci\u00f3n es mujer, por ello es importante potenciar\u00a0 la participaci\u00f3n de ellas desde la edad escolar\u201d<\/span><\/i><\/p>\n<p><span style=\"font-weight: 400\">Esta iniciativa este a\u00f1o acogi\u00f3 a 80 equipos, 20 m\u00e1s que el a\u00f1o anterior, quienes provienen desde las tres provincias de la regi\u00f3n, hecho que es destacado por el encargado de la iniciativa,<\/span><b> Carlos Barrera Retamal<\/b><span style=\"font-weight: 400\">.<\/span><\/p>\n<p><i><span style=\"font-weight: 400\">\u201cPara nosotros es relevante poder llegar a la mayor cantidad de comunas, y con orgullo recibimos a estudiantes y docentes de 22 comunas, algunas muy alejadas como Tir\u00faa o Nacimiento, quienes buscan dar respuesta a sus problem\u00e1ticas locales\u201d<\/span><\/i><span style=\"font-weight: 400\">, detalla el encargado de la iniciativa.<\/span><\/p>\n<p><span style=\"font-weight: 400\">Por otra parte, del total de 80 equipos, 27 de ellos pertenecen a la Educaci\u00f3n B\u00e1sica y 53 a Educaci\u00f3n Media, quienes desarrollan una investigaci\u00f3n en ciencias sociales, naturales, artes y humanidades o un proyecto de innovaci\u00f3n.<\/span><\/p>\n<p><span style=\"font-weight: 400\">El trabajo que realizar\u00e1n los equipos se extender\u00e1 hasta agosto, mes en el que se desarrollar\u00e1 un gran encuentro regional de socializaci\u00f3n para exponer los resultados de sus investigaciones e innovaciones, y posteriormente habr\u00e1 uno en conjunto a las regiones de O\u2019Higgins, Maule y \u00d1uble, que se realizar\u00e1 en la Universidad de Talca y hasta donde llegar\u00e1n doce equipos desde Biob\u00edo.<\/span><\/p>\n<div id='gallery-1' class='gallery galleryid-40913 gallery-columns-3 gallery-size-thumbnail'><figure class='gallery-item'>\n\t\t\t<div class='gallery-icon landscape'>\n\t\t\t\t<a href='https:\/\/dev.explora.cl\/biobio\/mas-de-100-estudiantes-de-la-region-se-reunieron-para-investigar-con-explora-biobio\/participacion-de-iie-2024\/'><img loading=\"lazy\" decoding=\"async\" width=\"150\" height=\"150\" src=\"https:\/\/dev.explora.cl\/biobio\/wp-content\/uploads\/sites\/14\/2024\/05\/Participaci\u00f3n-de-IIE-2024-150x150.jpg\" class=\"attachment-thumbnail size-thumbnail\" alt=\"\" srcset=\"https:\/\/dev.explora.cl\/biobio\/wp-content\/uploads\/sites\/14\/2024\/05\/Participaci\u00f3n-de-IIE-2024-150x150.jpg 150w, https:\/\/dev.explora.cl\/biobio\/wp-content\/uploads\/sites\/14\/2024\/05\/Participaci\u00f3n-de-IIE-2024-300x300.jpg 300w, https:\/\/dev.explora.cl\/biobio\/wp-content\/uploads\/sites\/14\/2024\/05\/Participaci\u00f3n-de-IIE-2024-60x60.jpg 60w\" sizes=\"auto, (max-width: 150px) 100vw, 150px\" \/><\/a>\n\t\t\t<\/div><\/figure><figure class='gallery-item'>\n\t\t\t<div class='gallery-icon landscape'>\n\t\t\t\t<a href='https:\/\/dev.explora.cl\/biobio\/mas-de-100-estudiantes-de-la-region-se-reunieron-para-investigar-con-explora-biobio\/mabel-vidal-expositora-de-iie\/'><img loading=\"lazy\" decoding=\"async\" width=\"150\" height=\"150\" src=\"https:\/\/dev.explora.cl\/biobio\/wp-content\/uploads\/sites\/14\/2024\/05\/Mabel-Vidal-expositora-de-IIE-150x150.jpg\" class=\"attachment-thumbnail size-thumbnail\" alt=\"\" srcset=\"https:\/\/dev.explora.cl\/biobio\/wp-content\/uploads\/sites\/14\/2024\/05\/Mabel-Vidal-expositora-de-IIE-150x150.jpg 150w, https:\/\/dev.explora.cl\/biobio\/wp-content\/uploads\/sites\/14\/2024\/05\/Mabel-Vidal-expositora-de-IIE-300x300.jpg 300w, https:\/\/dev.explora.cl\/biobio\/wp-content\/uploads\/sites\/14\/2024\/05\/Mabel-Vidal-expositora-de-IIE-60x60.jpg 60w\" sizes=\"auto, (max-width: 150px) 100vw, 150px\" \/><\/a>\n\t\t\t<\/div><\/figure><figure class='gallery-item'>\n\t\t\t<div class='gallery-icon landscape'>\n\t\t\t\t<a href='https:\/\/dev.explora.cl\/biobio\/mas-de-100-estudiantes-de-la-region-se-reunieron-para-investigar-con-explora-biobio\/estudiantes-trabajando-en-su-investigacion-de-iie\/'><img loading=\"lazy\" decoding=\"async\" width=\"150\" height=\"150\" src=\"https:\/\/dev.explora.cl\/biobio\/wp-content\/uploads\/sites\/14\/2024\/05\/Estudiantes-trabajando-en-su-investigaci\u00f3n-de-IIE-150x150.jpg\" class=\"attachment-thumbnail size-thumbnail\" alt=\"\" srcset=\"https:\/\/dev.explora.cl\/biobio\/wp-content\/uploads\/sites\/14\/2024\/05\/Estudiantes-trabajando-en-su-investigaci\u00f3n-de-IIE-150x150.jpg 150w, https:\/\/dev.explora.cl\/biobio\/wp-content\/uploads\/sites\/14\/2024\/05\/Estudiantes-trabajando-en-su-investigaci\u00f3n-de-IIE-300x300.jpg 300w, https:\/\/dev.explora.cl\/biobio\/wp-content\/uploads\/sites\/14\/2024\/05\/Estudiantes-trabajando-en-su-investigaci\u00f3n-de-IIE-60x60.jpg 60w\" sizes=\"auto, (max-width: 150px) 100vw, 150px\" \/><\/a>\n\t\t\t<\/div><\/figure><figure class='gallery-item'>\n\t\t\t<div class='gallery-icon landscape'>\n\t\t\t\t<a href='https:\/\/dev.explora.cl\/biobio\/mas-de-100-estudiantes-de-la-region-se-reunieron-para-investigar-con-explora-biobio\/estudiante-y-docente-trabajando-en-la-investigacion-de-iie\/'><img loading=\"lazy\" decoding=\"async\" width=\"150\" height=\"150\" src=\"https:\/\/dev.explora.cl\/biobio\/wp-content\/uploads\/sites\/14\/2024\/05\/Estudiante-y-docente-trabajando-en-la-investigaci\u00f3n-de-IIE-150x150.jpg\" class=\"attachment-thumbnail size-thumbnail\" alt=\"\" srcset=\"https:\/\/dev.explora.cl\/biobio\/wp-content\/uploads\/sites\/14\/2024\/05\/Estudiante-y-docente-trabajando-en-la-investigaci\u00f3n-de-IIE-150x150.jpg 150w, https:\/\/dev.explora.cl\/biobio\/wp-content\/uploads\/sites\/14\/2024\/05\/Estudiante-y-docente-trabajando-en-la-investigaci\u00f3n-de-IIE-300x300.jpg 300w, https:\/\/dev.explora.cl\/biobio\/wp-content\/uploads\/sites\/14\/2024\/05\/Estudiante-y-docente-trabajando-en-la-investigaci\u00f3n-de-IIE-60x60.jpg 60w\" sizes=\"auto, (max-width: 150px) 100vw, 150px\" \/><\/a>\n\t\t\t<\/div><\/figure><figure class='gallery-item'>\n\t\t\t<div class='gallery-icon landscape'>\n\t\t\t\t<a href='https:\/\/dev.explora.cl\/biobio\/mas-de-100-estudiantes-de-la-region-se-reunieron-para-investigar-con-explora-biobio\/equipos-trabajando-en-iie\/'><img loading=\"lazy\" decoding=\"async\" width=\"150\" height=\"150\" src=\"https:\/\/dev.explora.cl\/biobio\/wp-content\/uploads\/sites\/14\/2024\/05\/Equipos-trabajando-en-IIE-150x150.jpg\" class=\"attachment-thumbnail size-thumbnail\" alt=\"\" srcset=\"https:\/\/dev.explora.cl\/biobio\/wp-content\/uploads\/sites\/14\/2024\/05\/Equipos-trabajando-en-IIE-150x150.jpg 150w, https:\/\/dev.explora.cl\/biobio\/wp-content\/uploads\/sites\/14\/2024\/05\/Equipos-trabajando-en-IIE-300x300.jpg 300w, https:\/\/dev.explora.cl\/biobio\/wp-content\/uploads\/sites\/14\/2024\/05\/Equipos-trabajando-en-IIE-60x60.jpg 60w\" sizes=\"auto, (max-width: 150px) 100vw, 150px\" \/><\/a>\n\t\t\t<\/div><\/figure><figure class='gallery-item'>\n\t\t\t<div class='gallery-icon landscape'>\n\t\t\t\t<a href='https:\/\/dev.explora.cl\/biobio\/mas-de-100-estudiantes-de-la-region-se-reunieron-para-investigar-con-explora-biobio\/equipo-reunido-con-su-asesor-cientifico-de-iie\/'><img loading=\"lazy\" decoding=\"async\" width=\"150\" height=\"150\" src=\"https:\/\/dev.explora.cl\/biobio\/wp-content\/uploads\/sites\/14\/2024\/05\/Equipo-reunido-con-su-asesor-cient\u00edfico-de-IIE-150x150.jpg\" class=\"attachment-thumbnail size-thumbnail\" alt=\"\" srcset=\"https:\/\/dev.explora.cl\/biobio\/wp-content\/uploads\/sites\/14\/2024\/05\/Equipo-reunido-con-su-asesor-cient\u00edfico-de-IIE-150x150.jpg 150w, https:\/\/dev.explora.cl\/biobio\/wp-content\/uploads\/sites\/14\/2024\/05\/Equipo-reunido-con-su-asesor-cient\u00edfico-de-IIE-300x300.jpg 300w, https:\/\/dev.explora.cl\/biobio\/wp-content\/uploads\/sites\/14\/2024\/05\/Equipo-reunido-con-su-asesor-cient\u00edfico-de-IIE-60x60.jpg 60w\" sizes=\"auto, (max-width: 150px) 100vw, 150px\" \/><\/a>\n\t\t\t<\/div><\/figure>\n\t\t<\/div>\n\n<p>&nbsp;<\/p>\n","protected":false},"excerpt":{"rendered":"<p>Desde temprano empezaron a llegar las y los integrantes de los 80 equipos que este a\u00f1o participan en \u201cInvestigaci\u00f3n e Innovaci\u00f3n Escolar, \u00a1Tras la pista de los datos!\u201d, de Explora Biob\u00edo, al Centro Interactivo de Ciencias, Artes y Tecnolog\u00eda, CICAT.<\/p>\n","protected":false},"author":30,"featured_media":40914,"comment_status":"open","ping_status":"open","sticky":false,"template":"","format":"standard","meta":{"_acf_changed":false,"_exactmetrics_skip_tracking":false,"_exactmetrics_sitenote_active":false,"_exactmetrics_sitenote_note":"","_exactmetrics_sitenote_category":0,"footnotes":"","_links_to":"","_links_to_target":""},"categories":[151,4,342],"tags":[157,147,100],"class_list":["post-40913","post","type-post","status-publish","format-standard","has-post-thumbnail","hentry","category-banner","category-noticias","category-ultimas-noticias","tag-explora-biobio","tag-innovacion-escolar","tag-investigacion"],"acf":[],"yoast_head":"<!-- This site is optimized with the Yoast SEO plugin v26.7 - https:\/\/yoast.com\/wordpress\/plugins\/seo\/ -->\n<title>M\u00e1s de 100 estudiantes se reunieron para investigar con Explora Biob\u00edo<\/title>\n<meta name=\"description\" content=\"En la jornada se reunieron m\u00e1s de 130 estudiantes para comenzar el trabajo de investigaci\u00f3n, quienes pertenecen a las tres provincias de la regi\u00f3n.\" class=\"yoast-seo-meta-tag\" \/>\n<meta name=\"robots\" content=\"index, follow, max-snippet:-1, max-image-preview:large, max-video-preview:-1\" \/>\n<link rel=\"canonical\" href=\"https:\/\/dev.explora.cl\/biobio\/mas-de-100-estudiantes-de-la-region-se-reunieron-para-investigar-con-explora-biobio\/\" class=\"yoast-seo-meta-tag\" \/>\n<meta property=\"og:locale\" content=\"es_ES\" class=\"yoast-seo-meta-tag\" \/>\n<meta property=\"og:type\" content=\"article\" class=\"yoast-seo-meta-tag\" \/>\n<meta property=\"og:title\" content=\"M\u00e1s de 100 estudiantes se reunieron para investigar con Explora Biob\u00edo\" class=\"yoast-seo-meta-tag\" \/>\n<meta property=\"og:description\" content=\"En la jornada se reunieron m\u00e1s de 130 estudiantes para comenzar el trabajo de investigaci\u00f3n, quienes pertenecen a las tres provincias de la regi\u00f3n.\" class=\"yoast-seo-meta-tag\" \/>\n<meta property=\"og:url\" content=\"https:\/\/dev.explora.cl\/biobio\/mas-de-100-estudiantes-de-la-region-se-reunieron-para-investigar-con-explora-biobio\/\" class=\"yoast-seo-meta-tag\" \/>\n<meta property=\"og:site_name\" content=\"Biob\u00edo\" class=\"yoast-seo-meta-tag\" \/>\n<meta property=\"article:published_time\" content=\"2024-05-03T19:19:14+00:00\" class=\"yoast-seo-meta-tag\" \/>\n<meta property=\"og:image\" content=\"https:\/\/dev.explora.cl\/biobio\/wp-content\/uploads\/sites\/14\/2024\/05\/Equipo-reunido-con-su-asesor-cient\u00edfico-de-IIE-1024x683.jpg\" class=\"yoast-seo-meta-tag\" \/>\n\t<meta property=\"og:image:width\" content=\"1024\" class=\"yoast-seo-meta-tag\" \/>\n\t<meta property=\"og:image:height\" content=\"683\" class=\"yoast-seo-meta-tag\" \/>\n\t<meta property=\"og:image:type\" content=\"image\/jpeg\" class=\"yoast-seo-meta-tag\" \/>\n<meta name=\"author\" content=\"froldan\" class=\"yoast-seo-meta-tag\" \/>\n<meta name=\"twitter:card\" content=\"summary_large_image\" class=\"yoast-seo-meta-tag\" \/>\n<meta name=\"twitter:label1\" content=\"Escrito por\" class=\"yoast-seo-meta-tag\" \/>\n\t<meta name=\"twitter:data1\" content=\"froldan\" class=\"yoast-seo-meta-tag\" \/>\n\t<meta name=\"twitter:label2\" content=\"Tiempo estimado de lectura\" class=\"yoast-seo-meta-tag\" \/>\n\t<meta name=\"twitter:data2\" content=\"3 minutos\" class=\"yoast-seo-meta-tag\" \/>\n<script type=\"application\/ld+json\" class=\"yoast-schema-graph\">{\"@context\":\"https:\/\/schema.org\",\"@graph\":[{\"@type\":\"Article\",\"@id\":\"https:\/\/dev.explora.cl\/biobio\/mas-de-100-estudiantes-de-la-region-se-reunieron-para-investigar-con-explora-biobio\/#article\",\"isPartOf\":{\"@id\":\"https:\/\/dev.explora.cl\/biobio\/mas-de-100-estudiantes-de-la-region-se-reunieron-para-investigar-con-explora-biobio\/\"},\"author\":{\"name\":\"froldan\",\"@id\":\"https:\/\/dev.explora.cl\/biobio\/#\/schema\/person\/28e098d9fbc79016ed58bab1c631252b\"},\"headline\":\"M\u00e1s de 100 estudiantes de toda la regi\u00f3n se reunieron para investigar e innovar con Explora Biob\u00edo\",\"datePublished\":\"2024-05-03T19:19:14+00:00\",\"mainEntityOfPage\":{\"@id\":\"https:\/\/dev.explora.cl\/biobio\/mas-de-100-estudiantes-de-la-region-se-reunieron-para-investigar-con-explora-biobio\/\"},\"wordCount\":641,\"commentCount\":0,\"image\":{\"@id\":\"https:\/\/dev.explora.cl\/biobio\/mas-de-100-estudiantes-de-la-region-se-reunieron-para-investigar-con-explora-biobio\/#primaryimage\"},\"thumbnailUrl\":\"https:\/\/dev.explora.cl\/biobio\/wp-content\/uploads\/sites\/14\/2024\/05\/Equipo-reunido-con-su-asesor-cient\u00edfico-de-IIE.jpg\",\"keywords\":[\"EXPLORA Biob\u00edo\",\"innovaci\u00f3n escolar\",\"investigaci\u00f3n\"],\"articleSection\":[\"Banner\",\"Noticias\",\"Ultimas noticias\"],\"inLanguage\":\"es-CL\",\"potentialAction\":[{\"@type\":\"CommentAction\",\"name\":\"Comment\",\"target\":[\"https:\/\/dev.explora.cl\/biobio\/mas-de-100-estudiantes-de-la-region-se-reunieron-para-investigar-con-explora-biobio\/#respond\"]}]},{\"@type\":\"WebPage\",\"@id\":\"https:\/\/dev.explora.cl\/biobio\/mas-de-100-estudiantes-de-la-region-se-reunieron-para-investigar-con-explora-biobio\/\",\"url\":\"https:\/\/dev.explora.cl\/biobio\/mas-de-100-estudiantes-de-la-region-se-reunieron-para-investigar-con-explora-biobio\/\",\"name\":\"M\u00e1s de 100 estudiantes se reunieron para investigar con Explora Biob\u00edo\",\"isPartOf\":{\"@id\":\"https:\/\/dev.explora.cl\/biobio\/#website\"},\"primaryImageOfPage\":{\"@id\":\"https:\/\/dev.explora.cl\/biobio\/mas-de-100-estudiantes-de-la-region-se-reunieron-para-investigar-con-explora-biobio\/#primaryimage\"},\"image\":{\"@id\":\"https:\/\/dev.explora.cl\/biobio\/mas-de-100-estudiantes-de-la-region-se-reunieron-para-investigar-con-explora-biobio\/#primaryimage\"},\"thumbnailUrl\":\"https:\/\/dev.explora.cl\/biobio\/wp-content\/uploads\/sites\/14\/2024\/05\/Equipo-reunido-con-su-asesor-cient\u00edfico-de-IIE.jpg\",\"datePublished\":\"2024-05-03T19:19:14+00:00\",\"author\":{\"@id\":\"https:\/\/dev.explora.cl\/biobio\/#\/schema\/person\/28e098d9fbc79016ed58bab1c631252b\"},\"description\":\"En la jornada se reunieron m\u00e1s de 130 estudiantes para comenzar el trabajo de investigaci\u00f3n, quienes pertenecen a las tres provincias de la regi\u00f3n.\",\"breadcrumb\":{\"@id\":\"https:\/\/dev.explora.cl\/biobio\/mas-de-100-estudiantes-de-la-region-se-reunieron-para-investigar-con-explora-biobio\/#breadcrumb\"},\"inLanguage\":\"es-CL\",\"potentialAction\":[{\"@type\":\"ReadAction\",\"target\":[\"https:\/\/dev.explora.cl\/biobio\/mas-de-100-estudiantes-de-la-region-se-reunieron-para-investigar-con-explora-biobio\/\"]}]},{\"@type\":\"ImageObject\",\"inLanguage\":\"es-CL\",\"@id\":\"https:\/\/dev.explora.cl\/biobio\/mas-de-100-estudiantes-de-la-region-se-reunieron-para-investigar-con-explora-biobio\/#primaryimage\",\"url\":\"https:\/\/dev.explora.cl\/biobio\/wp-content\/uploads\/sites\/14\/2024\/05\/Equipo-reunido-con-su-asesor-cient\u00edfico-de-IIE.jpg\",\"contentUrl\":\"https:\/\/dev.explora.cl\/biobio\/wp-content\/uploads\/sites\/14\/2024\/05\/Equipo-reunido-con-su-asesor-cient\u00edfico-de-IIE.jpg\",\"width\":6000,\"height\":4000},{\"@type\":\"BreadcrumbList\",\"@id\":\"https:\/\/dev.explora.cl\/biobio\/mas-de-100-estudiantes-de-la-region-se-reunieron-para-investigar-con-explora-biobio\/#breadcrumb\",\"itemListElement\":[{\"@type\":\"ListItem\",\"position\":1,\"name\":\"Portada\",\"item\":\"https:\/\/dev.explora.cl\/biobio\/\"},{\"@type\":\"ListItem\",\"position\":2,\"name\":\"M\u00e1s de 100 estudiantes de toda la regi\u00f3n se reunieron para investigar e innovar con Explora Biob\u00edo\"}]},{\"@type\":\"WebSite\",\"@id\":\"https:\/\/dev.explora.cl\/biobio\/#website\",\"url\":\"https:\/\/dev.explora.cl\/biobio\/\",\"name\":\"Biob\u00edo\",\"description\":\"Otro sitio m\u00e1s de dev.explora.cl\",\"potentialAction\":[{\"@type\":\"SearchAction\",\"target\":{\"@type\":\"EntryPoint\",\"urlTemplate\":\"https:\/\/dev.explora.cl\/biobio\/?s={search_term_string}\"},\"query-input\":{\"@type\":\"PropertyValueSpecification\",\"valueRequired\":true,\"valueName\":\"search_term_string\"}}],\"inLanguage\":\"es-CL\"},{\"@type\":\"Person\",\"@id\":\"https:\/\/dev.explora.cl\/biobio\/#\/schema\/person\/28e098d9fbc79016ed58bab1c631252b\",\"name\":\"froldan\",\"image\":{\"@type\":\"ImageObject\",\"inLanguage\":\"es-CL\",\"@id\":\"https:\/\/dev.explora.cl\/biobio\/#\/schema\/person\/image\/\",\"url\":\"https:\/\/secure.gravatar.com\/avatar\/07411080a6eab15b4aa8ebd4adb95b647d8ae9592fad7632257da2a562da9b88?s=96&d=mm&r=g\",\"contentUrl\":\"https:\/\/secure.gravatar.com\/avatar\/07411080a6eab15b4aa8ebd4adb95b647d8ae9592fad7632257da2a562da9b88?s=96&d=mm&r=g\",\"caption\":\"froldan\"},\"url\":\"https:\/\/dev.explora.cl\/biobio\/author\/froldan\/\"}]}<\/script>\n<!-- \/ Yoast SEO plugin. -->","yoast_head_json":{"title":"M\u00e1s de 100 estudiantes se reunieron para investigar con Explora Biob\u00edo","description":"En la jornada se reunieron m\u00e1s de 130 estudiantes para comenzar el trabajo de investigaci\u00f3n, quienes pertenecen a las tres provincias de la regi\u00f3n.","robots":{"index":"index","follow":"follow","max-snippet":"max-snippet:-1","max-image-preview":"max-image-preview:large","max-video-preview":"max-video-preview:-1"},"canonical":"https:\/\/dev.explora.cl\/biobio\/mas-de-100-estudiantes-de-la-region-se-reunieron-para-investigar-con-explora-biobio\/","og_locale":"es_ES","og_type":"article","og_title":"M\u00e1s de 100 estudiantes se reunieron para investigar con Explora Biob\u00edo","og_description":"En la jornada se reunieron m\u00e1s de 130 estudiantes para comenzar el trabajo de investigaci\u00f3n, quienes pertenecen a las tres provincias de la regi\u00f3n.","og_url":"https:\/\/dev.explora.cl\/biobio\/mas-de-100-estudiantes-de-la-region-se-reunieron-para-investigar-con-explora-biobio\/","og_site_name":"Biob\u00edo","article_published_time":"2024-05-03T19:19:14+00:00","og_image":[{"width":1024,"height":683,"url":"https:\/\/dev.explora.cl\/biobio\/wp-content\/uploads\/sites\/14\/2024\/05\/Equipo-reunido-con-su-asesor-cient\u00edfico-de-IIE-1024x683.jpg","type":"image\/jpeg"}],"author":"froldan","twitter_card":"summary_large_image","twitter_misc":{"Escrito por":"froldan","Tiempo estimado de lectura":"3 minutos"},"schema":{"@context":"https:\/\/schema.org","@graph":[{"@type":"Article","@id":"https:\/\/dev.explora.cl\/biobio\/mas-de-100-estudiantes-de-la-region-se-reunieron-para-investigar-con-explora-biobio\/#article","isPartOf":{"@id":"https:\/\/dev.explora.cl\/biobio\/mas-de-100-estudiantes-de-la-region-se-reunieron-para-investigar-con-explora-biobio\/"},"author":{"name":"froldan","@id":"https:\/\/dev.explora.cl\/biobio\/#\/schema\/person\/28e098d9fbc79016ed58bab1c631252b"},"headline":"M\u00e1s de 100 estudiantes de toda la regi\u00f3n se reunieron para investigar e innovar con Explora Biob\u00edo","datePublished":"2024-05-03T19:19:14+00:00","mainEntityOfPage":{"@id":"https:\/\/dev.explora.cl\/biobio\/mas-de-100-estudiantes-de-la-region-se-reunieron-para-investigar-con-explora-biobio\/"},"wordCount":641,"commentCount":0,"image":{"@id":"https:\/\/dev.explora.cl\/biobio\/mas-de-100-estudiantes-de-la-region-se-reunieron-para-investigar-con-explora-biobio\/#primaryimage"},"thumbnailUrl":"https:\/\/dev.explora.cl\/biobio\/wp-content\/uploads\/sites\/14\/2024\/05\/Equipo-reunido-con-su-asesor-cient\u00edfico-de-IIE.jpg","keywords":["EXPLORA Biob\u00edo","innovaci\u00f3n escolar","investigaci\u00f3n"],"articleSection":["Banner","Noticias","Ultimas noticias"],"inLanguage":"es-CL","potentialAction":[{"@type":"CommentAction","name":"Comment","target":["https:\/\/dev.explora.cl\/biobio\/mas-de-100-estudiantes-de-la-region-se-reunieron-para-investigar-con-explora-biobio\/#respond"]}]},{"@type":"WebPage","@id":"https:\/\/dev.explora.cl\/biobio\/mas-de-100-estudiantes-de-la-region-se-reunieron-para-investigar-con-explora-biobio\/","url":"https:\/\/dev.explora.cl\/biobio\/mas-de-100-estudiantes-de-la-region-se-reunieron-para-investigar-con-explora-biobio\/","name":"M\u00e1s de 100 estudiantes se reunieron para investigar con Explora Biob\u00edo","isPartOf":{"@id":"https:\/\/dev.explora.cl\/biobio\/#website"},"primaryImageOfPage":{"@id":"https:\/\/dev.explora.cl\/biobio\/mas-de-100-estudiantes-de-la-region-se-reunieron-para-investigar-con-explora-biobio\/#primaryimage"},"image":{"@id":"https:\/\/dev.explora.cl\/biobio\/mas-de-100-estudiantes-de-la-region-se-reunieron-para-investigar-con-explora-biobio\/#primaryimage"},"thumbnailUrl":"https:\/\/dev.explora.cl\/biobio\/wp-content\/uploads\/sites\/14\/2024\/05\/Equipo-reunido-con-su-asesor-cient\u00edfico-de-IIE.jpg","datePublished":"2024-05-03T19:19:14+00:00","author":{"@id":"https:\/\/dev.explora.cl\/biobio\/#\/schema\/person\/28e098d9fbc79016ed58bab1c631252b"},"description":"En la jornada se reunieron m\u00e1s de 130 estudiantes para comenzar el trabajo de investigaci\u00f3n, quienes pertenecen a las tres provincias de la regi\u00f3n.","breadcrumb":{"@id":"https:\/\/dev.explora.cl\/biobio\/mas-de-100-estudiantes-de-la-region-se-reunieron-para-investigar-con-explora-biobio\/#breadcrumb"},"inLanguage":"es-CL","potentialAction":[{"@type":"ReadAction","target":["https:\/\/dev.explora.cl\/biobio\/mas-de-100-estudiantes-de-la-region-se-reunieron-para-investigar-con-explora-biobio\/"]}]},{"@type":"ImageObject","inLanguage":"es-CL","@id":"https:\/\/dev.explora.cl\/biobio\/mas-de-100-estudiantes-de-la-region-se-reunieron-para-investigar-con-explora-biobio\/#primaryimage","url":"https:\/\/dev.explora.cl\/biobio\/wp-content\/uploads\/sites\/14\/2024\/05\/Equipo-reunido-con-su-asesor-cient\u00edfico-de-IIE.jpg","contentUrl":"https:\/\/dev.explora.cl\/biobio\/wp-content\/uploads\/sites\/14\/2024\/05\/Equipo-reunido-con-su-asesor-cient\u00edfico-de-IIE.jpg","width":6000,"height":4000},{"@type":"BreadcrumbList","@id":"https:\/\/dev.explora.cl\/biobio\/mas-de-100-estudiantes-de-la-region-se-reunieron-para-investigar-con-explora-biobio\/#breadcrumb","itemListElement":[{"@type":"ListItem","position":1,"name":"Portada","item":"https:\/\/dev.explora.cl\/biobio\/"},{"@type":"ListItem","position":2,"name":"M\u00e1s de 100 estudiantes de toda la regi\u00f3n se reunieron para investigar e innovar con Explora Biob\u00edo"}]},{"@type":"WebSite","@id":"https:\/\/dev.explora.cl\/biobio\/#website","url":"https:\/\/dev.explora.cl\/biobio\/","name":"Biob\u00edo","description":"Otro sitio m\u00e1s de dev.explora.cl","potentialAction":[{"@type":"SearchAction","target":{"@type":"EntryPoint","urlTemplate":"https:\/\/dev.explora.cl\/biobio\/?s={search_term_string}"},"query-input":{"@type":"PropertyValueSpecification","valueRequired":true,"valueName":"search_term_string"}}],"inLanguage":"es-CL"},{"@type":"Person","@id":"https:\/\/dev.explora.cl\/biobio\/#\/schema\/person\/28e098d9fbc79016ed58bab1c631252b","name":"froldan","image":{"@type":"ImageObject","inLanguage":"es-CL","@id":"https:\/\/dev.explora.cl\/biobio\/#\/schema\/person\/image\/","url":"https:\/\/secure.gravatar.com\/avatar\/07411080a6eab15b4aa8ebd4adb95b647d8ae9592fad7632257da2a562da9b88?s=96&d=mm&r=g","contentUrl":"https:\/\/secure.gravatar.com\/avatar\/07411080a6eab15b4aa8ebd4adb95b647d8ae9592fad7632257da2a562da9b88?s=96&d=mm&r=g","caption":"froldan"},"url":"https:\/\/dev.explora.cl\/biobio\/author\/froldan\/"}]}},"_links":{"self":[{"href":"https:\/\/dev.explora.cl\/biobio\/wp-json\/wp\/v2\/posts\/40913","targetHints":{"allow":["GET"]}}],"collection":[{"href":"https:\/\/dev.explora.cl\/biobio\/wp-json\/wp\/v2\/posts"}],"about":[{"href":"https:\/\/dev.explora.cl\/biobio\/wp-json\/wp\/v2\/types\/post"}],"author":[{"embeddable":true,"href":"https:\/\/dev.explora.cl\/biobio\/wp-json\/wp\/v2\/users\/30"}],"replies":[{"embeddable":true,"href":"https:\/\/dev.explora.cl\/biobio\/wp-json\/wp\/v2\/comments?post=40913"}],"version-history":[{"count":4,"href":"https:\/\/dev.explora.cl\/biobio\/wp-json\/wp\/v2\/posts\/40913\/revisions"}],"predecessor-version":[{"id":40923,"href":"https:\/\/dev.explora.cl\/biobio\/wp-json\/wp\/v2\/posts\/40913\/revisions\/40923"}],"wp:featuredmedia":[{"embeddable":true,"href":"https:\/\/dev.explora.cl\/biobio\/wp-json\/wp\/v2\/media\/40914"}],"wp:attachment":[{"href":"https:\/\/dev.explora.cl\/biobio\/wp-json\/wp\/v2\/media?parent=40913"}],"wp:term":[{"taxonomy":"category","embeddable":true,"href":"https:\/\/dev.explora.cl\/biobio\/wp-json\/wp\/v2\/categories?post=40913"},{"taxonomy":"post_tag","embeddable":true,"href":"https:\/\/dev.explora.cl\/biobio\/wp-json\/wp\/v2\/tags?post=40913"}],"curies":[{"name":"wp","href":"https:\/\/api.w.org\/{rel}","templated":true}]}}