{"id":40395,"date":"2023-08-11T10:36:09","date_gmt":"2023-08-11T14:36:09","guid":{"rendered":"https:\/\/dev.explora.cl\/biobio\/?p=40395"},"modified":"2023-08-11T10:36:09","modified_gmt":"2023-08-11T14:36:09","slug":"estudiantes-de-16-comunas-del-biobio-vivieron-el-primer-encuentro-de-iie-2023","status":"publish","type":"post","link":"https:\/\/dev.explora.cl\/biobio\/estudiantes-de-16-comunas-del-biobio-vivieron-el-primer-encuentro-de-iie-2023\/","title":{"rendered":"Estudiantes de 16 comunas del Biob\u00edo vivieron el primer encuentro de \u201cIIE 2023\u201d"},"content":{"rendered":"<p>[vc_row][vc_column][vc_column_text]<\/p>\n<p style=\"text-align: center\"><i><span style=\"font-weight: 400\">Son 60 grupos de estudiantes representantes de todas las provincias del Biob\u00edo, quienes realizar\u00e1n en los pr\u00f3ximos meses un proyecto en el marco de la iniciativa Investigaci\u00f3n e Innovaci\u00f3n Escolar, acompa\u00f1ados\/as de un asesor\/a cient\u00edfico\/a y docentes de sus establecimientos educacionales. <\/span><\/i><\/p>\n<p>[\/vc_column_text][\/vc_column][\/vc_row][vc_row][vc_column][vc_column_text]<span style=\"font-weight: 400\">El martes 8 de agosto se reunieron los m\u00e1s de <\/span><b>230 estudiantes<\/b><span style=\"font-weight: 400\"> que participan en la iniciativa <\/span><b>Investigaci\u00f3n e Innovaci\u00f3n Escolar, IIE 2023<\/b><span style=\"font-weight: 400\">, organizada por el Proyecto Asociativo Regional Explora Biob\u00edo; la cual busca promover la socializaci\u00f3n del conocimiento y el desarrollo de competencias para la valoraci\u00f3n de la ciencia, tecnolog\u00eda e innovaci\u00f3n en la comunidad educativa.\u00a0<\/span><\/p>\n<p><span style=\"font-weight: 400\">As\u00ed, estudiantes de educaci\u00f3n b\u00e1sica y media desarrollar\u00e1n una investigaci\u00f3n que genere impacto en sus territorios, ya sea en el \u00e1rea de Ciencias Naturales, Ciencias Sociales, Artes y Humanidades, o en Tecnolog\u00eda e Innovaci\u00f3n.<\/span><\/p>\n<p><span style=\"font-weight: 400\">Para <\/span><b>M\u00f3nica Badilla Ram\u00edrez<\/b><span style=\"font-weight: 400\">, directora del PAR Explora Biob\u00edo, esta es una de las iniciativas m\u00e1s importantes del programa, ya que desde estas instancias es que muchas veces surgen las vocaciones: <\/span><i><span style=\"font-weight: 400\">\u201cEn encuentros como este, en una feria cient\u00edfica, o en un encuentro final donde los grupos muestran los resultados, los ni\u00f1os y ni\u00f1as pueden ver su aprendizaje, que los marca y genera una vocaci\u00f3n profesional a futuro\u201d<\/span><\/i><span style=\"font-weight: 400\">, destac\u00f3 M\u00f3nica, quien agreg\u00f3 que instancias como IIE <\/span><i><span style=\"font-weight: 400\">\u201cson experiencias memorables que\u00a0 permiten desarrollar vocaciones cient\u00edficas y en innovaci\u00f3n tambi\u00e9n\u201d.<\/span><\/i>[\/vc_column_text][\/vc_column][\/vc_row][vc_row][vc_column][vc_column_text]<\/p>\n<h3><b>Primer encuentro de IIE 2023<\/b><\/h3>\n<p>[\/vc_column_text][\/vc_column][\/vc_row][vc_row][vc_column][vc_column_text]<span style=\"font-weight: 400\">Este primer encuentro tuvo lugar a las <\/span><b>10 de la ma\u00f1ana del martes 8 en la Casa del Deporte de la Universidad de Concepci\u00f3n<\/b><span style=\"font-weight: 400\">. Hasta all\u00e1 llegaron las autoridades invitadas, junto con 52 docentes gu\u00eda, 233 estudiantes y 60 asesores\/as cient\u00edficos\/as.<\/span><\/p>\n<p><span style=\"font-weight: 400\">Por ello es que se hizo presente la Vicerrectora de Investigaci\u00f3n y Desarrollo de la Universidad de Concepci\u00f3n, <\/span><b>Andrea Rodr\u00edguez Tastets<\/b><span style=\"font-weight: 400\">, quien valor\u00f3 que estas iniciativas acerquen la academia y a la universidad con estudiantes de educaci\u00f3n b\u00e1sica y media.<\/span><\/p>\n<p><i><span style=\"font-weight: 400\">\u201cEl acercamiento de la academia al mundo escolar es fundamental porque nos permite transmitir y valorar el conocimiento, as\u00ed como acercar a las y los estudiantes, que son finalmente el futuro, a la iniciativa, la creatividad, al cuestionamiento y finalmente a la curiosidad, para as\u00ed establecer los cimientos para los\/as futuros profesionales que queremos formar en nuestro pa\u00eds\u201d<\/span><\/i><span style=\"font-weight: 400\">, coment\u00f3 la vicerrectora.<\/span><\/p>\n<p><span style=\"font-weight: 400\">Tras la ceremonia inaugural, que cont\u00f3 con una charla motivacional a cargo del Dr. Claudio Jim\u00e9nez, cada uno de los 60 clubes investigadores se reuni\u00f3 para trabajar en su proyecto siguiendo el m\u00e9todo cient\u00edfico a trav\u00e9s de un p\u00f3ster para rellenar.<\/span><\/p>\n<p><span style=\"font-weight: 400\">Este m\u00e9todo promueve que a ra\u00edz de una pregunta se puedan encontrar conclusiones, algo que la Seremi de Educaci\u00f3n, <\/span><b>Elizabeth Ch\u00e1vez Bravo<\/b><span style=\"font-weight: 400\">, destac\u00f3, ya que <\/span><i><span style=\"font-weight: 400\">\u201cdentro del proceso educativo necesitamos que los\/as estudiantes puedan hacerse preguntas, puedan desarrollarse formativamente en la investigaci\u00f3n, as\u00ed como preguntarse cada d\u00eda para ir resolviendo las circunstancias de la vida\u201d<\/span><\/i><span style=\"font-weight: 400\">, factores que son promovidos por IIE.<\/span><\/p>\n<p><span style=\"font-weight: 400\">Luego, estudiantes y docentes se separaron, para tener actividades m\u00e1s focalizadas. As\u00ed, ni\u00f1as, ni\u00f1os y adolescentes disfrutaron de juegos de rapidez, activaci\u00f3n y participaron por los entretenidos premios que albergaba el \u201cDesaf\u00edo de los tres cofres\u201d. En tanto, las y los docentes compartieron con Ray\u00e9n Inostroza, conocida como <\/span><a href=\"https:\/\/www.instagram.com\/la_profe_online\/\"><span style=\"font-weight: 400\">@la_profe_online<\/span><\/a><span style=\"font-weight: 400\"> en Instagram; reflexionaron acerca de las herramientas digitales que se pueden aplicar en el aula y compartieron sus experiencias.<\/span>[\/vc_column_text][\/vc_column][\/vc_row][vc_row][vc_column][vc_column_text]<\/p>\n<h3><b>IIE 2023: Gran participaci\u00f3n femenina y alcance en regi\u00f3n<\/b><\/h3>\n<p>[\/vc_column_text][\/vc_column][\/vc_row][vc_row][vc_column][vc_column_text]<span style=\"font-weight: 400\">Esta versi\u00f3n de la iniciativa destaca por tener una gran participaci\u00f3n femenina, ya que en la totalidad de participantes, contando estudiantes, docentes y asesoras cient\u00edficas, <\/span><b>m\u00e1s del 60% corresponde a mujeres.\u00a0<\/b><\/p>\n<p><span style=\"font-weight: 400\">Este hecho fue destacado por la Seremi de Ciencias de la Macrozona Centro Sur, <\/span><b>Sof\u00eda Valenzuela<\/b><span style=\"font-weight: 400\">, quien expres\u00f3 a los asistentes su alegr\u00eda por ello. <\/span><i><span style=\"font-weight: 400\">\u201cEstoy muy contenta de que en esta actividad haya muchas ni\u00f1as y mujeres. En ciencias, hay 3 mujeres por cada 10 hombres, y as\u00ed apuntamos a disminuir esa brecha\u201d, coment\u00f3 la Seremi de Ciencias.\u00a0<\/span><\/i><\/p>\n<p><span style=\"font-weight: 400\">Una de las asesoras es la<\/span><b> Dra.<\/b> <b>Mar\u00eda Dolores L\u00f3pez Belch\u00ed<\/b><span style=\"font-weight: 400\">, quien lleva a\u00f1os colaborando con el PAR Explora Biob\u00edo debido a que le gusta el trabajo con ni\u00f1as y ni\u00f1os, porque <\/span><i><span style=\"font-weight: 400\">\u201cson muy receptivos a estas iniciativas. Siempre est\u00e1n felices de conocer y de estar cerca de la parte universitaria y acad\u00e9mica. Son ni\u00f1os, tienen muchas ilusiones y ganas de aprender\u201d<\/span><\/i><span style=\"font-weight: 400\">, coment\u00f3 la doctora.\u00a0<\/span><\/p>\n<p><span style=\"font-weight: 400\">Recordemos que IIE es una iniciativa del Programa Asociativo Regional Explora, financiado por el Ministerio de Ciencia, Tecnolog\u00eda, Conocimiento e Innovaci\u00f3n, que en la Regi\u00f3n del Biob\u00edo es liderado por el Centro Interactivo de Ciencias, Artes y Tecnolog\u00eda, de la Universidad de Concepci\u00f3n.<\/span><\/p>\n<p><span style=\"font-weight: 400\">En esta ocasi\u00f3n, se congregaron clubes de todas las provincias de la Regi\u00f3n del Biob\u00edo, siendo 16 el total de comunas participantes este a\u00f1o, quienes en noviembre presentar\u00e1n las conclusiones de sus investigaciones.<\/span><\/p>\n<p><span style=\"font-weight: 400\">Desde el colegio San Diego de Alcal\u00e1 de la comuna de Tucapel lleg\u00f3 el profesor <\/span><b>H\u00e9ctor Soto<\/b><span style=\"font-weight: 400\">, quien desde el 2004 ha participado en diversas iniciativas del PAR Explora Biob\u00edo y se\u00f1ala que estas iniciativas permiten ampliar el mundo de sus estudiantes: <\/span><i><span style=\"font-weight: 400\">\u201cEn la comuna de la que vengo no hay muchas alternativas y Explora ha ayudado a que las y los chiquillos que ampl\u00eden su mundo\u201d<\/span><\/i><span style=\"font-weight: 400\">, coment\u00f3 el profesor.<\/span>[\/vc_column_text][\/vc_column][\/vc_row][vc_row][vc_column][vc_images_carousel images=&#8221;40399,40400,40401,40402&#8243; img_size=&#8221;735 x 470&#8243; autoplay=&#8221;yes&#8221; wrap=&#8221;yes&#8221;][\/vc_column][\/vc_row]<\/p>\n","protected":false},"excerpt":{"rendered":"<p>Investigaci\u00f3n e Innovaci\u00f3n Escolar, IIE 2023, comenz\u00f3 el 8 de agosto, con 60 clubes que realizar\u00e1n investigaciones cient\u00edficas y de innovaci\u00f3n.<\/p>\n","protected":false},"author":30,"featured_media":40408,"comment_status":"open","ping_status":"open","sticky":false,"template":"","format":"standard","meta":{"_acf_changed":false,"_exactmetrics_skip_tracking":false,"_exactmetrics_sitenote_active":false,"_exactmetrics_sitenote_note":"","_exactmetrics_sitenote_category":0,"footnotes":"","_links_to":"","_links_to_target":""},"categories":[4,342],"tags":[157,346,350],"class_list":["post-40395","post","type-post","status-publish","format-standard","has-post-thumbnail","hentry","category-noticias","category-ultimas-noticias","tag-explora-biobio","tag-iie-2023","tag-noticias-explora"],"acf":[],"yoast_head":"<!-- This site is optimized with the Yoast SEO plugin v26.7 - https:\/\/yoast.com\/wordpress\/plugins\/seo\/ -->\n<title>Primer encuentro de Investigaci\u00f3n e Innovaci\u00f3n 2023 de Explora Biob\u00edo<\/title>\n<meta name=\"description\" content=\"Investigaci\u00f3n e Innovaci\u00f3n Escolar 2023 inici\u00f3 el 8 de agosto, y en el 60 clubes con estudiantes de b\u00e1sica y media investigar\u00e1n sobre ciencias.\" class=\"yoast-seo-meta-tag\" \/>\n<meta name=\"robots\" content=\"index, follow, max-snippet:-1, max-image-preview:large, max-video-preview:-1\" \/>\n<link rel=\"canonical\" href=\"https:\/\/dev.explora.cl\/biobio\/estudiantes-de-16-comunas-del-biobio-vivieron-el-primer-encuentro-de-iie-2023\/\" class=\"yoast-seo-meta-tag\" \/>\n<meta property=\"og:locale\" content=\"es_ES\" class=\"yoast-seo-meta-tag\" \/>\n<meta property=\"og:type\" content=\"article\" class=\"yoast-seo-meta-tag\" \/>\n<meta property=\"og:title\" content=\"Primer encuentro de Investigaci\u00f3n e Innovaci\u00f3n 2023 de Explora Biob\u00edo\" class=\"yoast-seo-meta-tag\" \/>\n<meta property=\"og:description\" content=\"Investigaci\u00f3n e Innovaci\u00f3n Escolar 2023 inici\u00f3 el 8 de agosto, y en el 60 clubes con estudiantes de b\u00e1sica y media investigar\u00e1n sobre ciencias.\" class=\"yoast-seo-meta-tag\" \/>\n<meta property=\"og:url\" content=\"https:\/\/dev.explora.cl\/biobio\/estudiantes-de-16-comunas-del-biobio-vivieron-el-primer-encuentro-de-iie-2023\/\" class=\"yoast-seo-meta-tag\" \/>\n<meta property=\"og:site_name\" content=\"Biob\u00edo\" class=\"yoast-seo-meta-tag\" \/>\n<meta property=\"article:published_time\" content=\"2023-08-11T14:36:09+00:00\" class=\"yoast-seo-meta-tag\" \/>\n<meta property=\"og:image\" content=\"https:\/\/dev.explora.cl\/biobio\/wp-content\/uploads\/sites\/14\/2023\/08\/encuentro-iie-2023.png\" class=\"yoast-seo-meta-tag\" \/>\n\t<meta property=\"og:image:width\" content=\"735\" class=\"yoast-seo-meta-tag\" \/>\n\t<meta property=\"og:image:height\" content=\"470\" class=\"yoast-seo-meta-tag\" \/>\n\t<meta property=\"og:image:type\" content=\"image\/png\" class=\"yoast-seo-meta-tag\" \/>\n<meta name=\"author\" content=\"froldan\" class=\"yoast-seo-meta-tag\" \/>\n<meta name=\"twitter:card\" content=\"summary_large_image\" class=\"yoast-seo-meta-tag\" \/>\n<meta name=\"twitter:label1\" content=\"Escrito por\" class=\"yoast-seo-meta-tag\" \/>\n\t<meta name=\"twitter:data1\" content=\"froldan\" class=\"yoast-seo-meta-tag\" \/>\n\t<meta name=\"twitter:label2\" content=\"Tiempo estimado de lectura\" class=\"yoast-seo-meta-tag\" \/>\n\t<meta name=\"twitter:data2\" content=\"5 minutos\" class=\"yoast-seo-meta-tag\" \/>\n<script type=\"application\/ld+json\" class=\"yoast-schema-graph\">{\"@context\":\"https:\/\/schema.org\",\"@graph\":[{\"@type\":\"Article\",\"@id\":\"https:\/\/dev.explora.cl\/biobio\/estudiantes-de-16-comunas-del-biobio-vivieron-el-primer-encuentro-de-iie-2023\/#article\",\"isPartOf\":{\"@id\":\"https:\/\/dev.explora.cl\/biobio\/estudiantes-de-16-comunas-del-biobio-vivieron-el-primer-encuentro-de-iie-2023\/\"},\"author\":{\"name\":\"froldan\",\"@id\":\"https:\/\/dev.explora.cl\/biobio\/#\/schema\/person\/28e098d9fbc79016ed58bab1c631252b\"},\"headline\":\"Estudiantes de 16 comunas del Biob\u00edo vivieron el primer encuentro de \u201cIIE 2023\u201d\",\"datePublished\":\"2023-08-11T14:36:09+00:00\",\"mainEntityOfPage\":{\"@id\":\"https:\/\/dev.explora.cl\/biobio\/estudiantes-de-16-comunas-del-biobio-vivieron-el-primer-encuentro-de-iie-2023\/\"},\"wordCount\":1047,\"commentCount\":1,\"image\":{\"@id\":\"https:\/\/dev.explora.cl\/biobio\/estudiantes-de-16-comunas-del-biobio-vivieron-el-primer-encuentro-de-iie-2023\/#primaryimage\"},\"thumbnailUrl\":\"https:\/\/dev.explora.cl\/biobio\/wp-content\/uploads\/sites\/14\/2023\/08\/encuentro-iie-2023.png\",\"keywords\":[\"EXPLORA Biob\u00edo\",\"IIE 2023\",\"noticias explora\"],\"articleSection\":[\"Noticias\",\"Ultimas noticias\"],\"inLanguage\":\"es-CL\",\"potentialAction\":[{\"@type\":\"CommentAction\",\"name\":\"Comment\",\"target\":[\"https:\/\/dev.explora.cl\/biobio\/estudiantes-de-16-comunas-del-biobio-vivieron-el-primer-encuentro-de-iie-2023\/#respond\"]}]},{\"@type\":\"WebPage\",\"@id\":\"https:\/\/dev.explora.cl\/biobio\/estudiantes-de-16-comunas-del-biobio-vivieron-el-primer-encuentro-de-iie-2023\/\",\"url\":\"https:\/\/dev.explora.cl\/biobio\/estudiantes-de-16-comunas-del-biobio-vivieron-el-primer-encuentro-de-iie-2023\/\",\"name\":\"Primer encuentro de Investigaci\u00f3n e Innovaci\u00f3n 2023 de Explora Biob\u00edo\",\"isPartOf\":{\"@id\":\"https:\/\/dev.explora.cl\/biobio\/#website\"},\"primaryImageOfPage\":{\"@id\":\"https:\/\/dev.explora.cl\/biobio\/estudiantes-de-16-comunas-del-biobio-vivieron-el-primer-encuentro-de-iie-2023\/#primaryimage\"},\"image\":{\"@id\":\"https:\/\/dev.explora.cl\/biobio\/estudiantes-de-16-comunas-del-biobio-vivieron-el-primer-encuentro-de-iie-2023\/#primaryimage\"},\"thumbnailUrl\":\"https:\/\/dev.explora.cl\/biobio\/wp-content\/uploads\/sites\/14\/2023\/08\/encuentro-iie-2023.png\",\"datePublished\":\"2023-08-11T14:36:09+00:00\",\"author\":{\"@id\":\"https:\/\/dev.explora.cl\/biobio\/#\/schema\/person\/28e098d9fbc79016ed58bab1c631252b\"},\"description\":\"Investigaci\u00f3n e Innovaci\u00f3n Escolar 2023 inici\u00f3 el 8 de agosto, y en el 60 clubes con estudiantes de b\u00e1sica y media investigar\u00e1n sobre ciencias.\",\"breadcrumb\":{\"@id\":\"https:\/\/dev.explora.cl\/biobio\/estudiantes-de-16-comunas-del-biobio-vivieron-el-primer-encuentro-de-iie-2023\/#breadcrumb\"},\"inLanguage\":\"es-CL\",\"potentialAction\":[{\"@type\":\"ReadAction\",\"target\":[\"https:\/\/dev.explora.cl\/biobio\/estudiantes-de-16-comunas-del-biobio-vivieron-el-primer-encuentro-de-iie-2023\/\"]}]},{\"@type\":\"ImageObject\",\"inLanguage\":\"es-CL\",\"@id\":\"https:\/\/dev.explora.cl\/biobio\/estudiantes-de-16-comunas-del-biobio-vivieron-el-primer-encuentro-de-iie-2023\/#primaryimage\",\"url\":\"https:\/\/dev.explora.cl\/biobio\/wp-content\/uploads\/sites\/14\/2023\/08\/encuentro-iie-2023.png\",\"contentUrl\":\"https:\/\/dev.explora.cl\/biobio\/wp-content\/uploads\/sites\/14\/2023\/08\/encuentro-iie-2023.png\",\"width\":735,\"height\":470},{\"@type\":\"BreadcrumbList\",\"@id\":\"https:\/\/dev.explora.cl\/biobio\/estudiantes-de-16-comunas-del-biobio-vivieron-el-primer-encuentro-de-iie-2023\/#breadcrumb\",\"itemListElement\":[{\"@type\":\"ListItem\",\"position\":1,\"name\":\"Portada\",\"item\":\"https:\/\/dev.explora.cl\/biobio\/\"},{\"@type\":\"ListItem\",\"position\":2,\"name\":\"Estudiantes de 16 comunas del Biob\u00edo vivieron el primer encuentro de \u201cIIE 2023\u201d\"}]},{\"@type\":\"WebSite\",\"@id\":\"https:\/\/dev.explora.cl\/biobio\/#website\",\"url\":\"https:\/\/dev.explora.cl\/biobio\/\",\"name\":\"Biob\u00edo\",\"description\":\"Otro sitio m\u00e1s de dev.explora.cl\",\"potentialAction\":[{\"@type\":\"SearchAction\",\"target\":{\"@type\":\"EntryPoint\",\"urlTemplate\":\"https:\/\/dev.explora.cl\/biobio\/?s={search_term_string}\"},\"query-input\":{\"@type\":\"PropertyValueSpecification\",\"valueRequired\":true,\"valueName\":\"search_term_string\"}}],\"inLanguage\":\"es-CL\"},{\"@type\":\"Person\",\"@id\":\"https:\/\/dev.explora.cl\/biobio\/#\/schema\/person\/28e098d9fbc79016ed58bab1c631252b\",\"name\":\"froldan\",\"image\":{\"@type\":\"ImageObject\",\"inLanguage\":\"es-CL\",\"@id\":\"https:\/\/dev.explora.cl\/biobio\/#\/schema\/person\/image\/\",\"url\":\"https:\/\/secure.gravatar.com\/avatar\/07411080a6eab15b4aa8ebd4adb95b647d8ae9592fad7632257da2a562da9b88?s=96&d=mm&r=g\",\"contentUrl\":\"https:\/\/secure.gravatar.com\/avatar\/07411080a6eab15b4aa8ebd4adb95b647d8ae9592fad7632257da2a562da9b88?s=96&d=mm&r=g\",\"caption\":\"froldan\"},\"url\":\"https:\/\/dev.explora.cl\/biobio\/author\/froldan\/\"}]}<\/script>\n<!-- \/ Yoast SEO plugin. -->","yoast_head_json":{"title":"Primer encuentro de Investigaci\u00f3n e Innovaci\u00f3n 2023 de Explora Biob\u00edo","description":"Investigaci\u00f3n e Innovaci\u00f3n Escolar 2023 inici\u00f3 el 8 de agosto, y en el 60 clubes con estudiantes de b\u00e1sica y media investigar\u00e1n sobre ciencias.","robots":{"index":"index","follow":"follow","max-snippet":"max-snippet:-1","max-image-preview":"max-image-preview:large","max-video-preview":"max-video-preview:-1"},"canonical":"https:\/\/dev.explora.cl\/biobio\/estudiantes-de-16-comunas-del-biobio-vivieron-el-primer-encuentro-de-iie-2023\/","og_locale":"es_ES","og_type":"article","og_title":"Primer encuentro de Investigaci\u00f3n e Innovaci\u00f3n 2023 de Explora Biob\u00edo","og_description":"Investigaci\u00f3n e Innovaci\u00f3n Escolar 2023 inici\u00f3 el 8 de agosto, y en el 60 clubes con estudiantes de b\u00e1sica y media investigar\u00e1n sobre ciencias.","og_url":"https:\/\/dev.explora.cl\/biobio\/estudiantes-de-16-comunas-del-biobio-vivieron-el-primer-encuentro-de-iie-2023\/","og_site_name":"Biob\u00edo","article_published_time":"2023-08-11T14:36:09+00:00","og_image":[{"width":735,"height":470,"url":"https:\/\/dev.explora.cl\/biobio\/wp-content\/uploads\/sites\/14\/2023\/08\/encuentro-iie-2023.png","type":"image\/png"}],"author":"froldan","twitter_card":"summary_large_image","twitter_misc":{"Escrito por":"froldan","Tiempo estimado de lectura":"5 minutos"},"schema":{"@context":"https:\/\/schema.org","@graph":[{"@type":"Article","@id":"https:\/\/dev.explora.cl\/biobio\/estudiantes-de-16-comunas-del-biobio-vivieron-el-primer-encuentro-de-iie-2023\/#article","isPartOf":{"@id":"https:\/\/dev.explora.cl\/biobio\/estudiantes-de-16-comunas-del-biobio-vivieron-el-primer-encuentro-de-iie-2023\/"},"author":{"name":"froldan","@id":"https:\/\/dev.explora.cl\/biobio\/#\/schema\/person\/28e098d9fbc79016ed58bab1c631252b"},"headline":"Estudiantes de 16 comunas del Biob\u00edo vivieron el primer encuentro de \u201cIIE 2023\u201d","datePublished":"2023-08-11T14:36:09+00:00","mainEntityOfPage":{"@id":"https:\/\/dev.explora.cl\/biobio\/estudiantes-de-16-comunas-del-biobio-vivieron-el-primer-encuentro-de-iie-2023\/"},"wordCount":1047,"commentCount":1,"image":{"@id":"https:\/\/dev.explora.cl\/biobio\/estudiantes-de-16-comunas-del-biobio-vivieron-el-primer-encuentro-de-iie-2023\/#primaryimage"},"thumbnailUrl":"https:\/\/dev.explora.cl\/biobio\/wp-content\/uploads\/sites\/14\/2023\/08\/encuentro-iie-2023.png","keywords":["EXPLORA Biob\u00edo","IIE 2023","noticias explora"],"articleSection":["Noticias","Ultimas noticias"],"inLanguage":"es-CL","potentialAction":[{"@type":"CommentAction","name":"Comment","target":["https:\/\/dev.explora.cl\/biobio\/estudiantes-de-16-comunas-del-biobio-vivieron-el-primer-encuentro-de-iie-2023\/#respond"]}]},{"@type":"WebPage","@id":"https:\/\/dev.explora.cl\/biobio\/estudiantes-de-16-comunas-del-biobio-vivieron-el-primer-encuentro-de-iie-2023\/","url":"https:\/\/dev.explora.cl\/biobio\/estudiantes-de-16-comunas-del-biobio-vivieron-el-primer-encuentro-de-iie-2023\/","name":"Primer encuentro de Investigaci\u00f3n e Innovaci\u00f3n 2023 de Explora Biob\u00edo","isPartOf":{"@id":"https:\/\/dev.explora.cl\/biobio\/#website"},"primaryImageOfPage":{"@id":"https:\/\/dev.explora.cl\/biobio\/estudiantes-de-16-comunas-del-biobio-vivieron-el-primer-encuentro-de-iie-2023\/#primaryimage"},"image":{"@id":"https:\/\/dev.explora.cl\/biobio\/estudiantes-de-16-comunas-del-biobio-vivieron-el-primer-encuentro-de-iie-2023\/#primaryimage"},"thumbnailUrl":"https:\/\/dev.explora.cl\/biobio\/wp-content\/uploads\/sites\/14\/2023\/08\/encuentro-iie-2023.png","datePublished":"2023-08-11T14:36:09+00:00","author":{"@id":"https:\/\/dev.explora.cl\/biobio\/#\/schema\/person\/28e098d9fbc79016ed58bab1c631252b"},"description":"Investigaci\u00f3n e Innovaci\u00f3n Escolar 2023 inici\u00f3 el 8 de agosto, y en el 60 clubes con estudiantes de b\u00e1sica y media investigar\u00e1n sobre ciencias.","breadcrumb":{"@id":"https:\/\/dev.explora.cl\/biobio\/estudiantes-de-16-comunas-del-biobio-vivieron-el-primer-encuentro-de-iie-2023\/#breadcrumb"},"inLanguage":"es-CL","potentialAction":[{"@type":"ReadAction","target":["https:\/\/dev.explora.cl\/biobio\/estudiantes-de-16-comunas-del-biobio-vivieron-el-primer-encuentro-de-iie-2023\/"]}]},{"@type":"ImageObject","inLanguage":"es-CL","@id":"https:\/\/dev.explora.cl\/biobio\/estudiantes-de-16-comunas-del-biobio-vivieron-el-primer-encuentro-de-iie-2023\/#primaryimage","url":"https:\/\/dev.explora.cl\/biobio\/wp-content\/uploads\/sites\/14\/2023\/08\/encuentro-iie-2023.png","contentUrl":"https:\/\/dev.explora.cl\/biobio\/wp-content\/uploads\/sites\/14\/2023\/08\/encuentro-iie-2023.png","width":735,"height":470},{"@type":"BreadcrumbList","@id":"https:\/\/dev.explora.cl\/biobio\/estudiantes-de-16-comunas-del-biobio-vivieron-el-primer-encuentro-de-iie-2023\/#breadcrumb","itemListElement":[{"@type":"ListItem","position":1,"name":"Portada","item":"https:\/\/dev.explora.cl\/biobio\/"},{"@type":"ListItem","position":2,"name":"Estudiantes de 16 comunas del Biob\u00edo vivieron el primer encuentro de \u201cIIE 2023\u201d"}]},{"@type":"WebSite","@id":"https:\/\/dev.explora.cl\/biobio\/#website","url":"https:\/\/dev.explora.cl\/biobio\/","name":"Biob\u00edo","description":"Otro sitio m\u00e1s de dev.explora.cl","potentialAction":[{"@type":"SearchAction","target":{"@type":"EntryPoint","urlTemplate":"https:\/\/dev.explora.cl\/biobio\/?s={search_term_string}"},"query-input":{"@type":"PropertyValueSpecification","valueRequired":true,"valueName":"search_term_string"}}],"inLanguage":"es-CL"},{"@type":"Person","@id":"https:\/\/dev.explora.cl\/biobio\/#\/schema\/person\/28e098d9fbc79016ed58bab1c631252b","name":"froldan","image":{"@type":"ImageObject","inLanguage":"es-CL","@id":"https:\/\/dev.explora.cl\/biobio\/#\/schema\/person\/image\/","url":"https:\/\/secure.gravatar.com\/avatar\/07411080a6eab15b4aa8ebd4adb95b647d8ae9592fad7632257da2a562da9b88?s=96&d=mm&r=g","contentUrl":"https:\/\/secure.gravatar.com\/avatar\/07411080a6eab15b4aa8ebd4adb95b647d8ae9592fad7632257da2a562da9b88?s=96&d=mm&r=g","caption":"froldan"},"url":"https:\/\/dev.explora.cl\/biobio\/author\/froldan\/"}]}},"_links":{"self":[{"href":"https:\/\/dev.explora.cl\/biobio\/wp-json\/wp\/v2\/posts\/40395","targetHints":{"allow":["GET"]}}],"collection":[{"href":"https:\/\/dev.explora.cl\/biobio\/wp-json\/wp\/v2\/posts"}],"about":[{"href":"https:\/\/dev.explora.cl\/biobio\/wp-json\/wp\/v2\/types\/post"}],"author":[{"embeddable":true,"href":"https:\/\/dev.explora.cl\/biobio\/wp-json\/wp\/v2\/users\/30"}],"replies":[{"embeddable":true,"href":"https:\/\/dev.explora.cl\/biobio\/wp-json\/wp\/v2\/comments?post=40395"}],"version-history":[{"count":8,"href":"https:\/\/dev.explora.cl\/biobio\/wp-json\/wp\/v2\/posts\/40395\/revisions"}],"predecessor-version":[{"id":40407,"href":"https:\/\/dev.explora.cl\/biobio\/wp-json\/wp\/v2\/posts\/40395\/revisions\/40407"}],"wp:featuredmedia":[{"embeddable":true,"href":"https:\/\/dev.explora.cl\/biobio\/wp-json\/wp\/v2\/media\/40408"}],"wp:attachment":[{"href":"https:\/\/dev.explora.cl\/biobio\/wp-json\/wp\/v2\/media?parent=40395"}],"wp:term":[{"taxonomy":"category","embeddable":true,"href":"https:\/\/dev.explora.cl\/biobio\/wp-json\/wp\/v2\/categories?post=40395"},{"taxonomy":"post_tag","embeddable":true,"href":"https:\/\/dev.explora.cl\/biobio\/wp-json\/wp\/v2\/tags?post=40395"}],"curies":[{"name":"wp","href":"https:\/\/api.w.org\/{rel}","templated":true}]}}