{"id":40274,"date":"2023-06-30T12:19:11","date_gmt":"2023-06-30T16:19:11","guid":{"rendered":"https:\/\/dev.explora.cl\/biobio\/?p=40274"},"modified":"2025-03-26T12:57:10","modified_gmt":"2025-03-26T15:57:10","slug":"explora-biobio-presento-consejo-asesor-y-nueva-agenda-2023","status":"publish","type":"post","link":"https:\/\/dev.explora.cl\/biobio\/explora-biobio-presento-consejo-asesor-y-nueva-agenda-2023\/","title":{"rendered":"Explora Biob\u00edo present\u00f3 Consejo Asesor y nueva agenda 2023"},"content":{"rendered":"<p style=\"text-align: center\"><em>Luego de la nueva adjudicaci\u00f3n por dos a\u00f1os del Proyecto Asociativo Regional Explora Biob\u00edo, el Centro Interactivo de Ciencias, Artes y Tecnolog\u00edas de la Universidad de Concepci\u00f3n present\u00f3 su agenda Explora, hito de firma y la conformaci\u00f3n de su Consejo Asesor 2023.<\/em><\/p>\n<p>\u00a0\u00a0\u00a0\u00a0\u00a0\u00a0\u00a0\u00a0\u00a0\u00a0\u00a0 Esta reuni\u00f3n se realiz\u00f3 el <strong>mi\u00e9rcoles 28 de junio<\/strong> en la <strong>Universidad de Concepci\u00f3n<\/strong>, con la finalidad de presentar los objetivos y metas del <strong>PAR Explora Biob\u00edo<\/strong>, el calendario de actividades y la firma de conformaci\u00f3n del Consejo Asesor. Durante la actividad el equipo PAR dio a conocer a las 16 instituciones y centros UdeC, que ser\u00e1n parte del Consejo durante este a\u00f1o y comparti\u00f3 los desaf\u00edos que asumir\u00e1n en conjunto durante el segundo semestre en la b\u00fasqueda de fortalecer las competencias CTCI en las comunidades escolares y en los territorios de toda la regi\u00f3n.<\/p>\n<p><strong>\u00a0\u00a0\u00a0\u00a0\u00a0\u00a0\u00a0\u00a0\u00a0\u00a0\u00a0 <\/strong>La presentaci\u00f3n fue presidida por la directora del PAR, <strong>M\u00f3nica Badilla Ram\u00edrez<\/strong>, acompa\u00f1ada de <strong>Cristi\u00e1n Espinoza Lizana<\/strong>, coordinador del proyecto y de la encargada de rutas formativas, <strong>Nataly Viveros Mora<\/strong>. Tambi\u00e9n particip\u00f3 la Seremi de Ciencias de la Macrozona Centro Sur, <strong>Sof\u00eda Valenzuela \u00c1guila, <\/strong>como m\u00e1xima autoridad representante de la regi\u00f3n.<\/p>\n<p>Hoy Explora Biob\u00edo se encuentra ejecutando tres iniciativas que son el Programa de Indagaci\u00f3n para Primeras Edades (PIPE) cuya fecha de cierre de convocatoria es el 19 de julio; \u00a0Eureka: Un Mundo de Ideas, que finaliza su admisi\u00f3n la tercera semana de julio e Investigaci\u00f3n e Innovaci\u00f3n Escolar, que est\u00e1 ad portas de comenzar. A estas iniciativas se le sumar\u00e1 la entrega de un \u00e1lbum de l\u00e1minas coleccionables a diferentes establecimientos educacionales de las tres provincias y la reconstituci\u00f3n de la Red Territorial Docente.<\/p>\n<p>Estas actividades buscar\u00e1n acercar las ciencias y tecnolog\u00edas a todos los rincones de la regi\u00f3n, as\u00ed lo mencion\u00f3 la directora del Proyecto, M\u00f3nica Badilla: <em>\u201cTenemos el desaf\u00edo de reducir todas las labores del a\u00f1o en un semestre, trabajando con los establecimientos m\u00e1s vulnerables y lograr llegar a zonas aisladas con nuestras iniciativas. Desde que ejecutamos el Explora en la regi\u00f3n, hemos aunado esfuerzos para aportar a la igualdad de oportunidades en las distintas comunidades escolares, y ahora con la presencialidad completa, nuestro compromiso cobra m\u00e1s relevancia\u201d.<\/em><\/p>\n<p>El objetivo de esta actividad se enmarca en fortalecer las competencias en CTCI de las comunidades educativas, a trav\u00e9s de la planificaci\u00f3n, realizaci\u00f3n y socializaci\u00f3n de actividades en establecimientos p\u00fablicos y subvencionados con mayores \u00edndices de vulnerabilidad, considerando los principios de inclusi\u00f3n, diversidad cultural y equidad de g\u00e9nero, descentralizaci\u00f3n, comunicaci\u00f3n efectiva, derechos de ni\u00f1os, ni\u00f1as y adolescentes, transdisciplina y sustentabilidad. Dichos principios se entrelazan con el especial foco del Gobierno en el trabajo con ni\u00f1as y ni\u00f1os.<\/p>\n<p><em>\u201cEl proyecto PAR Explora Biob\u00edo es bastante valioso porque con el llegamos a trav\u00e9s de las ciencias y todos los \u00e1mbitos del conocimiento a las 33 comunas de nuestra regi\u00f3n, con un especial foco en establecimientos municipales, establecimientos rurales o unidocentes, que es donde normalmente cuesta llegar con este tipo de actividades. Esto va en el eje de descentralizaci\u00f3n que nos ha pedido nuestro presidente Gabriel Boric, as\u00ed que esperamos tener pocas actividades en Concepci\u00f3n y muchas actividades en las otras provincias y comunas\u201d,<\/em> coment\u00f3 la Seremi de Ciencias, Sof\u00eda Valenzuela.<\/p>\n<p><strong>La importancia de contar con un equipo de investigadores\/as<\/strong><\/p>\n<p>Constituir un Consejo Asesor multidisciplinar para el desarrollo de las actividades de Explora Biob\u00edo, ser\u00e1 un factor clave que se liga a la estrategia para la cobertura regional de establecimientos escolares.<\/p>\n<p>Una de las instituciones pertenecientes a este nuevo Consejo es el Centro de Investigaci\u00f3n Oceanogr\u00e1fica COPAS Coastal, quienes tienen el desaf\u00edo de llevar las ciencias del mar a comunas que hist\u00f3ricamente han sido abandonadas y no poseen una relaci\u00f3n evidente con el oc\u00e9ano. <em>\u201cLa importancia de pertenecer a este Consejo va por dos v\u00edas. Nos permite llegar a toda la regi\u00f3n con nuestro trabajo como centro, algo que es parte del esp\u00edritu que nos rige. Por otro lado, permite garantizar la interacci\u00f3n con otros centros, instituciones, agrupaciones que mejoran nuestra propia labor, al desarrollar otras \u00e1reas como las ciencias sociales, o para aprender e incorporar temas de inclusi\u00f3n y accesibilidad<\/em>\u201d, declar\u00f3 Paul G\u00f3mez Canchong, coordinador de divulgaci\u00f3n cient\u00edfica y educaci\u00f3n\u00a0de dicho centro.<\/p>\n<p>La meta conjunta que el PAR tiene para este a\u00f1o, es llegar a todas las comunas de la regi\u00f3n del Biob\u00edo y eso se lograr\u00e1 con las diferentes miradas que las y los asesores aportar\u00e1n desde las diferentes \u00e1reas del conocimiento. Si bien, el Consejo Asesor ya se encuentra constituido, el equipo Explora continuar\u00e1 ampliando una red de instituciones que tambi\u00e9n dar\u00e1n apoyo a las iniciativas que se ejecutar\u00e1n en este segundo semestre.<\/p>\n<h3><\/h3>\n<h3>Revisa los mejores momentos en nuestra galer\u00eda:<\/h3>\n<h3><\/h3>\n<div id='gallery-1' class='gallery galleryid-40274 gallery-columns-4 gallery-size-thumbnail'><figure class='gallery-item'>\n\t\t\t<div class='gallery-icon landscape'>\n\t\t\t\t<a href='https:\/\/dev.explora.cl\/biobio\/explora-biobio-presento-consejo-asesor-y-nueva-agenda-2023\/fotos-consejo-asesor1\/'><img loading=\"lazy\" decoding=\"async\" width=\"150\" height=\"150\" src=\"https:\/\/dev.explora.cl\/biobio\/wp-content\/uploads\/sites\/14\/2023\/06\/Fotos-consejo-asesor1-150x150.png\" class=\"attachment-thumbnail size-thumbnail\" alt=\"\" srcset=\"https:\/\/dev.explora.cl\/biobio\/wp-content\/uploads\/sites\/14\/2023\/06\/Fotos-consejo-asesor1-150x150.png 150w, https:\/\/dev.explora.cl\/biobio\/wp-content\/uploads\/sites\/14\/2023\/06\/Fotos-consejo-asesor1-300x300.png 300w, https:\/\/dev.explora.cl\/biobio\/wp-content\/uploads\/sites\/14\/2023\/06\/Fotos-consejo-asesor1-60x60.png 60w\" sizes=\"auto, (max-width: 150px) 100vw, 150px\" \/><\/a>\n\t\t\t<\/div><\/figure><figure class='gallery-item'>\n\t\t\t<div class='gallery-icon landscape'>\n\t\t\t\t<a href='https:\/\/dev.explora.cl\/biobio\/explora-biobio-presento-consejo-asesor-y-nueva-agenda-2023\/fotos-consejo-asesor2\/'><img loading=\"lazy\" decoding=\"async\" width=\"150\" height=\"150\" src=\"https:\/\/dev.explora.cl\/biobio\/wp-content\/uploads\/sites\/14\/2023\/06\/Fotos-consejo-asesor2-150x150.png\" class=\"attachment-thumbnail size-thumbnail\" alt=\"\" srcset=\"https:\/\/dev.explora.cl\/biobio\/wp-content\/uploads\/sites\/14\/2023\/06\/Fotos-consejo-asesor2-150x150.png 150w, https:\/\/dev.explora.cl\/biobio\/wp-content\/uploads\/sites\/14\/2023\/06\/Fotos-consejo-asesor2-300x300.png 300w, https:\/\/dev.explora.cl\/biobio\/wp-content\/uploads\/sites\/14\/2023\/06\/Fotos-consejo-asesor2-60x60.png 60w\" sizes=\"auto, (max-width: 150px) 100vw, 150px\" \/><\/a>\n\t\t\t<\/div><\/figure><figure class='gallery-item'>\n\t\t\t<div class='gallery-icon landscape'>\n\t\t\t\t<a href='https:\/\/dev.explora.cl\/biobio\/explora-biobio-presento-consejo-asesor-y-nueva-agenda-2023\/fotos-consejo-asesor3\/'><img loading=\"lazy\" decoding=\"async\" width=\"150\" height=\"150\" src=\"https:\/\/dev.explora.cl\/biobio\/wp-content\/uploads\/sites\/14\/2023\/06\/Fotos-consejo-asesor3-150x150.png\" class=\"attachment-thumbnail size-thumbnail\" alt=\"\" srcset=\"https:\/\/dev.explora.cl\/biobio\/wp-content\/uploads\/sites\/14\/2023\/06\/Fotos-consejo-asesor3-150x150.png 150w, https:\/\/dev.explora.cl\/biobio\/wp-content\/uploads\/sites\/14\/2023\/06\/Fotos-consejo-asesor3-300x300.png 300w, https:\/\/dev.explora.cl\/biobio\/wp-content\/uploads\/sites\/14\/2023\/06\/Fotos-consejo-asesor3-60x60.png 60w\" sizes=\"auto, (max-width: 150px) 100vw, 150px\" \/><\/a>\n\t\t\t<\/div><\/figure><figure class='gallery-item'>\n\t\t\t<div class='gallery-icon landscape'>\n\t\t\t\t<a href='https:\/\/dev.explora.cl\/biobio\/explora-biobio-presento-consejo-asesor-y-nueva-agenda-2023\/fotos-consejo-asesor4\/'><img loading=\"lazy\" decoding=\"async\" width=\"150\" height=\"150\" src=\"https:\/\/dev.explora.cl\/biobio\/wp-content\/uploads\/sites\/14\/2023\/06\/Fotos-consejo-asesor4-150x150.png\" class=\"attachment-thumbnail size-thumbnail\" alt=\"\" srcset=\"https:\/\/dev.explora.cl\/biobio\/wp-content\/uploads\/sites\/14\/2023\/06\/Fotos-consejo-asesor4-150x150.png 150w, https:\/\/dev.explora.cl\/biobio\/wp-content\/uploads\/sites\/14\/2023\/06\/Fotos-consejo-asesor4-300x300.png 300w, https:\/\/dev.explora.cl\/biobio\/wp-content\/uploads\/sites\/14\/2023\/06\/Fotos-consejo-asesor4-60x60.png 60w\" sizes=\"auto, (max-width: 150px) 100vw, 150px\" \/><\/a>\n\t\t\t<\/div><\/figure><figure class='gallery-item'>\n\t\t\t<div class='gallery-icon landscape'>\n\t\t\t\t<a href='https:\/\/dev.explora.cl\/biobio\/explora-biobio-presento-consejo-asesor-y-nueva-agenda-2023\/fotos-consejo-asesor5\/'><img loading=\"lazy\" decoding=\"async\" width=\"150\" height=\"150\" src=\"https:\/\/dev.explora.cl\/biobio\/wp-content\/uploads\/sites\/14\/2023\/06\/Fotos-consejo-asesor5-150x150.png\" class=\"attachment-thumbnail size-thumbnail\" alt=\"\" srcset=\"https:\/\/dev.explora.cl\/biobio\/wp-content\/uploads\/sites\/14\/2023\/06\/Fotos-consejo-asesor5-150x150.png 150w, https:\/\/dev.explora.cl\/biobio\/wp-content\/uploads\/sites\/14\/2023\/06\/Fotos-consejo-asesor5-300x300.png 300w, https:\/\/dev.explora.cl\/biobio\/wp-content\/uploads\/sites\/14\/2023\/06\/Fotos-consejo-asesor5-60x60.png 60w\" sizes=\"auto, (max-width: 150px) 100vw, 150px\" \/><\/a>\n\t\t\t<\/div><\/figure><figure class='gallery-item'>\n\t\t\t<div class='gallery-icon landscape'>\n\t\t\t\t<a href='https:\/\/dev.explora.cl\/biobio\/explora-biobio-presento-consejo-asesor-y-nueva-agenda-2023\/fotos-consejo-asesor6\/'><img loading=\"lazy\" decoding=\"async\" width=\"150\" height=\"150\" src=\"https:\/\/dev.explora.cl\/biobio\/wp-content\/uploads\/sites\/14\/2023\/06\/Fotos-consejo-asesor6-150x150.png\" class=\"attachment-thumbnail size-thumbnail\" alt=\"\" srcset=\"https:\/\/dev.explora.cl\/biobio\/wp-content\/uploads\/sites\/14\/2023\/06\/Fotos-consejo-asesor6-150x150.png 150w, https:\/\/dev.explora.cl\/biobio\/wp-content\/uploads\/sites\/14\/2023\/06\/Fotos-consejo-asesor6-300x300.png 300w, https:\/\/dev.explora.cl\/biobio\/wp-content\/uploads\/sites\/14\/2023\/06\/Fotos-consejo-asesor6-60x60.png 60w\" sizes=\"auto, (max-width: 150px) 100vw, 150px\" \/><\/a>\n\t\t\t<\/div><\/figure><figure class='gallery-item'>\n\t\t\t<div class='gallery-icon landscape'>\n\t\t\t\t<a href='https:\/\/dev.explora.cl\/biobio\/explora-biobio-presento-consejo-asesor-y-nueva-agenda-2023\/fotos-consejo-asesor7\/'><img loading=\"lazy\" decoding=\"async\" width=\"150\" height=\"150\" src=\"https:\/\/dev.explora.cl\/biobio\/wp-content\/uploads\/sites\/14\/2023\/06\/Fotos-consejo-asesor7-150x150.png\" class=\"attachment-thumbnail size-thumbnail\" alt=\"\" srcset=\"https:\/\/dev.explora.cl\/biobio\/wp-content\/uploads\/sites\/14\/2023\/06\/Fotos-consejo-asesor7-150x150.png 150w, https:\/\/dev.explora.cl\/biobio\/wp-content\/uploads\/sites\/14\/2023\/06\/Fotos-consejo-asesor7-300x300.png 300w, https:\/\/dev.explora.cl\/biobio\/wp-content\/uploads\/sites\/14\/2023\/06\/Fotos-consejo-asesor7-60x60.png 60w\" sizes=\"auto, (max-width: 150px) 100vw, 150px\" \/><\/a>\n\t\t\t<\/div><\/figure><figure class='gallery-item'>\n\t\t\t<div class='gallery-icon landscape'>\n\t\t\t\t<a href='https:\/\/dev.explora.cl\/biobio\/explora-biobio-presento-consejo-asesor-y-nueva-agenda-2023\/fotos-consejo-asesor8\/'><img loading=\"lazy\" decoding=\"async\" width=\"150\" height=\"150\" src=\"https:\/\/dev.explora.cl\/biobio\/wp-content\/uploads\/sites\/14\/2023\/06\/Fotos-consejo-asesor8-150x150.png\" class=\"attachment-thumbnail size-thumbnail\" alt=\"\" srcset=\"https:\/\/dev.explora.cl\/biobio\/wp-content\/uploads\/sites\/14\/2023\/06\/Fotos-consejo-asesor8-150x150.png 150w, https:\/\/dev.explora.cl\/biobio\/wp-content\/uploads\/sites\/14\/2023\/06\/Fotos-consejo-asesor8-300x300.png 300w, https:\/\/dev.explora.cl\/biobio\/wp-content\/uploads\/sites\/14\/2023\/06\/Fotos-consejo-asesor8-60x60.png 60w\" sizes=\"auto, (max-width: 150px) 100vw, 150px\" \/><\/a>\n\t\t\t<\/div><\/figure><figure class='gallery-item'>\n\t\t\t<div class='gallery-icon landscape'>\n\t\t\t\t<a href='https:\/\/dev.explora.cl\/biobio\/explora-biobio-presento-consejo-asesor-y-nueva-agenda-2023\/fotos-consejo-asesor9\/'><img loading=\"lazy\" decoding=\"async\" width=\"150\" height=\"150\" src=\"https:\/\/dev.explora.cl\/biobio\/wp-content\/uploads\/sites\/14\/2023\/06\/Fotos-consejo-asesor9-150x150.png\" class=\"attachment-thumbnail size-thumbnail\" alt=\"\" srcset=\"https:\/\/dev.explora.cl\/biobio\/wp-content\/uploads\/sites\/14\/2023\/06\/Fotos-consejo-asesor9-150x150.png 150w, https:\/\/dev.explora.cl\/biobio\/wp-content\/uploads\/sites\/14\/2023\/06\/Fotos-consejo-asesor9-300x300.png 300w, https:\/\/dev.explora.cl\/biobio\/wp-content\/uploads\/sites\/14\/2023\/06\/Fotos-consejo-asesor9-60x60.png 60w\" sizes=\"auto, (max-width: 150px) 100vw, 150px\" \/><\/a>\n\t\t\t<\/div><\/figure><figure class='gallery-item'>\n\t\t\t<div class='gallery-icon landscape'>\n\t\t\t\t<a href='https:\/\/dev.explora.cl\/biobio\/explora-biobio-presento-consejo-asesor-y-nueva-agenda-2023\/fotos-consejo-asesor10\/'><img loading=\"lazy\" decoding=\"async\" width=\"150\" height=\"150\" src=\"https:\/\/dev.explora.cl\/biobio\/wp-content\/uploads\/sites\/14\/2023\/06\/Fotos-consejo-asesor10-150x150.png\" class=\"attachment-thumbnail size-thumbnail\" alt=\"\" srcset=\"https:\/\/dev.explora.cl\/biobio\/wp-content\/uploads\/sites\/14\/2023\/06\/Fotos-consejo-asesor10-150x150.png 150w, https:\/\/dev.explora.cl\/biobio\/wp-content\/uploads\/sites\/14\/2023\/06\/Fotos-consejo-asesor10-300x300.png 300w, https:\/\/dev.explora.cl\/biobio\/wp-content\/uploads\/sites\/14\/2023\/06\/Fotos-consejo-asesor10-60x60.png 60w\" sizes=\"auto, (max-width: 150px) 100vw, 150px\" \/><\/a>\n\t\t\t<\/div><\/figure><figure class='gallery-item'>\n\t\t\t<div class='gallery-icon landscape'>\n\t\t\t\t<a href='https:\/\/dev.explora.cl\/biobio\/explora-biobio-presento-consejo-asesor-y-nueva-agenda-2023\/fotos-consejo-asesor11\/'><img loading=\"lazy\" decoding=\"async\" width=\"150\" height=\"150\" src=\"https:\/\/dev.explora.cl\/biobio\/wp-content\/uploads\/sites\/14\/2023\/06\/Fotos-consejo-asesor11-150x150.png\" class=\"attachment-thumbnail size-thumbnail\" alt=\"\" srcset=\"https:\/\/dev.explora.cl\/biobio\/wp-content\/uploads\/sites\/14\/2023\/06\/Fotos-consejo-asesor11-150x150.png 150w, https:\/\/dev.explora.cl\/biobio\/wp-content\/uploads\/sites\/14\/2023\/06\/Fotos-consejo-asesor11-300x300.png 300w, https:\/\/dev.explora.cl\/biobio\/wp-content\/uploads\/sites\/14\/2023\/06\/Fotos-consejo-asesor11-60x60.png 60w\" sizes=\"auto, (max-width: 150px) 100vw, 150px\" \/><\/a>\n\t\t\t<\/div><\/figure><figure class='gallery-item'>\n\t\t\t<div class='gallery-icon landscape'>\n\t\t\t\t<a href='https:\/\/dev.explora.cl\/biobio\/explora-biobio-presento-consejo-asesor-y-nueva-agenda-2023\/fotos-consejo-asesor12\/'><img loading=\"lazy\" decoding=\"async\" width=\"150\" height=\"150\" src=\"https:\/\/dev.explora.cl\/biobio\/wp-content\/uploads\/sites\/14\/2023\/06\/Fotos-consejo-asesor12-150x150.png\" class=\"attachment-thumbnail size-thumbnail\" alt=\"\" srcset=\"https:\/\/dev.explora.cl\/biobio\/wp-content\/uploads\/sites\/14\/2023\/06\/Fotos-consejo-asesor12-150x150.png 150w, https:\/\/dev.explora.cl\/biobio\/wp-content\/uploads\/sites\/14\/2023\/06\/Fotos-consejo-asesor12-300x300.png 300w, https:\/\/dev.explora.cl\/biobio\/wp-content\/uploads\/sites\/14\/2023\/06\/Fotos-consejo-asesor12-60x60.png 60w\" sizes=\"auto, (max-width: 150px) 100vw, 150px\" \/><\/a>\n\t\t\t<\/div><\/figure><figure class='gallery-item'>\n\t\t\t<div class='gallery-icon landscape'>\n\t\t\t\t<a href='https:\/\/dev.explora.cl\/biobio\/explora-biobio-presento-consejo-asesor-y-nueva-agenda-2023\/fotos-consejo-asesor13\/'><img loading=\"lazy\" decoding=\"async\" width=\"150\" height=\"150\" src=\"https:\/\/dev.explora.cl\/biobio\/wp-content\/uploads\/sites\/14\/2023\/06\/Fotos-consejo-asesor13-150x150.png\" class=\"attachment-thumbnail size-thumbnail\" alt=\"\" srcset=\"https:\/\/dev.explora.cl\/biobio\/wp-content\/uploads\/sites\/14\/2023\/06\/Fotos-consejo-asesor13-150x150.png 150w, https:\/\/dev.explora.cl\/biobio\/wp-content\/uploads\/sites\/14\/2023\/06\/Fotos-consejo-asesor13-300x300.png 300w, https:\/\/dev.explora.cl\/biobio\/wp-content\/uploads\/sites\/14\/2023\/06\/Fotos-consejo-asesor13-60x60.png 60w\" sizes=\"auto, (max-width: 150px) 100vw, 150px\" \/><\/a>\n\t\t\t<\/div><\/figure><figure class='gallery-item'>\n\t\t\t<div class='gallery-icon landscape'>\n\t\t\t\t<a href='https:\/\/dev.explora.cl\/biobio\/explora-biobio-presento-consejo-asesor-y-nueva-agenda-2023\/fotos-consejo-asesor14\/'><img loading=\"lazy\" decoding=\"async\" width=\"150\" height=\"150\" src=\"https:\/\/dev.explora.cl\/biobio\/wp-content\/uploads\/sites\/14\/2023\/06\/Fotos-consejo-asesor14-150x150.png\" class=\"attachment-thumbnail size-thumbnail\" alt=\"\" srcset=\"https:\/\/dev.explora.cl\/biobio\/wp-content\/uploads\/sites\/14\/2023\/06\/Fotos-consejo-asesor14-150x150.png 150w, https:\/\/dev.explora.cl\/biobio\/wp-content\/uploads\/sites\/14\/2023\/06\/Fotos-consejo-asesor14-300x300.png 300w, https:\/\/dev.explora.cl\/biobio\/wp-content\/uploads\/sites\/14\/2023\/06\/Fotos-consejo-asesor14-60x60.png 60w\" sizes=\"auto, (max-width: 150px) 100vw, 150px\" \/><\/a>\n\t\t\t<\/div><\/figure><figure class='gallery-item'>\n\t\t\t<div class='gallery-icon landscape'>\n\t\t\t\t<a href='https:\/\/dev.explora.cl\/biobio\/explora-biobio-presento-consejo-asesor-y-nueva-agenda-2023\/fotos-consejo-asesor15\/'><img loading=\"lazy\" decoding=\"async\" width=\"150\" height=\"150\" src=\"https:\/\/dev.explora.cl\/biobio\/wp-content\/uploads\/sites\/14\/2023\/06\/Fotos-consejo-asesor15-150x150.png\" class=\"attachment-thumbnail size-thumbnail\" alt=\"\" srcset=\"https:\/\/dev.explora.cl\/biobio\/wp-content\/uploads\/sites\/14\/2023\/06\/Fotos-consejo-asesor15-150x150.png 150w, https:\/\/dev.explora.cl\/biobio\/wp-content\/uploads\/sites\/14\/2023\/06\/Fotos-consejo-asesor15-300x300.png 300w, https:\/\/dev.explora.cl\/biobio\/wp-content\/uploads\/sites\/14\/2023\/06\/Fotos-consejo-asesor15-60x60.png 60w\" sizes=\"auto, (max-width: 150px) 100vw, 150px\" \/><\/a>\n\t\t\t<\/div><\/figure><figure class='gallery-item'>\n\t\t\t<div class='gallery-icon landscape'>\n\t\t\t\t<a href='https:\/\/dev.explora.cl\/biobio\/explora-biobio-presento-consejo-asesor-y-nueva-agenda-2023\/fotos-consejo-asesor16\/'><img loading=\"lazy\" decoding=\"async\" width=\"150\" height=\"150\" src=\"https:\/\/dev.explora.cl\/biobio\/wp-content\/uploads\/sites\/14\/2023\/06\/Fotos-consejo-asesor16-150x150.png\" class=\"attachment-thumbnail size-thumbnail\" alt=\"\" srcset=\"https:\/\/dev.explora.cl\/biobio\/wp-content\/uploads\/sites\/14\/2023\/06\/Fotos-consejo-asesor16-150x150.png 150w, https:\/\/dev.explora.cl\/biobio\/wp-content\/uploads\/sites\/14\/2023\/06\/Fotos-consejo-asesor16-300x300.png 300w, https:\/\/dev.explora.cl\/biobio\/wp-content\/uploads\/sites\/14\/2023\/06\/Fotos-consejo-asesor16-60x60.png 60w\" sizes=\"auto, (max-width: 150px) 100vw, 150px\" \/><\/a>\n\t\t\t<\/div><\/figure><figure class='gallery-item'>\n\t\t\t<div class='gallery-icon landscape'>\n\t\t\t\t<a href='https:\/\/dev.explora.cl\/biobio\/explora-biobio-presento-consejo-asesor-y-nueva-agenda-2023\/fotos-consejo-asesor17\/'><img loading=\"lazy\" decoding=\"async\" width=\"150\" height=\"150\" src=\"https:\/\/dev.explora.cl\/biobio\/wp-content\/uploads\/sites\/14\/2023\/06\/Fotos-consejo-asesor17-150x150.png\" class=\"attachment-thumbnail size-thumbnail\" alt=\"\" srcset=\"https:\/\/dev.explora.cl\/biobio\/wp-content\/uploads\/sites\/14\/2023\/06\/Fotos-consejo-asesor17-150x150.png 150w, https:\/\/dev.explora.cl\/biobio\/wp-content\/uploads\/sites\/14\/2023\/06\/Fotos-consejo-asesor17-300x300.png 300w, https:\/\/dev.explora.cl\/biobio\/wp-content\/uploads\/sites\/14\/2023\/06\/Fotos-consejo-asesor17-60x60.png 60w\" sizes=\"auto, (max-width: 150px) 100vw, 150px\" \/><\/a>\n\t\t\t<\/div><\/figure><figure class='gallery-item'>\n\t\t\t<div class='gallery-icon landscape'>\n\t\t\t\t<a href='https:\/\/dev.explora.cl\/biobio\/explora-biobio-presento-consejo-asesor-y-nueva-agenda-2023\/fotos-consejo-asesor18\/'><img loading=\"lazy\" decoding=\"async\" width=\"150\" height=\"150\" src=\"https:\/\/dev.explora.cl\/biobio\/wp-content\/uploads\/sites\/14\/2023\/06\/Fotos-consejo-asesor18-150x150.png\" class=\"attachment-thumbnail size-thumbnail\" alt=\"\" srcset=\"https:\/\/dev.explora.cl\/biobio\/wp-content\/uploads\/sites\/14\/2023\/06\/Fotos-consejo-asesor18-150x150.png 150w, https:\/\/dev.explora.cl\/biobio\/wp-content\/uploads\/sites\/14\/2023\/06\/Fotos-consejo-asesor18-300x300.png 300w, https:\/\/dev.explora.cl\/biobio\/wp-content\/uploads\/sites\/14\/2023\/06\/Fotos-consejo-asesor18-60x60.png 60w\" sizes=\"auto, (max-width: 150px) 100vw, 150px\" \/><\/a>\n\t\t\t<\/div><\/figure><figure class='gallery-item'>\n\t\t\t<div class='gallery-icon landscape'>\n\t\t\t\t<a href='https:\/\/dev.explora.cl\/biobio\/explora-biobio-presento-consejo-asesor-y-nueva-agenda-2023\/fotos-consejo-asesor19\/'><img loading=\"lazy\" decoding=\"async\" width=\"150\" height=\"150\" src=\"https:\/\/dev.explora.cl\/biobio\/wp-content\/uploads\/sites\/14\/2023\/06\/Fotos-consejo-asesor19-150x150.png\" class=\"attachment-thumbnail size-thumbnail\" alt=\"\" srcset=\"https:\/\/dev.explora.cl\/biobio\/wp-content\/uploads\/sites\/14\/2023\/06\/Fotos-consejo-asesor19-150x150.png 150w, https:\/\/dev.explora.cl\/biobio\/wp-content\/uploads\/sites\/14\/2023\/06\/Fotos-consejo-asesor19-300x300.png 300w, https:\/\/dev.explora.cl\/biobio\/wp-content\/uploads\/sites\/14\/2023\/06\/Fotos-consejo-asesor19-60x60.png 60w\" sizes=\"auto, (max-width: 150px) 100vw, 150px\" \/><\/a>\n\t\t\t<\/div><\/figure><figure class='gallery-item'>\n\t\t\t<div class='gallery-icon landscape'>\n\t\t\t\t<a href='https:\/\/dev.explora.cl\/biobio\/explora-biobio-presento-consejo-asesor-y-nueva-agenda-2023\/fotos-consejo-asesor20\/'><img loading=\"lazy\" decoding=\"async\" width=\"150\" height=\"150\" src=\"https:\/\/dev.explora.cl\/biobio\/wp-content\/uploads\/sites\/14\/2023\/06\/Fotos-consejo-asesor20-150x150.png\" class=\"attachment-thumbnail size-thumbnail\" alt=\"\" srcset=\"https:\/\/dev.explora.cl\/biobio\/wp-content\/uploads\/sites\/14\/2023\/06\/Fotos-consejo-asesor20-150x150.png 150w, https:\/\/dev.explora.cl\/biobio\/wp-content\/uploads\/sites\/14\/2023\/06\/Fotos-consejo-asesor20-300x300.png 300w, https:\/\/dev.explora.cl\/biobio\/wp-content\/uploads\/sites\/14\/2023\/06\/Fotos-consejo-asesor20-60x60.png 60w\" sizes=\"auto, (max-width: 150px) 100vw, 150px\" \/><\/a>\n\t\t\t<\/div><\/figure>\n\t\t<\/div>\n\n","protected":false},"excerpt":{"rendered":"<p>Luego de la nueva adjudicaci\u00f3n por dos a\u00f1os del Proyecto Asociativo Regional Explora Biob\u00edo, el Centro Interactivo de Ciencias, Artes y Tecnolog\u00edas de la Universidad de Concepci\u00f3n; present\u00f3 su agenda Explora, hito de firma y la conformaci\u00f3n de su Consejo Asesor 2023.<\/p>\n","protected":false},"author":30,"featured_media":40287,"comment_status":"open","ping_status":"open","sticky":false,"template":"","format":"standard","meta":{"_acf_changed":false,"_exactmetrics_skip_tracking":false,"_exactmetrics_sitenote_active":false,"_exactmetrics_sitenote_note":"","_exactmetrics_sitenote_category":0,"footnotes":"","_links_to":"","_links_to_target":""},"categories":[4],"tags":[347,23,157,31,228],"class_list":["post-40274","post","type-post","status-publish","format-standard","has-post-thumbnail","hentry","category-noticias","tag-consejo-asesor","tag-explora","tag-explora-biobio","tag-noticia-explora","tag-par-explora"],"acf":[],"yoast_head":"<!-- This site is optimized with the Yoast SEO plugin v26.7 - https:\/\/yoast.com\/wordpress\/plugins\/seo\/ -->\n<title>Explora Biob\u00edo present\u00f3 Consejo Asesor y nueva agenda 2023 - Biob\u00edo<\/title>\n<meta name=\"robots\" content=\"index, follow, max-snippet:-1, max-image-preview:large, max-video-preview:-1\" \/>\n<link rel=\"canonical\" href=\"https:\/\/dev.explora.cl\/biobio\/explora-biobio-presento-consejo-asesor-y-nueva-agenda-2023\/\" class=\"yoast-seo-meta-tag\" \/>\n<meta property=\"og:locale\" content=\"es_ES\" class=\"yoast-seo-meta-tag\" \/>\n<meta property=\"og:type\" content=\"article\" class=\"yoast-seo-meta-tag\" \/>\n<meta property=\"og:title\" content=\"Explora Biob\u00edo present\u00f3 Consejo Asesor y nueva agenda 2023 - Biob\u00edo\" class=\"yoast-seo-meta-tag\" \/>\n<meta property=\"og:description\" content=\"Luego de la nueva adjudicaci\u00f3n por dos a\u00f1os del Proyecto Asociativo Regional Explora Biob\u00edo, el Centro Interactivo de Ciencias, Artes y Tecnolog\u00edas de la Universidad de Concepci\u00f3n; present\u00f3 su agenda Explora, hito de firma y la conformaci\u00f3n de su Consejo Asesor 2023.\" class=\"yoast-seo-meta-tag\" \/>\n<meta property=\"og:url\" content=\"https:\/\/dev.explora.cl\/biobio\/explora-biobio-presento-consejo-asesor-y-nueva-agenda-2023\/\" class=\"yoast-seo-meta-tag\" \/>\n<meta property=\"og:site_name\" content=\"Biob\u00edo\" class=\"yoast-seo-meta-tag\" \/>\n<meta property=\"article:published_time\" content=\"2023-06-30T16:19:11+00:00\" class=\"yoast-seo-meta-tag\" \/>\n<meta property=\"article:modified_time\" content=\"2025-03-26T15:57:10+00:00\" class=\"yoast-seo-meta-tag\" \/>\n<meta property=\"og:image\" content=\"https:\/\/dev.explora.cl\/biobio\/wp-content\/uploads\/sites\/14\/2023\/06\/Fotos-consejo-asesor13-1024x768.png\" class=\"yoast-seo-meta-tag\" \/>\n\t<meta property=\"og:image:width\" content=\"1024\" class=\"yoast-seo-meta-tag\" \/>\n\t<meta property=\"og:image:height\" content=\"768\" class=\"yoast-seo-meta-tag\" \/>\n\t<meta property=\"og:image:type\" content=\"image\/png\" class=\"yoast-seo-meta-tag\" \/>\n<meta name=\"author\" content=\"froldan\" class=\"yoast-seo-meta-tag\" \/>\n<meta name=\"twitter:card\" content=\"summary_large_image\" class=\"yoast-seo-meta-tag\" \/>\n<meta name=\"twitter:label1\" content=\"Escrito por\" class=\"yoast-seo-meta-tag\" \/>\n\t<meta name=\"twitter:data1\" content=\"froldan\" class=\"yoast-seo-meta-tag\" \/>\n\t<meta name=\"twitter:label2\" content=\"Tiempo estimado de lectura\" class=\"yoast-seo-meta-tag\" \/>\n\t<meta name=\"twitter:data2\" content=\"4 minutos\" class=\"yoast-seo-meta-tag\" \/>\n<script type=\"application\/ld+json\" class=\"yoast-schema-graph\">{\"@context\":\"https:\/\/schema.org\",\"@graph\":[{\"@type\":\"Article\",\"@id\":\"https:\/\/dev.explora.cl\/biobio\/explora-biobio-presento-consejo-asesor-y-nueva-agenda-2023\/#article\",\"isPartOf\":{\"@id\":\"https:\/\/dev.explora.cl\/biobio\/explora-biobio-presento-consejo-asesor-y-nueva-agenda-2023\/\"},\"author\":{\"name\":\"froldan\",\"@id\":\"https:\/\/dev.explora.cl\/biobio\/#\/schema\/person\/28e098d9fbc79016ed58bab1c631252b\"},\"headline\":\"Explora Biob\u00edo present\u00f3 Consejo Asesor y nueva agenda 2023\",\"datePublished\":\"2023-06-30T16:19:11+00:00\",\"dateModified\":\"2025-03-26T15:57:10+00:00\",\"mainEntityOfPage\":{\"@id\":\"https:\/\/dev.explora.cl\/biobio\/explora-biobio-presento-consejo-asesor-y-nueva-agenda-2023\/\"},\"wordCount\":862,\"commentCount\":0,\"image\":{\"@id\":\"https:\/\/dev.explora.cl\/biobio\/explora-biobio-presento-consejo-asesor-y-nueva-agenda-2023\/#primaryimage\"},\"thumbnailUrl\":\"https:\/\/dev.explora.cl\/biobio\/wp-content\/uploads\/sites\/14\/2023\/06\/Fotos-consejo-asesor13.png\",\"keywords\":[\"Consejo Asesor\",\"EXPLORA\",\"EXPLORA Biob\u00edo\",\"noticia Explora\",\"PAR Explora\"],\"articleSection\":[\"Noticias\"],\"inLanguage\":\"es-CL\",\"potentialAction\":[{\"@type\":\"CommentAction\",\"name\":\"Comment\",\"target\":[\"https:\/\/dev.explora.cl\/biobio\/explora-biobio-presento-consejo-asesor-y-nueva-agenda-2023\/#respond\"]}]},{\"@type\":\"WebPage\",\"@id\":\"https:\/\/dev.explora.cl\/biobio\/explora-biobio-presento-consejo-asesor-y-nueva-agenda-2023\/\",\"url\":\"https:\/\/dev.explora.cl\/biobio\/explora-biobio-presento-consejo-asesor-y-nueva-agenda-2023\/\",\"name\":\"Explora Biob\u00edo present\u00f3 Consejo Asesor y nueva agenda 2023 - Biob\u00edo\",\"isPartOf\":{\"@id\":\"https:\/\/dev.explora.cl\/biobio\/#website\"},\"primaryImageOfPage\":{\"@id\":\"https:\/\/dev.explora.cl\/biobio\/explora-biobio-presento-consejo-asesor-y-nueva-agenda-2023\/#primaryimage\"},\"image\":{\"@id\":\"https:\/\/dev.explora.cl\/biobio\/explora-biobio-presento-consejo-asesor-y-nueva-agenda-2023\/#primaryimage\"},\"thumbnailUrl\":\"https:\/\/dev.explora.cl\/biobio\/wp-content\/uploads\/sites\/14\/2023\/06\/Fotos-consejo-asesor13.png\",\"datePublished\":\"2023-06-30T16:19:11+00:00\",\"dateModified\":\"2025-03-26T15:57:10+00:00\",\"author\":{\"@id\":\"https:\/\/dev.explora.cl\/biobio\/#\/schema\/person\/28e098d9fbc79016ed58bab1c631252b\"},\"breadcrumb\":{\"@id\":\"https:\/\/dev.explora.cl\/biobio\/explora-biobio-presento-consejo-asesor-y-nueva-agenda-2023\/#breadcrumb\"},\"inLanguage\":\"es-CL\",\"potentialAction\":[{\"@type\":\"ReadAction\",\"target\":[\"https:\/\/dev.explora.cl\/biobio\/explora-biobio-presento-consejo-asesor-y-nueva-agenda-2023\/\"]}]},{\"@type\":\"ImageObject\",\"inLanguage\":\"es-CL\",\"@id\":\"https:\/\/dev.explora.cl\/biobio\/explora-biobio-presento-consejo-asesor-y-nueva-agenda-2023\/#primaryimage\",\"url\":\"https:\/\/dev.explora.cl\/biobio\/wp-content\/uploads\/sites\/14\/2023\/06\/Fotos-consejo-asesor13.png\",\"contentUrl\":\"https:\/\/dev.explora.cl\/biobio\/wp-content\/uploads\/sites\/14\/2023\/06\/Fotos-consejo-asesor13.png\",\"width\":4032,\"height\":3024},{\"@type\":\"BreadcrumbList\",\"@id\":\"https:\/\/dev.explora.cl\/biobio\/explora-biobio-presento-consejo-asesor-y-nueva-agenda-2023\/#breadcrumb\",\"itemListElement\":[{\"@type\":\"ListItem\",\"position\":1,\"name\":\"Portada\",\"item\":\"https:\/\/dev.explora.cl\/biobio\/\"},{\"@type\":\"ListItem\",\"position\":2,\"name\":\"Explora Biob\u00edo present\u00f3 Consejo Asesor y nueva agenda 2023\"}]},{\"@type\":\"WebSite\",\"@id\":\"https:\/\/dev.explora.cl\/biobio\/#website\",\"url\":\"https:\/\/dev.explora.cl\/biobio\/\",\"name\":\"Biob\u00edo\",\"description\":\"Otro sitio m\u00e1s de dev.explora.cl\",\"potentialAction\":[{\"@type\":\"SearchAction\",\"target\":{\"@type\":\"EntryPoint\",\"urlTemplate\":\"https:\/\/dev.explora.cl\/biobio\/?s={search_term_string}\"},\"query-input\":{\"@type\":\"PropertyValueSpecification\",\"valueRequired\":true,\"valueName\":\"search_term_string\"}}],\"inLanguage\":\"es-CL\"},{\"@type\":\"Person\",\"@id\":\"https:\/\/dev.explora.cl\/biobio\/#\/schema\/person\/28e098d9fbc79016ed58bab1c631252b\",\"name\":\"froldan\",\"image\":{\"@type\":\"ImageObject\",\"inLanguage\":\"es-CL\",\"@id\":\"https:\/\/dev.explora.cl\/biobio\/#\/schema\/person\/image\/\",\"url\":\"https:\/\/secure.gravatar.com\/avatar\/07411080a6eab15b4aa8ebd4adb95b647d8ae9592fad7632257da2a562da9b88?s=96&d=mm&r=g\",\"contentUrl\":\"https:\/\/secure.gravatar.com\/avatar\/07411080a6eab15b4aa8ebd4adb95b647d8ae9592fad7632257da2a562da9b88?s=96&d=mm&r=g\",\"caption\":\"froldan\"},\"url\":\"https:\/\/dev.explora.cl\/biobio\/author\/froldan\/\"}]}<\/script>\n<!-- \/ Yoast SEO plugin. -->","yoast_head_json":{"title":"Explora Biob\u00edo present\u00f3 Consejo Asesor y nueva agenda 2023 - Biob\u00edo","robots":{"index":"index","follow":"follow","max-snippet":"max-snippet:-1","max-image-preview":"max-image-preview:large","max-video-preview":"max-video-preview:-1"},"canonical":"https:\/\/dev.explora.cl\/biobio\/explora-biobio-presento-consejo-asesor-y-nueva-agenda-2023\/","og_locale":"es_ES","og_type":"article","og_title":"Explora Biob\u00edo present\u00f3 Consejo Asesor y nueva agenda 2023 - Biob\u00edo","og_description":"Luego de la nueva adjudicaci\u00f3n por dos a\u00f1os del Proyecto Asociativo Regional Explora Biob\u00edo, el Centro Interactivo de Ciencias, Artes y Tecnolog\u00edas de la Universidad de Concepci\u00f3n; present\u00f3 su agenda Explora, hito de firma y la conformaci\u00f3n de su Consejo Asesor 2023.","og_url":"https:\/\/dev.explora.cl\/biobio\/explora-biobio-presento-consejo-asesor-y-nueva-agenda-2023\/","og_site_name":"Biob\u00edo","article_published_time":"2023-06-30T16:19:11+00:00","article_modified_time":"2025-03-26T15:57:10+00:00","og_image":[{"width":1024,"height":768,"url":"https:\/\/dev.explora.cl\/biobio\/wp-content\/uploads\/sites\/14\/2023\/06\/Fotos-consejo-asesor13-1024x768.png","type":"image\/png"}],"author":"froldan","twitter_card":"summary_large_image","twitter_misc":{"Escrito por":"froldan","Tiempo estimado de lectura":"4 minutos"},"schema":{"@context":"https:\/\/schema.org","@graph":[{"@type":"Article","@id":"https:\/\/dev.explora.cl\/biobio\/explora-biobio-presento-consejo-asesor-y-nueva-agenda-2023\/#article","isPartOf":{"@id":"https:\/\/dev.explora.cl\/biobio\/explora-biobio-presento-consejo-asesor-y-nueva-agenda-2023\/"},"author":{"name":"froldan","@id":"https:\/\/dev.explora.cl\/biobio\/#\/schema\/person\/28e098d9fbc79016ed58bab1c631252b"},"headline":"Explora Biob\u00edo present\u00f3 Consejo Asesor y nueva agenda 2023","datePublished":"2023-06-30T16:19:11+00:00","dateModified":"2025-03-26T15:57:10+00:00","mainEntityOfPage":{"@id":"https:\/\/dev.explora.cl\/biobio\/explora-biobio-presento-consejo-asesor-y-nueva-agenda-2023\/"},"wordCount":862,"commentCount":0,"image":{"@id":"https:\/\/dev.explora.cl\/biobio\/explora-biobio-presento-consejo-asesor-y-nueva-agenda-2023\/#primaryimage"},"thumbnailUrl":"https:\/\/dev.explora.cl\/biobio\/wp-content\/uploads\/sites\/14\/2023\/06\/Fotos-consejo-asesor13.png","keywords":["Consejo Asesor","EXPLORA","EXPLORA Biob\u00edo","noticia Explora","PAR Explora"],"articleSection":["Noticias"],"inLanguage":"es-CL","potentialAction":[{"@type":"CommentAction","name":"Comment","target":["https:\/\/dev.explora.cl\/biobio\/explora-biobio-presento-consejo-asesor-y-nueva-agenda-2023\/#respond"]}]},{"@type":"WebPage","@id":"https:\/\/dev.explora.cl\/biobio\/explora-biobio-presento-consejo-asesor-y-nueva-agenda-2023\/","url":"https:\/\/dev.explora.cl\/biobio\/explora-biobio-presento-consejo-asesor-y-nueva-agenda-2023\/","name":"Explora Biob\u00edo present\u00f3 Consejo Asesor y nueva agenda 2023 - Biob\u00edo","isPartOf":{"@id":"https:\/\/dev.explora.cl\/biobio\/#website"},"primaryImageOfPage":{"@id":"https:\/\/dev.explora.cl\/biobio\/explora-biobio-presento-consejo-asesor-y-nueva-agenda-2023\/#primaryimage"},"image":{"@id":"https:\/\/dev.explora.cl\/biobio\/explora-biobio-presento-consejo-asesor-y-nueva-agenda-2023\/#primaryimage"},"thumbnailUrl":"https:\/\/dev.explora.cl\/biobio\/wp-content\/uploads\/sites\/14\/2023\/06\/Fotos-consejo-asesor13.png","datePublished":"2023-06-30T16:19:11+00:00","dateModified":"2025-03-26T15:57:10+00:00","author":{"@id":"https:\/\/dev.explora.cl\/biobio\/#\/schema\/person\/28e098d9fbc79016ed58bab1c631252b"},"breadcrumb":{"@id":"https:\/\/dev.explora.cl\/biobio\/explora-biobio-presento-consejo-asesor-y-nueva-agenda-2023\/#breadcrumb"},"inLanguage":"es-CL","potentialAction":[{"@type":"ReadAction","target":["https:\/\/dev.explora.cl\/biobio\/explora-biobio-presento-consejo-asesor-y-nueva-agenda-2023\/"]}]},{"@type":"ImageObject","inLanguage":"es-CL","@id":"https:\/\/dev.explora.cl\/biobio\/explora-biobio-presento-consejo-asesor-y-nueva-agenda-2023\/#primaryimage","url":"https:\/\/dev.explora.cl\/biobio\/wp-content\/uploads\/sites\/14\/2023\/06\/Fotos-consejo-asesor13.png","contentUrl":"https:\/\/dev.explora.cl\/biobio\/wp-content\/uploads\/sites\/14\/2023\/06\/Fotos-consejo-asesor13.png","width":4032,"height":3024},{"@type":"BreadcrumbList","@id":"https:\/\/dev.explora.cl\/biobio\/explora-biobio-presento-consejo-asesor-y-nueva-agenda-2023\/#breadcrumb","itemListElement":[{"@type":"ListItem","position":1,"name":"Portada","item":"https:\/\/dev.explora.cl\/biobio\/"},{"@type":"ListItem","position":2,"name":"Explora Biob\u00edo present\u00f3 Consejo Asesor y nueva agenda 2023"}]},{"@type":"WebSite","@id":"https:\/\/dev.explora.cl\/biobio\/#website","url":"https:\/\/dev.explora.cl\/biobio\/","name":"Biob\u00edo","description":"Otro sitio m\u00e1s de dev.explora.cl","potentialAction":[{"@type":"SearchAction","target":{"@type":"EntryPoint","urlTemplate":"https:\/\/dev.explora.cl\/biobio\/?s={search_term_string}"},"query-input":{"@type":"PropertyValueSpecification","valueRequired":true,"valueName":"search_term_string"}}],"inLanguage":"es-CL"},{"@type":"Person","@id":"https:\/\/dev.explora.cl\/biobio\/#\/schema\/person\/28e098d9fbc79016ed58bab1c631252b","name":"froldan","image":{"@type":"ImageObject","inLanguage":"es-CL","@id":"https:\/\/dev.explora.cl\/biobio\/#\/schema\/person\/image\/","url":"https:\/\/secure.gravatar.com\/avatar\/07411080a6eab15b4aa8ebd4adb95b647d8ae9592fad7632257da2a562da9b88?s=96&d=mm&r=g","contentUrl":"https:\/\/secure.gravatar.com\/avatar\/07411080a6eab15b4aa8ebd4adb95b647d8ae9592fad7632257da2a562da9b88?s=96&d=mm&r=g","caption":"froldan"},"url":"https:\/\/dev.explora.cl\/biobio\/author\/froldan\/"}]}},"_links":{"self":[{"href":"https:\/\/dev.explora.cl\/biobio\/wp-json\/wp\/v2\/posts\/40274","targetHints":{"allow":["GET"]}}],"collection":[{"href":"https:\/\/dev.explora.cl\/biobio\/wp-json\/wp\/v2\/posts"}],"about":[{"href":"https:\/\/dev.explora.cl\/biobio\/wp-json\/wp\/v2\/types\/post"}],"author":[{"embeddable":true,"href":"https:\/\/dev.explora.cl\/biobio\/wp-json\/wp\/v2\/users\/30"}],"replies":[{"embeddable":true,"href":"https:\/\/dev.explora.cl\/biobio\/wp-json\/wp\/v2\/comments?post=40274"}],"version-history":[{"count":2,"href":"https:\/\/dev.explora.cl\/biobio\/wp-json\/wp\/v2\/posts\/40274\/revisions"}],"predecessor-version":[{"id":40296,"href":"https:\/\/dev.explora.cl\/biobio\/wp-json\/wp\/v2\/posts\/40274\/revisions\/40296"}],"wp:featuredmedia":[{"embeddable":true,"href":"https:\/\/dev.explora.cl\/biobio\/wp-json\/wp\/v2\/media\/40287"}],"wp:attachment":[{"href":"https:\/\/dev.explora.cl\/biobio\/wp-json\/wp\/v2\/media?parent=40274"}],"wp:term":[{"taxonomy":"category","embeddable":true,"href":"https:\/\/dev.explora.cl\/biobio\/wp-json\/wp\/v2\/categories?post=40274"},{"taxonomy":"post_tag","embeddable":true,"href":"https:\/\/dev.explora.cl\/biobio\/wp-json\/wp\/v2\/tags?post=40274"}],"curies":[{"name":"wp","href":"https:\/\/api.w.org\/{rel}","templated":true}]}}