{"id":40046,"date":"2022-12-15T22:59:52","date_gmt":"2022-12-16T01:59:52","guid":{"rendered":"https:\/\/dev.explora.cl\/biobio\/?p=40046"},"modified":"2023-02-16T14:54:18","modified_gmt":"2023-02-16T17:54:18","slug":"finalizo-tercera-version-del-campamento-explora-va-2022","status":"publish","type":"post","link":"https:\/\/dev.explora.cl\/biobio\/finalizo-tercera-version-del-campamento-explora-va-2022\/","title":{"rendered":"FINALIZ\u00d3 TERCERA VERSI\u00d3N DEL CAMPAMENTO EXPLORA VA 2022"},"content":{"rendered":"<p><em><span style=\"font-weight: 400\">La iniciativa desarrollada por el Programa Explora Biob\u00edo del Ministerio <\/span><span style=\"font-weight: 400\">de Ciencias, Tecnolog\u00eda, Conocimiento e Innovaci\u00f3n tuvo como prop\u00f3sito generar una vinculaci\u00f3n entre docentes con museos y centros de investigaci\u00f3n, fortaleciendo las redes y trabajo colaborativo para el desarrollo de la ciencia como herramienta para conectar con los territorios.<\/span><\/em><\/p>\n<p><span style=\"font-weight: 400\">Las actividades se extendieron desde el 12 al 15 de diciembre, mezclando formatos <strong>presenciales y virtuales<\/strong> a fin de ofrecer la experiencia de capacitaci\u00f3n m\u00e1s completa y memorable para los\/las profesoras participantes. Mientras la virtualidad fue utilizada para transmitir informaci\u00f3n de relevancia dada por expertos en la materia, el trabajo en terreno estuvo enfocado en vincularse con espacios importantes tanto en historia como en un sentido ambiental en el Gran Concepci\u00f3n. Dentro de estos se menciona la <strong>Pinacoteca, el Museo de historia Natural y el Humedal Maule.\u00a0<\/strong><\/span><\/p>\n<p><span style=\"font-weight: 400\">\u00a0\u00a0\u00a0\u00a0\u00a0\u00a0\u00a0\u00a0<\/span> <span style=\"font-weight: 400\"> La <\/span><b>Dra. Sof\u00eda Valenzuela \u00c1guila<\/b><span style=\"font-weight: 400\">, Seremi de Ciencias de la Macrozona Centro Sur, coment\u00f3 sobre la instancia: \u201cEs este tipo de iniciativas de Explora Campamento Va que nos interesa fomentar como Ministerio de Ciencias; en la cual se van capacitando profesoras y profesores de distintos niveles en ciencias para que adquieran nuevas herramientas y nuevas din\u00e1micas para acercar el conocimiento hacia los ni\u00f1os, ni\u00f1as y adolescentes en sus establecimientos, y posteriormente, a profesores y profesoras de sus propios establecimientos\u201d declar\u00f3 la Seremi.\u00a0<\/span><\/p>\n<p><span style=\"font-weight: 400\">Las actividades de esta versi\u00f3n tuvieron dos focos principales: <strong>generar redes de colaboraci\u00f3n entre los docentes y propiciar la conexi\u00f3n al territorio a trav\u00e9s de las ciencias.<\/strong> Para esto, las jornadas variaron entre instancias l\u00fadicas de conformaci\u00f3n de equipos para la participaci\u00f3n de juegos y desaf\u00edos, la visita a todo tipo de museos y centros de relevancia hist\u00f3rica y ambiental.<\/span><\/p>\n<p><span style=\"font-weight: 400\">As\u00ed lo mencion\u00f3 el coordinador del PAR Explora Biob\u00edo, <\/span><b>Cristi\u00e1n Espinoza Lizana<\/b><span style=\"font-weight: 400\">, quien junto al equipo ha participado en la generaci\u00f3n de nexos con diversos espacios de<\/span> <span style=\"font-weight: 400\">divulgaci\u00f3n y valoraci\u00f3n en la regi\u00f3n:\u00a0 \u201cEn esta edici\u00f3n del campamento abordamos el concepto de la ciencia del territorio, es decir, como el territorio interact\u00faa con las comunidades educativas o como incluso las comunidades educativas buscan el territorio, moviliz\u00e1ndonos con la siguiente pregunta: si el territorio es una decoraci\u00f3n, es un recurso o un agente. Bajo esta problem\u00e1tica que abordamos en el campamento hemos visitado tres espacios: un museo al aire libre, un museo relacionado con la ciencia y un museo relacionado con el arte y el patrimonio, donde los profesores se involucran con las experiencias que ofrece el territorio y van evaluando c\u00f3mo mejorarla, c\u00f3mo potenciarla y c\u00f3mo ir transform\u00e1ndola en un agente para la comunidad\u201d, declar\u00f3 el coordinador del PAR.<\/span><\/p>\n<p><span style=\"font-weight: 400\">Para el cierre de esta iniciativa, se aplic\u00f3 el objetivo de consolidar los lazos establecidos entre los y las docentes participantes al pedirles la generaci\u00f3n de un proyecto en conjunto consistente de una gran salida a terreno de sus comunidades educativas, en donde estudiantes de diferentes centros van a poder interactuar y compartir experiencias con otros en el marco de las ciencias aplicadas al territorio.\u00a0<\/span><\/p>\n<p><span style=\"font-weight: 400\">Sobre el desarrollo del Campamento, Macarena Pinilla, profesora de Ciencias Naturales con menci\u00f3n en Biolog\u00eda coment\u00f3: \u201cLa verdad me pareci\u00f3 que es refrescante, recreativo y nos trae tambi\u00e9n a los profes este refresh que necesit\u00e1bamos para terminar el a\u00f1o con una experiencia motivadora y que nos permite tambi\u00e9n generar v\u00ednculos con el territorio y tambi\u00e9n con nuestros colegas. Muchas ideas l\u00fadicas que voy a poder aplicar con mis estudiantes y tambi\u00e9n con mis colegas porque est\u00e1n muy buenas\u201d relat\u00f3 la docente.\u00a0<\/span><\/p>\n<p><span style=\"font-weight: 400\">En esta versi\u00f3n se contemplaron profesores\/as de toda el \u00e1rea educativa, como docentes de Educaci\u00f3n B\u00e1sica y Media de las \u00e1reas de Ciencias Naturales, Sociales, Tecnolog\u00eda, T\u00e9cnico &#8211; Profesional, Educadoras\/es de P\u00e1rvulo, Asistentes de la Educaci\u00f3n y Educadoras\/es Diferenciales u otras disciplinas afines.\u00a0<\/span><\/p>\n","protected":false},"excerpt":{"rendered":"<p>La iniciativa desarrollada por el Programa Explora Biob\u00edo del Ministerio de Ciencias, Tecnolog\u00eda, Conocimiento e Innovaci\u00f3n tuvo como prop\u00f3sito generar una vinculaci\u00f3n entre docentes con museos y centros de investigaci\u00f3n, fortaleciendo las redes y trabajo colaborativo para el desarrollo de la ciencia como herramienta para conectar con los territorios.<\/p>\n","protected":false},"author":30,"featured_media":40050,"comment_status":"open","ping_status":"open","sticky":false,"template":"","format":"standard","meta":{"_acf_changed":false,"_exactmetrics_skip_tracking":false,"_exactmetrics_sitenote_active":false,"_exactmetrics_sitenote_note":"","_exactmetrics_sitenote_category":0,"footnotes":"","_links_to":"","_links_to_target":""},"categories":[4,342],"tags":[255,323,23,157,254,202,177,322],"class_list":["post-40046","post","type-post","status-publish","format-standard","has-post-thumbnail","hentry","category-noticias","category-ultimas-noticias","tag-campamento","tag-comunidad-docente","tag-explora","tag-explora-biobio","tag-explora-va","tag-par-explora-biobio","tag-profesores","tag-va"],"acf":[],"yoast_head":"<!-- This site is optimized with the Yoast SEO plugin v26.7 - https:\/\/yoast.com\/wordpress\/plugins\/seo\/ -->\n<title>FINALIZ\u00d3 TERCERA VERSI\u00d3N DEL CAMPAMENTO EXPLORA VA 2022 - Biob\u00edo<\/title>\n<meta name=\"robots\" content=\"index, follow, max-snippet:-1, max-image-preview:large, max-video-preview:-1\" \/>\n<link rel=\"canonical\" href=\"https:\/\/dev.explora.cl\/biobio\/finalizo-tercera-version-del-campamento-explora-va-2022\/\" class=\"yoast-seo-meta-tag\" \/>\n<meta property=\"og:locale\" content=\"es_ES\" class=\"yoast-seo-meta-tag\" \/>\n<meta property=\"og:type\" content=\"article\" class=\"yoast-seo-meta-tag\" \/>\n<meta property=\"og:title\" content=\"FINALIZ\u00d3 TERCERA VERSI\u00d3N DEL CAMPAMENTO EXPLORA VA 2022 - Biob\u00edo\" class=\"yoast-seo-meta-tag\" \/>\n<meta property=\"og:description\" content=\"La iniciativa desarrollada por el Programa Explora Biob\u00edo del Ministerio de Ciencias, Tecnolog\u00eda, Conocimiento e Innovaci\u00f3n tuvo como prop\u00f3sito generar una vinculaci\u00f3n entre docentes con museos y centros de investigaci\u00f3n, fortaleciendo las redes y trabajo colaborativo para el desarrollo de la ciencia como herramienta para conectar con los territorios.\" class=\"yoast-seo-meta-tag\" \/>\n<meta property=\"og:url\" content=\"https:\/\/dev.explora.cl\/biobio\/finalizo-tercera-version-del-campamento-explora-va-2022\/\" class=\"yoast-seo-meta-tag\" \/>\n<meta property=\"og:site_name\" content=\"Biob\u00edo\" class=\"yoast-seo-meta-tag\" \/>\n<meta property=\"article:published_time\" content=\"2022-12-16T01:59:52+00:00\" class=\"yoast-seo-meta-tag\" \/>\n<meta property=\"article:modified_time\" content=\"2023-02-16T17:54:18+00:00\" class=\"yoast-seo-meta-tag\" \/>\n<meta property=\"og:image\" content=\"https:\/\/dev.explora.cl\/biobio\/wp-content\/uploads\/sites\/14\/2022\/12\/IMG_3362-1024x683.jpg\" class=\"yoast-seo-meta-tag\" \/>\n\t<meta property=\"og:image:width\" content=\"1024\" class=\"yoast-seo-meta-tag\" \/>\n\t<meta property=\"og:image:height\" content=\"683\" class=\"yoast-seo-meta-tag\" \/>\n\t<meta property=\"og:image:type\" content=\"image\/jpeg\" class=\"yoast-seo-meta-tag\" \/>\n<meta name=\"author\" content=\"froldan\" class=\"yoast-seo-meta-tag\" \/>\n<meta name=\"twitter:card\" content=\"summary_large_image\" class=\"yoast-seo-meta-tag\" \/>\n<meta name=\"twitter:label1\" content=\"Escrito por\" class=\"yoast-seo-meta-tag\" \/>\n\t<meta name=\"twitter:data1\" content=\"froldan\" class=\"yoast-seo-meta-tag\" \/>\n\t<meta name=\"twitter:label2\" content=\"Tiempo estimado de lectura\" class=\"yoast-seo-meta-tag\" \/>\n\t<meta name=\"twitter:data2\" content=\"3 minutos\" class=\"yoast-seo-meta-tag\" \/>\n<script type=\"application\/ld+json\" class=\"yoast-schema-graph\">{\"@context\":\"https:\/\/schema.org\",\"@graph\":[{\"@type\":\"Article\",\"@id\":\"https:\/\/dev.explora.cl\/biobio\/finalizo-tercera-version-del-campamento-explora-va-2022\/#article\",\"isPartOf\":{\"@id\":\"https:\/\/dev.explora.cl\/biobio\/finalizo-tercera-version-del-campamento-explora-va-2022\/\"},\"author\":{\"name\":\"froldan\",\"@id\":\"https:\/\/dev.explora.cl\/biobio\/#\/schema\/person\/28e098d9fbc79016ed58bab1c631252b\"},\"headline\":\"FINALIZ\u00d3 TERCERA VERSI\u00d3N DEL CAMPAMENTO EXPLORA VA 2022\",\"datePublished\":\"2022-12-16T01:59:52+00:00\",\"dateModified\":\"2023-02-16T17:54:18+00:00\",\"mainEntityOfPage\":{\"@id\":\"https:\/\/dev.explora.cl\/biobio\/finalizo-tercera-version-del-campamento-explora-va-2022\/\"},\"wordCount\":683,\"commentCount\":0,\"image\":{\"@id\":\"https:\/\/dev.explora.cl\/biobio\/finalizo-tercera-version-del-campamento-explora-va-2022\/#primaryimage\"},\"thumbnailUrl\":\"https:\/\/dev.explora.cl\/biobio\/wp-content\/uploads\/sites\/14\/2022\/12\/IMG_3362.jpg\",\"keywords\":[\"campamento\",\"Comunidad docente\",\"EXPLORA\",\"EXPLORA Biob\u00edo\",\"explora va\",\"par explora biobio\",\"profesores\",\"Va!\"],\"articleSection\":[\"Noticias\",\"Ultimas noticias\"],\"inLanguage\":\"es-CL\",\"potentialAction\":[{\"@type\":\"CommentAction\",\"name\":\"Comment\",\"target\":[\"https:\/\/dev.explora.cl\/biobio\/finalizo-tercera-version-del-campamento-explora-va-2022\/#respond\"]}]},{\"@type\":\"WebPage\",\"@id\":\"https:\/\/dev.explora.cl\/biobio\/finalizo-tercera-version-del-campamento-explora-va-2022\/\",\"url\":\"https:\/\/dev.explora.cl\/biobio\/finalizo-tercera-version-del-campamento-explora-va-2022\/\",\"name\":\"FINALIZ\u00d3 TERCERA VERSI\u00d3N DEL CAMPAMENTO EXPLORA VA 2022 - Biob\u00edo\",\"isPartOf\":{\"@id\":\"https:\/\/dev.explora.cl\/biobio\/#website\"},\"primaryImageOfPage\":{\"@id\":\"https:\/\/dev.explora.cl\/biobio\/finalizo-tercera-version-del-campamento-explora-va-2022\/#primaryimage\"},\"image\":{\"@id\":\"https:\/\/dev.explora.cl\/biobio\/finalizo-tercera-version-del-campamento-explora-va-2022\/#primaryimage\"},\"thumbnailUrl\":\"https:\/\/dev.explora.cl\/biobio\/wp-content\/uploads\/sites\/14\/2022\/12\/IMG_3362.jpg\",\"datePublished\":\"2022-12-16T01:59:52+00:00\",\"dateModified\":\"2023-02-16T17:54:18+00:00\",\"author\":{\"@id\":\"https:\/\/dev.explora.cl\/biobio\/#\/schema\/person\/28e098d9fbc79016ed58bab1c631252b\"},\"breadcrumb\":{\"@id\":\"https:\/\/dev.explora.cl\/biobio\/finalizo-tercera-version-del-campamento-explora-va-2022\/#breadcrumb\"},\"inLanguage\":\"es-CL\",\"potentialAction\":[{\"@type\":\"ReadAction\",\"target\":[\"https:\/\/dev.explora.cl\/biobio\/finalizo-tercera-version-del-campamento-explora-va-2022\/\"]}]},{\"@type\":\"ImageObject\",\"inLanguage\":\"es-CL\",\"@id\":\"https:\/\/dev.explora.cl\/biobio\/finalizo-tercera-version-del-campamento-explora-va-2022\/#primaryimage\",\"url\":\"https:\/\/dev.explora.cl\/biobio\/wp-content\/uploads\/sites\/14\/2022\/12\/IMG_3362.jpg\",\"contentUrl\":\"https:\/\/dev.explora.cl\/biobio\/wp-content\/uploads\/sites\/14\/2022\/12\/IMG_3362.jpg\",\"width\":6000,\"height\":4000},{\"@type\":\"BreadcrumbList\",\"@id\":\"https:\/\/dev.explora.cl\/biobio\/finalizo-tercera-version-del-campamento-explora-va-2022\/#breadcrumb\",\"itemListElement\":[{\"@type\":\"ListItem\",\"position\":1,\"name\":\"Portada\",\"item\":\"https:\/\/dev.explora.cl\/biobio\/\"},{\"@type\":\"ListItem\",\"position\":2,\"name\":\"FINALIZ\u00d3 TERCERA VERSI\u00d3N DEL CAMPAMENTO EXPLORA VA 2022\"}]},{\"@type\":\"WebSite\",\"@id\":\"https:\/\/dev.explora.cl\/biobio\/#website\",\"url\":\"https:\/\/dev.explora.cl\/biobio\/\",\"name\":\"Biob\u00edo\",\"description\":\"Otro sitio m\u00e1s de dev.explora.cl\",\"potentialAction\":[{\"@type\":\"SearchAction\",\"target\":{\"@type\":\"EntryPoint\",\"urlTemplate\":\"https:\/\/dev.explora.cl\/biobio\/?s={search_term_string}\"},\"query-input\":{\"@type\":\"PropertyValueSpecification\",\"valueRequired\":true,\"valueName\":\"search_term_string\"}}],\"inLanguage\":\"es-CL\"},{\"@type\":\"Person\",\"@id\":\"https:\/\/dev.explora.cl\/biobio\/#\/schema\/person\/28e098d9fbc79016ed58bab1c631252b\",\"name\":\"froldan\",\"image\":{\"@type\":\"ImageObject\",\"inLanguage\":\"es-CL\",\"@id\":\"https:\/\/dev.explora.cl\/biobio\/#\/schema\/person\/image\/\",\"url\":\"https:\/\/secure.gravatar.com\/avatar\/07411080a6eab15b4aa8ebd4adb95b647d8ae9592fad7632257da2a562da9b88?s=96&d=mm&r=g\",\"contentUrl\":\"https:\/\/secure.gravatar.com\/avatar\/07411080a6eab15b4aa8ebd4adb95b647d8ae9592fad7632257da2a562da9b88?s=96&d=mm&r=g\",\"caption\":\"froldan\"},\"url\":\"https:\/\/dev.explora.cl\/biobio\/author\/froldan\/\"}]}<\/script>\n<!-- \/ Yoast SEO plugin. -->","yoast_head_json":{"title":"FINALIZ\u00d3 TERCERA VERSI\u00d3N DEL CAMPAMENTO EXPLORA VA 2022 - Biob\u00edo","robots":{"index":"index","follow":"follow","max-snippet":"max-snippet:-1","max-image-preview":"max-image-preview:large","max-video-preview":"max-video-preview:-1"},"canonical":"https:\/\/dev.explora.cl\/biobio\/finalizo-tercera-version-del-campamento-explora-va-2022\/","og_locale":"es_ES","og_type":"article","og_title":"FINALIZ\u00d3 TERCERA VERSI\u00d3N DEL CAMPAMENTO EXPLORA VA 2022 - Biob\u00edo","og_description":"La iniciativa desarrollada por el Programa Explora Biob\u00edo del Ministerio de Ciencias, Tecnolog\u00eda, Conocimiento e Innovaci\u00f3n tuvo como prop\u00f3sito generar una vinculaci\u00f3n entre docentes con museos y centros de investigaci\u00f3n, fortaleciendo las redes y trabajo colaborativo para el desarrollo de la ciencia como herramienta para conectar con los territorios.","og_url":"https:\/\/dev.explora.cl\/biobio\/finalizo-tercera-version-del-campamento-explora-va-2022\/","og_site_name":"Biob\u00edo","article_published_time":"2022-12-16T01:59:52+00:00","article_modified_time":"2023-02-16T17:54:18+00:00","og_image":[{"width":1024,"height":683,"url":"https:\/\/dev.explora.cl\/biobio\/wp-content\/uploads\/sites\/14\/2022\/12\/IMG_3362-1024x683.jpg","type":"image\/jpeg"}],"author":"froldan","twitter_card":"summary_large_image","twitter_misc":{"Escrito por":"froldan","Tiempo estimado de lectura":"3 minutos"},"schema":{"@context":"https:\/\/schema.org","@graph":[{"@type":"Article","@id":"https:\/\/dev.explora.cl\/biobio\/finalizo-tercera-version-del-campamento-explora-va-2022\/#article","isPartOf":{"@id":"https:\/\/dev.explora.cl\/biobio\/finalizo-tercera-version-del-campamento-explora-va-2022\/"},"author":{"name":"froldan","@id":"https:\/\/dev.explora.cl\/biobio\/#\/schema\/person\/28e098d9fbc79016ed58bab1c631252b"},"headline":"FINALIZ\u00d3 TERCERA VERSI\u00d3N DEL CAMPAMENTO EXPLORA VA 2022","datePublished":"2022-12-16T01:59:52+00:00","dateModified":"2023-02-16T17:54:18+00:00","mainEntityOfPage":{"@id":"https:\/\/dev.explora.cl\/biobio\/finalizo-tercera-version-del-campamento-explora-va-2022\/"},"wordCount":683,"commentCount":0,"image":{"@id":"https:\/\/dev.explora.cl\/biobio\/finalizo-tercera-version-del-campamento-explora-va-2022\/#primaryimage"},"thumbnailUrl":"https:\/\/dev.explora.cl\/biobio\/wp-content\/uploads\/sites\/14\/2022\/12\/IMG_3362.jpg","keywords":["campamento","Comunidad docente","EXPLORA","EXPLORA Biob\u00edo","explora va","par explora biobio","profesores","Va!"],"articleSection":["Noticias","Ultimas noticias"],"inLanguage":"es-CL","potentialAction":[{"@type":"CommentAction","name":"Comment","target":["https:\/\/dev.explora.cl\/biobio\/finalizo-tercera-version-del-campamento-explora-va-2022\/#respond"]}]},{"@type":"WebPage","@id":"https:\/\/dev.explora.cl\/biobio\/finalizo-tercera-version-del-campamento-explora-va-2022\/","url":"https:\/\/dev.explora.cl\/biobio\/finalizo-tercera-version-del-campamento-explora-va-2022\/","name":"FINALIZ\u00d3 TERCERA VERSI\u00d3N DEL CAMPAMENTO EXPLORA VA 2022 - Biob\u00edo","isPartOf":{"@id":"https:\/\/dev.explora.cl\/biobio\/#website"},"primaryImageOfPage":{"@id":"https:\/\/dev.explora.cl\/biobio\/finalizo-tercera-version-del-campamento-explora-va-2022\/#primaryimage"},"image":{"@id":"https:\/\/dev.explora.cl\/biobio\/finalizo-tercera-version-del-campamento-explora-va-2022\/#primaryimage"},"thumbnailUrl":"https:\/\/dev.explora.cl\/biobio\/wp-content\/uploads\/sites\/14\/2022\/12\/IMG_3362.jpg","datePublished":"2022-12-16T01:59:52+00:00","dateModified":"2023-02-16T17:54:18+00:00","author":{"@id":"https:\/\/dev.explora.cl\/biobio\/#\/schema\/person\/28e098d9fbc79016ed58bab1c631252b"},"breadcrumb":{"@id":"https:\/\/dev.explora.cl\/biobio\/finalizo-tercera-version-del-campamento-explora-va-2022\/#breadcrumb"},"inLanguage":"es-CL","potentialAction":[{"@type":"ReadAction","target":["https:\/\/dev.explora.cl\/biobio\/finalizo-tercera-version-del-campamento-explora-va-2022\/"]}]},{"@type":"ImageObject","inLanguage":"es-CL","@id":"https:\/\/dev.explora.cl\/biobio\/finalizo-tercera-version-del-campamento-explora-va-2022\/#primaryimage","url":"https:\/\/dev.explora.cl\/biobio\/wp-content\/uploads\/sites\/14\/2022\/12\/IMG_3362.jpg","contentUrl":"https:\/\/dev.explora.cl\/biobio\/wp-content\/uploads\/sites\/14\/2022\/12\/IMG_3362.jpg","width":6000,"height":4000},{"@type":"BreadcrumbList","@id":"https:\/\/dev.explora.cl\/biobio\/finalizo-tercera-version-del-campamento-explora-va-2022\/#breadcrumb","itemListElement":[{"@type":"ListItem","position":1,"name":"Portada","item":"https:\/\/dev.explora.cl\/biobio\/"},{"@type":"ListItem","position":2,"name":"FINALIZ\u00d3 TERCERA VERSI\u00d3N DEL CAMPAMENTO EXPLORA VA 2022"}]},{"@type":"WebSite","@id":"https:\/\/dev.explora.cl\/biobio\/#website","url":"https:\/\/dev.explora.cl\/biobio\/","name":"Biob\u00edo","description":"Otro sitio m\u00e1s de dev.explora.cl","potentialAction":[{"@type":"SearchAction","target":{"@type":"EntryPoint","urlTemplate":"https:\/\/dev.explora.cl\/biobio\/?s={search_term_string}"},"query-input":{"@type":"PropertyValueSpecification","valueRequired":true,"valueName":"search_term_string"}}],"inLanguage":"es-CL"},{"@type":"Person","@id":"https:\/\/dev.explora.cl\/biobio\/#\/schema\/person\/28e098d9fbc79016ed58bab1c631252b","name":"froldan","image":{"@type":"ImageObject","inLanguage":"es-CL","@id":"https:\/\/dev.explora.cl\/biobio\/#\/schema\/person\/image\/","url":"https:\/\/secure.gravatar.com\/avatar\/07411080a6eab15b4aa8ebd4adb95b647d8ae9592fad7632257da2a562da9b88?s=96&d=mm&r=g","contentUrl":"https:\/\/secure.gravatar.com\/avatar\/07411080a6eab15b4aa8ebd4adb95b647d8ae9592fad7632257da2a562da9b88?s=96&d=mm&r=g","caption":"froldan"},"url":"https:\/\/dev.explora.cl\/biobio\/author\/froldan\/"}]}},"_links":{"self":[{"href":"https:\/\/dev.explora.cl\/biobio\/wp-json\/wp\/v2\/posts\/40046","targetHints":{"allow":["GET"]}}],"collection":[{"href":"https:\/\/dev.explora.cl\/biobio\/wp-json\/wp\/v2\/posts"}],"about":[{"href":"https:\/\/dev.explora.cl\/biobio\/wp-json\/wp\/v2\/types\/post"}],"author":[{"embeddable":true,"href":"https:\/\/dev.explora.cl\/biobio\/wp-json\/wp\/v2\/users\/30"}],"replies":[{"embeddable":true,"href":"https:\/\/dev.explora.cl\/biobio\/wp-json\/wp\/v2\/comments?post=40046"}],"version-history":[{"count":1,"href":"https:\/\/dev.explora.cl\/biobio\/wp-json\/wp\/v2\/posts\/40046\/revisions"}],"predecessor-version":[{"id":40049,"href":"https:\/\/dev.explora.cl\/biobio\/wp-json\/wp\/v2\/posts\/40046\/revisions\/40049"}],"wp:featuredmedia":[{"embeddable":true,"href":"https:\/\/dev.explora.cl\/biobio\/wp-json\/wp\/v2\/media\/40050"}],"wp:attachment":[{"href":"https:\/\/dev.explora.cl\/biobio\/wp-json\/wp\/v2\/media?parent=40046"}],"wp:term":[{"taxonomy":"category","embeddable":true,"href":"https:\/\/dev.explora.cl\/biobio\/wp-json\/wp\/v2\/categories?post=40046"},{"taxonomy":"post_tag","embeddable":true,"href":"https:\/\/dev.explora.cl\/biobio\/wp-json\/wp\/v2\/tags?post=40046"}],"curies":[{"name":"wp","href":"https:\/\/api.w.org\/{rel}","templated":true}]}}