{"id":39857,"date":"2022-10-13T17:06:24","date_gmt":"2022-10-13T20:06:24","guid":{"rendered":"https:\/\/dev.explora.cl\/biobio\/?p=39857"},"modified":"2023-01-04T16:09:37","modified_gmt":"2023-01-04T19:09:37","slug":"festival-de-las-ciencias-recorrio-las-3-provincias-de-la-region-del-biobio","status":"publish","type":"post","link":"https:\/\/dev.explora.cl\/biobio\/festival-de-las-ciencias-recorrio-las-3-provincias-de-la-region-del-biobio\/","title":{"rendered":"Festival de las Ciencias recorri\u00f3 las tres provincias de la Regi\u00f3n del Biob\u00edo"},"content":{"rendered":"<p>[vc_row][vc_column][vc_column_text]<b>Regeneraci\u00f3n y Cambio Clim\u00e1tico con \u00e9nfasis en el cuidado del agua fue el lema que dio eje central al Festival de las Ciencias (FECI) 2022 en la Regi\u00f3n del Biob\u00edo por tres d\u00edas consecutivos.<\/b><\/p>\n<p><span style=\"font-weight: 400\">Desde el 7 al 9 de octubre el Festival de las Ciencias Biob\u00edo 2022\u00a0 se despleg\u00f3 en las comunas de Nacimiento, Curanilahue y Concepci\u00f3n respectivamente, acercando todas las ciencias y actividades participativas a las comunidades de la Regi\u00f3n del Biob\u00edo, a trav\u00e9s de la tem\u00e1tica del cuidado del agua.\u00a0<\/span><\/p>\n<p><span style=\"font-weight: 400\">Las primeras dos jornadas, el 7 de octubre en Nacimiento y luego el 8 en Curanilahue, partieron con un divertido juego a cargo del investigador Samuel P\u00e9rez, en el cual ni\u00f1os, ni\u00f1as y adolescentes pudieron poner en pr\u00e1ctica el modo en que funcionan las bombas extractoras de camarones de tierra y estudiar de forma interactiva el mundo en el que est\u00e1n inmersos dichos crust\u00e1ceos.<\/span><\/p>\n<p><span style=\"font-weight: 400\">Tambi\u00e9n, durante la ma\u00f1ana de ambas jornadas, las y los asistentes pudieron recorrer los diversos <em>stands<\/em> a cargo del Centro Interactivo de Ciencias, Artes y Tecnolog\u00edas, la Liga de la Ciencia, la Facultad de Ciencias Naturales y Oceanogr\u00e1ficas (FCNO), el Centro Interdisciplinario para la Investigaci\u00f3n Acu\u00edcola (INCAR) y el Centro de Investigaci\u00f3n Oceanogr\u00e1fica COPAS Sur-Austral. Algunas de las actividades ofrecidas por las organizaciones fueron: Pintura flotante, el Gran Juego de los Por Qu\u00e9, muestras del Departamento de Zoolog\u00eda y Bot\u00e1nica, entre otros.\u00a0<\/span><\/p>\n<p><span style=\"font-weight: 400\">En tanto, por las tardes el p\u00fablico se impresion\u00f3 con las nuevas tecnolog\u00edas que se trabajan en las investigaciones rob\u00f3ticas en Marte, con el conversatorio Cada Gota Cuenta del astr\u00f3nomo Paul Calder\u00f3n. Para luego finalizar con un animado <em>show<\/em> en vivo de Zitito Zitoti en el cual los ni\u00f1os, ni\u00f1as y adolescentes se alegraron y gozaron con lo mejor de la globoflexia.\u00a0\u00a0<\/span><\/p>\n<p><span style=\"font-weight: 400\">La tercera jornada del 9 de octubre se desarroll\u00f3 en el campus de la Universidad de Concepci\u00f3n, la cual comenz\u00f3 a mediod\u00eda. A lo largo de la tarde, las y los espectadores contemplaron las obras de teatro \u201cPeter Mago\u201d, \u201cLa Diosa Chotacabras\u201d; y el sorprendente show del Mago Javier. Posteriormente se dio paso a las \u201cCharlas r\u00e1pidas\u201d que contaron con la participaci\u00f3n de Paul G\u00f3mez, B\u00e1rbara Leniz, Ricardo DeMarco, Montserrat Cabrera, Guillermo Ditzel, Constanza Ag\u00fcero, Samuel P\u00e9rez y Sergio Villagr\u00e1n.<\/span><\/p>\n<p><span style=\"font-weight: 400\">Sobre el FECI 2022 regional, el director del PAR Explora Biob\u00edo, <strong>Dr. Juan Carlos Gacit\u00faa<\/strong> comenta que, \u201ces parte del compromiso de la Universidad de Concepci\u00f3n y del CICAT poder acercar la ciencia y la tecnolog\u00eda a todos y todas a trav\u00e9s de distintas iniciativas. Creemos que salir de Concepci\u00f3n y estar presente en otras provincias es parte de ese camino y compromiso. Nos sentimos honrados\/as de que muchas instituciones nos acompa\u00f1en en esa tarea\u201d.<\/span><\/p>\n<p><b>De nivel nacional a regional<\/b><\/p>\n<p><span style=\"font-weight: 400\">El evento se ejecut\u00f3 simult\u00e1neamente a nivel nacional a trav\u00e9s del financiamiento del Ministerio de Ciencia, Tecnolog\u00eda, Conocimiento e Informaci\u00f3n (CTCI) y su programa Ciencia P\u00fablica, a cargo regionalmente del Proyecto Asociativo Regional Explora Biob\u00edo. La tem\u00e1tica central\u00a0 estuvo conectada por la regeneraci\u00f3n del agua y el cambio clim\u00e1tico, poniendo sobre la mesa la importancia del cuidado de los recursos h\u00eddricos.<\/span><\/p>\n<p><span style=\"font-weight: 400\">Cristian Espinoza, coordinador del PAR Explora Biob\u00edo agreg\u00f3 que, \u201cFECI 2022 cont\u00f3 con la participaci\u00f3n de 28 instituciones que colaboraron en crear tres festivales con experiencias cient\u00edficas para las familias con el sentido de posicionar en el imaginario colectivo conceptos de las ciencias y de la valoraci\u00f3n del agua\u201d.<\/span><\/p>\n<p><b>Ambiente familiar y musical\u00a0<\/b><\/p>\n<p><span style=\"font-weight: 400\">El ambiente que se gener\u00f3 fue familiar y l\u00fadico que, \u201clos y las asistentes pudieron disfrutar del concepto &#8220;aprender haciendo&#8221;, gracias a la diversidad de talleres de CICAT y de las instituciones invitadas. Adem\u00e1s de la interacci\u00f3n de los <em>shows<\/em> en vivo y las distintas formas de expresi\u00f3n art\u00edsticas que pusimos a disposici\u00f3n de toda la comunidad\u201d, expres\u00f3 Nataly Viveros, encargada de contenidos de PAR Explora Biob\u00edo. <\/span><\/p>\n<p><span style=\"font-weight: 400\">El festival finaliz\u00f3 con un espacio musical acompa\u00f1ado por el \u201cJazz Tr\u00edo\u201d de Pancho Molina, quienes cerraron con broche de oro las celebraciones de las ciencias en el Biob\u00edo.\u00a0<\/span>[\/vc_column_text][\/vc_column][\/vc_row][vc_row][vc_column][vc_gallery type=&#8221;image_grid&#8221; images=&#8221;39869,39870,39871,39872,39873,39874,39875,39876,39877,39878,39879,39880,39881,39882,39883,39884,39855,39889,39890,39891,39892,39893,39894,39895,39896,39897&#8243;][\/vc_column][\/vc_row]<\/p>\n","protected":false},"excerpt":{"rendered":"<p>[vc_row][vc_column][vc_column_text]Regeneraci\u00f3n y Cambio Clim\u00e1tico con \u00e9nfasis en el cuidado del agua fue el lema que dio eje central al Festival de las Ciencias (FECI) 2022 en la Regi\u00f3n del Biob\u00edo por tres d\u00edas consecutivos. Desde el 7 al 9 de octubre el Festival de las Ciencias Biob\u00edo 2022\u00a0 se despleg\u00f3 en las comunas de Nacimiento, [&hellip;]<\/p>\n","protected":false},"author":30,"featured_media":39855,"comment_status":"open","ping_status":"open","sticky":false,"template":"","format":"standard","meta":{"_acf_changed":false,"_exactmetrics_skip_tracking":false,"_exactmetrics_sitenote_active":false,"_exactmetrics_sitenote_note":"","_exactmetrics_sitenote_category":0,"footnotes":"","_links_to":"","_links_to_target":""},"categories":[143,4],"tags":[295,195,320,318,317,319,321],"class_list":["post-39857","post","type-post","status-publish","format-standard","has-post-thumbnail","hentry","category-lugar-8","category-noticias","tag-ciencias","tag-concepcion","tag-curanilahue","tag-feci-biobio","tag-feci2022","tag-festival-de-las-ciencias","tag-nacimiento"],"acf":[],"yoast_head":"<!-- This site is optimized with the Yoast SEO plugin v26.7 - https:\/\/yoast.com\/wordpress\/plugins\/seo\/ -->\n<title>Festival de las Ciencias recorri\u00f3 las tres provincias de la Regi\u00f3n del Biob\u00edo - Biob\u00edo<\/title>\n<meta name=\"robots\" content=\"index, follow, max-snippet:-1, max-image-preview:large, max-video-preview:-1\" \/>\n<link rel=\"canonical\" href=\"https:\/\/dev.explora.cl\/biobio\/festival-de-las-ciencias-recorrio-las-3-provincias-de-la-region-del-biobio\/\" class=\"yoast-seo-meta-tag\" \/>\n<meta property=\"og:locale\" content=\"es_ES\" class=\"yoast-seo-meta-tag\" \/>\n<meta property=\"og:type\" content=\"article\" class=\"yoast-seo-meta-tag\" \/>\n<meta property=\"og:title\" content=\"Festival de las Ciencias recorri\u00f3 las tres provincias de la Regi\u00f3n del Biob\u00edo - Biob\u00edo\" class=\"yoast-seo-meta-tag\" \/>\n<meta property=\"og:description\" content=\"[vc_row][vc_column][vc_column_text]Regeneraci\u00f3n y Cambio Clim\u00e1tico con \u00e9nfasis en el cuidado del agua fue el lema que dio eje central al Festival de las Ciencias (FECI) 2022 en la Regi\u00f3n del Biob\u00edo por tres d\u00edas consecutivos. Desde el 7 al 9 de octubre el Festival de las Ciencias Biob\u00edo 2022\u00a0 se despleg\u00f3 en las comunas de Nacimiento, [&hellip;]\" class=\"yoast-seo-meta-tag\" \/>\n<meta property=\"og:url\" content=\"https:\/\/dev.explora.cl\/biobio\/festival-de-las-ciencias-recorrio-las-3-provincias-de-la-region-del-biobio\/\" class=\"yoast-seo-meta-tag\" \/>\n<meta property=\"og:site_name\" content=\"Biob\u00edo\" class=\"yoast-seo-meta-tag\" \/>\n<meta property=\"article:published_time\" content=\"2022-10-13T20:06:24+00:00\" class=\"yoast-seo-meta-tag\" \/>\n<meta property=\"article:modified_time\" content=\"2023-01-04T19:09:37+00:00\" class=\"yoast-seo-meta-tag\" \/>\n<meta property=\"og:image\" content=\"https:\/\/dev.explora.cl\/biobio\/wp-content\/uploads\/sites\/14\/2022\/10\/Captura-de-Pantalla-2022-08-04-a-las-23.38-1024x542.png\" class=\"yoast-seo-meta-tag\" \/>\n\t<meta property=\"og:image:width\" content=\"1024\" class=\"yoast-seo-meta-tag\" \/>\n\t<meta property=\"og:image:height\" content=\"542\" class=\"yoast-seo-meta-tag\" \/>\n\t<meta property=\"og:image:type\" content=\"image\/png\" class=\"yoast-seo-meta-tag\" \/>\n<meta name=\"author\" content=\"froldan\" class=\"yoast-seo-meta-tag\" \/>\n<meta name=\"twitter:card\" content=\"summary_large_image\" class=\"yoast-seo-meta-tag\" \/>\n<meta name=\"twitter:label1\" content=\"Escrito por\" class=\"yoast-seo-meta-tag\" \/>\n\t<meta name=\"twitter:data1\" content=\"froldan\" class=\"yoast-seo-meta-tag\" \/>\n\t<meta name=\"twitter:label2\" content=\"Tiempo estimado de lectura\" class=\"yoast-seo-meta-tag\" \/>\n\t<meta name=\"twitter:data2\" content=\"4 minutos\" class=\"yoast-seo-meta-tag\" \/>\n<script type=\"application\/ld+json\" class=\"yoast-schema-graph\">{\"@context\":\"https:\/\/schema.org\",\"@graph\":[{\"@type\":\"Article\",\"@id\":\"https:\/\/dev.explora.cl\/biobio\/festival-de-las-ciencias-recorrio-las-3-provincias-de-la-region-del-biobio\/#article\",\"isPartOf\":{\"@id\":\"https:\/\/dev.explora.cl\/biobio\/festival-de-las-ciencias-recorrio-las-3-provincias-de-la-region-del-biobio\/\"},\"author\":{\"name\":\"froldan\",\"@id\":\"https:\/\/dev.explora.cl\/biobio\/#\/schema\/person\/28e098d9fbc79016ed58bab1c631252b\"},\"headline\":\"Festival de las Ciencias recorri\u00f3 las tres provincias de la Regi\u00f3n del Biob\u00edo\",\"datePublished\":\"2022-10-13T20:06:24+00:00\",\"dateModified\":\"2023-01-04T19:09:37+00:00\",\"mainEntityOfPage\":{\"@id\":\"https:\/\/dev.explora.cl\/biobio\/festival-de-las-ciencias-recorrio-las-3-provincias-de-la-region-del-biobio\/\"},\"wordCount\":769,\"commentCount\":0,\"image\":{\"@id\":\"https:\/\/dev.explora.cl\/biobio\/festival-de-las-ciencias-recorrio-las-3-provincias-de-la-region-del-biobio\/#primaryimage\"},\"thumbnailUrl\":\"https:\/\/dev.explora.cl\/biobio\/wp-content\/uploads\/sites\/14\/2022\/10\/Captura-de-Pantalla-2022-08-04-a-las-23.38.png\",\"keywords\":[\"Ciencias\",\"concepcion\",\"CURANILAHUE\",\"FECI BIOBIO\",\"FECI2022\",\"FESTIVAL DE LAS CIENCIAS\",\"NACIMIENTO\"],\"articleSection\":[\"Lugar 8\",\"Noticias\"],\"inLanguage\":\"es-CL\",\"potentialAction\":[{\"@type\":\"CommentAction\",\"name\":\"Comment\",\"target\":[\"https:\/\/dev.explora.cl\/biobio\/festival-de-las-ciencias-recorrio-las-3-provincias-de-la-region-del-biobio\/#respond\"]}]},{\"@type\":\"WebPage\",\"@id\":\"https:\/\/dev.explora.cl\/biobio\/festival-de-las-ciencias-recorrio-las-3-provincias-de-la-region-del-biobio\/\",\"url\":\"https:\/\/dev.explora.cl\/biobio\/festival-de-las-ciencias-recorrio-las-3-provincias-de-la-region-del-biobio\/\",\"name\":\"Festival de las Ciencias recorri\u00f3 las tres provincias de la Regi\u00f3n del Biob\u00edo - Biob\u00edo\",\"isPartOf\":{\"@id\":\"https:\/\/dev.explora.cl\/biobio\/#website\"},\"primaryImageOfPage\":{\"@id\":\"https:\/\/dev.explora.cl\/biobio\/festival-de-las-ciencias-recorrio-las-3-provincias-de-la-region-del-biobio\/#primaryimage\"},\"image\":{\"@id\":\"https:\/\/dev.explora.cl\/biobio\/festival-de-las-ciencias-recorrio-las-3-provincias-de-la-region-del-biobio\/#primaryimage\"},\"thumbnailUrl\":\"https:\/\/dev.explora.cl\/biobio\/wp-content\/uploads\/sites\/14\/2022\/10\/Captura-de-Pantalla-2022-08-04-a-las-23.38.png\",\"datePublished\":\"2022-10-13T20:06:24+00:00\",\"dateModified\":\"2023-01-04T19:09:37+00:00\",\"author\":{\"@id\":\"https:\/\/dev.explora.cl\/biobio\/#\/schema\/person\/28e098d9fbc79016ed58bab1c631252b\"},\"breadcrumb\":{\"@id\":\"https:\/\/dev.explora.cl\/biobio\/festival-de-las-ciencias-recorrio-las-3-provincias-de-la-region-del-biobio\/#breadcrumb\"},\"inLanguage\":\"es-CL\",\"potentialAction\":[{\"@type\":\"ReadAction\",\"target\":[\"https:\/\/dev.explora.cl\/biobio\/festival-de-las-ciencias-recorrio-las-3-provincias-de-la-region-del-biobio\/\"]}]},{\"@type\":\"ImageObject\",\"inLanguage\":\"es-CL\",\"@id\":\"https:\/\/dev.explora.cl\/biobio\/festival-de-las-ciencias-recorrio-las-3-provincias-de-la-region-del-biobio\/#primaryimage\",\"url\":\"https:\/\/dev.explora.cl\/biobio\/wp-content\/uploads\/sites\/14\/2022\/10\/Captura-de-Pantalla-2022-08-04-a-las-23.38.png\",\"contentUrl\":\"https:\/\/dev.explora.cl\/biobio\/wp-content\/uploads\/sites\/14\/2022\/10\/Captura-de-Pantalla-2022-08-04-a-las-23.38.png\",\"width\":1424,\"height\":754},{\"@type\":\"BreadcrumbList\",\"@id\":\"https:\/\/dev.explora.cl\/biobio\/festival-de-las-ciencias-recorrio-las-3-provincias-de-la-region-del-biobio\/#breadcrumb\",\"itemListElement\":[{\"@type\":\"ListItem\",\"position\":1,\"name\":\"Portada\",\"item\":\"https:\/\/dev.explora.cl\/biobio\/\"},{\"@type\":\"ListItem\",\"position\":2,\"name\":\"Festival de las Ciencias recorri\u00f3 las tres provincias de la Regi\u00f3n del Biob\u00edo\"}]},{\"@type\":\"WebSite\",\"@id\":\"https:\/\/dev.explora.cl\/biobio\/#website\",\"url\":\"https:\/\/dev.explora.cl\/biobio\/\",\"name\":\"Biob\u00edo\",\"description\":\"Otro sitio m\u00e1s de dev.explora.cl\",\"potentialAction\":[{\"@type\":\"SearchAction\",\"target\":{\"@type\":\"EntryPoint\",\"urlTemplate\":\"https:\/\/dev.explora.cl\/biobio\/?s={search_term_string}\"},\"query-input\":{\"@type\":\"PropertyValueSpecification\",\"valueRequired\":true,\"valueName\":\"search_term_string\"}}],\"inLanguage\":\"es-CL\"},{\"@type\":\"Person\",\"@id\":\"https:\/\/dev.explora.cl\/biobio\/#\/schema\/person\/28e098d9fbc79016ed58bab1c631252b\",\"name\":\"froldan\",\"image\":{\"@type\":\"ImageObject\",\"inLanguage\":\"es-CL\",\"@id\":\"https:\/\/dev.explora.cl\/biobio\/#\/schema\/person\/image\/\",\"url\":\"https:\/\/secure.gravatar.com\/avatar\/07411080a6eab15b4aa8ebd4adb95b647d8ae9592fad7632257da2a562da9b88?s=96&d=mm&r=g\",\"contentUrl\":\"https:\/\/secure.gravatar.com\/avatar\/07411080a6eab15b4aa8ebd4adb95b647d8ae9592fad7632257da2a562da9b88?s=96&d=mm&r=g\",\"caption\":\"froldan\"},\"url\":\"https:\/\/dev.explora.cl\/biobio\/author\/froldan\/\"}]}<\/script>\n<!-- \/ Yoast SEO plugin. -->","yoast_head_json":{"title":"Festival de las Ciencias recorri\u00f3 las tres provincias de la Regi\u00f3n del Biob\u00edo - Biob\u00edo","robots":{"index":"index","follow":"follow","max-snippet":"max-snippet:-1","max-image-preview":"max-image-preview:large","max-video-preview":"max-video-preview:-1"},"canonical":"https:\/\/dev.explora.cl\/biobio\/festival-de-las-ciencias-recorrio-las-3-provincias-de-la-region-del-biobio\/","og_locale":"es_ES","og_type":"article","og_title":"Festival de las Ciencias recorri\u00f3 las tres provincias de la Regi\u00f3n del Biob\u00edo - Biob\u00edo","og_description":"[vc_row][vc_column][vc_column_text]Regeneraci\u00f3n y Cambio Clim\u00e1tico con \u00e9nfasis en el cuidado del agua fue el lema que dio eje central al Festival de las Ciencias (FECI) 2022 en la Regi\u00f3n del Biob\u00edo por tres d\u00edas consecutivos. Desde el 7 al 9 de octubre el Festival de las Ciencias Biob\u00edo 2022\u00a0 se despleg\u00f3 en las comunas de Nacimiento, [&hellip;]","og_url":"https:\/\/dev.explora.cl\/biobio\/festival-de-las-ciencias-recorrio-las-3-provincias-de-la-region-del-biobio\/","og_site_name":"Biob\u00edo","article_published_time":"2022-10-13T20:06:24+00:00","article_modified_time":"2023-01-04T19:09:37+00:00","og_image":[{"width":1024,"height":542,"url":"https:\/\/dev.explora.cl\/biobio\/wp-content\/uploads\/sites\/14\/2022\/10\/Captura-de-Pantalla-2022-08-04-a-las-23.38-1024x542.png","type":"image\/png"}],"author":"froldan","twitter_card":"summary_large_image","twitter_misc":{"Escrito por":"froldan","Tiempo estimado de lectura":"4 minutos"},"schema":{"@context":"https:\/\/schema.org","@graph":[{"@type":"Article","@id":"https:\/\/dev.explora.cl\/biobio\/festival-de-las-ciencias-recorrio-las-3-provincias-de-la-region-del-biobio\/#article","isPartOf":{"@id":"https:\/\/dev.explora.cl\/biobio\/festival-de-las-ciencias-recorrio-las-3-provincias-de-la-region-del-biobio\/"},"author":{"name":"froldan","@id":"https:\/\/dev.explora.cl\/biobio\/#\/schema\/person\/28e098d9fbc79016ed58bab1c631252b"},"headline":"Festival de las Ciencias recorri\u00f3 las tres provincias de la Regi\u00f3n del Biob\u00edo","datePublished":"2022-10-13T20:06:24+00:00","dateModified":"2023-01-04T19:09:37+00:00","mainEntityOfPage":{"@id":"https:\/\/dev.explora.cl\/biobio\/festival-de-las-ciencias-recorrio-las-3-provincias-de-la-region-del-biobio\/"},"wordCount":769,"commentCount":0,"image":{"@id":"https:\/\/dev.explora.cl\/biobio\/festival-de-las-ciencias-recorrio-las-3-provincias-de-la-region-del-biobio\/#primaryimage"},"thumbnailUrl":"https:\/\/dev.explora.cl\/biobio\/wp-content\/uploads\/sites\/14\/2022\/10\/Captura-de-Pantalla-2022-08-04-a-las-23.38.png","keywords":["Ciencias","concepcion","CURANILAHUE","FECI BIOBIO","FECI2022","FESTIVAL DE LAS CIENCIAS","NACIMIENTO"],"articleSection":["Lugar 8","Noticias"],"inLanguage":"es-CL","potentialAction":[{"@type":"CommentAction","name":"Comment","target":["https:\/\/dev.explora.cl\/biobio\/festival-de-las-ciencias-recorrio-las-3-provincias-de-la-region-del-biobio\/#respond"]}]},{"@type":"WebPage","@id":"https:\/\/dev.explora.cl\/biobio\/festival-de-las-ciencias-recorrio-las-3-provincias-de-la-region-del-biobio\/","url":"https:\/\/dev.explora.cl\/biobio\/festival-de-las-ciencias-recorrio-las-3-provincias-de-la-region-del-biobio\/","name":"Festival de las Ciencias recorri\u00f3 las tres provincias de la Regi\u00f3n del Biob\u00edo - Biob\u00edo","isPartOf":{"@id":"https:\/\/dev.explora.cl\/biobio\/#website"},"primaryImageOfPage":{"@id":"https:\/\/dev.explora.cl\/biobio\/festival-de-las-ciencias-recorrio-las-3-provincias-de-la-region-del-biobio\/#primaryimage"},"image":{"@id":"https:\/\/dev.explora.cl\/biobio\/festival-de-las-ciencias-recorrio-las-3-provincias-de-la-region-del-biobio\/#primaryimage"},"thumbnailUrl":"https:\/\/dev.explora.cl\/biobio\/wp-content\/uploads\/sites\/14\/2022\/10\/Captura-de-Pantalla-2022-08-04-a-las-23.38.png","datePublished":"2022-10-13T20:06:24+00:00","dateModified":"2023-01-04T19:09:37+00:00","author":{"@id":"https:\/\/dev.explora.cl\/biobio\/#\/schema\/person\/28e098d9fbc79016ed58bab1c631252b"},"breadcrumb":{"@id":"https:\/\/dev.explora.cl\/biobio\/festival-de-las-ciencias-recorrio-las-3-provincias-de-la-region-del-biobio\/#breadcrumb"},"inLanguage":"es-CL","potentialAction":[{"@type":"ReadAction","target":["https:\/\/dev.explora.cl\/biobio\/festival-de-las-ciencias-recorrio-las-3-provincias-de-la-region-del-biobio\/"]}]},{"@type":"ImageObject","inLanguage":"es-CL","@id":"https:\/\/dev.explora.cl\/biobio\/festival-de-las-ciencias-recorrio-las-3-provincias-de-la-region-del-biobio\/#primaryimage","url":"https:\/\/dev.explora.cl\/biobio\/wp-content\/uploads\/sites\/14\/2022\/10\/Captura-de-Pantalla-2022-08-04-a-las-23.38.png","contentUrl":"https:\/\/dev.explora.cl\/biobio\/wp-content\/uploads\/sites\/14\/2022\/10\/Captura-de-Pantalla-2022-08-04-a-las-23.38.png","width":1424,"height":754},{"@type":"BreadcrumbList","@id":"https:\/\/dev.explora.cl\/biobio\/festival-de-las-ciencias-recorrio-las-3-provincias-de-la-region-del-biobio\/#breadcrumb","itemListElement":[{"@type":"ListItem","position":1,"name":"Portada","item":"https:\/\/dev.explora.cl\/biobio\/"},{"@type":"ListItem","position":2,"name":"Festival de las Ciencias recorri\u00f3 las tres provincias de la Regi\u00f3n del Biob\u00edo"}]},{"@type":"WebSite","@id":"https:\/\/dev.explora.cl\/biobio\/#website","url":"https:\/\/dev.explora.cl\/biobio\/","name":"Biob\u00edo","description":"Otro sitio m\u00e1s de dev.explora.cl","potentialAction":[{"@type":"SearchAction","target":{"@type":"EntryPoint","urlTemplate":"https:\/\/dev.explora.cl\/biobio\/?s={search_term_string}"},"query-input":{"@type":"PropertyValueSpecification","valueRequired":true,"valueName":"search_term_string"}}],"inLanguage":"es-CL"},{"@type":"Person","@id":"https:\/\/dev.explora.cl\/biobio\/#\/schema\/person\/28e098d9fbc79016ed58bab1c631252b","name":"froldan","image":{"@type":"ImageObject","inLanguage":"es-CL","@id":"https:\/\/dev.explora.cl\/biobio\/#\/schema\/person\/image\/","url":"https:\/\/secure.gravatar.com\/avatar\/07411080a6eab15b4aa8ebd4adb95b647d8ae9592fad7632257da2a562da9b88?s=96&d=mm&r=g","contentUrl":"https:\/\/secure.gravatar.com\/avatar\/07411080a6eab15b4aa8ebd4adb95b647d8ae9592fad7632257da2a562da9b88?s=96&d=mm&r=g","caption":"froldan"},"url":"https:\/\/dev.explora.cl\/biobio\/author\/froldan\/"}]}},"_links":{"self":[{"href":"https:\/\/dev.explora.cl\/biobio\/wp-json\/wp\/v2\/posts\/39857","targetHints":{"allow":["GET"]}}],"collection":[{"href":"https:\/\/dev.explora.cl\/biobio\/wp-json\/wp\/v2\/posts"}],"about":[{"href":"https:\/\/dev.explora.cl\/biobio\/wp-json\/wp\/v2\/types\/post"}],"author":[{"embeddable":true,"href":"https:\/\/dev.explora.cl\/biobio\/wp-json\/wp\/v2\/users\/30"}],"replies":[{"embeddable":true,"href":"https:\/\/dev.explora.cl\/biobio\/wp-json\/wp\/v2\/comments?post=39857"}],"version-history":[{"count":10,"href":"https:\/\/dev.explora.cl\/biobio\/wp-json\/wp\/v2\/posts\/39857\/revisions"}],"predecessor-version":[{"id":39904,"href":"https:\/\/dev.explora.cl\/biobio\/wp-json\/wp\/v2\/posts\/39857\/revisions\/39904"}],"wp:featuredmedia":[{"embeddable":true,"href":"https:\/\/dev.explora.cl\/biobio\/wp-json\/wp\/v2\/media\/39855"}],"wp:attachment":[{"href":"https:\/\/dev.explora.cl\/biobio\/wp-json\/wp\/v2\/media?parent=39857"}],"wp:term":[{"taxonomy":"category","embeddable":true,"href":"https:\/\/dev.explora.cl\/biobio\/wp-json\/wp\/v2\/categories?post=39857"},{"taxonomy":"post_tag","embeddable":true,"href":"https:\/\/dev.explora.cl\/biobio\/wp-json\/wp\/v2\/tags?post=39857"}],"curies":[{"name":"wp","href":"https:\/\/api.w.org\/{rel}","templated":true}]}}