{"id":39633,"date":"2022-08-24T12:49:22","date_gmt":"2022-08-24T16:49:22","guid":{"rendered":"https:\/\/dev.explora.cl\/biobio\/?p=39633"},"modified":"2022-11-22T22:49:18","modified_gmt":"2022-11-23T01:49:18","slug":"profesionales-del-area-parvularia-fueron-protagonistas-de-la-septima-sesion-pipe-2022","status":"publish","type":"post","link":"https:\/\/dev.explora.cl\/biobio\/profesionales-del-area-parvularia-fueron-protagonistas-de-la-septima-sesion-pipe-2022\/","title":{"rendered":"Profesionales del \u00c1rea Parvularia fueron protagonistas de la s\u00e9ptima sesi\u00f3n de PIPE 2022"},"content":{"rendered":"<p style=\"text-align: center\"><em><strong>En esta cuarta sesi\u00f3n presencial participaron m\u00e1s de 43 educadoras, t\u00e9cnicos y\u00a0 fonoaudi\u00f3logas, las que adem\u00e1s de disfrutar de un recorrido por el lugar, recibieron un kit con diversos materiales did\u00e1cticos que podr\u00e1n utilizar en sus comunidades educativas.<\/strong><\/em><\/p>\n<p>El pasado viernes 19 de agosto se realiz\u00f3 la s\u00e9ptima charla del <strong>Programa de Indagaci\u00f3n Para Primeras Edades 2022,<\/strong> dirigida a trabajadoras y profesionales que se desempe\u00f1an en labores educativas con preescolares. La instancia que se llev\u00f3 a cabo en las dependencias del Centro Interactivo de Ciencias, Artes y Tecnolog\u00edas (CICAT), tuvo como principal objetivo: <strong>observar la expresi\u00f3n de competencias cient\u00edficas en los ni\u00f1os y ni\u00f1as de sus comunidades educativas.\u00a0<\/strong><\/p>\n<p>La jornada comenz\u00f3 con una peque\u00f1a bienvenida por parte del director del PAR Explora Biob\u00edo, <strong>Dr. Juan Carlos Gacit\u00faa<\/strong>, quien dio pie a la actividad central explicando el modelo de CICAT y c\u00f3mo se crea el material de PIPE. Posteriormente <strong>Cristian Espinoza<\/strong>, coordinador del PAR y <strong>Cristi\u00e1n Guti\u00e9rrez<\/strong>, encargado de la iniciativa; motivaron a las docentes a completar un p\u00f3ster interactivo y a participar de los desaf\u00edos propuestos para la jornada. Este \u00faltimo, realiz\u00f3 un balance sobre el resultado de la charla:<em> \u201cLas t\u00edas, profes y educadoras, han avanzado en cada una de las sesiones, se han apropiado del material creado en PIPE. Con esta sesi\u00f3n, ya en las pr\u00f3ximas estar\u00edan en condiciones de implementar las actividades con sus alumnos y alumnas\u201d.<\/em><\/p>\n<p>Dentro de los instrumentos de evaluaci\u00f3n que posee el programa y que las participantes pudieron experimentar, se trabaj\u00f3 en grupo entendiendo y ejercitando sus mentes con las distintas herramientas entregadas a las docentes. En este contexto, una de las asistentes se refiri\u00f3 a la actividad: <em>\u201cLa exposici\u00f3n de los profes es genial, una metodolog\u00eda l\u00fadica que me fortalece como profesional sobre todo al momento de idear estrategias que permitan a mis ni\u00f1os y ni\u00f1as que atiendo, encontrar el aprendizaje en las actividades que les propongo\u201d, <\/em>destac\u00f3\u00a0<strong>Magaly Morales<\/strong>, Educadora de P\u00e1rvulos.<\/p>\n<p>Pero no s\u00f3lo profesionales de dicha \u00e1rea fueron part\u00edcipes de la instancia, expertas en el \u00e1rea del lenguaje, sobre todo en primeras edades, pudieron profundizar en t\u00e9cnicas e instrumentos de evaluaci\u00f3n en infantes. <em>\u201cAprend\u00ed a establecer conexiones entre la fonoaudiolog\u00eda\u00a0 y la ciencia, as\u00ed tambi\u00e9n la importancia de que un ni\u00f1o explore es fundamental para su adquisici\u00f3n del lenguaje y darle el significado a este c\u00f3digo ling\u00fc\u00edstico, el crear ideas nos ayuda a ejercitar habilidades cognitivas, entre otros\u201d,<\/em>\u00a0 concluy\u00f3 <strong>Valeria Bello<\/strong>, fonoaudi\u00f3loga participante.<\/p>\n<p>Finalmente las docentes realizaron un recorrido por CICAT, momento que les permiti\u00f3 disfrutar de las charlas y exposiciones presentes en el centro, as\u00ed tambi\u00e9n, de instruirse en nuevos m\u00e9todos de aprendizaje interactivos que podr\u00e1n incorporar como herramientas de ense\u00f1anza en sus aulas. Tambi\u00e9n, se les realiz\u00f3 una entrega de <em>kits<\/em> con materiales did\u00e1cticos y de librer\u00eda, as\u00ed lo explic\u00f3 Cristi\u00e1n Guti\u00e9rrez, encargado de la iniciativa:<em> \u201cNo s\u00f3lo se van con un kit de materiales para la implementaci\u00f3n, sino con el \u00e1nimo y el sentimiento de ser parte de la comunidad PIPE y que pueden encontrar apoyo en nosotros y en las compa\u00f1eras del programa\u201d.\u00a0<\/em><\/p>\n<p>As\u00ed es como finaliz\u00f3 una jornada llena de actividades y sorpresas para todas las docentes que son parte del \u00e1rea Programa de Indagaci\u00f3n Para Primeras Edades 2022. Es importante destacar que la importancia de estos espacios de capacitaci\u00f3n, son fundamentales para ir abriendo camino a nuevos m\u00e9todos de aprendizaje, sobre todo para quienes forman a los m\u00e1s peque\u00f1os que est\u00e1n descubriendo el mundo.<\/p>\n<p><strong>Revisa a continuaci\u00f3n nuestra galer\u00eda de im\u00e1genes:<\/strong><\/p>\n<div id='gallery-1' class='gallery galleryid-39633 gallery-columns-3 gallery-size-thumbnail'><figure class='gallery-item'>\n\t\t\t<div class='gallery-icon landscape'>\n\t\t\t\t<a href='https:\/\/dev.explora.cl\/biobio\/profesionales-del-area-parvularia-fueron-protagonistas-de-la-septima-sesion-pipe-2022\/pipe-web-fotos6\/'><img loading=\"lazy\" decoding=\"async\" width=\"150\" height=\"150\" src=\"https:\/\/dev.explora.cl\/biobio\/wp-content\/uploads\/sites\/14\/2022\/08\/PIPE-WEB-FOTOS6-150x150.png\" class=\"attachment-thumbnail size-thumbnail\" alt=\"\" srcset=\"https:\/\/dev.explora.cl\/biobio\/wp-content\/uploads\/sites\/14\/2022\/08\/PIPE-WEB-FOTOS6-150x150.png 150w, https:\/\/dev.explora.cl\/biobio\/wp-content\/uploads\/sites\/14\/2022\/08\/PIPE-WEB-FOTOS6-300x300.png 300w, https:\/\/dev.explora.cl\/biobio\/wp-content\/uploads\/sites\/14\/2022\/08\/PIPE-WEB-FOTOS6-60x60.png 60w\" sizes=\"auto, (max-width: 150px) 100vw, 150px\" \/><\/a>\n\t\t\t<\/div><\/figure><figure class='gallery-item'>\n\t\t\t<div class='gallery-icon landscape'>\n\t\t\t\t<a href='https:\/\/dev.explora.cl\/biobio\/profesionales-del-area-parvularia-fueron-protagonistas-de-la-septima-sesion-pipe-2022\/pipe-web-fotos1\/'><img loading=\"lazy\" decoding=\"async\" width=\"150\" height=\"150\" src=\"https:\/\/dev.explora.cl\/biobio\/wp-content\/uploads\/sites\/14\/2022\/08\/PIPE-WEB-FOTOS1-150x150.png\" class=\"attachment-thumbnail size-thumbnail\" alt=\"\" srcset=\"https:\/\/dev.explora.cl\/biobio\/wp-content\/uploads\/sites\/14\/2022\/08\/PIPE-WEB-FOTOS1-150x150.png 150w, https:\/\/dev.explora.cl\/biobio\/wp-content\/uploads\/sites\/14\/2022\/08\/PIPE-WEB-FOTOS1-300x300.png 300w, https:\/\/dev.explora.cl\/biobio\/wp-content\/uploads\/sites\/14\/2022\/08\/PIPE-WEB-FOTOS1-60x60.png 60w\" sizes=\"auto, (max-width: 150px) 100vw, 150px\" \/><\/a>\n\t\t\t<\/div><\/figure><figure class='gallery-item'>\n\t\t\t<div class='gallery-icon landscape'>\n\t\t\t\t<a href='https:\/\/dev.explora.cl\/biobio\/profesionales-del-area-parvularia-fueron-protagonistas-de-la-septima-sesion-pipe-2022\/pipe-web-fotos2\/'><img loading=\"lazy\" decoding=\"async\" width=\"150\" height=\"150\" src=\"https:\/\/dev.explora.cl\/biobio\/wp-content\/uploads\/sites\/14\/2022\/08\/PIPE-WEB-FOTOS2-150x150.png\" class=\"attachment-thumbnail size-thumbnail\" alt=\"\" srcset=\"https:\/\/dev.explora.cl\/biobio\/wp-content\/uploads\/sites\/14\/2022\/08\/PIPE-WEB-FOTOS2-150x150.png 150w, https:\/\/dev.explora.cl\/biobio\/wp-content\/uploads\/sites\/14\/2022\/08\/PIPE-WEB-FOTOS2-300x300.png 300w, https:\/\/dev.explora.cl\/biobio\/wp-content\/uploads\/sites\/14\/2022\/08\/PIPE-WEB-FOTOS2-60x60.png 60w\" sizes=\"auto, (max-width: 150px) 100vw, 150px\" \/><\/a>\n\t\t\t<\/div><\/figure><figure class='gallery-item'>\n\t\t\t<div class='gallery-icon landscape'>\n\t\t\t\t<a href='https:\/\/dev.explora.cl\/biobio\/profesionales-del-area-parvularia-fueron-protagonistas-de-la-septima-sesion-pipe-2022\/pipe-web-fotos4\/'><img loading=\"lazy\" decoding=\"async\" width=\"150\" height=\"150\" src=\"https:\/\/dev.explora.cl\/biobio\/wp-content\/uploads\/sites\/14\/2022\/08\/PIPE-WEB-FOTOS4-150x150.png\" class=\"attachment-thumbnail size-thumbnail\" alt=\"\" srcset=\"https:\/\/dev.explora.cl\/biobio\/wp-content\/uploads\/sites\/14\/2022\/08\/PIPE-WEB-FOTOS4-150x150.png 150w, https:\/\/dev.explora.cl\/biobio\/wp-content\/uploads\/sites\/14\/2022\/08\/PIPE-WEB-FOTOS4-300x300.png 300w, https:\/\/dev.explora.cl\/biobio\/wp-content\/uploads\/sites\/14\/2022\/08\/PIPE-WEB-FOTOS4-60x60.png 60w\" sizes=\"auto, (max-width: 150px) 100vw, 150px\" \/><\/a>\n\t\t\t<\/div><\/figure><figure class='gallery-item'>\n\t\t\t<div class='gallery-icon landscape'>\n\t\t\t\t<a href='https:\/\/dev.explora.cl\/biobio\/profesionales-del-area-parvularia-fueron-protagonistas-de-la-septima-sesion-pipe-2022\/pipe-web-fotos5\/'><img loading=\"lazy\" decoding=\"async\" width=\"150\" height=\"150\" src=\"https:\/\/dev.explora.cl\/biobio\/wp-content\/uploads\/sites\/14\/2022\/08\/PIPE-WEB-FOTOS5-150x150.png\" class=\"attachment-thumbnail size-thumbnail\" alt=\"\" srcset=\"https:\/\/dev.explora.cl\/biobio\/wp-content\/uploads\/sites\/14\/2022\/08\/PIPE-WEB-FOTOS5-150x150.png 150w, https:\/\/dev.explora.cl\/biobio\/wp-content\/uploads\/sites\/14\/2022\/08\/PIPE-WEB-FOTOS5-300x300.png 300w, https:\/\/dev.explora.cl\/biobio\/wp-content\/uploads\/sites\/14\/2022\/08\/PIPE-WEB-FOTOS5-60x60.png 60w\" sizes=\"auto, (max-width: 150px) 100vw, 150px\" \/><\/a>\n\t\t\t<\/div><\/figure><figure class='gallery-item'>\n\t\t\t<div class='gallery-icon landscape'>\n\t\t\t\t<a href='https:\/\/dev.explora.cl\/biobio\/profesionales-del-area-parvularia-fueron-protagonistas-de-la-septima-sesion-pipe-2022\/pipe-web-fotos8\/'><img loading=\"lazy\" decoding=\"async\" width=\"150\" height=\"150\" src=\"https:\/\/dev.explora.cl\/biobio\/wp-content\/uploads\/sites\/14\/2022\/08\/PIPE-WEB-FOTOS8-150x150.png\" class=\"attachment-thumbnail size-thumbnail\" alt=\"\" srcset=\"https:\/\/dev.explora.cl\/biobio\/wp-content\/uploads\/sites\/14\/2022\/08\/PIPE-WEB-FOTOS8-150x150.png 150w, https:\/\/dev.explora.cl\/biobio\/wp-content\/uploads\/sites\/14\/2022\/08\/PIPE-WEB-FOTOS8-300x300.png 300w, https:\/\/dev.explora.cl\/biobio\/wp-content\/uploads\/sites\/14\/2022\/08\/PIPE-WEB-FOTOS8-60x60.png 60w\" sizes=\"auto, (max-width: 150px) 100vw, 150px\" \/><\/a>\n\t\t\t<\/div><\/figure><figure class='gallery-item'>\n\t\t\t<div class='gallery-icon landscape'>\n\t\t\t\t<a href='https:\/\/dev.explora.cl\/biobio\/profesionales-del-area-parvularia-fueron-protagonistas-de-la-septima-sesion-pipe-2022\/pipe-web-fotos9\/'><img loading=\"lazy\" decoding=\"async\" width=\"150\" height=\"150\" src=\"https:\/\/dev.explora.cl\/biobio\/wp-content\/uploads\/sites\/14\/2022\/08\/PIPE-WEB-FOTOS9-150x150.png\" class=\"attachment-thumbnail size-thumbnail\" alt=\"\" srcset=\"https:\/\/dev.explora.cl\/biobio\/wp-content\/uploads\/sites\/14\/2022\/08\/PIPE-WEB-FOTOS9-150x150.png 150w, https:\/\/dev.explora.cl\/biobio\/wp-content\/uploads\/sites\/14\/2022\/08\/PIPE-WEB-FOTOS9-300x300.png 300w, https:\/\/dev.explora.cl\/biobio\/wp-content\/uploads\/sites\/14\/2022\/08\/PIPE-WEB-FOTOS9-60x60.png 60w\" sizes=\"auto, (max-width: 150px) 100vw, 150px\" \/><\/a>\n\t\t\t<\/div><\/figure><figure class='gallery-item'>\n\t\t\t<div class='gallery-icon landscape'>\n\t\t\t\t<a href='https:\/\/dev.explora.cl\/biobio\/profesionales-del-area-parvularia-fueron-protagonistas-de-la-septima-sesion-pipe-2022\/pipe-web-fotos10\/'><img loading=\"lazy\" decoding=\"async\" width=\"150\" height=\"150\" src=\"https:\/\/dev.explora.cl\/biobio\/wp-content\/uploads\/sites\/14\/2022\/08\/PIPE-WEB-FOTOS10-150x150.png\" class=\"attachment-thumbnail size-thumbnail\" alt=\"\" srcset=\"https:\/\/dev.explora.cl\/biobio\/wp-content\/uploads\/sites\/14\/2022\/08\/PIPE-WEB-FOTOS10-150x150.png 150w, https:\/\/dev.explora.cl\/biobio\/wp-content\/uploads\/sites\/14\/2022\/08\/PIPE-WEB-FOTOS10-300x300.png 300w, https:\/\/dev.explora.cl\/biobio\/wp-content\/uploads\/sites\/14\/2022\/08\/PIPE-WEB-FOTOS10-60x60.png 60w\" sizes=\"auto, (max-width: 150px) 100vw, 150px\" \/><\/a>\n\t\t\t<\/div><\/figure><figure class='gallery-item'>\n\t\t\t<div class='gallery-icon landscape'>\n\t\t\t\t<a href='https:\/\/dev.explora.cl\/biobio\/profesionales-del-area-parvularia-fueron-protagonistas-de-la-septima-sesion-pipe-2022\/pipe-web-fotos11\/'><img loading=\"lazy\" decoding=\"async\" width=\"150\" height=\"150\" src=\"https:\/\/dev.explora.cl\/biobio\/wp-content\/uploads\/sites\/14\/2022\/08\/PIPE-WEB-FOTOS11-150x150.png\" class=\"attachment-thumbnail size-thumbnail\" alt=\"\" srcset=\"https:\/\/dev.explora.cl\/biobio\/wp-content\/uploads\/sites\/14\/2022\/08\/PIPE-WEB-FOTOS11-150x150.png 150w, https:\/\/dev.explora.cl\/biobio\/wp-content\/uploads\/sites\/14\/2022\/08\/PIPE-WEB-FOTOS11-300x300.png 300w, https:\/\/dev.explora.cl\/biobio\/wp-content\/uploads\/sites\/14\/2022\/08\/PIPE-WEB-FOTOS11-60x60.png 60w\" sizes=\"auto, (max-width: 150px) 100vw, 150px\" \/><\/a>\n\t\t\t<\/div><\/figure><figure class='gallery-item'>\n\t\t\t<div class='gallery-icon landscape'>\n\t\t\t\t<a href='https:\/\/dev.explora.cl\/biobio\/profesionales-del-area-parvularia-fueron-protagonistas-de-la-septima-sesion-pipe-2022\/pipe-web-fotos12\/'><img loading=\"lazy\" decoding=\"async\" width=\"150\" height=\"150\" src=\"https:\/\/dev.explora.cl\/biobio\/wp-content\/uploads\/sites\/14\/2022\/08\/PIPE-WEB-FOTOS12-150x150.png\" class=\"attachment-thumbnail size-thumbnail\" alt=\"\" srcset=\"https:\/\/dev.explora.cl\/biobio\/wp-content\/uploads\/sites\/14\/2022\/08\/PIPE-WEB-FOTOS12-150x150.png 150w, https:\/\/dev.explora.cl\/biobio\/wp-content\/uploads\/sites\/14\/2022\/08\/PIPE-WEB-FOTOS12-300x300.png 300w, https:\/\/dev.explora.cl\/biobio\/wp-content\/uploads\/sites\/14\/2022\/08\/PIPE-WEB-FOTOS12-60x60.png 60w\" sizes=\"auto, (max-width: 150px) 100vw, 150px\" \/><\/a>\n\t\t\t<\/div><\/figure><figure class='gallery-item'>\n\t\t\t<div class='gallery-icon landscape'>\n\t\t\t\t<a href='https:\/\/dev.explora.cl\/biobio\/profesionales-del-area-parvularia-fueron-protagonistas-de-la-septima-sesion-pipe-2022\/pipe-web-fotos13\/'><img loading=\"lazy\" decoding=\"async\" width=\"150\" height=\"150\" src=\"https:\/\/dev.explora.cl\/biobio\/wp-content\/uploads\/sites\/14\/2022\/08\/PIPE-WEB-FOTOS13-150x150.png\" class=\"attachment-thumbnail size-thumbnail\" alt=\"\" srcset=\"https:\/\/dev.explora.cl\/biobio\/wp-content\/uploads\/sites\/14\/2022\/08\/PIPE-WEB-FOTOS13-150x150.png 150w, https:\/\/dev.explora.cl\/biobio\/wp-content\/uploads\/sites\/14\/2022\/08\/PIPE-WEB-FOTOS13-300x300.png 300w, https:\/\/dev.explora.cl\/biobio\/wp-content\/uploads\/sites\/14\/2022\/08\/PIPE-WEB-FOTOS13-60x60.png 60w\" sizes=\"auto, (max-width: 150px) 100vw, 150px\" \/><\/a>\n\t\t\t<\/div><\/figure><figure class='gallery-item'>\n\t\t\t<div class='gallery-icon landscape'>\n\t\t\t\t<a href='https:\/\/dev.explora.cl\/biobio\/profesionales-del-area-parvularia-fueron-protagonistas-de-la-septima-sesion-pipe-2022\/pipe-web-fotos14\/'><img loading=\"lazy\" decoding=\"async\" width=\"150\" height=\"150\" src=\"https:\/\/dev.explora.cl\/biobio\/wp-content\/uploads\/sites\/14\/2022\/08\/PIPE-WEB-FOTOS14-150x150.png\" class=\"attachment-thumbnail size-thumbnail\" alt=\"\" srcset=\"https:\/\/dev.explora.cl\/biobio\/wp-content\/uploads\/sites\/14\/2022\/08\/PIPE-WEB-FOTOS14-150x150.png 150w, https:\/\/dev.explora.cl\/biobio\/wp-content\/uploads\/sites\/14\/2022\/08\/PIPE-WEB-FOTOS14-300x300.png 300w, https:\/\/dev.explora.cl\/biobio\/wp-content\/uploads\/sites\/14\/2022\/08\/PIPE-WEB-FOTOS14-60x60.png 60w\" sizes=\"auto, (max-width: 150px) 100vw, 150px\" \/><\/a>\n\t\t\t<\/div><\/figure><figure class='gallery-item'>\n\t\t\t<div class='gallery-icon landscape'>\n\t\t\t\t<a href='https:\/\/dev.explora.cl\/biobio\/profesionales-del-area-parvularia-fueron-protagonistas-de-la-septima-sesion-pipe-2022\/pipe-web-fotos15\/'><img loading=\"lazy\" decoding=\"async\" width=\"150\" height=\"150\" src=\"https:\/\/dev.explora.cl\/biobio\/wp-content\/uploads\/sites\/14\/2022\/08\/PIPE-WEB-FOTOS15-150x150.png\" class=\"attachment-thumbnail size-thumbnail\" alt=\"\" srcset=\"https:\/\/dev.explora.cl\/biobio\/wp-content\/uploads\/sites\/14\/2022\/08\/PIPE-WEB-FOTOS15-150x150.png 150w, https:\/\/dev.explora.cl\/biobio\/wp-content\/uploads\/sites\/14\/2022\/08\/PIPE-WEB-FOTOS15-300x300.png 300w, https:\/\/dev.explora.cl\/biobio\/wp-content\/uploads\/sites\/14\/2022\/08\/PIPE-WEB-FOTOS15-60x60.png 60w\" sizes=\"auto, (max-width: 150px) 100vw, 150px\" \/><\/a>\n\t\t\t<\/div><\/figure><figure class='gallery-item'>\n\t\t\t<div class='gallery-icon landscape'>\n\t\t\t\t<a href='https:\/\/dev.explora.cl\/biobio\/profesionales-del-area-parvularia-fueron-protagonistas-de-la-septima-sesion-pipe-2022\/pipe-web-fotos16\/'><img loading=\"lazy\" decoding=\"async\" width=\"150\" height=\"150\" src=\"https:\/\/dev.explora.cl\/biobio\/wp-content\/uploads\/sites\/14\/2022\/08\/PIPE-WEB-FOTOS16-150x150.png\" class=\"attachment-thumbnail size-thumbnail\" alt=\"\" srcset=\"https:\/\/dev.explora.cl\/biobio\/wp-content\/uploads\/sites\/14\/2022\/08\/PIPE-WEB-FOTOS16-150x150.png 150w, https:\/\/dev.explora.cl\/biobio\/wp-content\/uploads\/sites\/14\/2022\/08\/PIPE-WEB-FOTOS16-300x300.png 300w, https:\/\/dev.explora.cl\/biobio\/wp-content\/uploads\/sites\/14\/2022\/08\/PIPE-WEB-FOTOS16-60x60.png 60w\" sizes=\"auto, (max-width: 150px) 100vw, 150px\" \/><\/a>\n\t\t\t<\/div><\/figure><figure class='gallery-item'>\n\t\t\t<div class='gallery-icon landscape'>\n\t\t\t\t<a href='https:\/\/dev.explora.cl\/biobio\/profesionales-del-area-parvularia-fueron-protagonistas-de-la-septima-sesion-pipe-2022\/pipe-web-fotos17\/'><img loading=\"lazy\" decoding=\"async\" width=\"150\" height=\"150\" src=\"https:\/\/dev.explora.cl\/biobio\/wp-content\/uploads\/sites\/14\/2022\/08\/PIPE-WEB-FOTOS17-150x150.png\" class=\"attachment-thumbnail size-thumbnail\" alt=\"\" srcset=\"https:\/\/dev.explora.cl\/biobio\/wp-content\/uploads\/sites\/14\/2022\/08\/PIPE-WEB-FOTOS17-150x150.png 150w, https:\/\/dev.explora.cl\/biobio\/wp-content\/uploads\/sites\/14\/2022\/08\/PIPE-WEB-FOTOS17-300x300.png 300w, https:\/\/dev.explora.cl\/biobio\/wp-content\/uploads\/sites\/14\/2022\/08\/PIPE-WEB-FOTOS17-60x60.png 60w\" sizes=\"auto, (max-width: 150px) 100vw, 150px\" \/><\/a>\n\t\t\t<\/div><\/figure><figure class='gallery-item'>\n\t\t\t<div class='gallery-icon landscape'>\n\t\t\t\t<a href='https:\/\/dev.explora.cl\/biobio\/profesionales-del-area-parvularia-fueron-protagonistas-de-la-septima-sesion-pipe-2022\/pipe-web-fotos18\/'><img loading=\"lazy\" decoding=\"async\" width=\"150\" height=\"150\" src=\"https:\/\/dev.explora.cl\/biobio\/wp-content\/uploads\/sites\/14\/2022\/08\/PIPE-WEB-FOTOS18-150x150.png\" class=\"attachment-thumbnail size-thumbnail\" alt=\"\" srcset=\"https:\/\/dev.explora.cl\/biobio\/wp-content\/uploads\/sites\/14\/2022\/08\/PIPE-WEB-FOTOS18-150x150.png 150w, https:\/\/dev.explora.cl\/biobio\/wp-content\/uploads\/sites\/14\/2022\/08\/PIPE-WEB-FOTOS18-300x300.png 300w, https:\/\/dev.explora.cl\/biobio\/wp-content\/uploads\/sites\/14\/2022\/08\/PIPE-WEB-FOTOS18-60x60.png 60w\" sizes=\"auto, (max-width: 150px) 100vw, 150px\" \/><\/a>\n\t\t\t<\/div><\/figure><figure class='gallery-item'>\n\t\t\t<div class='gallery-icon landscape'>\n\t\t\t\t<a href='https:\/\/dev.explora.cl\/biobio\/profesionales-del-area-parvularia-fueron-protagonistas-de-la-septima-sesion-pipe-2022\/pipe-web-fotos19\/'><img loading=\"lazy\" decoding=\"async\" width=\"150\" height=\"150\" src=\"https:\/\/dev.explora.cl\/biobio\/wp-content\/uploads\/sites\/14\/2022\/08\/PIPE-WEB-FOTOS19-150x150.png\" class=\"attachment-thumbnail size-thumbnail\" alt=\"\" srcset=\"https:\/\/dev.explora.cl\/biobio\/wp-content\/uploads\/sites\/14\/2022\/08\/PIPE-WEB-FOTOS19-150x150.png 150w, https:\/\/dev.explora.cl\/biobio\/wp-content\/uploads\/sites\/14\/2022\/08\/PIPE-WEB-FOTOS19-300x300.png 300w, https:\/\/dev.explora.cl\/biobio\/wp-content\/uploads\/sites\/14\/2022\/08\/PIPE-WEB-FOTOS19-60x60.png 60w\" sizes=\"auto, (max-width: 150px) 100vw, 150px\" \/><\/a>\n\t\t\t<\/div><\/figure><figure class='gallery-item'>\n\t\t\t<div class='gallery-icon landscape'>\n\t\t\t\t<a href='https:\/\/dev.explora.cl\/biobio\/profesionales-del-area-parvularia-fueron-protagonistas-de-la-septima-sesion-pipe-2022\/pipe-web-fotos20\/'><img loading=\"lazy\" decoding=\"async\" width=\"150\" height=\"150\" src=\"https:\/\/dev.explora.cl\/biobio\/wp-content\/uploads\/sites\/14\/2022\/08\/PIPE-WEB-FOTOS20-150x150.png\" class=\"attachment-thumbnail size-thumbnail\" alt=\"\" srcset=\"https:\/\/dev.explora.cl\/biobio\/wp-content\/uploads\/sites\/14\/2022\/08\/PIPE-WEB-FOTOS20-150x150.png 150w, https:\/\/dev.explora.cl\/biobio\/wp-content\/uploads\/sites\/14\/2022\/08\/PIPE-WEB-FOTOS20-300x300.png 300w, https:\/\/dev.explora.cl\/biobio\/wp-content\/uploads\/sites\/14\/2022\/08\/PIPE-WEB-FOTOS20-60x60.png 60w\" sizes=\"auto, (max-width: 150px) 100vw, 150px\" \/><\/a>\n\t\t\t<\/div><\/figure>\n\t\t<\/div>\n\n","protected":false},"excerpt":{"rendered":"<p>En esta segunda sesi\u00f3n presencial, participaron m\u00e1s de 43 educadoras, t\u00e9cnicos y fonoaudi\u00f3logas, las que adem\u00e1s de dar un recorrido por el lugar, recibieron un kit con diversos materiales did\u00e1cticos que podr\u00e1n hacer uso en sus comunidades educativas.<\/p>\n","protected":false},"author":30,"featured_media":39718,"comment_status":"open","ping_status":"open","sticky":false,"template":"","format":"standard","meta":{"_acf_changed":false,"_exactmetrics_skip_tracking":false,"_exactmetrics_sitenote_active":false,"_exactmetrics_sitenote_note":"","_exactmetrics_sitenote_category":0,"footnotes":"","_links_to":"","_links_to_target":""},"categories":[143],"tags":[194,163,303,23,157,301,304,302],"class_list":["post-39633","post","type-post","status-publish","format-standard","has-post-thumbnail","hentry","category-lugar-8","tag-biobio","tag-cicat","tag-ciencias-preescolares","tag-explora","tag-explora-biobio","tag-pipe","tag-pipe-2022","tag-programa-de-indagacion-para-primeras-edades"],"acf":[],"yoast_head":"<!-- This site is optimized with the Yoast SEO plugin v26.7 - https:\/\/yoast.com\/wordpress\/plugins\/seo\/ -->\n<title>Profesionales del \u00c1rea Parvularia fueron protagonistas de la s\u00e9ptima sesi\u00f3n de PIPE 2022 - Biob\u00edo<\/title>\n<meta name=\"robots\" content=\"index, follow, max-snippet:-1, max-image-preview:large, max-video-preview:-1\" \/>\n<link rel=\"canonical\" href=\"https:\/\/dev.explora.cl\/biobio\/profesionales-del-area-parvularia-fueron-protagonistas-de-la-septima-sesion-pipe-2022\/\" class=\"yoast-seo-meta-tag\" \/>\n<meta property=\"og:locale\" content=\"es_ES\" class=\"yoast-seo-meta-tag\" \/>\n<meta property=\"og:type\" content=\"article\" class=\"yoast-seo-meta-tag\" \/>\n<meta property=\"og:title\" content=\"Profesionales del \u00c1rea Parvularia fueron protagonistas de la s\u00e9ptima sesi\u00f3n de PIPE 2022 - Biob\u00edo\" class=\"yoast-seo-meta-tag\" \/>\n<meta property=\"og:description\" content=\"En esta segunda sesi\u00f3n presencial, participaron m\u00e1s de 43 educadoras, t\u00e9cnicos y fonoaudi\u00f3logas, las que adem\u00e1s de dar un recorrido por el lugar, recibieron un kit con diversos materiales did\u00e1cticos que podr\u00e1n hacer uso en sus comunidades educativas.\" class=\"yoast-seo-meta-tag\" \/>\n<meta property=\"og:url\" content=\"https:\/\/dev.explora.cl\/biobio\/profesionales-del-area-parvularia-fueron-protagonistas-de-la-septima-sesion-pipe-2022\/\" class=\"yoast-seo-meta-tag\" \/>\n<meta property=\"og:site_name\" content=\"Biob\u00edo\" class=\"yoast-seo-meta-tag\" \/>\n<meta property=\"article:published_time\" content=\"2022-08-24T16:49:22+00:00\" class=\"yoast-seo-meta-tag\" \/>\n<meta property=\"article:modified_time\" content=\"2022-11-23T01:49:18+00:00\" class=\"yoast-seo-meta-tag\" \/>\n<meta property=\"og:image\" content=\"https:\/\/dev.explora.cl\/biobio\/wp-content\/uploads\/sites\/14\/2022\/08\/Pipes2-1024x768.png\" class=\"yoast-seo-meta-tag\" \/>\n\t<meta property=\"og:image:width\" content=\"1024\" class=\"yoast-seo-meta-tag\" \/>\n\t<meta property=\"og:image:height\" content=\"768\" class=\"yoast-seo-meta-tag\" \/>\n\t<meta property=\"og:image:type\" content=\"image\/png\" class=\"yoast-seo-meta-tag\" \/>\n<meta name=\"author\" content=\"froldan\" class=\"yoast-seo-meta-tag\" \/>\n<meta name=\"twitter:card\" content=\"summary_large_image\" class=\"yoast-seo-meta-tag\" \/>\n<meta name=\"twitter:label1\" content=\"Escrito por\" class=\"yoast-seo-meta-tag\" \/>\n\t<meta name=\"twitter:data1\" content=\"froldan\" class=\"yoast-seo-meta-tag\" \/>\n\t<meta name=\"twitter:label2\" content=\"Tiempo estimado de lectura\" class=\"yoast-seo-meta-tag\" \/>\n\t<meta name=\"twitter:data2\" content=\"3 minutos\" class=\"yoast-seo-meta-tag\" \/>\n<script type=\"application\/ld+json\" class=\"yoast-schema-graph\">{\"@context\":\"https:\/\/schema.org\",\"@graph\":[{\"@type\":\"Article\",\"@id\":\"https:\/\/dev.explora.cl\/biobio\/profesionales-del-area-parvularia-fueron-protagonistas-de-la-septima-sesion-pipe-2022\/#article\",\"isPartOf\":{\"@id\":\"https:\/\/dev.explora.cl\/biobio\/profesionales-del-area-parvularia-fueron-protagonistas-de-la-septima-sesion-pipe-2022\/\"},\"author\":{\"name\":\"froldan\",\"@id\":\"https:\/\/dev.explora.cl\/biobio\/#\/schema\/person\/28e098d9fbc79016ed58bab1c631252b\"},\"headline\":\"Profesionales del \u00c1rea Parvularia fueron protagonistas de la s\u00e9ptima sesi\u00f3n de PIPE 2022\",\"datePublished\":\"2022-08-24T16:49:22+00:00\",\"dateModified\":\"2022-11-23T01:49:18+00:00\",\"mainEntityOfPage\":{\"@id\":\"https:\/\/dev.explora.cl\/biobio\/profesionales-del-area-parvularia-fueron-protagonistas-de-la-septima-sesion-pipe-2022\/\"},\"wordCount\":656,\"commentCount\":0,\"image\":{\"@id\":\"https:\/\/dev.explora.cl\/biobio\/profesionales-del-area-parvularia-fueron-protagonistas-de-la-septima-sesion-pipe-2022\/#primaryimage\"},\"thumbnailUrl\":\"https:\/\/dev.explora.cl\/biobio\/wp-content\/uploads\/sites\/14\/2022\/08\/Pipes2.png\",\"keywords\":[\"biobio\",\"CiCAT\",\"Ciencias Preescolares\",\"EXPLORA\",\"EXPLORA Biob\u00edo\",\"PIPE\",\"PIPE 2022\",\"Programa de Indagaci\u00f3n para Primeras Edades\"],\"articleSection\":[\"Lugar 8\"],\"inLanguage\":\"es-CL\",\"potentialAction\":[{\"@type\":\"CommentAction\",\"name\":\"Comment\",\"target\":[\"https:\/\/dev.explora.cl\/biobio\/profesionales-del-area-parvularia-fueron-protagonistas-de-la-septima-sesion-pipe-2022\/#respond\"]}]},{\"@type\":\"WebPage\",\"@id\":\"https:\/\/dev.explora.cl\/biobio\/profesionales-del-area-parvularia-fueron-protagonistas-de-la-septima-sesion-pipe-2022\/\",\"url\":\"https:\/\/dev.explora.cl\/biobio\/profesionales-del-area-parvularia-fueron-protagonistas-de-la-septima-sesion-pipe-2022\/\",\"name\":\"Profesionales del \u00c1rea Parvularia fueron protagonistas de la s\u00e9ptima sesi\u00f3n de PIPE 2022 - Biob\u00edo\",\"isPartOf\":{\"@id\":\"https:\/\/dev.explora.cl\/biobio\/#website\"},\"primaryImageOfPage\":{\"@id\":\"https:\/\/dev.explora.cl\/biobio\/profesionales-del-area-parvularia-fueron-protagonistas-de-la-septima-sesion-pipe-2022\/#primaryimage\"},\"image\":{\"@id\":\"https:\/\/dev.explora.cl\/biobio\/profesionales-del-area-parvularia-fueron-protagonistas-de-la-septima-sesion-pipe-2022\/#primaryimage\"},\"thumbnailUrl\":\"https:\/\/dev.explora.cl\/biobio\/wp-content\/uploads\/sites\/14\/2022\/08\/Pipes2.png\",\"datePublished\":\"2022-08-24T16:49:22+00:00\",\"dateModified\":\"2022-11-23T01:49:18+00:00\",\"author\":{\"@id\":\"https:\/\/dev.explora.cl\/biobio\/#\/schema\/person\/28e098d9fbc79016ed58bab1c631252b\"},\"breadcrumb\":{\"@id\":\"https:\/\/dev.explora.cl\/biobio\/profesionales-del-area-parvularia-fueron-protagonistas-de-la-septima-sesion-pipe-2022\/#breadcrumb\"},\"inLanguage\":\"es-CL\",\"potentialAction\":[{\"@type\":\"ReadAction\",\"target\":[\"https:\/\/dev.explora.cl\/biobio\/profesionales-del-area-parvularia-fueron-protagonistas-de-la-septima-sesion-pipe-2022\/\"]}]},{\"@type\":\"ImageObject\",\"inLanguage\":\"es-CL\",\"@id\":\"https:\/\/dev.explora.cl\/biobio\/profesionales-del-area-parvularia-fueron-protagonistas-de-la-septima-sesion-pipe-2022\/#primaryimage\",\"url\":\"https:\/\/dev.explora.cl\/biobio\/wp-content\/uploads\/sites\/14\/2022\/08\/Pipes2.png\",\"contentUrl\":\"https:\/\/dev.explora.cl\/biobio\/wp-content\/uploads\/sites\/14\/2022\/08\/Pipes2.png\",\"width\":4032,\"height\":3024},{\"@type\":\"BreadcrumbList\",\"@id\":\"https:\/\/dev.explora.cl\/biobio\/profesionales-del-area-parvularia-fueron-protagonistas-de-la-septima-sesion-pipe-2022\/#breadcrumb\",\"itemListElement\":[{\"@type\":\"ListItem\",\"position\":1,\"name\":\"Portada\",\"item\":\"https:\/\/dev.explora.cl\/biobio\/\"},{\"@type\":\"ListItem\",\"position\":2,\"name\":\"Profesionales del \u00c1rea Parvularia fueron protagonistas de la s\u00e9ptima sesi\u00f3n de PIPE 2022\"}]},{\"@type\":\"WebSite\",\"@id\":\"https:\/\/dev.explora.cl\/biobio\/#website\",\"url\":\"https:\/\/dev.explora.cl\/biobio\/\",\"name\":\"Biob\u00edo\",\"description\":\"Otro sitio m\u00e1s de dev.explora.cl\",\"potentialAction\":[{\"@type\":\"SearchAction\",\"target\":{\"@type\":\"EntryPoint\",\"urlTemplate\":\"https:\/\/dev.explora.cl\/biobio\/?s={search_term_string}\"},\"query-input\":{\"@type\":\"PropertyValueSpecification\",\"valueRequired\":true,\"valueName\":\"search_term_string\"}}],\"inLanguage\":\"es-CL\"},{\"@type\":\"Person\",\"@id\":\"https:\/\/dev.explora.cl\/biobio\/#\/schema\/person\/28e098d9fbc79016ed58bab1c631252b\",\"name\":\"froldan\",\"image\":{\"@type\":\"ImageObject\",\"inLanguage\":\"es-CL\",\"@id\":\"https:\/\/dev.explora.cl\/biobio\/#\/schema\/person\/image\/\",\"url\":\"https:\/\/secure.gravatar.com\/avatar\/07411080a6eab15b4aa8ebd4adb95b647d8ae9592fad7632257da2a562da9b88?s=96&d=mm&r=g\",\"contentUrl\":\"https:\/\/secure.gravatar.com\/avatar\/07411080a6eab15b4aa8ebd4adb95b647d8ae9592fad7632257da2a562da9b88?s=96&d=mm&r=g\",\"caption\":\"froldan\"},\"url\":\"https:\/\/dev.explora.cl\/biobio\/author\/froldan\/\"}]}<\/script>\n<!-- \/ Yoast SEO plugin. -->","yoast_head_json":{"title":"Profesionales del \u00c1rea Parvularia fueron protagonistas de la s\u00e9ptima sesi\u00f3n de PIPE 2022 - Biob\u00edo","robots":{"index":"index","follow":"follow","max-snippet":"max-snippet:-1","max-image-preview":"max-image-preview:large","max-video-preview":"max-video-preview:-1"},"canonical":"https:\/\/dev.explora.cl\/biobio\/profesionales-del-area-parvularia-fueron-protagonistas-de-la-septima-sesion-pipe-2022\/","og_locale":"es_ES","og_type":"article","og_title":"Profesionales del \u00c1rea Parvularia fueron protagonistas de la s\u00e9ptima sesi\u00f3n de PIPE 2022 - Biob\u00edo","og_description":"En esta segunda sesi\u00f3n presencial, participaron m\u00e1s de 43 educadoras, t\u00e9cnicos y fonoaudi\u00f3logas, las que adem\u00e1s de dar un recorrido por el lugar, recibieron un kit con diversos materiales did\u00e1cticos que podr\u00e1n hacer uso en sus comunidades educativas.","og_url":"https:\/\/dev.explora.cl\/biobio\/profesionales-del-area-parvularia-fueron-protagonistas-de-la-septima-sesion-pipe-2022\/","og_site_name":"Biob\u00edo","article_published_time":"2022-08-24T16:49:22+00:00","article_modified_time":"2022-11-23T01:49:18+00:00","og_image":[{"width":1024,"height":768,"url":"https:\/\/dev.explora.cl\/biobio\/wp-content\/uploads\/sites\/14\/2022\/08\/Pipes2-1024x768.png","type":"image\/png"}],"author":"froldan","twitter_card":"summary_large_image","twitter_misc":{"Escrito por":"froldan","Tiempo estimado de lectura":"3 minutos"},"schema":{"@context":"https:\/\/schema.org","@graph":[{"@type":"Article","@id":"https:\/\/dev.explora.cl\/biobio\/profesionales-del-area-parvularia-fueron-protagonistas-de-la-septima-sesion-pipe-2022\/#article","isPartOf":{"@id":"https:\/\/dev.explora.cl\/biobio\/profesionales-del-area-parvularia-fueron-protagonistas-de-la-septima-sesion-pipe-2022\/"},"author":{"name":"froldan","@id":"https:\/\/dev.explora.cl\/biobio\/#\/schema\/person\/28e098d9fbc79016ed58bab1c631252b"},"headline":"Profesionales del \u00c1rea Parvularia fueron protagonistas de la s\u00e9ptima sesi\u00f3n de PIPE 2022","datePublished":"2022-08-24T16:49:22+00:00","dateModified":"2022-11-23T01:49:18+00:00","mainEntityOfPage":{"@id":"https:\/\/dev.explora.cl\/biobio\/profesionales-del-area-parvularia-fueron-protagonistas-de-la-septima-sesion-pipe-2022\/"},"wordCount":656,"commentCount":0,"image":{"@id":"https:\/\/dev.explora.cl\/biobio\/profesionales-del-area-parvularia-fueron-protagonistas-de-la-septima-sesion-pipe-2022\/#primaryimage"},"thumbnailUrl":"https:\/\/dev.explora.cl\/biobio\/wp-content\/uploads\/sites\/14\/2022\/08\/Pipes2.png","keywords":["biobio","CiCAT","Ciencias Preescolares","EXPLORA","EXPLORA Biob\u00edo","PIPE","PIPE 2022","Programa de Indagaci\u00f3n para Primeras Edades"],"articleSection":["Lugar 8"],"inLanguage":"es-CL","potentialAction":[{"@type":"CommentAction","name":"Comment","target":["https:\/\/dev.explora.cl\/biobio\/profesionales-del-area-parvularia-fueron-protagonistas-de-la-septima-sesion-pipe-2022\/#respond"]}]},{"@type":"WebPage","@id":"https:\/\/dev.explora.cl\/biobio\/profesionales-del-area-parvularia-fueron-protagonistas-de-la-septima-sesion-pipe-2022\/","url":"https:\/\/dev.explora.cl\/biobio\/profesionales-del-area-parvularia-fueron-protagonistas-de-la-septima-sesion-pipe-2022\/","name":"Profesionales del \u00c1rea Parvularia fueron protagonistas de la s\u00e9ptima sesi\u00f3n de PIPE 2022 - Biob\u00edo","isPartOf":{"@id":"https:\/\/dev.explora.cl\/biobio\/#website"},"primaryImageOfPage":{"@id":"https:\/\/dev.explora.cl\/biobio\/profesionales-del-area-parvularia-fueron-protagonistas-de-la-septima-sesion-pipe-2022\/#primaryimage"},"image":{"@id":"https:\/\/dev.explora.cl\/biobio\/profesionales-del-area-parvularia-fueron-protagonistas-de-la-septima-sesion-pipe-2022\/#primaryimage"},"thumbnailUrl":"https:\/\/dev.explora.cl\/biobio\/wp-content\/uploads\/sites\/14\/2022\/08\/Pipes2.png","datePublished":"2022-08-24T16:49:22+00:00","dateModified":"2022-11-23T01:49:18+00:00","author":{"@id":"https:\/\/dev.explora.cl\/biobio\/#\/schema\/person\/28e098d9fbc79016ed58bab1c631252b"},"breadcrumb":{"@id":"https:\/\/dev.explora.cl\/biobio\/profesionales-del-area-parvularia-fueron-protagonistas-de-la-septima-sesion-pipe-2022\/#breadcrumb"},"inLanguage":"es-CL","potentialAction":[{"@type":"ReadAction","target":["https:\/\/dev.explora.cl\/biobio\/profesionales-del-area-parvularia-fueron-protagonistas-de-la-septima-sesion-pipe-2022\/"]}]},{"@type":"ImageObject","inLanguage":"es-CL","@id":"https:\/\/dev.explora.cl\/biobio\/profesionales-del-area-parvularia-fueron-protagonistas-de-la-septima-sesion-pipe-2022\/#primaryimage","url":"https:\/\/dev.explora.cl\/biobio\/wp-content\/uploads\/sites\/14\/2022\/08\/Pipes2.png","contentUrl":"https:\/\/dev.explora.cl\/biobio\/wp-content\/uploads\/sites\/14\/2022\/08\/Pipes2.png","width":4032,"height":3024},{"@type":"BreadcrumbList","@id":"https:\/\/dev.explora.cl\/biobio\/profesionales-del-area-parvularia-fueron-protagonistas-de-la-septima-sesion-pipe-2022\/#breadcrumb","itemListElement":[{"@type":"ListItem","position":1,"name":"Portada","item":"https:\/\/dev.explora.cl\/biobio\/"},{"@type":"ListItem","position":2,"name":"Profesionales del \u00c1rea Parvularia fueron protagonistas de la s\u00e9ptima sesi\u00f3n de PIPE 2022"}]},{"@type":"WebSite","@id":"https:\/\/dev.explora.cl\/biobio\/#website","url":"https:\/\/dev.explora.cl\/biobio\/","name":"Biob\u00edo","description":"Otro sitio m\u00e1s de dev.explora.cl","potentialAction":[{"@type":"SearchAction","target":{"@type":"EntryPoint","urlTemplate":"https:\/\/dev.explora.cl\/biobio\/?s={search_term_string}"},"query-input":{"@type":"PropertyValueSpecification","valueRequired":true,"valueName":"search_term_string"}}],"inLanguage":"es-CL"},{"@type":"Person","@id":"https:\/\/dev.explora.cl\/biobio\/#\/schema\/person\/28e098d9fbc79016ed58bab1c631252b","name":"froldan","image":{"@type":"ImageObject","inLanguage":"es-CL","@id":"https:\/\/dev.explora.cl\/biobio\/#\/schema\/person\/image\/","url":"https:\/\/secure.gravatar.com\/avatar\/07411080a6eab15b4aa8ebd4adb95b647d8ae9592fad7632257da2a562da9b88?s=96&d=mm&r=g","contentUrl":"https:\/\/secure.gravatar.com\/avatar\/07411080a6eab15b4aa8ebd4adb95b647d8ae9592fad7632257da2a562da9b88?s=96&d=mm&r=g","caption":"froldan"},"url":"https:\/\/dev.explora.cl\/biobio\/author\/froldan\/"}]}},"_links":{"self":[{"href":"https:\/\/dev.explora.cl\/biobio\/wp-json\/wp\/v2\/posts\/39633","targetHints":{"allow":["GET"]}}],"collection":[{"href":"https:\/\/dev.explora.cl\/biobio\/wp-json\/wp\/v2\/posts"}],"about":[{"href":"https:\/\/dev.explora.cl\/biobio\/wp-json\/wp\/v2\/types\/post"}],"author":[{"embeddable":true,"href":"https:\/\/dev.explora.cl\/biobio\/wp-json\/wp\/v2\/users\/30"}],"replies":[{"embeddable":true,"href":"https:\/\/dev.explora.cl\/biobio\/wp-json\/wp\/v2\/comments?post=39633"}],"version-history":[{"count":7,"href":"https:\/\/dev.explora.cl\/biobio\/wp-json\/wp\/v2\/posts\/39633\/revisions"}],"predecessor-version":[{"id":39724,"href":"https:\/\/dev.explora.cl\/biobio\/wp-json\/wp\/v2\/posts\/39633\/revisions\/39724"}],"wp:featuredmedia":[{"embeddable":true,"href":"https:\/\/dev.explora.cl\/biobio\/wp-json\/wp\/v2\/media\/39718"}],"wp:attachment":[{"href":"https:\/\/dev.explora.cl\/biobio\/wp-json\/wp\/v2\/media?parent=39633"}],"wp:term":[{"taxonomy":"category","embeddable":true,"href":"https:\/\/dev.explora.cl\/biobio\/wp-json\/wp\/v2\/categories?post=39633"},{"taxonomy":"post_tag","embeddable":true,"href":"https:\/\/dev.explora.cl\/biobio\/wp-json\/wp\/v2\/tags?post=39633"}],"curies":[{"name":"wp","href":"https:\/\/api.w.org\/{rel}","templated":true}]}}