{"id":39571,"date":"2022-08-16T15:29:15","date_gmt":"2022-08-16T19:29:15","guid":{"rendered":"https:\/\/dev.explora.cl\/biobio\/?p=39571"},"modified":"2022-09-21T10:28:47","modified_gmt":"2022-09-21T13:28:47","slug":"participa-del-congreso-regional-explora-y-vive-la-experiencia-de-forma-presencial","status":"publish","type":"post","link":"https:\/\/dev.explora.cl\/biobio\/participa-del-congreso-regional-explora-y-vive-la-experiencia-de-forma-presencial\/","title":{"rendered":"\u00a1Participa del Congreso Regional Explora y vive la experiencia de forma presencial!"},"content":{"rendered":"<p>A diferencia de la versi\u00f3n anterior del pasado a\u00f1o, el Congreso Regional Explora de Investigaci\u00f3n e Innovaci\u00f3n Escolar se realizar\u00e1 este 2022 de manera presencial. De esta forma, los y las estudiantes tendr\u00e1n la posibilidad de compartir sus experiencias y exponer los resultados de sus proyectos en un espacio ideal y estimulante para la actividad.<\/p>\n<p>Para participar, te invitamos a revisar minuciosamente las bases del concurso, para eso te dejamos una gu\u00eda explicativa que te ayudar\u00e1 a encontrar los aspectos m\u00e1s relevantes al momento de postular. Sin embargo, te recomendamos leer el documento completo:<\/p>\n<p><img loading=\"lazy\" decoding=\"async\" class=\"wp-image-39579 aligncenter\" src=\"https:\/\/dev.explora.cl\/biobio\/wp-content\/uploads\/sites\/14\/2022\/08\/resumen-Congreso-Regional-1.jpg\" alt=\"\" width=\"656\" height=\"1004\" srcset=\"https:\/\/dev.explora.cl\/biobio\/wp-content\/uploads\/sites\/14\/2022\/08\/resumen-Congreso-Regional-1.jpg 2550w, https:\/\/dev.explora.cl\/biobio\/wp-content\/uploads\/sites\/14\/2022\/08\/resumen-Congreso-Regional-1-196x300.jpg 196w, https:\/\/dev.explora.cl\/biobio\/wp-content\/uploads\/sites\/14\/2022\/08\/resumen-Congreso-Regional-1-768x1175.jpg 768w, https:\/\/dev.explora.cl\/biobio\/wp-content\/uploads\/sites\/14\/2022\/08\/resumen-Congreso-Regional-1-670x1024.jpg 670w\" sizes=\"auto, (max-width: 656px) 100vw, 656px\" \/><\/p>\n<p>&nbsp;<\/p>\n<p><strong>Bases y Anexos aqu\u00ed: <a href=\"https:\/\/cutt.ly\/1XjANj6\">https:\/\/cutt.ly\/1XjANj6<\/a><\/strong><\/p>\n<p><strong>Si tienes dudas escr\u00edbenos a: admin@parexplorabiobio.com\u00a0<\/strong><\/p>\n<h2><strong>Env\u00edo de documentos a: admin@parexplorabiobio.com\u00a0<\/strong><\/h2>\n<p>&nbsp;<\/p>\n","protected":false},"excerpt":{"rendered":"<p>A diferencia de la versi\u00f3n anterior del pasado a\u00f1o, el Congreso Regional Explora de Investigaci\u00f3n e Innovaci\u00f3n Escolar se realizar\u00e1 este 2022 de manera presencial. De esta forma, los y las estudiantes tendr\u00e1n la posibilidad de compartir sus experiencias y exponer los resultados de sus proyectos en un espacio ideal y estimulante para la actividad.<\/p>\n","protected":false},"author":30,"featured_media":39578,"comment_status":"open","ping_status":"open","sticky":false,"template":"","format":"standard","meta":{"_acf_changed":false,"_exactmetrics_skip_tracking":false,"_exactmetrics_sitenote_active":false,"_exactmetrics_sitenote_note":"","_exactmetrics_sitenote_category":0,"footnotes":"","_links_to":"","_links_to_target":""},"categories":[151,129,140,4,116,121,126],"tags":[194,107,296,286,13,101,183,308,23,157],"class_list":["post-39571","post","type-post","status-publish","format-standard","has-post-thumbnail","hentry","category-banner","category-concursos_para_pub_grl","category-lugar-5","category-noticias","category-para-comunidad-escolar","category-para-divulgadores","category-para-publico-general","tag-biobio","tag-ciencia","tag-ciencias-escolares","tag-comunidad","tag-congreso-escolar-explora","tag-congreso-regional","tag-congresos-provinciales","tag-estudiantes-cientificos","tag-explora","tag-explora-biobio"],"acf":[],"yoast_head":"<!-- This site is optimized with the Yoast SEO plugin v26.7 - https:\/\/yoast.com\/wordpress\/plugins\/seo\/ -->\n<title>\u00a1Participa del Congreso Regional Explora y vive la experiencia de forma presencial! - Biob\u00edo<\/title>\n<meta name=\"robots\" content=\"index, follow, max-snippet:-1, max-image-preview:large, max-video-preview:-1\" \/>\n<link rel=\"canonical\" href=\"https:\/\/dev.explora.cl\/biobio\/participa-del-congreso-regional-explora-y-vive-la-experiencia-de-forma-presencial\/\" class=\"yoast-seo-meta-tag\" \/>\n<meta property=\"og:locale\" content=\"es_ES\" class=\"yoast-seo-meta-tag\" \/>\n<meta property=\"og:type\" content=\"article\" class=\"yoast-seo-meta-tag\" \/>\n<meta property=\"og:title\" content=\"\u00a1Participa del Congreso Regional Explora y vive la experiencia de forma presencial! - Biob\u00edo\" class=\"yoast-seo-meta-tag\" \/>\n<meta property=\"og:description\" content=\"A diferencia de la versi\u00f3n anterior del pasado a\u00f1o, el Congreso Regional Explora de Investigaci\u00f3n e Innovaci\u00f3n Escolar se realizar\u00e1 este 2022 de manera presencial. De esta forma, los y las estudiantes tendr\u00e1n la posibilidad de compartir sus experiencias y exponer los resultados de sus proyectos en un espacio ideal y estimulante para la actividad.\" class=\"yoast-seo-meta-tag\" \/>\n<meta property=\"og:url\" content=\"https:\/\/dev.explora.cl\/biobio\/participa-del-congreso-regional-explora-y-vive-la-experiencia-de-forma-presencial\/\" class=\"yoast-seo-meta-tag\" \/>\n<meta property=\"og:site_name\" content=\"Biob\u00edo\" class=\"yoast-seo-meta-tag\" \/>\n<meta property=\"article:published_time\" content=\"2022-08-16T19:29:15+00:00\" class=\"yoast-seo-meta-tag\" \/>\n<meta property=\"article:modified_time\" content=\"2022-09-21T13:28:47+00:00\" class=\"yoast-seo-meta-tag\" \/>\n<meta property=\"og:image\" content=\"https:\/\/dev.explora.cl\/biobio\/wp-content\/uploads\/sites\/14\/2022\/08\/Web-5.jpg\" class=\"yoast-seo-meta-tag\" \/>\n\t<meta property=\"og:image:width\" content=\"1201\" class=\"yoast-seo-meta-tag\" \/>\n\t<meta property=\"og:image:height\" content=\"800\" class=\"yoast-seo-meta-tag\" \/>\n\t<meta property=\"og:image:type\" content=\"image\/jpeg\" class=\"yoast-seo-meta-tag\" \/>\n<meta name=\"author\" content=\"froldan\" class=\"yoast-seo-meta-tag\" \/>\n<meta name=\"twitter:card\" content=\"summary_large_image\" class=\"yoast-seo-meta-tag\" \/>\n<meta name=\"twitter:label1\" content=\"Escrito por\" class=\"yoast-seo-meta-tag\" \/>\n\t<meta name=\"twitter:data1\" content=\"froldan\" class=\"yoast-seo-meta-tag\" \/>\n\t<meta name=\"twitter:label2\" content=\"Tiempo estimado de lectura\" class=\"yoast-seo-meta-tag\" \/>\n\t<meta name=\"twitter:data2\" content=\"1 minuto\" class=\"yoast-seo-meta-tag\" \/>\n<script type=\"application\/ld+json\" class=\"yoast-schema-graph\">{\"@context\":\"https:\/\/schema.org\",\"@graph\":[{\"@type\":\"Article\",\"@id\":\"https:\/\/dev.explora.cl\/biobio\/participa-del-congreso-regional-explora-y-vive-la-experiencia-de-forma-presencial\/#article\",\"isPartOf\":{\"@id\":\"https:\/\/dev.explora.cl\/biobio\/participa-del-congreso-regional-explora-y-vive-la-experiencia-de-forma-presencial\/\"},\"author\":{\"name\":\"froldan\",\"@id\":\"https:\/\/dev.explora.cl\/biobio\/#\/schema\/person\/28e098d9fbc79016ed58bab1c631252b\"},\"headline\":\"\u00a1Participa del Congreso Regional Explora y vive la experiencia de forma presencial!\",\"datePublished\":\"2022-08-16T19:29:15+00:00\",\"dateModified\":\"2022-09-21T13:28:47+00:00\",\"mainEntityOfPage\":{\"@id\":\"https:\/\/dev.explora.cl\/biobio\/participa-del-congreso-regional-explora-y-vive-la-experiencia-de-forma-presencial\/\"},\"wordCount\":139,\"commentCount\":0,\"image\":{\"@id\":\"https:\/\/dev.explora.cl\/biobio\/participa-del-congreso-regional-explora-y-vive-la-experiencia-de-forma-presencial\/#primaryimage\"},\"thumbnailUrl\":\"https:\/\/dev.explora.cl\/biobio\/wp-content\/uploads\/sites\/14\/2022\/08\/Web-5.jpg\",\"keywords\":[\"biobio\",\"ciencia\",\"Ciencias Escolares\",\"comunidad\",\"congreso escolar explora\",\"Congreso Regional\",\"Congresos Provinciales\",\"Estudiantes cient\u00edficos\",\"EXPLORA\",\"EXPLORA Biob\u00edo\"],\"articleSection\":[\"Banner\",\"Concursos\",\"Lugar 5\",\"Noticias\",\"Para Comunidad Escolar\",\"Para Divulgadores\",\"Para P\u00fablico General\"],\"inLanguage\":\"es-CL\",\"potentialAction\":[{\"@type\":\"CommentAction\",\"name\":\"Comment\",\"target\":[\"https:\/\/dev.explora.cl\/biobio\/participa-del-congreso-regional-explora-y-vive-la-experiencia-de-forma-presencial\/#respond\"]}]},{\"@type\":\"WebPage\",\"@id\":\"https:\/\/dev.explora.cl\/biobio\/participa-del-congreso-regional-explora-y-vive-la-experiencia-de-forma-presencial\/\",\"url\":\"https:\/\/dev.explora.cl\/biobio\/participa-del-congreso-regional-explora-y-vive-la-experiencia-de-forma-presencial\/\",\"name\":\"\u00a1Participa del Congreso Regional Explora y vive la experiencia de forma presencial! - Biob\u00edo\",\"isPartOf\":{\"@id\":\"https:\/\/dev.explora.cl\/biobio\/#website\"},\"primaryImageOfPage\":{\"@id\":\"https:\/\/dev.explora.cl\/biobio\/participa-del-congreso-regional-explora-y-vive-la-experiencia-de-forma-presencial\/#primaryimage\"},\"image\":{\"@id\":\"https:\/\/dev.explora.cl\/biobio\/participa-del-congreso-regional-explora-y-vive-la-experiencia-de-forma-presencial\/#primaryimage\"},\"thumbnailUrl\":\"https:\/\/dev.explora.cl\/biobio\/wp-content\/uploads\/sites\/14\/2022\/08\/Web-5.jpg\",\"datePublished\":\"2022-08-16T19:29:15+00:00\",\"dateModified\":\"2022-09-21T13:28:47+00:00\",\"author\":{\"@id\":\"https:\/\/dev.explora.cl\/biobio\/#\/schema\/person\/28e098d9fbc79016ed58bab1c631252b\"},\"breadcrumb\":{\"@id\":\"https:\/\/dev.explora.cl\/biobio\/participa-del-congreso-regional-explora-y-vive-la-experiencia-de-forma-presencial\/#breadcrumb\"},\"inLanguage\":\"es-CL\",\"potentialAction\":[{\"@type\":\"ReadAction\",\"target\":[\"https:\/\/dev.explora.cl\/biobio\/participa-del-congreso-regional-explora-y-vive-la-experiencia-de-forma-presencial\/\"]}]},{\"@type\":\"ImageObject\",\"inLanguage\":\"es-CL\",\"@id\":\"https:\/\/dev.explora.cl\/biobio\/participa-del-congreso-regional-explora-y-vive-la-experiencia-de-forma-presencial\/#primaryimage\",\"url\":\"https:\/\/dev.explora.cl\/biobio\/wp-content\/uploads\/sites\/14\/2022\/08\/Web-5.jpg\",\"contentUrl\":\"https:\/\/dev.explora.cl\/biobio\/wp-content\/uploads\/sites\/14\/2022\/08\/Web-5.jpg\",\"width\":1201,\"height\":800},{\"@type\":\"BreadcrumbList\",\"@id\":\"https:\/\/dev.explora.cl\/biobio\/participa-del-congreso-regional-explora-y-vive-la-experiencia-de-forma-presencial\/#breadcrumb\",\"itemListElement\":[{\"@type\":\"ListItem\",\"position\":1,\"name\":\"Portada\",\"item\":\"https:\/\/dev.explora.cl\/biobio\/\"},{\"@type\":\"ListItem\",\"position\":2,\"name\":\"\u00a1Participa del Congreso Regional Explora y vive la experiencia de forma presencial!\"}]},{\"@type\":\"WebSite\",\"@id\":\"https:\/\/dev.explora.cl\/biobio\/#website\",\"url\":\"https:\/\/dev.explora.cl\/biobio\/\",\"name\":\"Biob\u00edo\",\"description\":\"Otro sitio m\u00e1s de dev.explora.cl\",\"potentialAction\":[{\"@type\":\"SearchAction\",\"target\":{\"@type\":\"EntryPoint\",\"urlTemplate\":\"https:\/\/dev.explora.cl\/biobio\/?s={search_term_string}\"},\"query-input\":{\"@type\":\"PropertyValueSpecification\",\"valueRequired\":true,\"valueName\":\"search_term_string\"}}],\"inLanguage\":\"es-CL\"},{\"@type\":\"Person\",\"@id\":\"https:\/\/dev.explora.cl\/biobio\/#\/schema\/person\/28e098d9fbc79016ed58bab1c631252b\",\"name\":\"froldan\",\"image\":{\"@type\":\"ImageObject\",\"inLanguage\":\"es-CL\",\"@id\":\"https:\/\/dev.explora.cl\/biobio\/#\/schema\/person\/image\/\",\"url\":\"https:\/\/secure.gravatar.com\/avatar\/07411080a6eab15b4aa8ebd4adb95b647d8ae9592fad7632257da2a562da9b88?s=96&d=mm&r=g\",\"contentUrl\":\"https:\/\/secure.gravatar.com\/avatar\/07411080a6eab15b4aa8ebd4adb95b647d8ae9592fad7632257da2a562da9b88?s=96&d=mm&r=g\",\"caption\":\"froldan\"},\"url\":\"https:\/\/dev.explora.cl\/biobio\/author\/froldan\/\"}]}<\/script>\n<!-- \/ Yoast SEO plugin. -->","yoast_head_json":{"title":"\u00a1Participa del Congreso Regional Explora y vive la experiencia de forma presencial! - Biob\u00edo","robots":{"index":"index","follow":"follow","max-snippet":"max-snippet:-1","max-image-preview":"max-image-preview:large","max-video-preview":"max-video-preview:-1"},"canonical":"https:\/\/dev.explora.cl\/biobio\/participa-del-congreso-regional-explora-y-vive-la-experiencia-de-forma-presencial\/","og_locale":"es_ES","og_type":"article","og_title":"\u00a1Participa del Congreso Regional Explora y vive la experiencia de forma presencial! - Biob\u00edo","og_description":"A diferencia de la versi\u00f3n anterior del pasado a\u00f1o, el Congreso Regional Explora de Investigaci\u00f3n e Innovaci\u00f3n Escolar se realizar\u00e1 este 2022 de manera presencial. De esta forma, los y las estudiantes tendr\u00e1n la posibilidad de compartir sus experiencias y exponer los resultados de sus proyectos en un espacio ideal y estimulante para la actividad.","og_url":"https:\/\/dev.explora.cl\/biobio\/participa-del-congreso-regional-explora-y-vive-la-experiencia-de-forma-presencial\/","og_site_name":"Biob\u00edo","article_published_time":"2022-08-16T19:29:15+00:00","article_modified_time":"2022-09-21T13:28:47+00:00","og_image":[{"width":1201,"height":800,"url":"https:\/\/dev.explora.cl\/biobio\/wp-content\/uploads\/sites\/14\/2022\/08\/Web-5.jpg","type":"image\/jpeg"}],"author":"froldan","twitter_card":"summary_large_image","twitter_misc":{"Escrito por":"froldan","Tiempo estimado de lectura":"1 minuto"},"schema":{"@context":"https:\/\/schema.org","@graph":[{"@type":"Article","@id":"https:\/\/dev.explora.cl\/biobio\/participa-del-congreso-regional-explora-y-vive-la-experiencia-de-forma-presencial\/#article","isPartOf":{"@id":"https:\/\/dev.explora.cl\/biobio\/participa-del-congreso-regional-explora-y-vive-la-experiencia-de-forma-presencial\/"},"author":{"name":"froldan","@id":"https:\/\/dev.explora.cl\/biobio\/#\/schema\/person\/28e098d9fbc79016ed58bab1c631252b"},"headline":"\u00a1Participa del Congreso Regional Explora y vive la experiencia de forma presencial!","datePublished":"2022-08-16T19:29:15+00:00","dateModified":"2022-09-21T13:28:47+00:00","mainEntityOfPage":{"@id":"https:\/\/dev.explora.cl\/biobio\/participa-del-congreso-regional-explora-y-vive-la-experiencia-de-forma-presencial\/"},"wordCount":139,"commentCount":0,"image":{"@id":"https:\/\/dev.explora.cl\/biobio\/participa-del-congreso-regional-explora-y-vive-la-experiencia-de-forma-presencial\/#primaryimage"},"thumbnailUrl":"https:\/\/dev.explora.cl\/biobio\/wp-content\/uploads\/sites\/14\/2022\/08\/Web-5.jpg","keywords":["biobio","ciencia","Ciencias Escolares","comunidad","congreso escolar explora","Congreso Regional","Congresos Provinciales","Estudiantes cient\u00edficos","EXPLORA","EXPLORA Biob\u00edo"],"articleSection":["Banner","Concursos","Lugar 5","Noticias","Para Comunidad Escolar","Para Divulgadores","Para P\u00fablico General"],"inLanguage":"es-CL","potentialAction":[{"@type":"CommentAction","name":"Comment","target":["https:\/\/dev.explora.cl\/biobio\/participa-del-congreso-regional-explora-y-vive-la-experiencia-de-forma-presencial\/#respond"]}]},{"@type":"WebPage","@id":"https:\/\/dev.explora.cl\/biobio\/participa-del-congreso-regional-explora-y-vive-la-experiencia-de-forma-presencial\/","url":"https:\/\/dev.explora.cl\/biobio\/participa-del-congreso-regional-explora-y-vive-la-experiencia-de-forma-presencial\/","name":"\u00a1Participa del Congreso Regional Explora y vive la experiencia de forma presencial! - Biob\u00edo","isPartOf":{"@id":"https:\/\/dev.explora.cl\/biobio\/#website"},"primaryImageOfPage":{"@id":"https:\/\/dev.explora.cl\/biobio\/participa-del-congreso-regional-explora-y-vive-la-experiencia-de-forma-presencial\/#primaryimage"},"image":{"@id":"https:\/\/dev.explora.cl\/biobio\/participa-del-congreso-regional-explora-y-vive-la-experiencia-de-forma-presencial\/#primaryimage"},"thumbnailUrl":"https:\/\/dev.explora.cl\/biobio\/wp-content\/uploads\/sites\/14\/2022\/08\/Web-5.jpg","datePublished":"2022-08-16T19:29:15+00:00","dateModified":"2022-09-21T13:28:47+00:00","author":{"@id":"https:\/\/dev.explora.cl\/biobio\/#\/schema\/person\/28e098d9fbc79016ed58bab1c631252b"},"breadcrumb":{"@id":"https:\/\/dev.explora.cl\/biobio\/participa-del-congreso-regional-explora-y-vive-la-experiencia-de-forma-presencial\/#breadcrumb"},"inLanguage":"es-CL","potentialAction":[{"@type":"ReadAction","target":["https:\/\/dev.explora.cl\/biobio\/participa-del-congreso-regional-explora-y-vive-la-experiencia-de-forma-presencial\/"]}]},{"@type":"ImageObject","inLanguage":"es-CL","@id":"https:\/\/dev.explora.cl\/biobio\/participa-del-congreso-regional-explora-y-vive-la-experiencia-de-forma-presencial\/#primaryimage","url":"https:\/\/dev.explora.cl\/biobio\/wp-content\/uploads\/sites\/14\/2022\/08\/Web-5.jpg","contentUrl":"https:\/\/dev.explora.cl\/biobio\/wp-content\/uploads\/sites\/14\/2022\/08\/Web-5.jpg","width":1201,"height":800},{"@type":"BreadcrumbList","@id":"https:\/\/dev.explora.cl\/biobio\/participa-del-congreso-regional-explora-y-vive-la-experiencia-de-forma-presencial\/#breadcrumb","itemListElement":[{"@type":"ListItem","position":1,"name":"Portada","item":"https:\/\/dev.explora.cl\/biobio\/"},{"@type":"ListItem","position":2,"name":"\u00a1Participa del Congreso Regional Explora y vive la experiencia de forma presencial!"}]},{"@type":"WebSite","@id":"https:\/\/dev.explora.cl\/biobio\/#website","url":"https:\/\/dev.explora.cl\/biobio\/","name":"Biob\u00edo","description":"Otro sitio m\u00e1s de dev.explora.cl","potentialAction":[{"@type":"SearchAction","target":{"@type":"EntryPoint","urlTemplate":"https:\/\/dev.explora.cl\/biobio\/?s={search_term_string}"},"query-input":{"@type":"PropertyValueSpecification","valueRequired":true,"valueName":"search_term_string"}}],"inLanguage":"es-CL"},{"@type":"Person","@id":"https:\/\/dev.explora.cl\/biobio\/#\/schema\/person\/28e098d9fbc79016ed58bab1c631252b","name":"froldan","image":{"@type":"ImageObject","inLanguage":"es-CL","@id":"https:\/\/dev.explora.cl\/biobio\/#\/schema\/person\/image\/","url":"https:\/\/secure.gravatar.com\/avatar\/07411080a6eab15b4aa8ebd4adb95b647d8ae9592fad7632257da2a562da9b88?s=96&d=mm&r=g","contentUrl":"https:\/\/secure.gravatar.com\/avatar\/07411080a6eab15b4aa8ebd4adb95b647d8ae9592fad7632257da2a562da9b88?s=96&d=mm&r=g","caption":"froldan"},"url":"https:\/\/dev.explora.cl\/biobio\/author\/froldan\/"}]}},"_links":{"self":[{"href":"https:\/\/dev.explora.cl\/biobio\/wp-json\/wp\/v2\/posts\/39571","targetHints":{"allow":["GET"]}}],"collection":[{"href":"https:\/\/dev.explora.cl\/biobio\/wp-json\/wp\/v2\/posts"}],"about":[{"href":"https:\/\/dev.explora.cl\/biobio\/wp-json\/wp\/v2\/types\/post"}],"author":[{"embeddable":true,"href":"https:\/\/dev.explora.cl\/biobio\/wp-json\/wp\/v2\/users\/30"}],"replies":[{"embeddable":true,"href":"https:\/\/dev.explora.cl\/biobio\/wp-json\/wp\/v2\/comments?post=39571"}],"version-history":[{"count":9,"href":"https:\/\/dev.explora.cl\/biobio\/wp-json\/wp\/v2\/posts\/39571\/revisions"}],"predecessor-version":[{"id":39794,"href":"https:\/\/dev.explora.cl\/biobio\/wp-json\/wp\/v2\/posts\/39571\/revisions\/39794"}],"wp:featuredmedia":[{"embeddable":true,"href":"https:\/\/dev.explora.cl\/biobio\/wp-json\/wp\/v2\/media\/39578"}],"wp:attachment":[{"href":"https:\/\/dev.explora.cl\/biobio\/wp-json\/wp\/v2\/media?parent=39571"}],"wp:term":[{"taxonomy":"category","embeddable":true,"href":"https:\/\/dev.explora.cl\/biobio\/wp-json\/wp\/v2\/categories?post=39571"},{"taxonomy":"post_tag","embeddable":true,"href":"https:\/\/dev.explora.cl\/biobio\/wp-json\/wp\/v2\/tags?post=39571"}],"curies":[{"name":"wp","href":"https:\/\/api.w.org\/{rel}","templated":true}]}}