{"id":38749,"date":"2021-03-23T17:58:41","date_gmt":"2021-03-23T20:58:41","guid":{"rendered":"https:\/\/dev.explora.cl\/biobio\/?p=38749"},"modified":"2021-04-09T17:18:27","modified_gmt":"2021-04-09T21:18:27","slug":"gigante-de-magallanes","status":"publish","type":"post","link":"https:\/\/dev.explora.cl\/biobio\/gigante-de-magallanes\/","title":{"rendered":"El Telescopio m\u00e1s grande del mundo estar\u00e1 en Chile y es momento de conocer sus secretos"},"content":{"rendered":"<p>En el marco de la celebraci\u00f3n del D\u00eda de la Astronom\u00eda, Explora Biob\u00edo trae la presentaci\u00f3n de Miguel Roth, el representante en Chile del Gigante de Magallanes (GMT), el telescopio que revolucionar\u00e1 la forma de observar el Universo.<\/p>\n<p>El tama\u00f1o de su c\u00fapula es equivalente a un edificio de 22 pisos y ser\u00e1 capaz de girar en 360 grados, adem\u00e1s, tendr\u00e1 una resoluci\u00f3n 10 veces mayor al del Telescopio Espacial Hubble, lo que equivale a ver el dibujo de una moneda a 160 kil\u00f3metros de distancia.<\/p>\n<p>El gran poder de resoluci\u00f3n del GMT ser\u00e1 clave para el estudio de planetas de otras galaxias y permitir\u00e1 comprender la superficie de cada astro, en b\u00fasqueda de agua l\u00edquida y condiciones de atm\u00f3sfera que indiquen presencia de vida.<\/p>\n<p>Para conocer los detalles y alcances de este mega proyecto astron\u00f3mico, Explora Biob\u00edo organiz\u00f3 un encuentro con el Dr. Miguel Roth, el representante del GMT en nuestro pa\u00eds, quien se\u00f1ala: \u201cLos telescopios funcionan como m\u00e1quinas del tiempo y nos permiten mirar hacia tiempos anteriores del Universo, el cual tiene 13.800 millones de a\u00f1os. Mientras m\u00e1s grande sea un telescopio, se podr\u00e1n ver objetos m\u00e1s d\u00e9biles. En el caso de las galaxias, podr\u00e1 ver objetos cuya luz nos llega cientos de millones de a\u00f1os despu\u00e9s del Big Bang. Por lo tanto, se puede entender c\u00f3mo era el Universo en sus inicios.\u201d.<\/p>\n<p><strong>Revisa aqu\u00ed la presentaci\u00f3n de Miguel Roth:<\/strong><\/p>\n<p><iframe loading=\"lazy\" title=\"El Gigante de Magallanes: Nuestro gran ojo al Universo\" width=\"1180\" height=\"664\" src=\"https:\/\/www.youtube.com\/embed\/_PxR5tYPyVs?feature=oembed\" frameborder=\"0\" allow=\"accelerometer; autoplay; clipboard-write; encrypted-media; gyroscope; picture-in-picture\" allowfullscreen><\/iframe><\/p>\n<p style=\"text-align: left\">\n","protected":false},"excerpt":{"rendered":"<p>En el marco de la celebraci\u00f3n del D\u00eda de la Astronom\u00eda, Explora Biob\u00edo trae la presentaci\u00f3n de Miguel Roth, el representante en Chile del Gigante de Magallanes (GMT), el telescopio que revolucionar\u00e1 la forma de observar el Universo.<\/p>\n","protected":false},"author":30,"featured_media":38751,"comment_status":"closed","ping_status":"closed","sticky":false,"template":"","format":"standard","meta":{"_acf_changed":false,"_exactmetrics_skip_tracking":false,"_exactmetrics_sitenote_active":false,"_exactmetrics_sitenote_note":"","_exactmetrics_sitenote_category":0,"footnotes":"","_links_to":"","_links_to_target":""},"categories":[140],"tags":[164,194,268,269,267,270,266,169],"class_list":["post-38749","post","type-post","status-publish","format-standard","has-post-thumbnail","hentry","category-lugar-5","tag-astronomia","tag-biobio","tag-chilemiratucielo","tag-dia-de-la-astronomia","tag-gigante-de-magallanes","tag-miguel-roth","tag-telescopios","tag-udec"],"acf":[],"yoast_head":"<!-- This site is optimized with the Yoast SEO plugin v26.7 - https:\/\/yoast.com\/wordpress\/plugins\/seo\/ -->\n<title>El Telescopio m\u00e1s grande del mundo estar\u00e1 en Chile y es momento de conocer sus secretos - Biob\u00edo<\/title>\n<meta name=\"description\" content=\"Todos los martes de este verano, el astr\u00f3nomo Paul Calderon estar\u00e1 en el programa La Comunidad del Contenido del canal TVU, conversando sobre el viaje m\u00e1s espectacular que ha hecho la humanidad hasta ahora.\" class=\"yoast-seo-meta-tag\" \/>\n<meta name=\"robots\" content=\"index, follow, max-snippet:-1, max-image-preview:large, max-video-preview:-1\" \/>\n<link rel=\"canonical\" href=\"https:\/\/dev.explora.cl\/biobio\/gigante-de-magallanes\/\" class=\"yoast-seo-meta-tag\" \/>\n<meta property=\"og:locale\" content=\"es_ES\" class=\"yoast-seo-meta-tag\" \/>\n<meta property=\"og:type\" content=\"article\" class=\"yoast-seo-meta-tag\" \/>\n<meta property=\"og:title\" content=\"El Telescopio m\u00e1s grande del mundo estar\u00e1 en Chile y es momento de conocer sus secretos - Biob\u00edo\" class=\"yoast-seo-meta-tag\" \/>\n<meta property=\"og:description\" content=\"Todos los martes de este verano, el astr\u00f3nomo Paul Calderon estar\u00e1 en el programa La Comunidad del Contenido del canal TVU, conversando sobre el viaje m\u00e1s espectacular que ha hecho la humanidad hasta ahora.\" class=\"yoast-seo-meta-tag\" \/>\n<meta property=\"og:url\" content=\"https:\/\/dev.explora.cl\/biobio\/gigante-de-magallanes\/\" class=\"yoast-seo-meta-tag\" \/>\n<meta property=\"og:site_name\" content=\"Biob\u00edo\" class=\"yoast-seo-meta-tag\" \/>\n<meta property=\"article:published_time\" content=\"2021-03-23T20:58:41+00:00\" class=\"yoast-seo-meta-tag\" \/>\n<meta property=\"article:modified_time\" content=\"2021-04-09T21:18:27+00:00\" class=\"yoast-seo-meta-tag\" \/>\n<meta property=\"og:image\" content=\"https:\/\/dev.explora.cl\/biobio\/wp-content\/uploads\/sites\/14\/2021\/03\/D\u00cdA-DE-LA-ASTRONOM\u00cdA-web-1024x577.png\" class=\"yoast-seo-meta-tag\" \/>\n\t<meta property=\"og:image:width\" content=\"1024\" class=\"yoast-seo-meta-tag\" \/>\n\t<meta property=\"og:image:height\" content=\"577\" class=\"yoast-seo-meta-tag\" \/>\n\t<meta property=\"og:image:type\" content=\"image\/png\" class=\"yoast-seo-meta-tag\" \/>\n<meta name=\"author\" content=\"froldan\" class=\"yoast-seo-meta-tag\" \/>\n<meta name=\"twitter:card\" content=\"summary_large_image\" class=\"yoast-seo-meta-tag\" \/>\n<meta name=\"twitter:label1\" content=\"Escrito por\" class=\"yoast-seo-meta-tag\" \/>\n\t<meta name=\"twitter:data1\" content=\"froldan\" class=\"yoast-seo-meta-tag\" \/>\n\t<meta name=\"twitter:label2\" content=\"Tiempo estimado de lectura\" class=\"yoast-seo-meta-tag\" \/>\n\t<meta name=\"twitter:data2\" content=\"1 minuto\" class=\"yoast-seo-meta-tag\" \/>\n<script type=\"application\/ld+json\" class=\"yoast-schema-graph\">{\"@context\":\"https:\/\/schema.org\",\"@graph\":[{\"@type\":\"Article\",\"@id\":\"https:\/\/dev.explora.cl\/biobio\/gigante-de-magallanes\/#article\",\"isPartOf\":{\"@id\":\"https:\/\/dev.explora.cl\/biobio\/gigante-de-magallanes\/\"},\"author\":{\"name\":\"froldan\",\"@id\":\"https:\/\/dev.explora.cl\/biobio\/#\/schema\/person\/28e098d9fbc79016ed58bab1c631252b\"},\"headline\":\"El Telescopio m\u00e1s grande del mundo estar\u00e1 en Chile y es momento de conocer sus secretos\",\"datePublished\":\"2021-03-23T20:58:41+00:00\",\"dateModified\":\"2021-04-09T21:18:27+00:00\",\"mainEntityOfPage\":{\"@id\":\"https:\/\/dev.explora.cl\/biobio\/gigante-de-magallanes\/\"},\"wordCount\":279,\"image\":{\"@id\":\"https:\/\/dev.explora.cl\/biobio\/gigante-de-magallanes\/#primaryimage\"},\"thumbnailUrl\":\"https:\/\/dev.explora.cl\/biobio\/wp-content\/uploads\/sites\/14\/2021\/03\/D\u00cdA-DE-LA-ASTRONOM\u00cdA-web.png\",\"keywords\":[\"astronom\u00eda\",\"biobio\",\"chilemiratucielo\",\"dia de la astronom\u00eda\",\"gigante de magallanes\",\"miguel roth\",\"telescopios\",\"UDEC\"],\"articleSection\":[\"Lugar 5\"],\"inLanguage\":\"es-CL\"},{\"@type\":\"WebPage\",\"@id\":\"https:\/\/dev.explora.cl\/biobio\/gigante-de-magallanes\/\",\"url\":\"https:\/\/dev.explora.cl\/biobio\/gigante-de-magallanes\/\",\"name\":\"El Telescopio m\u00e1s grande del mundo estar\u00e1 en Chile y es momento de conocer sus secretos - Biob\u00edo\",\"isPartOf\":{\"@id\":\"https:\/\/dev.explora.cl\/biobio\/#website\"},\"primaryImageOfPage\":{\"@id\":\"https:\/\/dev.explora.cl\/biobio\/gigante-de-magallanes\/#primaryimage\"},\"image\":{\"@id\":\"https:\/\/dev.explora.cl\/biobio\/gigante-de-magallanes\/#primaryimage\"},\"thumbnailUrl\":\"https:\/\/dev.explora.cl\/biobio\/wp-content\/uploads\/sites\/14\/2021\/03\/D\u00cdA-DE-LA-ASTRONOM\u00cdA-web.png\",\"datePublished\":\"2021-03-23T20:58:41+00:00\",\"dateModified\":\"2021-04-09T21:18:27+00:00\",\"author\":{\"@id\":\"https:\/\/dev.explora.cl\/biobio\/#\/schema\/person\/28e098d9fbc79016ed58bab1c631252b\"},\"description\":\"Todos los martes de este verano, el astr\u00f3nomo Paul Calderon estar\u00e1 en el programa La Comunidad del Contenido del canal TVU, conversando sobre el viaje m\u00e1s espectacular que ha hecho la humanidad hasta ahora.\",\"breadcrumb\":{\"@id\":\"https:\/\/dev.explora.cl\/biobio\/gigante-de-magallanes\/#breadcrumb\"},\"inLanguage\":\"es-CL\",\"potentialAction\":[{\"@type\":\"ReadAction\",\"target\":[\"https:\/\/dev.explora.cl\/biobio\/gigante-de-magallanes\/\"]}]},{\"@type\":\"ImageObject\",\"inLanguage\":\"es-CL\",\"@id\":\"https:\/\/dev.explora.cl\/biobio\/gigante-de-magallanes\/#primaryimage\",\"url\":\"https:\/\/dev.explora.cl\/biobio\/wp-content\/uploads\/sites\/14\/2021\/03\/D\u00cdA-DE-LA-ASTRONOM\u00cdA-web.png\",\"contentUrl\":\"https:\/\/dev.explora.cl\/biobio\/wp-content\/uploads\/sites\/14\/2021\/03\/D\u00cdA-DE-LA-ASTRONOM\u00cdA-web.png\",\"width\":1923,\"height\":1083},{\"@type\":\"BreadcrumbList\",\"@id\":\"https:\/\/dev.explora.cl\/biobio\/gigante-de-magallanes\/#breadcrumb\",\"itemListElement\":[{\"@type\":\"ListItem\",\"position\":1,\"name\":\"Portada\",\"item\":\"https:\/\/dev.explora.cl\/biobio\/\"},{\"@type\":\"ListItem\",\"position\":2,\"name\":\"El Telescopio m\u00e1s grande del mundo estar\u00e1 en Chile y es momento de conocer sus secretos\"}]},{\"@type\":\"WebSite\",\"@id\":\"https:\/\/dev.explora.cl\/biobio\/#website\",\"url\":\"https:\/\/dev.explora.cl\/biobio\/\",\"name\":\"Biob\u00edo\",\"description\":\"Otro sitio m\u00e1s de dev.explora.cl\",\"potentialAction\":[{\"@type\":\"SearchAction\",\"target\":{\"@type\":\"EntryPoint\",\"urlTemplate\":\"https:\/\/dev.explora.cl\/biobio\/?s={search_term_string}\"},\"query-input\":{\"@type\":\"PropertyValueSpecification\",\"valueRequired\":true,\"valueName\":\"search_term_string\"}}],\"inLanguage\":\"es-CL\"},{\"@type\":\"Person\",\"@id\":\"https:\/\/dev.explora.cl\/biobio\/#\/schema\/person\/28e098d9fbc79016ed58bab1c631252b\",\"name\":\"froldan\",\"image\":{\"@type\":\"ImageObject\",\"inLanguage\":\"es-CL\",\"@id\":\"https:\/\/dev.explora.cl\/biobio\/#\/schema\/person\/image\/\",\"url\":\"https:\/\/secure.gravatar.com\/avatar\/07411080a6eab15b4aa8ebd4adb95b647d8ae9592fad7632257da2a562da9b88?s=96&d=mm&r=g\",\"contentUrl\":\"https:\/\/secure.gravatar.com\/avatar\/07411080a6eab15b4aa8ebd4adb95b647d8ae9592fad7632257da2a562da9b88?s=96&d=mm&r=g\",\"caption\":\"froldan\"},\"url\":\"https:\/\/dev.explora.cl\/biobio\/author\/froldan\/\"}]}<\/script>\n<!-- \/ Yoast SEO plugin. -->","yoast_head_json":{"title":"El Telescopio m\u00e1s grande del mundo estar\u00e1 en Chile y es momento de conocer sus secretos - Biob\u00edo","description":"Todos los martes de este verano, el astr\u00f3nomo Paul Calderon estar\u00e1 en el programa La Comunidad del Contenido del canal TVU, conversando sobre el viaje m\u00e1s espectacular que ha hecho la humanidad hasta ahora.","robots":{"index":"index","follow":"follow","max-snippet":"max-snippet:-1","max-image-preview":"max-image-preview:large","max-video-preview":"max-video-preview:-1"},"canonical":"https:\/\/dev.explora.cl\/biobio\/gigante-de-magallanes\/","og_locale":"es_ES","og_type":"article","og_title":"El Telescopio m\u00e1s grande del mundo estar\u00e1 en Chile y es momento de conocer sus secretos - Biob\u00edo","og_description":"Todos los martes de este verano, el astr\u00f3nomo Paul Calderon estar\u00e1 en el programa La Comunidad del Contenido del canal TVU, conversando sobre el viaje m\u00e1s espectacular que ha hecho la humanidad hasta ahora.","og_url":"https:\/\/dev.explora.cl\/biobio\/gigante-de-magallanes\/","og_site_name":"Biob\u00edo","article_published_time":"2021-03-23T20:58:41+00:00","article_modified_time":"2021-04-09T21:18:27+00:00","og_image":[{"width":1024,"height":577,"url":"https:\/\/dev.explora.cl\/biobio\/wp-content\/uploads\/sites\/14\/2021\/03\/D\u00cdA-DE-LA-ASTRONOM\u00cdA-web-1024x577.png","type":"image\/png"}],"author":"froldan","twitter_card":"summary_large_image","twitter_misc":{"Escrito por":"froldan","Tiempo estimado de lectura":"1 minuto"},"schema":{"@context":"https:\/\/schema.org","@graph":[{"@type":"Article","@id":"https:\/\/dev.explora.cl\/biobio\/gigante-de-magallanes\/#article","isPartOf":{"@id":"https:\/\/dev.explora.cl\/biobio\/gigante-de-magallanes\/"},"author":{"name":"froldan","@id":"https:\/\/dev.explora.cl\/biobio\/#\/schema\/person\/28e098d9fbc79016ed58bab1c631252b"},"headline":"El Telescopio m\u00e1s grande del mundo estar\u00e1 en Chile y es momento de conocer sus secretos","datePublished":"2021-03-23T20:58:41+00:00","dateModified":"2021-04-09T21:18:27+00:00","mainEntityOfPage":{"@id":"https:\/\/dev.explora.cl\/biobio\/gigante-de-magallanes\/"},"wordCount":279,"image":{"@id":"https:\/\/dev.explora.cl\/biobio\/gigante-de-magallanes\/#primaryimage"},"thumbnailUrl":"https:\/\/dev.explora.cl\/biobio\/wp-content\/uploads\/sites\/14\/2021\/03\/D\u00cdA-DE-LA-ASTRONOM\u00cdA-web.png","keywords":["astronom\u00eda","biobio","chilemiratucielo","dia de la astronom\u00eda","gigante de magallanes","miguel roth","telescopios","UDEC"],"articleSection":["Lugar 5"],"inLanguage":"es-CL"},{"@type":"WebPage","@id":"https:\/\/dev.explora.cl\/biobio\/gigante-de-magallanes\/","url":"https:\/\/dev.explora.cl\/biobio\/gigante-de-magallanes\/","name":"El Telescopio m\u00e1s grande del mundo estar\u00e1 en Chile y es momento de conocer sus secretos - Biob\u00edo","isPartOf":{"@id":"https:\/\/dev.explora.cl\/biobio\/#website"},"primaryImageOfPage":{"@id":"https:\/\/dev.explora.cl\/biobio\/gigante-de-magallanes\/#primaryimage"},"image":{"@id":"https:\/\/dev.explora.cl\/biobio\/gigante-de-magallanes\/#primaryimage"},"thumbnailUrl":"https:\/\/dev.explora.cl\/biobio\/wp-content\/uploads\/sites\/14\/2021\/03\/D\u00cdA-DE-LA-ASTRONOM\u00cdA-web.png","datePublished":"2021-03-23T20:58:41+00:00","dateModified":"2021-04-09T21:18:27+00:00","author":{"@id":"https:\/\/dev.explora.cl\/biobio\/#\/schema\/person\/28e098d9fbc79016ed58bab1c631252b"},"description":"Todos los martes de este verano, el astr\u00f3nomo Paul Calderon estar\u00e1 en el programa La Comunidad del Contenido del canal TVU, conversando sobre el viaje m\u00e1s espectacular que ha hecho la humanidad hasta ahora.","breadcrumb":{"@id":"https:\/\/dev.explora.cl\/biobio\/gigante-de-magallanes\/#breadcrumb"},"inLanguage":"es-CL","potentialAction":[{"@type":"ReadAction","target":["https:\/\/dev.explora.cl\/biobio\/gigante-de-magallanes\/"]}]},{"@type":"ImageObject","inLanguage":"es-CL","@id":"https:\/\/dev.explora.cl\/biobio\/gigante-de-magallanes\/#primaryimage","url":"https:\/\/dev.explora.cl\/biobio\/wp-content\/uploads\/sites\/14\/2021\/03\/D\u00cdA-DE-LA-ASTRONOM\u00cdA-web.png","contentUrl":"https:\/\/dev.explora.cl\/biobio\/wp-content\/uploads\/sites\/14\/2021\/03\/D\u00cdA-DE-LA-ASTRONOM\u00cdA-web.png","width":1923,"height":1083},{"@type":"BreadcrumbList","@id":"https:\/\/dev.explora.cl\/biobio\/gigante-de-magallanes\/#breadcrumb","itemListElement":[{"@type":"ListItem","position":1,"name":"Portada","item":"https:\/\/dev.explora.cl\/biobio\/"},{"@type":"ListItem","position":2,"name":"El Telescopio m\u00e1s grande del mundo estar\u00e1 en Chile y es momento de conocer sus secretos"}]},{"@type":"WebSite","@id":"https:\/\/dev.explora.cl\/biobio\/#website","url":"https:\/\/dev.explora.cl\/biobio\/","name":"Biob\u00edo","description":"Otro sitio m\u00e1s de dev.explora.cl","potentialAction":[{"@type":"SearchAction","target":{"@type":"EntryPoint","urlTemplate":"https:\/\/dev.explora.cl\/biobio\/?s={search_term_string}"},"query-input":{"@type":"PropertyValueSpecification","valueRequired":true,"valueName":"search_term_string"}}],"inLanguage":"es-CL"},{"@type":"Person","@id":"https:\/\/dev.explora.cl\/biobio\/#\/schema\/person\/28e098d9fbc79016ed58bab1c631252b","name":"froldan","image":{"@type":"ImageObject","inLanguage":"es-CL","@id":"https:\/\/dev.explora.cl\/biobio\/#\/schema\/person\/image\/","url":"https:\/\/secure.gravatar.com\/avatar\/07411080a6eab15b4aa8ebd4adb95b647d8ae9592fad7632257da2a562da9b88?s=96&d=mm&r=g","contentUrl":"https:\/\/secure.gravatar.com\/avatar\/07411080a6eab15b4aa8ebd4adb95b647d8ae9592fad7632257da2a562da9b88?s=96&d=mm&r=g","caption":"froldan"},"url":"https:\/\/dev.explora.cl\/biobio\/author\/froldan\/"}]}},"_links":{"self":[{"href":"https:\/\/dev.explora.cl\/biobio\/wp-json\/wp\/v2\/posts\/38749","targetHints":{"allow":["GET"]}}],"collection":[{"href":"https:\/\/dev.explora.cl\/biobio\/wp-json\/wp\/v2\/posts"}],"about":[{"href":"https:\/\/dev.explora.cl\/biobio\/wp-json\/wp\/v2\/types\/post"}],"author":[{"embeddable":true,"href":"https:\/\/dev.explora.cl\/biobio\/wp-json\/wp\/v2\/users\/30"}],"replies":[{"embeddable":true,"href":"https:\/\/dev.explora.cl\/biobio\/wp-json\/wp\/v2\/comments?post=38749"}],"version-history":[{"count":2,"href":"https:\/\/dev.explora.cl\/biobio\/wp-json\/wp\/v2\/posts\/38749\/revisions"}],"predecessor-version":[{"id":38753,"href":"https:\/\/dev.explora.cl\/biobio\/wp-json\/wp\/v2\/posts\/38749\/revisions\/38753"}],"wp:featuredmedia":[{"embeddable":true,"href":"https:\/\/dev.explora.cl\/biobio\/wp-json\/wp\/v2\/media\/38751"}],"wp:attachment":[{"href":"https:\/\/dev.explora.cl\/biobio\/wp-json\/wp\/v2\/media?parent=38749"}],"wp:term":[{"taxonomy":"category","embeddable":true,"href":"https:\/\/dev.explora.cl\/biobio\/wp-json\/wp\/v2\/categories?post=38749"},{"taxonomy":"post_tag","embeddable":true,"href":"https:\/\/dev.explora.cl\/biobio\/wp-json\/wp\/v2\/tags?post=38749"}],"curies":[{"name":"wp","href":"https:\/\/api.w.org\/{rel}","templated":true}]}}