{"id":37540,"date":"2014-07-31T00:00:00","date_gmt":"2014-07-31T04:00:00","guid":{"rendered":"https:\/\/dev.explora.cl\/biobio\/blog\/2014\/07\/31\/viii-jornada-de-actualizacion-la-didactica-de-la-quimica-en-el-aula\/"},"modified":"2019-05-20T18:41:34","modified_gmt":"2019-05-20T18:41:34","slug":"viii-jornada-de-actualizacion-la-didactica-de-la-quimica-en-el-aula","status":"publish","type":"post","link":"https:\/\/dev.explora.cl\/biobio\/viii-jornada-de-actualizacion-la-didactica-de-la-quimica-en-el-aula\/","title":{"rendered":"VIII Jornada de Actualizaci\u00f3n \u201cLa Did\u00e1ctica de la Qu\u00edmica en el aula\u201d"},"content":{"rendered":"<p><img loading=\"lazy\" decoding=\"async\" class=\" size-full wp-image-4268\" src=\"http:\/\/ec2-34-218-253-251.us-west-2.compute.amazonaws.com\/wp-content\/uploads\/2014\/07\/9be642f7225e5efa14b57559f92dbcc8.jpg\" alt=\"\" width=\"280\" height=\"222\" \/><\/p>\n<div>El Colegio Concepci\u00f3n invita a los profesores de Ciencias Naturales y Qu\u00edmica a participar de la VIII Jornada de Actualizaci\u00f3n \u201cLa Did\u00e1ctica de la Qu\u00edmica en el aula\u201d, organizada por su \u00a0Departamento de Ciencias.\u00a0<\/div>\n<div>\u00a0<\/div>\n<div>La actividad tiene por objetivo abordar distintos temas del \u00e1rea como una instancia de actualizaci\u00f3n de contenidos, de reflexi\u00f3n, de apropiaci\u00f3n de nuevas estrategias de ense\u00f1anza y de fortalecimiento de redes de trabajo y colaboraci\u00f3n permanente entre los docentes.<\/div>\n<div>\u00a0<\/div>\n<div>La Jornada se realizar\u00e1 en la biblioteca del Colegio Concepci\u00f3n Pedro de Valdivia, durante los d\u00edas viernes <strong>22 de agosto<\/strong>, de 15:00 a 18:00 hrs. y s\u00e1bado<strong> 23 de agosto<\/strong> de 09:00 a 12:30 hrs.<\/div>\n<div>\u00a0<\/div>\n<div>Para participar se debe llenar la ficha de inscripci\u00f3n que se adjunta y enviarla al correo electr\u00f3nico s.villegas@coemco.cl hasta el 08 de agosto.\u00a0<\/div>\n<div>\u00a0<\/div>\n","protected":false},"excerpt":{"rendered":"<p>El Colegio Concepci\u00f3n invita a los profesores de Ciencias Naturales y Qu\u00edmica a participar de la VIII Jornada de Actualizaci\u00f3n \u201cLa Did\u00e1ctica de la Qu\u00edmica en el aula\u201d, organizada por su \u00a0Departamento de Ciencias.\u00a0 \u00a0 La actividad tiene por objetivo abordar distintos temas del \u00e1rea como una instancia de actualizaci\u00f3n de contenidos, de reflexi\u00f3n, de [&hellip;]<\/p>\n","protected":false},"author":2,"featured_media":136,"comment_status":"open","ping_status":"open","sticky":false,"template":"","format":"standard","meta":{"_acf_changed":false,"_exactmetrics_skip_tracking":false,"_exactmetrics_sitenote_active":false,"_exactmetrics_sitenote_note":"","_exactmetrics_sitenote_category":0,"footnotes":"","_links_to":"","_links_to_target":""},"categories":[4],"tags":[],"class_list":["post-37540","post","type-post","status-publish","format-standard","has-post-thumbnail","hentry","category-noticias"],"acf":[],"yoast_head":"<!-- This site is optimized with the Yoast SEO plugin v26.7 - https:\/\/yoast.com\/wordpress\/plugins\/seo\/ -->\n<title>VIII Jornada de Actualizaci\u00f3n \u201cLa Did\u00e1ctica de la Qu\u00edmica en el aula\u201d - Biob\u00edo<\/title>\n<meta name=\"robots\" content=\"index, follow, max-snippet:-1, max-image-preview:large, max-video-preview:-1\" \/>\n<link rel=\"canonical\" href=\"https:\/\/dev.explora.cl\/biobio\/viii-jornada-de-actualizacion-la-didactica-de-la-quimica-en-el-aula\/\" class=\"yoast-seo-meta-tag\" \/>\n<meta property=\"og:locale\" content=\"es_ES\" class=\"yoast-seo-meta-tag\" \/>\n<meta property=\"og:type\" content=\"article\" class=\"yoast-seo-meta-tag\" \/>\n<meta property=\"og:title\" content=\"VIII Jornada de Actualizaci\u00f3n \u201cLa Did\u00e1ctica de la Qu\u00edmica en el aula\u201d - Biob\u00edo\" class=\"yoast-seo-meta-tag\" \/>\n<meta property=\"og:description\" content=\"El Colegio Concepci\u00f3n invita a los profesores de Ciencias Naturales y Qu\u00edmica a participar de la VIII Jornada de Actualizaci\u00f3n \u201cLa Did\u00e1ctica de la Qu\u00edmica en el aula\u201d, organizada por su \u00a0Departamento de Ciencias.\u00a0 \u00a0 La actividad tiene por objetivo abordar distintos temas del \u00e1rea como una instancia de actualizaci\u00f3n de contenidos, de reflexi\u00f3n, de [&hellip;]\" class=\"yoast-seo-meta-tag\" \/>\n<meta property=\"og:url\" content=\"https:\/\/dev.explora.cl\/biobio\/viii-jornada-de-actualizacion-la-didactica-de-la-quimica-en-el-aula\/\" class=\"yoast-seo-meta-tag\" \/>\n<meta property=\"og:site_name\" content=\"Biob\u00edo\" class=\"yoast-seo-meta-tag\" \/>\n<meta property=\"article:published_time\" content=\"2014-07-31T04:00:00+00:00\" class=\"yoast-seo-meta-tag\" \/>\n<meta property=\"article:modified_time\" content=\"2019-05-20T18:41:34+00:00\" class=\"yoast-seo-meta-tag\" \/>\n<meta property=\"og:image\" content=\"https:\/\/dev.explora.cl\/biobio\/wp-content\/uploads\/sites\/14\/2018\/06\/9be642f7225e5efa14b57559f92dbcc8.jpg\" class=\"yoast-seo-meta-tag\" \/>\n\t<meta property=\"og:image:width\" content=\"280\" class=\"yoast-seo-meta-tag\" \/>\n\t<meta property=\"og:image:height\" content=\"222\" class=\"yoast-seo-meta-tag\" \/>\n\t<meta property=\"og:image:type\" content=\"image\/jpeg\" class=\"yoast-seo-meta-tag\" \/>\n<meta name=\"author\" content=\"webman\" class=\"yoast-seo-meta-tag\" \/>\n<meta name=\"twitter:card\" content=\"summary_large_image\" class=\"yoast-seo-meta-tag\" \/>\n<meta name=\"twitter:label1\" content=\"Escrito por\" class=\"yoast-seo-meta-tag\" \/>\n\t<meta name=\"twitter:data1\" content=\"webman\" class=\"yoast-seo-meta-tag\" \/>\n\t<meta name=\"twitter:label2\" content=\"Tiempo estimado de lectura\" class=\"yoast-seo-meta-tag\" \/>\n\t<meta name=\"twitter:data2\" content=\"1 minuto\" class=\"yoast-seo-meta-tag\" \/>\n<script type=\"application\/ld+json\" class=\"yoast-schema-graph\">{\"@context\":\"https:\/\/schema.org\",\"@graph\":[{\"@type\":\"Article\",\"@id\":\"https:\/\/dev.explora.cl\/biobio\/viii-jornada-de-actualizacion-la-didactica-de-la-quimica-en-el-aula\/#article\",\"isPartOf\":{\"@id\":\"https:\/\/dev.explora.cl\/biobio\/viii-jornada-de-actualizacion-la-didactica-de-la-quimica-en-el-aula\/\"},\"author\":{\"name\":\"webman\",\"@id\":\"https:\/\/dev.explora.cl\/biobio\/#\/schema\/person\/cb8349c13ea2d324080adf8480d7ba5d\"},\"headline\":\"VIII Jornada de Actualizaci\u00f3n \u201cLa Did\u00e1ctica de la Qu\u00edmica en el aula\u201d\",\"datePublished\":\"2014-07-31T04:00:00+00:00\",\"dateModified\":\"2019-05-20T18:41:34+00:00\",\"mainEntityOfPage\":{\"@id\":\"https:\/\/dev.explora.cl\/biobio\/viii-jornada-de-actualizacion-la-didactica-de-la-quimica-en-el-aula\/\"},\"wordCount\":157,\"commentCount\":0,\"image\":{\"@id\":\"https:\/\/dev.explora.cl\/biobio\/viii-jornada-de-actualizacion-la-didactica-de-la-quimica-en-el-aula\/#primaryimage\"},\"thumbnailUrl\":\"https:\/\/dev.explora.cl\/biobio\/wp-content\/uploads\/sites\/14\/2018\/06\/9be642f7225e5efa14b57559f92dbcc8.jpg\",\"articleSection\":[\"Noticias\"],\"inLanguage\":\"es-CL\",\"potentialAction\":[{\"@type\":\"CommentAction\",\"name\":\"Comment\",\"target\":[\"https:\/\/dev.explora.cl\/biobio\/viii-jornada-de-actualizacion-la-didactica-de-la-quimica-en-el-aula\/#respond\"]}]},{\"@type\":\"WebPage\",\"@id\":\"https:\/\/dev.explora.cl\/biobio\/viii-jornada-de-actualizacion-la-didactica-de-la-quimica-en-el-aula\/\",\"url\":\"https:\/\/dev.explora.cl\/biobio\/viii-jornada-de-actualizacion-la-didactica-de-la-quimica-en-el-aula\/\",\"name\":\"VIII Jornada de Actualizaci\u00f3n \u201cLa Did\u00e1ctica de la Qu\u00edmica en el aula\u201d - Biob\u00edo\",\"isPartOf\":{\"@id\":\"https:\/\/dev.explora.cl\/biobio\/#website\"},\"primaryImageOfPage\":{\"@id\":\"https:\/\/dev.explora.cl\/biobio\/viii-jornada-de-actualizacion-la-didactica-de-la-quimica-en-el-aula\/#primaryimage\"},\"image\":{\"@id\":\"https:\/\/dev.explora.cl\/biobio\/viii-jornada-de-actualizacion-la-didactica-de-la-quimica-en-el-aula\/#primaryimage\"},\"thumbnailUrl\":\"https:\/\/dev.explora.cl\/biobio\/wp-content\/uploads\/sites\/14\/2018\/06\/9be642f7225e5efa14b57559f92dbcc8.jpg\",\"datePublished\":\"2014-07-31T04:00:00+00:00\",\"dateModified\":\"2019-05-20T18:41:34+00:00\",\"author\":{\"@id\":\"https:\/\/dev.explora.cl\/biobio\/#\/schema\/person\/cb8349c13ea2d324080adf8480d7ba5d\"},\"breadcrumb\":{\"@id\":\"https:\/\/dev.explora.cl\/biobio\/viii-jornada-de-actualizacion-la-didactica-de-la-quimica-en-el-aula\/#breadcrumb\"},\"inLanguage\":\"es-CL\",\"potentialAction\":[{\"@type\":\"ReadAction\",\"target\":[\"https:\/\/dev.explora.cl\/biobio\/viii-jornada-de-actualizacion-la-didactica-de-la-quimica-en-el-aula\/\"]}]},{\"@type\":\"ImageObject\",\"inLanguage\":\"es-CL\",\"@id\":\"https:\/\/dev.explora.cl\/biobio\/viii-jornada-de-actualizacion-la-didactica-de-la-quimica-en-el-aula\/#primaryimage\",\"url\":\"https:\/\/dev.explora.cl\/biobio\/wp-content\/uploads\/sites\/14\/2018\/06\/9be642f7225e5efa14b57559f92dbcc8.jpg\",\"contentUrl\":\"https:\/\/dev.explora.cl\/biobio\/wp-content\/uploads\/sites\/14\/2018\/06\/9be642f7225e5efa14b57559f92dbcc8.jpg\",\"width\":280,\"height\":222},{\"@type\":\"BreadcrumbList\",\"@id\":\"https:\/\/dev.explora.cl\/biobio\/viii-jornada-de-actualizacion-la-didactica-de-la-quimica-en-el-aula\/#breadcrumb\",\"itemListElement\":[{\"@type\":\"ListItem\",\"position\":1,\"name\":\"Portada\",\"item\":\"https:\/\/dev.explora.cl\/biobio\/\"},{\"@type\":\"ListItem\",\"position\":2,\"name\":\"VIII Jornada de Actualizaci\u00f3n \u201cLa Did\u00e1ctica de la Qu\u00edmica en el aula\u201d\"}]},{\"@type\":\"WebSite\",\"@id\":\"https:\/\/dev.explora.cl\/biobio\/#website\",\"url\":\"https:\/\/dev.explora.cl\/biobio\/\",\"name\":\"Biob\u00edo\",\"description\":\"Otro sitio m\u00e1s de dev.explora.cl\",\"potentialAction\":[{\"@type\":\"SearchAction\",\"target\":{\"@type\":\"EntryPoint\",\"urlTemplate\":\"https:\/\/dev.explora.cl\/biobio\/?s={search_term_string}\"},\"query-input\":{\"@type\":\"PropertyValueSpecification\",\"valueRequired\":true,\"valueName\":\"search_term_string\"}}],\"inLanguage\":\"es-CL\"},{\"@type\":\"Person\",\"@id\":\"https:\/\/dev.explora.cl\/biobio\/#\/schema\/person\/cb8349c13ea2d324080adf8480d7ba5d\",\"name\":\"webman\",\"image\":{\"@type\":\"ImageObject\",\"inLanguage\":\"es-CL\",\"@id\":\"https:\/\/dev.explora.cl\/biobio\/#\/schema\/person\/image\/\",\"url\":\"https:\/\/secure.gravatar.com\/avatar\/eeff3c82f2c02f7177d13663b7e6f890e9a6a0647ce9bb29cae02dcb094c7312?s=96&d=mm&r=g\",\"contentUrl\":\"https:\/\/secure.gravatar.com\/avatar\/eeff3c82f2c02f7177d13663b7e6f890e9a6a0647ce9bb29cae02dcb094c7312?s=96&d=mm&r=g\",\"caption\":\"webman\"},\"url\":\"https:\/\/dev.explora.cl\/biobio\/author\/webman\/\"}]}<\/script>\n<!-- \/ Yoast SEO plugin. -->","yoast_head_json":{"title":"VIII Jornada de Actualizaci\u00f3n \u201cLa Did\u00e1ctica de la Qu\u00edmica en el aula\u201d - Biob\u00edo","robots":{"index":"index","follow":"follow","max-snippet":"max-snippet:-1","max-image-preview":"max-image-preview:large","max-video-preview":"max-video-preview:-1"},"canonical":"https:\/\/dev.explora.cl\/biobio\/viii-jornada-de-actualizacion-la-didactica-de-la-quimica-en-el-aula\/","og_locale":"es_ES","og_type":"article","og_title":"VIII Jornada de Actualizaci\u00f3n \u201cLa Did\u00e1ctica de la Qu\u00edmica en el aula\u201d - Biob\u00edo","og_description":"El Colegio Concepci\u00f3n invita a los profesores de Ciencias Naturales y Qu\u00edmica a participar de la VIII Jornada de Actualizaci\u00f3n \u201cLa Did\u00e1ctica de la Qu\u00edmica en el aula\u201d, organizada por su \u00a0Departamento de Ciencias.\u00a0 \u00a0 La actividad tiene por objetivo abordar distintos temas del \u00e1rea como una instancia de actualizaci\u00f3n de contenidos, de reflexi\u00f3n, de [&hellip;]","og_url":"https:\/\/dev.explora.cl\/biobio\/viii-jornada-de-actualizacion-la-didactica-de-la-quimica-en-el-aula\/","og_site_name":"Biob\u00edo","article_published_time":"2014-07-31T04:00:00+00:00","article_modified_time":"2019-05-20T18:41:34+00:00","og_image":[{"width":280,"height":222,"url":"https:\/\/dev.explora.cl\/biobio\/wp-content\/uploads\/sites\/14\/2018\/06\/9be642f7225e5efa14b57559f92dbcc8.jpg","type":"image\/jpeg"}],"author":"webman","twitter_card":"summary_large_image","twitter_misc":{"Escrito por":"webman","Tiempo estimado de lectura":"1 minuto"},"schema":{"@context":"https:\/\/schema.org","@graph":[{"@type":"Article","@id":"https:\/\/dev.explora.cl\/biobio\/viii-jornada-de-actualizacion-la-didactica-de-la-quimica-en-el-aula\/#article","isPartOf":{"@id":"https:\/\/dev.explora.cl\/biobio\/viii-jornada-de-actualizacion-la-didactica-de-la-quimica-en-el-aula\/"},"author":{"name":"webman","@id":"https:\/\/dev.explora.cl\/biobio\/#\/schema\/person\/cb8349c13ea2d324080adf8480d7ba5d"},"headline":"VIII Jornada de Actualizaci\u00f3n \u201cLa Did\u00e1ctica de la Qu\u00edmica en el aula\u201d","datePublished":"2014-07-31T04:00:00+00:00","dateModified":"2019-05-20T18:41:34+00:00","mainEntityOfPage":{"@id":"https:\/\/dev.explora.cl\/biobio\/viii-jornada-de-actualizacion-la-didactica-de-la-quimica-en-el-aula\/"},"wordCount":157,"commentCount":0,"image":{"@id":"https:\/\/dev.explora.cl\/biobio\/viii-jornada-de-actualizacion-la-didactica-de-la-quimica-en-el-aula\/#primaryimage"},"thumbnailUrl":"https:\/\/dev.explora.cl\/biobio\/wp-content\/uploads\/sites\/14\/2018\/06\/9be642f7225e5efa14b57559f92dbcc8.jpg","articleSection":["Noticias"],"inLanguage":"es-CL","potentialAction":[{"@type":"CommentAction","name":"Comment","target":["https:\/\/dev.explora.cl\/biobio\/viii-jornada-de-actualizacion-la-didactica-de-la-quimica-en-el-aula\/#respond"]}]},{"@type":"WebPage","@id":"https:\/\/dev.explora.cl\/biobio\/viii-jornada-de-actualizacion-la-didactica-de-la-quimica-en-el-aula\/","url":"https:\/\/dev.explora.cl\/biobio\/viii-jornada-de-actualizacion-la-didactica-de-la-quimica-en-el-aula\/","name":"VIII Jornada de Actualizaci\u00f3n \u201cLa Did\u00e1ctica de la Qu\u00edmica en el aula\u201d - Biob\u00edo","isPartOf":{"@id":"https:\/\/dev.explora.cl\/biobio\/#website"},"primaryImageOfPage":{"@id":"https:\/\/dev.explora.cl\/biobio\/viii-jornada-de-actualizacion-la-didactica-de-la-quimica-en-el-aula\/#primaryimage"},"image":{"@id":"https:\/\/dev.explora.cl\/biobio\/viii-jornada-de-actualizacion-la-didactica-de-la-quimica-en-el-aula\/#primaryimage"},"thumbnailUrl":"https:\/\/dev.explora.cl\/biobio\/wp-content\/uploads\/sites\/14\/2018\/06\/9be642f7225e5efa14b57559f92dbcc8.jpg","datePublished":"2014-07-31T04:00:00+00:00","dateModified":"2019-05-20T18:41:34+00:00","author":{"@id":"https:\/\/dev.explora.cl\/biobio\/#\/schema\/person\/cb8349c13ea2d324080adf8480d7ba5d"},"breadcrumb":{"@id":"https:\/\/dev.explora.cl\/biobio\/viii-jornada-de-actualizacion-la-didactica-de-la-quimica-en-el-aula\/#breadcrumb"},"inLanguage":"es-CL","potentialAction":[{"@type":"ReadAction","target":["https:\/\/dev.explora.cl\/biobio\/viii-jornada-de-actualizacion-la-didactica-de-la-quimica-en-el-aula\/"]}]},{"@type":"ImageObject","inLanguage":"es-CL","@id":"https:\/\/dev.explora.cl\/biobio\/viii-jornada-de-actualizacion-la-didactica-de-la-quimica-en-el-aula\/#primaryimage","url":"https:\/\/dev.explora.cl\/biobio\/wp-content\/uploads\/sites\/14\/2018\/06\/9be642f7225e5efa14b57559f92dbcc8.jpg","contentUrl":"https:\/\/dev.explora.cl\/biobio\/wp-content\/uploads\/sites\/14\/2018\/06\/9be642f7225e5efa14b57559f92dbcc8.jpg","width":280,"height":222},{"@type":"BreadcrumbList","@id":"https:\/\/dev.explora.cl\/biobio\/viii-jornada-de-actualizacion-la-didactica-de-la-quimica-en-el-aula\/#breadcrumb","itemListElement":[{"@type":"ListItem","position":1,"name":"Portada","item":"https:\/\/dev.explora.cl\/biobio\/"},{"@type":"ListItem","position":2,"name":"VIII Jornada de Actualizaci\u00f3n \u201cLa Did\u00e1ctica de la Qu\u00edmica en el aula\u201d"}]},{"@type":"WebSite","@id":"https:\/\/dev.explora.cl\/biobio\/#website","url":"https:\/\/dev.explora.cl\/biobio\/","name":"Biob\u00edo","description":"Otro sitio m\u00e1s de dev.explora.cl","potentialAction":[{"@type":"SearchAction","target":{"@type":"EntryPoint","urlTemplate":"https:\/\/dev.explora.cl\/biobio\/?s={search_term_string}"},"query-input":{"@type":"PropertyValueSpecification","valueRequired":true,"valueName":"search_term_string"}}],"inLanguage":"es-CL"},{"@type":"Person","@id":"https:\/\/dev.explora.cl\/biobio\/#\/schema\/person\/cb8349c13ea2d324080adf8480d7ba5d","name":"webman","image":{"@type":"ImageObject","inLanguage":"es-CL","@id":"https:\/\/dev.explora.cl\/biobio\/#\/schema\/person\/image\/","url":"https:\/\/secure.gravatar.com\/avatar\/eeff3c82f2c02f7177d13663b7e6f890e9a6a0647ce9bb29cae02dcb094c7312?s=96&d=mm&r=g","contentUrl":"https:\/\/secure.gravatar.com\/avatar\/eeff3c82f2c02f7177d13663b7e6f890e9a6a0647ce9bb29cae02dcb094c7312?s=96&d=mm&r=g","caption":"webman"},"url":"https:\/\/dev.explora.cl\/biobio\/author\/webman\/"}]}},"_links":{"self":[{"href":"https:\/\/dev.explora.cl\/biobio\/wp-json\/wp\/v2\/posts\/37540","targetHints":{"allow":["GET"]}}],"collection":[{"href":"https:\/\/dev.explora.cl\/biobio\/wp-json\/wp\/v2\/posts"}],"about":[{"href":"https:\/\/dev.explora.cl\/biobio\/wp-json\/wp\/v2\/types\/post"}],"author":[{"embeddable":true,"href":"https:\/\/dev.explora.cl\/biobio\/wp-json\/wp\/v2\/users\/2"}],"replies":[{"embeddable":true,"href":"https:\/\/dev.explora.cl\/biobio\/wp-json\/wp\/v2\/comments?post=37540"}],"version-history":[{"count":1,"href":"https:\/\/dev.explora.cl\/biobio\/wp-json\/wp\/v2\/posts\/37540\/revisions"}],"predecessor-version":[{"id":38092,"href":"https:\/\/dev.explora.cl\/biobio\/wp-json\/wp\/v2\/posts\/37540\/revisions\/38092"}],"wp:featuredmedia":[{"embeddable":true,"href":"https:\/\/dev.explora.cl\/biobio\/wp-json\/wp\/v2\/media\/136"}],"wp:attachment":[{"href":"https:\/\/dev.explora.cl\/biobio\/wp-json\/wp\/v2\/media?parent=37540"}],"wp:term":[{"taxonomy":"category","embeddable":true,"href":"https:\/\/dev.explora.cl\/biobio\/wp-json\/wp\/v2\/categories?post=37540"},{"taxonomy":"post_tag","embeddable":true,"href":"https:\/\/dev.explora.cl\/biobio\/wp-json\/wp\/v2\/tags?post=37540"}],"curies":[{"name":"wp","href":"https:\/\/api.w.org\/{rel}","templated":true}]}}