{"id":37539,"date":"2014-07-30T00:00:00","date_gmt":"2014-07-30T04:00:00","guid":{"rendered":"https:\/\/dev.explora.cl\/biobio\/blog\/2014\/07\/30\/ya-tenemos-las-bases-disponibles-para-los-congresos-provinciales\/"},"modified":"2019-05-20T18:41:34","modified_gmt":"2019-05-20T18:41:34","slug":"ya-tenemos-las-bases-disponibles-para-los-congresos-provinciales","status":"publish","type":"post","link":"https:\/\/dev.explora.cl\/biobio\/ya-tenemos-las-bases-disponibles-para-los-congresos-provinciales\/","title":{"rendered":"Ya tenemos las bases disponibles para los Congresos Provinciales"},"content":{"rendered":"<p><img loading=\"lazy\" decoding=\"async\" class=\" size-full wp-image-4250\" src=\"http:\/\/ec2-34-218-253-251.us-west-2.compute.amazonaws.com\/wp-content\/uploads\/2014\/07\/5e6a0457f5e520c811772db7d17e2893.jpg\" alt=\"\" width=\"1014\" height=\"753\" \/><\/p>\n<div style=\"text-align: justify\">El Proyecto Asociativo Regional EXPLORA CONICYT Biob\u00edo abri\u00f3 su convocatoria para participar de los VI Congresos Provinciales Escolares de Ciencia y Tecnolog\u00eda. Las Categor\u00edas ser\u00e1n \u00a0de (a) Investigaci\u00f3n en todas las \u00e1reas de las Ciencias, ya sean naturales, sociales, m\u00e9dicas y de la salud, agr\u00edcolas, humanas y de la comunicaci\u00f3n o (b) Desarrollo en las \u00e1reas de Ingenier\u00eda y Tecnolog\u00eda.<\/div>\n<div style=\"text-align: justify\">\u00a0<\/div>\n<div style=\"text-align: justify\">El a\u00f1o pasado fueron 78 los trabajos que se recibieron, de \u00a057 establecimientos educacionales, y pertenecientes a 19 comunas de la Regi\u00f3n. Adicionalmente, se integraron los equipos destacados del Congreso Regional de Astronom\u00eda.<\/div>\n<div style=\"text-align: justify\">\u00a0<\/div>\n<div style=\"text-align: justify\">Para este a\u00f1o, se seleccionar\u00e1n a 8 proyectos de investigaci\u00f3n destacados por cada provincia para pasar al Congreso Regional que se desarrollar\u00e1 los d\u00edas 23 y 24 de octubre en el Centro Interactivo de Ciencias, Artes y Tecnolog\u00edas, CiCAT.\u00a0<\/div>\n<div style=\"text-align: justify\">\u00a0<\/div>\n<div style=\"text-align: justify\">En cada ocasi\u00f3n, un Comit\u00e9 Cient\u00edfico Evaluador, compuesto por acad\u00e9micos\/as de universidades de la zona, calificar\u00e1 los trabajos y seleccionar\u00e1 a los representantes para el Congreso Nacional.<\/div>\n<div style=\"text-align: justify\">\u00a0<\/div>\n<div style=\"text-align: justify\">Descarga todo lo que necesitas saber <strong><span style=\"color: #333399\"><a href=\"http:\/\/ec2-34-218-253-251.us-west-2.compute.amazonaws.com\/wp-content\/uploads\/2014\/07\/Congresos.rar\"><span style=\"color: #333399\">aqu\u00ed<\/span><\/a><\/span><\/strong><\/div>\n","protected":false},"excerpt":{"rendered":"<p>El Proyecto Asociativo Regional EXPLORA CONICYT Biob\u00edo abri\u00f3 su convocatoria para participar de los VI Congresos Provinciales Escolares de Ciencia y Tecnolog\u00eda. Las Categor\u00edas ser\u00e1n \u00a0de (a) Investigaci\u00f3n en todas las \u00e1reas de las Ciencias, ya sean naturales, sociales, m\u00e9dicas y de la salud, agr\u00edcolas, humanas y de la comunicaci\u00f3n o (b) Desarrollo en las [&hellip;]<\/p>\n","protected":false},"author":2,"featured_media":33777,"comment_status":"open","ping_status":"open","sticky":false,"template":"","format":"standard","meta":{"_acf_changed":false,"_exactmetrics_skip_tracking":false,"_exactmetrics_sitenote_active":false,"_exactmetrics_sitenote_note":"","_exactmetrics_sitenote_category":0,"footnotes":"","_links_to":"","_links_to_target":""},"categories":[4],"tags":[],"class_list":["post-37539","post","type-post","status-publish","format-standard","has-post-thumbnail","hentry","category-noticias"],"acf":[],"yoast_head":"<!-- This site is optimized with the Yoast SEO plugin v26.7 - https:\/\/yoast.com\/wordpress\/plugins\/seo\/ -->\n<title>Ya tenemos las bases disponibles para los Congresos Provinciales - Biob\u00edo<\/title>\n<meta name=\"robots\" content=\"index, follow, max-snippet:-1, max-image-preview:large, max-video-preview:-1\" \/>\n<link rel=\"canonical\" href=\"https:\/\/dev.explora.cl\/biobio\/ya-tenemos-las-bases-disponibles-para-los-congresos-provinciales\/\" class=\"yoast-seo-meta-tag\" \/>\n<meta property=\"og:locale\" content=\"es_ES\" class=\"yoast-seo-meta-tag\" \/>\n<meta property=\"og:type\" content=\"article\" class=\"yoast-seo-meta-tag\" \/>\n<meta property=\"og:title\" content=\"Ya tenemos las bases disponibles para los Congresos Provinciales - Biob\u00edo\" class=\"yoast-seo-meta-tag\" \/>\n<meta property=\"og:description\" content=\"El Proyecto Asociativo Regional EXPLORA CONICYT Biob\u00edo abri\u00f3 su convocatoria para participar de los VI Congresos Provinciales Escolares de Ciencia y Tecnolog\u00eda. Las Categor\u00edas ser\u00e1n \u00a0de (a) Investigaci\u00f3n en todas las \u00e1reas de las Ciencias, ya sean naturales, sociales, m\u00e9dicas y de la salud, agr\u00edcolas, humanas y de la comunicaci\u00f3n o (b) Desarrollo en las [&hellip;]\" class=\"yoast-seo-meta-tag\" \/>\n<meta property=\"og:url\" content=\"https:\/\/dev.explora.cl\/biobio\/ya-tenemos-las-bases-disponibles-para-los-congresos-provinciales\/\" class=\"yoast-seo-meta-tag\" \/>\n<meta property=\"og:site_name\" content=\"Biob\u00edo\" class=\"yoast-seo-meta-tag\" \/>\n<meta property=\"article:published_time\" content=\"2014-07-30T04:00:00+00:00\" class=\"yoast-seo-meta-tag\" \/>\n<meta property=\"article:modified_time\" content=\"2019-05-20T18:41:34+00:00\" class=\"yoast-seo-meta-tag\" \/>\n<meta property=\"og:image\" content=\"https:\/\/dev.explora.cl\/biobio\/wp-content\/uploads\/sites\/14\/2018\/06\/5e6a0457f5e520c811772db7d17e2893.jpg\" class=\"yoast-seo-meta-tag\" \/>\n\t<meta property=\"og:image:width\" content=\"1014\" class=\"yoast-seo-meta-tag\" \/>\n\t<meta property=\"og:image:height\" content=\"753\" class=\"yoast-seo-meta-tag\" \/>\n\t<meta property=\"og:image:type\" content=\"image\/jpeg\" class=\"yoast-seo-meta-tag\" \/>\n<meta name=\"author\" content=\"webman\" class=\"yoast-seo-meta-tag\" \/>\n<meta name=\"twitter:card\" content=\"summary_large_image\" class=\"yoast-seo-meta-tag\" \/>\n<meta name=\"twitter:label1\" content=\"Escrito por\" class=\"yoast-seo-meta-tag\" \/>\n\t<meta name=\"twitter:data1\" content=\"webman\" class=\"yoast-seo-meta-tag\" \/>\n\t<meta name=\"twitter:label2\" content=\"Tiempo estimado de lectura\" class=\"yoast-seo-meta-tag\" \/>\n\t<meta name=\"twitter:data2\" content=\"1 minuto\" class=\"yoast-seo-meta-tag\" \/>\n<script type=\"application\/ld+json\" class=\"yoast-schema-graph\">{\"@context\":\"https:\/\/schema.org\",\"@graph\":[{\"@type\":\"Article\",\"@id\":\"https:\/\/dev.explora.cl\/biobio\/ya-tenemos-las-bases-disponibles-para-los-congresos-provinciales\/#article\",\"isPartOf\":{\"@id\":\"https:\/\/dev.explora.cl\/biobio\/ya-tenemos-las-bases-disponibles-para-los-congresos-provinciales\/\"},\"author\":{\"name\":\"webman\",\"@id\":\"https:\/\/dev.explora.cl\/biobio\/#\/schema\/person\/cb8349c13ea2d324080adf8480d7ba5d\"},\"headline\":\"Ya tenemos las bases disponibles para los Congresos Provinciales\",\"datePublished\":\"2014-07-30T04:00:00+00:00\",\"dateModified\":\"2019-05-20T18:41:34+00:00\",\"mainEntityOfPage\":{\"@id\":\"https:\/\/dev.explora.cl\/biobio\/ya-tenemos-las-bases-disponibles-para-los-congresos-provinciales\/\"},\"wordCount\":191,\"commentCount\":0,\"image\":{\"@id\":\"https:\/\/dev.explora.cl\/biobio\/ya-tenemos-las-bases-disponibles-para-los-congresos-provinciales\/#primaryimage\"},\"thumbnailUrl\":\"https:\/\/dev.explora.cl\/biobio\/wp-content\/uploads\/sites\/14\/2018\/06\/5e6a0457f5e520c811772db7d17e2893.jpg\",\"articleSection\":[\"Noticias\"],\"inLanguage\":\"es-CL\",\"potentialAction\":[{\"@type\":\"CommentAction\",\"name\":\"Comment\",\"target\":[\"https:\/\/dev.explora.cl\/biobio\/ya-tenemos-las-bases-disponibles-para-los-congresos-provinciales\/#respond\"]}]},{\"@type\":\"WebPage\",\"@id\":\"https:\/\/dev.explora.cl\/biobio\/ya-tenemos-las-bases-disponibles-para-los-congresos-provinciales\/\",\"url\":\"https:\/\/dev.explora.cl\/biobio\/ya-tenemos-las-bases-disponibles-para-los-congresos-provinciales\/\",\"name\":\"Ya tenemos las bases disponibles para los Congresos Provinciales - Biob\u00edo\",\"isPartOf\":{\"@id\":\"https:\/\/dev.explora.cl\/biobio\/#website\"},\"primaryImageOfPage\":{\"@id\":\"https:\/\/dev.explora.cl\/biobio\/ya-tenemos-las-bases-disponibles-para-los-congresos-provinciales\/#primaryimage\"},\"image\":{\"@id\":\"https:\/\/dev.explora.cl\/biobio\/ya-tenemos-las-bases-disponibles-para-los-congresos-provinciales\/#primaryimage\"},\"thumbnailUrl\":\"https:\/\/dev.explora.cl\/biobio\/wp-content\/uploads\/sites\/14\/2018\/06\/5e6a0457f5e520c811772db7d17e2893.jpg\",\"datePublished\":\"2014-07-30T04:00:00+00:00\",\"dateModified\":\"2019-05-20T18:41:34+00:00\",\"author\":{\"@id\":\"https:\/\/dev.explora.cl\/biobio\/#\/schema\/person\/cb8349c13ea2d324080adf8480d7ba5d\"},\"breadcrumb\":{\"@id\":\"https:\/\/dev.explora.cl\/biobio\/ya-tenemos-las-bases-disponibles-para-los-congresos-provinciales\/#breadcrumb\"},\"inLanguage\":\"es-CL\",\"potentialAction\":[{\"@type\":\"ReadAction\",\"target\":[\"https:\/\/dev.explora.cl\/biobio\/ya-tenemos-las-bases-disponibles-para-los-congresos-provinciales\/\"]}]},{\"@type\":\"ImageObject\",\"inLanguage\":\"es-CL\",\"@id\":\"https:\/\/dev.explora.cl\/biobio\/ya-tenemos-las-bases-disponibles-para-los-congresos-provinciales\/#primaryimage\",\"url\":\"https:\/\/dev.explora.cl\/biobio\/wp-content\/uploads\/sites\/14\/2018\/06\/5e6a0457f5e520c811772db7d17e2893.jpg\",\"contentUrl\":\"https:\/\/dev.explora.cl\/biobio\/wp-content\/uploads\/sites\/14\/2018\/06\/5e6a0457f5e520c811772db7d17e2893.jpg\",\"width\":1014,\"height\":753},{\"@type\":\"BreadcrumbList\",\"@id\":\"https:\/\/dev.explora.cl\/biobio\/ya-tenemos-las-bases-disponibles-para-los-congresos-provinciales\/#breadcrumb\",\"itemListElement\":[{\"@type\":\"ListItem\",\"position\":1,\"name\":\"Portada\",\"item\":\"https:\/\/dev.explora.cl\/biobio\/\"},{\"@type\":\"ListItem\",\"position\":2,\"name\":\"Ya tenemos las bases disponibles para los Congresos Provinciales\"}]},{\"@type\":\"WebSite\",\"@id\":\"https:\/\/dev.explora.cl\/biobio\/#website\",\"url\":\"https:\/\/dev.explora.cl\/biobio\/\",\"name\":\"Biob\u00edo\",\"description\":\"Otro sitio m\u00e1s de dev.explora.cl\",\"potentialAction\":[{\"@type\":\"SearchAction\",\"target\":{\"@type\":\"EntryPoint\",\"urlTemplate\":\"https:\/\/dev.explora.cl\/biobio\/?s={search_term_string}\"},\"query-input\":{\"@type\":\"PropertyValueSpecification\",\"valueRequired\":true,\"valueName\":\"search_term_string\"}}],\"inLanguage\":\"es-CL\"},{\"@type\":\"Person\",\"@id\":\"https:\/\/dev.explora.cl\/biobio\/#\/schema\/person\/cb8349c13ea2d324080adf8480d7ba5d\",\"name\":\"webman\",\"image\":{\"@type\":\"ImageObject\",\"inLanguage\":\"es-CL\",\"@id\":\"https:\/\/dev.explora.cl\/biobio\/#\/schema\/person\/image\/\",\"url\":\"https:\/\/secure.gravatar.com\/avatar\/eeff3c82f2c02f7177d13663b7e6f890e9a6a0647ce9bb29cae02dcb094c7312?s=96&d=mm&r=g\",\"contentUrl\":\"https:\/\/secure.gravatar.com\/avatar\/eeff3c82f2c02f7177d13663b7e6f890e9a6a0647ce9bb29cae02dcb094c7312?s=96&d=mm&r=g\",\"caption\":\"webman\"},\"url\":\"https:\/\/dev.explora.cl\/biobio\/author\/webman\/\"}]}<\/script>\n<!-- \/ Yoast SEO plugin. -->","yoast_head_json":{"title":"Ya tenemos las bases disponibles para los Congresos Provinciales - Biob\u00edo","robots":{"index":"index","follow":"follow","max-snippet":"max-snippet:-1","max-image-preview":"max-image-preview:large","max-video-preview":"max-video-preview:-1"},"canonical":"https:\/\/dev.explora.cl\/biobio\/ya-tenemos-las-bases-disponibles-para-los-congresos-provinciales\/","og_locale":"es_ES","og_type":"article","og_title":"Ya tenemos las bases disponibles para los Congresos Provinciales - Biob\u00edo","og_description":"El Proyecto Asociativo Regional EXPLORA CONICYT Biob\u00edo abri\u00f3 su convocatoria para participar de los VI Congresos Provinciales Escolares de Ciencia y Tecnolog\u00eda. Las Categor\u00edas ser\u00e1n \u00a0de (a) Investigaci\u00f3n en todas las \u00e1reas de las Ciencias, ya sean naturales, sociales, m\u00e9dicas y de la salud, agr\u00edcolas, humanas y de la comunicaci\u00f3n o (b) Desarrollo en las [&hellip;]","og_url":"https:\/\/dev.explora.cl\/biobio\/ya-tenemos-las-bases-disponibles-para-los-congresos-provinciales\/","og_site_name":"Biob\u00edo","article_published_time":"2014-07-30T04:00:00+00:00","article_modified_time":"2019-05-20T18:41:34+00:00","og_image":[{"width":1014,"height":753,"url":"https:\/\/dev.explora.cl\/biobio\/wp-content\/uploads\/sites\/14\/2018\/06\/5e6a0457f5e520c811772db7d17e2893.jpg","type":"image\/jpeg"}],"author":"webman","twitter_card":"summary_large_image","twitter_misc":{"Escrito por":"webman","Tiempo estimado de lectura":"1 minuto"},"schema":{"@context":"https:\/\/schema.org","@graph":[{"@type":"Article","@id":"https:\/\/dev.explora.cl\/biobio\/ya-tenemos-las-bases-disponibles-para-los-congresos-provinciales\/#article","isPartOf":{"@id":"https:\/\/dev.explora.cl\/biobio\/ya-tenemos-las-bases-disponibles-para-los-congresos-provinciales\/"},"author":{"name":"webman","@id":"https:\/\/dev.explora.cl\/biobio\/#\/schema\/person\/cb8349c13ea2d324080adf8480d7ba5d"},"headline":"Ya tenemos las bases disponibles para los Congresos Provinciales","datePublished":"2014-07-30T04:00:00+00:00","dateModified":"2019-05-20T18:41:34+00:00","mainEntityOfPage":{"@id":"https:\/\/dev.explora.cl\/biobio\/ya-tenemos-las-bases-disponibles-para-los-congresos-provinciales\/"},"wordCount":191,"commentCount":0,"image":{"@id":"https:\/\/dev.explora.cl\/biobio\/ya-tenemos-las-bases-disponibles-para-los-congresos-provinciales\/#primaryimage"},"thumbnailUrl":"https:\/\/dev.explora.cl\/biobio\/wp-content\/uploads\/sites\/14\/2018\/06\/5e6a0457f5e520c811772db7d17e2893.jpg","articleSection":["Noticias"],"inLanguage":"es-CL","potentialAction":[{"@type":"CommentAction","name":"Comment","target":["https:\/\/dev.explora.cl\/biobio\/ya-tenemos-las-bases-disponibles-para-los-congresos-provinciales\/#respond"]}]},{"@type":"WebPage","@id":"https:\/\/dev.explora.cl\/biobio\/ya-tenemos-las-bases-disponibles-para-los-congresos-provinciales\/","url":"https:\/\/dev.explora.cl\/biobio\/ya-tenemos-las-bases-disponibles-para-los-congresos-provinciales\/","name":"Ya tenemos las bases disponibles para los Congresos Provinciales - Biob\u00edo","isPartOf":{"@id":"https:\/\/dev.explora.cl\/biobio\/#website"},"primaryImageOfPage":{"@id":"https:\/\/dev.explora.cl\/biobio\/ya-tenemos-las-bases-disponibles-para-los-congresos-provinciales\/#primaryimage"},"image":{"@id":"https:\/\/dev.explora.cl\/biobio\/ya-tenemos-las-bases-disponibles-para-los-congresos-provinciales\/#primaryimage"},"thumbnailUrl":"https:\/\/dev.explora.cl\/biobio\/wp-content\/uploads\/sites\/14\/2018\/06\/5e6a0457f5e520c811772db7d17e2893.jpg","datePublished":"2014-07-30T04:00:00+00:00","dateModified":"2019-05-20T18:41:34+00:00","author":{"@id":"https:\/\/dev.explora.cl\/biobio\/#\/schema\/person\/cb8349c13ea2d324080adf8480d7ba5d"},"breadcrumb":{"@id":"https:\/\/dev.explora.cl\/biobio\/ya-tenemos-las-bases-disponibles-para-los-congresos-provinciales\/#breadcrumb"},"inLanguage":"es-CL","potentialAction":[{"@type":"ReadAction","target":["https:\/\/dev.explora.cl\/biobio\/ya-tenemos-las-bases-disponibles-para-los-congresos-provinciales\/"]}]},{"@type":"ImageObject","inLanguage":"es-CL","@id":"https:\/\/dev.explora.cl\/biobio\/ya-tenemos-las-bases-disponibles-para-los-congresos-provinciales\/#primaryimage","url":"https:\/\/dev.explora.cl\/biobio\/wp-content\/uploads\/sites\/14\/2018\/06\/5e6a0457f5e520c811772db7d17e2893.jpg","contentUrl":"https:\/\/dev.explora.cl\/biobio\/wp-content\/uploads\/sites\/14\/2018\/06\/5e6a0457f5e520c811772db7d17e2893.jpg","width":1014,"height":753},{"@type":"BreadcrumbList","@id":"https:\/\/dev.explora.cl\/biobio\/ya-tenemos-las-bases-disponibles-para-los-congresos-provinciales\/#breadcrumb","itemListElement":[{"@type":"ListItem","position":1,"name":"Portada","item":"https:\/\/dev.explora.cl\/biobio\/"},{"@type":"ListItem","position":2,"name":"Ya tenemos las bases disponibles para los Congresos Provinciales"}]},{"@type":"WebSite","@id":"https:\/\/dev.explora.cl\/biobio\/#website","url":"https:\/\/dev.explora.cl\/biobio\/","name":"Biob\u00edo","description":"Otro sitio m\u00e1s de dev.explora.cl","potentialAction":[{"@type":"SearchAction","target":{"@type":"EntryPoint","urlTemplate":"https:\/\/dev.explora.cl\/biobio\/?s={search_term_string}"},"query-input":{"@type":"PropertyValueSpecification","valueRequired":true,"valueName":"search_term_string"}}],"inLanguage":"es-CL"},{"@type":"Person","@id":"https:\/\/dev.explora.cl\/biobio\/#\/schema\/person\/cb8349c13ea2d324080adf8480d7ba5d","name":"webman","image":{"@type":"ImageObject","inLanguage":"es-CL","@id":"https:\/\/dev.explora.cl\/biobio\/#\/schema\/person\/image\/","url":"https:\/\/secure.gravatar.com\/avatar\/eeff3c82f2c02f7177d13663b7e6f890e9a6a0647ce9bb29cae02dcb094c7312?s=96&d=mm&r=g","contentUrl":"https:\/\/secure.gravatar.com\/avatar\/eeff3c82f2c02f7177d13663b7e6f890e9a6a0647ce9bb29cae02dcb094c7312?s=96&d=mm&r=g","caption":"webman"},"url":"https:\/\/dev.explora.cl\/biobio\/author\/webman\/"}]}},"_links":{"self":[{"href":"https:\/\/dev.explora.cl\/biobio\/wp-json\/wp\/v2\/posts\/37539","targetHints":{"allow":["GET"]}}],"collection":[{"href":"https:\/\/dev.explora.cl\/biobio\/wp-json\/wp\/v2\/posts"}],"about":[{"href":"https:\/\/dev.explora.cl\/biobio\/wp-json\/wp\/v2\/types\/post"}],"author":[{"embeddable":true,"href":"https:\/\/dev.explora.cl\/biobio\/wp-json\/wp\/v2\/users\/2"}],"replies":[{"embeddable":true,"href":"https:\/\/dev.explora.cl\/biobio\/wp-json\/wp\/v2\/comments?post=37539"}],"version-history":[{"count":1,"href":"https:\/\/dev.explora.cl\/biobio\/wp-json\/wp\/v2\/posts\/37539\/revisions"}],"predecessor-version":[{"id":38093,"href":"https:\/\/dev.explora.cl\/biobio\/wp-json\/wp\/v2\/posts\/37539\/revisions\/38093"}],"wp:featuredmedia":[{"embeddable":true,"href":"https:\/\/dev.explora.cl\/biobio\/wp-json\/wp\/v2\/media\/33777"}],"wp:attachment":[{"href":"https:\/\/dev.explora.cl\/biobio\/wp-json\/wp\/v2\/media?parent=37539"}],"wp:term":[{"taxonomy":"category","embeddable":true,"href":"https:\/\/dev.explora.cl\/biobio\/wp-json\/wp\/v2\/categories?post=37539"},{"taxonomy":"post_tag","embeddable":true,"href":"https:\/\/dev.explora.cl\/biobio\/wp-json\/wp\/v2\/tags?post=37539"}],"curies":[{"name":"wp","href":"https:\/\/api.w.org\/{rel}","templated":true}]}}