{"id":37536,"date":"2014-06-17T00:00:00","date_gmt":"2014-06-17T04:00:00","guid":{"rendered":"https:\/\/dev.explora.cl\/biobio\/blog\/2014\/06\/17\/cafe-cientifico-aborto-terapeutico-una-mirada-social\/"},"modified":"2019-05-20T18:41:39","modified_gmt":"2019-05-20T18:41:39","slug":"cafe-cientifico-aborto-terapeutico-una-mirada-social","status":"publish","type":"post","link":"https:\/\/dev.explora.cl\/biobio\/cafe-cientifico-aborto-terapeutico-una-mirada-social\/","title":{"rendered":"Caf\u00e9 Cient\u00edfico:  &quot;Aborto Terap\u00e9utico, una mirada social&quot;"},"content":{"rendered":"<p><img loading=\"lazy\" decoding=\"async\" class=\" size-full wp-image-3246\" src=\"http:\/\/ec2-34-218-253-251.us-west-2.compute.amazonaws.com\/wp-content\/uploads\/2014\/06\/6ce8174e82984e94a7a98889b7c17e32.jpg\" alt=\"\" width=\"320\" height=\"215\" \/><\/p>\n<div>El Centro de Biotecnolog\u00eda de la Universidad de Concepci\u00f3n, EXPLORA Biob\u00edo y la Direcci\u00f3n de Extensi\u00f3n UdeC, con apoyo de la Corporaci\u00f3n Social y Cultural de Concepci\u00f3n SEMCO, invitan al Caf\u00e9 Cient\u00edfico \u201cAborto terap\u00e9utico: una mirada cient\u00edfica y social\u201d. El evento, se llevar\u00e1 a cabo este jueves 19:00 hrs. a las 7pm en la Biblioteca Municipal de Concepci\u00f3n, ubicada en V\u00edctor Lamas esquina Caupolic\u00e1n.<span style=\"line-height: 1.3em\">\u00a0<\/span><\/div>\n<div>Este caf\u00e9, donde la tem\u00e1tica central fue elegida mediante votaci\u00f3n abierta a trav\u00e9s del sitio web y redes sociales, contar\u00e1 con la participaci\u00f3n de Valentina Medel, Soci\u00f3loga y Directora Regional del SERNAM Biob\u00edo, y el Dr. Fernando Heredia, profesor asociado de Bio\u00e9tica de la Facultad de Medicina de la Universidad de Concepci\u00f3n y Consejero General del Colegio M\u00e9dico de Chile.\u00a0<\/div>\n<div>\u00a0<\/div>\n<div>Desde 1931 el aborto terap\u00e9utico fue legal en nuestro pa\u00eds, al que acced\u00edan en el servicio p\u00fablico y que les permit\u00eda contar con medidas b\u00e1sicas de cuidado. Sin embargo, en 1989, en una de las \u00faltimas medidas del r\u00e9gimen militar, el ex almirante Jos\u00e9 Toribio Merino introdujo un proyecto para sustituir el art\u00edculo 119 del C\u00f3digo Sanitario, impidiendo de esa forma el aborto legal de cualquier tipo, incluido el terap\u00e9utico.<\/div>\n<div>\u00a0<\/div>\n<div>A partir de ese entonces, cualquier forma de aborto ha estado penalizada en nuestro pa\u00eds, situaci\u00f3n que nos mantiene como uno de los m\u00e1s restrictivos a nivel mundial en esta materia. En cambio, en casi todos los pa\u00edses desarrollados, los abortos terap\u00e9uticos \u2013y otros inclusive-, son una opci\u00f3n real para la mayor parte de las mujeres, las que acceden f\u00e1cilmente a los servicios de salud requeridos para una intervenci\u00f3n de esta naturaleza.<\/div>\n<div>\u00a0<\/div>\n<div>En su primera cuenta p\u00fablica, la Presidenta Michelle Bachelet anunci\u00f3 su propuesta de avanzar hacia la despenalizaci\u00f3n del aborto bajo 3 causales: violaci\u00f3n, inviabilidad del feto y riesgo de la madre. El debate p\u00fablico no se hizo esperar y las posturas a favor y en contra se han hecho notar en diversos medios de comunicaci\u00f3n y foros p\u00fablicos.<\/div>\n<div>\u00a0<\/div>\n<div>\u00bfSi m\u00e1s de 30 mil abortos (en cifras oficiales) son practicados en Chile al a\u00f1o, por qu\u00e9 existe una legislaci\u00f3n que esconde una pr\u00e1ctica que se ha transformado en un problema de salud p\u00fablica? \u00bfQu\u00e9 consecuencias tendr\u00e1 para el sistema de salud y la poblaci\u00f3n despenalizar el aborto bajo las causales mencionadas? \u00bfSe toma en cuenta la evidencia al momento de hablar de aborto? \u00bfQu\u00e9 consideraciones \u00e9ticas y val\u00f3ricas est\u00e1n en juego?<\/div>\n<div>\u00a0<\/div>\n<div>Un debate con altura sobre la libertad, la ciencia, los valores y la vida, en el Caf\u00e9 Cient\u00edfico de siempre. \u00a1Los esperamos!<\/p>\n<p> <\/p>\n<div>Transmisi\u00f3n en vivo desde\u00a0<a href=\"http:\/\/www.cafecientifico.cl\/\" target=\"_blank\" rel=\"noopener noreferrer\">www.cafecientifico.cl<\/a>\u00a0gracias a ViaStream.<\/div>\n<div>Twitter:\u00a0<a href=\"https:\/\/twitter.com\/Cafe_Cientifico\" target=\"_blank\" rel=\"noopener noreferrer\">@Cafe_Cientifico<\/a>\u00a0#cafecientifico<\/div>\n<div>Facebook:\u00a0<a href=\"http:\/\/www.facebook.com\/CafesCientificosConce\" target=\"_blank\" rel=\"noopener noreferrer\">http:\/\/www.facebook.com\/CafesCientificosConce<\/a><\/div>\n<\/p><\/div>\n","protected":false},"excerpt":{"rendered":"<p>El Centro de Biotecnolog\u00eda de la Universidad de Concepci\u00f3n, EXPLORA Biob\u00edo y la Direcci\u00f3n de Extensi\u00f3n UdeC, con apoyo de la Corporaci\u00f3n Social y Cultural de Concepci\u00f3n SEMCO, invitan al Caf\u00e9 Cient\u00edfico \u201cAborto terap\u00e9utico: una mirada cient\u00edfica y social\u201d. El evento, se llevar\u00e1 a cabo este jueves 19:00 hrs. a las 7pm en la Biblioteca [&hellip;]<\/p>\n","protected":false},"author":2,"featured_media":33775,"comment_status":"open","ping_status":"open","sticky":false,"template":"","format":"standard","meta":{"_acf_changed":false,"_exactmetrics_skip_tracking":false,"_exactmetrics_sitenote_active":false,"_exactmetrics_sitenote_note":"","_exactmetrics_sitenote_category":0,"footnotes":"","_links_to":"","_links_to_target":""},"categories":[4],"tags":[],"class_list":["post-37536","post","type-post","status-publish","format-standard","has-post-thumbnail","hentry","category-noticias"],"acf":[],"yoast_head":"<!-- This site is optimized with the Yoast SEO plugin v26.7 - https:\/\/yoast.com\/wordpress\/plugins\/seo\/ -->\n<title>Caf\u00e9 Cient\u00edfico: &quot;Aborto Terap\u00e9utico, una mirada social&quot; - Biob\u00edo<\/title>\n<meta name=\"robots\" content=\"index, follow, max-snippet:-1, max-image-preview:large, max-video-preview:-1\" \/>\n<link rel=\"canonical\" href=\"https:\/\/dev.explora.cl\/biobio\/cafe-cientifico-aborto-terapeutico-una-mirada-social\/\" class=\"yoast-seo-meta-tag\" \/>\n<meta property=\"og:locale\" content=\"es_ES\" class=\"yoast-seo-meta-tag\" \/>\n<meta property=\"og:type\" content=\"article\" class=\"yoast-seo-meta-tag\" \/>\n<meta property=\"og:title\" content=\"Caf\u00e9 Cient\u00edfico: &quot;Aborto Terap\u00e9utico, una mirada social&quot; - Biob\u00edo\" class=\"yoast-seo-meta-tag\" \/>\n<meta property=\"og:description\" content=\"El Centro de Biotecnolog\u00eda de la Universidad de Concepci\u00f3n, EXPLORA Biob\u00edo y la Direcci\u00f3n de Extensi\u00f3n UdeC, con apoyo de la Corporaci\u00f3n Social y Cultural de Concepci\u00f3n SEMCO, invitan al Caf\u00e9 Cient\u00edfico \u201cAborto terap\u00e9utico: una mirada cient\u00edfica y social\u201d. El evento, se llevar\u00e1 a cabo este jueves 19:00 hrs. a las 7pm en la Biblioteca [&hellip;]\" class=\"yoast-seo-meta-tag\" \/>\n<meta property=\"og:url\" content=\"https:\/\/dev.explora.cl\/biobio\/cafe-cientifico-aborto-terapeutico-una-mirada-social\/\" class=\"yoast-seo-meta-tag\" \/>\n<meta property=\"og:site_name\" content=\"Biob\u00edo\" class=\"yoast-seo-meta-tag\" \/>\n<meta property=\"article:published_time\" content=\"2014-06-17T04:00:00+00:00\" class=\"yoast-seo-meta-tag\" \/>\n<meta property=\"article:modified_time\" content=\"2019-05-20T18:41:39+00:00\" class=\"yoast-seo-meta-tag\" \/>\n<meta property=\"og:image\" content=\"https:\/\/dev.explora.cl\/biobio\/wp-content\/uploads\/sites\/14\/2018\/06\/6ce8174e82984e94a7a98889b7c17e32.jpg\" class=\"yoast-seo-meta-tag\" \/>\n\t<meta property=\"og:image:width\" content=\"320\" class=\"yoast-seo-meta-tag\" \/>\n\t<meta property=\"og:image:height\" content=\"215\" class=\"yoast-seo-meta-tag\" \/>\n\t<meta property=\"og:image:type\" content=\"image\/jpeg\" class=\"yoast-seo-meta-tag\" \/>\n<meta name=\"author\" content=\"webman\" class=\"yoast-seo-meta-tag\" \/>\n<meta name=\"twitter:card\" content=\"summary_large_image\" class=\"yoast-seo-meta-tag\" \/>\n<meta name=\"twitter:label1\" content=\"Escrito por\" class=\"yoast-seo-meta-tag\" \/>\n\t<meta name=\"twitter:data1\" content=\"webman\" class=\"yoast-seo-meta-tag\" \/>\n\t<meta name=\"twitter:label2\" content=\"Tiempo estimado de lectura\" class=\"yoast-seo-meta-tag\" \/>\n\t<meta name=\"twitter:data2\" content=\"2 minutos\" class=\"yoast-seo-meta-tag\" \/>\n<script type=\"application\/ld+json\" class=\"yoast-schema-graph\">{\"@context\":\"https:\/\/schema.org\",\"@graph\":[{\"@type\":\"Article\",\"@id\":\"https:\/\/dev.explora.cl\/biobio\/cafe-cientifico-aborto-terapeutico-una-mirada-social\/#article\",\"isPartOf\":{\"@id\":\"https:\/\/dev.explora.cl\/biobio\/cafe-cientifico-aborto-terapeutico-una-mirada-social\/\"},\"author\":{\"name\":\"webman\",\"@id\":\"https:\/\/dev.explora.cl\/biobio\/#\/schema\/person\/cb8349c13ea2d324080adf8480d7ba5d\"},\"headline\":\"Caf\u00e9 Cient\u00edfico: &quot;Aborto Terap\u00e9utico, una mirada social&quot;\",\"datePublished\":\"2014-06-17T04:00:00+00:00\",\"dateModified\":\"2019-05-20T18:41:39+00:00\",\"mainEntityOfPage\":{\"@id\":\"https:\/\/dev.explora.cl\/biobio\/cafe-cientifico-aborto-terapeutico-una-mirada-social\/\"},\"wordCount\":499,\"commentCount\":0,\"image\":{\"@id\":\"https:\/\/dev.explora.cl\/biobio\/cafe-cientifico-aborto-terapeutico-una-mirada-social\/#primaryimage\"},\"thumbnailUrl\":\"https:\/\/dev.explora.cl\/biobio\/wp-content\/uploads\/sites\/14\/2018\/06\/6ce8174e82984e94a7a98889b7c17e32.jpg\",\"articleSection\":[\"Noticias\"],\"inLanguage\":\"es-CL\",\"potentialAction\":[{\"@type\":\"CommentAction\",\"name\":\"Comment\",\"target\":[\"https:\/\/dev.explora.cl\/biobio\/cafe-cientifico-aborto-terapeutico-una-mirada-social\/#respond\"]}]},{\"@type\":\"WebPage\",\"@id\":\"https:\/\/dev.explora.cl\/biobio\/cafe-cientifico-aborto-terapeutico-una-mirada-social\/\",\"url\":\"https:\/\/dev.explora.cl\/biobio\/cafe-cientifico-aborto-terapeutico-una-mirada-social\/\",\"name\":\"Caf\u00e9 Cient\u00edfico: &quot;Aborto Terap\u00e9utico, una mirada social&quot; - Biob\u00edo\",\"isPartOf\":{\"@id\":\"https:\/\/dev.explora.cl\/biobio\/#website\"},\"primaryImageOfPage\":{\"@id\":\"https:\/\/dev.explora.cl\/biobio\/cafe-cientifico-aborto-terapeutico-una-mirada-social\/#primaryimage\"},\"image\":{\"@id\":\"https:\/\/dev.explora.cl\/biobio\/cafe-cientifico-aborto-terapeutico-una-mirada-social\/#primaryimage\"},\"thumbnailUrl\":\"https:\/\/dev.explora.cl\/biobio\/wp-content\/uploads\/sites\/14\/2018\/06\/6ce8174e82984e94a7a98889b7c17e32.jpg\",\"datePublished\":\"2014-06-17T04:00:00+00:00\",\"dateModified\":\"2019-05-20T18:41:39+00:00\",\"author\":{\"@id\":\"https:\/\/dev.explora.cl\/biobio\/#\/schema\/person\/cb8349c13ea2d324080adf8480d7ba5d\"},\"breadcrumb\":{\"@id\":\"https:\/\/dev.explora.cl\/biobio\/cafe-cientifico-aborto-terapeutico-una-mirada-social\/#breadcrumb\"},\"inLanguage\":\"es-CL\",\"potentialAction\":[{\"@type\":\"ReadAction\",\"target\":[\"https:\/\/dev.explora.cl\/biobio\/cafe-cientifico-aborto-terapeutico-una-mirada-social\/\"]}]},{\"@type\":\"ImageObject\",\"inLanguage\":\"es-CL\",\"@id\":\"https:\/\/dev.explora.cl\/biobio\/cafe-cientifico-aborto-terapeutico-una-mirada-social\/#primaryimage\",\"url\":\"https:\/\/dev.explora.cl\/biobio\/wp-content\/uploads\/sites\/14\/2018\/06\/6ce8174e82984e94a7a98889b7c17e32.jpg\",\"contentUrl\":\"https:\/\/dev.explora.cl\/biobio\/wp-content\/uploads\/sites\/14\/2018\/06\/6ce8174e82984e94a7a98889b7c17e32.jpg\",\"width\":320,\"height\":215},{\"@type\":\"BreadcrumbList\",\"@id\":\"https:\/\/dev.explora.cl\/biobio\/cafe-cientifico-aborto-terapeutico-una-mirada-social\/#breadcrumb\",\"itemListElement\":[{\"@type\":\"ListItem\",\"position\":1,\"name\":\"Portada\",\"item\":\"https:\/\/dev.explora.cl\/biobio\/\"},{\"@type\":\"ListItem\",\"position\":2,\"name\":\"Caf\u00e9 Cient\u00edfico: &quot;Aborto Terap\u00e9utico, una mirada social&quot;\"}]},{\"@type\":\"WebSite\",\"@id\":\"https:\/\/dev.explora.cl\/biobio\/#website\",\"url\":\"https:\/\/dev.explora.cl\/biobio\/\",\"name\":\"Biob\u00edo\",\"description\":\"Otro sitio m\u00e1s de dev.explora.cl\",\"potentialAction\":[{\"@type\":\"SearchAction\",\"target\":{\"@type\":\"EntryPoint\",\"urlTemplate\":\"https:\/\/dev.explora.cl\/biobio\/?s={search_term_string}\"},\"query-input\":{\"@type\":\"PropertyValueSpecification\",\"valueRequired\":true,\"valueName\":\"search_term_string\"}}],\"inLanguage\":\"es-CL\"},{\"@type\":\"Person\",\"@id\":\"https:\/\/dev.explora.cl\/biobio\/#\/schema\/person\/cb8349c13ea2d324080adf8480d7ba5d\",\"name\":\"webman\",\"image\":{\"@type\":\"ImageObject\",\"inLanguage\":\"es-CL\",\"@id\":\"https:\/\/dev.explora.cl\/biobio\/#\/schema\/person\/image\/\",\"url\":\"https:\/\/secure.gravatar.com\/avatar\/eeff3c82f2c02f7177d13663b7e6f890e9a6a0647ce9bb29cae02dcb094c7312?s=96&d=mm&r=g\",\"contentUrl\":\"https:\/\/secure.gravatar.com\/avatar\/eeff3c82f2c02f7177d13663b7e6f890e9a6a0647ce9bb29cae02dcb094c7312?s=96&d=mm&r=g\",\"caption\":\"webman\"},\"url\":\"https:\/\/dev.explora.cl\/biobio\/author\/webman\/\"}]}<\/script>\n<!-- \/ Yoast SEO plugin. -->","yoast_head_json":{"title":"Caf\u00e9 Cient\u00edfico: &quot;Aborto Terap\u00e9utico, una mirada social&quot; - Biob\u00edo","robots":{"index":"index","follow":"follow","max-snippet":"max-snippet:-1","max-image-preview":"max-image-preview:large","max-video-preview":"max-video-preview:-1"},"canonical":"https:\/\/dev.explora.cl\/biobio\/cafe-cientifico-aborto-terapeutico-una-mirada-social\/","og_locale":"es_ES","og_type":"article","og_title":"Caf\u00e9 Cient\u00edfico: &quot;Aborto Terap\u00e9utico, una mirada social&quot; - Biob\u00edo","og_description":"El Centro de Biotecnolog\u00eda de la Universidad de Concepci\u00f3n, EXPLORA Biob\u00edo y la Direcci\u00f3n de Extensi\u00f3n UdeC, con apoyo de la Corporaci\u00f3n Social y Cultural de Concepci\u00f3n SEMCO, invitan al Caf\u00e9 Cient\u00edfico \u201cAborto terap\u00e9utico: una mirada cient\u00edfica y social\u201d. El evento, se llevar\u00e1 a cabo este jueves 19:00 hrs. a las 7pm en la Biblioteca [&hellip;]","og_url":"https:\/\/dev.explora.cl\/biobio\/cafe-cientifico-aborto-terapeutico-una-mirada-social\/","og_site_name":"Biob\u00edo","article_published_time":"2014-06-17T04:00:00+00:00","article_modified_time":"2019-05-20T18:41:39+00:00","og_image":[{"width":320,"height":215,"url":"https:\/\/dev.explora.cl\/biobio\/wp-content\/uploads\/sites\/14\/2018\/06\/6ce8174e82984e94a7a98889b7c17e32.jpg","type":"image\/jpeg"}],"author":"webman","twitter_card":"summary_large_image","twitter_misc":{"Escrito por":"webman","Tiempo estimado de lectura":"2 minutos"},"schema":{"@context":"https:\/\/schema.org","@graph":[{"@type":"Article","@id":"https:\/\/dev.explora.cl\/biobio\/cafe-cientifico-aborto-terapeutico-una-mirada-social\/#article","isPartOf":{"@id":"https:\/\/dev.explora.cl\/biobio\/cafe-cientifico-aborto-terapeutico-una-mirada-social\/"},"author":{"name":"webman","@id":"https:\/\/dev.explora.cl\/biobio\/#\/schema\/person\/cb8349c13ea2d324080adf8480d7ba5d"},"headline":"Caf\u00e9 Cient\u00edfico: &quot;Aborto Terap\u00e9utico, una mirada social&quot;","datePublished":"2014-06-17T04:00:00+00:00","dateModified":"2019-05-20T18:41:39+00:00","mainEntityOfPage":{"@id":"https:\/\/dev.explora.cl\/biobio\/cafe-cientifico-aborto-terapeutico-una-mirada-social\/"},"wordCount":499,"commentCount":0,"image":{"@id":"https:\/\/dev.explora.cl\/biobio\/cafe-cientifico-aborto-terapeutico-una-mirada-social\/#primaryimage"},"thumbnailUrl":"https:\/\/dev.explora.cl\/biobio\/wp-content\/uploads\/sites\/14\/2018\/06\/6ce8174e82984e94a7a98889b7c17e32.jpg","articleSection":["Noticias"],"inLanguage":"es-CL","potentialAction":[{"@type":"CommentAction","name":"Comment","target":["https:\/\/dev.explora.cl\/biobio\/cafe-cientifico-aborto-terapeutico-una-mirada-social\/#respond"]}]},{"@type":"WebPage","@id":"https:\/\/dev.explora.cl\/biobio\/cafe-cientifico-aborto-terapeutico-una-mirada-social\/","url":"https:\/\/dev.explora.cl\/biobio\/cafe-cientifico-aborto-terapeutico-una-mirada-social\/","name":"Caf\u00e9 Cient\u00edfico: &quot;Aborto Terap\u00e9utico, una mirada social&quot; - Biob\u00edo","isPartOf":{"@id":"https:\/\/dev.explora.cl\/biobio\/#website"},"primaryImageOfPage":{"@id":"https:\/\/dev.explora.cl\/biobio\/cafe-cientifico-aborto-terapeutico-una-mirada-social\/#primaryimage"},"image":{"@id":"https:\/\/dev.explora.cl\/biobio\/cafe-cientifico-aborto-terapeutico-una-mirada-social\/#primaryimage"},"thumbnailUrl":"https:\/\/dev.explora.cl\/biobio\/wp-content\/uploads\/sites\/14\/2018\/06\/6ce8174e82984e94a7a98889b7c17e32.jpg","datePublished":"2014-06-17T04:00:00+00:00","dateModified":"2019-05-20T18:41:39+00:00","author":{"@id":"https:\/\/dev.explora.cl\/biobio\/#\/schema\/person\/cb8349c13ea2d324080adf8480d7ba5d"},"breadcrumb":{"@id":"https:\/\/dev.explora.cl\/biobio\/cafe-cientifico-aborto-terapeutico-una-mirada-social\/#breadcrumb"},"inLanguage":"es-CL","potentialAction":[{"@type":"ReadAction","target":["https:\/\/dev.explora.cl\/biobio\/cafe-cientifico-aborto-terapeutico-una-mirada-social\/"]}]},{"@type":"ImageObject","inLanguage":"es-CL","@id":"https:\/\/dev.explora.cl\/biobio\/cafe-cientifico-aborto-terapeutico-una-mirada-social\/#primaryimage","url":"https:\/\/dev.explora.cl\/biobio\/wp-content\/uploads\/sites\/14\/2018\/06\/6ce8174e82984e94a7a98889b7c17e32.jpg","contentUrl":"https:\/\/dev.explora.cl\/biobio\/wp-content\/uploads\/sites\/14\/2018\/06\/6ce8174e82984e94a7a98889b7c17e32.jpg","width":320,"height":215},{"@type":"BreadcrumbList","@id":"https:\/\/dev.explora.cl\/biobio\/cafe-cientifico-aborto-terapeutico-una-mirada-social\/#breadcrumb","itemListElement":[{"@type":"ListItem","position":1,"name":"Portada","item":"https:\/\/dev.explora.cl\/biobio\/"},{"@type":"ListItem","position":2,"name":"Caf\u00e9 Cient\u00edfico: &quot;Aborto Terap\u00e9utico, una mirada social&quot;"}]},{"@type":"WebSite","@id":"https:\/\/dev.explora.cl\/biobio\/#website","url":"https:\/\/dev.explora.cl\/biobio\/","name":"Biob\u00edo","description":"Otro sitio m\u00e1s de dev.explora.cl","potentialAction":[{"@type":"SearchAction","target":{"@type":"EntryPoint","urlTemplate":"https:\/\/dev.explora.cl\/biobio\/?s={search_term_string}"},"query-input":{"@type":"PropertyValueSpecification","valueRequired":true,"valueName":"search_term_string"}}],"inLanguage":"es-CL"},{"@type":"Person","@id":"https:\/\/dev.explora.cl\/biobio\/#\/schema\/person\/cb8349c13ea2d324080adf8480d7ba5d","name":"webman","image":{"@type":"ImageObject","inLanguage":"es-CL","@id":"https:\/\/dev.explora.cl\/biobio\/#\/schema\/person\/image\/","url":"https:\/\/secure.gravatar.com\/avatar\/eeff3c82f2c02f7177d13663b7e6f890e9a6a0647ce9bb29cae02dcb094c7312?s=96&d=mm&r=g","contentUrl":"https:\/\/secure.gravatar.com\/avatar\/eeff3c82f2c02f7177d13663b7e6f890e9a6a0647ce9bb29cae02dcb094c7312?s=96&d=mm&r=g","caption":"webman"},"url":"https:\/\/dev.explora.cl\/biobio\/author\/webman\/"}]}},"_links":{"self":[{"href":"https:\/\/dev.explora.cl\/biobio\/wp-json\/wp\/v2\/posts\/37536","targetHints":{"allow":["GET"]}}],"collection":[{"href":"https:\/\/dev.explora.cl\/biobio\/wp-json\/wp\/v2\/posts"}],"about":[{"href":"https:\/\/dev.explora.cl\/biobio\/wp-json\/wp\/v2\/types\/post"}],"author":[{"embeddable":true,"href":"https:\/\/dev.explora.cl\/biobio\/wp-json\/wp\/v2\/users\/2"}],"replies":[{"embeddable":true,"href":"https:\/\/dev.explora.cl\/biobio\/wp-json\/wp\/v2\/comments?post=37536"}],"version-history":[{"count":1,"href":"https:\/\/dev.explora.cl\/biobio\/wp-json\/wp\/v2\/posts\/37536\/revisions"}],"predecessor-version":[{"id":38103,"href":"https:\/\/dev.explora.cl\/biobio\/wp-json\/wp\/v2\/posts\/37536\/revisions\/38103"}],"wp:featuredmedia":[{"embeddable":true,"href":"https:\/\/dev.explora.cl\/biobio\/wp-json\/wp\/v2\/media\/33775"}],"wp:attachment":[{"href":"https:\/\/dev.explora.cl\/biobio\/wp-json\/wp\/v2\/media?parent=37536"}],"wp:term":[{"taxonomy":"category","embeddable":true,"href":"https:\/\/dev.explora.cl\/biobio\/wp-json\/wp\/v2\/categories?post=37536"},{"taxonomy":"post_tag","embeddable":true,"href":"https:\/\/dev.explora.cl\/biobio\/wp-json\/wp\/v2\/tags?post=37536"}],"curies":[{"name":"wp","href":"https:\/\/api.w.org\/{rel}","templated":true}]}}