{"id":37534,"date":"2014-06-11T00:00:00","date_gmt":"2014-06-11T04:00:00","guid":{"rendered":"https:\/\/dev.explora.cl\/biobio\/blog\/2014\/06\/11\/invitacion-a-1era-jornada-de-biotecnologia-vegetal\/"},"modified":"2019-05-20T18:41:42","modified_gmt":"2019-05-20T18:41:42","slug":"invitacion-a-1era-jornada-de-biotecnologia-vegetal","status":"publish","type":"post","link":"https:\/\/dev.explora.cl\/biobio\/invitacion-a-1era-jornada-de-biotecnologia-vegetal\/","title":{"rendered":"Invitaci\u00f3n a 1era Jornada de Biotecnolog\u00eda Vegetal"},"content":{"rendered":"<p><img loading=\"lazy\" decoding=\"async\" class=\" size-full wp-image-3036\" src=\"http:\/\/ec2-34-218-253-251.us-west-2.compute.amazonaws.com\/wp-content\/uploads\/2014\/06\/f32ff9eefb43b2acec245bea9b41330e.jpg\" alt=\"\" width=\"320\" height=\"213\" \/><\/p>\n<div style=\"color: #555555;font-family: Arial, sans-serif;font-size: 14px;line-height: 23px\">\n<div class=\"entry\" style=\"padding: 0px;margin: 0px;border: 0px none;line-height: 1.5;font-family: Raleway;font-size: 12px\">\n<p style=\"font-family: Arial, sans-serif;font-size: 14px;line-height: 23px;color: #444444\"><span style=\"color: #444444;font-family: 'Trebuchet MS', sans-serif;font-size: 12px;line-height: 16px\">La Facultad de Ciencias Forestales y el Centro de Biotecnolog\u00eda de la Universidad de Concepci\u00f3n, tiene el agrado de invitar a estudiantes de 2do a 4to medio interesados en el \u00e1rea cient\u00edfica, a participar de la primera jornada de biotecnolog\u00eda vegetal, el cual integra charlas de egresados, doctores y visitas por laboratorios del Centro de Biotecnolog\u00eda de la UdeC. La jornada se realizar\u00e1 durante la ma\u00f1ana del d\u00eda viernes 13 de junio:<\/span><\/p>\n<div style=\"color: #444444;font-family: 'Trebuchet MS', sans-serif;font-size: 12px;line-height: 16px\"><strong>a) 09:00 a 09:40&nbsp;<\/strong>\u201c\u00c1rboris: integrando tecnolog\u00edas para el estudio de la flora chilena\u201d, de la ingeniera en biotecnolog\u00eda vegetal y estudiante de mag\u00edster en Ciencias con menci\u00f3n en Bot\u00e1nica, Alejandra Soto. <\/p>\n<div><strong>b) 09:45 a 10:30&nbsp;<\/strong>&#8220;Descifrando el c\u00f3digo de la vida para desarrollar herramientas biotecnol\u00f3gicas aplicadas al mejoramiento gen\u00e9tico vegetal&#8221;, por la profesora Dr. Marta Fern\u00e1ndez, bi\u00f3loga y doctora en Ciencias Forestales de nuestra Facultad, su l\u00ednea de investigaci\u00f3n es en base a la Gen\u00f3mica de resistencia al fr\u00edo. <\/p>\n<div>Posteriormente se realizar\u00e1 una charla de introducci\u00f3n en el Centro de Biotecnolog\u00eda sobre las principales l\u00edneas de investigaci\u00f3n, y una visita guiada por monitores a los principales laboratorios, el cual tendr\u00e1 una duraci\u00f3n de 1 hora. (T\u00e9rmino de la actividad, 13:00 hrs. aprox.). <\/p>\n<p style=\"margin-top: 10px;margin-bottom: 5px\">Agradecemos confirmar asistencia de grupos de alumnos y profesores (a las charlas y visita a laboratorios respectivamente) al correo&nbsp;<a style=\"color: #007399\" href=\"mailto:extensionfcf@udec.cl\">extensionfcf@udec.cl<\/a><\/p>\n<p style=\"margin-top: 10px;margin-bottom: 5px\">Dado que los cupos son limitados invitamos a profesores a reservar con anticipaci\u00f3n para garantizar espacio para sus alumnos. Esperaremos las inscripciones hasta el mi\u00e9rcoles 11 de junio a las 15:00 hrs. y seleccionaremos por orden de llegada. Cupos por establecimiento: 25 personas.<\/p>\n<\/p><\/div>\n<\/p><\/div>\n<\/p><\/div>\n<\/p><\/div>\n<\/p><\/div>\n","protected":false},"excerpt":{"rendered":"<p>La Facultad de Ciencias Forestales y el Centro de Biotecnolog\u00eda de la Universidad de Concepci\u00f3n, tiene el agrado de invitar a estudiantes de 2do a 4to medio interesados en el \u00e1rea cient\u00edfica, a participar de la primera jornada de biotecnolog\u00eda vegetal, el cual integra charlas de egresados, doctores y visitas por laboratorios del Centro de [&hellip;]<\/p>\n","protected":false},"author":2,"featured_media":33773,"comment_status":"open","ping_status":"open","sticky":false,"template":"","format":"standard","meta":{"_acf_changed":false,"_exactmetrics_skip_tracking":false,"_exactmetrics_sitenote_active":false,"_exactmetrics_sitenote_note":"","_exactmetrics_sitenote_category":0,"footnotes":"","_links_to":"","_links_to_target":""},"categories":[4],"tags":[],"class_list":["post-37534","post","type-post","status-publish","format-standard","has-post-thumbnail","hentry","category-noticias"],"acf":[],"yoast_head":"<!-- This site is optimized with the Yoast SEO plugin v26.7 - https:\/\/yoast.com\/wordpress\/plugins\/seo\/ -->\n<title>Invitaci\u00f3n a 1era Jornada de Biotecnolog\u00eda Vegetal - Biob\u00edo<\/title>\n<meta name=\"robots\" content=\"index, follow, max-snippet:-1, max-image-preview:large, max-video-preview:-1\" \/>\n<link rel=\"canonical\" href=\"https:\/\/dev.explora.cl\/biobio\/invitacion-a-1era-jornada-de-biotecnologia-vegetal\/\" class=\"yoast-seo-meta-tag\" \/>\n<meta property=\"og:locale\" content=\"es_ES\" class=\"yoast-seo-meta-tag\" \/>\n<meta property=\"og:type\" content=\"article\" class=\"yoast-seo-meta-tag\" \/>\n<meta property=\"og:title\" content=\"Invitaci\u00f3n a 1era Jornada de Biotecnolog\u00eda Vegetal - Biob\u00edo\" class=\"yoast-seo-meta-tag\" \/>\n<meta property=\"og:description\" content=\"La Facultad de Ciencias Forestales y el Centro de Biotecnolog\u00eda de la Universidad de Concepci\u00f3n, tiene el agrado de invitar a estudiantes de 2do a 4to medio interesados en el \u00e1rea cient\u00edfica, a participar de la primera jornada de biotecnolog\u00eda vegetal, el cual integra charlas de egresados, doctores y visitas por laboratorios del Centro de [&hellip;]\" class=\"yoast-seo-meta-tag\" \/>\n<meta property=\"og:url\" content=\"https:\/\/dev.explora.cl\/biobio\/invitacion-a-1era-jornada-de-biotecnologia-vegetal\/\" class=\"yoast-seo-meta-tag\" \/>\n<meta property=\"og:site_name\" content=\"Biob\u00edo\" class=\"yoast-seo-meta-tag\" \/>\n<meta property=\"article:published_time\" content=\"2014-06-11T04:00:00+00:00\" class=\"yoast-seo-meta-tag\" \/>\n<meta property=\"article:modified_time\" content=\"2019-05-20T18:41:42+00:00\" class=\"yoast-seo-meta-tag\" \/>\n<meta property=\"og:image\" content=\"https:\/\/dev.explora.cl\/biobio\/wp-content\/uploads\/sites\/14\/2018\/06\/f32ff9eefb43b2acec245bea9b41330e.jpg\" class=\"yoast-seo-meta-tag\" \/>\n\t<meta property=\"og:image:width\" content=\"320\" class=\"yoast-seo-meta-tag\" \/>\n\t<meta property=\"og:image:height\" content=\"213\" class=\"yoast-seo-meta-tag\" \/>\n\t<meta property=\"og:image:type\" content=\"image\/jpeg\" class=\"yoast-seo-meta-tag\" \/>\n<meta name=\"author\" content=\"webman\" class=\"yoast-seo-meta-tag\" \/>\n<meta name=\"twitter:card\" content=\"summary_large_image\" class=\"yoast-seo-meta-tag\" \/>\n<meta name=\"twitter:label1\" content=\"Escrito por\" class=\"yoast-seo-meta-tag\" \/>\n\t<meta name=\"twitter:data1\" content=\"webman\" class=\"yoast-seo-meta-tag\" \/>\n\t<meta name=\"twitter:label2\" content=\"Tiempo estimado de lectura\" class=\"yoast-seo-meta-tag\" \/>\n\t<meta name=\"twitter:data2\" content=\"1 minuto\" class=\"yoast-seo-meta-tag\" \/>\n<script type=\"application\/ld+json\" class=\"yoast-schema-graph\">{\"@context\":\"https:\/\/schema.org\",\"@graph\":[{\"@type\":\"Article\",\"@id\":\"https:\/\/dev.explora.cl\/biobio\/invitacion-a-1era-jornada-de-biotecnologia-vegetal\/#article\",\"isPartOf\":{\"@id\":\"https:\/\/dev.explora.cl\/biobio\/invitacion-a-1era-jornada-de-biotecnologia-vegetal\/\"},\"author\":{\"name\":\"webman\",\"@id\":\"https:\/\/dev.explora.cl\/biobio\/#\/schema\/person\/cb8349c13ea2d324080adf8480d7ba5d\"},\"headline\":\"Invitaci\u00f3n a 1era Jornada de Biotecnolog\u00eda Vegetal\",\"datePublished\":\"2014-06-11T04:00:00+00:00\",\"dateModified\":\"2019-05-20T18:41:42+00:00\",\"mainEntityOfPage\":{\"@id\":\"https:\/\/dev.explora.cl\/biobio\/invitacion-a-1era-jornada-de-biotecnologia-vegetal\/\"},\"wordCount\":291,\"commentCount\":0,\"image\":{\"@id\":\"https:\/\/dev.explora.cl\/biobio\/invitacion-a-1era-jornada-de-biotecnologia-vegetal\/#primaryimage\"},\"thumbnailUrl\":\"https:\/\/dev.explora.cl\/biobio\/wp-content\/uploads\/sites\/14\/2018\/06\/f32ff9eefb43b2acec245bea9b41330e.jpg\",\"articleSection\":[\"Noticias\"],\"inLanguage\":\"es-CL\",\"potentialAction\":[{\"@type\":\"CommentAction\",\"name\":\"Comment\",\"target\":[\"https:\/\/dev.explora.cl\/biobio\/invitacion-a-1era-jornada-de-biotecnologia-vegetal\/#respond\"]}]},{\"@type\":\"WebPage\",\"@id\":\"https:\/\/dev.explora.cl\/biobio\/invitacion-a-1era-jornada-de-biotecnologia-vegetal\/\",\"url\":\"https:\/\/dev.explora.cl\/biobio\/invitacion-a-1era-jornada-de-biotecnologia-vegetal\/\",\"name\":\"Invitaci\u00f3n a 1era Jornada de Biotecnolog\u00eda Vegetal - Biob\u00edo\",\"isPartOf\":{\"@id\":\"https:\/\/dev.explora.cl\/biobio\/#website\"},\"primaryImageOfPage\":{\"@id\":\"https:\/\/dev.explora.cl\/biobio\/invitacion-a-1era-jornada-de-biotecnologia-vegetal\/#primaryimage\"},\"image\":{\"@id\":\"https:\/\/dev.explora.cl\/biobio\/invitacion-a-1era-jornada-de-biotecnologia-vegetal\/#primaryimage\"},\"thumbnailUrl\":\"https:\/\/dev.explora.cl\/biobio\/wp-content\/uploads\/sites\/14\/2018\/06\/f32ff9eefb43b2acec245bea9b41330e.jpg\",\"datePublished\":\"2014-06-11T04:00:00+00:00\",\"dateModified\":\"2019-05-20T18:41:42+00:00\",\"author\":{\"@id\":\"https:\/\/dev.explora.cl\/biobio\/#\/schema\/person\/cb8349c13ea2d324080adf8480d7ba5d\"},\"breadcrumb\":{\"@id\":\"https:\/\/dev.explora.cl\/biobio\/invitacion-a-1era-jornada-de-biotecnologia-vegetal\/#breadcrumb\"},\"inLanguage\":\"es-CL\",\"potentialAction\":[{\"@type\":\"ReadAction\",\"target\":[\"https:\/\/dev.explora.cl\/biobio\/invitacion-a-1era-jornada-de-biotecnologia-vegetal\/\"]}]},{\"@type\":\"ImageObject\",\"inLanguage\":\"es-CL\",\"@id\":\"https:\/\/dev.explora.cl\/biobio\/invitacion-a-1era-jornada-de-biotecnologia-vegetal\/#primaryimage\",\"url\":\"https:\/\/dev.explora.cl\/biobio\/wp-content\/uploads\/sites\/14\/2018\/06\/f32ff9eefb43b2acec245bea9b41330e.jpg\",\"contentUrl\":\"https:\/\/dev.explora.cl\/biobio\/wp-content\/uploads\/sites\/14\/2018\/06\/f32ff9eefb43b2acec245bea9b41330e.jpg\",\"width\":320,\"height\":213},{\"@type\":\"BreadcrumbList\",\"@id\":\"https:\/\/dev.explora.cl\/biobio\/invitacion-a-1era-jornada-de-biotecnologia-vegetal\/#breadcrumb\",\"itemListElement\":[{\"@type\":\"ListItem\",\"position\":1,\"name\":\"Portada\",\"item\":\"https:\/\/dev.explora.cl\/biobio\/\"},{\"@type\":\"ListItem\",\"position\":2,\"name\":\"Invitaci\u00f3n a 1era Jornada de Biotecnolog\u00eda Vegetal\"}]},{\"@type\":\"WebSite\",\"@id\":\"https:\/\/dev.explora.cl\/biobio\/#website\",\"url\":\"https:\/\/dev.explora.cl\/biobio\/\",\"name\":\"Biob\u00edo\",\"description\":\"Otro sitio m\u00e1s de dev.explora.cl\",\"potentialAction\":[{\"@type\":\"SearchAction\",\"target\":{\"@type\":\"EntryPoint\",\"urlTemplate\":\"https:\/\/dev.explora.cl\/biobio\/?s={search_term_string}\"},\"query-input\":{\"@type\":\"PropertyValueSpecification\",\"valueRequired\":true,\"valueName\":\"search_term_string\"}}],\"inLanguage\":\"es-CL\"},{\"@type\":\"Person\",\"@id\":\"https:\/\/dev.explora.cl\/biobio\/#\/schema\/person\/cb8349c13ea2d324080adf8480d7ba5d\",\"name\":\"webman\",\"image\":{\"@type\":\"ImageObject\",\"inLanguage\":\"es-CL\",\"@id\":\"https:\/\/dev.explora.cl\/biobio\/#\/schema\/person\/image\/\",\"url\":\"https:\/\/secure.gravatar.com\/avatar\/eeff3c82f2c02f7177d13663b7e6f890e9a6a0647ce9bb29cae02dcb094c7312?s=96&d=mm&r=g\",\"contentUrl\":\"https:\/\/secure.gravatar.com\/avatar\/eeff3c82f2c02f7177d13663b7e6f890e9a6a0647ce9bb29cae02dcb094c7312?s=96&d=mm&r=g\",\"caption\":\"webman\"},\"url\":\"https:\/\/dev.explora.cl\/biobio\/author\/webman\/\"}]}<\/script>\n<!-- \/ Yoast SEO plugin. -->","yoast_head_json":{"title":"Invitaci\u00f3n a 1era Jornada de Biotecnolog\u00eda Vegetal - Biob\u00edo","robots":{"index":"index","follow":"follow","max-snippet":"max-snippet:-1","max-image-preview":"max-image-preview:large","max-video-preview":"max-video-preview:-1"},"canonical":"https:\/\/dev.explora.cl\/biobio\/invitacion-a-1era-jornada-de-biotecnologia-vegetal\/","og_locale":"es_ES","og_type":"article","og_title":"Invitaci\u00f3n a 1era Jornada de Biotecnolog\u00eda Vegetal - Biob\u00edo","og_description":"La Facultad de Ciencias Forestales y el Centro de Biotecnolog\u00eda de la Universidad de Concepci\u00f3n, tiene el agrado de invitar a estudiantes de 2do a 4to medio interesados en el \u00e1rea cient\u00edfica, a participar de la primera jornada de biotecnolog\u00eda vegetal, el cual integra charlas de egresados, doctores y visitas por laboratorios del Centro de [&hellip;]","og_url":"https:\/\/dev.explora.cl\/biobio\/invitacion-a-1era-jornada-de-biotecnologia-vegetal\/","og_site_name":"Biob\u00edo","article_published_time":"2014-06-11T04:00:00+00:00","article_modified_time":"2019-05-20T18:41:42+00:00","og_image":[{"width":320,"height":213,"url":"https:\/\/dev.explora.cl\/biobio\/wp-content\/uploads\/sites\/14\/2018\/06\/f32ff9eefb43b2acec245bea9b41330e.jpg","type":"image\/jpeg"}],"author":"webman","twitter_card":"summary_large_image","twitter_misc":{"Escrito por":"webman","Tiempo estimado de lectura":"1 minuto"},"schema":{"@context":"https:\/\/schema.org","@graph":[{"@type":"Article","@id":"https:\/\/dev.explora.cl\/biobio\/invitacion-a-1era-jornada-de-biotecnologia-vegetal\/#article","isPartOf":{"@id":"https:\/\/dev.explora.cl\/biobio\/invitacion-a-1era-jornada-de-biotecnologia-vegetal\/"},"author":{"name":"webman","@id":"https:\/\/dev.explora.cl\/biobio\/#\/schema\/person\/cb8349c13ea2d324080adf8480d7ba5d"},"headline":"Invitaci\u00f3n a 1era Jornada de Biotecnolog\u00eda Vegetal","datePublished":"2014-06-11T04:00:00+00:00","dateModified":"2019-05-20T18:41:42+00:00","mainEntityOfPage":{"@id":"https:\/\/dev.explora.cl\/biobio\/invitacion-a-1era-jornada-de-biotecnologia-vegetal\/"},"wordCount":291,"commentCount":0,"image":{"@id":"https:\/\/dev.explora.cl\/biobio\/invitacion-a-1era-jornada-de-biotecnologia-vegetal\/#primaryimage"},"thumbnailUrl":"https:\/\/dev.explora.cl\/biobio\/wp-content\/uploads\/sites\/14\/2018\/06\/f32ff9eefb43b2acec245bea9b41330e.jpg","articleSection":["Noticias"],"inLanguage":"es-CL","potentialAction":[{"@type":"CommentAction","name":"Comment","target":["https:\/\/dev.explora.cl\/biobio\/invitacion-a-1era-jornada-de-biotecnologia-vegetal\/#respond"]}]},{"@type":"WebPage","@id":"https:\/\/dev.explora.cl\/biobio\/invitacion-a-1era-jornada-de-biotecnologia-vegetal\/","url":"https:\/\/dev.explora.cl\/biobio\/invitacion-a-1era-jornada-de-biotecnologia-vegetal\/","name":"Invitaci\u00f3n a 1era Jornada de Biotecnolog\u00eda Vegetal - Biob\u00edo","isPartOf":{"@id":"https:\/\/dev.explora.cl\/biobio\/#website"},"primaryImageOfPage":{"@id":"https:\/\/dev.explora.cl\/biobio\/invitacion-a-1era-jornada-de-biotecnologia-vegetal\/#primaryimage"},"image":{"@id":"https:\/\/dev.explora.cl\/biobio\/invitacion-a-1era-jornada-de-biotecnologia-vegetal\/#primaryimage"},"thumbnailUrl":"https:\/\/dev.explora.cl\/biobio\/wp-content\/uploads\/sites\/14\/2018\/06\/f32ff9eefb43b2acec245bea9b41330e.jpg","datePublished":"2014-06-11T04:00:00+00:00","dateModified":"2019-05-20T18:41:42+00:00","author":{"@id":"https:\/\/dev.explora.cl\/biobio\/#\/schema\/person\/cb8349c13ea2d324080adf8480d7ba5d"},"breadcrumb":{"@id":"https:\/\/dev.explora.cl\/biobio\/invitacion-a-1era-jornada-de-biotecnologia-vegetal\/#breadcrumb"},"inLanguage":"es-CL","potentialAction":[{"@type":"ReadAction","target":["https:\/\/dev.explora.cl\/biobio\/invitacion-a-1era-jornada-de-biotecnologia-vegetal\/"]}]},{"@type":"ImageObject","inLanguage":"es-CL","@id":"https:\/\/dev.explora.cl\/biobio\/invitacion-a-1era-jornada-de-biotecnologia-vegetal\/#primaryimage","url":"https:\/\/dev.explora.cl\/biobio\/wp-content\/uploads\/sites\/14\/2018\/06\/f32ff9eefb43b2acec245bea9b41330e.jpg","contentUrl":"https:\/\/dev.explora.cl\/biobio\/wp-content\/uploads\/sites\/14\/2018\/06\/f32ff9eefb43b2acec245bea9b41330e.jpg","width":320,"height":213},{"@type":"BreadcrumbList","@id":"https:\/\/dev.explora.cl\/biobio\/invitacion-a-1era-jornada-de-biotecnologia-vegetal\/#breadcrumb","itemListElement":[{"@type":"ListItem","position":1,"name":"Portada","item":"https:\/\/dev.explora.cl\/biobio\/"},{"@type":"ListItem","position":2,"name":"Invitaci\u00f3n a 1era Jornada de Biotecnolog\u00eda Vegetal"}]},{"@type":"WebSite","@id":"https:\/\/dev.explora.cl\/biobio\/#website","url":"https:\/\/dev.explora.cl\/biobio\/","name":"Biob\u00edo","description":"Otro sitio m\u00e1s de dev.explora.cl","potentialAction":[{"@type":"SearchAction","target":{"@type":"EntryPoint","urlTemplate":"https:\/\/dev.explora.cl\/biobio\/?s={search_term_string}"},"query-input":{"@type":"PropertyValueSpecification","valueRequired":true,"valueName":"search_term_string"}}],"inLanguage":"es-CL"},{"@type":"Person","@id":"https:\/\/dev.explora.cl\/biobio\/#\/schema\/person\/cb8349c13ea2d324080adf8480d7ba5d","name":"webman","image":{"@type":"ImageObject","inLanguage":"es-CL","@id":"https:\/\/dev.explora.cl\/biobio\/#\/schema\/person\/image\/","url":"https:\/\/secure.gravatar.com\/avatar\/eeff3c82f2c02f7177d13663b7e6f890e9a6a0647ce9bb29cae02dcb094c7312?s=96&d=mm&r=g","contentUrl":"https:\/\/secure.gravatar.com\/avatar\/eeff3c82f2c02f7177d13663b7e6f890e9a6a0647ce9bb29cae02dcb094c7312?s=96&d=mm&r=g","caption":"webman"},"url":"https:\/\/dev.explora.cl\/biobio\/author\/webman\/"}]}},"_links":{"self":[{"href":"https:\/\/dev.explora.cl\/biobio\/wp-json\/wp\/v2\/posts\/37534","targetHints":{"allow":["GET"]}}],"collection":[{"href":"https:\/\/dev.explora.cl\/biobio\/wp-json\/wp\/v2\/posts"}],"about":[{"href":"https:\/\/dev.explora.cl\/biobio\/wp-json\/wp\/v2\/types\/post"}],"author":[{"embeddable":true,"href":"https:\/\/dev.explora.cl\/biobio\/wp-json\/wp\/v2\/users\/2"}],"replies":[{"embeddable":true,"href":"https:\/\/dev.explora.cl\/biobio\/wp-json\/wp\/v2\/comments?post=37534"}],"version-history":[{"count":1,"href":"https:\/\/dev.explora.cl\/biobio\/wp-json\/wp\/v2\/posts\/37534\/revisions"}],"predecessor-version":[{"id":38109,"href":"https:\/\/dev.explora.cl\/biobio\/wp-json\/wp\/v2\/posts\/37534\/revisions\/38109"}],"wp:featuredmedia":[{"embeddable":true,"href":"https:\/\/dev.explora.cl\/biobio\/wp-json\/wp\/v2\/media\/33773"}],"wp:attachment":[{"href":"https:\/\/dev.explora.cl\/biobio\/wp-json\/wp\/v2\/media?parent=37534"}],"wp:term":[{"taxonomy":"category","embeddable":true,"href":"https:\/\/dev.explora.cl\/biobio\/wp-json\/wp\/v2\/categories?post=37534"},{"taxonomy":"post_tag","embeddable":true,"href":"https:\/\/dev.explora.cl\/biobio\/wp-json\/wp\/v2\/tags?post=37534"}],"curies":[{"name":"wp","href":"https:\/\/api.w.org\/{rel}","templated":true}]}}