{"id":37532,"date":"2014-06-11T00:00:00","date_gmt":"2014-06-11T04:00:00","guid":{"rendered":"https:\/\/dev.explora.cl\/biobio\/blog\/2014\/06\/11\/comienza-inedito-proyecto-que-busca-formar-a-docentes-del-biobio-en-el-area-de-fenomenos-naturales\/"},"modified":"2019-05-20T18:41:41","modified_gmt":"2019-05-20T18:41:41","slug":"comienza-inedito-proyecto-que-busca-formar-a-docentes-del-biobio-en-el-area-de-fenomenos-naturales","status":"publish","type":"post","link":"https:\/\/dev.explora.cl\/biobio\/comienza-inedito-proyecto-que-busca-formar-a-docentes-del-biobio-en-el-area-de-fenomenos-naturales\/","title":{"rendered":"Comienza in\u00e9dito Proyecto que busca formar a docentes del Biob\u00edo en el \u00e1rea de Fen\u00f3menos Naturales"},"content":{"rendered":"<p><img loading=\"lazy\" decoding=\"async\" class=\" size-full wp-image-2980\" src=\"http:\/\/ec2-34-218-253-251.us-west-2.compute.amazonaws.com\/wp-content\/uploads\/2014\/06\/850e17edce6779cc111d239710be36ab.jpg\" alt=\"\" width=\"320\" height=\"212\" \/><\/p>\n<div style=\"color: #555555;font-family: Arial, sans-serif;font-size: 14px;line-height: 23px\">\n<div class=\"entry\" style=\"padding: 0px;margin: 0px;border: 0px none;line-height: 1.5;font-family: Raleway;font-size: 12px\">\n<p style=\"margin-top: 10px;margin-bottom: 5px;color: #444444;font-family: 'Trebuchet MS', sans-serif;font-size: 12px;line-height: 16px\"><span style=\"text-align: justify\">El &nbsp;martes 03 de junio se dar\u00e1 el vamos al proyecto \u201cFormaci\u00f3n docente: Volcanes, Terremotos y Tsunamis\u201d, cuyo fin ser\u00e1 preparar a profesores de la regi\u00f3n del Biob\u00edo en el campo de fen\u00f3menos naturales. Este curso beneficiar\u00e1 a 88 participantes y lo dictar\u00e1n cient\u00edficos locales de forma completamente gratuita.<\/span><\/p>\n<p style=\"margin-top: 10px;margin-bottom: 5px;color: #444444;font-family: 'Trebuchet MS', sans-serif;font-size: 12px;line-height: 16px\"><span style=\"text-align: justify\">Este proyecto es una iniciativa de EXPLORA CONICYT, y contempla talleres formativos destinados a 88 profesores y estudiantes de pedagog\u00eda de \u00faltimo a\u00f1o, del ciclo b\u00e1sico y medio, que desean perfeccionarse en el \u00e1rea de desastres naturales, \u00e1rea que forma parte del programa de educaci\u00f3n chileno en distintos niveles.<\/span><\/p>\n<p style=\"margin-top: 10px;margin-bottom: 5px;color: #444444;font-family: 'Trebuchet MS', sans-serif;font-size: 12px;line-height: 16px\"><span style=\"text-align: justify\">Dichos talleres se realizar\u00e1n una vez al mes, a partir de Mayo, en dependencias de la Universidad de Concepci\u00f3n, y ser\u00e1n complementados con salidas a terreno que permitir\u00e1n observar in situ los diversos fen\u00f3menos. \u201cCada taller ser\u00e1 preparado y dirigido por acad\u00e9micos de Geolog\u00eda, Geograf\u00eda y Geof\u00edsica de la Universidad de Concepci\u00f3n, quienes entregar\u00e1n valioso conocimiento, junto con estrategias de ense\u00f1anza para el aula, dise\u00f1adas y adaptadas por un docente universitario del \u00e1rea de Educaci\u00f3n de nuestra casa de estudios\u201d, explica Jos\u00e9 Luis Palma Lizana, Director del Proyecto, y acad\u00e9mico de la casa de estudios penquista.<\/span><\/p>\n<p style=\"margin-top: 10px;margin-bottom: 5px;color: #444444;font-family: 'Trebuchet MS', sans-serif;font-size: 12px;line-height: 16px\"><span style=\"text-align: justify\">Los Acad\u00e9micos a cargo, poseen una vasta trayectoria en la investigaci\u00f3n nacional e internacional. \u201cLa idea no es s\u00f3lo dictar una clase, sino tambi\u00e9n compartir con los docentes y atender sus inquietudes, lo que se ver\u00e1 fortalecido por la plataforma web, donde nosotros pondremos a disposici\u00f3n todo el material y crearemos instancias de interacci\u00f3n\u201d, agrega la Dra. Ignacia Calisto, Acad\u00e9mica del Departamento de Geof\u00edsica de la UDEC, y quien estar\u00e1 a cargo de las clases de Tsunami.<\/span><\/p>\n<p style=\"margin-top: 10px;margin-bottom: 5px;color: #444444;font-family: 'Trebuchet MS', sans-serif;font-size: 12px;line-height: 16px\"><span style=\"text-align: justify\">\u201cEs importante destacar que el fin \u00faltimo de este proyecto es que los profesores participantes puedan perfeccionarse en estas materias puntuales, para finalmente replicar estas clases en sus respectivas aulas\u201d, concluye Palma. La inauguraci\u00f3n se llevar\u00e1 a cabo a las 14 hrs. del martes 3 de junio, en el Auditorio Jaime Baeza, del Edificio EMPREUDEC de la Universidad de Concepci\u00f3n.<\/span><\/p>\n<p style=\"margin-top: 10px;margin-bottom: 5px;color: #444444;font-family: 'Trebuchet MS', sans-serif;font-size: 12px;line-height: 16px\"><span style=\"text-align: justify\">Para mayor informaci\u00f3n del proyecto visitar la p\u00e1gina web:&nbsp;<\/span><a style=\"color: #007399;text-align: justify\" href=\"http:\/\/geociencias-udec.org\/explora.html\" target=\"_blank\" rel=\"noopener noreferrer\">http:\/\/www.geociencias\u2010udec.org\/<\/a><\/p>\n<div style=\"color: #444444;font-family: 'Trebuchet MS', sans-serif;font-size: 12px;line-height: 16px;text-align: justify\">&nbsp;<\/div>\n<\/p><\/div>\n<\/p><\/div>\n","protected":false},"excerpt":{"rendered":"<p>El &nbsp;martes 03 de junio se dar\u00e1 el vamos al proyecto \u201cFormaci\u00f3n docente: Volcanes, Terremotos y Tsunamis\u201d, cuyo fin ser\u00e1 preparar a profesores de la regi\u00f3n del Biob\u00edo en el campo de fen\u00f3menos naturales. Este curso beneficiar\u00e1 a 88 participantes y lo dictar\u00e1n cient\u00edficos locales de forma completamente gratuita. Este proyecto es una iniciativa de [&hellip;]<\/p>\n","protected":false},"author":2,"featured_media":33771,"comment_status":"open","ping_status":"open","sticky":false,"template":"","format":"standard","meta":{"_acf_changed":false,"_exactmetrics_skip_tracking":false,"_exactmetrics_sitenote_active":false,"_exactmetrics_sitenote_note":"","_exactmetrics_sitenote_category":0,"footnotes":"","_links_to":"","_links_to_target":""},"categories":[4],"tags":[],"class_list":["post-37532","post","type-post","status-publish","format-standard","has-post-thumbnail","hentry","category-noticias"],"acf":[],"yoast_head":"<!-- This site is optimized with the Yoast SEO plugin v26.7 - https:\/\/yoast.com\/wordpress\/plugins\/seo\/ -->\n<title>Comienza in\u00e9dito Proyecto que busca formar a docentes del Biob\u00edo en el \u00e1rea de Fen\u00f3menos Naturales - Biob\u00edo<\/title>\n<meta name=\"robots\" content=\"index, follow, max-snippet:-1, max-image-preview:large, max-video-preview:-1\" \/>\n<link rel=\"canonical\" href=\"https:\/\/dev.explora.cl\/biobio\/comienza-inedito-proyecto-que-busca-formar-a-docentes-del-biobio-en-el-area-de-fenomenos-naturales\/\" class=\"yoast-seo-meta-tag\" \/>\n<meta property=\"og:locale\" content=\"es_ES\" class=\"yoast-seo-meta-tag\" \/>\n<meta property=\"og:type\" content=\"article\" class=\"yoast-seo-meta-tag\" \/>\n<meta property=\"og:title\" content=\"Comienza in\u00e9dito Proyecto que busca formar a docentes del Biob\u00edo en el \u00e1rea de Fen\u00f3menos Naturales - Biob\u00edo\" class=\"yoast-seo-meta-tag\" \/>\n<meta property=\"og:description\" content=\"El &nbsp;martes 03 de junio se dar\u00e1 el vamos al proyecto \u201cFormaci\u00f3n docente: Volcanes, Terremotos y Tsunamis\u201d, cuyo fin ser\u00e1 preparar a profesores de la regi\u00f3n del Biob\u00edo en el campo de fen\u00f3menos naturales. Este curso beneficiar\u00e1 a 88 participantes y lo dictar\u00e1n cient\u00edficos locales de forma completamente gratuita. Este proyecto es una iniciativa de [&hellip;]\" class=\"yoast-seo-meta-tag\" \/>\n<meta property=\"og:url\" content=\"https:\/\/dev.explora.cl\/biobio\/comienza-inedito-proyecto-que-busca-formar-a-docentes-del-biobio-en-el-area-de-fenomenos-naturales\/\" class=\"yoast-seo-meta-tag\" \/>\n<meta property=\"og:site_name\" content=\"Biob\u00edo\" class=\"yoast-seo-meta-tag\" \/>\n<meta property=\"article:published_time\" content=\"2014-06-11T04:00:00+00:00\" class=\"yoast-seo-meta-tag\" \/>\n<meta property=\"article:modified_time\" content=\"2019-05-20T18:41:41+00:00\" class=\"yoast-seo-meta-tag\" \/>\n<meta property=\"og:image\" content=\"https:\/\/dev.explora.cl\/biobio\/wp-content\/uploads\/sites\/14\/2018\/06\/850e17edce6779cc111d239710be36ab.jpg\" class=\"yoast-seo-meta-tag\" \/>\n\t<meta property=\"og:image:width\" content=\"320\" class=\"yoast-seo-meta-tag\" \/>\n\t<meta property=\"og:image:height\" content=\"212\" class=\"yoast-seo-meta-tag\" \/>\n\t<meta property=\"og:image:type\" content=\"image\/jpeg\" class=\"yoast-seo-meta-tag\" \/>\n<meta name=\"author\" content=\"webman\" class=\"yoast-seo-meta-tag\" \/>\n<meta name=\"twitter:card\" content=\"summary_large_image\" class=\"yoast-seo-meta-tag\" \/>\n<meta name=\"twitter:label1\" content=\"Escrito por\" class=\"yoast-seo-meta-tag\" \/>\n\t<meta name=\"twitter:data1\" content=\"webman\" class=\"yoast-seo-meta-tag\" \/>\n\t<meta name=\"twitter:label2\" content=\"Tiempo estimado de lectura\" class=\"yoast-seo-meta-tag\" \/>\n\t<meta name=\"twitter:data2\" content=\"2 minutos\" class=\"yoast-seo-meta-tag\" \/>\n<script type=\"application\/ld+json\" class=\"yoast-schema-graph\">{\"@context\":\"https:\/\/schema.org\",\"@graph\":[{\"@type\":\"Article\",\"@id\":\"https:\/\/dev.explora.cl\/biobio\/comienza-inedito-proyecto-que-busca-formar-a-docentes-del-biobio-en-el-area-de-fenomenos-naturales\/#article\",\"isPartOf\":{\"@id\":\"https:\/\/dev.explora.cl\/biobio\/comienza-inedito-proyecto-que-busca-formar-a-docentes-del-biobio-en-el-area-de-fenomenos-naturales\/\"},\"author\":{\"name\":\"webman\",\"@id\":\"https:\/\/dev.explora.cl\/biobio\/#\/schema\/person\/cb8349c13ea2d324080adf8480d7ba5d\"},\"headline\":\"Comienza in\u00e9dito Proyecto que busca formar a docentes del Biob\u00edo en el \u00e1rea de Fen\u00f3menos Naturales\",\"datePublished\":\"2014-06-11T04:00:00+00:00\",\"dateModified\":\"2019-05-20T18:41:41+00:00\",\"mainEntityOfPage\":{\"@id\":\"https:\/\/dev.explora.cl\/biobio\/comienza-inedito-proyecto-que-busca-formar-a-docentes-del-biobio-en-el-area-de-fenomenos-naturales\/\"},\"wordCount\":399,\"commentCount\":0,\"image\":{\"@id\":\"https:\/\/dev.explora.cl\/biobio\/comienza-inedito-proyecto-que-busca-formar-a-docentes-del-biobio-en-el-area-de-fenomenos-naturales\/#primaryimage\"},\"thumbnailUrl\":\"https:\/\/dev.explora.cl\/biobio\/wp-content\/uploads\/sites\/14\/2018\/06\/850e17edce6779cc111d239710be36ab.jpg\",\"articleSection\":[\"Noticias\"],\"inLanguage\":\"es-CL\",\"potentialAction\":[{\"@type\":\"CommentAction\",\"name\":\"Comment\",\"target\":[\"https:\/\/dev.explora.cl\/biobio\/comienza-inedito-proyecto-que-busca-formar-a-docentes-del-biobio-en-el-area-de-fenomenos-naturales\/#respond\"]}]},{\"@type\":\"WebPage\",\"@id\":\"https:\/\/dev.explora.cl\/biobio\/comienza-inedito-proyecto-que-busca-formar-a-docentes-del-biobio-en-el-area-de-fenomenos-naturales\/\",\"url\":\"https:\/\/dev.explora.cl\/biobio\/comienza-inedito-proyecto-que-busca-formar-a-docentes-del-biobio-en-el-area-de-fenomenos-naturales\/\",\"name\":\"Comienza in\u00e9dito Proyecto que busca formar a docentes del Biob\u00edo en el \u00e1rea de Fen\u00f3menos Naturales - Biob\u00edo\",\"isPartOf\":{\"@id\":\"https:\/\/dev.explora.cl\/biobio\/#website\"},\"primaryImageOfPage\":{\"@id\":\"https:\/\/dev.explora.cl\/biobio\/comienza-inedito-proyecto-que-busca-formar-a-docentes-del-biobio-en-el-area-de-fenomenos-naturales\/#primaryimage\"},\"image\":{\"@id\":\"https:\/\/dev.explora.cl\/biobio\/comienza-inedito-proyecto-que-busca-formar-a-docentes-del-biobio-en-el-area-de-fenomenos-naturales\/#primaryimage\"},\"thumbnailUrl\":\"https:\/\/dev.explora.cl\/biobio\/wp-content\/uploads\/sites\/14\/2018\/06\/850e17edce6779cc111d239710be36ab.jpg\",\"datePublished\":\"2014-06-11T04:00:00+00:00\",\"dateModified\":\"2019-05-20T18:41:41+00:00\",\"author\":{\"@id\":\"https:\/\/dev.explora.cl\/biobio\/#\/schema\/person\/cb8349c13ea2d324080adf8480d7ba5d\"},\"breadcrumb\":{\"@id\":\"https:\/\/dev.explora.cl\/biobio\/comienza-inedito-proyecto-que-busca-formar-a-docentes-del-biobio-en-el-area-de-fenomenos-naturales\/#breadcrumb\"},\"inLanguage\":\"es-CL\",\"potentialAction\":[{\"@type\":\"ReadAction\",\"target\":[\"https:\/\/dev.explora.cl\/biobio\/comienza-inedito-proyecto-que-busca-formar-a-docentes-del-biobio-en-el-area-de-fenomenos-naturales\/\"]}]},{\"@type\":\"ImageObject\",\"inLanguage\":\"es-CL\",\"@id\":\"https:\/\/dev.explora.cl\/biobio\/comienza-inedito-proyecto-que-busca-formar-a-docentes-del-biobio-en-el-area-de-fenomenos-naturales\/#primaryimage\",\"url\":\"https:\/\/dev.explora.cl\/biobio\/wp-content\/uploads\/sites\/14\/2018\/06\/850e17edce6779cc111d239710be36ab.jpg\",\"contentUrl\":\"https:\/\/dev.explora.cl\/biobio\/wp-content\/uploads\/sites\/14\/2018\/06\/850e17edce6779cc111d239710be36ab.jpg\",\"width\":320,\"height\":212},{\"@type\":\"BreadcrumbList\",\"@id\":\"https:\/\/dev.explora.cl\/biobio\/comienza-inedito-proyecto-que-busca-formar-a-docentes-del-biobio-en-el-area-de-fenomenos-naturales\/#breadcrumb\",\"itemListElement\":[{\"@type\":\"ListItem\",\"position\":1,\"name\":\"Portada\",\"item\":\"https:\/\/dev.explora.cl\/biobio\/\"},{\"@type\":\"ListItem\",\"position\":2,\"name\":\"Comienza in\u00e9dito Proyecto que busca formar a docentes del Biob\u00edo en el \u00e1rea de Fen\u00f3menos Naturales\"}]},{\"@type\":\"WebSite\",\"@id\":\"https:\/\/dev.explora.cl\/biobio\/#website\",\"url\":\"https:\/\/dev.explora.cl\/biobio\/\",\"name\":\"Biob\u00edo\",\"description\":\"Otro sitio m\u00e1s de dev.explora.cl\",\"potentialAction\":[{\"@type\":\"SearchAction\",\"target\":{\"@type\":\"EntryPoint\",\"urlTemplate\":\"https:\/\/dev.explora.cl\/biobio\/?s={search_term_string}\"},\"query-input\":{\"@type\":\"PropertyValueSpecification\",\"valueRequired\":true,\"valueName\":\"search_term_string\"}}],\"inLanguage\":\"es-CL\"},{\"@type\":\"Person\",\"@id\":\"https:\/\/dev.explora.cl\/biobio\/#\/schema\/person\/cb8349c13ea2d324080adf8480d7ba5d\",\"name\":\"webman\",\"image\":{\"@type\":\"ImageObject\",\"inLanguage\":\"es-CL\",\"@id\":\"https:\/\/dev.explora.cl\/biobio\/#\/schema\/person\/image\/\",\"url\":\"https:\/\/secure.gravatar.com\/avatar\/eeff3c82f2c02f7177d13663b7e6f890e9a6a0647ce9bb29cae02dcb094c7312?s=96&d=mm&r=g\",\"contentUrl\":\"https:\/\/secure.gravatar.com\/avatar\/eeff3c82f2c02f7177d13663b7e6f890e9a6a0647ce9bb29cae02dcb094c7312?s=96&d=mm&r=g\",\"caption\":\"webman\"},\"url\":\"https:\/\/dev.explora.cl\/biobio\/author\/webman\/\"}]}<\/script>\n<!-- \/ Yoast SEO plugin. -->","yoast_head_json":{"title":"Comienza in\u00e9dito Proyecto que busca formar a docentes del Biob\u00edo en el \u00e1rea de Fen\u00f3menos Naturales - Biob\u00edo","robots":{"index":"index","follow":"follow","max-snippet":"max-snippet:-1","max-image-preview":"max-image-preview:large","max-video-preview":"max-video-preview:-1"},"canonical":"https:\/\/dev.explora.cl\/biobio\/comienza-inedito-proyecto-que-busca-formar-a-docentes-del-biobio-en-el-area-de-fenomenos-naturales\/","og_locale":"es_ES","og_type":"article","og_title":"Comienza in\u00e9dito Proyecto que busca formar a docentes del Biob\u00edo en el \u00e1rea de Fen\u00f3menos Naturales - Biob\u00edo","og_description":"El &nbsp;martes 03 de junio se dar\u00e1 el vamos al proyecto \u201cFormaci\u00f3n docente: Volcanes, Terremotos y Tsunamis\u201d, cuyo fin ser\u00e1 preparar a profesores de la regi\u00f3n del Biob\u00edo en el campo de fen\u00f3menos naturales. Este curso beneficiar\u00e1 a 88 participantes y lo dictar\u00e1n cient\u00edficos locales de forma completamente gratuita. Este proyecto es una iniciativa de [&hellip;]","og_url":"https:\/\/dev.explora.cl\/biobio\/comienza-inedito-proyecto-que-busca-formar-a-docentes-del-biobio-en-el-area-de-fenomenos-naturales\/","og_site_name":"Biob\u00edo","article_published_time":"2014-06-11T04:00:00+00:00","article_modified_time":"2019-05-20T18:41:41+00:00","og_image":[{"width":320,"height":212,"url":"https:\/\/dev.explora.cl\/biobio\/wp-content\/uploads\/sites\/14\/2018\/06\/850e17edce6779cc111d239710be36ab.jpg","type":"image\/jpeg"}],"author":"webman","twitter_card":"summary_large_image","twitter_misc":{"Escrito por":"webman","Tiempo estimado de lectura":"2 minutos"},"schema":{"@context":"https:\/\/schema.org","@graph":[{"@type":"Article","@id":"https:\/\/dev.explora.cl\/biobio\/comienza-inedito-proyecto-que-busca-formar-a-docentes-del-biobio-en-el-area-de-fenomenos-naturales\/#article","isPartOf":{"@id":"https:\/\/dev.explora.cl\/biobio\/comienza-inedito-proyecto-que-busca-formar-a-docentes-del-biobio-en-el-area-de-fenomenos-naturales\/"},"author":{"name":"webman","@id":"https:\/\/dev.explora.cl\/biobio\/#\/schema\/person\/cb8349c13ea2d324080adf8480d7ba5d"},"headline":"Comienza in\u00e9dito Proyecto que busca formar a docentes del Biob\u00edo en el \u00e1rea de Fen\u00f3menos Naturales","datePublished":"2014-06-11T04:00:00+00:00","dateModified":"2019-05-20T18:41:41+00:00","mainEntityOfPage":{"@id":"https:\/\/dev.explora.cl\/biobio\/comienza-inedito-proyecto-que-busca-formar-a-docentes-del-biobio-en-el-area-de-fenomenos-naturales\/"},"wordCount":399,"commentCount":0,"image":{"@id":"https:\/\/dev.explora.cl\/biobio\/comienza-inedito-proyecto-que-busca-formar-a-docentes-del-biobio-en-el-area-de-fenomenos-naturales\/#primaryimage"},"thumbnailUrl":"https:\/\/dev.explora.cl\/biobio\/wp-content\/uploads\/sites\/14\/2018\/06\/850e17edce6779cc111d239710be36ab.jpg","articleSection":["Noticias"],"inLanguage":"es-CL","potentialAction":[{"@type":"CommentAction","name":"Comment","target":["https:\/\/dev.explora.cl\/biobio\/comienza-inedito-proyecto-que-busca-formar-a-docentes-del-biobio-en-el-area-de-fenomenos-naturales\/#respond"]}]},{"@type":"WebPage","@id":"https:\/\/dev.explora.cl\/biobio\/comienza-inedito-proyecto-que-busca-formar-a-docentes-del-biobio-en-el-area-de-fenomenos-naturales\/","url":"https:\/\/dev.explora.cl\/biobio\/comienza-inedito-proyecto-que-busca-formar-a-docentes-del-biobio-en-el-area-de-fenomenos-naturales\/","name":"Comienza in\u00e9dito Proyecto que busca formar a docentes del Biob\u00edo en el \u00e1rea de Fen\u00f3menos Naturales - Biob\u00edo","isPartOf":{"@id":"https:\/\/dev.explora.cl\/biobio\/#website"},"primaryImageOfPage":{"@id":"https:\/\/dev.explora.cl\/biobio\/comienza-inedito-proyecto-que-busca-formar-a-docentes-del-biobio-en-el-area-de-fenomenos-naturales\/#primaryimage"},"image":{"@id":"https:\/\/dev.explora.cl\/biobio\/comienza-inedito-proyecto-que-busca-formar-a-docentes-del-biobio-en-el-area-de-fenomenos-naturales\/#primaryimage"},"thumbnailUrl":"https:\/\/dev.explora.cl\/biobio\/wp-content\/uploads\/sites\/14\/2018\/06\/850e17edce6779cc111d239710be36ab.jpg","datePublished":"2014-06-11T04:00:00+00:00","dateModified":"2019-05-20T18:41:41+00:00","author":{"@id":"https:\/\/dev.explora.cl\/biobio\/#\/schema\/person\/cb8349c13ea2d324080adf8480d7ba5d"},"breadcrumb":{"@id":"https:\/\/dev.explora.cl\/biobio\/comienza-inedito-proyecto-que-busca-formar-a-docentes-del-biobio-en-el-area-de-fenomenos-naturales\/#breadcrumb"},"inLanguage":"es-CL","potentialAction":[{"@type":"ReadAction","target":["https:\/\/dev.explora.cl\/biobio\/comienza-inedito-proyecto-que-busca-formar-a-docentes-del-biobio-en-el-area-de-fenomenos-naturales\/"]}]},{"@type":"ImageObject","inLanguage":"es-CL","@id":"https:\/\/dev.explora.cl\/biobio\/comienza-inedito-proyecto-que-busca-formar-a-docentes-del-biobio-en-el-area-de-fenomenos-naturales\/#primaryimage","url":"https:\/\/dev.explora.cl\/biobio\/wp-content\/uploads\/sites\/14\/2018\/06\/850e17edce6779cc111d239710be36ab.jpg","contentUrl":"https:\/\/dev.explora.cl\/biobio\/wp-content\/uploads\/sites\/14\/2018\/06\/850e17edce6779cc111d239710be36ab.jpg","width":320,"height":212},{"@type":"BreadcrumbList","@id":"https:\/\/dev.explora.cl\/biobio\/comienza-inedito-proyecto-que-busca-formar-a-docentes-del-biobio-en-el-area-de-fenomenos-naturales\/#breadcrumb","itemListElement":[{"@type":"ListItem","position":1,"name":"Portada","item":"https:\/\/dev.explora.cl\/biobio\/"},{"@type":"ListItem","position":2,"name":"Comienza in\u00e9dito Proyecto que busca formar a docentes del Biob\u00edo en el \u00e1rea de Fen\u00f3menos Naturales"}]},{"@type":"WebSite","@id":"https:\/\/dev.explora.cl\/biobio\/#website","url":"https:\/\/dev.explora.cl\/biobio\/","name":"Biob\u00edo","description":"Otro sitio m\u00e1s de dev.explora.cl","potentialAction":[{"@type":"SearchAction","target":{"@type":"EntryPoint","urlTemplate":"https:\/\/dev.explora.cl\/biobio\/?s={search_term_string}"},"query-input":{"@type":"PropertyValueSpecification","valueRequired":true,"valueName":"search_term_string"}}],"inLanguage":"es-CL"},{"@type":"Person","@id":"https:\/\/dev.explora.cl\/biobio\/#\/schema\/person\/cb8349c13ea2d324080adf8480d7ba5d","name":"webman","image":{"@type":"ImageObject","inLanguage":"es-CL","@id":"https:\/\/dev.explora.cl\/biobio\/#\/schema\/person\/image\/","url":"https:\/\/secure.gravatar.com\/avatar\/eeff3c82f2c02f7177d13663b7e6f890e9a6a0647ce9bb29cae02dcb094c7312?s=96&d=mm&r=g","contentUrl":"https:\/\/secure.gravatar.com\/avatar\/eeff3c82f2c02f7177d13663b7e6f890e9a6a0647ce9bb29cae02dcb094c7312?s=96&d=mm&r=g","caption":"webman"},"url":"https:\/\/dev.explora.cl\/biobio\/author\/webman\/"}]}},"_links":{"self":[{"href":"https:\/\/dev.explora.cl\/biobio\/wp-json\/wp\/v2\/posts\/37532","targetHints":{"allow":["GET"]}}],"collection":[{"href":"https:\/\/dev.explora.cl\/biobio\/wp-json\/wp\/v2\/posts"}],"about":[{"href":"https:\/\/dev.explora.cl\/biobio\/wp-json\/wp\/v2\/types\/post"}],"author":[{"embeddable":true,"href":"https:\/\/dev.explora.cl\/biobio\/wp-json\/wp\/v2\/users\/2"}],"replies":[{"embeddable":true,"href":"https:\/\/dev.explora.cl\/biobio\/wp-json\/wp\/v2\/comments?post=37532"}],"version-history":[{"count":1,"href":"https:\/\/dev.explora.cl\/biobio\/wp-json\/wp\/v2\/posts\/37532\/revisions"}],"predecessor-version":[{"id":38107,"href":"https:\/\/dev.explora.cl\/biobio\/wp-json\/wp\/v2\/posts\/37532\/revisions\/38107"}],"wp:featuredmedia":[{"embeddable":true,"href":"https:\/\/dev.explora.cl\/biobio\/wp-json\/wp\/v2\/media\/33771"}],"wp:attachment":[{"href":"https:\/\/dev.explora.cl\/biobio\/wp-json\/wp\/v2\/media?parent=37532"}],"wp:term":[{"taxonomy":"category","embeddable":true,"href":"https:\/\/dev.explora.cl\/biobio\/wp-json\/wp\/v2\/categories?post=37532"},{"taxonomy":"post_tag","embeddable":true,"href":"https:\/\/dev.explora.cl\/biobio\/wp-json\/wp\/v2\/tags?post=37532"}],"curies":[{"name":"wp","href":"https:\/\/api.w.org\/{rel}","templated":true}]}}