{"id":37530,"date":"2014-06-11T00:00:00","date_gmt":"2014-06-11T04:00:00","guid":{"rendered":"https:\/\/dev.explora.cl\/biobio\/blog\/2014\/06\/11\/se-lanzo-la-xi-feria-antartica-escolar-en-concepcion\/"},"modified":"2019-05-20T18:41:40","modified_gmt":"2019-05-20T18:41:40","slug":"se-lanzo-la-xi-feria-antartica-escolar-en-concepcion","status":"publish","type":"post","link":"https:\/\/dev.explora.cl\/biobio\/se-lanzo-la-xi-feria-antartica-escolar-en-concepcion\/","title":{"rendered":"Se lanz\u00f3 la XI Feria Ant\u00e1rtica Escolar en Concepci\u00f3n"},"content":{"rendered":"<p><img loading=\"lazy\" decoding=\"async\" class=\" size-full wp-image-2976\" src=\"http:\/\/ec2-34-218-253-251.us-west-2.compute.amazonaws.com\/wp-content\/uploads\/2014\/06\/920e74ddc49b56e1eedc29b60cb99fb2.jpg\" alt=\"\" width=\"320\" height=\"213\" \/><\/p>\n<div style=\"color: #555555;font-family: Arial, sans-serif;font-size: 14px;line-height: 23px\">\n<div class=\"entry\" style=\"padding: 0px;margin: 0px;border: 0px none;line-height: 1.5;font-family: Raleway;font-size: 12px\">\n<p style=\"margin-top: 10px;margin-bottom: 5px;color: #444444;font-family: 'Trebuchet MS', sans-serif;font-size: 12px;line-height: 16px;text-align: justify\">El mi\u00e9rcoles 27 de mayo se realiz\u00f3 el lanzamiento de la&nbsp;<strong>XI Feria Ant\u00e1rtica Escolar<\/strong>&nbsp;(FAE)<strong>&nbsp;<\/strong>en el Auditorio Universidad de Concepci\u00f3n. A dicha actividad, pueden postular estudiantes de 1er a 3er a\u00f1o de Ense\u00f1anza Media de los Establecimientos Educacionales Human\u00edstico-cient\u00edficos y de 1er a 4to a\u00f1o de Ense\u00f1anza Media de Establecimientos T\u00e9cnico Profesionales.<\/p>\n<p style=\"margin-top: 10px;margin-bottom: 5px;color: #444444;font-family: 'Trebuchet MS', sans-serif;font-size: 12px;line-height: 16px;text-align: justify\">\u00bfPero qu\u00e9 es la FAE? Se trata de una feria cient\u00edfica, en la que estudiantes de todo el pa\u00eds pueden presentar un proyecto con un grupo de trabajo, que responda a una de sus dos categor\u00edas: bibliogr\u00e1fica y experimental. Para participar, los alumnos junto a un profesor gu\u00eda, deben desarrollar un trabajo de investigaci\u00f3n sobre la Ant\u00e1rtica. El principal objetivo del certamen, es despertar tempranamente la vocaci\u00f3n cient\u00edfica polar en el pa\u00eds.<\/p>\n<p style=\"margin-top: 10px;margin-bottom: 5px;color: #444444;font-family: 'Trebuchet MS', sans-serif;font-size: 12px;line-height: 16px;text-align: justify\">Si bien la elecci\u00f3n del tema a tratar es libre, se exige que est\u00e9 asociado a alguna de estas l\u00edneas: Relaciones entre Sudam\u00e9rica y Ant\u00e1rtica, Adaptaciones al Medio Ant\u00e1rtico y sus Biorrecursos, Abundancia y Diversidad de Organismos Ant\u00e1rticos, Calentamiento Global y Evoluci\u00f3n del Clima, Medio Ambiente Ant\u00e1rtico y por \u00faltimo Astronom\u00eda y astrof\u00edsica del continente blanco.<\/p>\n<p style=\"margin-top: 10px;margin-bottom: 5px;color: #444444;font-family: 'Trebuchet MS', sans-serif;font-size: 12px;line-height: 16px;text-align: justify\">La iniciativa, organizada por el Instituto Ant\u00e1rtico Chileno (INACH), patrocinada por EXPLORA Biob\u00edo y difundida por el Centro Interactivo de Ciencias, Artes y Tecnolog\u00edas, CiCAT, busca incentivar la investigaci\u00f3n cient\u00edfica escolar sobre temas del continente blanco&nbsp; en estudiantes de educaci\u00f3n media de todo el pa\u00eds.<\/p>\n<p style=\"margin-top: 10px;margin-bottom: 5px;color: #444444;font-family: 'Trebuchet MS', sans-serif;font-size: 12px;line-height: 16px;text-align: justify\">Es por ello, que el lanzamiento cont\u00f3 con la charla&nbsp;<strong>\u201cMicroorganismos Ant\u00e1rticos: Diversidad y su potencial para aplicaciones biotecnol\u00f3gicas\u201d<\/strong>, presentada por el Dr. Gerardo Gonz\u00e1lez Rocha, del Laboratorio de investigaci\u00f3n en agentes antibacterianos (LIAA), Departamento de Microbiolog\u00eda, Facultad de Ciencias Biol\u00f3gicas UdeC. &nbsp;El acad\u00e9mico inst\u00f3 a los presentes a participar en la FAE, \u201cac\u00e1 hay una masa cr\u00edtica importante, por lo que los invito a ser ciudadanos del continente blanco, atr\u00e9vanse a ser parte de esto\u201d les dijo.<\/p>\n<p style=\"margin-top: 10px;margin-bottom: 5px;color: #444444;font-family: 'Trebuchet MS', sans-serif;font-size: 12px;line-height: 16px;text-align: justify\">Por su parte, Edgardo Vega, asesor cient\u00edfico del CiCAT, cerr\u00f3 la jornada explicando las maneras que existen para postular, cuales son los requisitos y quienes pueden hacerlo. Adem\u00e1s destac\u00f3 la importancia de participar de estas iniciativas, ya que \u201ccomo pa\u00eds vamos a tener que tomar decisiones de aqu\u00ed a cuando se revisen los tratados internacionales, y es importante que la ciudadan\u00eda sepa estas cosas. Esta es una muy bonita oportunidad de desarrollar ciudadan\u00eda y ciencia al mismo tiempo, porque el continente ant\u00e1rtico es un continente de ciencia\u201d.<\/p>\n<p style=\"margin-top: 10px;margin-bottom: 5px;color: #444444;font-family: 'Trebuchet MS', sans-serif;font-size: 12px;line-height: 16px;text-align: justify\"><img loading=\"lazy\" decoding=\"async\" style=\"margin-top: 10px;margin-bottom: 10px;margin-left: 10px;float: right\" src=\"https:\/\/dev.explora.cl\/images_new\/SitiosRegionales-VIIIRegion\/NoticiasRegionales-VIIIRegion\/IMG_5999_Mobile.jpg\" alt=\"IMG_5999_Mobile\" width=\"320\" height=\"213\" \/>Cabe destacar que el congreso cient\u00edfico escolar se desarrollar\u00e1 entre el&nbsp;<strong>6 y el 9 de noviembre<\/strong>, en la ciudad de Punta Arenas, y que el plazo para presentar sus propuestas vence el&nbsp;<strong>5 de septiembre a las 12:00 hrs<\/strong>. Las bases est\u00e1n publicadas en el sitio electr\u00f3nico&nbsp;<a style=\"color: #007399\" href=\"http:\/\/www.inach.cl\/fae\">www.inach.cl\/fae<\/a>.<\/p>\n<p style=\"margin-top: 10px;margin-bottom: 5px;color: #444444;font-family: 'Trebuchet MS', sans-serif;font-size: 12px;line-height: 16px;text-align: justify\">De este modo, y como ha sido la t\u00f3nica los 10 a\u00f1os anteriores en que se realiz\u00f3 dicha actividad, las propuestas de 2014 se sumar\u00e1n a los m\u00e1s de 600 trabajos existentes, que lleva la FAE en sus a\u00f1os de funcionamiento. Las investigaciones presentadas ser\u00e1n analizadas por un jurado compuesto por reconocidos investigadores, quienes tendr\u00e1n la labor de seleccionar las 30 mejores. La lista con estos seleccionados ser\u00e1 publicada el&nbsp;<strong>09 de octubre<\/strong>, en el ya mencionado sitio web de la entidad.<\/p>\n<p style=\"margin-top: 10px;margin-bottom: 5px;color: #444444;font-family: 'Trebuchet MS', sans-serif;font-size: 12px;line-height: 16px;text-align: justify\">Pero como siempre existe una motivaci\u00f3n final para quienes postulen, nuevamente los dos mejores trabajos en cada categor\u00eda (experimental y bibliogr\u00e1fica) podr\u00e1n participar en la Expedici\u00f3n Ant\u00e1rtica Escolar 2014, que consiste en un viaje al Continente Blanco, para realizar un extenso programa cient\u00edfico y cultural, oportunidad \u00fanica para los estudiantes y para sus profesores.<\/p>\n<p style=\"margin-top: 10px;margin-bottom: 5px;color: #444444;font-family: 'Trebuchet MS', sans-serif;font-size: 12px;line-height: 16px;text-align: justify\">Los lanzamientos en la regi\u00f3n del Biob\u00edo comenzaron el lunes 26 en Chill\u00e1n, el martes fue el turno de la provincia de Concepci\u00f3n, y finalizan el jueves en Los \u00c1ngeles, en el campus UdeC.<\/p>\n<\/p><\/div>\n<\/p><\/div>\n","protected":false},"excerpt":{"rendered":"<p>El mi\u00e9rcoles 27 de mayo se realiz\u00f3 el lanzamiento de la&nbsp;XI Feria Ant\u00e1rtica Escolar&nbsp;(FAE)&nbsp;en el Auditorio Universidad de Concepci\u00f3n. A dicha actividad, pueden postular estudiantes de 1er a 3er a\u00f1o de Ense\u00f1anza Media de los Establecimientos Educacionales Human\u00edstico-cient\u00edficos y de 1er a 4to a\u00f1o de Ense\u00f1anza Media de Establecimientos T\u00e9cnico Profesionales. \u00bfPero qu\u00e9 es la [&hellip;]<\/p>\n","protected":false},"author":2,"featured_media":33769,"comment_status":"open","ping_status":"open","sticky":false,"template":"","format":"standard","meta":{"_acf_changed":false,"_exactmetrics_skip_tracking":false,"_exactmetrics_sitenote_active":false,"_exactmetrics_sitenote_note":"","_exactmetrics_sitenote_category":0,"footnotes":"","_links_to":"","_links_to_target":""},"categories":[4],"tags":[],"class_list":["post-37530","post","type-post","status-publish","format-standard","has-post-thumbnail","hentry","category-noticias"],"acf":[],"yoast_head":"<!-- This site is optimized with the Yoast SEO plugin v26.7 - https:\/\/yoast.com\/wordpress\/plugins\/seo\/ -->\n<title>Se lanz\u00f3 la XI Feria Ant\u00e1rtica Escolar en Concepci\u00f3n - Biob\u00edo<\/title>\n<meta name=\"robots\" content=\"index, follow, max-snippet:-1, max-image-preview:large, max-video-preview:-1\" \/>\n<link rel=\"canonical\" href=\"https:\/\/dev.explora.cl\/biobio\/se-lanzo-la-xi-feria-antartica-escolar-en-concepcion\/\" class=\"yoast-seo-meta-tag\" \/>\n<meta property=\"og:locale\" content=\"es_ES\" class=\"yoast-seo-meta-tag\" \/>\n<meta property=\"og:type\" content=\"article\" class=\"yoast-seo-meta-tag\" \/>\n<meta property=\"og:title\" content=\"Se lanz\u00f3 la XI Feria Ant\u00e1rtica Escolar en Concepci\u00f3n - Biob\u00edo\" class=\"yoast-seo-meta-tag\" \/>\n<meta property=\"og:description\" content=\"El mi\u00e9rcoles 27 de mayo se realiz\u00f3 el lanzamiento de la&nbsp;XI Feria Ant\u00e1rtica Escolar&nbsp;(FAE)&nbsp;en el Auditorio Universidad de Concepci\u00f3n. A dicha actividad, pueden postular estudiantes de 1er a 3er a\u00f1o de Ense\u00f1anza Media de los Establecimientos Educacionales Human\u00edstico-cient\u00edficos y de 1er a 4to a\u00f1o de Ense\u00f1anza Media de Establecimientos T\u00e9cnico Profesionales. \u00bfPero qu\u00e9 es la [&hellip;]\" class=\"yoast-seo-meta-tag\" \/>\n<meta property=\"og:url\" content=\"https:\/\/dev.explora.cl\/biobio\/se-lanzo-la-xi-feria-antartica-escolar-en-concepcion\/\" class=\"yoast-seo-meta-tag\" \/>\n<meta property=\"og:site_name\" content=\"Biob\u00edo\" class=\"yoast-seo-meta-tag\" \/>\n<meta property=\"article:published_time\" content=\"2014-06-11T04:00:00+00:00\" class=\"yoast-seo-meta-tag\" \/>\n<meta property=\"article:modified_time\" content=\"2019-05-20T18:41:40+00:00\" class=\"yoast-seo-meta-tag\" \/>\n<meta property=\"og:image\" content=\"https:\/\/dev.explora.cl\/biobio\/wp-content\/uploads\/sites\/14\/2018\/06\/920e74ddc49b56e1eedc29b60cb99fb2.jpg\" class=\"yoast-seo-meta-tag\" \/>\n\t<meta property=\"og:image:width\" content=\"320\" class=\"yoast-seo-meta-tag\" \/>\n\t<meta property=\"og:image:height\" content=\"213\" class=\"yoast-seo-meta-tag\" \/>\n\t<meta property=\"og:image:type\" content=\"image\/jpeg\" class=\"yoast-seo-meta-tag\" \/>\n<meta name=\"author\" content=\"webman\" class=\"yoast-seo-meta-tag\" \/>\n<meta name=\"twitter:card\" content=\"summary_large_image\" class=\"yoast-seo-meta-tag\" \/>\n<meta name=\"twitter:label1\" content=\"Escrito por\" class=\"yoast-seo-meta-tag\" \/>\n\t<meta name=\"twitter:data1\" content=\"webman\" class=\"yoast-seo-meta-tag\" \/>\n\t<meta name=\"twitter:label2\" content=\"Tiempo estimado de lectura\" class=\"yoast-seo-meta-tag\" \/>\n\t<meta name=\"twitter:data2\" content=\"3 minutos\" class=\"yoast-seo-meta-tag\" \/>\n<script type=\"application\/ld+json\" class=\"yoast-schema-graph\">{\"@context\":\"https:\/\/schema.org\",\"@graph\":[{\"@type\":\"Article\",\"@id\":\"https:\/\/dev.explora.cl\/biobio\/se-lanzo-la-xi-feria-antartica-escolar-en-concepcion\/#article\",\"isPartOf\":{\"@id\":\"https:\/\/dev.explora.cl\/biobio\/se-lanzo-la-xi-feria-antartica-escolar-en-concepcion\/\"},\"author\":{\"name\":\"webman\",\"@id\":\"https:\/\/dev.explora.cl\/biobio\/#\/schema\/person\/cb8349c13ea2d324080adf8480d7ba5d\"},\"headline\":\"Se lanz\u00f3 la XI Feria Ant\u00e1rtica Escolar en Concepci\u00f3n\",\"datePublished\":\"2014-06-11T04:00:00+00:00\",\"dateModified\":\"2019-05-20T18:41:40+00:00\",\"mainEntityOfPage\":{\"@id\":\"https:\/\/dev.explora.cl\/biobio\/se-lanzo-la-xi-feria-antartica-escolar-en-concepcion\/\"},\"wordCount\":696,\"commentCount\":0,\"image\":{\"@id\":\"https:\/\/dev.explora.cl\/biobio\/se-lanzo-la-xi-feria-antartica-escolar-en-concepcion\/#primaryimage\"},\"thumbnailUrl\":\"https:\/\/dev.explora.cl\/biobio\/wp-content\/uploads\/sites\/14\/2018\/06\/920e74ddc49b56e1eedc29b60cb99fb2.jpg\",\"articleSection\":[\"Noticias\"],\"inLanguage\":\"es-CL\",\"potentialAction\":[{\"@type\":\"CommentAction\",\"name\":\"Comment\",\"target\":[\"https:\/\/dev.explora.cl\/biobio\/se-lanzo-la-xi-feria-antartica-escolar-en-concepcion\/#respond\"]}]},{\"@type\":\"WebPage\",\"@id\":\"https:\/\/dev.explora.cl\/biobio\/se-lanzo-la-xi-feria-antartica-escolar-en-concepcion\/\",\"url\":\"https:\/\/dev.explora.cl\/biobio\/se-lanzo-la-xi-feria-antartica-escolar-en-concepcion\/\",\"name\":\"Se lanz\u00f3 la XI Feria Ant\u00e1rtica Escolar en Concepci\u00f3n - Biob\u00edo\",\"isPartOf\":{\"@id\":\"https:\/\/dev.explora.cl\/biobio\/#website\"},\"primaryImageOfPage\":{\"@id\":\"https:\/\/dev.explora.cl\/biobio\/se-lanzo-la-xi-feria-antartica-escolar-en-concepcion\/#primaryimage\"},\"image\":{\"@id\":\"https:\/\/dev.explora.cl\/biobio\/se-lanzo-la-xi-feria-antartica-escolar-en-concepcion\/#primaryimage\"},\"thumbnailUrl\":\"https:\/\/dev.explora.cl\/biobio\/wp-content\/uploads\/sites\/14\/2018\/06\/920e74ddc49b56e1eedc29b60cb99fb2.jpg\",\"datePublished\":\"2014-06-11T04:00:00+00:00\",\"dateModified\":\"2019-05-20T18:41:40+00:00\",\"author\":{\"@id\":\"https:\/\/dev.explora.cl\/biobio\/#\/schema\/person\/cb8349c13ea2d324080adf8480d7ba5d\"},\"breadcrumb\":{\"@id\":\"https:\/\/dev.explora.cl\/biobio\/se-lanzo-la-xi-feria-antartica-escolar-en-concepcion\/#breadcrumb\"},\"inLanguage\":\"es-CL\",\"potentialAction\":[{\"@type\":\"ReadAction\",\"target\":[\"https:\/\/dev.explora.cl\/biobio\/se-lanzo-la-xi-feria-antartica-escolar-en-concepcion\/\"]}]},{\"@type\":\"ImageObject\",\"inLanguage\":\"es-CL\",\"@id\":\"https:\/\/dev.explora.cl\/biobio\/se-lanzo-la-xi-feria-antartica-escolar-en-concepcion\/#primaryimage\",\"url\":\"https:\/\/dev.explora.cl\/biobio\/wp-content\/uploads\/sites\/14\/2018\/06\/920e74ddc49b56e1eedc29b60cb99fb2.jpg\",\"contentUrl\":\"https:\/\/dev.explora.cl\/biobio\/wp-content\/uploads\/sites\/14\/2018\/06\/920e74ddc49b56e1eedc29b60cb99fb2.jpg\",\"width\":320,\"height\":213},{\"@type\":\"BreadcrumbList\",\"@id\":\"https:\/\/dev.explora.cl\/biobio\/se-lanzo-la-xi-feria-antartica-escolar-en-concepcion\/#breadcrumb\",\"itemListElement\":[{\"@type\":\"ListItem\",\"position\":1,\"name\":\"Portada\",\"item\":\"https:\/\/dev.explora.cl\/biobio\/\"},{\"@type\":\"ListItem\",\"position\":2,\"name\":\"Se lanz\u00f3 la XI Feria Ant\u00e1rtica Escolar en Concepci\u00f3n\"}]},{\"@type\":\"WebSite\",\"@id\":\"https:\/\/dev.explora.cl\/biobio\/#website\",\"url\":\"https:\/\/dev.explora.cl\/biobio\/\",\"name\":\"Biob\u00edo\",\"description\":\"Otro sitio m\u00e1s de dev.explora.cl\",\"potentialAction\":[{\"@type\":\"SearchAction\",\"target\":{\"@type\":\"EntryPoint\",\"urlTemplate\":\"https:\/\/dev.explora.cl\/biobio\/?s={search_term_string}\"},\"query-input\":{\"@type\":\"PropertyValueSpecification\",\"valueRequired\":true,\"valueName\":\"search_term_string\"}}],\"inLanguage\":\"es-CL\"},{\"@type\":\"Person\",\"@id\":\"https:\/\/dev.explora.cl\/biobio\/#\/schema\/person\/cb8349c13ea2d324080adf8480d7ba5d\",\"name\":\"webman\",\"image\":{\"@type\":\"ImageObject\",\"inLanguage\":\"es-CL\",\"@id\":\"https:\/\/dev.explora.cl\/biobio\/#\/schema\/person\/image\/\",\"url\":\"https:\/\/secure.gravatar.com\/avatar\/eeff3c82f2c02f7177d13663b7e6f890e9a6a0647ce9bb29cae02dcb094c7312?s=96&d=mm&r=g\",\"contentUrl\":\"https:\/\/secure.gravatar.com\/avatar\/eeff3c82f2c02f7177d13663b7e6f890e9a6a0647ce9bb29cae02dcb094c7312?s=96&d=mm&r=g\",\"caption\":\"webman\"},\"url\":\"https:\/\/dev.explora.cl\/biobio\/author\/webman\/\"}]}<\/script>\n<!-- \/ Yoast SEO plugin. -->","yoast_head_json":{"title":"Se lanz\u00f3 la XI Feria Ant\u00e1rtica Escolar en Concepci\u00f3n - Biob\u00edo","robots":{"index":"index","follow":"follow","max-snippet":"max-snippet:-1","max-image-preview":"max-image-preview:large","max-video-preview":"max-video-preview:-1"},"canonical":"https:\/\/dev.explora.cl\/biobio\/se-lanzo-la-xi-feria-antartica-escolar-en-concepcion\/","og_locale":"es_ES","og_type":"article","og_title":"Se lanz\u00f3 la XI Feria Ant\u00e1rtica Escolar en Concepci\u00f3n - Biob\u00edo","og_description":"El mi\u00e9rcoles 27 de mayo se realiz\u00f3 el lanzamiento de la&nbsp;XI Feria Ant\u00e1rtica Escolar&nbsp;(FAE)&nbsp;en el Auditorio Universidad de Concepci\u00f3n. A dicha actividad, pueden postular estudiantes de 1er a 3er a\u00f1o de Ense\u00f1anza Media de los Establecimientos Educacionales Human\u00edstico-cient\u00edficos y de 1er a 4to a\u00f1o de Ense\u00f1anza Media de Establecimientos T\u00e9cnico Profesionales. \u00bfPero qu\u00e9 es la [&hellip;]","og_url":"https:\/\/dev.explora.cl\/biobio\/se-lanzo-la-xi-feria-antartica-escolar-en-concepcion\/","og_site_name":"Biob\u00edo","article_published_time":"2014-06-11T04:00:00+00:00","article_modified_time":"2019-05-20T18:41:40+00:00","og_image":[{"width":320,"height":213,"url":"https:\/\/dev.explora.cl\/biobio\/wp-content\/uploads\/sites\/14\/2018\/06\/920e74ddc49b56e1eedc29b60cb99fb2.jpg","type":"image\/jpeg"}],"author":"webman","twitter_card":"summary_large_image","twitter_misc":{"Escrito por":"webman","Tiempo estimado de lectura":"3 minutos"},"schema":{"@context":"https:\/\/schema.org","@graph":[{"@type":"Article","@id":"https:\/\/dev.explora.cl\/biobio\/se-lanzo-la-xi-feria-antartica-escolar-en-concepcion\/#article","isPartOf":{"@id":"https:\/\/dev.explora.cl\/biobio\/se-lanzo-la-xi-feria-antartica-escolar-en-concepcion\/"},"author":{"name":"webman","@id":"https:\/\/dev.explora.cl\/biobio\/#\/schema\/person\/cb8349c13ea2d324080adf8480d7ba5d"},"headline":"Se lanz\u00f3 la XI Feria Ant\u00e1rtica Escolar en Concepci\u00f3n","datePublished":"2014-06-11T04:00:00+00:00","dateModified":"2019-05-20T18:41:40+00:00","mainEntityOfPage":{"@id":"https:\/\/dev.explora.cl\/biobio\/se-lanzo-la-xi-feria-antartica-escolar-en-concepcion\/"},"wordCount":696,"commentCount":0,"image":{"@id":"https:\/\/dev.explora.cl\/biobio\/se-lanzo-la-xi-feria-antartica-escolar-en-concepcion\/#primaryimage"},"thumbnailUrl":"https:\/\/dev.explora.cl\/biobio\/wp-content\/uploads\/sites\/14\/2018\/06\/920e74ddc49b56e1eedc29b60cb99fb2.jpg","articleSection":["Noticias"],"inLanguage":"es-CL","potentialAction":[{"@type":"CommentAction","name":"Comment","target":["https:\/\/dev.explora.cl\/biobio\/se-lanzo-la-xi-feria-antartica-escolar-en-concepcion\/#respond"]}]},{"@type":"WebPage","@id":"https:\/\/dev.explora.cl\/biobio\/se-lanzo-la-xi-feria-antartica-escolar-en-concepcion\/","url":"https:\/\/dev.explora.cl\/biobio\/se-lanzo-la-xi-feria-antartica-escolar-en-concepcion\/","name":"Se lanz\u00f3 la XI Feria Ant\u00e1rtica Escolar en Concepci\u00f3n - Biob\u00edo","isPartOf":{"@id":"https:\/\/dev.explora.cl\/biobio\/#website"},"primaryImageOfPage":{"@id":"https:\/\/dev.explora.cl\/biobio\/se-lanzo-la-xi-feria-antartica-escolar-en-concepcion\/#primaryimage"},"image":{"@id":"https:\/\/dev.explora.cl\/biobio\/se-lanzo-la-xi-feria-antartica-escolar-en-concepcion\/#primaryimage"},"thumbnailUrl":"https:\/\/dev.explora.cl\/biobio\/wp-content\/uploads\/sites\/14\/2018\/06\/920e74ddc49b56e1eedc29b60cb99fb2.jpg","datePublished":"2014-06-11T04:00:00+00:00","dateModified":"2019-05-20T18:41:40+00:00","author":{"@id":"https:\/\/dev.explora.cl\/biobio\/#\/schema\/person\/cb8349c13ea2d324080adf8480d7ba5d"},"breadcrumb":{"@id":"https:\/\/dev.explora.cl\/biobio\/se-lanzo-la-xi-feria-antartica-escolar-en-concepcion\/#breadcrumb"},"inLanguage":"es-CL","potentialAction":[{"@type":"ReadAction","target":["https:\/\/dev.explora.cl\/biobio\/se-lanzo-la-xi-feria-antartica-escolar-en-concepcion\/"]}]},{"@type":"ImageObject","inLanguage":"es-CL","@id":"https:\/\/dev.explora.cl\/biobio\/se-lanzo-la-xi-feria-antartica-escolar-en-concepcion\/#primaryimage","url":"https:\/\/dev.explora.cl\/biobio\/wp-content\/uploads\/sites\/14\/2018\/06\/920e74ddc49b56e1eedc29b60cb99fb2.jpg","contentUrl":"https:\/\/dev.explora.cl\/biobio\/wp-content\/uploads\/sites\/14\/2018\/06\/920e74ddc49b56e1eedc29b60cb99fb2.jpg","width":320,"height":213},{"@type":"BreadcrumbList","@id":"https:\/\/dev.explora.cl\/biobio\/se-lanzo-la-xi-feria-antartica-escolar-en-concepcion\/#breadcrumb","itemListElement":[{"@type":"ListItem","position":1,"name":"Portada","item":"https:\/\/dev.explora.cl\/biobio\/"},{"@type":"ListItem","position":2,"name":"Se lanz\u00f3 la XI Feria Ant\u00e1rtica Escolar en Concepci\u00f3n"}]},{"@type":"WebSite","@id":"https:\/\/dev.explora.cl\/biobio\/#website","url":"https:\/\/dev.explora.cl\/biobio\/","name":"Biob\u00edo","description":"Otro sitio m\u00e1s de dev.explora.cl","potentialAction":[{"@type":"SearchAction","target":{"@type":"EntryPoint","urlTemplate":"https:\/\/dev.explora.cl\/biobio\/?s={search_term_string}"},"query-input":{"@type":"PropertyValueSpecification","valueRequired":true,"valueName":"search_term_string"}}],"inLanguage":"es-CL"},{"@type":"Person","@id":"https:\/\/dev.explora.cl\/biobio\/#\/schema\/person\/cb8349c13ea2d324080adf8480d7ba5d","name":"webman","image":{"@type":"ImageObject","inLanguage":"es-CL","@id":"https:\/\/dev.explora.cl\/biobio\/#\/schema\/person\/image\/","url":"https:\/\/secure.gravatar.com\/avatar\/eeff3c82f2c02f7177d13663b7e6f890e9a6a0647ce9bb29cae02dcb094c7312?s=96&d=mm&r=g","contentUrl":"https:\/\/secure.gravatar.com\/avatar\/eeff3c82f2c02f7177d13663b7e6f890e9a6a0647ce9bb29cae02dcb094c7312?s=96&d=mm&r=g","caption":"webman"},"url":"https:\/\/dev.explora.cl\/biobio\/author\/webman\/"}]}},"_links":{"self":[{"href":"https:\/\/dev.explora.cl\/biobio\/wp-json\/wp\/v2\/posts\/37530","targetHints":{"allow":["GET"]}}],"collection":[{"href":"https:\/\/dev.explora.cl\/biobio\/wp-json\/wp\/v2\/posts"}],"about":[{"href":"https:\/\/dev.explora.cl\/biobio\/wp-json\/wp\/v2\/types\/post"}],"author":[{"embeddable":true,"href":"https:\/\/dev.explora.cl\/biobio\/wp-json\/wp\/v2\/users\/2"}],"replies":[{"embeddable":true,"href":"https:\/\/dev.explora.cl\/biobio\/wp-json\/wp\/v2\/comments?post=37530"}],"version-history":[{"count":1,"href":"https:\/\/dev.explora.cl\/biobio\/wp-json\/wp\/v2\/posts\/37530\/revisions"}],"predecessor-version":[{"id":38105,"href":"https:\/\/dev.explora.cl\/biobio\/wp-json\/wp\/v2\/posts\/37530\/revisions\/38105"}],"wp:featuredmedia":[{"embeddable":true,"href":"https:\/\/dev.explora.cl\/biobio\/wp-json\/wp\/v2\/media\/33769"}],"wp:attachment":[{"href":"https:\/\/dev.explora.cl\/biobio\/wp-json\/wp\/v2\/media?parent=37530"}],"wp:term":[{"taxonomy":"category","embeddable":true,"href":"https:\/\/dev.explora.cl\/biobio\/wp-json\/wp\/v2\/categories?post=37530"},{"taxonomy":"post_tag","embeddable":true,"href":"https:\/\/dev.explora.cl\/biobio\/wp-json\/wp\/v2\/tags?post=37530"}],"curies":[{"name":"wp","href":"https:\/\/api.w.org\/{rel}","templated":true}]}}