{"id":37446,"date":"2019-03-14T15:57:11","date_gmt":"2019-03-14T19:57:11","guid":{"rendered":"https:\/\/dev.explora.cl\/biobio\/?p=37446"},"modified":"2019-05-20T18:46:30","modified_gmt":"2019-05-20T18:46:30","slug":"par-explora-biobio-capacito-a-74-profesores-de-las-regiones-del-biobio-y-del-nuble","status":"publish","type":"post","link":"https:\/\/dev.explora.cl\/biobio\/par-explora-biobio-capacito-a-74-profesores-de-las-regiones-del-biobio-y-del-nuble\/","title":{"rendered":"PAR Explora Biob\u00edo capacit\u00f3 a 74 profesores de las regiones del Biob\u00edo y del \u00d1uble"},"content":{"rendered":"<p><em>El Proyecto Asociativo Regional, PAR, Explora CONICYT Biob\u00edo ejecutado por el Centro Interactivo de Ciencias, Artes y Tecnolog\u00edas, CICAT, de la Universidad de Concepci\u00f3n,\u00a0 en una entretenida modalidad de trabajo realiz\u00f3 \u201cMi comuna vive la ciencia\u201d, taller\u00a0 que tiene por objetivo fomentar la investigaci\u00f3n cient\u00edfica escolar.<\/em><br \/>\nEl Encargado de Valoraci\u00f3n del PAR, y relator de la actividad, Cristi\u00e1n Espinoza, coment\u00f3 que \u201cen esta iniciativa buscamos apoyar al profesor desde las bases, para que en el proceso de trabajar con sus talleres de ciencias ellos puedan tener mayores insumos y herramientas a trav\u00e9s de ejemplos simples y aplicables\u201d. De esta manera, se espera incentivar a los docentes a formar equipos de investigaci\u00f3n en sus establecimientos educacionales en las m\u00e1s diversas \u00e1reas.<br \/>\nLa acad\u00e9mica del Departamento de Bioqu\u00edmica y Biolog\u00eda Molecular de la Facultad de Ciencias Biol\u00f3gicas de la UdeC, Dra. Carola Bruna, plante\u00f3 preguntas y resolvi\u00f3 dudas de los profesores durante la jornada.<br \/>\n\u201cLo que hicimos fue trabajar con el m\u00e9todo cient\u00edfico y aclarar tem\u00e1ticas que son muy te\u00f3ricas, desde la pr\u00e1ctica, a trav\u00e9s de actividades y con el apoyo de las nuevas tecnolog\u00edas. Utilizamos la aplicaci\u00f3n <em>kahoot<\/em>, jugamos y fuimos clarificando las interrogantes de manera que ellos las fueran descubriendo el m\u00e9todo para que luego lo hagan como algo l\u00f3gico\u201d expres\u00f3.<br \/>\nLos docentes se enfrentaron a distintos desaf\u00edos, a trav\u00e9s de los cuales fueron detectando los pasos a seguir por medio del ensayo y el error. La profesora de la Escuela Isidora Goyenechea de Lota, Camila Ruiz P\u00e9rez, particip\u00f3 por primera vez en una actividad del PAR Explora Biob\u00edo y coment\u00f3 que \u201ces una muy buena instancia, porque nos sirve para hacer proyectos con nuestros estudiantes y lo m\u00e1s importante es que nos ense\u00f1aron paso a paso c\u00f3mo lo podemos hacer\u201d.<br \/>\nAs\u00ed mismo, el profesor de matem\u00e1ticas de la Escuela Arturo Ebensperger Richter de Lebu, V\u00edctor Red\u00f3n, dijo que \u201cla actividad es genial, me gust\u00f3 mucho aunque no es mi disciplina porque soy profesor de matem\u00e1ticas, pero tengo un taller de rob\u00f3tica y me gusta este estilo de talleres porque trato de homologar las situaciones para traspas\u00e1rselas a mis estudiantes\u201d.<br \/>\nAl mismo tiempo, \u00a0la profesora de Qu\u00edmica y Biolog\u00eda del Liceo Mauricio Hochschild de San Pedro de la Paz Anabella Vallejos,\u00a0 confes\u00f3 que la jornada \u201cnos hace recordar qu\u00e9 es el m\u00e9todo cient\u00edfico, el que muchas veces se nos va de las manos en el aula as\u00ed que me parece espectacular que se hagan este tipo de actividades&#8221;.<br \/>\nLa Regi\u00f3n del \u00d1uble estuvo representada por 9 docentes, algunos de ellos llevan a\u00f1os participando en Explora, mientras que otros participaron por primera vez, quienes con esta actividad tuvieron un acercamiento a la investigaci\u00f3n cient\u00edfica escolar y durante este a\u00f1o formar\u00e1n parte de la red del nuevo PAR Explora \u00d1uble, donde podr\u00e1n compartir sus experiencias con otros docentes.<br \/>\n&nbsp;<br \/>\n&nbsp;<br \/>\n&nbsp;<br \/>\n&nbsp;<\/p>\n","protected":false},"excerpt":{"rendered":"<p>El Proyecto Asociativo Regional, PAR, Explora CONICYT Biob\u00edo ejecutado por el Centro Interactivo de Ciencias, Artes y Tecnolog\u00edas, CICAT, de la Universidad de Concepci\u00f3n,\u00a0 en una entretenida modalidad de trabajo realiz\u00f3 \u201cMi comuna vive la ciencia\u201d, taller\u00a0 que tiene por objetivo fomentar la investigaci\u00f3n cient\u00edfica escolar. El Encargado de Valoraci\u00f3n del PAR, y relator de [&hellip;]<\/p>\n","protected":false},"author":2,"featured_media":37447,"comment_status":"closed","ping_status":"open","sticky":false,"template":"","format":"standard","meta":{"_acf_changed":false,"_exactmetrics_skip_tracking":false,"_exactmetrics_sitenote_active":false,"_exactmetrics_sitenote_note":"","_exactmetrics_sitenote_category":0,"footnotes":"","_links_to":"","_links_to_target":""},"categories":[4,1],"tags":[],"class_list":["post-37446","post","type-post","status-publish","format-standard","has-post-thumbnail","hentry","category-noticias","category-sin-categoria"],"acf":[],"yoast_head":"<!-- This site is optimized with the Yoast SEO plugin v26.7 - https:\/\/yoast.com\/wordpress\/plugins\/seo\/ -->\n<title>PAR Explora Biob\u00edo capacit\u00f3 a 74 profesores de las regiones del Biob\u00edo y del \u00d1uble - Biob\u00edo<\/title>\n<meta name=\"robots\" content=\"index, follow, max-snippet:-1, max-image-preview:large, max-video-preview:-1\" \/>\n<link rel=\"canonical\" href=\"https:\/\/dev.explora.cl\/biobio\/par-explora-biobio-capacito-a-74-profesores-de-las-regiones-del-biobio-y-del-nuble\/\" class=\"yoast-seo-meta-tag\" \/>\n<meta property=\"og:locale\" content=\"es_ES\" class=\"yoast-seo-meta-tag\" \/>\n<meta property=\"og:type\" content=\"article\" class=\"yoast-seo-meta-tag\" \/>\n<meta property=\"og:title\" content=\"PAR Explora Biob\u00edo capacit\u00f3 a 74 profesores de las regiones del Biob\u00edo y del \u00d1uble - Biob\u00edo\" class=\"yoast-seo-meta-tag\" \/>\n<meta property=\"og:description\" content=\"El Proyecto Asociativo Regional, PAR, Explora CONICYT Biob\u00edo ejecutado por el Centro Interactivo de Ciencias, Artes y Tecnolog\u00edas, CICAT, de la Universidad de Concepci\u00f3n,\u00a0 en una entretenida modalidad de trabajo realiz\u00f3 \u201cMi comuna vive la ciencia\u201d, taller\u00a0 que tiene por objetivo fomentar la investigaci\u00f3n cient\u00edfica escolar. El Encargado de Valoraci\u00f3n del PAR, y relator de [&hellip;]\" class=\"yoast-seo-meta-tag\" \/>\n<meta property=\"og:url\" content=\"https:\/\/dev.explora.cl\/biobio\/par-explora-biobio-capacito-a-74-profesores-de-las-regiones-del-biobio-y-del-nuble\/\" class=\"yoast-seo-meta-tag\" \/>\n<meta property=\"og:site_name\" content=\"Biob\u00edo\" class=\"yoast-seo-meta-tag\" \/>\n<meta property=\"article:published_time\" content=\"2019-03-14T19:57:11+00:00\" class=\"yoast-seo-meta-tag\" \/>\n<meta property=\"article:modified_time\" content=\"2019-05-20T18:46:30+00:00\" class=\"yoast-seo-meta-tag\" \/>\n<meta property=\"og:image\" content=\"https:\/\/dev.explora.cl\/biobio\/wp-content\/uploads\/sites\/14\/2019\/03\/WhatsApp-Image-2019-03-14-at-16.25.18.jpeg\" class=\"yoast-seo-meta-tag\" \/>\n\t<meta property=\"og:image:width\" content=\"1280\" class=\"yoast-seo-meta-tag\" \/>\n\t<meta property=\"og:image:height\" content=\"960\" class=\"yoast-seo-meta-tag\" \/>\n\t<meta property=\"og:image:type\" content=\"image\/jpeg\" class=\"yoast-seo-meta-tag\" \/>\n<meta name=\"author\" content=\"webman\" class=\"yoast-seo-meta-tag\" \/>\n<meta name=\"twitter:card\" content=\"summary_large_image\" class=\"yoast-seo-meta-tag\" \/>\n<meta name=\"twitter:label1\" content=\"Escrito por\" class=\"yoast-seo-meta-tag\" \/>\n\t<meta name=\"twitter:data1\" content=\"webman\" class=\"yoast-seo-meta-tag\" \/>\n\t<meta name=\"twitter:label2\" content=\"Tiempo estimado de lectura\" class=\"yoast-seo-meta-tag\" \/>\n\t<meta name=\"twitter:data2\" content=\"3 minutos\" class=\"yoast-seo-meta-tag\" \/>\n<script type=\"application\/ld+json\" class=\"yoast-schema-graph\">{\"@context\":\"https:\/\/schema.org\",\"@graph\":[{\"@type\":\"Article\",\"@id\":\"https:\/\/dev.explora.cl\/biobio\/par-explora-biobio-capacito-a-74-profesores-de-las-regiones-del-biobio-y-del-nuble\/#article\",\"isPartOf\":{\"@id\":\"https:\/\/dev.explora.cl\/biobio\/par-explora-biobio-capacito-a-74-profesores-de-las-regiones-del-biobio-y-del-nuble\/\"},\"author\":{\"name\":\"webman\",\"@id\":\"https:\/\/dev.explora.cl\/biobio\/#\/schema\/person\/cb8349c13ea2d324080adf8480d7ba5d\"},\"headline\":\"PAR Explora Biob\u00edo capacit\u00f3 a 74 profesores de las regiones del Biob\u00edo y del \u00d1uble\",\"datePublished\":\"2019-03-14T19:57:11+00:00\",\"dateModified\":\"2019-05-20T18:46:30+00:00\",\"mainEntityOfPage\":{\"@id\":\"https:\/\/dev.explora.cl\/biobio\/par-explora-biobio-capacito-a-74-profesores-de-las-regiones-del-biobio-y-del-nuble\/\"},\"wordCount\":533,\"image\":{\"@id\":\"https:\/\/dev.explora.cl\/biobio\/par-explora-biobio-capacito-a-74-profesores-de-las-regiones-del-biobio-y-del-nuble\/#primaryimage\"},\"thumbnailUrl\":\"https:\/\/dev.explora.cl\/biobio\/wp-content\/uploads\/sites\/14\/2019\/03\/WhatsApp-Image-2019-03-14-at-16.25.18.jpeg\",\"articleSection\":[\"Noticias\"],\"inLanguage\":\"es-CL\"},{\"@type\":\"WebPage\",\"@id\":\"https:\/\/dev.explora.cl\/biobio\/par-explora-biobio-capacito-a-74-profesores-de-las-regiones-del-biobio-y-del-nuble\/\",\"url\":\"https:\/\/dev.explora.cl\/biobio\/par-explora-biobio-capacito-a-74-profesores-de-las-regiones-del-biobio-y-del-nuble\/\",\"name\":\"PAR Explora Biob\u00edo capacit\u00f3 a 74 profesores de las regiones del Biob\u00edo y del \u00d1uble - Biob\u00edo\",\"isPartOf\":{\"@id\":\"https:\/\/dev.explora.cl\/biobio\/#website\"},\"primaryImageOfPage\":{\"@id\":\"https:\/\/dev.explora.cl\/biobio\/par-explora-biobio-capacito-a-74-profesores-de-las-regiones-del-biobio-y-del-nuble\/#primaryimage\"},\"image\":{\"@id\":\"https:\/\/dev.explora.cl\/biobio\/par-explora-biobio-capacito-a-74-profesores-de-las-regiones-del-biobio-y-del-nuble\/#primaryimage\"},\"thumbnailUrl\":\"https:\/\/dev.explora.cl\/biobio\/wp-content\/uploads\/sites\/14\/2019\/03\/WhatsApp-Image-2019-03-14-at-16.25.18.jpeg\",\"datePublished\":\"2019-03-14T19:57:11+00:00\",\"dateModified\":\"2019-05-20T18:46:30+00:00\",\"author\":{\"@id\":\"https:\/\/dev.explora.cl\/biobio\/#\/schema\/person\/cb8349c13ea2d324080adf8480d7ba5d\"},\"breadcrumb\":{\"@id\":\"https:\/\/dev.explora.cl\/biobio\/par-explora-biobio-capacito-a-74-profesores-de-las-regiones-del-biobio-y-del-nuble\/#breadcrumb\"},\"inLanguage\":\"es-CL\",\"potentialAction\":[{\"@type\":\"ReadAction\",\"target\":[\"https:\/\/dev.explora.cl\/biobio\/par-explora-biobio-capacito-a-74-profesores-de-las-regiones-del-biobio-y-del-nuble\/\"]}]},{\"@type\":\"ImageObject\",\"inLanguage\":\"es-CL\",\"@id\":\"https:\/\/dev.explora.cl\/biobio\/par-explora-biobio-capacito-a-74-profesores-de-las-regiones-del-biobio-y-del-nuble\/#primaryimage\",\"url\":\"https:\/\/dev.explora.cl\/biobio\/wp-content\/uploads\/sites\/14\/2019\/03\/WhatsApp-Image-2019-03-14-at-16.25.18.jpeg\",\"contentUrl\":\"https:\/\/dev.explora.cl\/biobio\/wp-content\/uploads\/sites\/14\/2019\/03\/WhatsApp-Image-2019-03-14-at-16.25.18.jpeg\",\"width\":1280,\"height\":960},{\"@type\":\"BreadcrumbList\",\"@id\":\"https:\/\/dev.explora.cl\/biobio\/par-explora-biobio-capacito-a-74-profesores-de-las-regiones-del-biobio-y-del-nuble\/#breadcrumb\",\"itemListElement\":[{\"@type\":\"ListItem\",\"position\":1,\"name\":\"Portada\",\"item\":\"https:\/\/dev.explora.cl\/biobio\/\"},{\"@type\":\"ListItem\",\"position\":2,\"name\":\"PAR Explora Biob\u00edo capacit\u00f3 a 74 profesores de las regiones del Biob\u00edo y del \u00d1uble\"}]},{\"@type\":\"WebSite\",\"@id\":\"https:\/\/dev.explora.cl\/biobio\/#website\",\"url\":\"https:\/\/dev.explora.cl\/biobio\/\",\"name\":\"Biob\u00edo\",\"description\":\"Otro sitio m\u00e1s de dev.explora.cl\",\"potentialAction\":[{\"@type\":\"SearchAction\",\"target\":{\"@type\":\"EntryPoint\",\"urlTemplate\":\"https:\/\/dev.explora.cl\/biobio\/?s={search_term_string}\"},\"query-input\":{\"@type\":\"PropertyValueSpecification\",\"valueRequired\":true,\"valueName\":\"search_term_string\"}}],\"inLanguage\":\"es-CL\"},{\"@type\":\"Person\",\"@id\":\"https:\/\/dev.explora.cl\/biobio\/#\/schema\/person\/cb8349c13ea2d324080adf8480d7ba5d\",\"name\":\"webman\",\"image\":{\"@type\":\"ImageObject\",\"inLanguage\":\"es-CL\",\"@id\":\"https:\/\/dev.explora.cl\/biobio\/#\/schema\/person\/image\/\",\"url\":\"https:\/\/secure.gravatar.com\/avatar\/eeff3c82f2c02f7177d13663b7e6f890e9a6a0647ce9bb29cae02dcb094c7312?s=96&d=mm&r=g\",\"contentUrl\":\"https:\/\/secure.gravatar.com\/avatar\/eeff3c82f2c02f7177d13663b7e6f890e9a6a0647ce9bb29cae02dcb094c7312?s=96&d=mm&r=g\",\"caption\":\"webman\"},\"url\":\"https:\/\/dev.explora.cl\/biobio\/author\/webman\/\"}]}<\/script>\n<!-- \/ Yoast SEO plugin. -->","yoast_head_json":{"title":"PAR Explora Biob\u00edo capacit\u00f3 a 74 profesores de las regiones del Biob\u00edo y del \u00d1uble - Biob\u00edo","robots":{"index":"index","follow":"follow","max-snippet":"max-snippet:-1","max-image-preview":"max-image-preview:large","max-video-preview":"max-video-preview:-1"},"canonical":"https:\/\/dev.explora.cl\/biobio\/par-explora-biobio-capacito-a-74-profesores-de-las-regiones-del-biobio-y-del-nuble\/","og_locale":"es_ES","og_type":"article","og_title":"PAR Explora Biob\u00edo capacit\u00f3 a 74 profesores de las regiones del Biob\u00edo y del \u00d1uble - Biob\u00edo","og_description":"El Proyecto Asociativo Regional, PAR, Explora CONICYT Biob\u00edo ejecutado por el Centro Interactivo de Ciencias, Artes y Tecnolog\u00edas, CICAT, de la Universidad de Concepci\u00f3n,\u00a0 en una entretenida modalidad de trabajo realiz\u00f3 \u201cMi comuna vive la ciencia\u201d, taller\u00a0 que tiene por objetivo fomentar la investigaci\u00f3n cient\u00edfica escolar. El Encargado de Valoraci\u00f3n del PAR, y relator de [&hellip;]","og_url":"https:\/\/dev.explora.cl\/biobio\/par-explora-biobio-capacito-a-74-profesores-de-las-regiones-del-biobio-y-del-nuble\/","og_site_name":"Biob\u00edo","article_published_time":"2019-03-14T19:57:11+00:00","article_modified_time":"2019-05-20T18:46:30+00:00","og_image":[{"width":1280,"height":960,"url":"https:\/\/dev.explora.cl\/biobio\/wp-content\/uploads\/sites\/14\/2019\/03\/WhatsApp-Image-2019-03-14-at-16.25.18.jpeg","type":"image\/jpeg"}],"author":"webman","twitter_card":"summary_large_image","twitter_misc":{"Escrito por":"webman","Tiempo estimado de lectura":"3 minutos"},"schema":{"@context":"https:\/\/schema.org","@graph":[{"@type":"Article","@id":"https:\/\/dev.explora.cl\/biobio\/par-explora-biobio-capacito-a-74-profesores-de-las-regiones-del-biobio-y-del-nuble\/#article","isPartOf":{"@id":"https:\/\/dev.explora.cl\/biobio\/par-explora-biobio-capacito-a-74-profesores-de-las-regiones-del-biobio-y-del-nuble\/"},"author":{"name":"webman","@id":"https:\/\/dev.explora.cl\/biobio\/#\/schema\/person\/cb8349c13ea2d324080adf8480d7ba5d"},"headline":"PAR Explora Biob\u00edo capacit\u00f3 a 74 profesores de las regiones del Biob\u00edo y del \u00d1uble","datePublished":"2019-03-14T19:57:11+00:00","dateModified":"2019-05-20T18:46:30+00:00","mainEntityOfPage":{"@id":"https:\/\/dev.explora.cl\/biobio\/par-explora-biobio-capacito-a-74-profesores-de-las-regiones-del-biobio-y-del-nuble\/"},"wordCount":533,"image":{"@id":"https:\/\/dev.explora.cl\/biobio\/par-explora-biobio-capacito-a-74-profesores-de-las-regiones-del-biobio-y-del-nuble\/#primaryimage"},"thumbnailUrl":"https:\/\/dev.explora.cl\/biobio\/wp-content\/uploads\/sites\/14\/2019\/03\/WhatsApp-Image-2019-03-14-at-16.25.18.jpeg","articleSection":["Noticias"],"inLanguage":"es-CL"},{"@type":"WebPage","@id":"https:\/\/dev.explora.cl\/biobio\/par-explora-biobio-capacito-a-74-profesores-de-las-regiones-del-biobio-y-del-nuble\/","url":"https:\/\/dev.explora.cl\/biobio\/par-explora-biobio-capacito-a-74-profesores-de-las-regiones-del-biobio-y-del-nuble\/","name":"PAR Explora Biob\u00edo capacit\u00f3 a 74 profesores de las regiones del Biob\u00edo y del \u00d1uble - Biob\u00edo","isPartOf":{"@id":"https:\/\/dev.explora.cl\/biobio\/#website"},"primaryImageOfPage":{"@id":"https:\/\/dev.explora.cl\/biobio\/par-explora-biobio-capacito-a-74-profesores-de-las-regiones-del-biobio-y-del-nuble\/#primaryimage"},"image":{"@id":"https:\/\/dev.explora.cl\/biobio\/par-explora-biobio-capacito-a-74-profesores-de-las-regiones-del-biobio-y-del-nuble\/#primaryimage"},"thumbnailUrl":"https:\/\/dev.explora.cl\/biobio\/wp-content\/uploads\/sites\/14\/2019\/03\/WhatsApp-Image-2019-03-14-at-16.25.18.jpeg","datePublished":"2019-03-14T19:57:11+00:00","dateModified":"2019-05-20T18:46:30+00:00","author":{"@id":"https:\/\/dev.explora.cl\/biobio\/#\/schema\/person\/cb8349c13ea2d324080adf8480d7ba5d"},"breadcrumb":{"@id":"https:\/\/dev.explora.cl\/biobio\/par-explora-biobio-capacito-a-74-profesores-de-las-regiones-del-biobio-y-del-nuble\/#breadcrumb"},"inLanguage":"es-CL","potentialAction":[{"@type":"ReadAction","target":["https:\/\/dev.explora.cl\/biobio\/par-explora-biobio-capacito-a-74-profesores-de-las-regiones-del-biobio-y-del-nuble\/"]}]},{"@type":"ImageObject","inLanguage":"es-CL","@id":"https:\/\/dev.explora.cl\/biobio\/par-explora-biobio-capacito-a-74-profesores-de-las-regiones-del-biobio-y-del-nuble\/#primaryimage","url":"https:\/\/dev.explora.cl\/biobio\/wp-content\/uploads\/sites\/14\/2019\/03\/WhatsApp-Image-2019-03-14-at-16.25.18.jpeg","contentUrl":"https:\/\/dev.explora.cl\/biobio\/wp-content\/uploads\/sites\/14\/2019\/03\/WhatsApp-Image-2019-03-14-at-16.25.18.jpeg","width":1280,"height":960},{"@type":"BreadcrumbList","@id":"https:\/\/dev.explora.cl\/biobio\/par-explora-biobio-capacito-a-74-profesores-de-las-regiones-del-biobio-y-del-nuble\/#breadcrumb","itemListElement":[{"@type":"ListItem","position":1,"name":"Portada","item":"https:\/\/dev.explora.cl\/biobio\/"},{"@type":"ListItem","position":2,"name":"PAR Explora Biob\u00edo capacit\u00f3 a 74 profesores de las regiones del Biob\u00edo y del \u00d1uble"}]},{"@type":"WebSite","@id":"https:\/\/dev.explora.cl\/biobio\/#website","url":"https:\/\/dev.explora.cl\/biobio\/","name":"Biob\u00edo","description":"Otro sitio m\u00e1s de dev.explora.cl","potentialAction":[{"@type":"SearchAction","target":{"@type":"EntryPoint","urlTemplate":"https:\/\/dev.explora.cl\/biobio\/?s={search_term_string}"},"query-input":{"@type":"PropertyValueSpecification","valueRequired":true,"valueName":"search_term_string"}}],"inLanguage":"es-CL"},{"@type":"Person","@id":"https:\/\/dev.explora.cl\/biobio\/#\/schema\/person\/cb8349c13ea2d324080adf8480d7ba5d","name":"webman","image":{"@type":"ImageObject","inLanguage":"es-CL","@id":"https:\/\/dev.explora.cl\/biobio\/#\/schema\/person\/image\/","url":"https:\/\/secure.gravatar.com\/avatar\/eeff3c82f2c02f7177d13663b7e6f890e9a6a0647ce9bb29cae02dcb094c7312?s=96&d=mm&r=g","contentUrl":"https:\/\/secure.gravatar.com\/avatar\/eeff3c82f2c02f7177d13663b7e6f890e9a6a0647ce9bb29cae02dcb094c7312?s=96&d=mm&r=g","caption":"webman"},"url":"https:\/\/dev.explora.cl\/biobio\/author\/webman\/"}]}},"_links":{"self":[{"href":"https:\/\/dev.explora.cl\/biobio\/wp-json\/wp\/v2\/posts\/37446","targetHints":{"allow":["GET"]}}],"collection":[{"href":"https:\/\/dev.explora.cl\/biobio\/wp-json\/wp\/v2\/posts"}],"about":[{"href":"https:\/\/dev.explora.cl\/biobio\/wp-json\/wp\/v2\/types\/post"}],"author":[{"embeddable":true,"href":"https:\/\/dev.explora.cl\/biobio\/wp-json\/wp\/v2\/users\/2"}],"replies":[{"embeddable":true,"href":"https:\/\/dev.explora.cl\/biobio\/wp-json\/wp\/v2\/comments?post=37446"}],"version-history":[{"count":1,"href":"https:\/\/dev.explora.cl\/biobio\/wp-json\/wp\/v2\/posts\/37446\/revisions"}],"predecessor-version":[{"id":38122,"href":"https:\/\/dev.explora.cl\/biobio\/wp-json\/wp\/v2\/posts\/37446\/revisions\/38122"}],"wp:featuredmedia":[{"embeddable":true,"href":"https:\/\/dev.explora.cl\/biobio\/wp-json\/wp\/v2\/media\/37447"}],"wp:attachment":[{"href":"https:\/\/dev.explora.cl\/biobio\/wp-json\/wp\/v2\/media?parent=37446"}],"wp:term":[{"taxonomy":"category","embeddable":true,"href":"https:\/\/dev.explora.cl\/biobio\/wp-json\/wp\/v2\/categories?post=37446"},{"taxonomy":"post_tag","embeddable":true,"href":"https:\/\/dev.explora.cl\/biobio\/wp-json\/wp\/v2\/tags?post=37446"}],"curies":[{"name":"wp","href":"https:\/\/api.w.org\/{rel}","templated":true}]}}