{"id":127,"date":"2014-07-17T00:00:00","date_gmt":"2014-07-17T04:00:00","guid":{"rendered":"https:\/\/dev.explora.cl\/biobio\/blog\/2014\/07\/17\/el-cicat-invita-a-su-panorama-de-vacaciones-de-invierno\/"},"modified":"2019-05-20T18:41:36","modified_gmt":"2019-05-20T18:41:36","slug":"el-cicat-invita-a-su-panorama-de-vacaciones-de-invierno","status":"publish","type":"post","link":"https:\/\/dev.explora.cl\/biobio\/el-cicat-invita-a-su-panorama-de-vacaciones-de-invierno\/","title":{"rendered":"El CiCAT invita a su panorama de vacaciones de invierno"},"content":{"rendered":"<p><img loading=\"lazy\" decoding=\"async\" class=\" size-full wp-image-4046\" src=\"http:\/\/ec2-34-218-253-251.us-west-2.compute.amazonaws.com\/wp-content\/uploads\/2014\/07\/e0e9d9a6b53de39887ae82d8b220cefb.jpg\" alt=\"\" width=\"4272\" height=\"2848\" \/><\/p>\n<p style=\"text-align: justify\" align=\"center\"><span style=\"line-height: 1.3em\">El Centro Interactivo de Ciencias, Artes y Tecnolog\u00edas, CiCAT, invita a disfrutar de un panorama diferente y a vivir con ellos las vacaciones de invierno. Muestras interactivas, talleres, cine y muchas sorpresas esperan por ti.<\/span><\/p>\n<p style=\"text-align: justify\" align=\"center\"><strong style=\"line-height: 1.3em\">\u201cEl f\u00fatbol tiene su Ciencia\u201d<\/strong><span style=\"line-height: 1.3em\"> es la cartelera inaugurada hace poco m\u00e1s de un mes y que, a trav\u00e9s de una manera did\u00e1ctica y l\u00fadica, ense\u00f1a el deporte de multitudes desde distintas perspectivas como son la hist\u00f3rica regional, matem\u00e1tica y de salud.<\/span><\/p>\n<p style=\"text-align: justify\" align=\"center\"><span style=\"line-height: 1.3em\">Desarrollada con el apoyo de Cl\u00ednica Universitaria e Isapre Masvida, ac\u00e1 se puede encontrar el \u201cTaca-Taca humano\u201d, el \u201cMedidor de disparo\u201d, que detecta la fuerza de disparo de una pelota o \u201cProbabilidad de gol\u201d, donde un arco de tama\u00f1o real con sensores permitir\u00e1 conocer las probabilidades estad\u00edsticas de un gol.<\/span><\/p>\n<p style=\"text-align: justify\" align=\"center\"><strong style=\"line-height: 1.3em\">\u201cLa Ciencia nos cambia la vida\u201d<\/strong><span style=\"line-height: 1.3em\"> es la otra muestra interactiva presente en el CiCAT, compuesta por una tabla peri\u00f3dica volum\u00e9trica, un simulador de sismos, un cine 3d y cocina molecular. En un recorrido de sensaciones y experiencias, se espera que los asistentes tomen conciencia de c\u00f3mo, muchas de las cosas que hacen parte de nuestro d\u00eda a d\u00eda son posibles gracias a la investigaci\u00f3n cient\u00edfica y a las aplicaciones tecnol\u00f3gicas.\u00a0<\/span><span style=\"line-height: 1.3em\">Cabe destacar, que esta muestra es impulsada por EXPLORA Biob\u00edo con la finalidad de difundir y concientizar de manera masiva los beneficios que la ciencia y la tecnolog\u00eda proveen a nuestro diario vivir.<\/span><\/p>\n<p style=\"text-align: justify\" align=\"center\"><span style=\"line-height: 1.3em\"><img loading=\"lazy\" decoding=\"async\" class=\" alignleft size-full wp-image-4047\" src=\"http:\/\/ec2-34-218-253-251.us-west-2.compute.amazonaws.com\/wp-content\/uploads\/2014\/07\/14-Mobile.JPG\" border=\"0\" width=\"370\" height=\"246\" style=\"float: left;margin: 10px\" \/><\/span><\/p>\n<p style=\"text-align: justify\" align=\"center\"><span style=\"line-height: 1.3em\">Pero eso no es todo, adem\u00e1s tienen el llamado <\/span><strong style=\"line-height: 1.3em\">\u201cAstroinvierno\u201d<\/strong><span style=\"line-height: 1.3em\"> el que ser\u00e1 desarrollado en conjunto con el Departamento de Astronom\u00eda de la Universidad de Concepci\u00f3n, que partir del 15 julio se inicia con el \u201cAstroArte\u201d.<\/span><\/p>\n<p style=\"text-align: justify\" align=\"center\"><span style=\"line-height: 1.3em\">Desde el 22 al 27 de julio, estudiantes de la carrera de astronom\u00eda impartir\u00e1n talleres a l@s ni\u00f1@s como; Sistema Solar,\u00a0 La Vida de las Estrellas, Viaje al Centro de la Tierra, Agujeros Negros, Cometas en el Cielo y La Vida de las Estrellas. Y paralelamente, podr\u00e1n disfrutar del estreno del nuevo Planetario, donde descubrir\u00e1n el universo junto a las monitoras de \u201cChile tu Cielo a tu Lado\u201d y asistir\u00a0 a un ciclo de Cine Astro- Infantil.<\/span><\/p>\n<p style=\"text-align: justify\" align=\"center\"><span style=\"line-height: 1.3em\">La direcci\u00f3n es Avenida Cordillera 3624 Parque Industrial, Coronel (primer paradero sector Lagunillas). Los horarios de atenci\u00f3n son de Martes a Viernes desde las 11 y hasta las 18:00 horas, y los s\u00e1bados y domingos de 13 a 19 hrs. M\u00e1s detalles en <a href=\"http:\/\/www.cicat.cl\/\" target=\"_blank\" rel=\"noopener noreferrer\">www.cicat.cl<\/a>\u00a0<\/span><\/p>\n","protected":false},"excerpt":{"rendered":"<p>El Centro Interactivo de Ciencias, Artes y Tecnolog\u00edas, CiCAT, invita a disfrutar de un panorama diferente y a vivir con ellos las vacaciones de invierno. Muestras interactivas, talleres, cine y muchas sorpresas esperan por ti. \u201cEl f\u00fatbol tiene su Ciencia\u201d es la cartelera inaugurada hace poco m\u00e1s de un mes y que, a trav\u00e9s de [&hellip;]<\/p>\n","protected":false},"author":2,"featured_media":128,"comment_status":"open","ping_status":"open","sticky":false,"template":"","format":"standard","meta":{"_acf_changed":false,"_exactmetrics_skip_tracking":false,"_exactmetrics_sitenote_active":false,"_exactmetrics_sitenote_note":"","_exactmetrics_sitenote_category":0,"footnotes":"","_links_to":"","_links_to_target":""},"categories":[4],"tags":[],"class_list":["post-127","post","type-post","status-publish","format-standard","has-post-thumbnail","hentry","category-noticias"],"acf":[],"yoast_head":"<!-- This site is optimized with the Yoast SEO plugin v26.7 - https:\/\/yoast.com\/wordpress\/plugins\/seo\/ -->\n<title>El CiCAT invita a su panorama de vacaciones de invierno - Biob\u00edo<\/title>\n<meta name=\"robots\" content=\"index, follow, max-snippet:-1, max-image-preview:large, max-video-preview:-1\" \/>\n<link rel=\"canonical\" href=\"https:\/\/dev.explora.cl\/biobio\/el-cicat-invita-a-su-panorama-de-vacaciones-de-invierno\/\" class=\"yoast-seo-meta-tag\" \/>\n<meta property=\"og:locale\" content=\"es_ES\" class=\"yoast-seo-meta-tag\" \/>\n<meta property=\"og:type\" content=\"article\" class=\"yoast-seo-meta-tag\" \/>\n<meta property=\"og:title\" content=\"El CiCAT invita a su panorama de vacaciones de invierno - Biob\u00edo\" class=\"yoast-seo-meta-tag\" \/>\n<meta property=\"og:description\" content=\"El Centro Interactivo de Ciencias, Artes y Tecnolog\u00edas, CiCAT, invita a disfrutar de un panorama diferente y a vivir con ellos las vacaciones de invierno. Muestras interactivas, talleres, cine y muchas sorpresas esperan por ti. \u201cEl f\u00fatbol tiene su Ciencia\u201d es la cartelera inaugurada hace poco m\u00e1s de un mes y que, a trav\u00e9s de [&hellip;]\" class=\"yoast-seo-meta-tag\" \/>\n<meta property=\"og:url\" content=\"https:\/\/dev.explora.cl\/biobio\/el-cicat-invita-a-su-panorama-de-vacaciones-de-invierno\/\" class=\"yoast-seo-meta-tag\" \/>\n<meta property=\"og:site_name\" content=\"Biob\u00edo\" class=\"yoast-seo-meta-tag\" \/>\n<meta property=\"article:published_time\" content=\"2014-07-17T04:00:00+00:00\" class=\"yoast-seo-meta-tag\" \/>\n<meta property=\"article:modified_time\" content=\"2019-05-20T18:41:36+00:00\" class=\"yoast-seo-meta-tag\" \/>\n<meta property=\"og:image\" content=\"https:\/\/dev.explora.cl\/biobio\/wp-content\/uploads\/sites\/14\/2018\/06\/e0e9d9a6b53de39887ae82d8b220cefb-1024x683.jpg\" class=\"yoast-seo-meta-tag\" \/>\n\t<meta property=\"og:image:width\" content=\"1024\" class=\"yoast-seo-meta-tag\" \/>\n\t<meta property=\"og:image:height\" content=\"683\" class=\"yoast-seo-meta-tag\" \/>\n\t<meta property=\"og:image:type\" content=\"image\/jpeg\" class=\"yoast-seo-meta-tag\" \/>\n<meta name=\"author\" content=\"webman\" class=\"yoast-seo-meta-tag\" \/>\n<meta name=\"twitter:card\" content=\"summary_large_image\" class=\"yoast-seo-meta-tag\" \/>\n<meta name=\"twitter:label1\" content=\"Escrito por\" class=\"yoast-seo-meta-tag\" \/>\n\t<meta name=\"twitter:data1\" content=\"webman\" class=\"yoast-seo-meta-tag\" \/>\n\t<meta name=\"twitter:label2\" content=\"Tiempo estimado de lectura\" class=\"yoast-seo-meta-tag\" \/>\n\t<meta name=\"twitter:data2\" content=\"2 minutos\" class=\"yoast-seo-meta-tag\" \/>\n<script type=\"application\/ld+json\" class=\"yoast-schema-graph\">{\"@context\":\"https:\/\/schema.org\",\"@graph\":[{\"@type\":\"Article\",\"@id\":\"https:\/\/dev.explora.cl\/biobio\/el-cicat-invita-a-su-panorama-de-vacaciones-de-invierno\/#article\",\"isPartOf\":{\"@id\":\"https:\/\/dev.explora.cl\/biobio\/el-cicat-invita-a-su-panorama-de-vacaciones-de-invierno\/\"},\"author\":{\"name\":\"webman\",\"@id\":\"https:\/\/dev.explora.cl\/biobio\/#\/schema\/person\/cb8349c13ea2d324080adf8480d7ba5d\"},\"headline\":\"El CiCAT invita a su panorama de vacaciones de invierno\",\"datePublished\":\"2014-07-17T04:00:00+00:00\",\"dateModified\":\"2019-05-20T18:41:36+00:00\",\"mainEntityOfPage\":{\"@id\":\"https:\/\/dev.explora.cl\/biobio\/el-cicat-invita-a-su-panorama-de-vacaciones-de-invierno\/\"},\"wordCount\":427,\"commentCount\":0,\"image\":{\"@id\":\"https:\/\/dev.explora.cl\/biobio\/el-cicat-invita-a-su-panorama-de-vacaciones-de-invierno\/#primaryimage\"},\"thumbnailUrl\":\"https:\/\/dev.explora.cl\/biobio\/wp-content\/uploads\/sites\/14\/2018\/06\/e0e9d9a6b53de39887ae82d8b220cefb.jpg\",\"articleSection\":[\"Noticias\"],\"inLanguage\":\"es-CL\",\"potentialAction\":[{\"@type\":\"CommentAction\",\"name\":\"Comment\",\"target\":[\"https:\/\/dev.explora.cl\/biobio\/el-cicat-invita-a-su-panorama-de-vacaciones-de-invierno\/#respond\"]}]},{\"@type\":\"WebPage\",\"@id\":\"https:\/\/dev.explora.cl\/biobio\/el-cicat-invita-a-su-panorama-de-vacaciones-de-invierno\/\",\"url\":\"https:\/\/dev.explora.cl\/biobio\/el-cicat-invita-a-su-panorama-de-vacaciones-de-invierno\/\",\"name\":\"El CiCAT invita a su panorama de vacaciones de invierno - Biob\u00edo\",\"isPartOf\":{\"@id\":\"https:\/\/dev.explora.cl\/biobio\/#website\"},\"primaryImageOfPage\":{\"@id\":\"https:\/\/dev.explora.cl\/biobio\/el-cicat-invita-a-su-panorama-de-vacaciones-de-invierno\/#primaryimage\"},\"image\":{\"@id\":\"https:\/\/dev.explora.cl\/biobio\/el-cicat-invita-a-su-panorama-de-vacaciones-de-invierno\/#primaryimage\"},\"thumbnailUrl\":\"https:\/\/dev.explora.cl\/biobio\/wp-content\/uploads\/sites\/14\/2018\/06\/e0e9d9a6b53de39887ae82d8b220cefb.jpg\",\"datePublished\":\"2014-07-17T04:00:00+00:00\",\"dateModified\":\"2019-05-20T18:41:36+00:00\",\"author\":{\"@id\":\"https:\/\/dev.explora.cl\/biobio\/#\/schema\/person\/cb8349c13ea2d324080adf8480d7ba5d\"},\"breadcrumb\":{\"@id\":\"https:\/\/dev.explora.cl\/biobio\/el-cicat-invita-a-su-panorama-de-vacaciones-de-invierno\/#breadcrumb\"},\"inLanguage\":\"es-CL\",\"potentialAction\":[{\"@type\":\"ReadAction\",\"target\":[\"https:\/\/dev.explora.cl\/biobio\/el-cicat-invita-a-su-panorama-de-vacaciones-de-invierno\/\"]}]},{\"@type\":\"ImageObject\",\"inLanguage\":\"es-CL\",\"@id\":\"https:\/\/dev.explora.cl\/biobio\/el-cicat-invita-a-su-panorama-de-vacaciones-de-invierno\/#primaryimage\",\"url\":\"https:\/\/dev.explora.cl\/biobio\/wp-content\/uploads\/sites\/14\/2018\/06\/e0e9d9a6b53de39887ae82d8b220cefb.jpg\",\"contentUrl\":\"https:\/\/dev.explora.cl\/biobio\/wp-content\/uploads\/sites\/14\/2018\/06\/e0e9d9a6b53de39887ae82d8b220cefb.jpg\",\"width\":4272,\"height\":2848},{\"@type\":\"BreadcrumbList\",\"@id\":\"https:\/\/dev.explora.cl\/biobio\/el-cicat-invita-a-su-panorama-de-vacaciones-de-invierno\/#breadcrumb\",\"itemListElement\":[{\"@type\":\"ListItem\",\"position\":1,\"name\":\"Portada\",\"item\":\"https:\/\/dev.explora.cl\/biobio\/\"},{\"@type\":\"ListItem\",\"position\":2,\"name\":\"El CiCAT invita a su panorama de vacaciones de invierno\"}]},{\"@type\":\"WebSite\",\"@id\":\"https:\/\/dev.explora.cl\/biobio\/#website\",\"url\":\"https:\/\/dev.explora.cl\/biobio\/\",\"name\":\"Biob\u00edo\",\"description\":\"Otro sitio m\u00e1s de dev.explora.cl\",\"potentialAction\":[{\"@type\":\"SearchAction\",\"target\":{\"@type\":\"EntryPoint\",\"urlTemplate\":\"https:\/\/dev.explora.cl\/biobio\/?s={search_term_string}\"},\"query-input\":{\"@type\":\"PropertyValueSpecification\",\"valueRequired\":true,\"valueName\":\"search_term_string\"}}],\"inLanguage\":\"es-CL\"},{\"@type\":\"Person\",\"@id\":\"https:\/\/dev.explora.cl\/biobio\/#\/schema\/person\/cb8349c13ea2d324080adf8480d7ba5d\",\"name\":\"webman\",\"image\":{\"@type\":\"ImageObject\",\"inLanguage\":\"es-CL\",\"@id\":\"https:\/\/dev.explora.cl\/biobio\/#\/schema\/person\/image\/\",\"url\":\"https:\/\/secure.gravatar.com\/avatar\/eeff3c82f2c02f7177d13663b7e6f890e9a6a0647ce9bb29cae02dcb094c7312?s=96&d=mm&r=g\",\"contentUrl\":\"https:\/\/secure.gravatar.com\/avatar\/eeff3c82f2c02f7177d13663b7e6f890e9a6a0647ce9bb29cae02dcb094c7312?s=96&d=mm&r=g\",\"caption\":\"webman\"},\"url\":\"https:\/\/dev.explora.cl\/biobio\/author\/webman\/\"}]}<\/script>\n<!-- \/ Yoast SEO plugin. -->","yoast_head_json":{"title":"El CiCAT invita a su panorama de vacaciones de invierno - Biob\u00edo","robots":{"index":"index","follow":"follow","max-snippet":"max-snippet:-1","max-image-preview":"max-image-preview:large","max-video-preview":"max-video-preview:-1"},"canonical":"https:\/\/dev.explora.cl\/biobio\/el-cicat-invita-a-su-panorama-de-vacaciones-de-invierno\/","og_locale":"es_ES","og_type":"article","og_title":"El CiCAT invita a su panorama de vacaciones de invierno - Biob\u00edo","og_description":"El Centro Interactivo de Ciencias, Artes y Tecnolog\u00edas, CiCAT, invita a disfrutar de un panorama diferente y a vivir con ellos las vacaciones de invierno. Muestras interactivas, talleres, cine y muchas sorpresas esperan por ti. \u201cEl f\u00fatbol tiene su Ciencia\u201d es la cartelera inaugurada hace poco m\u00e1s de un mes y que, a trav\u00e9s de [&hellip;]","og_url":"https:\/\/dev.explora.cl\/biobio\/el-cicat-invita-a-su-panorama-de-vacaciones-de-invierno\/","og_site_name":"Biob\u00edo","article_published_time":"2014-07-17T04:00:00+00:00","article_modified_time":"2019-05-20T18:41:36+00:00","og_image":[{"width":1024,"height":683,"url":"https:\/\/dev.explora.cl\/biobio\/wp-content\/uploads\/sites\/14\/2018\/06\/e0e9d9a6b53de39887ae82d8b220cefb-1024x683.jpg","type":"image\/jpeg"}],"author":"webman","twitter_card":"summary_large_image","twitter_misc":{"Escrito por":"webman","Tiempo estimado de lectura":"2 minutos"},"schema":{"@context":"https:\/\/schema.org","@graph":[{"@type":"Article","@id":"https:\/\/dev.explora.cl\/biobio\/el-cicat-invita-a-su-panorama-de-vacaciones-de-invierno\/#article","isPartOf":{"@id":"https:\/\/dev.explora.cl\/biobio\/el-cicat-invita-a-su-panorama-de-vacaciones-de-invierno\/"},"author":{"name":"webman","@id":"https:\/\/dev.explora.cl\/biobio\/#\/schema\/person\/cb8349c13ea2d324080adf8480d7ba5d"},"headline":"El CiCAT invita a su panorama de vacaciones de invierno","datePublished":"2014-07-17T04:00:00+00:00","dateModified":"2019-05-20T18:41:36+00:00","mainEntityOfPage":{"@id":"https:\/\/dev.explora.cl\/biobio\/el-cicat-invita-a-su-panorama-de-vacaciones-de-invierno\/"},"wordCount":427,"commentCount":0,"image":{"@id":"https:\/\/dev.explora.cl\/biobio\/el-cicat-invita-a-su-panorama-de-vacaciones-de-invierno\/#primaryimage"},"thumbnailUrl":"https:\/\/dev.explora.cl\/biobio\/wp-content\/uploads\/sites\/14\/2018\/06\/e0e9d9a6b53de39887ae82d8b220cefb.jpg","articleSection":["Noticias"],"inLanguage":"es-CL","potentialAction":[{"@type":"CommentAction","name":"Comment","target":["https:\/\/dev.explora.cl\/biobio\/el-cicat-invita-a-su-panorama-de-vacaciones-de-invierno\/#respond"]}]},{"@type":"WebPage","@id":"https:\/\/dev.explora.cl\/biobio\/el-cicat-invita-a-su-panorama-de-vacaciones-de-invierno\/","url":"https:\/\/dev.explora.cl\/biobio\/el-cicat-invita-a-su-panorama-de-vacaciones-de-invierno\/","name":"El CiCAT invita a su panorama de vacaciones de invierno - Biob\u00edo","isPartOf":{"@id":"https:\/\/dev.explora.cl\/biobio\/#website"},"primaryImageOfPage":{"@id":"https:\/\/dev.explora.cl\/biobio\/el-cicat-invita-a-su-panorama-de-vacaciones-de-invierno\/#primaryimage"},"image":{"@id":"https:\/\/dev.explora.cl\/biobio\/el-cicat-invita-a-su-panorama-de-vacaciones-de-invierno\/#primaryimage"},"thumbnailUrl":"https:\/\/dev.explora.cl\/biobio\/wp-content\/uploads\/sites\/14\/2018\/06\/e0e9d9a6b53de39887ae82d8b220cefb.jpg","datePublished":"2014-07-17T04:00:00+00:00","dateModified":"2019-05-20T18:41:36+00:00","author":{"@id":"https:\/\/dev.explora.cl\/biobio\/#\/schema\/person\/cb8349c13ea2d324080adf8480d7ba5d"},"breadcrumb":{"@id":"https:\/\/dev.explora.cl\/biobio\/el-cicat-invita-a-su-panorama-de-vacaciones-de-invierno\/#breadcrumb"},"inLanguage":"es-CL","potentialAction":[{"@type":"ReadAction","target":["https:\/\/dev.explora.cl\/biobio\/el-cicat-invita-a-su-panorama-de-vacaciones-de-invierno\/"]}]},{"@type":"ImageObject","inLanguage":"es-CL","@id":"https:\/\/dev.explora.cl\/biobio\/el-cicat-invita-a-su-panorama-de-vacaciones-de-invierno\/#primaryimage","url":"https:\/\/dev.explora.cl\/biobio\/wp-content\/uploads\/sites\/14\/2018\/06\/e0e9d9a6b53de39887ae82d8b220cefb.jpg","contentUrl":"https:\/\/dev.explora.cl\/biobio\/wp-content\/uploads\/sites\/14\/2018\/06\/e0e9d9a6b53de39887ae82d8b220cefb.jpg","width":4272,"height":2848},{"@type":"BreadcrumbList","@id":"https:\/\/dev.explora.cl\/biobio\/el-cicat-invita-a-su-panorama-de-vacaciones-de-invierno\/#breadcrumb","itemListElement":[{"@type":"ListItem","position":1,"name":"Portada","item":"https:\/\/dev.explora.cl\/biobio\/"},{"@type":"ListItem","position":2,"name":"El CiCAT invita a su panorama de vacaciones de invierno"}]},{"@type":"WebSite","@id":"https:\/\/dev.explora.cl\/biobio\/#website","url":"https:\/\/dev.explora.cl\/biobio\/","name":"Biob\u00edo","description":"Otro sitio m\u00e1s de dev.explora.cl","potentialAction":[{"@type":"SearchAction","target":{"@type":"EntryPoint","urlTemplate":"https:\/\/dev.explora.cl\/biobio\/?s={search_term_string}"},"query-input":{"@type":"PropertyValueSpecification","valueRequired":true,"valueName":"search_term_string"}}],"inLanguage":"es-CL"},{"@type":"Person","@id":"https:\/\/dev.explora.cl\/biobio\/#\/schema\/person\/cb8349c13ea2d324080adf8480d7ba5d","name":"webman","image":{"@type":"ImageObject","inLanguage":"es-CL","@id":"https:\/\/dev.explora.cl\/biobio\/#\/schema\/person\/image\/","url":"https:\/\/secure.gravatar.com\/avatar\/eeff3c82f2c02f7177d13663b7e6f890e9a6a0647ce9bb29cae02dcb094c7312?s=96&d=mm&r=g","contentUrl":"https:\/\/secure.gravatar.com\/avatar\/eeff3c82f2c02f7177d13663b7e6f890e9a6a0647ce9bb29cae02dcb094c7312?s=96&d=mm&r=g","caption":"webman"},"url":"https:\/\/dev.explora.cl\/biobio\/author\/webman\/"}]}},"_links":{"self":[{"href":"https:\/\/dev.explora.cl\/biobio\/wp-json\/wp\/v2\/posts\/127","targetHints":{"allow":["GET"]}}],"collection":[{"href":"https:\/\/dev.explora.cl\/biobio\/wp-json\/wp\/v2\/posts"}],"about":[{"href":"https:\/\/dev.explora.cl\/biobio\/wp-json\/wp\/v2\/types\/post"}],"author":[{"embeddable":true,"href":"https:\/\/dev.explora.cl\/biobio\/wp-json\/wp\/v2\/users\/2"}],"replies":[{"embeddable":true,"href":"https:\/\/dev.explora.cl\/biobio\/wp-json\/wp\/v2\/comments?post=127"}],"version-history":[{"count":1,"href":"https:\/\/dev.explora.cl\/biobio\/wp-json\/wp\/v2\/posts\/127\/revisions"}],"predecessor-version":[{"id":38096,"href":"https:\/\/dev.explora.cl\/biobio\/wp-json\/wp\/v2\/posts\/127\/revisions\/38096"}],"wp:featuredmedia":[{"embeddable":true,"href":"https:\/\/dev.explora.cl\/biobio\/wp-json\/wp\/v2\/media\/128"}],"wp:attachment":[{"href":"https:\/\/dev.explora.cl\/biobio\/wp-json\/wp\/v2\/media?parent=127"}],"wp:term":[{"taxonomy":"category","embeddable":true,"href":"https:\/\/dev.explora.cl\/biobio\/wp-json\/wp\/v2\/categories?post=127"},{"taxonomy":"post_tag","embeddable":true,"href":"https:\/\/dev.explora.cl\/biobio\/wp-json\/wp\/v2\/tags?post=127"}],"curies":[{"name":"wp","href":"https:\/\/api.w.org\/{rel}","templated":true}]}}